{"id":204249,"date":"2024-02-20T10:57:56","date_gmt":"2024-02-20T14:57:56","guid":{"rendered":"https:\/\/www.eldiario.net\/portal\/?p=204249"},"modified":"2024-02-20T10:57:56","modified_gmt":"2024-02-20T14:57:56","slug":"aurora-quiere-seguir-haciendo-historia-frente-a-botafogo","status":"publish","type":"post","link":"https:\/\/www.eldiario.net\/portal\/2024\/02\/20\/aurora-quiere-seguir-haciendo-historia-frente-a-botafogo\/","title":{"rendered":"Aurora quiere seguir haciendo historia frente a Botafogo"},"content":{"rendered":"<p>COCHABAMBA.- El Club Aurora recibir\u00e1 ma\u00f1ana desde las 20:30 a Botafogo de Brasil en el estadio F\u00e9lix Capriles, en cotejo de ida por la fase 2 de la Copa Libertadores, donde los celestes quieren \u201cseguir haciendo historia\u201d, consiguiendo una victoria.<\/p>\n<p>En la llave de la fase 1, contra Melgar de Per\u00fa, el elenco conducido por Mauricio Soria, logr\u00f3 pasar hasta la fase de grupos, con partidos que emocionaron a todos los aficionados del pa\u00eds.<\/p>\n<p>Para el cotejo de este mi\u00e9rcoles, el DT Soria deber\u00e1 definir a los reemplazantes de Robles y Blanco, quienes tienen que cumplir una fecha de suspensi\u00f3n porque fueron expulsados en el partido que se disput\u00f3 frente al Melgar en Arequipa (Per\u00fa).<\/p>\n<p>En tanto, la Comisi\u00f3n de Competiciones de la Federaci\u00f3n Boliviana de F\u00fatbol (FBF), si bien suspendi\u00f3 los dos primeros partidos oficiales que deb\u00eda jugar Aurora por el torneo Apertura, neg\u00f3 la solicitud de reprogramar el cl\u00e1sico cochabambino- frente e Wilstermann- que debe disputarse el 25 de febrero.<\/p>\n<p>El 28, Aurora debe visitar a Botafogo en Brasil, por cotejo de vuelta de la Copa Libertadores.<\/p>\n<p>En tanto, Botafogo ya emprendi\u00f3 viaje a nuestro pa\u00eds, para lograr la aclimataci\u00f3n, 48 horas antes del cotejo. Los dirigidos por Tiago Nunes, que atraviesa por bajones en el torneo oficial de su pa\u00eds (recientemente cay\u00f3 frente a Vasco da gama por 2-4); declararon \u201csentirse temerosos por la \u2018altura\u2019 de Cochabamba ( no m\u00e1s de 2.500 mts. sobre el nivel del mar).<\/p>\n<p>El entrenador Nunes tambi\u00e9n se lament\u00f3 acerca del \u201cbaj\u00f3n an\u00edmico\u201d por el que pasan sus dirigidos. (AGENCIAS)<\/p>\n","protected":false},"excerpt":{"rendered":"<p>COCHABAMBA.- El Club Aurora recibir\u00e1 ma\u00f1ana desde las 20:30 a Botafogo de Brasil en el estadio F\u00e9lix Capriles, en cotejo de ida por la fase 2 de la Copa Libertadores, donde los celestes quieren \u201cseguir haciendo historia\u201d, consiguiendo una victoria. En la llave de la fase 1, contra Melgar de Per\u00fa, el elenco conducido por [&hellip;]<\/p>\n","protected":false},"author":1,"featured_media":204250,"comment_status":"open","ping_status":"open","sticky":false,"template":"","format":"standard","meta":{"_acf_changed":false,"footnotes":""},"categories":[6],"tags":[],"class_list":["post-204249","post","type-post","status-publish","format-standard","has-post-thumbnail","category-deportes"],"acf":{"antetitulo":""},"yoast_head":"<!-- This site is optimized with the Yoast SEO plugin v28.4 - https:\/\/yoast.com\/product\/yoast-seo-wordpress\/ -->\n<title>Aurora quiere seguir haciendo historia frente a Botafogo - El Diario - Bolivia<\/title>\n<meta name=\"robots\" content=\"index, follow, max-snippet:-1, max-image-preview:large, max-video-preview:-1\" \/>\n<link rel=\"canonical\" href=\"https:\/\/www.eldiario.net\/portal\/2024\/02\/20\/aurora-quiere-seguir-haciendo-historia-frente-a-botafogo\/\" \/>\n<meta property=\"og:locale\" content=\"es_ES\" \/>\n<meta property=\"og:type\" content=\"article\" \/>\n<meta property=\"og:title\" content=\"Aurora quiere seguir haciendo historia frente a Botafogo - El Diario - Bolivia\" \/>\n<meta property=\"og:description\" content=\"COCHABAMBA.- El Club Aurora recibir\u00e1 ma\u00f1ana desde las 20:30 a Botafogo de Brasil en el estadio F\u00e9lix Capriles, en cotejo de ida por la fase 2 de la Copa Libertadores, donde los celestes quieren \u201cseguir haciendo historia\u201d, consiguiendo una victoria. En la llave de la fase 1, contra Melgar de Per\u00fa, el elenco conducido por [&hellip;]\" \/>\n<meta property=\"og:url\" content=\"https:\/\/www.eldiario.net\/portal\/2024\/02\/20\/aurora-quiere-seguir-haciendo-historia-frente-a-botafogo\/\" \/>\n<meta property=\"og:site_name\" content=\"El Diario - Bolivia\" \/>\n<meta property=\"article:publisher\" content=\"https:\/\/www.facebook.com\/eldiario.bolivia\/\" \/>\n<meta property=\"article:published_time\" content=\"2024-02-20T14:57:56+00:00\" \/>\n<meta property=\"og:image\" content=\"https:\/\/www.eldiario.net\/portal\/wp-content\/uploads\/2024\/02\/Aurora-19.jpg\" \/>\n\t<meta property=\"og:image:width\" content=\"641\" \/>\n\t<meta property=\"og:image:height\" content=\"335\" \/>\n\t<meta property=\"og:image:type\" content=\"image\/jpeg\" \/>\n<meta name=\"author\" content=\"Jeanette\" \/>\n<meta name=\"twitter:card\" content=\"summary_large_image\" \/>\n<meta name=\"twitter:creator\" content=\"@eldiario_net\" \/>\n<meta name=\"twitter:site\" content=\"@eldiario_net\" \/>\n<meta name=\"twitter:label1\" content=\"Escrito por\" \/>\n\t<meta name=\"twitter:data1\" content=\"Jeanette\" \/>\n\t<meta name=\"twitter:label2\" content=\"Tiempo de lectura\" \/>\n\t<meta name=\"twitter:data2\" content=\"2 minutos\" \/>\n<script type=\"application\/ld+json\" class=\"yoast-schema-graph\">{\"@context\":\"https:\\\/\\\/schema.org\",\"@graph\":[{\"@type\":\"Article\",\"@id\":\"https:\\\/\\\/www.eldiario.net\\\/portal\\\/2024\\\/02\\\/20\\\/aurora-quiere-seguir-haciendo-historia-frente-a-botafogo\\\/#article\",\"isPartOf\":{\"@id\":\"https:\\\/\\\/www.eldiario.net\\\/portal\\\/2024\\\/02\\\/20\\\/aurora-quiere-seguir-haciendo-historia-frente-a-botafogo\\\/\"},\"author\":{\"name\":\"Jeanette\",\"@id\":\"https:\\\/\\\/www.eldiario.net\\\/portal\\\/#\\\/schema\\\/person\\\/2c57cf2b7a7ae032e449e4c9b1019eac\"},\"headline\":\"Aurora quiere seguir haciendo historia frente a Botafogo\",\"datePublished\":\"2024-02-20T14:57:56+00:00\",\"mainEntityOfPage\":{\"@id\":\"https:\\\/\\\/www.eldiario.net\\\/portal\\\/2024\\\/02\\\/20\\\/aurora-quiere-seguir-haciendo-historia-frente-a-botafogo\\\/\"},\"wordCount\":276,\"commentCount\":0,\"publisher\":{\"@id\":\"https:\\\/\\\/www.eldiario.net\\\/portal\\\/#organization\"},\"image\":{\"@id\":\"https:\\\/\\\/www.eldiario.net\\\/portal\\\/2024\\\/02\\\/20\\\/aurora-quiere-seguir-haciendo-historia-frente-a-botafogo\\\/#primaryimage\"},\"thumbnailUrl\":\"https:\\\/\\\/www.eldiario.net\\\/portal\\\/wp-content\\\/uploads\\\/2024\\\/02\\\/Aurora-19.jpg\",\"articleSection\":[\"Deportes\"],\"inLanguage\":\"es\",\"potentialAction\":[{\"@type\":\"CommentAction\",\"name\":\"Comment\",\"target\":[\"https:\\\/\\\/www.eldiario.net\\\/portal\\\/2024\\\/02\\\/20\\\/aurora-quiere-seguir-haciendo-historia-frente-a-botafogo\\\/#respond\"]}]},{\"@type\":\"WebPage\",\"@id\":\"https:\\\/\\\/www.eldiario.net\\\/portal\\\/2024\\\/02\\\/20\\\/aurora-quiere-seguir-haciendo-historia-frente-a-botafogo\\\/\",\"url\":\"https:\\\/\\\/www.eldiario.net\\\/portal\\\/2024\\\/02\\\/20\\\/aurora-quiere-seguir-haciendo-historia-frente-a-botafogo\\\/\",\"name\":\"Aurora quiere seguir haciendo historia frente a Botafogo - El Diario - Bolivia\",\"isPartOf\":{\"@id\":\"https:\\\/\\\/www.eldiario.net\\\/portal\\\/#website\"},\"primaryImageOfPage\":{\"@id\":\"https:\\\/\\\/www.eldiario.net\\\/portal\\\/2024\\\/02\\\/20\\\/aurora-quiere-seguir-haciendo-historia-frente-a-botafogo\\\/#primaryimage\"},\"image\":{\"@id\":\"https:\\\/\\\/www.eldiario.net\\\/portal\\\/2024\\\/02\\\/20\\\/aurora-quiere-seguir-haciendo-historia-frente-a-botafogo\\\/#primaryimage\"},\"thumbnailUrl\":\"https:\\\/\\\/www.eldiario.net\\\/portal\\\/wp-content\\\/uploads\\\/2024\\\/02\\\/Aurora-19.jpg\",\"datePublished\":\"2024-02-20T14:57:56+00:00\",\"breadcrumb\":{\"@id\":\"https:\\\/\\\/www.eldiario.net\\\/portal\\\/2024\\\/02\\\/20\\\/aurora-quiere-seguir-haciendo-historia-frente-a-botafogo\\\/#breadcrumb\"},\"inLanguage\":\"es\",\"potentialAction\":[{\"@type\":\"ReadAction\",\"target\":[\"https:\\\/\\\/www.eldiario.net\\\/portal\\\/2024\\\/02\\\/20\\\/aurora-quiere-seguir-haciendo-historia-frente-a-botafogo\\\/\"]}]},{\"@type\":\"ImageObject\",\"inLanguage\":\"es\",\"@id\":\"https:\\\/\\\/www.eldiario.net\\\/portal\\\/2024\\\/02\\\/20\\\/aurora-quiere-seguir-haciendo-historia-frente-a-botafogo\\\/#primaryimage\",\"url\":\"https:\\\/\\\/www.eldiario.net\\\/portal\\\/wp-content\\\/uploads\\\/2024\\\/02\\\/Aurora-19.jpg\",\"contentUrl\":\"https:\\\/\\\/www.eldiario.net\\\/portal\\\/wp-content\\\/uploads\\\/2024\\\/02\\\/Aurora-19.jpg\",\"width\":641,\"height\":335},{\"@type\":\"BreadcrumbList\",\"@id\":\"https:\\\/\\\/www.eldiario.net\\\/portal\\\/2024\\\/02\\\/20\\\/aurora-quiere-seguir-haciendo-historia-frente-a-botafogo\\\/#breadcrumb\",\"itemListElement\":[{\"@type\":\"ListItem\",\"position\":1,\"name\":\"Portada\",\"item\":\"https:\\\/\\\/www.eldiario.net\\\/portal\\\/\"},{\"@type\":\"ListItem\",\"position\":2,\"name\":\"Aurora quiere seguir haciendo historia frente a Botafogo\"}]},{\"@type\":\"WebSite\",\"@id\":\"https:\\\/\\\/www.eldiario.net\\\/portal\\\/#website\",\"url\":\"https:\\\/\\\/www.eldiario.net\\\/portal\\\/\",\"name\":\"El Diario - Decano de la prensa nacional\",\"description\":\"El Diario - Decano de la prensa nacional\",\"publisher\":{\"@id\":\"https:\\\/\\\/www.eldiario.net\\\/portal\\\/#organization\"},\"potentialAction\":[{\"@type\":\"SearchAction\",\"target\":{\"@type\":\"EntryPoint\",\"urlTemplate\":\"https:\\\/\\\/www.eldiario.net\\\/portal\\\/?s={search_term_string}\"},\"query-input\":{\"@type\":\"PropertyValueSpecification\",\"valueRequired\":true,\"valueName\":\"search_term_string\"}}],\"inLanguage\":\"es\"},{\"@type\":\"Organization\",\"@id\":\"https:\\\/\\\/www.eldiario.net\\\/portal\\\/#organization\",\"name\":\"El Diario - Decano de la prensa nacional\",\"url\":\"https:\\\/\\\/www.eldiario.net\\\/portal\\\/\",\"logo\":{\"@type\":\"ImageObject\",\"inLanguage\":\"es\",\"@id\":\"https:\\\/\\\/www.eldiario.net\\\/portal\\\/#\\\/schema\\\/logo\\\/image\\\/\",\"url\":\"https:\\\/\\\/www.eldiario.net\\\/portal\\\/wp-content\\\/uploads\\\/2023\\\/07\\\/logo_ED.jpg\",\"contentUrl\":\"https:\\\/\\\/www.eldiario.net\\\/portal\\\/wp-content\\\/uploads\\\/2023\\\/07\\\/logo_ED.jpg\",\"width\":272,\"height\":52,\"caption\":\"El Diario - Decano de la prensa nacional\"},\"image\":{\"@id\":\"https:\\\/\\\/www.eldiario.net\\\/portal\\\/#\\\/schema\\\/logo\\\/image\\\/\"},\"sameAs\":[\"https:\\\/\\\/www.facebook.com\\\/eldiario.bolivia\\\/\",\"https:\\\/\\\/x.com\\\/eldiario_net\"]},{\"@type\":\"Person\",\"@id\":\"https:\\\/\\\/www.eldiario.net\\\/portal\\\/#\\\/schema\\\/person\\\/2c57cf2b7a7ae032e449e4c9b1019eac\",\"name\":\"Jeanette\",\"image\":{\"@type\":\"ImageObject\",\"inLanguage\":\"es\",\"@id\":\"https:\\\/\\\/secure.gravatar.com\\\/avatar\\\/3ea2118a5f7dad2b7138b1187a6b7ee55f160b9968b66013c3a3ef39dd7e5798?s=96&d=mm&r=g\",\"url\":\"https:\\\/\\\/secure.gravatar.com\\\/avatar\\\/3ea2118a5f7dad2b7138b1187a6b7ee55f160b9968b66013c3a3ef39dd7e5798?s=96&d=mm&r=g\",\"contentUrl\":\"https:\\\/\\\/secure.gravatar.com\\\/avatar\\\/3ea2118a5f7dad2b7138b1187a6b7ee55f160b9968b66013c3a3ef39dd7e5798?s=96&d=mm&r=g\",\"caption\":\"Jeanette\"},\"sameAs\":[\"https:\\\/\\\/www.eldiario.net\\\/portal\"],\"url\":\"https:\\\/\\\/www.eldiario.net\\\/portal\\\/author\\\/jeanette\\\/\"}]}<\/script>\n<!-- \/ Yoast SEO plugin. -->","yoast_head_json":{"title":"Aurora quiere seguir haciendo historia frente a Botafogo - El Diario - Bolivia","robots":{"index":"index","follow":"follow","max-snippet":"max-snippet:-1","max-image-preview":"max-image-preview:large","max-video-preview":"max-video-preview:-1"},"canonical":"https:\/\/www.eldiario.net\/portal\/2024\/02\/20\/aurora-quiere-seguir-haciendo-historia-frente-a-botafogo\/","og_locale":"es_ES","og_type":"article","og_title":"Aurora quiere seguir haciendo historia frente a Botafogo - El Diario - Bolivia","og_description":"COCHABAMBA.- El Club Aurora recibir\u00e1 ma\u00f1ana desde las 20:30 a Botafogo de Brasil en el estadio F\u00e9lix Capriles, en cotejo de ida por la fase 2 de la Copa Libertadores, donde los celestes quieren \u201cseguir haciendo historia\u201d, consiguiendo una victoria. En la llave de la fase 1, contra Melgar de Per\u00fa, el elenco conducido por [&hellip;]","og_url":"https:\/\/www.eldiario.net\/portal\/2024\/02\/20\/aurora-quiere-seguir-haciendo-historia-frente-a-botafogo\/","og_site_name":"El Diario - Bolivia","article_publisher":"https:\/\/www.facebook.com\/eldiario.bolivia\/","article_published_time":"2024-02-20T14:57:56+00:00","og_image":[{"width":641,"height":335,"url":"https:\/\/www.eldiario.net\/portal\/wp-content\/uploads\/2024\/02\/Aurora-19.jpg","type":"image\/jpeg"}],"author":"Jeanette","twitter_card":"summary_large_image","twitter_creator":"@eldiario_net","twitter_site":"@eldiario_net","twitter_misc":{"Escrito por":"Jeanette","Tiempo de lectura":"2 minutos"},"schema":{"@context":"https:\/\/schema.org","@graph":[{"@type":"Article","@id":"https:\/\/www.eldiario.net\/portal\/2024\/02\/20\/aurora-quiere-seguir-haciendo-historia-frente-a-botafogo\/#article","isPartOf":{"@id":"https:\/\/www.eldiario.net\/portal\/2024\/02\/20\/aurora-quiere-seguir-haciendo-historia-frente-a-botafogo\/"},"author":{"name":"Jeanette","@id":"https:\/\/www.eldiario.net\/portal\/#\/schema\/person\/2c57cf2b7a7ae032e449e4c9b1019eac"},"headline":"Aurora quiere seguir haciendo historia frente a Botafogo","datePublished":"2024-02-20T14:57:56+00:00","mainEntityOfPage":{"@id":"https:\/\/www.eldiario.net\/portal\/2024\/02\/20\/aurora-quiere-seguir-haciendo-historia-frente-a-botafogo\/"},"wordCount":276,"commentCount":0,"publisher":{"@id":"https:\/\/www.eldiario.net\/portal\/#organization"},"image":{"@id":"https:\/\/www.eldiario.net\/portal\/2024\/02\/20\/aurora-quiere-seguir-haciendo-historia-frente-a-botafogo\/#primaryimage"},"thumbnailUrl":"https:\/\/www.eldiario.net\/portal\/wp-content\/uploads\/2024\/02\/Aurora-19.jpg","articleSection":["Deportes"],"inLanguage":"es","potentialAction":[{"@type":"CommentAction","name":"Comment","target":["https:\/\/www.eldiario.net\/portal\/2024\/02\/20\/aurora-quiere-seguir-haciendo-historia-frente-a-botafogo\/#respond"]}]},{"@type":"WebPage","@id":"https:\/\/www.eldiario.net\/portal\/2024\/02\/20\/aurora-quiere-seguir-haciendo-historia-frente-a-botafogo\/","url":"https:\/\/www.eldiario.net\/portal\/2024\/02\/20\/aurora-quiere-seguir-haciendo-historia-frente-a-botafogo\/","name":"Aurora quiere seguir haciendo historia frente a Botafogo - El Diario - Bolivia","isPartOf":{"@id":"https:\/\/www.eldiario.net\/portal\/#website"},"primaryImageOfPage":{"@id":"https:\/\/www.eldiario.net\/portal\/2024\/02\/20\/aurora-quiere-seguir-haciendo-historia-frente-a-botafogo\/#primaryimage"},"image":{"@id":"https:\/\/www.eldiario.net\/portal\/2024\/02\/20\/aurora-quiere-seguir-haciendo-historia-frente-a-botafogo\/#primaryimage"},"thumbnailUrl":"https:\/\/www.eldiario.net\/portal\/wp-content\/uploads\/2024\/02\/Aurora-19.jpg","datePublished":"2024-02-20T14:57:56+00:00","breadcrumb":{"@id":"https:\/\/www.eldiario.net\/portal\/2024\/02\/20\/aurora-quiere-seguir-haciendo-historia-frente-a-botafogo\/#breadcrumb"},"inLanguage":"es","potentialAction":[{"@type":"ReadAction","target":["https:\/\/www.eldiario.net\/portal\/2024\/02\/20\/aurora-quiere-seguir-haciendo-historia-frente-a-botafogo\/"]}]},{"@type":"ImageObject","inLanguage":"es","@id":"https:\/\/www.eldiario.net\/portal\/2024\/02\/20\/aurora-quiere-seguir-haciendo-historia-frente-a-botafogo\/#primaryimage","url":"https:\/\/www.eldiario.net\/portal\/wp-content\/uploads\/2024\/02\/Aurora-19.jpg","contentUrl":"https:\/\/www.eldiario.net\/portal\/wp-content\/uploads\/2024\/02\/Aurora-19.jpg","width":641,"height":335},{"@type":"BreadcrumbList","@id":"https:\/\/www.eldiario.net\/portal\/2024\/02\/20\/aurora-quiere-seguir-haciendo-historia-frente-a-botafogo\/#breadcrumb","itemListElement":[{"@type":"ListItem","position":1,"name":"Portada","item":"https:\/\/www.eldiario.net\/portal\/"},{"@type":"ListItem","position":2,"name":"Aurora quiere seguir haciendo historia frente a Botafogo"}]},{"@type":"WebSite","@id":"https:\/\/www.eldiario.net\/portal\/#website","url":"https:\/\/www.eldiario.net\/portal\/","name":"El Diario - Decano de la prensa nacional","description":"El Diario - Decano de la prensa nacional","publisher":{"@id":"https:\/\/www.eldiario.net\/portal\/#organization"},"potentialAction":[{"@type":"SearchAction","target":{"@type":"EntryPoint","urlTemplate":"https:\/\/www.eldiario.net\/portal\/?s={search_term_string}"},"query-input":{"@type":"PropertyValueSpecification","valueRequired":true,"valueName":"search_term_string"}}],"inLanguage":"es"},{"@type":"Organization","@id":"https:\/\/www.eldiario.net\/portal\/#organization","name":"El Diario - Decano de la prensa nacional","url":"https:\/\/www.eldiario.net\/portal\/","logo":{"@type":"ImageObject","inLanguage":"es","@id":"https:\/\/www.eldiario.net\/portal\/#\/schema\/logo\/image\/","url":"https:\/\/www.eldiario.net\/portal\/wp-content\/uploads\/2023\/07\/logo_ED.jpg","contentUrl":"https:\/\/www.eldiario.net\/portal\/wp-content\/uploads\/2023\/07\/logo_ED.jpg","width":272,"height":52,"caption":"El Diario - Decano de la prensa nacional"},"image":{"@id":"https:\/\/www.eldiario.net\/portal\/#\/schema\/logo\/image\/"},"sameAs":["https:\/\/www.facebook.com\/eldiario.bolivia\/","https:\/\/x.com\/eldiario_net"]},{"@type":"Person","@id":"https:\/\/www.eldiario.net\/portal\/#\/schema\/person\/2c57cf2b7a7ae032e449e4c9b1019eac","name":"Jeanette","image":{"@type":"ImageObject","inLanguage":"es","@id":"https:\/\/secure.gravatar.com\/avatar\/3ea2118a5f7dad2b7138b1187a6b7ee55f160b9968b66013c3a3ef39dd7e5798?s=96&d=mm&r=g","url":"https:\/\/secure.gravatar.com\/avatar\/3ea2118a5f7dad2b7138b1187a6b7ee55f160b9968b66013c3a3ef39dd7e5798?s=96&d=mm&r=g","contentUrl":"https:\/\/secure.gravatar.com\/avatar\/3ea2118a5f7dad2b7138b1187a6b7ee55f160b9968b66013c3a3ef39dd7e5798?s=96&d=mm&r=g","caption":"Jeanette"},"sameAs":["https:\/\/www.eldiario.net\/portal"],"url":"https:\/\/www.eldiario.net\/portal\/author\/jeanette\/"}]}},"_links":{"self":[{"href":"https:\/\/www.eldiario.net\/portal\/wp-json\/wp\/v2\/posts\/204249","targetHints":{"allow":["GET"]}}],"collection":[{"href":"https:\/\/www.eldiario.net\/portal\/wp-json\/wp\/v2\/posts"}],"about":[{"href":"https:\/\/www.eldiario.net\/portal\/wp-json\/wp\/v2\/types\/post"}],"author":[{"embeddable":true,"href":"https:\/\/www.eldiario.net\/portal\/wp-json\/wp\/v2\/users\/1"}],"replies":[{"embeddable":true,"href":"https:\/\/www.eldiario.net\/portal\/wp-json\/wp\/v2\/comments?post=204249"}],"version-history":[{"count":1,"href":"https:\/\/www.eldiario.net\/portal\/wp-json\/wp\/v2\/posts\/204249\/revisions"}],"predecessor-version":[{"id":204251,"href":"https:\/\/www.eldiario.net\/portal\/wp-json\/wp\/v2\/posts\/204249\/revisions\/204251"}],"wp:featuredmedia":[{"embeddable":true,"href":"https:\/\/www.eldiario.net\/portal\/wp-json\/wp\/v2\/media\/204250"}],"wp:attachment":[{"href":"https:\/\/www.eldiario.net\/portal\/wp-json\/wp\/v2\/media?parent=204249"}],"wp:term":[{"taxonomy":"category","embeddable":true,"href":"https:\/\/www.eldiario.net\/portal\/wp-json\/wp\/v2\/categories?post=204249"},{"taxonomy":"post_tag","embeddable":true,"href":"https:\/\/www.eldiario.net\/portal\/wp-json\/wp\/v2\/tags?post=204249"}],"curies":[{"name":"wp","href":"https:\/\/api.w.org\/{rel}","templated":true}]}}