{"id":204246,"date":"2024-02-20T10:57:25","date_gmt":"2024-02-20T14:57:25","guid":{"rendered":"https:\/\/www.eldiario.net\/portal\/?p=204246"},"modified":"2024-02-20T10:57:25","modified_gmt":"2024-02-20T14:57:25","slug":"the-strongest-recibe-a-real-santa-cruz-en-el-hernando-siles","status":"publish","type":"post","link":"https:\/\/www.eldiario.net\/portal\/2024\/02\/20\/the-strongest-recibe-a-real-santa-cruz-en-el-hernando-siles\/","title":{"rendered":"The Strongest recibe a Real Santa Cruz en el Hernando Siles"},"content":{"rendered":"<p>Este martes, a partir de las 20:00, The Strongest, actual campe\u00f3n nacional recibir\u00e1 a Real\u00a0 Santa Cruz en el estadio \u201cHernando Siles\u201d por la segunda fecha del torneo Apertura, grupo \u201cA\u201d.<\/p>\n<p>A la vez, este partido significar\u00e1 el debut oficial del Tigre en la gesti\u00f3n 2024, toda vez\u00a0 que el partido frente a San Antonio de Bulo Bulo fue postergado para el 28 de este mes, debido a que el sector de Yapacan\u00ed estaba bloqueado por los interculturales, lo que le impidi\u00f3 llegar a Entre R\u00edos, el pasado s\u00e1bado, cuando se deb\u00eda disputar el cotejo.<\/p>\n<p>Mientras los aurinegros tuvieron m\u00e1s tiempo para ajustar sus l\u00edneas t\u00e1cticas, Real santa Cruz llega despu\u00e9s una derrota frente a Real Tomayapo por 1-2 el pasado s\u00e1bado.<\/p>\n<p>El \u00e1rbitro del encuentro ser\u00e1 Ronald Mamani de Potos\u00ed, quien ser\u00e1 asistido por Jes\u00fas Antelo e In\u00e9s Choque. Guido Quenta ser\u00e1 juez VAR y Sergio P\u00e9rez, juez AVAR.<\/p>\n<p>Las posibles alineaciones son las siguientes:<\/p>\n<p>The Strongest con Guillermo Viscarra en el p\u00f3rtico; \u00a0Ronald Bustos, Maximiliano Caire, Adri\u00e1n Jusino y Carlos Roca en la defensa; Daniel Rojas, Diego Wayar, Michael Ortega y Jaime Arrascaita en el mediocampo; Rodrigo Ramallo y Enrique Triverio en la ofensiva.<\/p>\n<p>Por su parte, Real Santa Cruz alinear\u00eda a Jimmy Roca en el arco; Samuel Pozo, W\u00e1lter Antelo, Luis Ruano y Brian L\u00f3pez en la defensa; Jos\u00e9\u00a0 L\u00f3pez, Jean L\u00f3pez, Mario Ovando y Limberg Guti\u00e9rrez en el mediocampo; Gerson Malgor y \u00c1ngel S\u00e1nchez en la delantera.<\/p>\n<p>&nbsp;<\/p>\n<p>&nbsp;<\/p>\n","protected":false},"excerpt":{"rendered":"<p>Este martes, a partir de las 20:00, The Strongest, actual campe\u00f3n nacional recibir\u00e1 a Real\u00a0 Santa Cruz en el estadio \u201cHernando Siles\u201d por la segunda fecha del torneo Apertura, grupo \u201cA\u201d. A la vez, este partido significar\u00e1 el debut oficial del Tigre en la gesti\u00f3n 2024, toda vez\u00a0 que el partido frente a San Antonio [&hellip;]<\/p>\n","protected":false},"author":1,"featured_media":204247,"comment_status":"open","ping_status":"open","sticky":false,"template":"","format":"standard","meta":{"_acf_changed":false,"footnotes":""},"categories":[6],"tags":[],"class_list":["post-204246","post","type-post","status-publish","format-standard","has-post-thumbnail","category-deportes"],"acf":{"antetitulo":""},"yoast_head":"<!-- This site is optimized with the Yoast SEO plugin v28.4 - https:\/\/yoast.com\/product\/yoast-seo-wordpress\/ -->\n<title>The Strongest recibe a Real Santa Cruz en el Hernando Siles - El Diario - Bolivia<\/title>\n<meta name=\"robots\" content=\"index, follow, max-snippet:-1, max-image-preview:large, max-video-preview:-1\" \/>\n<link rel=\"canonical\" href=\"https:\/\/www.eldiario.net\/portal\/2024\/02\/20\/the-strongest-recibe-a-real-santa-cruz-en-el-hernando-siles\/\" \/>\n<meta property=\"og:locale\" content=\"es_ES\" \/>\n<meta property=\"og:type\" content=\"article\" \/>\n<meta property=\"og:title\" content=\"The Strongest recibe a Real Santa Cruz en el Hernando Siles - El Diario - Bolivia\" \/>\n<meta property=\"og:description\" content=\"Este martes, a partir de las 20:00, The Strongest, actual campe\u00f3n nacional recibir\u00e1 a Real\u00a0 Santa Cruz en el estadio \u201cHernando Siles\u201d por la segunda fecha del torneo Apertura, grupo \u201cA\u201d. A la vez, este partido significar\u00e1 el debut oficial del Tigre en la gesti\u00f3n 2024, toda vez\u00a0 que el partido frente a San Antonio [&hellip;]\" \/>\n<meta property=\"og:url\" content=\"https:\/\/www.eldiario.net\/portal\/2024\/02\/20\/the-strongest-recibe-a-real-santa-cruz-en-el-hernando-siles\/\" \/>\n<meta property=\"og:site_name\" content=\"El Diario - Bolivia\" \/>\n<meta property=\"article:publisher\" content=\"https:\/\/www.facebook.com\/eldiario.bolivia\/\" \/>\n<meta property=\"article:published_time\" content=\"2024-02-20T14:57:25+00:00\" \/>\n<meta property=\"og:image\" content=\"https:\/\/www.eldiario.net\/portal\/wp-content\/uploads\/2024\/02\/The-Strongest-19.jpg\" \/>\n\t<meta property=\"og:image:width\" content=\"720\" \/>\n\t<meta property=\"og:image:height\" content=\"475\" \/>\n\t<meta property=\"og:image:type\" content=\"image\/jpeg\" \/>\n<meta name=\"author\" content=\"Jeanette\" \/>\n<meta name=\"twitter:card\" content=\"summary_large_image\" \/>\n<meta name=\"twitter:creator\" content=\"@eldiario_net\" \/>\n<meta name=\"twitter:site\" content=\"@eldiario_net\" \/>\n<meta name=\"twitter:label1\" content=\"Escrito por\" \/>\n\t<meta name=\"twitter:data1\" content=\"Jeanette\" \/>\n\t<meta name=\"twitter:label2\" content=\"Tiempo de lectura\" \/>\n\t<meta name=\"twitter:data2\" content=\"2 minutos\" \/>\n<script type=\"application\/ld+json\" class=\"yoast-schema-graph\">{\"@context\":\"https:\\\/\\\/schema.org\",\"@graph\":[{\"@type\":\"Article\",\"@id\":\"https:\\\/\\\/www.eldiario.net\\\/portal\\\/2024\\\/02\\\/20\\\/the-strongest-recibe-a-real-santa-cruz-en-el-hernando-siles\\\/#article\",\"isPartOf\":{\"@id\":\"https:\\\/\\\/www.eldiario.net\\\/portal\\\/2024\\\/02\\\/20\\\/the-strongest-recibe-a-real-santa-cruz-en-el-hernando-siles\\\/\"},\"author\":{\"name\":\"Jeanette\",\"@id\":\"https:\\\/\\\/www.eldiario.net\\\/portal\\\/#\\\/schema\\\/person\\\/2c57cf2b7a7ae032e449e4c9b1019eac\"},\"headline\":\"The Strongest recibe a Real Santa Cruz en el Hernando Siles\",\"datePublished\":\"2024-02-20T14:57:25+00:00\",\"mainEntityOfPage\":{\"@id\":\"https:\\\/\\\/www.eldiario.net\\\/portal\\\/2024\\\/02\\\/20\\\/the-strongest-recibe-a-real-santa-cruz-en-el-hernando-siles\\\/\"},\"wordCount\":273,\"commentCount\":0,\"publisher\":{\"@id\":\"https:\\\/\\\/www.eldiario.net\\\/portal\\\/#organization\"},\"image\":{\"@id\":\"https:\\\/\\\/www.eldiario.net\\\/portal\\\/2024\\\/02\\\/20\\\/the-strongest-recibe-a-real-santa-cruz-en-el-hernando-siles\\\/#primaryimage\"},\"thumbnailUrl\":\"https:\\\/\\\/www.eldiario.net\\\/portal\\\/wp-content\\\/uploads\\\/2024\\\/02\\\/The-Strongest-19.jpg\",\"articleSection\":[\"Deportes\"],\"inLanguage\":\"es\",\"potentialAction\":[{\"@type\":\"CommentAction\",\"name\":\"Comment\",\"target\":[\"https:\\\/\\\/www.eldiario.net\\\/portal\\\/2024\\\/02\\\/20\\\/the-strongest-recibe-a-real-santa-cruz-en-el-hernando-siles\\\/#respond\"]}]},{\"@type\":\"WebPage\",\"@id\":\"https:\\\/\\\/www.eldiario.net\\\/portal\\\/2024\\\/02\\\/20\\\/the-strongest-recibe-a-real-santa-cruz-en-el-hernando-siles\\\/\",\"url\":\"https:\\\/\\\/www.eldiario.net\\\/portal\\\/2024\\\/02\\\/20\\\/the-strongest-recibe-a-real-santa-cruz-en-el-hernando-siles\\\/\",\"name\":\"The Strongest recibe a Real Santa Cruz en el Hernando Siles - El Diario - Bolivia\",\"isPartOf\":{\"@id\":\"https:\\\/\\\/www.eldiario.net\\\/portal\\\/#website\"},\"primaryImageOfPage\":{\"@id\":\"https:\\\/\\\/www.eldiario.net\\\/portal\\\/2024\\\/02\\\/20\\\/the-strongest-recibe-a-real-santa-cruz-en-el-hernando-siles\\\/#primaryimage\"},\"image\":{\"@id\":\"https:\\\/\\\/www.eldiario.net\\\/portal\\\/2024\\\/02\\\/20\\\/the-strongest-recibe-a-real-santa-cruz-en-el-hernando-siles\\\/#primaryimage\"},\"thumbnailUrl\":\"https:\\\/\\\/www.eldiario.net\\\/portal\\\/wp-content\\\/uploads\\\/2024\\\/02\\\/The-Strongest-19.jpg\",\"datePublished\":\"2024-02-20T14:57:25+00:00\",\"breadcrumb\":{\"@id\":\"https:\\\/\\\/www.eldiario.net\\\/portal\\\/2024\\\/02\\\/20\\\/the-strongest-recibe-a-real-santa-cruz-en-el-hernando-siles\\\/#breadcrumb\"},\"inLanguage\":\"es\",\"potentialAction\":[{\"@type\":\"ReadAction\",\"target\":[\"https:\\\/\\\/www.eldiario.net\\\/portal\\\/2024\\\/02\\\/20\\\/the-strongest-recibe-a-real-santa-cruz-en-el-hernando-siles\\\/\"]}]},{\"@type\":\"ImageObject\",\"inLanguage\":\"es\",\"@id\":\"https:\\\/\\\/www.eldiario.net\\\/portal\\\/2024\\\/02\\\/20\\\/the-strongest-recibe-a-real-santa-cruz-en-el-hernando-siles\\\/#primaryimage\",\"url\":\"https:\\\/\\\/www.eldiario.net\\\/portal\\\/wp-content\\\/uploads\\\/2024\\\/02\\\/The-Strongest-19.jpg\",\"contentUrl\":\"https:\\\/\\\/www.eldiario.net\\\/portal\\\/wp-content\\\/uploads\\\/2024\\\/02\\\/The-Strongest-19.jpg\",\"width\":720,\"height\":475},{\"@type\":\"BreadcrumbList\",\"@id\":\"https:\\\/\\\/www.eldiario.net\\\/portal\\\/2024\\\/02\\\/20\\\/the-strongest-recibe-a-real-santa-cruz-en-el-hernando-siles\\\/#breadcrumb\",\"itemListElement\":[{\"@type\":\"ListItem\",\"position\":1,\"name\":\"Portada\",\"item\":\"https:\\\/\\\/www.eldiario.net\\\/portal\\\/\"},{\"@type\":\"ListItem\",\"position\":2,\"name\":\"The Strongest recibe a Real Santa Cruz en el Hernando Siles\"}]},{\"@type\":\"WebSite\",\"@id\":\"https:\\\/\\\/www.eldiario.net\\\/portal\\\/#website\",\"url\":\"https:\\\/\\\/www.eldiario.net\\\/portal\\\/\",\"name\":\"El Diario - Decano de la prensa nacional\",\"description\":\"El Diario - Decano de la prensa nacional\",\"publisher\":{\"@id\":\"https:\\\/\\\/www.eldiario.net\\\/portal\\\/#organization\"},\"potentialAction\":[{\"@type\":\"SearchAction\",\"target\":{\"@type\":\"EntryPoint\",\"urlTemplate\":\"https:\\\/\\\/www.eldiario.net\\\/portal\\\/?s={search_term_string}\"},\"query-input\":{\"@type\":\"PropertyValueSpecification\",\"valueRequired\":true,\"valueName\":\"search_term_string\"}}],\"inLanguage\":\"es\"},{\"@type\":\"Organization\",\"@id\":\"https:\\\/\\\/www.eldiario.net\\\/portal\\\/#organization\",\"name\":\"El Diario - Decano de la prensa nacional\",\"url\":\"https:\\\/\\\/www.eldiario.net\\\/portal\\\/\",\"logo\":{\"@type\":\"ImageObject\",\"inLanguage\":\"es\",\"@id\":\"https:\\\/\\\/www.eldiario.net\\\/portal\\\/#\\\/schema\\\/logo\\\/image\\\/\",\"url\":\"https:\\\/\\\/www.eldiario.net\\\/portal\\\/wp-content\\\/uploads\\\/2023\\\/07\\\/logo_ED.jpg\",\"contentUrl\":\"https:\\\/\\\/www.eldiario.net\\\/portal\\\/wp-content\\\/uploads\\\/2023\\\/07\\\/logo_ED.jpg\",\"width\":272,\"height\":52,\"caption\":\"El Diario - Decano de la prensa nacional\"},\"image\":{\"@id\":\"https:\\\/\\\/www.eldiario.net\\\/portal\\\/#\\\/schema\\\/logo\\\/image\\\/\"},\"sameAs\":[\"https:\\\/\\\/www.facebook.com\\\/eldiario.bolivia\\\/\",\"https:\\\/\\\/x.com\\\/eldiario_net\"]},{\"@type\":\"Person\",\"@id\":\"https:\\\/\\\/www.eldiario.net\\\/portal\\\/#\\\/schema\\\/person\\\/2c57cf2b7a7ae032e449e4c9b1019eac\",\"name\":\"Jeanette\",\"image\":{\"@type\":\"ImageObject\",\"inLanguage\":\"es\",\"@id\":\"https:\\\/\\\/secure.gravatar.com\\\/avatar\\\/3ea2118a5f7dad2b7138b1187a6b7ee55f160b9968b66013c3a3ef39dd7e5798?s=96&d=mm&r=g\",\"url\":\"https:\\\/\\\/secure.gravatar.com\\\/avatar\\\/3ea2118a5f7dad2b7138b1187a6b7ee55f160b9968b66013c3a3ef39dd7e5798?s=96&d=mm&r=g\",\"contentUrl\":\"https:\\\/\\\/secure.gravatar.com\\\/avatar\\\/3ea2118a5f7dad2b7138b1187a6b7ee55f160b9968b66013c3a3ef39dd7e5798?s=96&d=mm&r=g\",\"caption\":\"Jeanette\"},\"sameAs\":[\"https:\\\/\\\/www.eldiario.net\\\/portal\"],\"url\":\"https:\\\/\\\/www.eldiario.net\\\/portal\\\/author\\\/jeanette\\\/\"}]}<\/script>\n<!-- \/ Yoast SEO plugin. -->","yoast_head_json":{"title":"The Strongest recibe a Real Santa Cruz en el Hernando Siles - El Diario - Bolivia","robots":{"index":"index","follow":"follow","max-snippet":"max-snippet:-1","max-image-preview":"max-image-preview:large","max-video-preview":"max-video-preview:-1"},"canonical":"https:\/\/www.eldiario.net\/portal\/2024\/02\/20\/the-strongest-recibe-a-real-santa-cruz-en-el-hernando-siles\/","og_locale":"es_ES","og_type":"article","og_title":"The Strongest recibe a Real Santa Cruz en el Hernando Siles - El Diario - Bolivia","og_description":"Este martes, a partir de las 20:00, The Strongest, actual campe\u00f3n nacional recibir\u00e1 a Real\u00a0 Santa Cruz en el estadio \u201cHernando Siles\u201d por la segunda fecha del torneo Apertura, grupo \u201cA\u201d. A la vez, este partido significar\u00e1 el debut oficial del Tigre en la gesti\u00f3n 2024, toda vez\u00a0 que el partido frente a San Antonio [&hellip;]","og_url":"https:\/\/www.eldiario.net\/portal\/2024\/02\/20\/the-strongest-recibe-a-real-santa-cruz-en-el-hernando-siles\/","og_site_name":"El Diario - Bolivia","article_publisher":"https:\/\/www.facebook.com\/eldiario.bolivia\/","article_published_time":"2024-02-20T14:57:25+00:00","og_image":[{"width":720,"height":475,"url":"https:\/\/www.eldiario.net\/portal\/wp-content\/uploads\/2024\/02\/The-Strongest-19.jpg","type":"image\/jpeg"}],"author":"Jeanette","twitter_card":"summary_large_image","twitter_creator":"@eldiario_net","twitter_site":"@eldiario_net","twitter_misc":{"Escrito por":"Jeanette","Tiempo de lectura":"2 minutos"},"schema":{"@context":"https:\/\/schema.org","@graph":[{"@type":"Article","@id":"https:\/\/www.eldiario.net\/portal\/2024\/02\/20\/the-strongest-recibe-a-real-santa-cruz-en-el-hernando-siles\/#article","isPartOf":{"@id":"https:\/\/www.eldiario.net\/portal\/2024\/02\/20\/the-strongest-recibe-a-real-santa-cruz-en-el-hernando-siles\/"},"author":{"name":"Jeanette","@id":"https:\/\/www.eldiario.net\/portal\/#\/schema\/person\/2c57cf2b7a7ae032e449e4c9b1019eac"},"headline":"The Strongest recibe a Real Santa Cruz en el Hernando Siles","datePublished":"2024-02-20T14:57:25+00:00","mainEntityOfPage":{"@id":"https:\/\/www.eldiario.net\/portal\/2024\/02\/20\/the-strongest-recibe-a-real-santa-cruz-en-el-hernando-siles\/"},"wordCount":273,"commentCount":0,"publisher":{"@id":"https:\/\/www.eldiario.net\/portal\/#organization"},"image":{"@id":"https:\/\/www.eldiario.net\/portal\/2024\/02\/20\/the-strongest-recibe-a-real-santa-cruz-en-el-hernando-siles\/#primaryimage"},"thumbnailUrl":"https:\/\/www.eldiario.net\/portal\/wp-content\/uploads\/2024\/02\/The-Strongest-19.jpg","articleSection":["Deportes"],"inLanguage":"es","potentialAction":[{"@type":"CommentAction","name":"Comment","target":["https:\/\/www.eldiario.net\/portal\/2024\/02\/20\/the-strongest-recibe-a-real-santa-cruz-en-el-hernando-siles\/#respond"]}]},{"@type":"WebPage","@id":"https:\/\/www.eldiario.net\/portal\/2024\/02\/20\/the-strongest-recibe-a-real-santa-cruz-en-el-hernando-siles\/","url":"https:\/\/www.eldiario.net\/portal\/2024\/02\/20\/the-strongest-recibe-a-real-santa-cruz-en-el-hernando-siles\/","name":"The Strongest recibe a Real Santa Cruz en el Hernando Siles - El Diario - Bolivia","isPartOf":{"@id":"https:\/\/www.eldiario.net\/portal\/#website"},"primaryImageOfPage":{"@id":"https:\/\/www.eldiario.net\/portal\/2024\/02\/20\/the-strongest-recibe-a-real-santa-cruz-en-el-hernando-siles\/#primaryimage"},"image":{"@id":"https:\/\/www.eldiario.net\/portal\/2024\/02\/20\/the-strongest-recibe-a-real-santa-cruz-en-el-hernando-siles\/#primaryimage"},"thumbnailUrl":"https:\/\/www.eldiario.net\/portal\/wp-content\/uploads\/2024\/02\/The-Strongest-19.jpg","datePublished":"2024-02-20T14:57:25+00:00","breadcrumb":{"@id":"https:\/\/www.eldiario.net\/portal\/2024\/02\/20\/the-strongest-recibe-a-real-santa-cruz-en-el-hernando-siles\/#breadcrumb"},"inLanguage":"es","potentialAction":[{"@type":"ReadAction","target":["https:\/\/www.eldiario.net\/portal\/2024\/02\/20\/the-strongest-recibe-a-real-santa-cruz-en-el-hernando-siles\/"]}]},{"@type":"ImageObject","inLanguage":"es","@id":"https:\/\/www.eldiario.net\/portal\/2024\/02\/20\/the-strongest-recibe-a-real-santa-cruz-en-el-hernando-siles\/#primaryimage","url":"https:\/\/www.eldiario.net\/portal\/wp-content\/uploads\/2024\/02\/The-Strongest-19.jpg","contentUrl":"https:\/\/www.eldiario.net\/portal\/wp-content\/uploads\/2024\/02\/The-Strongest-19.jpg","width":720,"height":475},{"@type":"BreadcrumbList","@id":"https:\/\/www.eldiario.net\/portal\/2024\/02\/20\/the-strongest-recibe-a-real-santa-cruz-en-el-hernando-siles\/#breadcrumb","itemListElement":[{"@type":"ListItem","position":1,"name":"Portada","item":"https:\/\/www.eldiario.net\/portal\/"},{"@type":"ListItem","position":2,"name":"The Strongest recibe a Real Santa Cruz en el Hernando Siles"}]},{"@type":"WebSite","@id":"https:\/\/www.eldiario.net\/portal\/#website","url":"https:\/\/www.eldiario.net\/portal\/","name":"El Diario - Decano de la prensa nacional","description":"El Diario - Decano de la prensa nacional","publisher":{"@id":"https:\/\/www.eldiario.net\/portal\/#organization"},"potentialAction":[{"@type":"SearchAction","target":{"@type":"EntryPoint","urlTemplate":"https:\/\/www.eldiario.net\/portal\/?s={search_term_string}"},"query-input":{"@type":"PropertyValueSpecification","valueRequired":true,"valueName":"search_term_string"}}],"inLanguage":"es"},{"@type":"Organization","@id":"https:\/\/www.eldiario.net\/portal\/#organization","name":"El Diario - Decano de la prensa nacional","url":"https:\/\/www.eldiario.net\/portal\/","logo":{"@type":"ImageObject","inLanguage":"es","@id":"https:\/\/www.eldiario.net\/portal\/#\/schema\/logo\/image\/","url":"https:\/\/www.eldiario.net\/portal\/wp-content\/uploads\/2023\/07\/logo_ED.jpg","contentUrl":"https:\/\/www.eldiario.net\/portal\/wp-content\/uploads\/2023\/07\/logo_ED.jpg","width":272,"height":52,"caption":"El Diario - Decano de la prensa nacional"},"image":{"@id":"https:\/\/www.eldiario.net\/portal\/#\/schema\/logo\/image\/"},"sameAs":["https:\/\/www.facebook.com\/eldiario.bolivia\/","https:\/\/x.com\/eldiario_net"]},{"@type":"Person","@id":"https:\/\/www.eldiario.net\/portal\/#\/schema\/person\/2c57cf2b7a7ae032e449e4c9b1019eac","name":"Jeanette","image":{"@type":"ImageObject","inLanguage":"es","@id":"https:\/\/secure.gravatar.com\/avatar\/3ea2118a5f7dad2b7138b1187a6b7ee55f160b9968b66013c3a3ef39dd7e5798?s=96&d=mm&r=g","url":"https:\/\/secure.gravatar.com\/avatar\/3ea2118a5f7dad2b7138b1187a6b7ee55f160b9968b66013c3a3ef39dd7e5798?s=96&d=mm&r=g","contentUrl":"https:\/\/secure.gravatar.com\/avatar\/3ea2118a5f7dad2b7138b1187a6b7ee55f160b9968b66013c3a3ef39dd7e5798?s=96&d=mm&r=g","caption":"Jeanette"},"sameAs":["https:\/\/www.eldiario.net\/portal"],"url":"https:\/\/www.eldiario.net\/portal\/author\/jeanette\/"}]}},"_links":{"self":[{"href":"https:\/\/www.eldiario.net\/portal\/wp-json\/wp\/v2\/posts\/204246","targetHints":{"allow":["GET"]}}],"collection":[{"href":"https:\/\/www.eldiario.net\/portal\/wp-json\/wp\/v2\/posts"}],"about":[{"href":"https:\/\/www.eldiario.net\/portal\/wp-json\/wp\/v2\/types\/post"}],"author":[{"embeddable":true,"href":"https:\/\/www.eldiario.net\/portal\/wp-json\/wp\/v2\/users\/1"}],"replies":[{"embeddable":true,"href":"https:\/\/www.eldiario.net\/portal\/wp-json\/wp\/v2\/comments?post=204246"}],"version-history":[{"count":1,"href":"https:\/\/www.eldiario.net\/portal\/wp-json\/wp\/v2\/posts\/204246\/revisions"}],"predecessor-version":[{"id":204248,"href":"https:\/\/www.eldiario.net\/portal\/wp-json\/wp\/v2\/posts\/204246\/revisions\/204248"}],"wp:featuredmedia":[{"embeddable":true,"href":"https:\/\/www.eldiario.net\/portal\/wp-json\/wp\/v2\/media\/204247"}],"wp:attachment":[{"href":"https:\/\/www.eldiario.net\/portal\/wp-json\/wp\/v2\/media?parent=204246"}],"wp:term":[{"taxonomy":"category","embeddable":true,"href":"https:\/\/www.eldiario.net\/portal\/wp-json\/wp\/v2\/categories?post=204246"},{"taxonomy":"post_tag","embeddable":true,"href":"https:\/\/www.eldiario.net\/portal\/wp-json\/wp\/v2\/tags?post=204246"}],"curies":[{"name":"wp","href":"https:\/\/api.w.org\/{rel}","templated":true}]}}