{"id":204242,"date":"2024-02-20T10:57:01","date_gmt":"2024-02-20T14:57:01","guid":{"rendered":"https:\/\/www.eldiario.net\/portal\/?p=204242"},"modified":"2024-02-20T10:57:01","modified_gmt":"2024-02-20T14:57:01","slug":"real-tomayapo-apunta-a-la-cima-del-grupo-a-del-apertura","status":"publish","type":"post","link":"https:\/\/www.eldiario.net\/portal\/2024\/02\/20\/real-tomayapo-apunta-a-la-cima-del-grupo-a-del-apertura\/","title":{"rendered":"Real Tomayapo apunta a la cima del grupo \u201cA\u201d del Apertura"},"content":{"rendered":"<p>TARIJA.- Con la sorprendente victoria en la primera fecha, Real Tomayapo parte como favorito para quedarse con los tres puntos y tomar el mando\u00a0 del primer puesto en el grupo \u201cA\u201d este martes (18:00), en el estadio IV Centenario, en el compromiso que disputar\u00e1 frente a San Antonio Bulo Bulo, elenco que jugar\u00e1 su primer duelo oficial a nivel profesional.<\/p>\n<p>Real Tomayapo tuvo un inicio de ensue\u00f1o con el triunfo sobre Real Santa Cruz (2-1) en condici\u00f3n de visitante, aumentando la confianza del elenco que dirige el entrenador Cristian Ar\u00e1n con vista a su participaci\u00f3n en la Copa Sudamericana.<\/p>\n<p>San Antonio tuvo que esperar por su debut. Sus planes estaban dirigidos sobre The Strongest como primer rival, pero los bloqueos en la zona de Yapacan\u00ed hicieron que ni el due\u00f1o de casa ni el adversario puedan trasladarse hasta Entre R\u00edos.<\/p>\n<p>El \u00e1rbitro del partido de este martes ser\u00e1 el chuquisaque\u00f1o Ren\u00e1n castillo asitido por Ceferino Bejarano y Heriberto Mostajo. Jorge Justiniano ser\u00e1 juez VAR y Nelson barro, AVAR.<\/p>\n<p>Las posibles alineaciones son las siguientes:<\/p>\n<p>Real Tomayapo: Pedro Galindo; Kevin Mamani, Hallysson Padilha, Aldair Cantillo, Juan Orellana; Leonardo Justiniano, Mat\u00edas Noble, Paul Arano, Alan Alcaraz; Agust\u00edn Graneros y Vladimir Castell\u00f3n. DT : Cristian Ar\u00e1n.<\/p>\n<p>San Antonio: Jhunior Vera; Jos\u00e9 Prieto, David Valencia, Gustavo Olgu\u00edn, Gustavo Mendoza; Edwin Rivera, Jaime Arandia, Mateo Bustos, Luis Jald\u00edn; Carlos Preciado y Felipe Pasadore. DT: Thiago Leitao. (APG)<\/p>\n<p>&nbsp;<\/p>\n","protected":false},"excerpt":{"rendered":"<p>TARIJA.- Con la sorprendente victoria en la primera fecha, Real Tomayapo parte como favorito para quedarse con los tres puntos y tomar el mando\u00a0 del primer puesto en el grupo \u201cA\u201d este martes (18:00), en el estadio IV Centenario, en el compromiso que disputar\u00e1 frente a San Antonio Bulo Bulo, elenco que jugar\u00e1 su primer [&hellip;]<\/p>\n","protected":false},"author":1,"featured_media":204243,"comment_status":"open","ping_status":"open","sticky":false,"template":"","format":"standard","meta":{"_acf_changed":false,"footnotes":""},"categories":[6],"tags":[],"class_list":["post-204242","post","type-post","status-publish","format-standard","has-post-thumbnail","category-deportes"],"acf":{"antetitulo":""},"yoast_head":"<!-- This site is optimized with the Yoast SEO plugin v28.4 - https:\/\/yoast.com\/product\/yoast-seo-wordpress\/ -->\n<title>Real Tomayapo apunta a la cima del grupo \u201cA\u201d del Apertura - El Diario - Bolivia<\/title>\n<meta name=\"robots\" content=\"index, follow, max-snippet:-1, max-image-preview:large, max-video-preview:-1\" \/>\n<link rel=\"canonical\" href=\"https:\/\/www.eldiario.net\/portal\/2024\/02\/20\/real-tomayapo-apunta-a-la-cima-del-grupo-a-del-apertura\/\" \/>\n<meta property=\"og:locale\" content=\"es_ES\" \/>\n<meta property=\"og:type\" content=\"article\" \/>\n<meta property=\"og:title\" content=\"Real Tomayapo apunta a la cima del grupo \u201cA\u201d del Apertura - El Diario - Bolivia\" \/>\n<meta property=\"og:description\" content=\"TARIJA.- Con la sorprendente victoria en la primera fecha, Real Tomayapo parte como favorito para quedarse con los tres puntos y tomar el mando\u00a0 del primer puesto en el grupo \u201cA\u201d este martes (18:00), en el estadio IV Centenario, en el compromiso que disputar\u00e1 frente a San Antonio Bulo Bulo, elenco que jugar\u00e1 su primer [&hellip;]\" \/>\n<meta property=\"og:url\" content=\"https:\/\/www.eldiario.net\/portal\/2024\/02\/20\/real-tomayapo-apunta-a-la-cima-del-grupo-a-del-apertura\/\" \/>\n<meta property=\"og:site_name\" content=\"El Diario - Bolivia\" \/>\n<meta property=\"article:publisher\" content=\"https:\/\/www.facebook.com\/eldiario.bolivia\/\" \/>\n<meta property=\"article:published_time\" content=\"2024-02-20T14:57:01+00:00\" \/>\n<meta property=\"og:image\" content=\"https:\/\/www.eldiario.net\/portal\/wp-content\/uploads\/2024\/02\/Tomayapo-19.jpg\" \/>\n\t<meta property=\"og:image:width\" content=\"664\" \/>\n\t<meta property=\"og:image:height\" content=\"476\" \/>\n\t<meta property=\"og:image:type\" content=\"image\/jpeg\" \/>\n<meta name=\"author\" content=\"Jeanette\" \/>\n<meta name=\"twitter:card\" content=\"summary_large_image\" \/>\n<meta name=\"twitter:creator\" content=\"@eldiario_net\" \/>\n<meta name=\"twitter:site\" content=\"@eldiario_net\" \/>\n<meta name=\"twitter:label1\" content=\"Escrito por\" \/>\n\t<meta name=\"twitter:data1\" content=\"Jeanette\" \/>\n\t<meta name=\"twitter:label2\" content=\"Tiempo de lectura\" \/>\n\t<meta name=\"twitter:data2\" content=\"2 minutos\" \/>\n<script type=\"application\/ld+json\" class=\"yoast-schema-graph\">{\"@context\":\"https:\\\/\\\/schema.org\",\"@graph\":[{\"@type\":\"Article\",\"@id\":\"https:\\\/\\\/www.eldiario.net\\\/portal\\\/2024\\\/02\\\/20\\\/real-tomayapo-apunta-a-la-cima-del-grupo-a-del-apertura\\\/#article\",\"isPartOf\":{\"@id\":\"https:\\\/\\\/www.eldiario.net\\\/portal\\\/2024\\\/02\\\/20\\\/real-tomayapo-apunta-a-la-cima-del-grupo-a-del-apertura\\\/\"},\"author\":{\"name\":\"Jeanette\",\"@id\":\"https:\\\/\\\/www.eldiario.net\\\/portal\\\/#\\\/schema\\\/person\\\/2c57cf2b7a7ae032e449e4c9b1019eac\"},\"headline\":\"Real Tomayapo apunta a la cima del grupo \u201cA\u201d del Apertura\",\"datePublished\":\"2024-02-20T14:57:01+00:00\",\"mainEntityOfPage\":{\"@id\":\"https:\\\/\\\/www.eldiario.net\\\/portal\\\/2024\\\/02\\\/20\\\/real-tomayapo-apunta-a-la-cima-del-grupo-a-del-apertura\\\/\"},\"wordCount\":257,\"commentCount\":0,\"publisher\":{\"@id\":\"https:\\\/\\\/www.eldiario.net\\\/portal\\\/#organization\"},\"image\":{\"@id\":\"https:\\\/\\\/www.eldiario.net\\\/portal\\\/2024\\\/02\\\/20\\\/real-tomayapo-apunta-a-la-cima-del-grupo-a-del-apertura\\\/#primaryimage\"},\"thumbnailUrl\":\"https:\\\/\\\/www.eldiario.net\\\/portal\\\/wp-content\\\/uploads\\\/2024\\\/02\\\/Tomayapo-19.jpg\",\"articleSection\":[\"Deportes\"],\"inLanguage\":\"es\",\"potentialAction\":[{\"@type\":\"CommentAction\",\"name\":\"Comment\",\"target\":[\"https:\\\/\\\/www.eldiario.net\\\/portal\\\/2024\\\/02\\\/20\\\/real-tomayapo-apunta-a-la-cima-del-grupo-a-del-apertura\\\/#respond\"]}]},{\"@type\":\"WebPage\",\"@id\":\"https:\\\/\\\/www.eldiario.net\\\/portal\\\/2024\\\/02\\\/20\\\/real-tomayapo-apunta-a-la-cima-del-grupo-a-del-apertura\\\/\",\"url\":\"https:\\\/\\\/www.eldiario.net\\\/portal\\\/2024\\\/02\\\/20\\\/real-tomayapo-apunta-a-la-cima-del-grupo-a-del-apertura\\\/\",\"name\":\"Real Tomayapo apunta a la cima del grupo \u201cA\u201d del Apertura - El Diario - Bolivia\",\"isPartOf\":{\"@id\":\"https:\\\/\\\/www.eldiario.net\\\/portal\\\/#website\"},\"primaryImageOfPage\":{\"@id\":\"https:\\\/\\\/www.eldiario.net\\\/portal\\\/2024\\\/02\\\/20\\\/real-tomayapo-apunta-a-la-cima-del-grupo-a-del-apertura\\\/#primaryimage\"},\"image\":{\"@id\":\"https:\\\/\\\/www.eldiario.net\\\/portal\\\/2024\\\/02\\\/20\\\/real-tomayapo-apunta-a-la-cima-del-grupo-a-del-apertura\\\/#primaryimage\"},\"thumbnailUrl\":\"https:\\\/\\\/www.eldiario.net\\\/portal\\\/wp-content\\\/uploads\\\/2024\\\/02\\\/Tomayapo-19.jpg\",\"datePublished\":\"2024-02-20T14:57:01+00:00\",\"breadcrumb\":{\"@id\":\"https:\\\/\\\/www.eldiario.net\\\/portal\\\/2024\\\/02\\\/20\\\/real-tomayapo-apunta-a-la-cima-del-grupo-a-del-apertura\\\/#breadcrumb\"},\"inLanguage\":\"es\",\"potentialAction\":[{\"@type\":\"ReadAction\",\"target\":[\"https:\\\/\\\/www.eldiario.net\\\/portal\\\/2024\\\/02\\\/20\\\/real-tomayapo-apunta-a-la-cima-del-grupo-a-del-apertura\\\/\"]}]},{\"@type\":\"ImageObject\",\"inLanguage\":\"es\",\"@id\":\"https:\\\/\\\/www.eldiario.net\\\/portal\\\/2024\\\/02\\\/20\\\/real-tomayapo-apunta-a-la-cima-del-grupo-a-del-apertura\\\/#primaryimage\",\"url\":\"https:\\\/\\\/www.eldiario.net\\\/portal\\\/wp-content\\\/uploads\\\/2024\\\/02\\\/Tomayapo-19.jpg\",\"contentUrl\":\"https:\\\/\\\/www.eldiario.net\\\/portal\\\/wp-content\\\/uploads\\\/2024\\\/02\\\/Tomayapo-19.jpg\",\"width\":664,\"height\":476},{\"@type\":\"BreadcrumbList\",\"@id\":\"https:\\\/\\\/www.eldiario.net\\\/portal\\\/2024\\\/02\\\/20\\\/real-tomayapo-apunta-a-la-cima-del-grupo-a-del-apertura\\\/#breadcrumb\",\"itemListElement\":[{\"@type\":\"ListItem\",\"position\":1,\"name\":\"Portada\",\"item\":\"https:\\\/\\\/www.eldiario.net\\\/portal\\\/\"},{\"@type\":\"ListItem\",\"position\":2,\"name\":\"Real Tomayapo apunta a la cima del grupo \u201cA\u201d del Apertura\"}]},{\"@type\":\"WebSite\",\"@id\":\"https:\\\/\\\/www.eldiario.net\\\/portal\\\/#website\",\"url\":\"https:\\\/\\\/www.eldiario.net\\\/portal\\\/\",\"name\":\"El Diario - Decano de la prensa nacional\",\"description\":\"El Diario - Decano de la prensa nacional\",\"publisher\":{\"@id\":\"https:\\\/\\\/www.eldiario.net\\\/portal\\\/#organization\"},\"potentialAction\":[{\"@type\":\"SearchAction\",\"target\":{\"@type\":\"EntryPoint\",\"urlTemplate\":\"https:\\\/\\\/www.eldiario.net\\\/portal\\\/?s={search_term_string}\"},\"query-input\":{\"@type\":\"PropertyValueSpecification\",\"valueRequired\":true,\"valueName\":\"search_term_string\"}}],\"inLanguage\":\"es\"},{\"@type\":\"Organization\",\"@id\":\"https:\\\/\\\/www.eldiario.net\\\/portal\\\/#organization\",\"name\":\"El Diario - Decano de la prensa nacional\",\"url\":\"https:\\\/\\\/www.eldiario.net\\\/portal\\\/\",\"logo\":{\"@type\":\"ImageObject\",\"inLanguage\":\"es\",\"@id\":\"https:\\\/\\\/www.eldiario.net\\\/portal\\\/#\\\/schema\\\/logo\\\/image\\\/\",\"url\":\"https:\\\/\\\/www.eldiario.net\\\/portal\\\/wp-content\\\/uploads\\\/2023\\\/07\\\/logo_ED.jpg\",\"contentUrl\":\"https:\\\/\\\/www.eldiario.net\\\/portal\\\/wp-content\\\/uploads\\\/2023\\\/07\\\/logo_ED.jpg\",\"width\":272,\"height\":52,\"caption\":\"El Diario - Decano de la prensa nacional\"},\"image\":{\"@id\":\"https:\\\/\\\/www.eldiario.net\\\/portal\\\/#\\\/schema\\\/logo\\\/image\\\/\"},\"sameAs\":[\"https:\\\/\\\/www.facebook.com\\\/eldiario.bolivia\\\/\",\"https:\\\/\\\/x.com\\\/eldiario_net\"]},{\"@type\":\"Person\",\"@id\":\"https:\\\/\\\/www.eldiario.net\\\/portal\\\/#\\\/schema\\\/person\\\/2c57cf2b7a7ae032e449e4c9b1019eac\",\"name\":\"Jeanette\",\"image\":{\"@type\":\"ImageObject\",\"inLanguage\":\"es\",\"@id\":\"https:\\\/\\\/secure.gravatar.com\\\/avatar\\\/3ea2118a5f7dad2b7138b1187a6b7ee55f160b9968b66013c3a3ef39dd7e5798?s=96&d=mm&r=g\",\"url\":\"https:\\\/\\\/secure.gravatar.com\\\/avatar\\\/3ea2118a5f7dad2b7138b1187a6b7ee55f160b9968b66013c3a3ef39dd7e5798?s=96&d=mm&r=g\",\"contentUrl\":\"https:\\\/\\\/secure.gravatar.com\\\/avatar\\\/3ea2118a5f7dad2b7138b1187a6b7ee55f160b9968b66013c3a3ef39dd7e5798?s=96&d=mm&r=g\",\"caption\":\"Jeanette\"},\"sameAs\":[\"https:\\\/\\\/www.eldiario.net\\\/portal\"],\"url\":\"https:\\\/\\\/www.eldiario.net\\\/portal\\\/author\\\/jeanette\\\/\"}]}<\/script>\n<!-- \/ Yoast SEO plugin. -->","yoast_head_json":{"title":"Real Tomayapo apunta a la cima del grupo \u201cA\u201d del Apertura - El Diario - Bolivia","robots":{"index":"index","follow":"follow","max-snippet":"max-snippet:-1","max-image-preview":"max-image-preview:large","max-video-preview":"max-video-preview:-1"},"canonical":"https:\/\/www.eldiario.net\/portal\/2024\/02\/20\/real-tomayapo-apunta-a-la-cima-del-grupo-a-del-apertura\/","og_locale":"es_ES","og_type":"article","og_title":"Real Tomayapo apunta a la cima del grupo \u201cA\u201d del Apertura - El Diario - Bolivia","og_description":"TARIJA.- Con la sorprendente victoria en la primera fecha, Real Tomayapo parte como favorito para quedarse con los tres puntos y tomar el mando\u00a0 del primer puesto en el grupo \u201cA\u201d este martes (18:00), en el estadio IV Centenario, en el compromiso que disputar\u00e1 frente a San Antonio Bulo Bulo, elenco que jugar\u00e1 su primer [&hellip;]","og_url":"https:\/\/www.eldiario.net\/portal\/2024\/02\/20\/real-tomayapo-apunta-a-la-cima-del-grupo-a-del-apertura\/","og_site_name":"El Diario - Bolivia","article_publisher":"https:\/\/www.facebook.com\/eldiario.bolivia\/","article_published_time":"2024-02-20T14:57:01+00:00","og_image":[{"width":664,"height":476,"url":"https:\/\/www.eldiario.net\/portal\/wp-content\/uploads\/2024\/02\/Tomayapo-19.jpg","type":"image\/jpeg"}],"author":"Jeanette","twitter_card":"summary_large_image","twitter_creator":"@eldiario_net","twitter_site":"@eldiario_net","twitter_misc":{"Escrito por":"Jeanette","Tiempo de lectura":"2 minutos"},"schema":{"@context":"https:\/\/schema.org","@graph":[{"@type":"Article","@id":"https:\/\/www.eldiario.net\/portal\/2024\/02\/20\/real-tomayapo-apunta-a-la-cima-del-grupo-a-del-apertura\/#article","isPartOf":{"@id":"https:\/\/www.eldiario.net\/portal\/2024\/02\/20\/real-tomayapo-apunta-a-la-cima-del-grupo-a-del-apertura\/"},"author":{"name":"Jeanette","@id":"https:\/\/www.eldiario.net\/portal\/#\/schema\/person\/2c57cf2b7a7ae032e449e4c9b1019eac"},"headline":"Real Tomayapo apunta a la cima del grupo \u201cA\u201d del Apertura","datePublished":"2024-02-20T14:57:01+00:00","mainEntityOfPage":{"@id":"https:\/\/www.eldiario.net\/portal\/2024\/02\/20\/real-tomayapo-apunta-a-la-cima-del-grupo-a-del-apertura\/"},"wordCount":257,"commentCount":0,"publisher":{"@id":"https:\/\/www.eldiario.net\/portal\/#organization"},"image":{"@id":"https:\/\/www.eldiario.net\/portal\/2024\/02\/20\/real-tomayapo-apunta-a-la-cima-del-grupo-a-del-apertura\/#primaryimage"},"thumbnailUrl":"https:\/\/www.eldiario.net\/portal\/wp-content\/uploads\/2024\/02\/Tomayapo-19.jpg","articleSection":["Deportes"],"inLanguage":"es","potentialAction":[{"@type":"CommentAction","name":"Comment","target":["https:\/\/www.eldiario.net\/portal\/2024\/02\/20\/real-tomayapo-apunta-a-la-cima-del-grupo-a-del-apertura\/#respond"]}]},{"@type":"WebPage","@id":"https:\/\/www.eldiario.net\/portal\/2024\/02\/20\/real-tomayapo-apunta-a-la-cima-del-grupo-a-del-apertura\/","url":"https:\/\/www.eldiario.net\/portal\/2024\/02\/20\/real-tomayapo-apunta-a-la-cima-del-grupo-a-del-apertura\/","name":"Real Tomayapo apunta a la cima del grupo \u201cA\u201d del Apertura - El Diario - Bolivia","isPartOf":{"@id":"https:\/\/www.eldiario.net\/portal\/#website"},"primaryImageOfPage":{"@id":"https:\/\/www.eldiario.net\/portal\/2024\/02\/20\/real-tomayapo-apunta-a-la-cima-del-grupo-a-del-apertura\/#primaryimage"},"image":{"@id":"https:\/\/www.eldiario.net\/portal\/2024\/02\/20\/real-tomayapo-apunta-a-la-cima-del-grupo-a-del-apertura\/#primaryimage"},"thumbnailUrl":"https:\/\/www.eldiario.net\/portal\/wp-content\/uploads\/2024\/02\/Tomayapo-19.jpg","datePublished":"2024-02-20T14:57:01+00:00","breadcrumb":{"@id":"https:\/\/www.eldiario.net\/portal\/2024\/02\/20\/real-tomayapo-apunta-a-la-cima-del-grupo-a-del-apertura\/#breadcrumb"},"inLanguage":"es","potentialAction":[{"@type":"ReadAction","target":["https:\/\/www.eldiario.net\/portal\/2024\/02\/20\/real-tomayapo-apunta-a-la-cima-del-grupo-a-del-apertura\/"]}]},{"@type":"ImageObject","inLanguage":"es","@id":"https:\/\/www.eldiario.net\/portal\/2024\/02\/20\/real-tomayapo-apunta-a-la-cima-del-grupo-a-del-apertura\/#primaryimage","url":"https:\/\/www.eldiario.net\/portal\/wp-content\/uploads\/2024\/02\/Tomayapo-19.jpg","contentUrl":"https:\/\/www.eldiario.net\/portal\/wp-content\/uploads\/2024\/02\/Tomayapo-19.jpg","width":664,"height":476},{"@type":"BreadcrumbList","@id":"https:\/\/www.eldiario.net\/portal\/2024\/02\/20\/real-tomayapo-apunta-a-la-cima-del-grupo-a-del-apertura\/#breadcrumb","itemListElement":[{"@type":"ListItem","position":1,"name":"Portada","item":"https:\/\/www.eldiario.net\/portal\/"},{"@type":"ListItem","position":2,"name":"Real Tomayapo apunta a la cima del grupo \u201cA\u201d del Apertura"}]},{"@type":"WebSite","@id":"https:\/\/www.eldiario.net\/portal\/#website","url":"https:\/\/www.eldiario.net\/portal\/","name":"El Diario - Decano de la prensa nacional","description":"El Diario - Decano de la prensa nacional","publisher":{"@id":"https:\/\/www.eldiario.net\/portal\/#organization"},"potentialAction":[{"@type":"SearchAction","target":{"@type":"EntryPoint","urlTemplate":"https:\/\/www.eldiario.net\/portal\/?s={search_term_string}"},"query-input":{"@type":"PropertyValueSpecification","valueRequired":true,"valueName":"search_term_string"}}],"inLanguage":"es"},{"@type":"Organization","@id":"https:\/\/www.eldiario.net\/portal\/#organization","name":"El Diario - Decano de la prensa nacional","url":"https:\/\/www.eldiario.net\/portal\/","logo":{"@type":"ImageObject","inLanguage":"es","@id":"https:\/\/www.eldiario.net\/portal\/#\/schema\/logo\/image\/","url":"https:\/\/www.eldiario.net\/portal\/wp-content\/uploads\/2023\/07\/logo_ED.jpg","contentUrl":"https:\/\/www.eldiario.net\/portal\/wp-content\/uploads\/2023\/07\/logo_ED.jpg","width":272,"height":52,"caption":"El Diario - Decano de la prensa nacional"},"image":{"@id":"https:\/\/www.eldiario.net\/portal\/#\/schema\/logo\/image\/"},"sameAs":["https:\/\/www.facebook.com\/eldiario.bolivia\/","https:\/\/x.com\/eldiario_net"]},{"@type":"Person","@id":"https:\/\/www.eldiario.net\/portal\/#\/schema\/person\/2c57cf2b7a7ae032e449e4c9b1019eac","name":"Jeanette","image":{"@type":"ImageObject","inLanguage":"es","@id":"https:\/\/secure.gravatar.com\/avatar\/3ea2118a5f7dad2b7138b1187a6b7ee55f160b9968b66013c3a3ef39dd7e5798?s=96&d=mm&r=g","url":"https:\/\/secure.gravatar.com\/avatar\/3ea2118a5f7dad2b7138b1187a6b7ee55f160b9968b66013c3a3ef39dd7e5798?s=96&d=mm&r=g","contentUrl":"https:\/\/secure.gravatar.com\/avatar\/3ea2118a5f7dad2b7138b1187a6b7ee55f160b9968b66013c3a3ef39dd7e5798?s=96&d=mm&r=g","caption":"Jeanette"},"sameAs":["https:\/\/www.eldiario.net\/portal"],"url":"https:\/\/www.eldiario.net\/portal\/author\/jeanette\/"}]}},"_links":{"self":[{"href":"https:\/\/www.eldiario.net\/portal\/wp-json\/wp\/v2\/posts\/204242","targetHints":{"allow":["GET"]}}],"collection":[{"href":"https:\/\/www.eldiario.net\/portal\/wp-json\/wp\/v2\/posts"}],"about":[{"href":"https:\/\/www.eldiario.net\/portal\/wp-json\/wp\/v2\/types\/post"}],"author":[{"embeddable":true,"href":"https:\/\/www.eldiario.net\/portal\/wp-json\/wp\/v2\/users\/1"}],"replies":[{"embeddable":true,"href":"https:\/\/www.eldiario.net\/portal\/wp-json\/wp\/v2\/comments?post=204242"}],"version-history":[{"count":2,"href":"https:\/\/www.eldiario.net\/portal\/wp-json\/wp\/v2\/posts\/204242\/revisions"}],"predecessor-version":[{"id":204245,"href":"https:\/\/www.eldiario.net\/portal\/wp-json\/wp\/v2\/posts\/204242\/revisions\/204245"}],"wp:featuredmedia":[{"embeddable":true,"href":"https:\/\/www.eldiario.net\/portal\/wp-json\/wp\/v2\/media\/204243"}],"wp:attachment":[{"href":"https:\/\/www.eldiario.net\/portal\/wp-json\/wp\/v2\/media?parent=204242"}],"wp:term":[{"taxonomy":"category","embeddable":true,"href":"https:\/\/www.eldiario.net\/portal\/wp-json\/wp\/v2\/categories?post=204242"},{"taxonomy":"post_tag","embeddable":true,"href":"https:\/\/www.eldiario.net\/portal\/wp-json\/wp\/v2\/tags?post=204242"}],"curies":[{"name":"wp","href":"https:\/\/api.w.org\/{rel}","templated":true}]}}