{"id":204235,"date":"2024-02-20T08:54:12","date_gmt":"2024-02-20T12:54:12","guid":{"rendered":"https:\/\/www.eldiario.net\/portal\/?p=204235"},"modified":"2024-02-20T08:54:12","modified_gmt":"2024-02-20T12:54:12","slug":"acuerdo-entre-gobierno-y-empresarios-libera-exportaciones-sin-tocar-deficit","status":"publish","type":"post","link":"https:\/\/www.eldiario.net\/portal\/2024\/02\/20\/acuerdo-entre-gobierno-y-empresarios-libera-exportaciones-sin-tocar-deficit\/","title":{"rendered":"Acuerdo entre Gobierno y empresarios  libera exportaciones, sin tocar d\u00e9ficit"},"content":{"rendered":"<p>Gobierno y empresarios suscribieron un acuerdo de 10 puntos para enfrentar la escasez del d\u00f3lar, entre ellos figura la liberalizaci\u00f3n de las exportaciones, establecer l\u00edmites a las comisiones de transferencias de divisas en el exterior, as\u00ed como profundizar el uso de autos el\u00e9ctricos, pero sin tocar el problema de fondo, el d\u00e9ficit p\u00fablico.<\/p>\n<p>El economista Gonzalo Ch\u00e1vez, en relaci\u00f3n a las medidas acordadas entre el gobierno y los empresarios, dijo que por fin dieron luz verde a la propuesta sugerida desde hace a\u00f1os por economistas y sector productivo.<\/p>\n<p>Destac\u00f3 el punto sobre la liberaci\u00f3n de las exportaciones, y observ\u00f3 la emisi\u00f3n de bonos en d\u00f3lares por parte del Banco Central de Bolivia, ya que la misma deber\u00eda haber sido respaldada con la eliminaci\u00f3n del Impuesto a las Transacciones Financieras (ITF), para que tenga un efecto positivo.<\/p>\n<p>Destac\u00f3 la subasta de di\u00e9sel, ya que los sectores que necesiten fijar\u00e1n el precio sobre la base del precio actual, mientras que la importaci\u00f3n del carburante por los privados, es una buena opci\u00f3n, pero requerir\u00e1n d\u00f3lares.<\/p>\n<p>Las 10 medidas econ\u00f3micas acordadas entre el Gobierno y los Empresarios. Algunas se recomendaron hace m\u00e1s de un a\u00f1o. El Gobierno algo escucha. Pero estas medidas no resuelven el problema de fondo: alto gasto p\u00fablico, escribi\u00f3 el analista financiero, Jaime Dunn en su cuenta de twitter @JaimeDunn_.<\/p>\n<p>Pero Ch\u00e1vez lament\u00f3 que no se haya tocado el tema m\u00e1s importante: el d\u00e9ficit p\u00fablico, as\u00ed como las subvenciones, que merman los d\u00f3lares en el mercado nacional.<\/p>\n<p>Entre tanto, para el presidente del Colegio de Economista de Tarija, Fernando Romero, un acuerdo que resuelve muy poco y que no ataca al tumor del gasto p\u00fablico.<\/p>\n<p>\u201c (\u2026) estas 10 medidas no son estructurales, ni resolver\u00e1n de manera sostenible y eficaz el problema de la falta de d\u00f3lares en la econom\u00eda, sobre todo en la formal, ni tampoco disminuir\u00e1n su demanda en el mercado negro o paralelo. Son medidas que alivian el dolor, pero no curan el tumor \u201cun gasto publico elevado\u201d que debe ser atacado de ra\u00edz. La mayor\u00eda son a mediano y largo plazo, otras no ayudan en nada a resolver el problema, y otras parecieran que son un favor para cierto sector privado del pa\u00eds. En conclusi\u00f3n, Bolivia necesita otro tipo de medidas, reales, sostenibles y que no generen falsas esperanzas\u201d, observ\u00f3.<\/p>\n<p>Entre tanto, la Confederaci\u00f3n de Empresarios Privados de Bolivia (Cepb) expresa su satisfacci\u00f3n por el acuerdo alcanzado con el gobierno nacional que, adem\u00e1s de definir medidas para enfrentar la escasez de d\u00f3lares, implementa una nueva etapa en la relaci\u00f3n p\u00fablico privada donde se prioriza el di\u00e1logo abierto, transparente y directo para analizar las dificultades y encontrar soluciones conjuntas y efectivas, se\u00f1ala el comunicado de la entidad matriz empresarial.<\/p>\n<p>\u201cReiteramos el compromiso del sector empresarial privado con la estabilidad, el crecimiento y el desarrollo del pa\u00eds, y mantenemos nuestra decisi\u00f3n de seguir aportando a la recuperaci\u00f3n de la econom\u00eda, el sostenimiento de empleo y la provisi\u00f3n de bienes y servicios que necesitan los bolivianos\u201d, aseguran los empresarios.<\/p>\n<p>Con \u201cel acuerdo econ\u00f3mico productivo empresarial que ha firmado el Gobierno nacional y el empresariado boliviano, ambos trabajar\u00e1n de manera continua en la implementaci\u00f3n, evaluaci\u00f3n y dise\u00f1o de estas y otras medidas para alcanzar resultados que beneficien a la econom\u00eda nacional, cuidando la estabilidad econ\u00f3mica del pa\u00eds\u201d, se\u00f1al\u00f3 el ministro de Econom\u00eda y Finanzas P\u00fablicas, Marcelo Montenegro.<\/p>\n<p>EL ACUERDO<\/p>\n<p>1.- Liberaci\u00f3n de exportaciones con agilizaci\u00f3n de tr\u00e1mites, esto implica que con la firma de convenios donde se garantiza la el abastecimiento al mercado nacional, est\u00e1n liberadas las exportaciones de los productos que anteriormente ten\u00edan que hacer un tr\u00e1mite largo de certificado de abastecimiento interno a precio justo.<\/p>\n<p>2.- Devoluci\u00f3n inmediata del CDEIMs (certificados de devoluci\u00f3n impositiva) previa entrega de divisas por exportaciones. Se agilizar\u00e1 el tr\u00e1mite en la medida que los exportadores puedan traer sus divisas al pa\u00eds y certificar de la emisi\u00f3n mediante ciertos documentos de que realmente se ha hecho la entrega de divisas en el sistema financiero nacional, esta entrega de devoluci\u00f3n inmediata de CEDEIMs no tardar\u00e1 m\u00e1s de quince d\u00edas, se\u00f1ala el acuerdo.<\/p>\n<p>3.- Emisi\u00f3n de bonos del Banco Central de Bolivia en d\u00f3lares que va a ser un proceso que va a tener una oferta estructurada en plazos y tasas que se va a dar a conocer los siguientes d\u00edas, seg\u00fan el Ministerio de Econom\u00eda, y que va a ser trabajada con el sector privado nacional y con la banca privada del sistema financiero boliviano.<\/p>\n<p>4.- Cuarto subasta de di\u00e9sel a grandes compradores. Habr\u00e1 un esquema de subasta para que aquellos grandes compradores puedan ofertar ciertos lotes de compra de combustible especialmente di\u00e9sel y que puedan tener la entrega en sus lugares productivos por parte de YPFB.<\/p>\n<p>5.- Agilizaci\u00f3n en la importaci\u00f3n de di\u00e9sel para empresas privadas destinado a consumo propio. Esta norma esta medida ya est\u00e1 vigente en el pa\u00eds, pero lo que s\u00ed se requiere es una agilizaci\u00f3n de los tr\u00e1mites en t\u00e9rminos de tiempo y procesos. Entonces, el gobierno nacional se compromete a generar un esquema de agilidad en t\u00e9rminos de plazos, procesos y tiempos para los permisos de importaci\u00f3n de di\u00e9sel por parte de empresas privadas destinado al consumo p\u00fablico.<\/p>\n<p>6.- Promoci\u00f3n de la inversi\u00f3n privada para la construcci\u00f3n de plantas de biodi\u00e9sel. La ley 1098 establece que los privados puedan construir plantas de biodiesel y se est\u00e1 generando un escenario de incentivos para que puedan proseguir o hacer este tipo de emprendimientos, apoyados por YPFB.<\/p>\n<ol start=\"7\">\n<li>La s\u00e9ptima medida es fomento de inversiones para mejorar el rendimiento por hect\u00e1rea en ciertos cultivos, espec\u00edficamente el ma\u00edz, a trav\u00e9s de una metodolog\u00eda agropecuaria de precisi\u00f3n, lograr cuadriplicar los rendimientos. Por lo tanto, el Banco de Desarrollo Productivo ser\u00e1 la entidad de apoyo de asistencia t\u00e9cnica al sector productivo para ir financiando todos tipos de emprendimientos que quieran usar esta tecnolog\u00eda agropecuaria de precisi\u00f3n.<\/li>\n<\/ol>\n<p>8.- Incrementar el peso y la longitud m\u00e1ximos permitidos en veh\u00edculos de transporte de carga, para lo que se va a gestionar una ley de modernizaci\u00f3n del transporte.<\/p>\n<p>9.- Establecer incentivos tributarios para la compra de veh\u00edculos flex y veh\u00edculos el\u00e9ctricos.<\/p>\n<p>10.-Establecer una banda en el cobro de comisiones para las transferencias y giros en el exterior. Lo que se pretende es que, con las otras medidas, se vayan normalizando los cobros.<\/p>\n<p>El acuerdo fue firmado los Ministerios de Econom\u00eda, Planificaci\u00f3n, Desarrollo Productivo, el Banco Central, la ASFI, de parte del Gobierno y de parte de los empresarios privados, la Confederaci\u00f3n de Empresarios Privados de Bolivia, la C\u00e1mara Nacional de Industrias, la C\u00e1mara Nacional de Exportadores de Bolivia, la C\u00e1mara Nacional de Comercio, la Asociaci\u00f3n de Bancos Privados, la Federaci\u00f3n de Empresarios Privados de Santa Cruz, la C\u00e1mara Nacional de Industrias Oleaginosas de Bolivia, la C\u00e1mara Departamental de Industrias de la Paz, la C\u00e1mara Departamental de Industrias de Cochabamba, la Asociaci\u00f3n de Entidades Financieras Especializadas en Microfinanzas, la C\u00e1mara Boliviana de la Construcci\u00f3n, la C\u00e1mara de Industria Farmac\u00e9utica Boliviana, la C\u00e1mara de Telecomunicaciones de Bolivia, la Asociaci\u00f3n Boliviana de Aseguradoras, la Asociaci\u00f3n de Representantes de Importadores y Distribuidores de F\u00e1rmacos.<\/p>\n","protected":false},"excerpt":{"rendered":"<p>Gobierno y empresarios suscribieron un acuerdo de 10 puntos para enfrentar la escasez del d\u00f3lar, entre ellos figura la liberalizaci\u00f3n de las exportaciones, establecer l\u00edmites a las comisiones de transferencias de divisas en el exterior, as\u00ed como profundizar el uso de autos el\u00e9ctricos, pero sin tocar el problema de fondo, el d\u00e9ficit p\u00fablico. El economista [&hellip;]<\/p>\n","protected":false},"author":2,"featured_media":204237,"comment_status":"open","ping_status":"open","sticky":false,"template":"","format":"standard","meta":{"_acf_changed":false,"footnotes":""},"categories":[7],"tags":[],"class_list":["post-204235","post","type-post","status-publish","format-standard","has-post-thumbnail","category-economia"],"acf":{"antetitulo":""},"yoast_head":"<!-- This site is optimized with the Yoast SEO plugin v28.3 - https:\/\/yoast.com\/product\/yoast-seo-wordpress\/ -->\n<title>Acuerdo entre Gobierno y empresarios libera exportaciones, sin tocar d\u00e9ficit - El Diario - Bolivia<\/title>\n<meta name=\"robots\" content=\"index, follow, max-snippet:-1, max-image-preview:large, max-video-preview:-1\" \/>\n<link rel=\"canonical\" href=\"https:\/\/www.eldiario.net\/portal\/2024\/02\/20\/acuerdo-entre-gobierno-y-empresarios-libera-exportaciones-sin-tocar-deficit\/\" \/>\n<meta property=\"og:locale\" content=\"es_ES\" \/>\n<meta property=\"og:type\" content=\"article\" \/>\n<meta property=\"og:title\" content=\"Acuerdo entre Gobierno y empresarios libera exportaciones, sin tocar d\u00e9ficit - El Diario - Bolivia\" \/>\n<meta property=\"og:description\" content=\"Gobierno y empresarios suscribieron un acuerdo de 10 puntos para enfrentar la escasez del d\u00f3lar, entre ellos figura la liberalizaci\u00f3n de las exportaciones, establecer l\u00edmites a las comisiones de transferencias de divisas en el exterior, as\u00ed como profundizar el uso de autos el\u00e9ctricos, pero sin tocar el problema de fondo, el d\u00e9ficit p\u00fablico. El economista [&hellip;]\" \/>\n<meta property=\"og:url\" content=\"https:\/\/www.eldiario.net\/portal\/2024\/02\/20\/acuerdo-entre-gobierno-y-empresarios-libera-exportaciones-sin-tocar-deficit\/\" \/>\n<meta property=\"og:site_name\" content=\"El Diario - Bolivia\" \/>\n<meta property=\"article:publisher\" content=\"https:\/\/www.facebook.com\/eldiario.bolivia\/\" \/>\n<meta property=\"article:published_time\" content=\"2024-02-20T12:54:12+00:00\" \/>\n<meta property=\"og:image\" content=\"https:\/\/www.eldiario.net\/portal\/wp-content\/uploads\/2024\/02\/LIBERA-FOTO-scaled.jpg\" \/>\n\t<meta property=\"og:image:width\" content=\"2560\" \/>\n\t<meta property=\"og:image:height\" content=\"1707\" \/>\n\t<meta property=\"og:image:type\" content=\"image\/jpeg\" \/>\n<meta name=\"author\" content=\"luis Camacho\" \/>\n<meta name=\"twitter:card\" content=\"summary_large_image\" \/>\n<meta name=\"twitter:creator\" content=\"@eldiario_net\" \/>\n<meta name=\"twitter:site\" content=\"@eldiario_net\" \/>\n<meta name=\"twitter:label1\" content=\"Escrito por\" \/>\n\t<meta name=\"twitter:data1\" content=\"luis Camacho\" \/>\n\t<meta name=\"twitter:label2\" content=\"Tiempo de lectura\" \/>\n\t<meta name=\"twitter:data2\" content=\"6 minutos\" \/>\n<script type=\"application\/ld+json\" class=\"yoast-schema-graph\">{\"@context\":\"https:\\\/\\\/schema.org\",\"@graph\":[{\"@type\":\"Article\",\"@id\":\"https:\\\/\\\/www.eldiario.net\\\/portal\\\/2024\\\/02\\\/20\\\/acuerdo-entre-gobierno-y-empresarios-libera-exportaciones-sin-tocar-deficit\\\/#article\",\"isPartOf\":{\"@id\":\"https:\\\/\\\/www.eldiario.net\\\/portal\\\/2024\\\/02\\\/20\\\/acuerdo-entre-gobierno-y-empresarios-libera-exportaciones-sin-tocar-deficit\\\/\"},\"author\":{\"name\":\"luis Camacho\",\"@id\":\"https:\\\/\\\/www.eldiario.net\\\/portal\\\/#\\\/schema\\\/person\\\/cab1ae4db27e5f008a62cbffb05fbfee\"},\"headline\":\"Acuerdo entre Gobierno y empresarios libera exportaciones, sin tocar d\u00e9ficit\",\"datePublished\":\"2024-02-20T12:54:12+00:00\",\"mainEntityOfPage\":{\"@id\":\"https:\\\/\\\/www.eldiario.net\\\/portal\\\/2024\\\/02\\\/20\\\/acuerdo-entre-gobierno-y-empresarios-libera-exportaciones-sin-tocar-deficit\\\/\"},\"wordCount\":1309,\"commentCount\":0,\"publisher\":{\"@id\":\"https:\\\/\\\/www.eldiario.net\\\/portal\\\/#organization\"},\"image\":{\"@id\":\"https:\\\/\\\/www.eldiario.net\\\/portal\\\/2024\\\/02\\\/20\\\/acuerdo-entre-gobierno-y-empresarios-libera-exportaciones-sin-tocar-deficit\\\/#primaryimage\"},\"thumbnailUrl\":\"https:\\\/\\\/www.eldiario.net\\\/portal\\\/wp-content\\\/uploads\\\/2024\\\/02\\\/LIBERA-FOTO-scaled.jpg\",\"articleSection\":[\"Econom\u00eda\"],\"inLanguage\":\"es\",\"potentialAction\":[{\"@type\":\"CommentAction\",\"name\":\"Comment\",\"target\":[\"https:\\\/\\\/www.eldiario.net\\\/portal\\\/2024\\\/02\\\/20\\\/acuerdo-entre-gobierno-y-empresarios-libera-exportaciones-sin-tocar-deficit\\\/#respond\"]}]},{\"@type\":\"WebPage\",\"@id\":\"https:\\\/\\\/www.eldiario.net\\\/portal\\\/2024\\\/02\\\/20\\\/acuerdo-entre-gobierno-y-empresarios-libera-exportaciones-sin-tocar-deficit\\\/\",\"url\":\"https:\\\/\\\/www.eldiario.net\\\/portal\\\/2024\\\/02\\\/20\\\/acuerdo-entre-gobierno-y-empresarios-libera-exportaciones-sin-tocar-deficit\\\/\",\"name\":\"Acuerdo entre Gobierno y empresarios libera exportaciones, sin tocar d\u00e9ficit - El Diario - Bolivia\",\"isPartOf\":{\"@id\":\"https:\\\/\\\/www.eldiario.net\\\/portal\\\/#website\"},\"primaryImageOfPage\":{\"@id\":\"https:\\\/\\\/www.eldiario.net\\\/portal\\\/2024\\\/02\\\/20\\\/acuerdo-entre-gobierno-y-empresarios-libera-exportaciones-sin-tocar-deficit\\\/#primaryimage\"},\"image\":{\"@id\":\"https:\\\/\\\/www.eldiario.net\\\/portal\\\/2024\\\/02\\\/20\\\/acuerdo-entre-gobierno-y-empresarios-libera-exportaciones-sin-tocar-deficit\\\/#primaryimage\"},\"thumbnailUrl\":\"https:\\\/\\\/www.eldiario.net\\\/portal\\\/wp-content\\\/uploads\\\/2024\\\/02\\\/LIBERA-FOTO-scaled.jpg\",\"datePublished\":\"2024-02-20T12:54:12+00:00\",\"breadcrumb\":{\"@id\":\"https:\\\/\\\/www.eldiario.net\\\/portal\\\/2024\\\/02\\\/20\\\/acuerdo-entre-gobierno-y-empresarios-libera-exportaciones-sin-tocar-deficit\\\/#breadcrumb\"},\"inLanguage\":\"es\",\"potentialAction\":[{\"@type\":\"ReadAction\",\"target\":[\"https:\\\/\\\/www.eldiario.net\\\/portal\\\/2024\\\/02\\\/20\\\/acuerdo-entre-gobierno-y-empresarios-libera-exportaciones-sin-tocar-deficit\\\/\"]}]},{\"@type\":\"ImageObject\",\"inLanguage\":\"es\",\"@id\":\"https:\\\/\\\/www.eldiario.net\\\/portal\\\/2024\\\/02\\\/20\\\/acuerdo-entre-gobierno-y-empresarios-libera-exportaciones-sin-tocar-deficit\\\/#primaryimage\",\"url\":\"https:\\\/\\\/www.eldiario.net\\\/portal\\\/wp-content\\\/uploads\\\/2024\\\/02\\\/LIBERA-FOTO-scaled.jpg\",\"contentUrl\":\"https:\\\/\\\/www.eldiario.net\\\/portal\\\/wp-content\\\/uploads\\\/2024\\\/02\\\/LIBERA-FOTO-scaled.jpg\",\"width\":2560,\"height\":1707,\"caption\":\"Conferencia de prensa de autoridades de gobierno y representantes del sector empresarial. Foto MMEyFP\"},{\"@type\":\"BreadcrumbList\",\"@id\":\"https:\\\/\\\/www.eldiario.net\\\/portal\\\/2024\\\/02\\\/20\\\/acuerdo-entre-gobierno-y-empresarios-libera-exportaciones-sin-tocar-deficit\\\/#breadcrumb\",\"itemListElement\":[{\"@type\":\"ListItem\",\"position\":1,\"name\":\"Portada\",\"item\":\"https:\\\/\\\/www.eldiario.net\\\/portal\\\/\"},{\"@type\":\"ListItem\",\"position\":2,\"name\":\"Acuerdo entre Gobierno y empresarios libera exportaciones, sin tocar d\u00e9ficit\"}]},{\"@type\":\"WebSite\",\"@id\":\"https:\\\/\\\/www.eldiario.net\\\/portal\\\/#website\",\"url\":\"https:\\\/\\\/www.eldiario.net\\\/portal\\\/\",\"name\":\"El Diario - Decano de la prensa nacional\",\"description\":\"El Diario - Decano de la prensa nacional\",\"publisher\":{\"@id\":\"https:\\\/\\\/www.eldiario.net\\\/portal\\\/#organization\"},\"potentialAction\":[{\"@type\":\"SearchAction\",\"target\":{\"@type\":\"EntryPoint\",\"urlTemplate\":\"https:\\\/\\\/www.eldiario.net\\\/portal\\\/?s={search_term_string}\"},\"query-input\":{\"@type\":\"PropertyValueSpecification\",\"valueRequired\":true,\"valueName\":\"search_term_string\"}}],\"inLanguage\":\"es\"},{\"@type\":\"Organization\",\"@id\":\"https:\\\/\\\/www.eldiario.net\\\/portal\\\/#organization\",\"name\":\"El Diario - Decano de la prensa nacional\",\"url\":\"https:\\\/\\\/www.eldiario.net\\\/portal\\\/\",\"logo\":{\"@type\":\"ImageObject\",\"inLanguage\":\"es\",\"@id\":\"https:\\\/\\\/www.eldiario.net\\\/portal\\\/#\\\/schema\\\/logo\\\/image\\\/\",\"url\":\"https:\\\/\\\/www.eldiario.net\\\/portal\\\/wp-content\\\/uploads\\\/2023\\\/07\\\/logo_ED.jpg\",\"contentUrl\":\"https:\\\/\\\/www.eldiario.net\\\/portal\\\/wp-content\\\/uploads\\\/2023\\\/07\\\/logo_ED.jpg\",\"width\":272,\"height\":52,\"caption\":\"El Diario - Decano de la prensa nacional\"},\"image\":{\"@id\":\"https:\\\/\\\/www.eldiario.net\\\/portal\\\/#\\\/schema\\\/logo\\\/image\\\/\"},\"sameAs\":[\"https:\\\/\\\/www.facebook.com\\\/eldiario.bolivia\\\/\",\"https:\\\/\\\/x.com\\\/eldiario_net\"]},{\"@type\":\"Person\",\"@id\":\"https:\\\/\\\/www.eldiario.net\\\/portal\\\/#\\\/schema\\\/person\\\/cab1ae4db27e5f008a62cbffb05fbfee\",\"name\":\"luis Camacho\",\"image\":{\"@type\":\"ImageObject\",\"inLanguage\":\"es\",\"@id\":\"https:\\\/\\\/secure.gravatar.com\\\/avatar\\\/69ecb836b3826d5a2501bf06ab2a2f2c8ab211cc846758f395df21684cb38313?s=96&d=mm&r=g\",\"url\":\"https:\\\/\\\/secure.gravatar.com\\\/avatar\\\/69ecb836b3826d5a2501bf06ab2a2f2c8ab211cc846758f395df21684cb38313?s=96&d=mm&r=g\",\"contentUrl\":\"https:\\\/\\\/secure.gravatar.com\\\/avatar\\\/69ecb836b3826d5a2501bf06ab2a2f2c8ab211cc846758f395df21684cb38313?s=96&d=mm&r=g\",\"caption\":\"luis Camacho\"},\"url\":\"https:\\\/\\\/www.eldiario.net\\\/portal\\\/author\\\/luis\\\/\"}]}<\/script>\n<!-- \/ Yoast SEO plugin. -->","yoast_head_json":{"title":"Acuerdo entre Gobierno y empresarios libera exportaciones, sin tocar d\u00e9ficit - El Diario - Bolivia","robots":{"index":"index","follow":"follow","max-snippet":"max-snippet:-1","max-image-preview":"max-image-preview:large","max-video-preview":"max-video-preview:-1"},"canonical":"https:\/\/www.eldiario.net\/portal\/2024\/02\/20\/acuerdo-entre-gobierno-y-empresarios-libera-exportaciones-sin-tocar-deficit\/","og_locale":"es_ES","og_type":"article","og_title":"Acuerdo entre Gobierno y empresarios libera exportaciones, sin tocar d\u00e9ficit - El Diario - Bolivia","og_description":"Gobierno y empresarios suscribieron un acuerdo de 10 puntos para enfrentar la escasez del d\u00f3lar, entre ellos figura la liberalizaci\u00f3n de las exportaciones, establecer l\u00edmites a las comisiones de transferencias de divisas en el exterior, as\u00ed como profundizar el uso de autos el\u00e9ctricos, pero sin tocar el problema de fondo, el d\u00e9ficit p\u00fablico. El economista [&hellip;]","og_url":"https:\/\/www.eldiario.net\/portal\/2024\/02\/20\/acuerdo-entre-gobierno-y-empresarios-libera-exportaciones-sin-tocar-deficit\/","og_site_name":"El Diario - Bolivia","article_publisher":"https:\/\/www.facebook.com\/eldiario.bolivia\/","article_published_time":"2024-02-20T12:54:12+00:00","og_image":[{"width":2560,"height":1707,"url":"https:\/\/www.eldiario.net\/portal\/wp-content\/uploads\/2024\/02\/LIBERA-FOTO-scaled.jpg","type":"image\/jpeg"}],"author":"luis Camacho","twitter_card":"summary_large_image","twitter_creator":"@eldiario_net","twitter_site":"@eldiario_net","twitter_misc":{"Escrito por":"luis Camacho","Tiempo de lectura":"6 minutos"},"schema":{"@context":"https:\/\/schema.org","@graph":[{"@type":"Article","@id":"https:\/\/www.eldiario.net\/portal\/2024\/02\/20\/acuerdo-entre-gobierno-y-empresarios-libera-exportaciones-sin-tocar-deficit\/#article","isPartOf":{"@id":"https:\/\/www.eldiario.net\/portal\/2024\/02\/20\/acuerdo-entre-gobierno-y-empresarios-libera-exportaciones-sin-tocar-deficit\/"},"author":{"name":"luis Camacho","@id":"https:\/\/www.eldiario.net\/portal\/#\/schema\/person\/cab1ae4db27e5f008a62cbffb05fbfee"},"headline":"Acuerdo entre Gobierno y empresarios libera exportaciones, sin tocar d\u00e9ficit","datePublished":"2024-02-20T12:54:12+00:00","mainEntityOfPage":{"@id":"https:\/\/www.eldiario.net\/portal\/2024\/02\/20\/acuerdo-entre-gobierno-y-empresarios-libera-exportaciones-sin-tocar-deficit\/"},"wordCount":1309,"commentCount":0,"publisher":{"@id":"https:\/\/www.eldiario.net\/portal\/#organization"},"image":{"@id":"https:\/\/www.eldiario.net\/portal\/2024\/02\/20\/acuerdo-entre-gobierno-y-empresarios-libera-exportaciones-sin-tocar-deficit\/#primaryimage"},"thumbnailUrl":"https:\/\/www.eldiario.net\/portal\/wp-content\/uploads\/2024\/02\/LIBERA-FOTO-scaled.jpg","articleSection":["Econom\u00eda"],"inLanguage":"es","potentialAction":[{"@type":"CommentAction","name":"Comment","target":["https:\/\/www.eldiario.net\/portal\/2024\/02\/20\/acuerdo-entre-gobierno-y-empresarios-libera-exportaciones-sin-tocar-deficit\/#respond"]}]},{"@type":"WebPage","@id":"https:\/\/www.eldiario.net\/portal\/2024\/02\/20\/acuerdo-entre-gobierno-y-empresarios-libera-exportaciones-sin-tocar-deficit\/","url":"https:\/\/www.eldiario.net\/portal\/2024\/02\/20\/acuerdo-entre-gobierno-y-empresarios-libera-exportaciones-sin-tocar-deficit\/","name":"Acuerdo entre Gobierno y empresarios libera exportaciones, sin tocar d\u00e9ficit - El Diario - Bolivia","isPartOf":{"@id":"https:\/\/www.eldiario.net\/portal\/#website"},"primaryImageOfPage":{"@id":"https:\/\/www.eldiario.net\/portal\/2024\/02\/20\/acuerdo-entre-gobierno-y-empresarios-libera-exportaciones-sin-tocar-deficit\/#primaryimage"},"image":{"@id":"https:\/\/www.eldiario.net\/portal\/2024\/02\/20\/acuerdo-entre-gobierno-y-empresarios-libera-exportaciones-sin-tocar-deficit\/#primaryimage"},"thumbnailUrl":"https:\/\/www.eldiario.net\/portal\/wp-content\/uploads\/2024\/02\/LIBERA-FOTO-scaled.jpg","datePublished":"2024-02-20T12:54:12+00:00","breadcrumb":{"@id":"https:\/\/www.eldiario.net\/portal\/2024\/02\/20\/acuerdo-entre-gobierno-y-empresarios-libera-exportaciones-sin-tocar-deficit\/#breadcrumb"},"inLanguage":"es","potentialAction":[{"@type":"ReadAction","target":["https:\/\/www.eldiario.net\/portal\/2024\/02\/20\/acuerdo-entre-gobierno-y-empresarios-libera-exportaciones-sin-tocar-deficit\/"]}]},{"@type":"ImageObject","inLanguage":"es","@id":"https:\/\/www.eldiario.net\/portal\/2024\/02\/20\/acuerdo-entre-gobierno-y-empresarios-libera-exportaciones-sin-tocar-deficit\/#primaryimage","url":"https:\/\/www.eldiario.net\/portal\/wp-content\/uploads\/2024\/02\/LIBERA-FOTO-scaled.jpg","contentUrl":"https:\/\/www.eldiario.net\/portal\/wp-content\/uploads\/2024\/02\/LIBERA-FOTO-scaled.jpg","width":2560,"height":1707,"caption":"Conferencia de prensa de autoridades de gobierno y representantes del sector empresarial. Foto MMEyFP"},{"@type":"BreadcrumbList","@id":"https:\/\/www.eldiario.net\/portal\/2024\/02\/20\/acuerdo-entre-gobierno-y-empresarios-libera-exportaciones-sin-tocar-deficit\/#breadcrumb","itemListElement":[{"@type":"ListItem","position":1,"name":"Portada","item":"https:\/\/www.eldiario.net\/portal\/"},{"@type":"ListItem","position":2,"name":"Acuerdo entre Gobierno y empresarios libera exportaciones, sin tocar d\u00e9ficit"}]},{"@type":"WebSite","@id":"https:\/\/www.eldiario.net\/portal\/#website","url":"https:\/\/www.eldiario.net\/portal\/","name":"El Diario - Decano de la prensa nacional","description":"El Diario - Decano de la prensa nacional","publisher":{"@id":"https:\/\/www.eldiario.net\/portal\/#organization"},"potentialAction":[{"@type":"SearchAction","target":{"@type":"EntryPoint","urlTemplate":"https:\/\/www.eldiario.net\/portal\/?s={search_term_string}"},"query-input":{"@type":"PropertyValueSpecification","valueRequired":true,"valueName":"search_term_string"}}],"inLanguage":"es"},{"@type":"Organization","@id":"https:\/\/www.eldiario.net\/portal\/#organization","name":"El Diario - Decano de la prensa nacional","url":"https:\/\/www.eldiario.net\/portal\/","logo":{"@type":"ImageObject","inLanguage":"es","@id":"https:\/\/www.eldiario.net\/portal\/#\/schema\/logo\/image\/","url":"https:\/\/www.eldiario.net\/portal\/wp-content\/uploads\/2023\/07\/logo_ED.jpg","contentUrl":"https:\/\/www.eldiario.net\/portal\/wp-content\/uploads\/2023\/07\/logo_ED.jpg","width":272,"height":52,"caption":"El Diario - Decano de la prensa nacional"},"image":{"@id":"https:\/\/www.eldiario.net\/portal\/#\/schema\/logo\/image\/"},"sameAs":["https:\/\/www.facebook.com\/eldiario.bolivia\/","https:\/\/x.com\/eldiario_net"]},{"@type":"Person","@id":"https:\/\/www.eldiario.net\/portal\/#\/schema\/person\/cab1ae4db27e5f008a62cbffb05fbfee","name":"luis Camacho","image":{"@type":"ImageObject","inLanguage":"es","@id":"https:\/\/secure.gravatar.com\/avatar\/69ecb836b3826d5a2501bf06ab2a2f2c8ab211cc846758f395df21684cb38313?s=96&d=mm&r=g","url":"https:\/\/secure.gravatar.com\/avatar\/69ecb836b3826d5a2501bf06ab2a2f2c8ab211cc846758f395df21684cb38313?s=96&d=mm&r=g","contentUrl":"https:\/\/secure.gravatar.com\/avatar\/69ecb836b3826d5a2501bf06ab2a2f2c8ab211cc846758f395df21684cb38313?s=96&d=mm&r=g","caption":"luis Camacho"},"url":"https:\/\/www.eldiario.net\/portal\/author\/luis\/"}]}},"_links":{"self":[{"href":"https:\/\/www.eldiario.net\/portal\/wp-json\/wp\/v2\/posts\/204235","targetHints":{"allow":["GET"]}}],"collection":[{"href":"https:\/\/www.eldiario.net\/portal\/wp-json\/wp\/v2\/posts"}],"about":[{"href":"https:\/\/www.eldiario.net\/portal\/wp-json\/wp\/v2\/types\/post"}],"author":[{"embeddable":true,"href":"https:\/\/www.eldiario.net\/portal\/wp-json\/wp\/v2\/users\/2"}],"replies":[{"embeddable":true,"href":"https:\/\/www.eldiario.net\/portal\/wp-json\/wp\/v2\/comments?post=204235"}],"version-history":[{"count":2,"href":"https:\/\/www.eldiario.net\/portal\/wp-json\/wp\/v2\/posts\/204235\/revisions"}],"predecessor-version":[{"id":204239,"href":"https:\/\/www.eldiario.net\/portal\/wp-json\/wp\/v2\/posts\/204235\/revisions\/204239"}],"wp:featuredmedia":[{"embeddable":true,"href":"https:\/\/www.eldiario.net\/portal\/wp-json\/wp\/v2\/media\/204237"}],"wp:attachment":[{"href":"https:\/\/www.eldiario.net\/portal\/wp-json\/wp\/v2\/media?parent=204235"}],"wp:term":[{"taxonomy":"category","embeddable":true,"href":"https:\/\/www.eldiario.net\/portal\/wp-json\/wp\/v2\/categories?post=204235"},{"taxonomy":"post_tag","embeddable":true,"href":"https:\/\/www.eldiario.net\/portal\/wp-json\/wp\/v2\/tags?post=204235"}],"curies":[{"name":"wp","href":"https:\/\/api.w.org\/{rel}","templated":true}]}}