{"id":203948,"date":"2024-02-19T06:41:13","date_gmt":"2024-02-19T10:41:13","guid":{"rendered":"https:\/\/www.eldiario.net\/portal\/?p=203948"},"modified":"2024-02-19T06:41:13","modified_gmt":"2024-02-19T10:41:13","slug":"regimen-de-china-intensificara-las-patrullas-nauticas-cerca-de-taiwan","status":"publish","type":"post","link":"https:\/\/www.eldiario.net\/portal\/2024\/02\/19\/regimen-de-china-intensificara-las-patrullas-nauticas-cerca-de-taiwan\/","title":{"rendered":"R\u00e9gimen de China intensificar\u00e1 las  patrullas n\u00e1uticas cerca de Taiw\u00e1n"},"content":{"rendered":"<p>El r\u00e9gimen de China anunci\u00f3 ayer que intensificar\u00e1 las patrullas en las aguas cercanas a Taiw\u00e1n, tras la muerte de dos pescadores chinos en un incidente con una embarcaci\u00f3n de la guardia costera de Taiw\u00e1n.<br \/>\nSeg\u00fan las autoridades chinas, la embarcaci\u00f3n con cuatro tripulantes volc\u00f3 el mi\u00e9rcoles cerca de las islas Kinmen, cuando era perseguida por los guardacostas taiwaneses. Todos sus ocupantes cayeron al mar, dos murieron ahogados y los supervivientes fueron arrestados.<br \/>\nChina expres\u00f3 su \u201cen\u00e9rgica condena\u201d por el incidente e inst\u00f3 a las autoridades de la isla a liberar a los supervivientes de la tripulaci\u00f3n.<br \/>\nLos pescadores de Taiw\u00e1n y China suelen pasar por una zona donde se dispararon las tensiones ante el aumento significativo de los barcos chinos, incluidas dragas y pesqueros.<br \/>\nLos habitantes de Kinmen se quejaron del ruido y la contaminaci\u00f3n provocada por las embarcaciones y denunciaron p\u00e9rdidas en su medio de vida, la pesca.<br \/>\nLa muerte de los pescadores fue un suceso inusual pese al nivel de actividad china en las aguas cerca de Kinmen, que est\u00e1 m\u00e1s cerca de China que de la isla principal de Taiw\u00e1n.<br \/>\nLa Guardia Costera taiwanesa inform\u00f3 el mi\u00e9rcoles, que dos de cuatro pescadores chinos murieron tras el naufragio de su embarcaci\u00f3n. Indic\u00f3 que su barco pescaba a una milla n\u00e1utica del archipi\u00e9lago, que Taiw\u00e1n declar\u00f3 zona restringida. Los otros dos sobrevivientes se encontraban bajo custodia taiwanesa. Luego de haber sido rescatados.<br \/>\nChina conden\u00f3 el suceso con contundencia y culpando al Partido Progresista Democr\u00e1tico, que gobierna Taiw\u00e1n, de la muerte de los pescadores. Tambi\u00e9n neg\u00f3 la existencia de aguas \u201crestringidas\u201d.<br \/>\nTaip\u00e9i responsabiliz\u00f3 a China y afirm\u00f3 que, el barco estaba en aguas prohibidas en la costa de las islas Kinmen, un territorio administrado por Taiw\u00e1n que est\u00e1 situado a pocos kil\u00f3metros de la ciudad china de Xiamen.<br \/>\nEl l\u00edder del Partido Democr\u00e1tico Progresista (PDP), Lai Ching-te, considerado por Pek\u00edn como un \u201csepararatista\u201d, gan\u00f3 las elecciones presidenciales de enero en Taiw\u00e1n.<br \/>\nEl incidente mar\u00edtimo se produjo en un momento de intensificaci\u00f3n de las tensiones en el estrecho de Taiw\u00e1n. (Infobae\/Afp\/Ap)<\/p>\n","protected":false},"excerpt":{"rendered":"<p>El r\u00e9gimen de China anunci\u00f3 ayer que intensificar\u00e1 las patrullas en las aguas cercanas a Taiw\u00e1n, tras la muerte de dos pescadores chinos en un incidente con una embarcaci\u00f3n de la guardia costera de Taiw\u00e1n. Seg\u00fan las autoridades chinas, la embarcaci\u00f3n con cuatro tripulantes volc\u00f3 el mi\u00e9rcoles cerca de las islas Kinmen, cuando era perseguida [&hellip;]<\/p>\n","protected":false},"author":1,"featured_media":203949,"comment_status":"open","ping_status":"open","sticky":false,"template":"","format":"standard","meta":{"_acf_changed":false,"footnotes":""},"categories":[3],"tags":[],"class_list":["post-203948","post","type-post","status-publish","format-standard","has-post-thumbnail","category-internacional"],"acf":{"antetitulo":"Tensi\u00f3n en el Pac\u00edfico"},"yoast_head":"<!-- This site is optimized with the Yoast SEO plugin v28.4 - https:\/\/yoast.com\/product\/yoast-seo-wordpress\/ -->\n<title>R\u00e9gimen de China intensificar\u00e1 las patrullas n\u00e1uticas cerca de Taiw\u00e1n - El Diario - Bolivia<\/title>\n<meta name=\"robots\" content=\"index, follow, max-snippet:-1, max-image-preview:large, max-video-preview:-1\" \/>\n<link rel=\"canonical\" href=\"https:\/\/www.eldiario.net\/portal\/2024\/02\/19\/regimen-de-china-intensificara-las-patrullas-nauticas-cerca-de-taiwan\/\" \/>\n<meta property=\"og:locale\" content=\"es_ES\" \/>\n<meta property=\"og:type\" content=\"article\" \/>\n<meta property=\"og:title\" content=\"R\u00e9gimen de China intensificar\u00e1 las patrullas n\u00e1uticas cerca de Taiw\u00e1n - El Diario - Bolivia\" \/>\n<meta property=\"og:description\" content=\"El r\u00e9gimen de China anunci\u00f3 ayer que intensificar\u00e1 las patrullas en las aguas cercanas a Taiw\u00e1n, tras la muerte de dos pescadores chinos en un incidente con una embarcaci\u00f3n de la guardia costera de Taiw\u00e1n. Seg\u00fan las autoridades chinas, la embarcaci\u00f3n con cuatro tripulantes volc\u00f3 el mi\u00e9rcoles cerca de las islas Kinmen, cuando era perseguida [&hellip;]\" \/>\n<meta property=\"og:url\" content=\"https:\/\/www.eldiario.net\/portal\/2024\/02\/19\/regimen-de-china-intensificara-las-patrullas-nauticas-cerca-de-taiwan\/\" \/>\n<meta property=\"og:site_name\" content=\"El Diario - Bolivia\" \/>\n<meta property=\"article:publisher\" content=\"https:\/\/www.facebook.com\/eldiario.bolivia\/\" \/>\n<meta property=\"article:published_time\" content=\"2024-02-19T10:41:13+00:00\" \/>\n<meta property=\"og:image\" content=\"https:\/\/www.eldiario.net\/portal\/wp-content\/uploads\/2024\/02\/BARCO-1.jpg\" \/>\n\t<meta property=\"og:image:width\" content=\"992\" \/>\n\t<meta property=\"og:image:height\" content=\"661\" \/>\n\t<meta property=\"og:image:type\" content=\"image\/jpeg\" \/>\n<meta name=\"author\" content=\"Jeanette\" \/>\n<meta name=\"twitter:card\" content=\"summary_large_image\" \/>\n<meta name=\"twitter:creator\" content=\"@eldiario_net\" \/>\n<meta name=\"twitter:site\" content=\"@eldiario_net\" \/>\n<meta name=\"twitter:label1\" content=\"Escrito por\" \/>\n\t<meta name=\"twitter:data1\" content=\"Jeanette\" \/>\n\t<meta name=\"twitter:label2\" content=\"Tiempo de lectura\" \/>\n\t<meta name=\"twitter:data2\" content=\"2 minutos\" \/>\n<script type=\"application\/ld+json\" class=\"yoast-schema-graph\">{\"@context\":\"https:\\\/\\\/schema.org\",\"@graph\":[{\"@type\":\"Article\",\"@id\":\"https:\\\/\\\/www.eldiario.net\\\/portal\\\/2024\\\/02\\\/19\\\/regimen-de-china-intensificara-las-patrullas-nauticas-cerca-de-taiwan\\\/#article\",\"isPartOf\":{\"@id\":\"https:\\\/\\\/www.eldiario.net\\\/portal\\\/2024\\\/02\\\/19\\\/regimen-de-china-intensificara-las-patrullas-nauticas-cerca-de-taiwan\\\/\"},\"author\":{\"name\":\"Jeanette\",\"@id\":\"https:\\\/\\\/www.eldiario.net\\\/portal\\\/#\\\/schema\\\/person\\\/f46445640444750d7d753ccd04ae01b7\"},\"headline\":\"R\u00e9gimen de China intensificar\u00e1 las patrullas n\u00e1uticas cerca de Taiw\u00e1n\",\"datePublished\":\"2024-02-19T10:41:13+00:00\",\"mainEntityOfPage\":{\"@id\":\"https:\\\/\\\/www.eldiario.net\\\/portal\\\/2024\\\/02\\\/19\\\/regimen-de-china-intensificara-las-patrullas-nauticas-cerca-de-taiwan\\\/\"},\"wordCount\":388,\"commentCount\":0,\"publisher\":{\"@id\":\"https:\\\/\\\/www.eldiario.net\\\/portal\\\/#organization\"},\"image\":{\"@id\":\"https:\\\/\\\/www.eldiario.net\\\/portal\\\/2024\\\/02\\\/19\\\/regimen-de-china-intensificara-las-patrullas-nauticas-cerca-de-taiwan\\\/#primaryimage\"},\"thumbnailUrl\":\"https:\\\/\\\/www.eldiario.net\\\/portal\\\/wp-content\\\/uploads\\\/2024\\\/02\\\/BARCO-1.jpg\",\"articleSection\":[\"Internacional\"],\"inLanguage\":\"es\",\"potentialAction\":[{\"@type\":\"CommentAction\",\"name\":\"Comment\",\"target\":[\"https:\\\/\\\/www.eldiario.net\\\/portal\\\/2024\\\/02\\\/19\\\/regimen-de-china-intensificara-las-patrullas-nauticas-cerca-de-taiwan\\\/#respond\"]}]},{\"@type\":\"WebPage\",\"@id\":\"https:\\\/\\\/www.eldiario.net\\\/portal\\\/2024\\\/02\\\/19\\\/regimen-de-china-intensificara-las-patrullas-nauticas-cerca-de-taiwan\\\/\",\"url\":\"https:\\\/\\\/www.eldiario.net\\\/portal\\\/2024\\\/02\\\/19\\\/regimen-de-china-intensificara-las-patrullas-nauticas-cerca-de-taiwan\\\/\",\"name\":\"R\u00e9gimen de China intensificar\u00e1 las patrullas n\u00e1uticas cerca de Taiw\u00e1n - El Diario - Bolivia\",\"isPartOf\":{\"@id\":\"https:\\\/\\\/www.eldiario.net\\\/portal\\\/#website\"},\"primaryImageOfPage\":{\"@id\":\"https:\\\/\\\/www.eldiario.net\\\/portal\\\/2024\\\/02\\\/19\\\/regimen-de-china-intensificara-las-patrullas-nauticas-cerca-de-taiwan\\\/#primaryimage\"},\"image\":{\"@id\":\"https:\\\/\\\/www.eldiario.net\\\/portal\\\/2024\\\/02\\\/19\\\/regimen-de-china-intensificara-las-patrullas-nauticas-cerca-de-taiwan\\\/#primaryimage\"},\"thumbnailUrl\":\"https:\\\/\\\/www.eldiario.net\\\/portal\\\/wp-content\\\/uploads\\\/2024\\\/02\\\/BARCO-1.jpg\",\"datePublished\":\"2024-02-19T10:41:13+00:00\",\"breadcrumb\":{\"@id\":\"https:\\\/\\\/www.eldiario.net\\\/portal\\\/2024\\\/02\\\/19\\\/regimen-de-china-intensificara-las-patrullas-nauticas-cerca-de-taiwan\\\/#breadcrumb\"},\"inLanguage\":\"es\",\"potentialAction\":[{\"@type\":\"ReadAction\",\"target\":[\"https:\\\/\\\/www.eldiario.net\\\/portal\\\/2024\\\/02\\\/19\\\/regimen-de-china-intensificara-las-patrullas-nauticas-cerca-de-taiwan\\\/\"]}]},{\"@type\":\"ImageObject\",\"inLanguage\":\"es\",\"@id\":\"https:\\\/\\\/www.eldiario.net\\\/portal\\\/2024\\\/02\\\/19\\\/regimen-de-china-intensificara-las-patrullas-nauticas-cerca-de-taiwan\\\/#primaryimage\",\"url\":\"https:\\\/\\\/www.eldiario.net\\\/portal\\\/wp-content\\\/uploads\\\/2024\\\/02\\\/BARCO-1.jpg\",\"contentUrl\":\"https:\\\/\\\/www.eldiario.net\\\/portal\\\/wp-content\\\/uploads\\\/2024\\\/02\\\/BARCO-1.jpg\",\"width\":992,\"height\":661,\"caption\":\"GUARDIAS INSPECCIONAN NAVE QUE NAUFRAG\u00d3 DURANTE UNA PERSECUCI\u00d3N. AP\"},{\"@type\":\"BreadcrumbList\",\"@id\":\"https:\\\/\\\/www.eldiario.net\\\/portal\\\/2024\\\/02\\\/19\\\/regimen-de-china-intensificara-las-patrullas-nauticas-cerca-de-taiwan\\\/#breadcrumb\",\"itemListElement\":[{\"@type\":\"ListItem\",\"position\":1,\"name\":\"Portada\",\"item\":\"https:\\\/\\\/www.eldiario.net\\\/portal\\\/\"},{\"@type\":\"ListItem\",\"position\":2,\"name\":\"R\u00e9gimen de China intensificar\u00e1 las patrullas n\u00e1uticas cerca de Taiw\u00e1n\"}]},{\"@type\":\"WebSite\",\"@id\":\"https:\\\/\\\/www.eldiario.net\\\/portal\\\/#website\",\"url\":\"https:\\\/\\\/www.eldiario.net\\\/portal\\\/\",\"name\":\"El Diario - Decano de la prensa nacional\",\"description\":\"El Diario - Decano de la prensa nacional\",\"publisher\":{\"@id\":\"https:\\\/\\\/www.eldiario.net\\\/portal\\\/#organization\"},\"potentialAction\":[{\"@type\":\"SearchAction\",\"target\":{\"@type\":\"EntryPoint\",\"urlTemplate\":\"https:\\\/\\\/www.eldiario.net\\\/portal\\\/?s={search_term_string}\"},\"query-input\":{\"@type\":\"PropertyValueSpecification\",\"valueRequired\":true,\"valueName\":\"search_term_string\"}}],\"inLanguage\":\"es\"},{\"@type\":\"Organization\",\"@id\":\"https:\\\/\\\/www.eldiario.net\\\/portal\\\/#organization\",\"name\":\"El Diario - Decano de la prensa nacional\",\"url\":\"https:\\\/\\\/www.eldiario.net\\\/portal\\\/\",\"logo\":{\"@type\":\"ImageObject\",\"inLanguage\":\"es\",\"@id\":\"https:\\\/\\\/www.eldiario.net\\\/portal\\\/#\\\/schema\\\/logo\\\/image\\\/\",\"url\":\"https:\\\/\\\/www.eldiario.net\\\/portal\\\/wp-content\\\/uploads\\\/2023\\\/07\\\/logo_ED.jpg\",\"contentUrl\":\"https:\\\/\\\/www.eldiario.net\\\/portal\\\/wp-content\\\/uploads\\\/2023\\\/07\\\/logo_ED.jpg\",\"width\":272,\"height\":52,\"caption\":\"El Diario - Decano de la prensa nacional\"},\"image\":{\"@id\":\"https:\\\/\\\/www.eldiario.net\\\/portal\\\/#\\\/schema\\\/logo\\\/image\\\/\"},\"sameAs\":[\"https:\\\/\\\/www.facebook.com\\\/eldiario.bolivia\\\/\",\"https:\\\/\\\/x.com\\\/eldiario_net\"]},{\"@type\":\"Person\",\"@id\":\"https:\\\/\\\/www.eldiario.net\\\/portal\\\/#\\\/schema\\\/person\\\/f46445640444750d7d753ccd04ae01b7\",\"name\":\"Jeanette\",\"image\":{\"@type\":\"ImageObject\",\"inLanguage\":\"es\",\"@id\":\"https:\\\/\\\/secure.gravatar.com\\\/avatar\\\/3ea2118a5f7dad2b7138b1187a6b7ee55f160b9968b66013c3a3ef39dd7e5798?s=96&d=mm&r=g\",\"url\":\"https:\\\/\\\/secure.gravatar.com\\\/avatar\\\/3ea2118a5f7dad2b7138b1187a6b7ee55f160b9968b66013c3a3ef39dd7e5798?s=96&d=mm&r=g\",\"contentUrl\":\"https:\\\/\\\/secure.gravatar.com\\\/avatar\\\/3ea2118a5f7dad2b7138b1187a6b7ee55f160b9968b66013c3a3ef39dd7e5798?s=96&d=mm&r=g\",\"caption\":\"Jeanette\"},\"sameAs\":[\"https:\\\/\\\/www.eldiario.net\\\/portal\"],\"url\":\"https:\\\/\\\/www.eldiario.net\\\/portal\\\/author\\\/jeanette\\\/\"}]}<\/script>\n<!-- \/ Yoast SEO plugin. -->","yoast_head_json":{"title":"R\u00e9gimen de China intensificar\u00e1 las patrullas n\u00e1uticas cerca de Taiw\u00e1n - El Diario - Bolivia","robots":{"index":"index","follow":"follow","max-snippet":"max-snippet:-1","max-image-preview":"max-image-preview:large","max-video-preview":"max-video-preview:-1"},"canonical":"https:\/\/www.eldiario.net\/portal\/2024\/02\/19\/regimen-de-china-intensificara-las-patrullas-nauticas-cerca-de-taiwan\/","og_locale":"es_ES","og_type":"article","og_title":"R\u00e9gimen de China intensificar\u00e1 las patrullas n\u00e1uticas cerca de Taiw\u00e1n - El Diario - Bolivia","og_description":"El r\u00e9gimen de China anunci\u00f3 ayer que intensificar\u00e1 las patrullas en las aguas cercanas a Taiw\u00e1n, tras la muerte de dos pescadores chinos en un incidente con una embarcaci\u00f3n de la guardia costera de Taiw\u00e1n. Seg\u00fan las autoridades chinas, la embarcaci\u00f3n con cuatro tripulantes volc\u00f3 el mi\u00e9rcoles cerca de las islas Kinmen, cuando era perseguida [&hellip;]","og_url":"https:\/\/www.eldiario.net\/portal\/2024\/02\/19\/regimen-de-china-intensificara-las-patrullas-nauticas-cerca-de-taiwan\/","og_site_name":"El Diario - Bolivia","article_publisher":"https:\/\/www.facebook.com\/eldiario.bolivia\/","article_published_time":"2024-02-19T10:41:13+00:00","og_image":[{"width":992,"height":661,"url":"https:\/\/www.eldiario.net\/portal\/wp-content\/uploads\/2024\/02\/BARCO-1.jpg","type":"image\/jpeg"}],"author":"Jeanette","twitter_card":"summary_large_image","twitter_creator":"@eldiario_net","twitter_site":"@eldiario_net","twitter_misc":{"Escrito por":"Jeanette","Tiempo de lectura":"2 minutos"},"schema":{"@context":"https:\/\/schema.org","@graph":[{"@type":"Article","@id":"https:\/\/www.eldiario.net\/portal\/2024\/02\/19\/regimen-de-china-intensificara-las-patrullas-nauticas-cerca-de-taiwan\/#article","isPartOf":{"@id":"https:\/\/www.eldiario.net\/portal\/2024\/02\/19\/regimen-de-china-intensificara-las-patrullas-nauticas-cerca-de-taiwan\/"},"author":{"name":"Jeanette","@id":"https:\/\/www.eldiario.net\/portal\/#\/schema\/person\/f46445640444750d7d753ccd04ae01b7"},"headline":"R\u00e9gimen de China intensificar\u00e1 las patrullas n\u00e1uticas cerca de Taiw\u00e1n","datePublished":"2024-02-19T10:41:13+00:00","mainEntityOfPage":{"@id":"https:\/\/www.eldiario.net\/portal\/2024\/02\/19\/regimen-de-china-intensificara-las-patrullas-nauticas-cerca-de-taiwan\/"},"wordCount":388,"commentCount":0,"publisher":{"@id":"https:\/\/www.eldiario.net\/portal\/#organization"},"image":{"@id":"https:\/\/www.eldiario.net\/portal\/2024\/02\/19\/regimen-de-china-intensificara-las-patrullas-nauticas-cerca-de-taiwan\/#primaryimage"},"thumbnailUrl":"https:\/\/www.eldiario.net\/portal\/wp-content\/uploads\/2024\/02\/BARCO-1.jpg","articleSection":["Internacional"],"inLanguage":"es","potentialAction":[{"@type":"CommentAction","name":"Comment","target":["https:\/\/www.eldiario.net\/portal\/2024\/02\/19\/regimen-de-china-intensificara-las-patrullas-nauticas-cerca-de-taiwan\/#respond"]}]},{"@type":"WebPage","@id":"https:\/\/www.eldiario.net\/portal\/2024\/02\/19\/regimen-de-china-intensificara-las-patrullas-nauticas-cerca-de-taiwan\/","url":"https:\/\/www.eldiario.net\/portal\/2024\/02\/19\/regimen-de-china-intensificara-las-patrullas-nauticas-cerca-de-taiwan\/","name":"R\u00e9gimen de China intensificar\u00e1 las patrullas n\u00e1uticas cerca de Taiw\u00e1n - El Diario - Bolivia","isPartOf":{"@id":"https:\/\/www.eldiario.net\/portal\/#website"},"primaryImageOfPage":{"@id":"https:\/\/www.eldiario.net\/portal\/2024\/02\/19\/regimen-de-china-intensificara-las-patrullas-nauticas-cerca-de-taiwan\/#primaryimage"},"image":{"@id":"https:\/\/www.eldiario.net\/portal\/2024\/02\/19\/regimen-de-china-intensificara-las-patrullas-nauticas-cerca-de-taiwan\/#primaryimage"},"thumbnailUrl":"https:\/\/www.eldiario.net\/portal\/wp-content\/uploads\/2024\/02\/BARCO-1.jpg","datePublished":"2024-02-19T10:41:13+00:00","breadcrumb":{"@id":"https:\/\/www.eldiario.net\/portal\/2024\/02\/19\/regimen-de-china-intensificara-las-patrullas-nauticas-cerca-de-taiwan\/#breadcrumb"},"inLanguage":"es","potentialAction":[{"@type":"ReadAction","target":["https:\/\/www.eldiario.net\/portal\/2024\/02\/19\/regimen-de-china-intensificara-las-patrullas-nauticas-cerca-de-taiwan\/"]}]},{"@type":"ImageObject","inLanguage":"es","@id":"https:\/\/www.eldiario.net\/portal\/2024\/02\/19\/regimen-de-china-intensificara-las-patrullas-nauticas-cerca-de-taiwan\/#primaryimage","url":"https:\/\/www.eldiario.net\/portal\/wp-content\/uploads\/2024\/02\/BARCO-1.jpg","contentUrl":"https:\/\/www.eldiario.net\/portal\/wp-content\/uploads\/2024\/02\/BARCO-1.jpg","width":992,"height":661,"caption":"GUARDIAS INSPECCIONAN NAVE QUE NAUFRAG\u00d3 DURANTE UNA PERSECUCI\u00d3N. AP"},{"@type":"BreadcrumbList","@id":"https:\/\/www.eldiario.net\/portal\/2024\/02\/19\/regimen-de-china-intensificara-las-patrullas-nauticas-cerca-de-taiwan\/#breadcrumb","itemListElement":[{"@type":"ListItem","position":1,"name":"Portada","item":"https:\/\/www.eldiario.net\/portal\/"},{"@type":"ListItem","position":2,"name":"R\u00e9gimen de China intensificar\u00e1 las patrullas n\u00e1uticas cerca de Taiw\u00e1n"}]},{"@type":"WebSite","@id":"https:\/\/www.eldiario.net\/portal\/#website","url":"https:\/\/www.eldiario.net\/portal\/","name":"El Diario - Decano de la prensa nacional","description":"El Diario - Decano de la prensa nacional","publisher":{"@id":"https:\/\/www.eldiario.net\/portal\/#organization"},"potentialAction":[{"@type":"SearchAction","target":{"@type":"EntryPoint","urlTemplate":"https:\/\/www.eldiario.net\/portal\/?s={search_term_string}"},"query-input":{"@type":"PropertyValueSpecification","valueRequired":true,"valueName":"search_term_string"}}],"inLanguage":"es"},{"@type":"Organization","@id":"https:\/\/www.eldiario.net\/portal\/#organization","name":"El Diario - Decano de la prensa nacional","url":"https:\/\/www.eldiario.net\/portal\/","logo":{"@type":"ImageObject","inLanguage":"es","@id":"https:\/\/www.eldiario.net\/portal\/#\/schema\/logo\/image\/","url":"https:\/\/www.eldiario.net\/portal\/wp-content\/uploads\/2023\/07\/logo_ED.jpg","contentUrl":"https:\/\/www.eldiario.net\/portal\/wp-content\/uploads\/2023\/07\/logo_ED.jpg","width":272,"height":52,"caption":"El Diario - Decano de la prensa nacional"},"image":{"@id":"https:\/\/www.eldiario.net\/portal\/#\/schema\/logo\/image\/"},"sameAs":["https:\/\/www.facebook.com\/eldiario.bolivia\/","https:\/\/x.com\/eldiario_net"]},{"@type":"Person","@id":"https:\/\/www.eldiario.net\/portal\/#\/schema\/person\/f46445640444750d7d753ccd04ae01b7","name":"Jeanette","image":{"@type":"ImageObject","inLanguage":"es","@id":"https:\/\/secure.gravatar.com\/avatar\/3ea2118a5f7dad2b7138b1187a6b7ee55f160b9968b66013c3a3ef39dd7e5798?s=96&d=mm&r=g","url":"https:\/\/secure.gravatar.com\/avatar\/3ea2118a5f7dad2b7138b1187a6b7ee55f160b9968b66013c3a3ef39dd7e5798?s=96&d=mm&r=g","contentUrl":"https:\/\/secure.gravatar.com\/avatar\/3ea2118a5f7dad2b7138b1187a6b7ee55f160b9968b66013c3a3ef39dd7e5798?s=96&d=mm&r=g","caption":"Jeanette"},"sameAs":["https:\/\/www.eldiario.net\/portal"],"url":"https:\/\/www.eldiario.net\/portal\/author\/jeanette\/"}]}},"_links":{"self":[{"href":"https:\/\/www.eldiario.net\/portal\/wp-json\/wp\/v2\/posts\/203948","targetHints":{"allow":["GET"]}}],"collection":[{"href":"https:\/\/www.eldiario.net\/portal\/wp-json\/wp\/v2\/posts"}],"about":[{"href":"https:\/\/www.eldiario.net\/portal\/wp-json\/wp\/v2\/types\/post"}],"author":[{"embeddable":true,"href":"https:\/\/www.eldiario.net\/portal\/wp-json\/wp\/v2\/users\/1"}],"replies":[{"embeddable":true,"href":"https:\/\/www.eldiario.net\/portal\/wp-json\/wp\/v2\/comments?post=203948"}],"version-history":[{"count":1,"href":"https:\/\/www.eldiario.net\/portal\/wp-json\/wp\/v2\/posts\/203948\/revisions"}],"predecessor-version":[{"id":203950,"href":"https:\/\/www.eldiario.net\/portal\/wp-json\/wp\/v2\/posts\/203948\/revisions\/203950"}],"wp:featuredmedia":[{"embeddable":true,"href":"https:\/\/www.eldiario.net\/portal\/wp-json\/wp\/v2\/media\/203949"}],"wp:attachment":[{"href":"https:\/\/www.eldiario.net\/portal\/wp-json\/wp\/v2\/media?parent=203948"}],"wp:term":[{"taxonomy":"category","embeddable":true,"href":"https:\/\/www.eldiario.net\/portal\/wp-json\/wp\/v2\/categories?post=203948"},{"taxonomy":"post_tag","embeddable":true,"href":"https:\/\/www.eldiario.net\/portal\/wp-json\/wp\/v2\/tags?post=203948"}],"curies":[{"name":"wp","href":"https:\/\/api.w.org\/{rel}","templated":true}]}}