{"id":203945,"date":"2024-02-19T06:40:35","date_gmt":"2024-02-19T10:40:35","guid":{"rendered":"https:\/\/www.eldiario.net\/portal\/?p=203945"},"modified":"2024-02-19T06:40:35","modified_gmt":"2024-02-19T10:40:35","slug":"israel-convoca-a-embajador-de-brasil-tras-los-dichos-de-lula","status":"publish","type":"post","link":"https:\/\/www.eldiario.net\/portal\/2024\/02\/19\/israel-convoca-a-embajador-de-brasil-tras-los-dichos-de-lula\/","title":{"rendered":"Israel convoca a embajador de  Brasil tras los dichos de Lula"},"content":{"rendered":"<p>El ministro de Exteriores israel\u00ed, Israel Katz, convoc\u00f3 ayer al embajador brasile\u00f1o en el pa\u00eds, Frederico Meyer, para una \u201cllamada de atenci\u00f3n\u201d que se realizar\u00e1 hoy, luego de que el presidente de Brasil, Luiz In\u00e1cio Lula da Silva, acusara a Israel de estar emulando a Adolf Hitler al cometer un \u201cgenocidio\u201d en la Franja de Gaza.<br \/>\nDurante la celebraci\u00f3n ayer de la 37\u00aa Cumbre Ordinaria de Jefes de Estado y de Gobierno de la Uni\u00f3n Africana (UA), en Ad\u00eds Abeba (Etiop\u00eda), Lula critic\u00f3 la guerra que Israel mantiene en Gaza desde el 7 de octubre de 2023 tras los brutales ataques del grupo terrorista palestino Ham\u00e1s contra territorio israel\u00ed, en los que murieron unas 1.200 personas y unas 250 fueron secuestradas.<br \/>\nEl ministro israel\u00ed de Defensa, Yoav Gallant, tambi\u00e9n critic\u00f3 a Lula en X por apoyar, seg\u00fan dijo, a una organizaci\u00f3n terrorista genocida, Ham\u00e1s y al hacerlo, avergonzar a su pueblo.<br \/>\nPor su parte, Benjam\u00edn Netanyahu, calific\u00f3 las palabras de Lula de \u201cvergonzosas y graves\u201d, argument\u00f3 que buscan \u201ctrivializar el Holocausto\u201d y el derecho de Israel a defenderse.<br \/>\n\u201cComparar a Israel con el Holocausto nazi y con Hitler es cruzar una l\u00ednea roja. Israel lucha por su defensa y por asegurar su futuro hasta la victoria total y lo hace respetando el derecho internacional\u201d, a\u00f1adi\u00f3 Netanyahu en un comunicado.<br \/>\nLas declaraciones de ayer son las m\u00e1s contundentes emitidas hasta ahora sobre el conflicto por Lula, un importante representante de los pa\u00edses del sur global y que ocupa la presidencia rotatoria del G20.<br \/>\nEl mandatario brasile\u00f1o viaj\u00f3 esta semana a Egipto y Etiop\u00eda para profundizar el acercamiento pol\u00edtico y econ\u00f3mico de su pa\u00eds con el continente africano, al que ya le unen lazos culturales e hist\u00f3ricos.<br \/>\nAnte la asamblea anual de la Uni\u00f3n Africana, una cumbre de jefes de Estado de los 55 pa\u00edses del continente, Lula volvi\u00f3 a defender la existencia de un Estado palestino.<br \/>\n\u201cUn Estado Palestino que sea reconocido como miembro de Estados Unidas. De una ONU fortalecida y con un Consejo de Seguridad m\u00e1s representativo, sin pa\u00edses con poder de veto y con miembros permanentes de \u00c1frica y Am\u00e9rica Latina\u201d, apunt\u00f3.<br \/>\nLula, que tambi\u00e9n se reuni\u00f3 el s\u00e1bado con el primer ministro palestino, Mohammad Shtayyeh, afirm\u00f3 que Brasil incrementar\u00e1 su contribuci\u00f3n a la Agencia de Naciones Unidas para los Refugiados de Palestina (Unrwa). (Infobae\/Efe\/Afp)<\/p>\n","protected":false},"excerpt":{"rendered":"<p>El ministro de Exteriores israel\u00ed, Israel Katz, convoc\u00f3 ayer al embajador brasile\u00f1o en el pa\u00eds, Frederico Meyer, para una \u201cllamada de atenci\u00f3n\u201d que se realizar\u00e1 hoy, luego de que el presidente de Brasil, Luiz In\u00e1cio Lula da Silva, acusara a Israel de estar emulando a Adolf Hitler al cometer un \u201cgenocidio\u201d en la Franja de [&hellip;]<\/p>\n","protected":false},"author":1,"featured_media":203946,"comment_status":"open","ping_status":"open","sticky":false,"template":"","format":"standard","meta":{"_acf_changed":false,"footnotes":""},"categories":[3],"tags":[],"class_list":["post-203945","post","type-post","status-publish","format-standard","has-post-thumbnail","category-internacional"],"acf":{"antetitulo":"Sobre la guerra en Gaza"},"yoast_head":"<!-- This site is optimized with the Yoast SEO plugin v28.4 - https:\/\/yoast.com\/product\/yoast-seo-wordpress\/ -->\n<title>Israel convoca a embajador de Brasil tras los dichos de Lula - El Diario - Bolivia<\/title>\n<meta name=\"robots\" content=\"index, follow, max-snippet:-1, max-image-preview:large, max-video-preview:-1\" \/>\n<link rel=\"canonical\" href=\"https:\/\/www.eldiario.net\/portal\/2024\/02\/19\/israel-convoca-a-embajador-de-brasil-tras-los-dichos-de-lula\/\" \/>\n<meta property=\"og:locale\" content=\"es_ES\" \/>\n<meta property=\"og:type\" content=\"article\" \/>\n<meta property=\"og:title\" content=\"Israel convoca a embajador de Brasil tras los dichos de Lula - El Diario - Bolivia\" \/>\n<meta property=\"og:description\" content=\"El ministro de Exteriores israel\u00ed, Israel Katz, convoc\u00f3 ayer al embajador brasile\u00f1o en el pa\u00eds, Frederico Meyer, para una \u201cllamada de atenci\u00f3n\u201d que se realizar\u00e1 hoy, luego de que el presidente de Brasil, Luiz In\u00e1cio Lula da Silva, acusara a Israel de estar emulando a Adolf Hitler al cometer un \u201cgenocidio\u201d en la Franja de [&hellip;]\" \/>\n<meta property=\"og:url\" content=\"https:\/\/www.eldiario.net\/portal\/2024\/02\/19\/israel-convoca-a-embajador-de-brasil-tras-los-dichos-de-lula\/\" \/>\n<meta property=\"og:site_name\" content=\"El Diario - Bolivia\" \/>\n<meta property=\"article:publisher\" content=\"https:\/\/www.facebook.com\/eldiario.bolivia\/\" \/>\n<meta property=\"article:published_time\" content=\"2024-02-19T10:40:35+00:00\" \/>\n<meta property=\"og:image\" content=\"https:\/\/www.eldiario.net\/portal\/wp-content\/uploads\/2024\/02\/KATZ-scaled.jpg\" \/>\n\t<meta property=\"og:image:width\" content=\"2560\" \/>\n\t<meta property=\"og:image:height\" content=\"1706\" \/>\n\t<meta property=\"og:image:type\" content=\"image\/jpeg\" \/>\n<meta name=\"author\" content=\"Jeanette\" \/>\n<meta name=\"twitter:card\" content=\"summary_large_image\" \/>\n<meta name=\"twitter:creator\" content=\"@eldiario_net\" \/>\n<meta name=\"twitter:site\" content=\"@eldiario_net\" \/>\n<meta name=\"twitter:label1\" content=\"Escrito por\" \/>\n\t<meta name=\"twitter:data1\" content=\"Jeanette\" \/>\n\t<meta name=\"twitter:label2\" content=\"Tiempo de lectura\" \/>\n\t<meta name=\"twitter:data2\" content=\"2 minutos\" \/>\n<script type=\"application\/ld+json\" class=\"yoast-schema-graph\">{\"@context\":\"https:\\\/\\\/schema.org\",\"@graph\":[{\"@type\":\"Article\",\"@id\":\"https:\\\/\\\/www.eldiario.net\\\/portal\\\/2024\\\/02\\\/19\\\/israel-convoca-a-embajador-de-brasil-tras-los-dichos-de-lula\\\/#article\",\"isPartOf\":{\"@id\":\"https:\\\/\\\/www.eldiario.net\\\/portal\\\/2024\\\/02\\\/19\\\/israel-convoca-a-embajador-de-brasil-tras-los-dichos-de-lula\\\/\"},\"author\":{\"name\":\"Jeanette\",\"@id\":\"https:\\\/\\\/www.eldiario.net\\\/portal\\\/#\\\/schema\\\/person\\\/f46445640444750d7d753ccd04ae01b7\"},\"headline\":\"Israel convoca a embajador de Brasil tras los dichos de Lula\",\"datePublished\":\"2024-02-19T10:40:35+00:00\",\"mainEntityOfPage\":{\"@id\":\"https:\\\/\\\/www.eldiario.net\\\/portal\\\/2024\\\/02\\\/19\\\/israel-convoca-a-embajador-de-brasil-tras-los-dichos-de-lula\\\/\"},\"wordCount\":426,\"commentCount\":0,\"publisher\":{\"@id\":\"https:\\\/\\\/www.eldiario.net\\\/portal\\\/#organization\"},\"image\":{\"@id\":\"https:\\\/\\\/www.eldiario.net\\\/portal\\\/2024\\\/02\\\/19\\\/israel-convoca-a-embajador-de-brasil-tras-los-dichos-de-lula\\\/#primaryimage\"},\"thumbnailUrl\":\"https:\\\/\\\/www.eldiario.net\\\/portal\\\/wp-content\\\/uploads\\\/2024\\\/02\\\/KATZ-scaled.jpg\",\"articleSection\":[\"Internacional\"],\"inLanguage\":\"es\",\"potentialAction\":[{\"@type\":\"CommentAction\",\"name\":\"Comment\",\"target\":[\"https:\\\/\\\/www.eldiario.net\\\/portal\\\/2024\\\/02\\\/19\\\/israel-convoca-a-embajador-de-brasil-tras-los-dichos-de-lula\\\/#respond\"]}]},{\"@type\":\"WebPage\",\"@id\":\"https:\\\/\\\/www.eldiario.net\\\/portal\\\/2024\\\/02\\\/19\\\/israel-convoca-a-embajador-de-brasil-tras-los-dichos-de-lula\\\/\",\"url\":\"https:\\\/\\\/www.eldiario.net\\\/portal\\\/2024\\\/02\\\/19\\\/israel-convoca-a-embajador-de-brasil-tras-los-dichos-de-lula\\\/\",\"name\":\"Israel convoca a embajador de Brasil tras los dichos de Lula - El Diario - Bolivia\",\"isPartOf\":{\"@id\":\"https:\\\/\\\/www.eldiario.net\\\/portal\\\/#website\"},\"primaryImageOfPage\":{\"@id\":\"https:\\\/\\\/www.eldiario.net\\\/portal\\\/2024\\\/02\\\/19\\\/israel-convoca-a-embajador-de-brasil-tras-los-dichos-de-lula\\\/#primaryimage\"},\"image\":{\"@id\":\"https:\\\/\\\/www.eldiario.net\\\/portal\\\/2024\\\/02\\\/19\\\/israel-convoca-a-embajador-de-brasil-tras-los-dichos-de-lula\\\/#primaryimage\"},\"thumbnailUrl\":\"https:\\\/\\\/www.eldiario.net\\\/portal\\\/wp-content\\\/uploads\\\/2024\\\/02\\\/KATZ-scaled.jpg\",\"datePublished\":\"2024-02-19T10:40:35+00:00\",\"breadcrumb\":{\"@id\":\"https:\\\/\\\/www.eldiario.net\\\/portal\\\/2024\\\/02\\\/19\\\/israel-convoca-a-embajador-de-brasil-tras-los-dichos-de-lula\\\/#breadcrumb\"},\"inLanguage\":\"es\",\"potentialAction\":[{\"@type\":\"ReadAction\",\"target\":[\"https:\\\/\\\/www.eldiario.net\\\/portal\\\/2024\\\/02\\\/19\\\/israel-convoca-a-embajador-de-brasil-tras-los-dichos-de-lula\\\/\"]}]},{\"@type\":\"ImageObject\",\"inLanguage\":\"es\",\"@id\":\"https:\\\/\\\/www.eldiario.net\\\/portal\\\/2024\\\/02\\\/19\\\/israel-convoca-a-embajador-de-brasil-tras-los-dichos-de-lula\\\/#primaryimage\",\"url\":\"https:\\\/\\\/www.eldiario.net\\\/portal\\\/wp-content\\\/uploads\\\/2024\\\/02\\\/KATZ-scaled.jpg\",\"contentUrl\":\"https:\\\/\\\/www.eldiario.net\\\/portal\\\/wp-content\\\/uploads\\\/2024\\\/02\\\/KATZ-scaled.jpg\",\"width\":2560,\"height\":1706,\"caption\":\"ISRAEL KATZ, AUTORIDAD DE EXTERIORES DE ISRAEL, PIDI\u00d3 REUNIRSE CON SU SIMILAR DE BRASIL. Infobae\"},{\"@type\":\"BreadcrumbList\",\"@id\":\"https:\\\/\\\/www.eldiario.net\\\/portal\\\/2024\\\/02\\\/19\\\/israel-convoca-a-embajador-de-brasil-tras-los-dichos-de-lula\\\/#breadcrumb\",\"itemListElement\":[{\"@type\":\"ListItem\",\"position\":1,\"name\":\"Portada\",\"item\":\"https:\\\/\\\/www.eldiario.net\\\/portal\\\/\"},{\"@type\":\"ListItem\",\"position\":2,\"name\":\"Israel convoca a embajador de Brasil tras los dichos de Lula\"}]},{\"@type\":\"WebSite\",\"@id\":\"https:\\\/\\\/www.eldiario.net\\\/portal\\\/#website\",\"url\":\"https:\\\/\\\/www.eldiario.net\\\/portal\\\/\",\"name\":\"El Diario - Decano de la prensa nacional\",\"description\":\"El Diario - Decano de la prensa nacional\",\"publisher\":{\"@id\":\"https:\\\/\\\/www.eldiario.net\\\/portal\\\/#organization\"},\"potentialAction\":[{\"@type\":\"SearchAction\",\"target\":{\"@type\":\"EntryPoint\",\"urlTemplate\":\"https:\\\/\\\/www.eldiario.net\\\/portal\\\/?s={search_term_string}\"},\"query-input\":{\"@type\":\"PropertyValueSpecification\",\"valueRequired\":true,\"valueName\":\"search_term_string\"}}],\"inLanguage\":\"es\"},{\"@type\":\"Organization\",\"@id\":\"https:\\\/\\\/www.eldiario.net\\\/portal\\\/#organization\",\"name\":\"El Diario - Decano de la prensa nacional\",\"url\":\"https:\\\/\\\/www.eldiario.net\\\/portal\\\/\",\"logo\":{\"@type\":\"ImageObject\",\"inLanguage\":\"es\",\"@id\":\"https:\\\/\\\/www.eldiario.net\\\/portal\\\/#\\\/schema\\\/logo\\\/image\\\/\",\"url\":\"https:\\\/\\\/www.eldiario.net\\\/portal\\\/wp-content\\\/uploads\\\/2023\\\/07\\\/logo_ED.jpg\",\"contentUrl\":\"https:\\\/\\\/www.eldiario.net\\\/portal\\\/wp-content\\\/uploads\\\/2023\\\/07\\\/logo_ED.jpg\",\"width\":272,\"height\":52,\"caption\":\"El Diario - Decano de la prensa nacional\"},\"image\":{\"@id\":\"https:\\\/\\\/www.eldiario.net\\\/portal\\\/#\\\/schema\\\/logo\\\/image\\\/\"},\"sameAs\":[\"https:\\\/\\\/www.facebook.com\\\/eldiario.bolivia\\\/\",\"https:\\\/\\\/x.com\\\/eldiario_net\"]},{\"@type\":\"Person\",\"@id\":\"https:\\\/\\\/www.eldiario.net\\\/portal\\\/#\\\/schema\\\/person\\\/f46445640444750d7d753ccd04ae01b7\",\"name\":\"Jeanette\",\"image\":{\"@type\":\"ImageObject\",\"inLanguage\":\"es\",\"@id\":\"https:\\\/\\\/secure.gravatar.com\\\/avatar\\\/3ea2118a5f7dad2b7138b1187a6b7ee55f160b9968b66013c3a3ef39dd7e5798?s=96&d=mm&r=g\",\"url\":\"https:\\\/\\\/secure.gravatar.com\\\/avatar\\\/3ea2118a5f7dad2b7138b1187a6b7ee55f160b9968b66013c3a3ef39dd7e5798?s=96&d=mm&r=g\",\"contentUrl\":\"https:\\\/\\\/secure.gravatar.com\\\/avatar\\\/3ea2118a5f7dad2b7138b1187a6b7ee55f160b9968b66013c3a3ef39dd7e5798?s=96&d=mm&r=g\",\"caption\":\"Jeanette\"},\"sameAs\":[\"https:\\\/\\\/www.eldiario.net\\\/portal\"],\"url\":\"https:\\\/\\\/www.eldiario.net\\\/portal\\\/author\\\/jeanette\\\/\"}]}<\/script>\n<!-- \/ Yoast SEO plugin. -->","yoast_head_json":{"title":"Israel convoca a embajador de Brasil tras los dichos de Lula - El Diario - Bolivia","robots":{"index":"index","follow":"follow","max-snippet":"max-snippet:-1","max-image-preview":"max-image-preview:large","max-video-preview":"max-video-preview:-1"},"canonical":"https:\/\/www.eldiario.net\/portal\/2024\/02\/19\/israel-convoca-a-embajador-de-brasil-tras-los-dichos-de-lula\/","og_locale":"es_ES","og_type":"article","og_title":"Israel convoca a embajador de Brasil tras los dichos de Lula - El Diario - Bolivia","og_description":"El ministro de Exteriores israel\u00ed, Israel Katz, convoc\u00f3 ayer al embajador brasile\u00f1o en el pa\u00eds, Frederico Meyer, para una \u201cllamada de atenci\u00f3n\u201d que se realizar\u00e1 hoy, luego de que el presidente de Brasil, Luiz In\u00e1cio Lula da Silva, acusara a Israel de estar emulando a Adolf Hitler al cometer un \u201cgenocidio\u201d en la Franja de [&hellip;]","og_url":"https:\/\/www.eldiario.net\/portal\/2024\/02\/19\/israel-convoca-a-embajador-de-brasil-tras-los-dichos-de-lula\/","og_site_name":"El Diario - Bolivia","article_publisher":"https:\/\/www.facebook.com\/eldiario.bolivia\/","article_published_time":"2024-02-19T10:40:35+00:00","og_image":[{"width":2560,"height":1706,"url":"https:\/\/www.eldiario.net\/portal\/wp-content\/uploads\/2024\/02\/KATZ-scaled.jpg","type":"image\/jpeg"}],"author":"Jeanette","twitter_card":"summary_large_image","twitter_creator":"@eldiario_net","twitter_site":"@eldiario_net","twitter_misc":{"Escrito por":"Jeanette","Tiempo de lectura":"2 minutos"},"schema":{"@context":"https:\/\/schema.org","@graph":[{"@type":"Article","@id":"https:\/\/www.eldiario.net\/portal\/2024\/02\/19\/israel-convoca-a-embajador-de-brasil-tras-los-dichos-de-lula\/#article","isPartOf":{"@id":"https:\/\/www.eldiario.net\/portal\/2024\/02\/19\/israel-convoca-a-embajador-de-brasil-tras-los-dichos-de-lula\/"},"author":{"name":"Jeanette","@id":"https:\/\/www.eldiario.net\/portal\/#\/schema\/person\/f46445640444750d7d753ccd04ae01b7"},"headline":"Israel convoca a embajador de Brasil tras los dichos de Lula","datePublished":"2024-02-19T10:40:35+00:00","mainEntityOfPage":{"@id":"https:\/\/www.eldiario.net\/portal\/2024\/02\/19\/israel-convoca-a-embajador-de-brasil-tras-los-dichos-de-lula\/"},"wordCount":426,"commentCount":0,"publisher":{"@id":"https:\/\/www.eldiario.net\/portal\/#organization"},"image":{"@id":"https:\/\/www.eldiario.net\/portal\/2024\/02\/19\/israel-convoca-a-embajador-de-brasil-tras-los-dichos-de-lula\/#primaryimage"},"thumbnailUrl":"https:\/\/www.eldiario.net\/portal\/wp-content\/uploads\/2024\/02\/KATZ-scaled.jpg","articleSection":["Internacional"],"inLanguage":"es","potentialAction":[{"@type":"CommentAction","name":"Comment","target":["https:\/\/www.eldiario.net\/portal\/2024\/02\/19\/israel-convoca-a-embajador-de-brasil-tras-los-dichos-de-lula\/#respond"]}]},{"@type":"WebPage","@id":"https:\/\/www.eldiario.net\/portal\/2024\/02\/19\/israel-convoca-a-embajador-de-brasil-tras-los-dichos-de-lula\/","url":"https:\/\/www.eldiario.net\/portal\/2024\/02\/19\/israel-convoca-a-embajador-de-brasil-tras-los-dichos-de-lula\/","name":"Israel convoca a embajador de Brasil tras los dichos de Lula - El Diario - Bolivia","isPartOf":{"@id":"https:\/\/www.eldiario.net\/portal\/#website"},"primaryImageOfPage":{"@id":"https:\/\/www.eldiario.net\/portal\/2024\/02\/19\/israel-convoca-a-embajador-de-brasil-tras-los-dichos-de-lula\/#primaryimage"},"image":{"@id":"https:\/\/www.eldiario.net\/portal\/2024\/02\/19\/israel-convoca-a-embajador-de-brasil-tras-los-dichos-de-lula\/#primaryimage"},"thumbnailUrl":"https:\/\/www.eldiario.net\/portal\/wp-content\/uploads\/2024\/02\/KATZ-scaled.jpg","datePublished":"2024-02-19T10:40:35+00:00","breadcrumb":{"@id":"https:\/\/www.eldiario.net\/portal\/2024\/02\/19\/israel-convoca-a-embajador-de-brasil-tras-los-dichos-de-lula\/#breadcrumb"},"inLanguage":"es","potentialAction":[{"@type":"ReadAction","target":["https:\/\/www.eldiario.net\/portal\/2024\/02\/19\/israel-convoca-a-embajador-de-brasil-tras-los-dichos-de-lula\/"]}]},{"@type":"ImageObject","inLanguage":"es","@id":"https:\/\/www.eldiario.net\/portal\/2024\/02\/19\/israel-convoca-a-embajador-de-brasil-tras-los-dichos-de-lula\/#primaryimage","url":"https:\/\/www.eldiario.net\/portal\/wp-content\/uploads\/2024\/02\/KATZ-scaled.jpg","contentUrl":"https:\/\/www.eldiario.net\/portal\/wp-content\/uploads\/2024\/02\/KATZ-scaled.jpg","width":2560,"height":1706,"caption":"ISRAEL KATZ, AUTORIDAD DE EXTERIORES DE ISRAEL, PIDI\u00d3 REUNIRSE CON SU SIMILAR DE BRASIL. Infobae"},{"@type":"BreadcrumbList","@id":"https:\/\/www.eldiario.net\/portal\/2024\/02\/19\/israel-convoca-a-embajador-de-brasil-tras-los-dichos-de-lula\/#breadcrumb","itemListElement":[{"@type":"ListItem","position":1,"name":"Portada","item":"https:\/\/www.eldiario.net\/portal\/"},{"@type":"ListItem","position":2,"name":"Israel convoca a embajador de Brasil tras los dichos de Lula"}]},{"@type":"WebSite","@id":"https:\/\/www.eldiario.net\/portal\/#website","url":"https:\/\/www.eldiario.net\/portal\/","name":"El Diario - Decano de la prensa nacional","description":"El Diario - Decano de la prensa nacional","publisher":{"@id":"https:\/\/www.eldiario.net\/portal\/#organization"},"potentialAction":[{"@type":"SearchAction","target":{"@type":"EntryPoint","urlTemplate":"https:\/\/www.eldiario.net\/portal\/?s={search_term_string}"},"query-input":{"@type":"PropertyValueSpecification","valueRequired":true,"valueName":"search_term_string"}}],"inLanguage":"es"},{"@type":"Organization","@id":"https:\/\/www.eldiario.net\/portal\/#organization","name":"El Diario - Decano de la prensa nacional","url":"https:\/\/www.eldiario.net\/portal\/","logo":{"@type":"ImageObject","inLanguage":"es","@id":"https:\/\/www.eldiario.net\/portal\/#\/schema\/logo\/image\/","url":"https:\/\/www.eldiario.net\/portal\/wp-content\/uploads\/2023\/07\/logo_ED.jpg","contentUrl":"https:\/\/www.eldiario.net\/portal\/wp-content\/uploads\/2023\/07\/logo_ED.jpg","width":272,"height":52,"caption":"El Diario - Decano de la prensa nacional"},"image":{"@id":"https:\/\/www.eldiario.net\/portal\/#\/schema\/logo\/image\/"},"sameAs":["https:\/\/www.facebook.com\/eldiario.bolivia\/","https:\/\/x.com\/eldiario_net"]},{"@type":"Person","@id":"https:\/\/www.eldiario.net\/portal\/#\/schema\/person\/f46445640444750d7d753ccd04ae01b7","name":"Jeanette","image":{"@type":"ImageObject","inLanguage":"es","@id":"https:\/\/secure.gravatar.com\/avatar\/3ea2118a5f7dad2b7138b1187a6b7ee55f160b9968b66013c3a3ef39dd7e5798?s=96&d=mm&r=g","url":"https:\/\/secure.gravatar.com\/avatar\/3ea2118a5f7dad2b7138b1187a6b7ee55f160b9968b66013c3a3ef39dd7e5798?s=96&d=mm&r=g","contentUrl":"https:\/\/secure.gravatar.com\/avatar\/3ea2118a5f7dad2b7138b1187a6b7ee55f160b9968b66013c3a3ef39dd7e5798?s=96&d=mm&r=g","caption":"Jeanette"},"sameAs":["https:\/\/www.eldiario.net\/portal"],"url":"https:\/\/www.eldiario.net\/portal\/author\/jeanette\/"}]}},"_links":{"self":[{"href":"https:\/\/www.eldiario.net\/portal\/wp-json\/wp\/v2\/posts\/203945","targetHints":{"allow":["GET"]}}],"collection":[{"href":"https:\/\/www.eldiario.net\/portal\/wp-json\/wp\/v2\/posts"}],"about":[{"href":"https:\/\/www.eldiario.net\/portal\/wp-json\/wp\/v2\/types\/post"}],"author":[{"embeddable":true,"href":"https:\/\/www.eldiario.net\/portal\/wp-json\/wp\/v2\/users\/1"}],"replies":[{"embeddable":true,"href":"https:\/\/www.eldiario.net\/portal\/wp-json\/wp\/v2\/comments?post=203945"}],"version-history":[{"count":1,"href":"https:\/\/www.eldiario.net\/portal\/wp-json\/wp\/v2\/posts\/203945\/revisions"}],"predecessor-version":[{"id":203947,"href":"https:\/\/www.eldiario.net\/portal\/wp-json\/wp\/v2\/posts\/203945\/revisions\/203947"}],"wp:featuredmedia":[{"embeddable":true,"href":"https:\/\/www.eldiario.net\/portal\/wp-json\/wp\/v2\/media\/203946"}],"wp:attachment":[{"href":"https:\/\/www.eldiario.net\/portal\/wp-json\/wp\/v2\/media?parent=203945"}],"wp:term":[{"taxonomy":"category","embeddable":true,"href":"https:\/\/www.eldiario.net\/portal\/wp-json\/wp\/v2\/categories?post=203945"},{"taxonomy":"post_tag","embeddable":true,"href":"https:\/\/www.eldiario.net\/portal\/wp-json\/wp\/v2\/tags?post=203945"}],"curies":[{"name":"wp","href":"https:\/\/api.w.org\/{rel}","templated":true}]}}