{"id":203943,"date":"2024-02-19T06:39:30","date_gmt":"2024-02-19T10:39:30","guid":{"rendered":"https:\/\/www.eldiario.net\/portal\/?p=203943"},"modified":"2024-02-19T06:39:30","modified_gmt":"2024-02-19T10:39:30","slug":"suben-a-133-el-balance-provisional-de-muertos-por-incendios-en-chile","status":"publish","type":"post","link":"https:\/\/www.eldiario.net\/portal\/2024\/02\/19\/suben-a-133-el-balance-provisional-de-muertos-por-incendios-en-chile\/","title":{"rendered":"Suben a 133 el balance provisional  de muertos por incendios en Chile"},"content":{"rendered":"<p>El Servicio M\u00e9dico Legal de Chile (SML) elev\u00f3 a 133 el recuento provisional de v\u00edctimas mortales por los incendios forestales que azotaron la regi\u00f3n de Valpara\u00edso, considerados el mayor desastre natural del pa\u00eds sudamericano desde el terremoto de 2010.<br \/>\nEl organismo tambi\u00e9n indic\u00f3 que hasta el momento se identificaron a 108 v\u00edctimas.<br \/>\nEn el comunicado que fue actualizado, el SML recalc\u00f3 que contin\u00faa desplegando \u00abtodos sus esfuerzos por entregar una pronta respuesta a los afectados por esta tragedia\u00bb, a quienes reiteraron sus m\u00e1s sentidas condolencias.<br \/>\nA parte tambi\u00e9n se realiz\u00f3 una nueva sesi\u00f3n del Comit\u00e9 para la Gesti\u00f3n de Riesgo y Desastres (Cogrid) de Valpara\u00edso, en la que el jefe de Defensa Nacional, Daniel Mu\u00f1oz, se\u00f1al\u00f3 que hasta el momento se detuvo a 180 personas por incumplimiento del toque de queda y de la restricci\u00f3n de veh\u00edculos en las zonas afectadas.<br \/>\n\u00abHemos avanzado bastante en ir acortando brechas respecto a lo que tenemos que hacer para lograr restablecer los servicios a todos aquellos pobladores afectados\u00bb, explic\u00f3 M\u00fa\u00f1oz, quien describi\u00f3 esta \u00faltima medida como necesaria.<br \/>\nPor esta raz\u00f3n, Mu\u00f1oz solicit\u00f3 que se respeten las medidas que se impusieron en la zona: \u00abRespeten, por favor, esta norma de no ingresar a las zonas afectadas hasta despu\u00e9s de las 17.00 horas y hasta la hora del toque de queda\u00bb. (Europa Press)<\/p>\n","protected":false},"excerpt":{"rendered":"<p>El Servicio M\u00e9dico Legal de Chile (SML) elev\u00f3 a 133 el recuento provisional de v\u00edctimas mortales por los incendios forestales que azotaron la regi\u00f3n de Valpara\u00edso, considerados el mayor desastre natural del pa\u00eds sudamericano desde el terremoto de 2010. El organismo tambi\u00e9n indic\u00f3 que hasta el momento se identificaron a 108 v\u00edctimas. En el comunicado [&hellip;]<\/p>\n","protected":false},"author":1,"featured_media":194703,"comment_status":"open","ping_status":"open","sticky":false,"template":"","format":"standard","meta":{"_acf_changed":false,"footnotes":""},"categories":[3],"tags":[],"class_list":["post-203943","post","type-post","status-publish","format-standard","has-post-thumbnail","category-internacional"],"acf":{"antetitulo":"M\u00e1s de 108 ya fueron entregados a sus familias"},"yoast_head":"<!-- This site is optimized with the Yoast SEO plugin v28.4 - https:\/\/yoast.com\/product\/yoast-seo-wordpress\/ -->\n<title>Suben a 133 el balance provisional de muertos por incendios en Chile - El Diario - Bolivia<\/title>\n<meta name=\"robots\" content=\"index, follow, max-snippet:-1, max-image-preview:large, max-video-preview:-1\" \/>\n<link rel=\"canonical\" href=\"https:\/\/www.eldiario.net\/portal\/2024\/02\/19\/suben-a-133-el-balance-provisional-de-muertos-por-incendios-en-chile\/\" \/>\n<meta property=\"og:locale\" content=\"es_ES\" \/>\n<meta property=\"og:type\" content=\"article\" \/>\n<meta property=\"og:title\" content=\"Suben a 133 el balance provisional de muertos por incendios en Chile - El Diario - Bolivia\" \/>\n<meta property=\"og:description\" content=\"El Servicio M\u00e9dico Legal de Chile (SML) elev\u00f3 a 133 el recuento provisional de v\u00edctimas mortales por los incendios forestales que azotaron la regi\u00f3n de Valpara\u00edso, considerados el mayor desastre natural del pa\u00eds sudamericano desde el terremoto de 2010. El organismo tambi\u00e9n indic\u00f3 que hasta el momento se identificaron a 108 v\u00edctimas. En el comunicado [&hellip;]\" \/>\n<meta property=\"og:url\" content=\"https:\/\/www.eldiario.net\/portal\/2024\/02\/19\/suben-a-133-el-balance-provisional-de-muertos-por-incendios-en-chile\/\" \/>\n<meta property=\"og:site_name\" content=\"El Diario - Bolivia\" \/>\n<meta property=\"article:publisher\" content=\"https:\/\/www.facebook.com\/eldiario.bolivia\/\" \/>\n<meta property=\"article:published_time\" content=\"2024-02-19T10:39:30+00:00\" \/>\n<meta property=\"og:image\" content=\"https:\/\/www.eldiario.net\/portal\/wp-content\/uploads\/2023\/12\/Internacional.jpg\" \/>\n\t<meta property=\"og:image:width\" content=\"800\" \/>\n\t<meta property=\"og:image:height\" content=\"500\" \/>\n\t<meta property=\"og:image:type\" content=\"image\/jpeg\" \/>\n<meta name=\"author\" content=\"Jeanette\" \/>\n<meta name=\"twitter:card\" content=\"summary_large_image\" \/>\n<meta name=\"twitter:creator\" content=\"@eldiario_net\" \/>\n<meta name=\"twitter:site\" content=\"@eldiario_net\" \/>\n<meta name=\"twitter:label1\" content=\"Escrito por\" \/>\n\t<meta name=\"twitter:data1\" content=\"Jeanette\" \/>\n\t<meta name=\"twitter:label2\" content=\"Tiempo de lectura\" \/>\n\t<meta name=\"twitter:data2\" content=\"2 minutos\" \/>\n<script type=\"application\/ld+json\" class=\"yoast-schema-graph\">{\"@context\":\"https:\\\/\\\/schema.org\",\"@graph\":[{\"@type\":\"Article\",\"@id\":\"https:\\\/\\\/www.eldiario.net\\\/portal\\\/2024\\\/02\\\/19\\\/suben-a-133-el-balance-provisional-de-muertos-por-incendios-en-chile\\\/#article\",\"isPartOf\":{\"@id\":\"https:\\\/\\\/www.eldiario.net\\\/portal\\\/2024\\\/02\\\/19\\\/suben-a-133-el-balance-provisional-de-muertos-por-incendios-en-chile\\\/\"},\"author\":{\"name\":\"Jeanette\",\"@id\":\"https:\\\/\\\/www.eldiario.net\\\/portal\\\/#\\\/schema\\\/person\\\/f46445640444750d7d753ccd04ae01b7\"},\"headline\":\"Suben a 133 el balance provisional de muertos por incendios en Chile\",\"datePublished\":\"2024-02-19T10:39:30+00:00\",\"mainEntityOfPage\":{\"@id\":\"https:\\\/\\\/www.eldiario.net\\\/portal\\\/2024\\\/02\\\/19\\\/suben-a-133-el-balance-provisional-de-muertos-por-incendios-en-chile\\\/\"},\"wordCount\":245,\"commentCount\":0,\"publisher\":{\"@id\":\"https:\\\/\\\/www.eldiario.net\\\/portal\\\/#organization\"},\"image\":{\"@id\":\"https:\\\/\\\/www.eldiario.net\\\/portal\\\/2024\\\/02\\\/19\\\/suben-a-133-el-balance-provisional-de-muertos-por-incendios-en-chile\\\/#primaryimage\"},\"thumbnailUrl\":\"https:\\\/\\\/www.eldiario.net\\\/portal\\\/wp-content\\\/uploads\\\/2023\\\/12\\\/Internacional.jpg\",\"articleSection\":[\"Internacional\"],\"inLanguage\":\"es\",\"potentialAction\":[{\"@type\":\"CommentAction\",\"name\":\"Comment\",\"target\":[\"https:\\\/\\\/www.eldiario.net\\\/portal\\\/2024\\\/02\\\/19\\\/suben-a-133-el-balance-provisional-de-muertos-por-incendios-en-chile\\\/#respond\"]}]},{\"@type\":\"WebPage\",\"@id\":\"https:\\\/\\\/www.eldiario.net\\\/portal\\\/2024\\\/02\\\/19\\\/suben-a-133-el-balance-provisional-de-muertos-por-incendios-en-chile\\\/\",\"url\":\"https:\\\/\\\/www.eldiario.net\\\/portal\\\/2024\\\/02\\\/19\\\/suben-a-133-el-balance-provisional-de-muertos-por-incendios-en-chile\\\/\",\"name\":\"Suben a 133 el balance provisional de muertos por incendios en Chile - El Diario - Bolivia\",\"isPartOf\":{\"@id\":\"https:\\\/\\\/www.eldiario.net\\\/portal\\\/#website\"},\"primaryImageOfPage\":{\"@id\":\"https:\\\/\\\/www.eldiario.net\\\/portal\\\/2024\\\/02\\\/19\\\/suben-a-133-el-balance-provisional-de-muertos-por-incendios-en-chile\\\/#primaryimage\"},\"image\":{\"@id\":\"https:\\\/\\\/www.eldiario.net\\\/portal\\\/2024\\\/02\\\/19\\\/suben-a-133-el-balance-provisional-de-muertos-por-incendios-en-chile\\\/#primaryimage\"},\"thumbnailUrl\":\"https:\\\/\\\/www.eldiario.net\\\/portal\\\/wp-content\\\/uploads\\\/2023\\\/12\\\/Internacional.jpg\",\"datePublished\":\"2024-02-19T10:39:30+00:00\",\"breadcrumb\":{\"@id\":\"https:\\\/\\\/www.eldiario.net\\\/portal\\\/2024\\\/02\\\/19\\\/suben-a-133-el-balance-provisional-de-muertos-por-incendios-en-chile\\\/#breadcrumb\"},\"inLanguage\":\"es\",\"potentialAction\":[{\"@type\":\"ReadAction\",\"target\":[\"https:\\\/\\\/www.eldiario.net\\\/portal\\\/2024\\\/02\\\/19\\\/suben-a-133-el-balance-provisional-de-muertos-por-incendios-en-chile\\\/\"]}]},{\"@type\":\"ImageObject\",\"inLanguage\":\"es\",\"@id\":\"https:\\\/\\\/www.eldiario.net\\\/portal\\\/2024\\\/02\\\/19\\\/suben-a-133-el-balance-provisional-de-muertos-por-incendios-en-chile\\\/#primaryimage\",\"url\":\"https:\\\/\\\/www.eldiario.net\\\/portal\\\/wp-content\\\/uploads\\\/2023\\\/12\\\/Internacional.jpg\",\"contentUrl\":\"https:\\\/\\\/www.eldiario.net\\\/portal\\\/wp-content\\\/uploads\\\/2023\\\/12\\\/Internacional.jpg\",\"width\":800,\"height\":500},{\"@type\":\"BreadcrumbList\",\"@id\":\"https:\\\/\\\/www.eldiario.net\\\/portal\\\/2024\\\/02\\\/19\\\/suben-a-133-el-balance-provisional-de-muertos-por-incendios-en-chile\\\/#breadcrumb\",\"itemListElement\":[{\"@type\":\"ListItem\",\"position\":1,\"name\":\"Portada\",\"item\":\"https:\\\/\\\/www.eldiario.net\\\/portal\\\/\"},{\"@type\":\"ListItem\",\"position\":2,\"name\":\"Suben a 133 el balance provisional de muertos por incendios en Chile\"}]},{\"@type\":\"WebSite\",\"@id\":\"https:\\\/\\\/www.eldiario.net\\\/portal\\\/#website\",\"url\":\"https:\\\/\\\/www.eldiario.net\\\/portal\\\/\",\"name\":\"El Diario - Decano de la prensa nacional\",\"description\":\"El Diario - Decano de la prensa nacional\",\"publisher\":{\"@id\":\"https:\\\/\\\/www.eldiario.net\\\/portal\\\/#organization\"},\"potentialAction\":[{\"@type\":\"SearchAction\",\"target\":{\"@type\":\"EntryPoint\",\"urlTemplate\":\"https:\\\/\\\/www.eldiario.net\\\/portal\\\/?s={search_term_string}\"},\"query-input\":{\"@type\":\"PropertyValueSpecification\",\"valueRequired\":true,\"valueName\":\"search_term_string\"}}],\"inLanguage\":\"es\"},{\"@type\":\"Organization\",\"@id\":\"https:\\\/\\\/www.eldiario.net\\\/portal\\\/#organization\",\"name\":\"El Diario - Decano de la prensa nacional\",\"url\":\"https:\\\/\\\/www.eldiario.net\\\/portal\\\/\",\"logo\":{\"@type\":\"ImageObject\",\"inLanguage\":\"es\",\"@id\":\"https:\\\/\\\/www.eldiario.net\\\/portal\\\/#\\\/schema\\\/logo\\\/image\\\/\",\"url\":\"https:\\\/\\\/www.eldiario.net\\\/portal\\\/wp-content\\\/uploads\\\/2023\\\/07\\\/logo_ED.jpg\",\"contentUrl\":\"https:\\\/\\\/www.eldiario.net\\\/portal\\\/wp-content\\\/uploads\\\/2023\\\/07\\\/logo_ED.jpg\",\"width\":272,\"height\":52,\"caption\":\"El Diario - Decano de la prensa nacional\"},\"image\":{\"@id\":\"https:\\\/\\\/www.eldiario.net\\\/portal\\\/#\\\/schema\\\/logo\\\/image\\\/\"},\"sameAs\":[\"https:\\\/\\\/www.facebook.com\\\/eldiario.bolivia\\\/\",\"https:\\\/\\\/x.com\\\/eldiario_net\"]},{\"@type\":\"Person\",\"@id\":\"https:\\\/\\\/www.eldiario.net\\\/portal\\\/#\\\/schema\\\/person\\\/f46445640444750d7d753ccd04ae01b7\",\"name\":\"Jeanette\",\"image\":{\"@type\":\"ImageObject\",\"inLanguage\":\"es\",\"@id\":\"https:\\\/\\\/secure.gravatar.com\\\/avatar\\\/3ea2118a5f7dad2b7138b1187a6b7ee55f160b9968b66013c3a3ef39dd7e5798?s=96&d=mm&r=g\",\"url\":\"https:\\\/\\\/secure.gravatar.com\\\/avatar\\\/3ea2118a5f7dad2b7138b1187a6b7ee55f160b9968b66013c3a3ef39dd7e5798?s=96&d=mm&r=g\",\"contentUrl\":\"https:\\\/\\\/secure.gravatar.com\\\/avatar\\\/3ea2118a5f7dad2b7138b1187a6b7ee55f160b9968b66013c3a3ef39dd7e5798?s=96&d=mm&r=g\",\"caption\":\"Jeanette\"},\"sameAs\":[\"https:\\\/\\\/www.eldiario.net\\\/portal\"],\"url\":\"https:\\\/\\\/www.eldiario.net\\\/portal\\\/author\\\/jeanette\\\/\"}]}<\/script>\n<!-- \/ Yoast SEO plugin. -->","yoast_head_json":{"title":"Suben a 133 el balance provisional de muertos por incendios en Chile - El Diario - Bolivia","robots":{"index":"index","follow":"follow","max-snippet":"max-snippet:-1","max-image-preview":"max-image-preview:large","max-video-preview":"max-video-preview:-1"},"canonical":"https:\/\/www.eldiario.net\/portal\/2024\/02\/19\/suben-a-133-el-balance-provisional-de-muertos-por-incendios-en-chile\/","og_locale":"es_ES","og_type":"article","og_title":"Suben a 133 el balance provisional de muertos por incendios en Chile - El Diario - Bolivia","og_description":"El Servicio M\u00e9dico Legal de Chile (SML) elev\u00f3 a 133 el recuento provisional de v\u00edctimas mortales por los incendios forestales que azotaron la regi\u00f3n de Valpara\u00edso, considerados el mayor desastre natural del pa\u00eds sudamericano desde el terremoto de 2010. El organismo tambi\u00e9n indic\u00f3 que hasta el momento se identificaron a 108 v\u00edctimas. En el comunicado [&hellip;]","og_url":"https:\/\/www.eldiario.net\/portal\/2024\/02\/19\/suben-a-133-el-balance-provisional-de-muertos-por-incendios-en-chile\/","og_site_name":"El Diario - Bolivia","article_publisher":"https:\/\/www.facebook.com\/eldiario.bolivia\/","article_published_time":"2024-02-19T10:39:30+00:00","og_image":[{"width":800,"height":500,"url":"https:\/\/www.eldiario.net\/portal\/wp-content\/uploads\/2023\/12\/Internacional.jpg","type":"image\/jpeg"}],"author":"Jeanette","twitter_card":"summary_large_image","twitter_creator":"@eldiario_net","twitter_site":"@eldiario_net","twitter_misc":{"Escrito por":"Jeanette","Tiempo de lectura":"2 minutos"},"schema":{"@context":"https:\/\/schema.org","@graph":[{"@type":"Article","@id":"https:\/\/www.eldiario.net\/portal\/2024\/02\/19\/suben-a-133-el-balance-provisional-de-muertos-por-incendios-en-chile\/#article","isPartOf":{"@id":"https:\/\/www.eldiario.net\/portal\/2024\/02\/19\/suben-a-133-el-balance-provisional-de-muertos-por-incendios-en-chile\/"},"author":{"name":"Jeanette","@id":"https:\/\/www.eldiario.net\/portal\/#\/schema\/person\/f46445640444750d7d753ccd04ae01b7"},"headline":"Suben a 133 el balance provisional de muertos por incendios en Chile","datePublished":"2024-02-19T10:39:30+00:00","mainEntityOfPage":{"@id":"https:\/\/www.eldiario.net\/portal\/2024\/02\/19\/suben-a-133-el-balance-provisional-de-muertos-por-incendios-en-chile\/"},"wordCount":245,"commentCount":0,"publisher":{"@id":"https:\/\/www.eldiario.net\/portal\/#organization"},"image":{"@id":"https:\/\/www.eldiario.net\/portal\/2024\/02\/19\/suben-a-133-el-balance-provisional-de-muertos-por-incendios-en-chile\/#primaryimage"},"thumbnailUrl":"https:\/\/www.eldiario.net\/portal\/wp-content\/uploads\/2023\/12\/Internacional.jpg","articleSection":["Internacional"],"inLanguage":"es","potentialAction":[{"@type":"CommentAction","name":"Comment","target":["https:\/\/www.eldiario.net\/portal\/2024\/02\/19\/suben-a-133-el-balance-provisional-de-muertos-por-incendios-en-chile\/#respond"]}]},{"@type":"WebPage","@id":"https:\/\/www.eldiario.net\/portal\/2024\/02\/19\/suben-a-133-el-balance-provisional-de-muertos-por-incendios-en-chile\/","url":"https:\/\/www.eldiario.net\/portal\/2024\/02\/19\/suben-a-133-el-balance-provisional-de-muertos-por-incendios-en-chile\/","name":"Suben a 133 el balance provisional de muertos por incendios en Chile - El Diario - Bolivia","isPartOf":{"@id":"https:\/\/www.eldiario.net\/portal\/#website"},"primaryImageOfPage":{"@id":"https:\/\/www.eldiario.net\/portal\/2024\/02\/19\/suben-a-133-el-balance-provisional-de-muertos-por-incendios-en-chile\/#primaryimage"},"image":{"@id":"https:\/\/www.eldiario.net\/portal\/2024\/02\/19\/suben-a-133-el-balance-provisional-de-muertos-por-incendios-en-chile\/#primaryimage"},"thumbnailUrl":"https:\/\/www.eldiario.net\/portal\/wp-content\/uploads\/2023\/12\/Internacional.jpg","datePublished":"2024-02-19T10:39:30+00:00","breadcrumb":{"@id":"https:\/\/www.eldiario.net\/portal\/2024\/02\/19\/suben-a-133-el-balance-provisional-de-muertos-por-incendios-en-chile\/#breadcrumb"},"inLanguage":"es","potentialAction":[{"@type":"ReadAction","target":["https:\/\/www.eldiario.net\/portal\/2024\/02\/19\/suben-a-133-el-balance-provisional-de-muertos-por-incendios-en-chile\/"]}]},{"@type":"ImageObject","inLanguage":"es","@id":"https:\/\/www.eldiario.net\/portal\/2024\/02\/19\/suben-a-133-el-balance-provisional-de-muertos-por-incendios-en-chile\/#primaryimage","url":"https:\/\/www.eldiario.net\/portal\/wp-content\/uploads\/2023\/12\/Internacional.jpg","contentUrl":"https:\/\/www.eldiario.net\/portal\/wp-content\/uploads\/2023\/12\/Internacional.jpg","width":800,"height":500},{"@type":"BreadcrumbList","@id":"https:\/\/www.eldiario.net\/portal\/2024\/02\/19\/suben-a-133-el-balance-provisional-de-muertos-por-incendios-en-chile\/#breadcrumb","itemListElement":[{"@type":"ListItem","position":1,"name":"Portada","item":"https:\/\/www.eldiario.net\/portal\/"},{"@type":"ListItem","position":2,"name":"Suben a 133 el balance provisional de muertos por incendios en Chile"}]},{"@type":"WebSite","@id":"https:\/\/www.eldiario.net\/portal\/#website","url":"https:\/\/www.eldiario.net\/portal\/","name":"El Diario - Decano de la prensa nacional","description":"El Diario - Decano de la prensa nacional","publisher":{"@id":"https:\/\/www.eldiario.net\/portal\/#organization"},"potentialAction":[{"@type":"SearchAction","target":{"@type":"EntryPoint","urlTemplate":"https:\/\/www.eldiario.net\/portal\/?s={search_term_string}"},"query-input":{"@type":"PropertyValueSpecification","valueRequired":true,"valueName":"search_term_string"}}],"inLanguage":"es"},{"@type":"Organization","@id":"https:\/\/www.eldiario.net\/portal\/#organization","name":"El Diario - Decano de la prensa nacional","url":"https:\/\/www.eldiario.net\/portal\/","logo":{"@type":"ImageObject","inLanguage":"es","@id":"https:\/\/www.eldiario.net\/portal\/#\/schema\/logo\/image\/","url":"https:\/\/www.eldiario.net\/portal\/wp-content\/uploads\/2023\/07\/logo_ED.jpg","contentUrl":"https:\/\/www.eldiario.net\/portal\/wp-content\/uploads\/2023\/07\/logo_ED.jpg","width":272,"height":52,"caption":"El Diario - Decano de la prensa nacional"},"image":{"@id":"https:\/\/www.eldiario.net\/portal\/#\/schema\/logo\/image\/"},"sameAs":["https:\/\/www.facebook.com\/eldiario.bolivia\/","https:\/\/x.com\/eldiario_net"]},{"@type":"Person","@id":"https:\/\/www.eldiario.net\/portal\/#\/schema\/person\/f46445640444750d7d753ccd04ae01b7","name":"Jeanette","image":{"@type":"ImageObject","inLanguage":"es","@id":"https:\/\/secure.gravatar.com\/avatar\/3ea2118a5f7dad2b7138b1187a6b7ee55f160b9968b66013c3a3ef39dd7e5798?s=96&d=mm&r=g","url":"https:\/\/secure.gravatar.com\/avatar\/3ea2118a5f7dad2b7138b1187a6b7ee55f160b9968b66013c3a3ef39dd7e5798?s=96&d=mm&r=g","contentUrl":"https:\/\/secure.gravatar.com\/avatar\/3ea2118a5f7dad2b7138b1187a6b7ee55f160b9968b66013c3a3ef39dd7e5798?s=96&d=mm&r=g","caption":"Jeanette"},"sameAs":["https:\/\/www.eldiario.net\/portal"],"url":"https:\/\/www.eldiario.net\/portal\/author\/jeanette\/"}]}},"_links":{"self":[{"href":"https:\/\/www.eldiario.net\/portal\/wp-json\/wp\/v2\/posts\/203943","targetHints":{"allow":["GET"]}}],"collection":[{"href":"https:\/\/www.eldiario.net\/portal\/wp-json\/wp\/v2\/posts"}],"about":[{"href":"https:\/\/www.eldiario.net\/portal\/wp-json\/wp\/v2\/types\/post"}],"author":[{"embeddable":true,"href":"https:\/\/www.eldiario.net\/portal\/wp-json\/wp\/v2\/users\/1"}],"replies":[{"embeddable":true,"href":"https:\/\/www.eldiario.net\/portal\/wp-json\/wp\/v2\/comments?post=203943"}],"version-history":[{"count":1,"href":"https:\/\/www.eldiario.net\/portal\/wp-json\/wp\/v2\/posts\/203943\/revisions"}],"predecessor-version":[{"id":203944,"href":"https:\/\/www.eldiario.net\/portal\/wp-json\/wp\/v2\/posts\/203943\/revisions\/203944"}],"wp:featuredmedia":[{"embeddable":true,"href":"https:\/\/www.eldiario.net\/portal\/wp-json\/wp\/v2\/media\/194703"}],"wp:attachment":[{"href":"https:\/\/www.eldiario.net\/portal\/wp-json\/wp\/v2\/media?parent=203943"}],"wp:term":[{"taxonomy":"category","embeddable":true,"href":"https:\/\/www.eldiario.net\/portal\/wp-json\/wp\/v2\/categories?post=203943"},{"taxonomy":"post_tag","embeddable":true,"href":"https:\/\/www.eldiario.net\/portal\/wp-json\/wp\/v2\/tags?post=203943"}],"curies":[{"name":"wp","href":"https:\/\/api.w.org\/{rel}","templated":true}]}}