{"id":203940,"date":"2024-02-19T06:38:51","date_gmt":"2024-02-19T10:38:51","guid":{"rendered":"https:\/\/www.eldiario.net\/portal\/?p=203940"},"modified":"2024-02-19T06:38:51","modified_gmt":"2024-02-19T10:38:51","slug":"embajadora-de-eeuu-en-rusia-visita-un-memorial-improvisado","status":"publish","type":"post","link":"https:\/\/www.eldiario.net\/portal\/2024\/02\/19\/embajadora-de-eeuu-en-rusia-visita-un-memorial-improvisado\/","title":{"rendered":"Embajadora de EEUU en Rusia visita un memorial improvisado"},"content":{"rendered":"<p>La embajadora de Estados Unidos en Rusia visit\u00f3 ayer un memorial improvisado en Mosc\u00fa en homenaje al fallecido opositor, Alexei Navalny, cuya muerte en prisi\u00f3n conmovi\u00f3 a muchos ciudadanos que buscaron rendirle un tributo, pese a la prohibici\u00f3n de las autoridades.<br \/>\nLa noticia se extendi\u00f3 por todo el planeta y cientos de personas en docenas de ciudades rusas acudieron el viernes y el s\u00e1bado a lugares de recuerdo improvisados y monumentos a las v\u00edctimas de la represi\u00f3n pol\u00edtica para rendir homenaje al pol\u00edtico con flores y velas.<br \/>\nLos grupos de defensa de los derechos humanos reportaron que cerca de 400 personas fueron detenidas en concentraciones en recuerdo de Navalny, el m\u00e1s prominente cr\u00edtico del presidente Vladimir Putin, que muri\u00f3 en la prisi\u00f3n donde estaba recluido en el \u00c1rtico.<br \/>\nTracy, visit\u00f3 la Piedra Solovetski, un monumento en homenaje a la represi\u00f3n durante el per\u00edodo sovi\u00e9tico que se convirti\u00f3 en un lugar de peregrinaci\u00f3n para los partidarios de Navalny.<br \/>\nEn otro memorial improvisado en Mosc\u00fa, instalado en un lugar conocido como el \u201cMuro del Dolor\u201d, un monumento de bronce en recuerdo de la represi\u00f3n de la era sovi\u00e9tica, la Polic\u00eda coloc\u00f3 vallas para intentar alejar a los partidarios de Navalny.<br \/>\nVarias decenas de polic\u00edas fueron desplegados, pero algunas personas lograron pasar las vallas y colocar sus flores, constat\u00f3 un periodista de la agencia AFP.<br \/>\nNavalny, un opositor de 47 a\u00f1os que purgaba una condena de 19 a\u00f1os por \u201cextremismo\u201d, era percibido por muchos como la mayor esperanza de un cambio en Rusia y el anuncio de su fallecimiento el viernes caus\u00f3 desaz\u00f3n entre sus partidarios, muchos de ellos j\u00f3venes.<br \/>\nSu muerte gener\u00f3 condenas de las potencias occidentales y acusaciones de que las autoridades rusas son responsables de su fallecimiento.<br \/>\nUna nota entregada a la madre de Navalny indicaba que hab\u00eda muerto a las 2:17 de la tarde del viernes, seg\u00fan la vocera del opositor, Kira Yarmysh. Personal de prisiones dijo a la madre a su llegada a la colonia penal el s\u00e1bado que su hijo hab\u00eda fallecido por \u201cs\u00edndrome de muerte s\u00fabita\u201d, sostuvo Ivan Zhdanov, director de la Fundaci\u00f3n Anticorrupci\u00f3n Navalny. (Infobae\/Afp\/Ap)<br \/>\nEl Servicio Federal Penitenciario ruso report\u00f3 que Navalny se hab\u00eda sentido enfermo tras un paseo el viernes y se qued\u00f3 inconsciente en la colonia penal en la localidad de Kharp, en la regi\u00f3n de Yamalo-Nenets, unos 1.900 kil\u00f3metros (1.200 millas) al nordeste de Mosc\u00fa. Acudi\u00f3 una ambulancia, pero no pudo ser reanimado, seg\u00fan el servicio, que dijo que la causa de la muerte a\u00fan se est\u00e1 determinando.<\/p>\n","protected":false},"excerpt":{"rendered":"<p>La embajadora de Estados Unidos en Rusia visit\u00f3 ayer un memorial improvisado en Mosc\u00fa en homenaje al fallecido opositor, Alexei Navalny, cuya muerte en prisi\u00f3n conmovi\u00f3 a muchos ciudadanos que buscaron rendirle un tributo, pese a la prohibici\u00f3n de las autoridades. La noticia se extendi\u00f3 por todo el planeta y cientos de personas en docenas [&hellip;]<\/p>\n","protected":false},"author":1,"featured_media":203941,"comment_status":"open","ping_status":"open","sticky":false,"template":"","format":"standard","meta":{"_acf_changed":false,"footnotes":""},"categories":[3],"tags":[],"class_list":["post-203940","post","type-post","status-publish","format-standard","has-post-thumbnail","category-internacional"],"acf":{"antetitulo":"En homenaje a Alexei Navalny"},"yoast_head":"<!-- This site is optimized with the Yoast SEO plugin v28.4 - https:\/\/yoast.com\/product\/yoast-seo-wordpress\/ -->\n<title>Embajadora de EEUU en Rusia visita un memorial improvisado - El Diario - Bolivia<\/title>\n<meta name=\"robots\" content=\"index, follow, max-snippet:-1, max-image-preview:large, max-video-preview:-1\" \/>\n<link rel=\"canonical\" href=\"https:\/\/www.eldiario.net\/portal\/2024\/02\/19\/embajadora-de-eeuu-en-rusia-visita-un-memorial-improvisado\/\" \/>\n<meta property=\"og:locale\" content=\"es_ES\" \/>\n<meta property=\"og:type\" content=\"article\" \/>\n<meta property=\"og:title\" content=\"Embajadora de EEUU en Rusia visita un memorial improvisado - El Diario - Bolivia\" \/>\n<meta property=\"og:description\" content=\"La embajadora de Estados Unidos en Rusia visit\u00f3 ayer un memorial improvisado en Mosc\u00fa en homenaje al fallecido opositor, Alexei Navalny, cuya muerte en prisi\u00f3n conmovi\u00f3 a muchos ciudadanos que buscaron rendirle un tributo, pese a la prohibici\u00f3n de las autoridades. La noticia se extendi\u00f3 por todo el planeta y cientos de personas en docenas [&hellip;]\" \/>\n<meta property=\"og:url\" content=\"https:\/\/www.eldiario.net\/portal\/2024\/02\/19\/embajadora-de-eeuu-en-rusia-visita-un-memorial-improvisado\/\" \/>\n<meta property=\"og:site_name\" content=\"El Diario - Bolivia\" \/>\n<meta property=\"article:publisher\" content=\"https:\/\/www.facebook.com\/eldiario.bolivia\/\" \/>\n<meta property=\"article:published_time\" content=\"2024-02-19T10:38:51+00:00\" \/>\n<meta property=\"og:image\" content=\"https:\/\/www.eldiario.net\/portal\/wp-content\/uploads\/2024\/02\/FLORES.jpg\" \/>\n\t<meta property=\"og:image:width\" content=\"992\" \/>\n\t<meta property=\"og:image:height\" content=\"661\" \/>\n\t<meta property=\"og:image:type\" content=\"image\/jpeg\" \/>\n<meta name=\"author\" content=\"Jeanette\" \/>\n<meta name=\"twitter:card\" content=\"summary_large_image\" \/>\n<meta name=\"twitter:creator\" content=\"@eldiario_net\" \/>\n<meta name=\"twitter:site\" content=\"@eldiario_net\" \/>\n<meta name=\"twitter:label1\" content=\"Escrito por\" \/>\n\t<meta name=\"twitter:data1\" content=\"Jeanette\" \/>\n\t<meta name=\"twitter:label2\" content=\"Tiempo de lectura\" \/>\n\t<meta name=\"twitter:data2\" content=\"3 minutos\" \/>\n<script type=\"application\/ld+json\" class=\"yoast-schema-graph\">{\"@context\":\"https:\\\/\\\/schema.org\",\"@graph\":[{\"@type\":\"Article\",\"@id\":\"https:\\\/\\\/www.eldiario.net\\\/portal\\\/2024\\\/02\\\/19\\\/embajadora-de-eeuu-en-rusia-visita-un-memorial-improvisado\\\/#article\",\"isPartOf\":{\"@id\":\"https:\\\/\\\/www.eldiario.net\\\/portal\\\/2024\\\/02\\\/19\\\/embajadora-de-eeuu-en-rusia-visita-un-memorial-improvisado\\\/\"},\"author\":{\"name\":\"Jeanette\",\"@id\":\"https:\\\/\\\/www.eldiario.net\\\/portal\\\/#\\\/schema\\\/person\\\/f46445640444750d7d753ccd04ae01b7\"},\"headline\":\"Embajadora de EEUU en Rusia visita un memorial improvisado\",\"datePublished\":\"2024-02-19T10:38:51+00:00\",\"mainEntityOfPage\":{\"@id\":\"https:\\\/\\\/www.eldiario.net\\\/portal\\\/2024\\\/02\\\/19\\\/embajadora-de-eeuu-en-rusia-visita-un-memorial-improvisado\\\/\"},\"wordCount\":457,\"commentCount\":0,\"publisher\":{\"@id\":\"https:\\\/\\\/www.eldiario.net\\\/portal\\\/#organization\"},\"image\":{\"@id\":\"https:\\\/\\\/www.eldiario.net\\\/portal\\\/2024\\\/02\\\/19\\\/embajadora-de-eeuu-en-rusia-visita-un-memorial-improvisado\\\/#primaryimage\"},\"thumbnailUrl\":\"https:\\\/\\\/www.eldiario.net\\\/portal\\\/wp-content\\\/uploads\\\/2024\\\/02\\\/FLORES.jpg\",\"articleSection\":[\"Internacional\"],\"inLanguage\":\"es\",\"potentialAction\":[{\"@type\":\"CommentAction\",\"name\":\"Comment\",\"target\":[\"https:\\\/\\\/www.eldiario.net\\\/portal\\\/2024\\\/02\\\/19\\\/embajadora-de-eeuu-en-rusia-visita-un-memorial-improvisado\\\/#respond\"]}]},{\"@type\":\"WebPage\",\"@id\":\"https:\\\/\\\/www.eldiario.net\\\/portal\\\/2024\\\/02\\\/19\\\/embajadora-de-eeuu-en-rusia-visita-un-memorial-improvisado\\\/\",\"url\":\"https:\\\/\\\/www.eldiario.net\\\/portal\\\/2024\\\/02\\\/19\\\/embajadora-de-eeuu-en-rusia-visita-un-memorial-improvisado\\\/\",\"name\":\"Embajadora de EEUU en Rusia visita un memorial improvisado - El Diario - Bolivia\",\"isPartOf\":{\"@id\":\"https:\\\/\\\/www.eldiario.net\\\/portal\\\/#website\"},\"primaryImageOfPage\":{\"@id\":\"https:\\\/\\\/www.eldiario.net\\\/portal\\\/2024\\\/02\\\/19\\\/embajadora-de-eeuu-en-rusia-visita-un-memorial-improvisado\\\/#primaryimage\"},\"image\":{\"@id\":\"https:\\\/\\\/www.eldiario.net\\\/portal\\\/2024\\\/02\\\/19\\\/embajadora-de-eeuu-en-rusia-visita-un-memorial-improvisado\\\/#primaryimage\"},\"thumbnailUrl\":\"https:\\\/\\\/www.eldiario.net\\\/portal\\\/wp-content\\\/uploads\\\/2024\\\/02\\\/FLORES.jpg\",\"datePublished\":\"2024-02-19T10:38:51+00:00\",\"breadcrumb\":{\"@id\":\"https:\\\/\\\/www.eldiario.net\\\/portal\\\/2024\\\/02\\\/19\\\/embajadora-de-eeuu-en-rusia-visita-un-memorial-improvisado\\\/#breadcrumb\"},\"inLanguage\":\"es\",\"potentialAction\":[{\"@type\":\"ReadAction\",\"target\":[\"https:\\\/\\\/www.eldiario.net\\\/portal\\\/2024\\\/02\\\/19\\\/embajadora-de-eeuu-en-rusia-visita-un-memorial-improvisado\\\/\"]}]},{\"@type\":\"ImageObject\",\"inLanguage\":\"es\",\"@id\":\"https:\\\/\\\/www.eldiario.net\\\/portal\\\/2024\\\/02\\\/19\\\/embajadora-de-eeuu-en-rusia-visita-un-memorial-improvisado\\\/#primaryimage\",\"url\":\"https:\\\/\\\/www.eldiario.net\\\/portal\\\/wp-content\\\/uploads\\\/2024\\\/02\\\/FLORES.jpg\",\"contentUrl\":\"https:\\\/\\\/www.eldiario.net\\\/portal\\\/wp-content\\\/uploads\\\/2024\\\/02\\\/FLORES.jpg\",\"width\":992,\"height\":661},{\"@type\":\"BreadcrumbList\",\"@id\":\"https:\\\/\\\/www.eldiario.net\\\/portal\\\/2024\\\/02\\\/19\\\/embajadora-de-eeuu-en-rusia-visita-un-memorial-improvisado\\\/#breadcrumb\",\"itemListElement\":[{\"@type\":\"ListItem\",\"position\":1,\"name\":\"Portada\",\"item\":\"https:\\\/\\\/www.eldiario.net\\\/portal\\\/\"},{\"@type\":\"ListItem\",\"position\":2,\"name\":\"Embajadora de EEUU en Rusia visita un memorial improvisado\"}]},{\"@type\":\"WebSite\",\"@id\":\"https:\\\/\\\/www.eldiario.net\\\/portal\\\/#website\",\"url\":\"https:\\\/\\\/www.eldiario.net\\\/portal\\\/\",\"name\":\"El Diario - Decano de la prensa nacional\",\"description\":\"El Diario - Decano de la prensa nacional\",\"publisher\":{\"@id\":\"https:\\\/\\\/www.eldiario.net\\\/portal\\\/#organization\"},\"potentialAction\":[{\"@type\":\"SearchAction\",\"target\":{\"@type\":\"EntryPoint\",\"urlTemplate\":\"https:\\\/\\\/www.eldiario.net\\\/portal\\\/?s={search_term_string}\"},\"query-input\":{\"@type\":\"PropertyValueSpecification\",\"valueRequired\":true,\"valueName\":\"search_term_string\"}}],\"inLanguage\":\"es\"},{\"@type\":\"Organization\",\"@id\":\"https:\\\/\\\/www.eldiario.net\\\/portal\\\/#organization\",\"name\":\"El Diario - Decano de la prensa nacional\",\"url\":\"https:\\\/\\\/www.eldiario.net\\\/portal\\\/\",\"logo\":{\"@type\":\"ImageObject\",\"inLanguage\":\"es\",\"@id\":\"https:\\\/\\\/www.eldiario.net\\\/portal\\\/#\\\/schema\\\/logo\\\/image\\\/\",\"url\":\"https:\\\/\\\/www.eldiario.net\\\/portal\\\/wp-content\\\/uploads\\\/2023\\\/07\\\/logo_ED.jpg\",\"contentUrl\":\"https:\\\/\\\/www.eldiario.net\\\/portal\\\/wp-content\\\/uploads\\\/2023\\\/07\\\/logo_ED.jpg\",\"width\":272,\"height\":52,\"caption\":\"El Diario - Decano de la prensa nacional\"},\"image\":{\"@id\":\"https:\\\/\\\/www.eldiario.net\\\/portal\\\/#\\\/schema\\\/logo\\\/image\\\/\"},\"sameAs\":[\"https:\\\/\\\/www.facebook.com\\\/eldiario.bolivia\\\/\",\"https:\\\/\\\/x.com\\\/eldiario_net\"]},{\"@type\":\"Person\",\"@id\":\"https:\\\/\\\/www.eldiario.net\\\/portal\\\/#\\\/schema\\\/person\\\/f46445640444750d7d753ccd04ae01b7\",\"name\":\"Jeanette\",\"image\":{\"@type\":\"ImageObject\",\"inLanguage\":\"es\",\"@id\":\"https:\\\/\\\/secure.gravatar.com\\\/avatar\\\/3ea2118a5f7dad2b7138b1187a6b7ee55f160b9968b66013c3a3ef39dd7e5798?s=96&d=mm&r=g\",\"url\":\"https:\\\/\\\/secure.gravatar.com\\\/avatar\\\/3ea2118a5f7dad2b7138b1187a6b7ee55f160b9968b66013c3a3ef39dd7e5798?s=96&d=mm&r=g\",\"contentUrl\":\"https:\\\/\\\/secure.gravatar.com\\\/avatar\\\/3ea2118a5f7dad2b7138b1187a6b7ee55f160b9968b66013c3a3ef39dd7e5798?s=96&d=mm&r=g\",\"caption\":\"Jeanette\"},\"sameAs\":[\"https:\\\/\\\/www.eldiario.net\\\/portal\"],\"url\":\"https:\\\/\\\/www.eldiario.net\\\/portal\\\/author\\\/jeanette\\\/\"}]}<\/script>\n<!-- \/ Yoast SEO plugin. -->","yoast_head_json":{"title":"Embajadora de EEUU en Rusia visita un memorial improvisado - El Diario - Bolivia","robots":{"index":"index","follow":"follow","max-snippet":"max-snippet:-1","max-image-preview":"max-image-preview:large","max-video-preview":"max-video-preview:-1"},"canonical":"https:\/\/www.eldiario.net\/portal\/2024\/02\/19\/embajadora-de-eeuu-en-rusia-visita-un-memorial-improvisado\/","og_locale":"es_ES","og_type":"article","og_title":"Embajadora de EEUU en Rusia visita un memorial improvisado - El Diario - Bolivia","og_description":"La embajadora de Estados Unidos en Rusia visit\u00f3 ayer un memorial improvisado en Mosc\u00fa en homenaje al fallecido opositor, Alexei Navalny, cuya muerte en prisi\u00f3n conmovi\u00f3 a muchos ciudadanos que buscaron rendirle un tributo, pese a la prohibici\u00f3n de las autoridades. La noticia se extendi\u00f3 por todo el planeta y cientos de personas en docenas [&hellip;]","og_url":"https:\/\/www.eldiario.net\/portal\/2024\/02\/19\/embajadora-de-eeuu-en-rusia-visita-un-memorial-improvisado\/","og_site_name":"El Diario - Bolivia","article_publisher":"https:\/\/www.facebook.com\/eldiario.bolivia\/","article_published_time":"2024-02-19T10:38:51+00:00","og_image":[{"width":992,"height":661,"url":"https:\/\/www.eldiario.net\/portal\/wp-content\/uploads\/2024\/02\/FLORES.jpg","type":"image\/jpeg"}],"author":"Jeanette","twitter_card":"summary_large_image","twitter_creator":"@eldiario_net","twitter_site":"@eldiario_net","twitter_misc":{"Escrito por":"Jeanette","Tiempo de lectura":"3 minutos"},"schema":{"@context":"https:\/\/schema.org","@graph":[{"@type":"Article","@id":"https:\/\/www.eldiario.net\/portal\/2024\/02\/19\/embajadora-de-eeuu-en-rusia-visita-un-memorial-improvisado\/#article","isPartOf":{"@id":"https:\/\/www.eldiario.net\/portal\/2024\/02\/19\/embajadora-de-eeuu-en-rusia-visita-un-memorial-improvisado\/"},"author":{"name":"Jeanette","@id":"https:\/\/www.eldiario.net\/portal\/#\/schema\/person\/f46445640444750d7d753ccd04ae01b7"},"headline":"Embajadora de EEUU en Rusia visita un memorial improvisado","datePublished":"2024-02-19T10:38:51+00:00","mainEntityOfPage":{"@id":"https:\/\/www.eldiario.net\/portal\/2024\/02\/19\/embajadora-de-eeuu-en-rusia-visita-un-memorial-improvisado\/"},"wordCount":457,"commentCount":0,"publisher":{"@id":"https:\/\/www.eldiario.net\/portal\/#organization"},"image":{"@id":"https:\/\/www.eldiario.net\/portal\/2024\/02\/19\/embajadora-de-eeuu-en-rusia-visita-un-memorial-improvisado\/#primaryimage"},"thumbnailUrl":"https:\/\/www.eldiario.net\/portal\/wp-content\/uploads\/2024\/02\/FLORES.jpg","articleSection":["Internacional"],"inLanguage":"es","potentialAction":[{"@type":"CommentAction","name":"Comment","target":["https:\/\/www.eldiario.net\/portal\/2024\/02\/19\/embajadora-de-eeuu-en-rusia-visita-un-memorial-improvisado\/#respond"]}]},{"@type":"WebPage","@id":"https:\/\/www.eldiario.net\/portal\/2024\/02\/19\/embajadora-de-eeuu-en-rusia-visita-un-memorial-improvisado\/","url":"https:\/\/www.eldiario.net\/portal\/2024\/02\/19\/embajadora-de-eeuu-en-rusia-visita-un-memorial-improvisado\/","name":"Embajadora de EEUU en Rusia visita un memorial improvisado - El Diario - Bolivia","isPartOf":{"@id":"https:\/\/www.eldiario.net\/portal\/#website"},"primaryImageOfPage":{"@id":"https:\/\/www.eldiario.net\/portal\/2024\/02\/19\/embajadora-de-eeuu-en-rusia-visita-un-memorial-improvisado\/#primaryimage"},"image":{"@id":"https:\/\/www.eldiario.net\/portal\/2024\/02\/19\/embajadora-de-eeuu-en-rusia-visita-un-memorial-improvisado\/#primaryimage"},"thumbnailUrl":"https:\/\/www.eldiario.net\/portal\/wp-content\/uploads\/2024\/02\/FLORES.jpg","datePublished":"2024-02-19T10:38:51+00:00","breadcrumb":{"@id":"https:\/\/www.eldiario.net\/portal\/2024\/02\/19\/embajadora-de-eeuu-en-rusia-visita-un-memorial-improvisado\/#breadcrumb"},"inLanguage":"es","potentialAction":[{"@type":"ReadAction","target":["https:\/\/www.eldiario.net\/portal\/2024\/02\/19\/embajadora-de-eeuu-en-rusia-visita-un-memorial-improvisado\/"]}]},{"@type":"ImageObject","inLanguage":"es","@id":"https:\/\/www.eldiario.net\/portal\/2024\/02\/19\/embajadora-de-eeuu-en-rusia-visita-un-memorial-improvisado\/#primaryimage","url":"https:\/\/www.eldiario.net\/portal\/wp-content\/uploads\/2024\/02\/FLORES.jpg","contentUrl":"https:\/\/www.eldiario.net\/portal\/wp-content\/uploads\/2024\/02\/FLORES.jpg","width":992,"height":661},{"@type":"BreadcrumbList","@id":"https:\/\/www.eldiario.net\/portal\/2024\/02\/19\/embajadora-de-eeuu-en-rusia-visita-un-memorial-improvisado\/#breadcrumb","itemListElement":[{"@type":"ListItem","position":1,"name":"Portada","item":"https:\/\/www.eldiario.net\/portal\/"},{"@type":"ListItem","position":2,"name":"Embajadora de EEUU en Rusia visita un memorial improvisado"}]},{"@type":"WebSite","@id":"https:\/\/www.eldiario.net\/portal\/#website","url":"https:\/\/www.eldiario.net\/portal\/","name":"El Diario - Decano de la prensa nacional","description":"El Diario - Decano de la prensa nacional","publisher":{"@id":"https:\/\/www.eldiario.net\/portal\/#organization"},"potentialAction":[{"@type":"SearchAction","target":{"@type":"EntryPoint","urlTemplate":"https:\/\/www.eldiario.net\/portal\/?s={search_term_string}"},"query-input":{"@type":"PropertyValueSpecification","valueRequired":true,"valueName":"search_term_string"}}],"inLanguage":"es"},{"@type":"Organization","@id":"https:\/\/www.eldiario.net\/portal\/#organization","name":"El Diario - Decano de la prensa nacional","url":"https:\/\/www.eldiario.net\/portal\/","logo":{"@type":"ImageObject","inLanguage":"es","@id":"https:\/\/www.eldiario.net\/portal\/#\/schema\/logo\/image\/","url":"https:\/\/www.eldiario.net\/portal\/wp-content\/uploads\/2023\/07\/logo_ED.jpg","contentUrl":"https:\/\/www.eldiario.net\/portal\/wp-content\/uploads\/2023\/07\/logo_ED.jpg","width":272,"height":52,"caption":"El Diario - Decano de la prensa nacional"},"image":{"@id":"https:\/\/www.eldiario.net\/portal\/#\/schema\/logo\/image\/"},"sameAs":["https:\/\/www.facebook.com\/eldiario.bolivia\/","https:\/\/x.com\/eldiario_net"]},{"@type":"Person","@id":"https:\/\/www.eldiario.net\/portal\/#\/schema\/person\/f46445640444750d7d753ccd04ae01b7","name":"Jeanette","image":{"@type":"ImageObject","inLanguage":"es","@id":"https:\/\/secure.gravatar.com\/avatar\/3ea2118a5f7dad2b7138b1187a6b7ee55f160b9968b66013c3a3ef39dd7e5798?s=96&d=mm&r=g","url":"https:\/\/secure.gravatar.com\/avatar\/3ea2118a5f7dad2b7138b1187a6b7ee55f160b9968b66013c3a3ef39dd7e5798?s=96&d=mm&r=g","contentUrl":"https:\/\/secure.gravatar.com\/avatar\/3ea2118a5f7dad2b7138b1187a6b7ee55f160b9968b66013c3a3ef39dd7e5798?s=96&d=mm&r=g","caption":"Jeanette"},"sameAs":["https:\/\/www.eldiario.net\/portal"],"url":"https:\/\/www.eldiario.net\/portal\/author\/jeanette\/"}]}},"_links":{"self":[{"href":"https:\/\/www.eldiario.net\/portal\/wp-json\/wp\/v2\/posts\/203940","targetHints":{"allow":["GET"]}}],"collection":[{"href":"https:\/\/www.eldiario.net\/portal\/wp-json\/wp\/v2\/posts"}],"about":[{"href":"https:\/\/www.eldiario.net\/portal\/wp-json\/wp\/v2\/types\/post"}],"author":[{"embeddable":true,"href":"https:\/\/www.eldiario.net\/portal\/wp-json\/wp\/v2\/users\/1"}],"replies":[{"embeddable":true,"href":"https:\/\/www.eldiario.net\/portal\/wp-json\/wp\/v2\/comments?post=203940"}],"version-history":[{"count":1,"href":"https:\/\/www.eldiario.net\/portal\/wp-json\/wp\/v2\/posts\/203940\/revisions"}],"predecessor-version":[{"id":203942,"href":"https:\/\/www.eldiario.net\/portal\/wp-json\/wp\/v2\/posts\/203940\/revisions\/203942"}],"wp:featuredmedia":[{"embeddable":true,"href":"https:\/\/www.eldiario.net\/portal\/wp-json\/wp\/v2\/media\/203941"}],"wp:attachment":[{"href":"https:\/\/www.eldiario.net\/portal\/wp-json\/wp\/v2\/media?parent=203940"}],"wp:term":[{"taxonomy":"category","embeddable":true,"href":"https:\/\/www.eldiario.net\/portal\/wp-json\/wp\/v2\/categories?post=203940"},{"taxonomy":"post_tag","embeddable":true,"href":"https:\/\/www.eldiario.net\/portal\/wp-json\/wp\/v2\/tags?post=203940"}],"curies":[{"name":"wp","href":"https:\/\/api.w.org\/{rel}","templated":true}]}}