{"id":203933,"date":"2024-02-19T06:36:26","date_gmt":"2024-02-19T10:36:26","guid":{"rendered":"https:\/\/www.eldiario.net\/portal\/?p=203933"},"modified":"2024-02-19T06:36:26","modified_gmt":"2024-02-19T10:36:26","slug":"el-alto-y-achocalla-acuerdan-acciones-preventivas-ante-riesgos-por-lluvias","status":"publish","type":"post","link":"https:\/\/www.eldiario.net\/portal\/2024\/02\/19\/el-alto-y-achocalla-acuerdan-acciones-preventivas-ante-riesgos-por-lluvias\/","title":{"rendered":"El Alto y Achocalla acuerdan acciones  preventivas ante riesgos por lluvias"},"content":{"rendered":"<p>Luego de registrarse una mazamorra y causar la muerte de tres personas, adem\u00e1s de veh\u00edculos enterrados y m\u00e1s de una treintena de casas con da\u00f1os, autoridades ediles de la urbe alte\u00f1a, de Achocalla, de vecinos y de la Defensor\u00eda del Pueblo, elaboraron un plan de contingencia que permite asumir acciones preventivas en la zona lim\u00edtrofe para mitigar posibles riesgos ocasionados por las lluvias.<br \/>\n\u201cHemos llegado a un acuerdo de poder ayudarnos entre ambos municipios, trabajar en equipo y darle soluci\u00f3n a este problema de agua (lluvia). Adem\u00e1s, actuamos de manera inmediata juntamente con el \u00e1rea de emergencias. Hemos visto los desv\u00edos necesarios y ahora estamos viendo las maquinarias que vamos a poner a trabajar\u201d, inform\u00f3 el secretario municipal de Gesti\u00f3n Institucional de la comuna alte\u00f1a, Rury Balladares.<br \/>\nLas medidas fueron adoptadas tras el colapso de un terreno a causa de la intensa lluvia que cay\u00f3 el viernes por la noche y que afect\u00f3 a la zona Arco Iris del municipio de Achocalla, donde se produjo tres decesos y quedaron decenas de viviendas afectadas.<br \/>\nEn el lado de El Alto, la cuant\u00eda de deterioro se enumer\u00f3 en viviendas de la zona 31 de Octubre.<br \/>\nEl acuerdo, fue suscrito cerca de la medianoche del s\u00e1bado, entre los principales puntos establece la disposici\u00f3n de maquinaria pesada, por parte de la comuna alte\u00f1a, adem\u00e1s de reforzar los defensivos que se instalaron el s\u00e1bado como parte del plan de contingencia activada ante la emergencia suscitado en la zona Anexo Santa Rosa, de la jurisdicci\u00f3n alte\u00f1a.<br \/>\n\u201cEl Gamea (Gobierno Aut\u00f3nomo Municipal de El Alto) se compromete a otorgar una tornamesa para realizar los trabajos de la torrentera de la zona Arco Iris, (trabajos de canalizaci\u00f3n y otros necesarios) por 40 horas. Una cargadora frontal para el retiro del material de arrastre, que ser\u00e1 prestado tambi\u00e9n por el Gamea (por 80 horas)\u201d, se lee en el documento.<br \/>\nA\u00f1ade que, el Gamea tambi\u00e9n se compromete a hacer el mantenimiento de las tuber\u00edas del drenaje pluvial de la zona.<br \/>\nFinalmente, ambos municipios aclararon ciertos aspectos y acordaron una reuni\u00f3n de evaluaci\u00f3n y coordinaci\u00f3n para el mi\u00e9rcoles 21 de febrero, con la presencia de la Defensor\u00eda del Pueblo. Adem\u00e1s, se proyectan otras reuniones para perfilar proyectos a largo y mediano plazo, como la ampliaci\u00f3n de embovedados y desv\u00edos de cauce de agua.<br \/>\n\u201cEn cuanto al punto 1, se rectifica y aclara que el pr\u00e9stamo de la tornamesa por parte del Gamea ser\u00e1 por 40 horas, asimismo se compromete y acuerda que pasados los tres d\u00edas calendario de trabajo, espec\u00edficamente el mi\u00e9rcoles 21 de febrero a horas 9:00 am, se realizar\u00e1 una reuni\u00f3n de evaluaci\u00f3n y coordinaci\u00f3n con el equipo t\u00e9cnico del GAMA y del Gamea, adem\u00e1s con la presencia del defensor del pueblo en predios del lugar de inspecci\u00f3n y donde corresponda y\/o necesite\u201d, finaliza el escrito firmado por autoridades de ambos municipios.<\/p>\n<p>AYUDA<br \/>\nAl respecto, el representante de la Federaci\u00f3n de Juntas Vecinales (Fejuve) del Distrito 7 del municipio de Achocalla, Rogelio Mayta, sostuvo que recibieron apoyo de Defensa Civil, municipio y posteriormente, la Gobernaci\u00f3n.<br \/>\n\u201cSe ha quedado en coordinar el trabajo, inspeccionar cu\u00e1l la afectaci\u00f3n que habr\u00eda en cada sector y que la distribuci\u00f3n avance. Se ha recomendado tambi\u00e9n precautelar la vida de los vecinos (\u2026). Ha venido Defensa Civil y nos ha entregado v\u00edveres y cosas, le agradecemos. Tambi\u00e9n la Gobernaci\u00f3n\u201d, manifest\u00f3 el dirigente.<br \/>\nMayta destac\u00f3 la solidaridad de autoridades, pero m\u00e1s a\u00fan de los vecinos que se apoyaron entre s\u00ed, desde el primer momento de ocurridos los hechos.<br \/>\n\u201cLos vecinos est\u00e1n haciendo trabajo comunal, todos lo que no fueron afectados est\u00e1n ayudando a los afectados\u201d, indic\u00f3.<br \/>\nPor otro lado, ayer, el Viceministerio de Defesa Civil entreg\u00f3 ayuda humanitaria para las familias damnificadas por el deslizamiento en la urbanizaci\u00f3n Arco Iris, en el municipio de Achocalla.<br \/>\n\u201cNosotros hemos recibido la instrucci\u00f3n directa del presidente Luis Arce, quien est\u00e1 haciendo un seguimiento de todo lo que est\u00e1 pasando con el tema de los desastres naturales, \u00e9l est\u00e1 preocupado (\u2026). Se instruy\u00f3 que se movilice la ayuda inmediatamente\u201d, inform\u00f3 el viceministro del \u00e1rea, Juan Carlos Calvimontes.<br \/>\nAlimentos como 100 quintales de harina, 20 quintales de arroz, 50 botellas de 5 litros de aceite, 100 latas de leche en polvo y 100 bolsas de quinua, adem\u00e1s de prendas de vestir entre zapatos, poleras y camisas, y algunos artefactos el\u00e9ctricos 10 lavadoras, 30 televisores, carpas de lona, frazadas y otros.<br \/>\n\u201cEl Alcalde (de Achocalla) tiene que hacer su clasificaci\u00f3n de da\u00f1os y ah\u00ed otra vez Defensa Civil act\u00faa para poder brindar ayuda. En esta oportunidad estamos viniendo con la ayuda del Ministerio de la Presidencia, el Alcalde debe hacer el tr\u00e1mite para que vengamos con la segunda ayuda\u201d, explic\u00f3 Calvimontes.<br \/>\nLa noche del viernes y primeras horas del s\u00e1bado, tras una intensa lluvia, se registr\u00f3 un deslizamiento, en la urbanizaci\u00f3n Arco Iris del municipio de Achocalla, sepult\u00f3 decenas de casas, veh\u00edculos y ocasion\u00f3 la muerte de una madre y sus dos hijos.<\/p>\n<p>SOLIDARIDAD EN LA PAZ<br \/>\nComo parte de un trabajo comunal y con el prop\u00f3sito de evitar desastres, ayer, vecinos, voluntarios y obreros de la Subalcald\u00eda de Perif\u00e9rica limpiaron el material de arrastre de las v\u00edas de las zonas Sant\u00edsima Trinidad, Universal Tex y Rosasani Sector \u201cB\u201d.<br \/>\n\u201cEsos j\u00f3venes no reciben sueldos, no reciben nada pero, son solidarios junto con la Alcald\u00eda est\u00e1n trabajando\u201d, sostuvo el alcalde pace\u00f1o, Iv\u00e1n Arias, durante una inspecci\u00f3n realizada por ese sector.<br \/>\nTambi\u00e9n se desplaz\u00f3 maquinaria pesada y participaron obreros de la subalcald\u00eda Perif\u00e9rica.<br \/>\nPor su parte, el secretario municipal de Resiliencia y Gesti\u00f3n de Vulnerabilidades, Juan Pablo Palma, afirm\u00f3 que la presencia de material de arrastre en las calles y avenidas de las tres zonas es producto del movimiento de tierras que se efect\u00faa en las partes altas. Adem\u00e1s, de la deficiente evacuaci\u00f3n de las aguas servidas y del alcantarillado.<\/p>\n\r\n                <style type=\"text\/css\">\r\n                    \r\n                    #tdi_1  .td-doubleSlider-2 .td-item1 {\r\n                        background: url(https:\/\/www.eldiario.net\/portal\/wp-content\/uploads\/2024\/02\/F-1-Achoc.jpg) 0 0 no-repeat;\r\n                    }\r\n                    #tdi_1  .td-doubleSlider-2 .td-item2 {\r\n                        background: url(https:\/\/www.eldiario.net\/portal\/wp-content\/uploads\/2024\/02\/F-2-ACHOC.jpg) 0 0 no-repeat;\r\n                    }\r\n                    #tdi_1  .td-doubleSlider-2 .td-item3 {\r\n                        background: url(https:\/\/www.eldiario.net\/portal\/wp-content\/uploads\/2024\/02\/F-3-Achoc.jpg) 0 0 no-repeat;\r\n                    }\r\n                <\/style>\r\n\r\n                <div id=\"tdi_1\" class=\"td-gallery td-slide-on-2-columns\">\r\n                    <div class=\"post_td_gallery\">\r\n                        <div class=\"td-gallery-slide-top\">\r\n                           <div class=\"td-gallery-title\"><\/div>\r\n\r\n                            <div class=\"td-gallery-controls-wrapper\">\r\n                                <div class=\"td-gallery-slide-count\"><span class=\"td-gallery-slide-item-focus\">1<\/span> de 3<\/div>\r\n                                <div class=\"td-gallery-slide-prev-next-but\">\r\n                                    <i class = \"td-icon-left doubleSliderPrevButton\"><\/i>\r\n                                    <i class = \"td-icon-right doubleSliderNextButton\"><\/i>\r\n                                <\/div>\r\n                            <\/div>\r\n                        <\/div>\r\n\r\n                        <div class = \"td-doubleSlider-1 \">\r\n                            <div class = \"td-slider\">\r\n                                \r\n                    <div class = \"td-slide-item td-item1\">\r\n                        <figure class=\"td-slide-galery-figure td-slide-popup-gallery\">\r\n                            <a class=\"slide-gallery-image-link\" href=\"https:\/\/www.eldiario.net\/portal\/wp-content\/uploads\/2024\/02\/F-1-Achoc.jpg\" title=\"F 1 Achoc\"  data-caption=\"Autoridades de ambos municipios y vecinos de sectores afectados, se reunieron.\"  data-description=\"\">\r\n                                <img decoding=\"async\" src=\"https:\/\/www.eldiario.net\/portal\/wp-content\/uploads\/2024\/02\/F-1-Achoc.jpg\" srcset=\"https:\/\/www.eldiario.net\/portal\/wp-content\/uploads\/2024\/02\/F-1-Achoc.jpg 1280w, https:\/\/www.eldiario.net\/portal\/wp-content\/uploads\/2024\/02\/F-1-Achoc-300x225.jpg 300w, https:\/\/www.eldiario.net\/portal\/wp-content\/uploads\/2024\/02\/F-1-Achoc-1024x768.jpg 1024w, https:\/\/www.eldiario.net\/portal\/wp-content\/uploads\/2024\/02\/F-1-Achoc-768x576.jpg 768w, https:\/\/www.eldiario.net\/portal\/wp-content\/uploads\/2024\/02\/F-1-Achoc-696x522.jpg 696w, https:\/\/www.eldiario.net\/portal\/wp-content\/uploads\/2024\/02\/F-1-Achoc-1068x801.jpg 1068w\" sizes=\"(max-width: 560px) 100vw, 560px\" alt=\"\">\r\n                            <\/a>\r\n                            <figcaption class = \"td-slide-caption td-gallery-slide-content\"><div class = \"td-gallery-slide-copywrite\">Autoridades de ambos municipios y vecinos de sectores afectados, se reunieron.<\/div><\/figcaption>\r\n                        <\/figure>\r\n                    <\/div>\r\n                    <div class = \"td-slide-item td-item2\">\r\n                        <figure class=\"td-slide-galery-figure td-slide-popup-gallery\">\r\n                            <a class=\"slide-gallery-image-link\" href=\"https:\/\/www.eldiario.net\/portal\/wp-content\/uploads\/2024\/02\/F-2-ACHOC.jpg\" title=\"F 2 ACHOC.\"  data-caption=\"Adelantaron que los damnificados recibir\u00e1n m\u00e1s ayuda humanitaria.\"  data-description=\"\">\r\n                                <img decoding=\"async\" src=\"https:\/\/www.eldiario.net\/portal\/wp-content\/uploads\/2024\/02\/F-2-ACHOC.jpg\" srcset=\"https:\/\/www.eldiario.net\/portal\/wp-content\/uploads\/2024\/02\/F-2-ACHOC.jpg 1080w, https:\/\/www.eldiario.net\/portal\/wp-content\/uploads\/2024\/02\/F-2-ACHOC-300x219.jpg 300w, https:\/\/www.eldiario.net\/portal\/wp-content\/uploads\/2024\/02\/F-2-ACHOC-1024x749.jpg 1024w, https:\/\/www.eldiario.net\/portal\/wp-content\/uploads\/2024\/02\/F-2-ACHOC-768x562.jpg 768w, https:\/\/www.eldiario.net\/portal\/wp-content\/uploads\/2024\/02\/F-2-ACHOC-696x509.jpg 696w, https:\/\/www.eldiario.net\/portal\/wp-content\/uploads\/2024\/02\/F-2-ACHOC-1068x781.jpg 1068w\" sizes=\"(max-width: 574px) 100vw, 574px\" alt=\"\">\r\n                            <\/a>\r\n                            <figcaption class = \"td-slide-caption td-gallery-slide-content\"><div class = \"td-gallery-slide-copywrite\">Adelantaron que los damnificados recibir\u00e1n m\u00e1s ayuda humanitaria.<\/div><\/figcaption>\r\n                        <\/figure>\r\n                    <\/div>\r\n                    <div class = \"td-slide-item td-item3\">\r\n                        <figure class=\"td-slide-galery-figure td-slide-popup-gallery\">\r\n                            <a class=\"slide-gallery-image-link\" href=\"https:\/\/www.eldiario.net\/portal\/wp-content\/uploads\/2024\/02\/F-3-Achoc.jpg\" title=\"F 3 Achoc\"  data-caption=\"Limpieza por parte de voluntarios, vecinos y obreros ediles.\"  data-description=\"\">\r\n                                <img decoding=\"async\" src=\"https:\/\/www.eldiario.net\/portal\/wp-content\/uploads\/2024\/02\/F-3-Achoc.jpg\" srcset=\"https:\/\/www.eldiario.net\/portal\/wp-content\/uploads\/2024\/02\/F-3-Achoc.jpg 1599w, https:\/\/www.eldiario.net\/portal\/wp-content\/uploads\/2024\/02\/F-3-Achoc-300x200.jpg 300w, https:\/\/www.eldiario.net\/portal\/wp-content\/uploads\/2024\/02\/F-3-Achoc-1024x683.jpg 1024w, https:\/\/www.eldiario.net\/portal\/wp-content\/uploads\/2024\/02\/F-3-Achoc-768x512.jpg 768w, https:\/\/www.eldiario.net\/portal\/wp-content\/uploads\/2024\/02\/F-3-Achoc-1536x1024.jpg 1536w, https:\/\/www.eldiario.net\/portal\/wp-content\/uploads\/2024\/02\/F-3-Achoc-696x464.jpg 696w, https:\/\/www.eldiario.net\/portal\/wp-content\/uploads\/2024\/02\/F-3-Achoc-1068x712.jpg 1068w\" sizes=\"(max-width: 630px) 100vw, 630px\" alt=\"\">\r\n                            <\/a>\r\n                            <figcaption class = \"td-slide-caption td-gallery-slide-content\"><div class = \"td-gallery-slide-copywrite\">Limpieza por parte de voluntarios, vecinos y obreros ediles.<\/div><\/figcaption>\r\n                        <\/figure>\r\n                    <\/div>\r\n                            <\/div>\r\n                        <\/div>\r\n\r\n                        <div class = \"td-doubleSlider-2\">\r\n                            <div class = \"td-slider\">\r\n                                \r\n                    <div class = \"td-button td-item1\">\r\n                        <div class = \"td-border\"><\/div>\r\n                    <\/div>\r\n                    <div class = \"td-button td-item2\">\r\n                        <div class = \"td-border\"><\/div>\r\n                    <\/div>\r\n                    <div class = \"td-button td-item3\">\r\n                        <div class = \"td-border\"><\/div>\r\n                    <\/div>\r\n                            <\/div>\r\n                        <\/div>\r\n\r\n                    <\/div>\r\n\r\n                <\/div>\r\n                \n","protected":false},"excerpt":{"rendered":"<p>Luego de registrarse una mazamorra y causar la muerte de tres personas, adem\u00e1s de veh\u00edculos enterrados y m\u00e1s de una treintena de casas con da\u00f1os, autoridades ediles de la urbe alte\u00f1a, de Achocalla, de vecinos y de la Defensor\u00eda del Pueblo, elaboraron un plan de contingencia que permite asumir acciones preventivas en la zona lim\u00edtrofe [&hellip;]<\/p>\n","protected":false},"author":1,"featured_media":203934,"comment_status":"open","ping_status":"open","sticky":false,"template":"","format":"standard","meta":{"_acf_changed":false,"footnotes":""},"categories":[12],"tags":[],"class_list":["post-203933","post","type-post","status-publish","format-standard","has-post-thumbnail","category-nacional"],"acf":{"antetitulo":"Defensa Civil entrega ayuda a afectados en Arco Iris"},"yoast_head":"<!-- This site is optimized with the Yoast SEO plugin v28.4 - https:\/\/yoast.com\/product\/yoast-seo-wordpress\/ -->\n<title>El Alto y Achocalla acuerdan acciones preventivas ante riesgos por lluvias - El Diario - Bolivia<\/title>\n<meta name=\"robots\" content=\"index, follow, max-snippet:-1, max-image-preview:large, max-video-preview:-1\" \/>\n<link rel=\"canonical\" href=\"https:\/\/www.eldiario.net\/portal\/2024\/02\/19\/el-alto-y-achocalla-acuerdan-acciones-preventivas-ante-riesgos-por-lluvias\/\" \/>\n<meta property=\"og:locale\" content=\"es_ES\" \/>\n<meta property=\"og:type\" content=\"article\" \/>\n<meta property=\"og:title\" content=\"El Alto y Achocalla acuerdan acciones preventivas ante riesgos por lluvias - El Diario - Bolivia\" \/>\n<meta property=\"og:description\" content=\"Luego de registrarse una mazamorra y causar la muerte de tres personas, adem\u00e1s de veh\u00edculos enterrados y m\u00e1s de una treintena de casas con da\u00f1os, autoridades ediles de la urbe alte\u00f1a, de Achocalla, de vecinos y de la Defensor\u00eda del Pueblo, elaboraron un plan de contingencia que permite asumir acciones preventivas en la zona lim\u00edtrofe [&hellip;]\" \/>\n<meta property=\"og:url\" content=\"https:\/\/www.eldiario.net\/portal\/2024\/02\/19\/el-alto-y-achocalla-acuerdan-acciones-preventivas-ante-riesgos-por-lluvias\/\" \/>\n<meta property=\"og:site_name\" content=\"El Diario - Bolivia\" \/>\n<meta property=\"article:publisher\" content=\"https:\/\/www.facebook.com\/eldiario.bolivia\/\" \/>\n<meta property=\"article:published_time\" content=\"2024-02-19T10:36:26+00:00\" \/>\n<meta property=\"og:image\" content=\"https:\/\/www.eldiario.net\/portal\/wp-content\/uploads\/2024\/02\/F-1-Achoc.jpg\" \/>\n\t<meta property=\"og:image:width\" content=\"1280\" \/>\n\t<meta property=\"og:image:height\" content=\"960\" \/>\n\t<meta property=\"og:image:type\" content=\"image\/jpeg\" \/>\n<meta name=\"author\" content=\"Jeanette\" \/>\n<meta name=\"twitter:card\" content=\"summary_large_image\" \/>\n<meta name=\"twitter:creator\" content=\"@eldiario_net\" \/>\n<meta name=\"twitter:site\" content=\"@eldiario_net\" \/>\n<meta name=\"twitter:label1\" content=\"Escrito por\" \/>\n\t<meta name=\"twitter:data1\" content=\"Jeanette\" \/>\n\t<meta name=\"twitter:label2\" content=\"Tiempo de lectura\" \/>\n\t<meta name=\"twitter:data2\" content=\"5 minutos\" \/>\n<script type=\"application\/ld+json\" class=\"yoast-schema-graph\">{\"@context\":\"https:\\\/\\\/schema.org\",\"@graph\":[{\"@type\":\"Article\",\"@id\":\"https:\\\/\\\/www.eldiario.net\\\/portal\\\/2024\\\/02\\\/19\\\/el-alto-y-achocalla-acuerdan-acciones-preventivas-ante-riesgos-por-lluvias\\\/#article\",\"isPartOf\":{\"@id\":\"https:\\\/\\\/www.eldiario.net\\\/portal\\\/2024\\\/02\\\/19\\\/el-alto-y-achocalla-acuerdan-acciones-preventivas-ante-riesgos-por-lluvias\\\/\"},\"author\":{\"name\":\"Jeanette\",\"@id\":\"https:\\\/\\\/www.eldiario.net\\\/portal\\\/#\\\/schema\\\/person\\\/f46445640444750d7d753ccd04ae01b7\"},\"headline\":\"El Alto y Achocalla acuerdan acciones preventivas ante riesgos por lluvias\",\"datePublished\":\"2024-02-19T10:36:26+00:00\",\"mainEntityOfPage\":{\"@id\":\"https:\\\/\\\/www.eldiario.net\\\/portal\\\/2024\\\/02\\\/19\\\/el-alto-y-achocalla-acuerdan-acciones-preventivas-ante-riesgos-por-lluvias\\\/\"},\"wordCount\":1055,\"commentCount\":0,\"publisher\":{\"@id\":\"https:\\\/\\\/www.eldiario.net\\\/portal\\\/#organization\"},\"image\":{\"@id\":\"https:\\\/\\\/www.eldiario.net\\\/portal\\\/2024\\\/02\\\/19\\\/el-alto-y-achocalla-acuerdan-acciones-preventivas-ante-riesgos-por-lluvias\\\/#primaryimage\"},\"thumbnailUrl\":\"https:\\\/\\\/www.eldiario.net\\\/portal\\\/wp-content\\\/uploads\\\/2024\\\/02\\\/F-1-Achoc.jpg\",\"articleSection\":[\"Nacional\"],\"inLanguage\":\"es\",\"potentialAction\":[{\"@type\":\"CommentAction\",\"name\":\"Comment\",\"target\":[\"https:\\\/\\\/www.eldiario.net\\\/portal\\\/2024\\\/02\\\/19\\\/el-alto-y-achocalla-acuerdan-acciones-preventivas-ante-riesgos-por-lluvias\\\/#respond\"]}]},{\"@type\":\"WebPage\",\"@id\":\"https:\\\/\\\/www.eldiario.net\\\/portal\\\/2024\\\/02\\\/19\\\/el-alto-y-achocalla-acuerdan-acciones-preventivas-ante-riesgos-por-lluvias\\\/\",\"url\":\"https:\\\/\\\/www.eldiario.net\\\/portal\\\/2024\\\/02\\\/19\\\/el-alto-y-achocalla-acuerdan-acciones-preventivas-ante-riesgos-por-lluvias\\\/\",\"name\":\"El Alto y Achocalla acuerdan acciones preventivas ante riesgos por lluvias - El Diario - Bolivia\",\"isPartOf\":{\"@id\":\"https:\\\/\\\/www.eldiario.net\\\/portal\\\/#website\"},\"primaryImageOfPage\":{\"@id\":\"https:\\\/\\\/www.eldiario.net\\\/portal\\\/2024\\\/02\\\/19\\\/el-alto-y-achocalla-acuerdan-acciones-preventivas-ante-riesgos-por-lluvias\\\/#primaryimage\"},\"image\":{\"@id\":\"https:\\\/\\\/www.eldiario.net\\\/portal\\\/2024\\\/02\\\/19\\\/el-alto-y-achocalla-acuerdan-acciones-preventivas-ante-riesgos-por-lluvias\\\/#primaryimage\"},\"thumbnailUrl\":\"https:\\\/\\\/www.eldiario.net\\\/portal\\\/wp-content\\\/uploads\\\/2024\\\/02\\\/F-1-Achoc.jpg\",\"datePublished\":\"2024-02-19T10:36:26+00:00\",\"breadcrumb\":{\"@id\":\"https:\\\/\\\/www.eldiario.net\\\/portal\\\/2024\\\/02\\\/19\\\/el-alto-y-achocalla-acuerdan-acciones-preventivas-ante-riesgos-por-lluvias\\\/#breadcrumb\"},\"inLanguage\":\"es\",\"potentialAction\":[{\"@type\":\"ReadAction\",\"target\":[\"https:\\\/\\\/www.eldiario.net\\\/portal\\\/2024\\\/02\\\/19\\\/el-alto-y-achocalla-acuerdan-acciones-preventivas-ante-riesgos-por-lluvias\\\/\"]}]},{\"@type\":\"ImageObject\",\"inLanguage\":\"es\",\"@id\":\"https:\\\/\\\/www.eldiario.net\\\/portal\\\/2024\\\/02\\\/19\\\/el-alto-y-achocalla-acuerdan-acciones-preventivas-ante-riesgos-por-lluvias\\\/#primaryimage\",\"url\":\"https:\\\/\\\/www.eldiario.net\\\/portal\\\/wp-content\\\/uploads\\\/2024\\\/02\\\/F-1-Achoc.jpg\",\"contentUrl\":\"https:\\\/\\\/www.eldiario.net\\\/portal\\\/wp-content\\\/uploads\\\/2024\\\/02\\\/F-1-Achoc.jpg\",\"width\":1280,\"height\":960,\"caption\":\"Autoridades de ambos municipios y vecinos de sectores afectados, se reunieron.\"},{\"@type\":\"BreadcrumbList\",\"@id\":\"https:\\\/\\\/www.eldiario.net\\\/portal\\\/2024\\\/02\\\/19\\\/el-alto-y-achocalla-acuerdan-acciones-preventivas-ante-riesgos-por-lluvias\\\/#breadcrumb\",\"itemListElement\":[{\"@type\":\"ListItem\",\"position\":1,\"name\":\"Portada\",\"item\":\"https:\\\/\\\/www.eldiario.net\\\/portal\\\/\"},{\"@type\":\"ListItem\",\"position\":2,\"name\":\"El Alto y Achocalla acuerdan acciones preventivas ante riesgos por lluvias\"}]},{\"@type\":\"WebSite\",\"@id\":\"https:\\\/\\\/www.eldiario.net\\\/portal\\\/#website\",\"url\":\"https:\\\/\\\/www.eldiario.net\\\/portal\\\/\",\"name\":\"El Diario - Decano de la prensa nacional\",\"description\":\"El Diario - Decano de la prensa nacional\",\"publisher\":{\"@id\":\"https:\\\/\\\/www.eldiario.net\\\/portal\\\/#organization\"},\"potentialAction\":[{\"@type\":\"SearchAction\",\"target\":{\"@type\":\"EntryPoint\",\"urlTemplate\":\"https:\\\/\\\/www.eldiario.net\\\/portal\\\/?s={search_term_string}\"},\"query-input\":{\"@type\":\"PropertyValueSpecification\",\"valueRequired\":true,\"valueName\":\"search_term_string\"}}],\"inLanguage\":\"es\"},{\"@type\":\"Organization\",\"@id\":\"https:\\\/\\\/www.eldiario.net\\\/portal\\\/#organization\",\"name\":\"El Diario - Decano de la prensa nacional\",\"url\":\"https:\\\/\\\/www.eldiario.net\\\/portal\\\/\",\"logo\":{\"@type\":\"ImageObject\",\"inLanguage\":\"es\",\"@id\":\"https:\\\/\\\/www.eldiario.net\\\/portal\\\/#\\\/schema\\\/logo\\\/image\\\/\",\"url\":\"https:\\\/\\\/www.eldiario.net\\\/portal\\\/wp-content\\\/uploads\\\/2023\\\/07\\\/logo_ED.jpg\",\"contentUrl\":\"https:\\\/\\\/www.eldiario.net\\\/portal\\\/wp-content\\\/uploads\\\/2023\\\/07\\\/logo_ED.jpg\",\"width\":272,\"height\":52,\"caption\":\"El Diario - Decano de la prensa nacional\"},\"image\":{\"@id\":\"https:\\\/\\\/www.eldiario.net\\\/portal\\\/#\\\/schema\\\/logo\\\/image\\\/\"},\"sameAs\":[\"https:\\\/\\\/www.facebook.com\\\/eldiario.bolivia\\\/\",\"https:\\\/\\\/x.com\\\/eldiario_net\"]},{\"@type\":\"Person\",\"@id\":\"https:\\\/\\\/www.eldiario.net\\\/portal\\\/#\\\/schema\\\/person\\\/f46445640444750d7d753ccd04ae01b7\",\"name\":\"Jeanette\",\"image\":{\"@type\":\"ImageObject\",\"inLanguage\":\"es\",\"@id\":\"https:\\\/\\\/secure.gravatar.com\\\/avatar\\\/3ea2118a5f7dad2b7138b1187a6b7ee55f160b9968b66013c3a3ef39dd7e5798?s=96&d=mm&r=g\",\"url\":\"https:\\\/\\\/secure.gravatar.com\\\/avatar\\\/3ea2118a5f7dad2b7138b1187a6b7ee55f160b9968b66013c3a3ef39dd7e5798?s=96&d=mm&r=g\",\"contentUrl\":\"https:\\\/\\\/secure.gravatar.com\\\/avatar\\\/3ea2118a5f7dad2b7138b1187a6b7ee55f160b9968b66013c3a3ef39dd7e5798?s=96&d=mm&r=g\",\"caption\":\"Jeanette\"},\"sameAs\":[\"https:\\\/\\\/www.eldiario.net\\\/portal\"],\"url\":\"https:\\\/\\\/www.eldiario.net\\\/portal\\\/author\\\/jeanette\\\/\"}]}<\/script>\n<!-- \/ Yoast SEO plugin. -->","yoast_head_json":{"title":"El Alto y Achocalla acuerdan acciones preventivas ante riesgos por lluvias - El Diario - Bolivia","robots":{"index":"index","follow":"follow","max-snippet":"max-snippet:-1","max-image-preview":"max-image-preview:large","max-video-preview":"max-video-preview:-1"},"canonical":"https:\/\/www.eldiario.net\/portal\/2024\/02\/19\/el-alto-y-achocalla-acuerdan-acciones-preventivas-ante-riesgos-por-lluvias\/","og_locale":"es_ES","og_type":"article","og_title":"El Alto y Achocalla acuerdan acciones preventivas ante riesgos por lluvias - El Diario - Bolivia","og_description":"Luego de registrarse una mazamorra y causar la muerte de tres personas, adem\u00e1s de veh\u00edculos enterrados y m\u00e1s de una treintena de casas con da\u00f1os, autoridades ediles de la urbe alte\u00f1a, de Achocalla, de vecinos y de la Defensor\u00eda del Pueblo, elaboraron un plan de contingencia que permite asumir acciones preventivas en la zona lim\u00edtrofe [&hellip;]","og_url":"https:\/\/www.eldiario.net\/portal\/2024\/02\/19\/el-alto-y-achocalla-acuerdan-acciones-preventivas-ante-riesgos-por-lluvias\/","og_site_name":"El Diario - Bolivia","article_publisher":"https:\/\/www.facebook.com\/eldiario.bolivia\/","article_published_time":"2024-02-19T10:36:26+00:00","og_image":[{"width":1280,"height":960,"url":"https:\/\/www.eldiario.net\/portal\/wp-content\/uploads\/2024\/02\/F-1-Achoc.jpg","type":"image\/jpeg"}],"author":"Jeanette","twitter_card":"summary_large_image","twitter_creator":"@eldiario_net","twitter_site":"@eldiario_net","twitter_misc":{"Escrito por":"Jeanette","Tiempo de lectura":"5 minutos"},"schema":{"@context":"https:\/\/schema.org","@graph":[{"@type":"Article","@id":"https:\/\/www.eldiario.net\/portal\/2024\/02\/19\/el-alto-y-achocalla-acuerdan-acciones-preventivas-ante-riesgos-por-lluvias\/#article","isPartOf":{"@id":"https:\/\/www.eldiario.net\/portal\/2024\/02\/19\/el-alto-y-achocalla-acuerdan-acciones-preventivas-ante-riesgos-por-lluvias\/"},"author":{"name":"Jeanette","@id":"https:\/\/www.eldiario.net\/portal\/#\/schema\/person\/f46445640444750d7d753ccd04ae01b7"},"headline":"El Alto y Achocalla acuerdan acciones preventivas ante riesgos por lluvias","datePublished":"2024-02-19T10:36:26+00:00","mainEntityOfPage":{"@id":"https:\/\/www.eldiario.net\/portal\/2024\/02\/19\/el-alto-y-achocalla-acuerdan-acciones-preventivas-ante-riesgos-por-lluvias\/"},"wordCount":1055,"commentCount":0,"publisher":{"@id":"https:\/\/www.eldiario.net\/portal\/#organization"},"image":{"@id":"https:\/\/www.eldiario.net\/portal\/2024\/02\/19\/el-alto-y-achocalla-acuerdan-acciones-preventivas-ante-riesgos-por-lluvias\/#primaryimage"},"thumbnailUrl":"https:\/\/www.eldiario.net\/portal\/wp-content\/uploads\/2024\/02\/F-1-Achoc.jpg","articleSection":["Nacional"],"inLanguage":"es","potentialAction":[{"@type":"CommentAction","name":"Comment","target":["https:\/\/www.eldiario.net\/portal\/2024\/02\/19\/el-alto-y-achocalla-acuerdan-acciones-preventivas-ante-riesgos-por-lluvias\/#respond"]}]},{"@type":"WebPage","@id":"https:\/\/www.eldiario.net\/portal\/2024\/02\/19\/el-alto-y-achocalla-acuerdan-acciones-preventivas-ante-riesgos-por-lluvias\/","url":"https:\/\/www.eldiario.net\/portal\/2024\/02\/19\/el-alto-y-achocalla-acuerdan-acciones-preventivas-ante-riesgos-por-lluvias\/","name":"El Alto y Achocalla acuerdan acciones preventivas ante riesgos por lluvias - El Diario - Bolivia","isPartOf":{"@id":"https:\/\/www.eldiario.net\/portal\/#website"},"primaryImageOfPage":{"@id":"https:\/\/www.eldiario.net\/portal\/2024\/02\/19\/el-alto-y-achocalla-acuerdan-acciones-preventivas-ante-riesgos-por-lluvias\/#primaryimage"},"image":{"@id":"https:\/\/www.eldiario.net\/portal\/2024\/02\/19\/el-alto-y-achocalla-acuerdan-acciones-preventivas-ante-riesgos-por-lluvias\/#primaryimage"},"thumbnailUrl":"https:\/\/www.eldiario.net\/portal\/wp-content\/uploads\/2024\/02\/F-1-Achoc.jpg","datePublished":"2024-02-19T10:36:26+00:00","breadcrumb":{"@id":"https:\/\/www.eldiario.net\/portal\/2024\/02\/19\/el-alto-y-achocalla-acuerdan-acciones-preventivas-ante-riesgos-por-lluvias\/#breadcrumb"},"inLanguage":"es","potentialAction":[{"@type":"ReadAction","target":["https:\/\/www.eldiario.net\/portal\/2024\/02\/19\/el-alto-y-achocalla-acuerdan-acciones-preventivas-ante-riesgos-por-lluvias\/"]}]},{"@type":"ImageObject","inLanguage":"es","@id":"https:\/\/www.eldiario.net\/portal\/2024\/02\/19\/el-alto-y-achocalla-acuerdan-acciones-preventivas-ante-riesgos-por-lluvias\/#primaryimage","url":"https:\/\/www.eldiario.net\/portal\/wp-content\/uploads\/2024\/02\/F-1-Achoc.jpg","contentUrl":"https:\/\/www.eldiario.net\/portal\/wp-content\/uploads\/2024\/02\/F-1-Achoc.jpg","width":1280,"height":960,"caption":"Autoridades de ambos municipios y vecinos de sectores afectados, se reunieron."},{"@type":"BreadcrumbList","@id":"https:\/\/www.eldiario.net\/portal\/2024\/02\/19\/el-alto-y-achocalla-acuerdan-acciones-preventivas-ante-riesgos-por-lluvias\/#breadcrumb","itemListElement":[{"@type":"ListItem","position":1,"name":"Portada","item":"https:\/\/www.eldiario.net\/portal\/"},{"@type":"ListItem","position":2,"name":"El Alto y Achocalla acuerdan acciones preventivas ante riesgos por lluvias"}]},{"@type":"WebSite","@id":"https:\/\/www.eldiario.net\/portal\/#website","url":"https:\/\/www.eldiario.net\/portal\/","name":"El Diario - Decano de la prensa nacional","description":"El Diario - Decano de la prensa nacional","publisher":{"@id":"https:\/\/www.eldiario.net\/portal\/#organization"},"potentialAction":[{"@type":"SearchAction","target":{"@type":"EntryPoint","urlTemplate":"https:\/\/www.eldiario.net\/portal\/?s={search_term_string}"},"query-input":{"@type":"PropertyValueSpecification","valueRequired":true,"valueName":"search_term_string"}}],"inLanguage":"es"},{"@type":"Organization","@id":"https:\/\/www.eldiario.net\/portal\/#organization","name":"El Diario - Decano de la prensa nacional","url":"https:\/\/www.eldiario.net\/portal\/","logo":{"@type":"ImageObject","inLanguage":"es","@id":"https:\/\/www.eldiario.net\/portal\/#\/schema\/logo\/image\/","url":"https:\/\/www.eldiario.net\/portal\/wp-content\/uploads\/2023\/07\/logo_ED.jpg","contentUrl":"https:\/\/www.eldiario.net\/portal\/wp-content\/uploads\/2023\/07\/logo_ED.jpg","width":272,"height":52,"caption":"El Diario - Decano de la prensa nacional"},"image":{"@id":"https:\/\/www.eldiario.net\/portal\/#\/schema\/logo\/image\/"},"sameAs":["https:\/\/www.facebook.com\/eldiario.bolivia\/","https:\/\/x.com\/eldiario_net"]},{"@type":"Person","@id":"https:\/\/www.eldiario.net\/portal\/#\/schema\/person\/f46445640444750d7d753ccd04ae01b7","name":"Jeanette","image":{"@type":"ImageObject","inLanguage":"es","@id":"https:\/\/secure.gravatar.com\/avatar\/3ea2118a5f7dad2b7138b1187a6b7ee55f160b9968b66013c3a3ef39dd7e5798?s=96&d=mm&r=g","url":"https:\/\/secure.gravatar.com\/avatar\/3ea2118a5f7dad2b7138b1187a6b7ee55f160b9968b66013c3a3ef39dd7e5798?s=96&d=mm&r=g","contentUrl":"https:\/\/secure.gravatar.com\/avatar\/3ea2118a5f7dad2b7138b1187a6b7ee55f160b9968b66013c3a3ef39dd7e5798?s=96&d=mm&r=g","caption":"Jeanette"},"sameAs":["https:\/\/www.eldiario.net\/portal"],"url":"https:\/\/www.eldiario.net\/portal\/author\/jeanette\/"}]}},"_links":{"self":[{"href":"https:\/\/www.eldiario.net\/portal\/wp-json\/wp\/v2\/posts\/203933","targetHints":{"allow":["GET"]}}],"collection":[{"href":"https:\/\/www.eldiario.net\/portal\/wp-json\/wp\/v2\/posts"}],"about":[{"href":"https:\/\/www.eldiario.net\/portal\/wp-json\/wp\/v2\/types\/post"}],"author":[{"embeddable":true,"href":"https:\/\/www.eldiario.net\/portal\/wp-json\/wp\/v2\/users\/1"}],"replies":[{"embeddable":true,"href":"https:\/\/www.eldiario.net\/portal\/wp-json\/wp\/v2\/comments?post=203933"}],"version-history":[{"count":1,"href":"https:\/\/www.eldiario.net\/portal\/wp-json\/wp\/v2\/posts\/203933\/revisions"}],"predecessor-version":[{"id":203937,"href":"https:\/\/www.eldiario.net\/portal\/wp-json\/wp\/v2\/posts\/203933\/revisions\/203937"}],"wp:featuredmedia":[{"embeddable":true,"href":"https:\/\/www.eldiario.net\/portal\/wp-json\/wp\/v2\/media\/203934"}],"wp:attachment":[{"href":"https:\/\/www.eldiario.net\/portal\/wp-json\/wp\/v2\/media?parent=203933"}],"wp:term":[{"taxonomy":"category","embeddable":true,"href":"https:\/\/www.eldiario.net\/portal\/wp-json\/wp\/v2\/categories?post=203933"},{"taxonomy":"post_tag","embeddable":true,"href":"https:\/\/www.eldiario.net\/portal\/wp-json\/wp\/v2\/tags?post=203933"}],"curies":[{"name":"wp","href":"https:\/\/api.w.org\/{rel}","templated":true}]}}