{"id":203929,"date":"2024-02-19T06:34:50","date_gmt":"2024-02-19T10:34:50","guid":{"rendered":"https:\/\/www.eldiario.net\/portal\/?p=203929"},"modified":"2024-02-19T06:34:50","modified_gmt":"2024-02-19T10:34:50","slug":"mas-de-20-mil-danzarines-entierran-al-pepino-y-despiden-carnaval-2024","status":"publish","type":"post","link":"https:\/\/www.eldiario.net\/portal\/2024\/02\/19\/mas-de-20-mil-danzarines-entierran-al-pepino-y-despiden-carnaval-2024\/","title":{"rendered":"M\u00e1s de 20 mil danzarines entierran  al Pepino y despiden Carnaval 2024"},"content":{"rendered":"<p>Desde cerca del mediod\u00eda de ayer, m\u00e1s de 20 mil danzarines entre ch\u2019utas, pepinos y cholitas, luego de enterrar al Pepino, despidieron el Carnaval pace\u00f1o 2024 con la entrada del Domingo de Tentaci\u00f3n.<br \/>\nEsta es una de las \u00faltimas actividades carnavaleras, que fue organizada por la Asociaci\u00f3n de Comparsas del Carnaval Pace\u00f1o (ACCP) y la comuna.<br \/>\nLa jornada inici\u00f3 con la tradicional retreta protagonizada por Los Olvidados en la plaza San Francisco, quienes hicieron bailar a los presentes. Posteriormente, realizaron actos para el entierro del Pepino, quien volver\u00e1 \u201ca la vida\u201d el pr\u00f3ximo a\u00f1o.<br \/>\nLa peregrinaci\u00f3n y posterior entrada de las comparsas que acompa\u00f1an en el entierro, inici\u00f3 por inmediaciones de la plaza Garita de Lima, subieron por la avenida Mariano Baptista hasta el Cementerio General, donde se \u201centerr\u00f3\u201d al travieso personaje.<br \/>\nEn tanto, las comparsas siguieron el mismo trayecto y continuaron por la avenida Kollasuyo hasta la calle Reyes Cardona, desde donde la mayor\u00eda de las fraternidades se dirigi\u00f3 a sus salones de fiesta.<br \/>\nEl concejal de La Paz, Javier Escalier, se\u00f1al\u00f3 que cerca de 25 comparsas participaron, \u201ccada una con unos mil componentes, quiere decir que tendremos cerca de 25 mil chutas, en la entrada de comparsas de chutas\u201d, indic\u00f3.<br \/>\nExplic\u00f3 que \u201ctodav\u00eda nos va quedar un resabio que es la Corcova, en Villa Victoria y el Patak Pollera, en Domingo de Resurrecci\u00f3n, pero el Domingo de Tentaci\u00f3n culminamos una semana intensa de Carnaval\u201d.<br \/>\nEl concejal lament\u00f3 la ausencia de autoridades municipales en las actividades realizadas, por lo que se percibi\u00f3 cierta desorganizaci\u00f3n.<br \/>\n\u201cUn Carnaval \u2018caima\u2019 (sin ganas, sosa, sin gracia) no ha tenido la presencia de autoridades municipales. El Alcalde ha estado m\u00e1s en Oruro que en La Paz\u201d, sostuvo.<\/p>\n<p>CONTROL<br \/>\nDesde tempranas horas de ayer, personal de la Direcci\u00f3n de Seguridad Ciudadana, Intendencia, Defensor\u00eda Municipal y Subalcald\u00eda Max Paredes, entre otros, realizaron controles en inmediaciones del Cementerio General para evitar problemas y el excesivo consumo de bebidas alcoh\u00f3licas, entre otros.<br \/>\nGuardias municipales efect\u00faan labores de vialidad, as\u00ed como el control al expendio de bebidas alcoh\u00f3licas y el paso de peatones en la avenida Baptista.<br \/>\nAsimismo, personal param\u00e9dico de la Red de Auxilio La Paz 167 se despleg\u00f3 en el lugar para la atenci\u00f3n inmediata en caso de emergencias.<\/p>\n\r\n                <style type=\"text\/css\">\r\n                    \r\n                    #tdi_1  .td-doubleSlider-2 .td-item1 {\r\n                        background: url(https:\/\/www.eldiario.net\/portal\/wp-content\/uploads\/2024\/02\/F-4-tentacion.jpg) 0 0 no-repeat;\r\n                    }\r\n                    #tdi_1  .td-doubleSlider-2 .td-item2 {\r\n                        background: url(https:\/\/www.eldiario.net\/portal\/wp-content\/uploads\/2024\/02\/F-5-Tentacion.jpg) 0 0 no-repeat;\r\n                    }\r\n                <\/style>\r\n\r\n                <div id=\"tdi_1\" class=\"td-gallery td-slide-on-2-columns\">\r\n                    <div class=\"post_td_gallery\">\r\n                        <div class=\"td-gallery-slide-top\">\r\n                           <div class=\"td-gallery-title\"><\/div>\r\n\r\n                            <div class=\"td-gallery-controls-wrapper\">\r\n                                <div class=\"td-gallery-slide-count\"><span class=\"td-gallery-slide-item-focus\">1<\/span> de 2<\/div>\r\n                                <div class=\"td-gallery-slide-prev-next-but\">\r\n                                    <i class = \"td-icon-left doubleSliderPrevButton\"><\/i>\r\n                                    <i class = \"td-icon-right doubleSliderNextButton\"><\/i>\r\n                                <\/div>\r\n                            <\/div>\r\n                        <\/div>\r\n\r\n                        <div class = \"td-doubleSlider-1 \">\r\n                            <div class = \"td-slider\">\r\n                                \r\n                    <div class = \"td-slide-item td-item1\">\r\n                        <figure class=\"td-slide-galery-figure td-slide-popup-gallery\">\r\n                            <a class=\"slide-gallery-image-link\" href=\"https:\/\/www.eldiario.net\/portal\/wp-content\/uploads\/2024\/02\/F-4-tentacion.jpg\" title=\"F 4 tentaci\u00f3n\"  data-caption=\"El travieso pepino fue enterrado y esperan verlo el pr\u00f3ximo a\u00f1o.\"  data-description=\"\">\r\n                                <img decoding=\"async\" src=\"https:\/\/www.eldiario.net\/portal\/wp-content\/uploads\/2024\/02\/F-4-tentacion.jpg\" srcset=\"https:\/\/www.eldiario.net\/portal\/wp-content\/uploads\/2024\/02\/F-4-tentacion.jpg 1600w, https:\/\/www.eldiario.net\/portal\/wp-content\/uploads\/2024\/02\/F-4-tentacion-300x207.jpg 300w, https:\/\/www.eldiario.net\/portal\/wp-content\/uploads\/2024\/02\/F-4-tentacion-1024x706.jpg 1024w, https:\/\/www.eldiario.net\/portal\/wp-content\/uploads\/2024\/02\/F-4-tentacion-768x529.jpg 768w, https:\/\/www.eldiario.net\/portal\/wp-content\/uploads\/2024\/02\/F-4-tentacion-1536x1059.jpg 1536w, https:\/\/www.eldiario.net\/portal\/wp-content\/uploads\/2024\/02\/F-4-tentacion-218x150.jpg 218w, https:\/\/www.eldiario.net\/portal\/wp-content\/uploads\/2024\/02\/F-4-tentacion-696x480.jpg 696w, https:\/\/www.eldiario.net\/portal\/wp-content\/uploads\/2024\/02\/F-4-tentacion-1068x736.jpg 1068w\" sizes=\"(max-width: 609px) 100vw, 609px\" alt=\"\">\r\n                            <\/a>\r\n                            <figcaption class = \"td-slide-caption td-gallery-slide-content\"><div class = \"td-gallery-slide-copywrite\">El travieso pepino fue enterrado y esperan verlo el pr\u00f3ximo a\u00f1o.<\/div><\/figcaption>\r\n                        <\/figure>\r\n                    <\/div>\r\n                    <div class = \"td-slide-item td-item2\">\r\n                        <figure class=\"td-slide-galery-figure td-slide-popup-gallery\">\r\n                            <a class=\"slide-gallery-image-link\" href=\"https:\/\/www.eldiario.net\/portal\/wp-content\/uploads\/2024\/02\/F-5-Tentacion.jpg\" title=\"F 5 Tentaci\u00f3n\"  data-caption=\"Las comparsas derrocharon alegr\u00eda y colorido.\"  data-description=\"\">\r\n                                <img decoding=\"async\" src=\"https:\/\/www.eldiario.net\/portal\/wp-content\/uploads\/2024\/02\/F-5-Tentacion.jpg\" srcset=\"https:\/\/www.eldiario.net\/portal\/wp-content\/uploads\/2024\/02\/F-5-Tentacion.jpg 1920w, https:\/\/www.eldiario.net\/portal\/wp-content\/uploads\/2024\/02\/F-5-Tentacion-300x200.jpg 300w, https:\/\/www.eldiario.net\/portal\/wp-content\/uploads\/2024\/02\/F-5-Tentacion-1024x683.jpg 1024w, https:\/\/www.eldiario.net\/portal\/wp-content\/uploads\/2024\/02\/F-5-Tentacion-768x512.jpg 768w, https:\/\/www.eldiario.net\/portal\/wp-content\/uploads\/2024\/02\/F-5-Tentacion-1536x1024.jpg 1536w, https:\/\/www.eldiario.net\/portal\/wp-content\/uploads\/2024\/02\/F-5-Tentacion-696x464.jpg 696w, https:\/\/www.eldiario.net\/portal\/wp-content\/uploads\/2024\/02\/F-5-Tentacion-1068x712.jpg 1068w\" sizes=\"(max-width: 630px) 100vw, 630px\" alt=\"\">\r\n                            <\/a>\r\n                            <figcaption class = \"td-slide-caption td-gallery-slide-content\"><div class = \"td-gallery-slide-copywrite\">Las comparsas derrocharon alegr\u00eda y colorido.<\/div><\/figcaption>\r\n                        <\/figure>\r\n                    <\/div>\r\n                            <\/div>\r\n                        <\/div>\r\n\r\n                        <div class = \"td-doubleSlider-2\">\r\n                            <div class = \"td-slider\">\r\n                                \r\n                    <div class = \"td-button td-item1\">\r\n                        <div class = \"td-border\"><\/div>\r\n                    <\/div>\r\n                    <div class = \"td-button td-item2\">\r\n                        <div class = \"td-border\"><\/div>\r\n                    <\/div>\r\n                            <\/div>\r\n                        <\/div>\r\n\r\n                    <\/div>\r\n\r\n                <\/div>\r\n                \n","protected":false},"excerpt":{"rendered":"<p>Desde cerca del mediod\u00eda de ayer, m\u00e1s de 20 mil danzarines entre ch\u2019utas, pepinos y cholitas, luego de enterrar al Pepino, despidieron el Carnaval pace\u00f1o 2024 con la entrada del Domingo de Tentaci\u00f3n. Esta es una de las \u00faltimas actividades carnavaleras, que fue organizada por la Asociaci\u00f3n de Comparsas del Carnaval Pace\u00f1o (ACCP) y la [&hellip;]<\/p>\n","protected":false},"author":1,"featured_media":203930,"comment_status":"open","ping_status":"open","sticky":false,"template":"","format":"standard","meta":{"_acf_changed":false,"footnotes":""},"categories":[12],"tags":[],"class_list":["post-203929","post","type-post","status-publish","format-standard","has-post-thumbnail","category-nacional"],"acf":{"antetitulo":""},"yoast_head":"<!-- This site is optimized with the Yoast SEO plugin v28.4 - https:\/\/yoast.com\/product\/yoast-seo-wordpress\/ -->\n<title>M\u00e1s de 20 mil danzarines entierran al Pepino y despiden Carnaval 2024 - El Diario - Bolivia<\/title>\n<meta name=\"robots\" content=\"index, follow, max-snippet:-1, max-image-preview:large, max-video-preview:-1\" \/>\n<link rel=\"canonical\" href=\"https:\/\/www.eldiario.net\/portal\/2024\/02\/19\/mas-de-20-mil-danzarines-entierran-al-pepino-y-despiden-carnaval-2024\/\" \/>\n<meta property=\"og:locale\" content=\"es_ES\" \/>\n<meta property=\"og:type\" content=\"article\" \/>\n<meta property=\"og:title\" content=\"M\u00e1s de 20 mil danzarines entierran al Pepino y despiden Carnaval 2024 - El Diario - Bolivia\" \/>\n<meta property=\"og:description\" content=\"Desde cerca del mediod\u00eda de ayer, m\u00e1s de 20 mil danzarines entre ch\u2019utas, pepinos y cholitas, luego de enterrar al Pepino, despidieron el Carnaval pace\u00f1o 2024 con la entrada del Domingo de Tentaci\u00f3n. Esta es una de las \u00faltimas actividades carnavaleras, que fue organizada por la Asociaci\u00f3n de Comparsas del Carnaval Pace\u00f1o (ACCP) y la [&hellip;]\" \/>\n<meta property=\"og:url\" content=\"https:\/\/www.eldiario.net\/portal\/2024\/02\/19\/mas-de-20-mil-danzarines-entierran-al-pepino-y-despiden-carnaval-2024\/\" \/>\n<meta property=\"og:site_name\" content=\"El Diario - Bolivia\" \/>\n<meta property=\"article:publisher\" content=\"https:\/\/www.facebook.com\/eldiario.bolivia\/\" \/>\n<meta property=\"article:published_time\" content=\"2024-02-19T10:34:50+00:00\" \/>\n<meta property=\"og:image\" content=\"https:\/\/www.eldiario.net\/portal\/wp-content\/uploads\/2024\/02\/F-4-tentacion.jpg\" \/>\n\t<meta property=\"og:image:width\" content=\"1600\" \/>\n\t<meta property=\"og:image:height\" content=\"1103\" \/>\n\t<meta property=\"og:image:type\" content=\"image\/jpeg\" \/>\n<meta name=\"author\" content=\"Jeanette\" \/>\n<meta name=\"twitter:card\" content=\"summary_large_image\" \/>\n<meta name=\"twitter:creator\" content=\"@eldiario_net\" \/>\n<meta name=\"twitter:site\" content=\"@eldiario_net\" \/>\n<meta name=\"twitter:label1\" content=\"Escrito por\" \/>\n\t<meta name=\"twitter:data1\" content=\"Jeanette\" \/>\n\t<meta name=\"twitter:label2\" content=\"Tiempo de lectura\" \/>\n\t<meta name=\"twitter:data2\" content=\"2 minutos\" \/>\n<script type=\"application\/ld+json\" class=\"yoast-schema-graph\">{\"@context\":\"https:\\\/\\\/schema.org\",\"@graph\":[{\"@type\":\"Article\",\"@id\":\"https:\\\/\\\/www.eldiario.net\\\/portal\\\/2024\\\/02\\\/19\\\/mas-de-20-mil-danzarines-entierran-al-pepino-y-despiden-carnaval-2024\\\/#article\",\"isPartOf\":{\"@id\":\"https:\\\/\\\/www.eldiario.net\\\/portal\\\/2024\\\/02\\\/19\\\/mas-de-20-mil-danzarines-entierran-al-pepino-y-despiden-carnaval-2024\\\/\"},\"author\":{\"name\":\"Jeanette\",\"@id\":\"https:\\\/\\\/www.eldiario.net\\\/portal\\\/#\\\/schema\\\/person\\\/f46445640444750d7d753ccd04ae01b7\"},\"headline\":\"M\u00e1s de 20 mil danzarines entierran al Pepino y despiden Carnaval 2024\",\"datePublished\":\"2024-02-19T10:34:50+00:00\",\"mainEntityOfPage\":{\"@id\":\"https:\\\/\\\/www.eldiario.net\\\/portal\\\/2024\\\/02\\\/19\\\/mas-de-20-mil-danzarines-entierran-al-pepino-y-despiden-carnaval-2024\\\/\"},\"wordCount\":413,\"commentCount\":0,\"publisher\":{\"@id\":\"https:\\\/\\\/www.eldiario.net\\\/portal\\\/#organization\"},\"image\":{\"@id\":\"https:\\\/\\\/www.eldiario.net\\\/portal\\\/2024\\\/02\\\/19\\\/mas-de-20-mil-danzarines-entierran-al-pepino-y-despiden-carnaval-2024\\\/#primaryimage\"},\"thumbnailUrl\":\"https:\\\/\\\/www.eldiario.net\\\/portal\\\/wp-content\\\/uploads\\\/2024\\\/02\\\/F-4-tentacion.jpg\",\"articleSection\":[\"Nacional\"],\"inLanguage\":\"es\",\"potentialAction\":[{\"@type\":\"CommentAction\",\"name\":\"Comment\",\"target\":[\"https:\\\/\\\/www.eldiario.net\\\/portal\\\/2024\\\/02\\\/19\\\/mas-de-20-mil-danzarines-entierran-al-pepino-y-despiden-carnaval-2024\\\/#respond\"]}]},{\"@type\":\"WebPage\",\"@id\":\"https:\\\/\\\/www.eldiario.net\\\/portal\\\/2024\\\/02\\\/19\\\/mas-de-20-mil-danzarines-entierran-al-pepino-y-despiden-carnaval-2024\\\/\",\"url\":\"https:\\\/\\\/www.eldiario.net\\\/portal\\\/2024\\\/02\\\/19\\\/mas-de-20-mil-danzarines-entierran-al-pepino-y-despiden-carnaval-2024\\\/\",\"name\":\"M\u00e1s de 20 mil danzarines entierran al Pepino y despiden Carnaval 2024 - El Diario - Bolivia\",\"isPartOf\":{\"@id\":\"https:\\\/\\\/www.eldiario.net\\\/portal\\\/#website\"},\"primaryImageOfPage\":{\"@id\":\"https:\\\/\\\/www.eldiario.net\\\/portal\\\/2024\\\/02\\\/19\\\/mas-de-20-mil-danzarines-entierran-al-pepino-y-despiden-carnaval-2024\\\/#primaryimage\"},\"image\":{\"@id\":\"https:\\\/\\\/www.eldiario.net\\\/portal\\\/2024\\\/02\\\/19\\\/mas-de-20-mil-danzarines-entierran-al-pepino-y-despiden-carnaval-2024\\\/#primaryimage\"},\"thumbnailUrl\":\"https:\\\/\\\/www.eldiario.net\\\/portal\\\/wp-content\\\/uploads\\\/2024\\\/02\\\/F-4-tentacion.jpg\",\"datePublished\":\"2024-02-19T10:34:50+00:00\",\"breadcrumb\":{\"@id\":\"https:\\\/\\\/www.eldiario.net\\\/portal\\\/2024\\\/02\\\/19\\\/mas-de-20-mil-danzarines-entierran-al-pepino-y-despiden-carnaval-2024\\\/#breadcrumb\"},\"inLanguage\":\"es\",\"potentialAction\":[{\"@type\":\"ReadAction\",\"target\":[\"https:\\\/\\\/www.eldiario.net\\\/portal\\\/2024\\\/02\\\/19\\\/mas-de-20-mil-danzarines-entierran-al-pepino-y-despiden-carnaval-2024\\\/\"]}]},{\"@type\":\"ImageObject\",\"inLanguage\":\"es\",\"@id\":\"https:\\\/\\\/www.eldiario.net\\\/portal\\\/2024\\\/02\\\/19\\\/mas-de-20-mil-danzarines-entierran-al-pepino-y-despiden-carnaval-2024\\\/#primaryimage\",\"url\":\"https:\\\/\\\/www.eldiario.net\\\/portal\\\/wp-content\\\/uploads\\\/2024\\\/02\\\/F-4-tentacion.jpg\",\"contentUrl\":\"https:\\\/\\\/www.eldiario.net\\\/portal\\\/wp-content\\\/uploads\\\/2024\\\/02\\\/F-4-tentacion.jpg\",\"width\":1600,\"height\":1103,\"caption\":\"El travieso pepino fue enterrado y esperan verlo el pr\u00f3ximo a\u00f1o.\"},{\"@type\":\"BreadcrumbList\",\"@id\":\"https:\\\/\\\/www.eldiario.net\\\/portal\\\/2024\\\/02\\\/19\\\/mas-de-20-mil-danzarines-entierran-al-pepino-y-despiden-carnaval-2024\\\/#breadcrumb\",\"itemListElement\":[{\"@type\":\"ListItem\",\"position\":1,\"name\":\"Portada\",\"item\":\"https:\\\/\\\/www.eldiario.net\\\/portal\\\/\"},{\"@type\":\"ListItem\",\"position\":2,\"name\":\"M\u00e1s de 20 mil danzarines entierran al Pepino y despiden Carnaval 2024\"}]},{\"@type\":\"WebSite\",\"@id\":\"https:\\\/\\\/www.eldiario.net\\\/portal\\\/#website\",\"url\":\"https:\\\/\\\/www.eldiario.net\\\/portal\\\/\",\"name\":\"El Diario - Decano de la prensa nacional\",\"description\":\"El Diario - Decano de la prensa nacional\",\"publisher\":{\"@id\":\"https:\\\/\\\/www.eldiario.net\\\/portal\\\/#organization\"},\"potentialAction\":[{\"@type\":\"SearchAction\",\"target\":{\"@type\":\"EntryPoint\",\"urlTemplate\":\"https:\\\/\\\/www.eldiario.net\\\/portal\\\/?s={search_term_string}\"},\"query-input\":{\"@type\":\"PropertyValueSpecification\",\"valueRequired\":true,\"valueName\":\"search_term_string\"}}],\"inLanguage\":\"es\"},{\"@type\":\"Organization\",\"@id\":\"https:\\\/\\\/www.eldiario.net\\\/portal\\\/#organization\",\"name\":\"El Diario - Decano de la prensa nacional\",\"url\":\"https:\\\/\\\/www.eldiario.net\\\/portal\\\/\",\"logo\":{\"@type\":\"ImageObject\",\"inLanguage\":\"es\",\"@id\":\"https:\\\/\\\/www.eldiario.net\\\/portal\\\/#\\\/schema\\\/logo\\\/image\\\/\",\"url\":\"https:\\\/\\\/www.eldiario.net\\\/portal\\\/wp-content\\\/uploads\\\/2023\\\/07\\\/logo_ED.jpg\",\"contentUrl\":\"https:\\\/\\\/www.eldiario.net\\\/portal\\\/wp-content\\\/uploads\\\/2023\\\/07\\\/logo_ED.jpg\",\"width\":272,\"height\":52,\"caption\":\"El Diario - Decano de la prensa nacional\"},\"image\":{\"@id\":\"https:\\\/\\\/www.eldiario.net\\\/portal\\\/#\\\/schema\\\/logo\\\/image\\\/\"},\"sameAs\":[\"https:\\\/\\\/www.facebook.com\\\/eldiario.bolivia\\\/\",\"https:\\\/\\\/x.com\\\/eldiario_net\"]},{\"@type\":\"Person\",\"@id\":\"https:\\\/\\\/www.eldiario.net\\\/portal\\\/#\\\/schema\\\/person\\\/f46445640444750d7d753ccd04ae01b7\",\"name\":\"Jeanette\",\"image\":{\"@type\":\"ImageObject\",\"inLanguage\":\"es\",\"@id\":\"https:\\\/\\\/secure.gravatar.com\\\/avatar\\\/3ea2118a5f7dad2b7138b1187a6b7ee55f160b9968b66013c3a3ef39dd7e5798?s=96&d=mm&r=g\",\"url\":\"https:\\\/\\\/secure.gravatar.com\\\/avatar\\\/3ea2118a5f7dad2b7138b1187a6b7ee55f160b9968b66013c3a3ef39dd7e5798?s=96&d=mm&r=g\",\"contentUrl\":\"https:\\\/\\\/secure.gravatar.com\\\/avatar\\\/3ea2118a5f7dad2b7138b1187a6b7ee55f160b9968b66013c3a3ef39dd7e5798?s=96&d=mm&r=g\",\"caption\":\"Jeanette\"},\"sameAs\":[\"https:\\\/\\\/www.eldiario.net\\\/portal\"],\"url\":\"https:\\\/\\\/www.eldiario.net\\\/portal\\\/author\\\/jeanette\\\/\"}]}<\/script>\n<!-- \/ Yoast SEO plugin. -->","yoast_head_json":{"title":"M\u00e1s de 20 mil danzarines entierran al Pepino y despiden Carnaval 2024 - El Diario - Bolivia","robots":{"index":"index","follow":"follow","max-snippet":"max-snippet:-1","max-image-preview":"max-image-preview:large","max-video-preview":"max-video-preview:-1"},"canonical":"https:\/\/www.eldiario.net\/portal\/2024\/02\/19\/mas-de-20-mil-danzarines-entierran-al-pepino-y-despiden-carnaval-2024\/","og_locale":"es_ES","og_type":"article","og_title":"M\u00e1s de 20 mil danzarines entierran al Pepino y despiden Carnaval 2024 - El Diario - Bolivia","og_description":"Desde cerca del mediod\u00eda de ayer, m\u00e1s de 20 mil danzarines entre ch\u2019utas, pepinos y cholitas, luego de enterrar al Pepino, despidieron el Carnaval pace\u00f1o 2024 con la entrada del Domingo de Tentaci\u00f3n. Esta es una de las \u00faltimas actividades carnavaleras, que fue organizada por la Asociaci\u00f3n de Comparsas del Carnaval Pace\u00f1o (ACCP) y la [&hellip;]","og_url":"https:\/\/www.eldiario.net\/portal\/2024\/02\/19\/mas-de-20-mil-danzarines-entierran-al-pepino-y-despiden-carnaval-2024\/","og_site_name":"El Diario - Bolivia","article_publisher":"https:\/\/www.facebook.com\/eldiario.bolivia\/","article_published_time":"2024-02-19T10:34:50+00:00","og_image":[{"width":1600,"height":1103,"url":"https:\/\/www.eldiario.net\/portal\/wp-content\/uploads\/2024\/02\/F-4-tentacion.jpg","type":"image\/jpeg"}],"author":"Jeanette","twitter_card":"summary_large_image","twitter_creator":"@eldiario_net","twitter_site":"@eldiario_net","twitter_misc":{"Escrito por":"Jeanette","Tiempo de lectura":"2 minutos"},"schema":{"@context":"https:\/\/schema.org","@graph":[{"@type":"Article","@id":"https:\/\/www.eldiario.net\/portal\/2024\/02\/19\/mas-de-20-mil-danzarines-entierran-al-pepino-y-despiden-carnaval-2024\/#article","isPartOf":{"@id":"https:\/\/www.eldiario.net\/portal\/2024\/02\/19\/mas-de-20-mil-danzarines-entierran-al-pepino-y-despiden-carnaval-2024\/"},"author":{"name":"Jeanette","@id":"https:\/\/www.eldiario.net\/portal\/#\/schema\/person\/f46445640444750d7d753ccd04ae01b7"},"headline":"M\u00e1s de 20 mil danzarines entierran al Pepino y despiden Carnaval 2024","datePublished":"2024-02-19T10:34:50+00:00","mainEntityOfPage":{"@id":"https:\/\/www.eldiario.net\/portal\/2024\/02\/19\/mas-de-20-mil-danzarines-entierran-al-pepino-y-despiden-carnaval-2024\/"},"wordCount":413,"commentCount":0,"publisher":{"@id":"https:\/\/www.eldiario.net\/portal\/#organization"},"image":{"@id":"https:\/\/www.eldiario.net\/portal\/2024\/02\/19\/mas-de-20-mil-danzarines-entierran-al-pepino-y-despiden-carnaval-2024\/#primaryimage"},"thumbnailUrl":"https:\/\/www.eldiario.net\/portal\/wp-content\/uploads\/2024\/02\/F-4-tentacion.jpg","articleSection":["Nacional"],"inLanguage":"es","potentialAction":[{"@type":"CommentAction","name":"Comment","target":["https:\/\/www.eldiario.net\/portal\/2024\/02\/19\/mas-de-20-mil-danzarines-entierran-al-pepino-y-despiden-carnaval-2024\/#respond"]}]},{"@type":"WebPage","@id":"https:\/\/www.eldiario.net\/portal\/2024\/02\/19\/mas-de-20-mil-danzarines-entierran-al-pepino-y-despiden-carnaval-2024\/","url":"https:\/\/www.eldiario.net\/portal\/2024\/02\/19\/mas-de-20-mil-danzarines-entierran-al-pepino-y-despiden-carnaval-2024\/","name":"M\u00e1s de 20 mil danzarines entierran al Pepino y despiden Carnaval 2024 - El Diario - Bolivia","isPartOf":{"@id":"https:\/\/www.eldiario.net\/portal\/#website"},"primaryImageOfPage":{"@id":"https:\/\/www.eldiario.net\/portal\/2024\/02\/19\/mas-de-20-mil-danzarines-entierran-al-pepino-y-despiden-carnaval-2024\/#primaryimage"},"image":{"@id":"https:\/\/www.eldiario.net\/portal\/2024\/02\/19\/mas-de-20-mil-danzarines-entierran-al-pepino-y-despiden-carnaval-2024\/#primaryimage"},"thumbnailUrl":"https:\/\/www.eldiario.net\/portal\/wp-content\/uploads\/2024\/02\/F-4-tentacion.jpg","datePublished":"2024-02-19T10:34:50+00:00","breadcrumb":{"@id":"https:\/\/www.eldiario.net\/portal\/2024\/02\/19\/mas-de-20-mil-danzarines-entierran-al-pepino-y-despiden-carnaval-2024\/#breadcrumb"},"inLanguage":"es","potentialAction":[{"@type":"ReadAction","target":["https:\/\/www.eldiario.net\/portal\/2024\/02\/19\/mas-de-20-mil-danzarines-entierran-al-pepino-y-despiden-carnaval-2024\/"]}]},{"@type":"ImageObject","inLanguage":"es","@id":"https:\/\/www.eldiario.net\/portal\/2024\/02\/19\/mas-de-20-mil-danzarines-entierran-al-pepino-y-despiden-carnaval-2024\/#primaryimage","url":"https:\/\/www.eldiario.net\/portal\/wp-content\/uploads\/2024\/02\/F-4-tentacion.jpg","contentUrl":"https:\/\/www.eldiario.net\/portal\/wp-content\/uploads\/2024\/02\/F-4-tentacion.jpg","width":1600,"height":1103,"caption":"El travieso pepino fue enterrado y esperan verlo el pr\u00f3ximo a\u00f1o."},{"@type":"BreadcrumbList","@id":"https:\/\/www.eldiario.net\/portal\/2024\/02\/19\/mas-de-20-mil-danzarines-entierran-al-pepino-y-despiden-carnaval-2024\/#breadcrumb","itemListElement":[{"@type":"ListItem","position":1,"name":"Portada","item":"https:\/\/www.eldiario.net\/portal\/"},{"@type":"ListItem","position":2,"name":"M\u00e1s de 20 mil danzarines entierran al Pepino y despiden Carnaval 2024"}]},{"@type":"WebSite","@id":"https:\/\/www.eldiario.net\/portal\/#website","url":"https:\/\/www.eldiario.net\/portal\/","name":"El Diario - Decano de la prensa nacional","description":"El Diario - Decano de la prensa nacional","publisher":{"@id":"https:\/\/www.eldiario.net\/portal\/#organization"},"potentialAction":[{"@type":"SearchAction","target":{"@type":"EntryPoint","urlTemplate":"https:\/\/www.eldiario.net\/portal\/?s={search_term_string}"},"query-input":{"@type":"PropertyValueSpecification","valueRequired":true,"valueName":"search_term_string"}}],"inLanguage":"es"},{"@type":"Organization","@id":"https:\/\/www.eldiario.net\/portal\/#organization","name":"El Diario - Decano de la prensa nacional","url":"https:\/\/www.eldiario.net\/portal\/","logo":{"@type":"ImageObject","inLanguage":"es","@id":"https:\/\/www.eldiario.net\/portal\/#\/schema\/logo\/image\/","url":"https:\/\/www.eldiario.net\/portal\/wp-content\/uploads\/2023\/07\/logo_ED.jpg","contentUrl":"https:\/\/www.eldiario.net\/portal\/wp-content\/uploads\/2023\/07\/logo_ED.jpg","width":272,"height":52,"caption":"El Diario - Decano de la prensa nacional"},"image":{"@id":"https:\/\/www.eldiario.net\/portal\/#\/schema\/logo\/image\/"},"sameAs":["https:\/\/www.facebook.com\/eldiario.bolivia\/","https:\/\/x.com\/eldiario_net"]},{"@type":"Person","@id":"https:\/\/www.eldiario.net\/portal\/#\/schema\/person\/f46445640444750d7d753ccd04ae01b7","name":"Jeanette","image":{"@type":"ImageObject","inLanguage":"es","@id":"https:\/\/secure.gravatar.com\/avatar\/3ea2118a5f7dad2b7138b1187a6b7ee55f160b9968b66013c3a3ef39dd7e5798?s=96&d=mm&r=g","url":"https:\/\/secure.gravatar.com\/avatar\/3ea2118a5f7dad2b7138b1187a6b7ee55f160b9968b66013c3a3ef39dd7e5798?s=96&d=mm&r=g","contentUrl":"https:\/\/secure.gravatar.com\/avatar\/3ea2118a5f7dad2b7138b1187a6b7ee55f160b9968b66013c3a3ef39dd7e5798?s=96&d=mm&r=g","caption":"Jeanette"},"sameAs":["https:\/\/www.eldiario.net\/portal"],"url":"https:\/\/www.eldiario.net\/portal\/author\/jeanette\/"}]}},"_links":{"self":[{"href":"https:\/\/www.eldiario.net\/portal\/wp-json\/wp\/v2\/posts\/203929","targetHints":{"allow":["GET"]}}],"collection":[{"href":"https:\/\/www.eldiario.net\/portal\/wp-json\/wp\/v2\/posts"}],"about":[{"href":"https:\/\/www.eldiario.net\/portal\/wp-json\/wp\/v2\/types\/post"}],"author":[{"embeddable":true,"href":"https:\/\/www.eldiario.net\/portal\/wp-json\/wp\/v2\/users\/1"}],"replies":[{"embeddable":true,"href":"https:\/\/www.eldiario.net\/portal\/wp-json\/wp\/v2\/comments?post=203929"}],"version-history":[{"count":1,"href":"https:\/\/www.eldiario.net\/portal\/wp-json\/wp\/v2\/posts\/203929\/revisions"}],"predecessor-version":[{"id":203932,"href":"https:\/\/www.eldiario.net\/portal\/wp-json\/wp\/v2\/posts\/203929\/revisions\/203932"}],"wp:featuredmedia":[{"embeddable":true,"href":"https:\/\/www.eldiario.net\/portal\/wp-json\/wp\/v2\/media\/203930"}],"wp:attachment":[{"href":"https:\/\/www.eldiario.net\/portal\/wp-json\/wp\/v2\/media?parent=203929"}],"wp:term":[{"taxonomy":"category","embeddable":true,"href":"https:\/\/www.eldiario.net\/portal\/wp-json\/wp\/v2\/categories?post=203929"},{"taxonomy":"post_tag","embeddable":true,"href":"https:\/\/www.eldiario.net\/portal\/wp-json\/wp\/v2\/tags?post=203929"}],"curies":[{"name":"wp","href":"https:\/\/api.w.org\/{rel}","templated":true}]}}