{"id":203924,"date":"2024-02-19T06:33:29","date_gmt":"2024-02-19T10:33:29","guid":{"rendered":"https:\/\/www.eldiario.net\/portal\/?p=203924"},"modified":"2024-02-19T06:33:29","modified_gmt":"2024-02-19T10:33:29","slug":"aseguran-que-pese-a-rebalse-nivel-de-agua-en-incachaca-es-normal","status":"publish","type":"post","link":"https:\/\/www.eldiario.net\/portal\/2024\/02\/19\/aseguran-que-pese-a-rebalse-nivel-de-agua-en-incachaca-es-normal\/","title":{"rendered":"Aseguran que pese a rebalse, nivel de agua en Incachaca es normal"},"content":{"rendered":"<p>Luego de realizar una verificaci\u00f3n respecto al nivel del agua en la represa de Incachaca, la comuna pace\u00f1a asegur\u00f3 que este \u201ces normal\u201d, por lo que no causar\u00e1 problemas en cuenca baja. La visita se realiz\u00f3 junto con t\u00e9cnicos de la Secretar\u00eda Municipal de Resiliencia y Gesti\u00f3n de Vulnerabilidades (Smrgv).<br \/>\n\u201cEst\u00e1 saliendo agua, est\u00e1 rebalsando agua, pero no en las cantidades alarmantes. Es un desfogue normal que alivia la represa que no va provocar mayores consecuencias en la parte baja\u201d, afirm\u00f3 el alcalde pace\u00f1o, Iv\u00e1n Arias.<br \/>\nEl secretario municipal de Resiliencia y Gesti\u00f3n de Vulnerabilidades, Juan Pablo Palma, dijo que se observ\u00f3 que el nivel de Incachaca est\u00e1 casi lleno, a punto de llegar al 100% de su capacidad de almacenaje y que las compuertas est\u00e1n abiertas para una peque\u00f1a descarga, lo que no causar\u00e1 ning\u00fan impacto desfavorable.<br \/>\n\u201cNo creemos que haya un impacto desfavorable, trascendente o significativo en los caudales del r\u00edo Orkojahuira\u201d, asegur\u00f3, aunque continuar\u00e1n con inspecciones continuas al respecto para prevenir a personas que tienen actividades econ\u00f3micas en la parte baja.<\/p>\n","protected":false},"excerpt":{"rendered":"<p>Luego de realizar una verificaci\u00f3n respecto al nivel del agua en la represa de Incachaca, la comuna pace\u00f1a asegur\u00f3 que este \u201ces normal\u201d, por lo que no causar\u00e1 problemas en cuenca baja. La visita se realiz\u00f3 junto con t\u00e9cnicos de la Secretar\u00eda Municipal de Resiliencia y Gesti\u00f3n de Vulnerabilidades (Smrgv). \u201cEst\u00e1 saliendo agua, est\u00e1 rebalsando [&hellip;]<\/p>\n","protected":false},"author":1,"featured_media":203925,"comment_status":"open","ping_status":"open","sticky":false,"template":"","format":"standard","meta":{"_acf_changed":false,"footnotes":""},"categories":[12],"tags":[],"class_list":["post-203924","post","type-post","status-publish","format-standard","has-post-thumbnail","category-nacional"],"acf":{"antetitulo":""},"yoast_head":"<!-- This site is optimized with the Yoast SEO plugin v28.4 - https:\/\/yoast.com\/product\/yoast-seo-wordpress\/ -->\n<title>Aseguran que pese a rebalse, nivel de agua en Incachaca es normal - El Diario - Bolivia<\/title>\n<meta name=\"robots\" content=\"index, follow, max-snippet:-1, max-image-preview:large, max-video-preview:-1\" \/>\n<link rel=\"canonical\" href=\"https:\/\/www.eldiario.net\/portal\/2024\/02\/19\/aseguran-que-pese-a-rebalse-nivel-de-agua-en-incachaca-es-normal\/\" \/>\n<meta property=\"og:locale\" content=\"es_ES\" \/>\n<meta property=\"og:type\" content=\"article\" \/>\n<meta property=\"og:title\" content=\"Aseguran que pese a rebalse, nivel de agua en Incachaca es normal - El Diario - Bolivia\" \/>\n<meta property=\"og:description\" content=\"Luego de realizar una verificaci\u00f3n respecto al nivel del agua en la represa de Incachaca, la comuna pace\u00f1a asegur\u00f3 que este \u201ces normal\u201d, por lo que no causar\u00e1 problemas en cuenca baja. La visita se realiz\u00f3 junto con t\u00e9cnicos de la Secretar\u00eda Municipal de Resiliencia y Gesti\u00f3n de Vulnerabilidades (Smrgv). \u201cEst\u00e1 saliendo agua, est\u00e1 rebalsando [&hellip;]\" \/>\n<meta property=\"og:url\" content=\"https:\/\/www.eldiario.net\/portal\/2024\/02\/19\/aseguran-que-pese-a-rebalse-nivel-de-agua-en-incachaca-es-normal\/\" \/>\n<meta property=\"og:site_name\" content=\"El Diario - Bolivia\" \/>\n<meta property=\"article:publisher\" content=\"https:\/\/www.facebook.com\/eldiario.bolivia\/\" \/>\n<meta property=\"article:published_time\" content=\"2024-02-19T10:33:29+00:00\" \/>\n<meta property=\"og:image\" content=\"https:\/\/www.eldiario.net\/portal\/wp-content\/uploads\/2024\/02\/F-6-agua.jpg\" \/>\n\t<meta property=\"og:image:width\" content=\"1599\" \/>\n\t<meta property=\"og:image:height\" content=\"1066\" \/>\n\t<meta property=\"og:image:type\" content=\"image\/jpeg\" \/>\n<meta name=\"author\" content=\"Jeanette\" \/>\n<meta name=\"twitter:card\" content=\"summary_large_image\" \/>\n<meta name=\"twitter:creator\" content=\"@eldiario_net\" \/>\n<meta name=\"twitter:site\" content=\"@eldiario_net\" \/>\n<meta name=\"twitter:label1\" content=\"Escrito por\" \/>\n\t<meta name=\"twitter:data1\" content=\"Jeanette\" \/>\n\t<meta name=\"twitter:label2\" content=\"Tiempo de lectura\" \/>\n\t<meta name=\"twitter:data2\" content=\"1 minuto\" \/>\n<script type=\"application\/ld+json\" class=\"yoast-schema-graph\">{\"@context\":\"https:\\\/\\\/schema.org\",\"@graph\":[{\"@type\":\"Article\",\"@id\":\"https:\\\/\\\/www.eldiario.net\\\/portal\\\/2024\\\/02\\\/19\\\/aseguran-que-pese-a-rebalse-nivel-de-agua-en-incachaca-es-normal\\\/#article\",\"isPartOf\":{\"@id\":\"https:\\\/\\\/www.eldiario.net\\\/portal\\\/2024\\\/02\\\/19\\\/aseguran-que-pese-a-rebalse-nivel-de-agua-en-incachaca-es-normal\\\/\"},\"author\":{\"name\":\"Jeanette\",\"@id\":\"https:\\\/\\\/www.eldiario.net\\\/portal\\\/#\\\/schema\\\/person\\\/f46445640444750d7d753ccd04ae01b7\"},\"headline\":\"Aseguran que pese a rebalse, nivel de agua en Incachaca es normal\",\"datePublished\":\"2024-02-19T10:33:29+00:00\",\"mainEntityOfPage\":{\"@id\":\"https:\\\/\\\/www.eldiario.net\\\/portal\\\/2024\\\/02\\\/19\\\/aseguran-que-pese-a-rebalse-nivel-de-agua-en-incachaca-es-normal\\\/\"},\"wordCount\":199,\"commentCount\":0,\"publisher\":{\"@id\":\"https:\\\/\\\/www.eldiario.net\\\/portal\\\/#organization\"},\"image\":{\"@id\":\"https:\\\/\\\/www.eldiario.net\\\/portal\\\/2024\\\/02\\\/19\\\/aseguran-que-pese-a-rebalse-nivel-de-agua-en-incachaca-es-normal\\\/#primaryimage\"},\"thumbnailUrl\":\"https:\\\/\\\/www.eldiario.net\\\/portal\\\/wp-content\\\/uploads\\\/2024\\\/02\\\/F-6-agua.jpg\",\"articleSection\":[\"Nacional\"],\"inLanguage\":\"es\",\"potentialAction\":[{\"@type\":\"CommentAction\",\"name\":\"Comment\",\"target\":[\"https:\\\/\\\/www.eldiario.net\\\/portal\\\/2024\\\/02\\\/19\\\/aseguran-que-pese-a-rebalse-nivel-de-agua-en-incachaca-es-normal\\\/#respond\"]}]},{\"@type\":\"WebPage\",\"@id\":\"https:\\\/\\\/www.eldiario.net\\\/portal\\\/2024\\\/02\\\/19\\\/aseguran-que-pese-a-rebalse-nivel-de-agua-en-incachaca-es-normal\\\/\",\"url\":\"https:\\\/\\\/www.eldiario.net\\\/portal\\\/2024\\\/02\\\/19\\\/aseguran-que-pese-a-rebalse-nivel-de-agua-en-incachaca-es-normal\\\/\",\"name\":\"Aseguran que pese a rebalse, nivel de agua en Incachaca es normal - El Diario - Bolivia\",\"isPartOf\":{\"@id\":\"https:\\\/\\\/www.eldiario.net\\\/portal\\\/#website\"},\"primaryImageOfPage\":{\"@id\":\"https:\\\/\\\/www.eldiario.net\\\/portal\\\/2024\\\/02\\\/19\\\/aseguran-que-pese-a-rebalse-nivel-de-agua-en-incachaca-es-normal\\\/#primaryimage\"},\"image\":{\"@id\":\"https:\\\/\\\/www.eldiario.net\\\/portal\\\/2024\\\/02\\\/19\\\/aseguran-que-pese-a-rebalse-nivel-de-agua-en-incachaca-es-normal\\\/#primaryimage\"},\"thumbnailUrl\":\"https:\\\/\\\/www.eldiario.net\\\/portal\\\/wp-content\\\/uploads\\\/2024\\\/02\\\/F-6-agua.jpg\",\"datePublished\":\"2024-02-19T10:33:29+00:00\",\"breadcrumb\":{\"@id\":\"https:\\\/\\\/www.eldiario.net\\\/portal\\\/2024\\\/02\\\/19\\\/aseguran-que-pese-a-rebalse-nivel-de-agua-en-incachaca-es-normal\\\/#breadcrumb\"},\"inLanguage\":\"es\",\"potentialAction\":[{\"@type\":\"ReadAction\",\"target\":[\"https:\\\/\\\/www.eldiario.net\\\/portal\\\/2024\\\/02\\\/19\\\/aseguran-que-pese-a-rebalse-nivel-de-agua-en-incachaca-es-normal\\\/\"]}]},{\"@type\":\"ImageObject\",\"inLanguage\":\"es\",\"@id\":\"https:\\\/\\\/www.eldiario.net\\\/portal\\\/2024\\\/02\\\/19\\\/aseguran-que-pese-a-rebalse-nivel-de-agua-en-incachaca-es-normal\\\/#primaryimage\",\"url\":\"https:\\\/\\\/www.eldiario.net\\\/portal\\\/wp-content\\\/uploads\\\/2024\\\/02\\\/F-6-agua.jpg\",\"contentUrl\":\"https:\\\/\\\/www.eldiario.net\\\/portal\\\/wp-content\\\/uploads\\\/2024\\\/02\\\/F-6-agua.jpg\",\"width\":1599,\"height\":1066,\"caption\":\"La represa de Incachaca est\u00e1 casi en su capacidad total de agua.\"},{\"@type\":\"BreadcrumbList\",\"@id\":\"https:\\\/\\\/www.eldiario.net\\\/portal\\\/2024\\\/02\\\/19\\\/aseguran-que-pese-a-rebalse-nivel-de-agua-en-incachaca-es-normal\\\/#breadcrumb\",\"itemListElement\":[{\"@type\":\"ListItem\",\"position\":1,\"name\":\"Portada\",\"item\":\"https:\\\/\\\/www.eldiario.net\\\/portal\\\/\"},{\"@type\":\"ListItem\",\"position\":2,\"name\":\"Aseguran que pese a rebalse, nivel de agua en Incachaca es normal\"}]},{\"@type\":\"WebSite\",\"@id\":\"https:\\\/\\\/www.eldiario.net\\\/portal\\\/#website\",\"url\":\"https:\\\/\\\/www.eldiario.net\\\/portal\\\/\",\"name\":\"El Diario - Decano de la prensa nacional\",\"description\":\"El Diario - Decano de la prensa nacional\",\"publisher\":{\"@id\":\"https:\\\/\\\/www.eldiario.net\\\/portal\\\/#organization\"},\"potentialAction\":[{\"@type\":\"SearchAction\",\"target\":{\"@type\":\"EntryPoint\",\"urlTemplate\":\"https:\\\/\\\/www.eldiario.net\\\/portal\\\/?s={search_term_string}\"},\"query-input\":{\"@type\":\"PropertyValueSpecification\",\"valueRequired\":true,\"valueName\":\"search_term_string\"}}],\"inLanguage\":\"es\"},{\"@type\":\"Organization\",\"@id\":\"https:\\\/\\\/www.eldiario.net\\\/portal\\\/#organization\",\"name\":\"El Diario - Decano de la prensa nacional\",\"url\":\"https:\\\/\\\/www.eldiario.net\\\/portal\\\/\",\"logo\":{\"@type\":\"ImageObject\",\"inLanguage\":\"es\",\"@id\":\"https:\\\/\\\/www.eldiario.net\\\/portal\\\/#\\\/schema\\\/logo\\\/image\\\/\",\"url\":\"https:\\\/\\\/www.eldiario.net\\\/portal\\\/wp-content\\\/uploads\\\/2023\\\/07\\\/logo_ED.jpg\",\"contentUrl\":\"https:\\\/\\\/www.eldiario.net\\\/portal\\\/wp-content\\\/uploads\\\/2023\\\/07\\\/logo_ED.jpg\",\"width\":272,\"height\":52,\"caption\":\"El Diario - Decano de la prensa nacional\"},\"image\":{\"@id\":\"https:\\\/\\\/www.eldiario.net\\\/portal\\\/#\\\/schema\\\/logo\\\/image\\\/\"},\"sameAs\":[\"https:\\\/\\\/www.facebook.com\\\/eldiario.bolivia\\\/\",\"https:\\\/\\\/x.com\\\/eldiario_net\"]},{\"@type\":\"Person\",\"@id\":\"https:\\\/\\\/www.eldiario.net\\\/portal\\\/#\\\/schema\\\/person\\\/f46445640444750d7d753ccd04ae01b7\",\"name\":\"Jeanette\",\"image\":{\"@type\":\"ImageObject\",\"inLanguage\":\"es\",\"@id\":\"https:\\\/\\\/secure.gravatar.com\\\/avatar\\\/3ea2118a5f7dad2b7138b1187a6b7ee55f160b9968b66013c3a3ef39dd7e5798?s=96&d=mm&r=g\",\"url\":\"https:\\\/\\\/secure.gravatar.com\\\/avatar\\\/3ea2118a5f7dad2b7138b1187a6b7ee55f160b9968b66013c3a3ef39dd7e5798?s=96&d=mm&r=g\",\"contentUrl\":\"https:\\\/\\\/secure.gravatar.com\\\/avatar\\\/3ea2118a5f7dad2b7138b1187a6b7ee55f160b9968b66013c3a3ef39dd7e5798?s=96&d=mm&r=g\",\"caption\":\"Jeanette\"},\"sameAs\":[\"https:\\\/\\\/www.eldiario.net\\\/portal\"],\"url\":\"https:\\\/\\\/www.eldiario.net\\\/portal\\\/author\\\/jeanette\\\/\"}]}<\/script>\n<!-- \/ Yoast SEO plugin. -->","yoast_head_json":{"title":"Aseguran que pese a rebalse, nivel de agua en Incachaca es normal - El Diario - Bolivia","robots":{"index":"index","follow":"follow","max-snippet":"max-snippet:-1","max-image-preview":"max-image-preview:large","max-video-preview":"max-video-preview:-1"},"canonical":"https:\/\/www.eldiario.net\/portal\/2024\/02\/19\/aseguran-que-pese-a-rebalse-nivel-de-agua-en-incachaca-es-normal\/","og_locale":"es_ES","og_type":"article","og_title":"Aseguran que pese a rebalse, nivel de agua en Incachaca es normal - El Diario - Bolivia","og_description":"Luego de realizar una verificaci\u00f3n respecto al nivel del agua en la represa de Incachaca, la comuna pace\u00f1a asegur\u00f3 que este \u201ces normal\u201d, por lo que no causar\u00e1 problemas en cuenca baja. La visita se realiz\u00f3 junto con t\u00e9cnicos de la Secretar\u00eda Municipal de Resiliencia y Gesti\u00f3n de Vulnerabilidades (Smrgv). \u201cEst\u00e1 saliendo agua, est\u00e1 rebalsando [&hellip;]","og_url":"https:\/\/www.eldiario.net\/portal\/2024\/02\/19\/aseguran-que-pese-a-rebalse-nivel-de-agua-en-incachaca-es-normal\/","og_site_name":"El Diario - Bolivia","article_publisher":"https:\/\/www.facebook.com\/eldiario.bolivia\/","article_published_time":"2024-02-19T10:33:29+00:00","og_image":[{"width":1599,"height":1066,"url":"https:\/\/www.eldiario.net\/portal\/wp-content\/uploads\/2024\/02\/F-6-agua.jpg","type":"image\/jpeg"}],"author":"Jeanette","twitter_card":"summary_large_image","twitter_creator":"@eldiario_net","twitter_site":"@eldiario_net","twitter_misc":{"Escrito por":"Jeanette","Tiempo de lectura":"1 minuto"},"schema":{"@context":"https:\/\/schema.org","@graph":[{"@type":"Article","@id":"https:\/\/www.eldiario.net\/portal\/2024\/02\/19\/aseguran-que-pese-a-rebalse-nivel-de-agua-en-incachaca-es-normal\/#article","isPartOf":{"@id":"https:\/\/www.eldiario.net\/portal\/2024\/02\/19\/aseguran-que-pese-a-rebalse-nivel-de-agua-en-incachaca-es-normal\/"},"author":{"name":"Jeanette","@id":"https:\/\/www.eldiario.net\/portal\/#\/schema\/person\/f46445640444750d7d753ccd04ae01b7"},"headline":"Aseguran que pese a rebalse, nivel de agua en Incachaca es normal","datePublished":"2024-02-19T10:33:29+00:00","mainEntityOfPage":{"@id":"https:\/\/www.eldiario.net\/portal\/2024\/02\/19\/aseguran-que-pese-a-rebalse-nivel-de-agua-en-incachaca-es-normal\/"},"wordCount":199,"commentCount":0,"publisher":{"@id":"https:\/\/www.eldiario.net\/portal\/#organization"},"image":{"@id":"https:\/\/www.eldiario.net\/portal\/2024\/02\/19\/aseguran-que-pese-a-rebalse-nivel-de-agua-en-incachaca-es-normal\/#primaryimage"},"thumbnailUrl":"https:\/\/www.eldiario.net\/portal\/wp-content\/uploads\/2024\/02\/F-6-agua.jpg","articleSection":["Nacional"],"inLanguage":"es","potentialAction":[{"@type":"CommentAction","name":"Comment","target":["https:\/\/www.eldiario.net\/portal\/2024\/02\/19\/aseguran-que-pese-a-rebalse-nivel-de-agua-en-incachaca-es-normal\/#respond"]}]},{"@type":"WebPage","@id":"https:\/\/www.eldiario.net\/portal\/2024\/02\/19\/aseguran-que-pese-a-rebalse-nivel-de-agua-en-incachaca-es-normal\/","url":"https:\/\/www.eldiario.net\/portal\/2024\/02\/19\/aseguran-que-pese-a-rebalse-nivel-de-agua-en-incachaca-es-normal\/","name":"Aseguran que pese a rebalse, nivel de agua en Incachaca es normal - El Diario - Bolivia","isPartOf":{"@id":"https:\/\/www.eldiario.net\/portal\/#website"},"primaryImageOfPage":{"@id":"https:\/\/www.eldiario.net\/portal\/2024\/02\/19\/aseguran-que-pese-a-rebalse-nivel-de-agua-en-incachaca-es-normal\/#primaryimage"},"image":{"@id":"https:\/\/www.eldiario.net\/portal\/2024\/02\/19\/aseguran-que-pese-a-rebalse-nivel-de-agua-en-incachaca-es-normal\/#primaryimage"},"thumbnailUrl":"https:\/\/www.eldiario.net\/portal\/wp-content\/uploads\/2024\/02\/F-6-agua.jpg","datePublished":"2024-02-19T10:33:29+00:00","breadcrumb":{"@id":"https:\/\/www.eldiario.net\/portal\/2024\/02\/19\/aseguran-que-pese-a-rebalse-nivel-de-agua-en-incachaca-es-normal\/#breadcrumb"},"inLanguage":"es","potentialAction":[{"@type":"ReadAction","target":["https:\/\/www.eldiario.net\/portal\/2024\/02\/19\/aseguran-que-pese-a-rebalse-nivel-de-agua-en-incachaca-es-normal\/"]}]},{"@type":"ImageObject","inLanguage":"es","@id":"https:\/\/www.eldiario.net\/portal\/2024\/02\/19\/aseguran-que-pese-a-rebalse-nivel-de-agua-en-incachaca-es-normal\/#primaryimage","url":"https:\/\/www.eldiario.net\/portal\/wp-content\/uploads\/2024\/02\/F-6-agua.jpg","contentUrl":"https:\/\/www.eldiario.net\/portal\/wp-content\/uploads\/2024\/02\/F-6-agua.jpg","width":1599,"height":1066,"caption":"La represa de Incachaca est\u00e1 casi en su capacidad total de agua."},{"@type":"BreadcrumbList","@id":"https:\/\/www.eldiario.net\/portal\/2024\/02\/19\/aseguran-que-pese-a-rebalse-nivel-de-agua-en-incachaca-es-normal\/#breadcrumb","itemListElement":[{"@type":"ListItem","position":1,"name":"Portada","item":"https:\/\/www.eldiario.net\/portal\/"},{"@type":"ListItem","position":2,"name":"Aseguran que pese a rebalse, nivel de agua en Incachaca es normal"}]},{"@type":"WebSite","@id":"https:\/\/www.eldiario.net\/portal\/#website","url":"https:\/\/www.eldiario.net\/portal\/","name":"El Diario - Decano de la prensa nacional","description":"El Diario - Decano de la prensa nacional","publisher":{"@id":"https:\/\/www.eldiario.net\/portal\/#organization"},"potentialAction":[{"@type":"SearchAction","target":{"@type":"EntryPoint","urlTemplate":"https:\/\/www.eldiario.net\/portal\/?s={search_term_string}"},"query-input":{"@type":"PropertyValueSpecification","valueRequired":true,"valueName":"search_term_string"}}],"inLanguage":"es"},{"@type":"Organization","@id":"https:\/\/www.eldiario.net\/portal\/#organization","name":"El Diario - Decano de la prensa nacional","url":"https:\/\/www.eldiario.net\/portal\/","logo":{"@type":"ImageObject","inLanguage":"es","@id":"https:\/\/www.eldiario.net\/portal\/#\/schema\/logo\/image\/","url":"https:\/\/www.eldiario.net\/portal\/wp-content\/uploads\/2023\/07\/logo_ED.jpg","contentUrl":"https:\/\/www.eldiario.net\/portal\/wp-content\/uploads\/2023\/07\/logo_ED.jpg","width":272,"height":52,"caption":"El Diario - Decano de la prensa nacional"},"image":{"@id":"https:\/\/www.eldiario.net\/portal\/#\/schema\/logo\/image\/"},"sameAs":["https:\/\/www.facebook.com\/eldiario.bolivia\/","https:\/\/x.com\/eldiario_net"]},{"@type":"Person","@id":"https:\/\/www.eldiario.net\/portal\/#\/schema\/person\/f46445640444750d7d753ccd04ae01b7","name":"Jeanette","image":{"@type":"ImageObject","inLanguage":"es","@id":"https:\/\/secure.gravatar.com\/avatar\/3ea2118a5f7dad2b7138b1187a6b7ee55f160b9968b66013c3a3ef39dd7e5798?s=96&d=mm&r=g","url":"https:\/\/secure.gravatar.com\/avatar\/3ea2118a5f7dad2b7138b1187a6b7ee55f160b9968b66013c3a3ef39dd7e5798?s=96&d=mm&r=g","contentUrl":"https:\/\/secure.gravatar.com\/avatar\/3ea2118a5f7dad2b7138b1187a6b7ee55f160b9968b66013c3a3ef39dd7e5798?s=96&d=mm&r=g","caption":"Jeanette"},"sameAs":["https:\/\/www.eldiario.net\/portal"],"url":"https:\/\/www.eldiario.net\/portal\/author\/jeanette\/"}]}},"_links":{"self":[{"href":"https:\/\/www.eldiario.net\/portal\/wp-json\/wp\/v2\/posts\/203924","targetHints":{"allow":["GET"]}}],"collection":[{"href":"https:\/\/www.eldiario.net\/portal\/wp-json\/wp\/v2\/posts"}],"about":[{"href":"https:\/\/www.eldiario.net\/portal\/wp-json\/wp\/v2\/types\/post"}],"author":[{"embeddable":true,"href":"https:\/\/www.eldiario.net\/portal\/wp-json\/wp\/v2\/users\/1"}],"replies":[{"embeddable":true,"href":"https:\/\/www.eldiario.net\/portal\/wp-json\/wp\/v2\/comments?post=203924"}],"version-history":[{"count":1,"href":"https:\/\/www.eldiario.net\/portal\/wp-json\/wp\/v2\/posts\/203924\/revisions"}],"predecessor-version":[{"id":203926,"href":"https:\/\/www.eldiario.net\/portal\/wp-json\/wp\/v2\/posts\/203924\/revisions\/203926"}],"wp:featuredmedia":[{"embeddable":true,"href":"https:\/\/www.eldiario.net\/portal\/wp-json\/wp\/v2\/media\/203925"}],"wp:attachment":[{"href":"https:\/\/www.eldiario.net\/portal\/wp-json\/wp\/v2\/media?parent=203924"}],"wp:term":[{"taxonomy":"category","embeddable":true,"href":"https:\/\/www.eldiario.net\/portal\/wp-json\/wp\/v2\/categories?post=203924"},{"taxonomy":"post_tag","embeddable":true,"href":"https:\/\/www.eldiario.net\/portal\/wp-json\/wp\/v2\/tags?post=203924"}],"curies":[{"name":"wp","href":"https:\/\/api.w.org\/{rel}","templated":true}]}}