{"id":203922,"date":"2024-02-19T06:32:45","date_gmt":"2024-02-19T10:32:45","guid":{"rendered":"https:\/\/www.eldiario.net\/portal\/?p=203922"},"modified":"2024-02-19T06:32:45","modified_gmt":"2024-02-19T10:32:45","slug":"retiro-de-tierra-en-jinchupalla-esta-en-40-y-trabajos-continuan","status":"publish","type":"post","link":"https:\/\/www.eldiario.net\/portal\/2024\/02\/19\/retiro-de-tierra-en-jinchupalla-esta-en-40-y-trabajos-continuan\/","title":{"rendered":"Retiro de tierra en Jinchupalla  est\u00e1 en 40% y trabajos contin\u00faan"},"content":{"rendered":"<p>A ra\u00edz de los trabajos que la comuna pace\u00f1a realiz\u00f3 en la zona de Jinchupalla del macrodistrito Cotahuma, obreros ediles sacaron alrededor de 60 volquetas de tierra, el trabajo contin\u00faa y est\u00e1 en un 40% de avance lo que equivale a m\u00e1s de 440 metros c\u00fabicos de material. Se prev\u00e9 que el avance llegue, al menos, al 80%.<br \/>\n\u201cExiste un avance importante en el retiro de material, tenemos contabilizado 60 viajes de volquetas, m\u00e1s o menos unos 440 metros c\u00fabicos ya se habr\u00edan retirado. Estamos en esa tarea y como ven no estamos cesando en el trabajo\u201d, inform\u00f3 el subalcalde de Cotahuma, Fausto Terrazas.<br \/>\nEl dato fue hasta poco m\u00e1s del mediod\u00eda de ayer. El avance en el retiro de la tierra fue posible porque el s\u00e1bado no llovi\u00f3, sin embargo, el panorama de la tarde de ayer fue diferente.<br \/>\nPor otra parte, el jefe de la Unidad de Manejo de Evaluaciones Geodin\u00e1micas, Gonzalo Quenta, afirm\u00f3 que tambi\u00e9n se trabaja en la estabilizaci\u00f3n de la parte alta del talud.<br \/>\n\u201cAhora estamos trabajando en el pico que est\u00e1 estable, sin embargo a solicitud de los vecinos se va a cortar, ya se ha empezado y estamos en el 20 por ciento\u201d, manifest\u00f3 el t\u00e9cnico.<br \/>\nAsimismo, los obreros de la Subalcald\u00eda de Cotahuma colocan drenajes superficiales con calaminas, lo que impedir\u00e1 que se \u201cproduzcan las mazamorras cuando llueva\u201d, agreg\u00f3 Quenta.<br \/>\nLa Alcald\u00eda pace\u00f1a desplaz\u00f3 personal y maquinaria pesada desde el viernes, tras la ca\u00edda del talud a la zona de Jinchupalla, para retirar la tierra acumulada y realizar los trabajos de emergencia. El trabajo se realiza en turnos durante 24 horas.<\/p>\n<p>HABILITAR\u00c1N AVENIDA<br \/>\nEn otro caso, la comuna anunci\u00f3 que hoy podr\u00eda habilitarse una parte de la avenida Manuel Gamarra, de la zona Hernando Siles para la circulaci\u00f3n vehicular, pero eso depender\u00e1 del avance de las obras en el sifonamiento que se present\u00f3 en la v\u00eda y debajo de la cual se encuentra el r\u00edo K\u2019ullk\u2019ujahuira, donde se detect\u00f3 una obstrucci\u00f3n.<\/p>\n","protected":false},"excerpt":{"rendered":"<p>A ra\u00edz de los trabajos que la comuna pace\u00f1a realiz\u00f3 en la zona de Jinchupalla del macrodistrito Cotahuma, obreros ediles sacaron alrededor de 60 volquetas de tierra, el trabajo contin\u00faa y est\u00e1 en un 40% de avance lo que equivale a m\u00e1s de 440 metros c\u00fabicos de material. Se prev\u00e9 que el avance llegue, al [&hellip;]<\/p>\n","protected":false},"author":1,"featured_media":194726,"comment_status":"open","ping_status":"open","sticky":false,"template":"","format":"standard","meta":{"_acf_changed":false,"footnotes":""},"categories":[12],"tags":[],"class_list":["post-203922","post","type-post","status-publish","format-standard","has-post-thumbnail","category-nacional"],"acf":{"antetitulo":"Sacan unas 60 volquetas con escombros  "},"yoast_head":"<!-- This site is optimized with the Yoast SEO plugin v28.4 - https:\/\/yoast.com\/product\/yoast-seo-wordpress\/ -->\n<title>Retiro de tierra en Jinchupalla est\u00e1 en 40% y trabajos contin\u00faan - El Diario - Bolivia<\/title>\n<meta name=\"robots\" content=\"index, follow, max-snippet:-1, max-image-preview:large, max-video-preview:-1\" \/>\n<link rel=\"canonical\" href=\"https:\/\/www.eldiario.net\/portal\/2024\/02\/19\/retiro-de-tierra-en-jinchupalla-esta-en-40-y-trabajos-continuan\/\" \/>\n<meta property=\"og:locale\" content=\"es_ES\" \/>\n<meta property=\"og:type\" content=\"article\" \/>\n<meta property=\"og:title\" content=\"Retiro de tierra en Jinchupalla est\u00e1 en 40% y trabajos contin\u00faan - El Diario - Bolivia\" \/>\n<meta property=\"og:description\" content=\"A ra\u00edz de los trabajos que la comuna pace\u00f1a realiz\u00f3 en la zona de Jinchupalla del macrodistrito Cotahuma, obreros ediles sacaron alrededor de 60 volquetas de tierra, el trabajo contin\u00faa y est\u00e1 en un 40% de avance lo que equivale a m\u00e1s de 440 metros c\u00fabicos de material. Se prev\u00e9 que el avance llegue, al [&hellip;]\" \/>\n<meta property=\"og:url\" content=\"https:\/\/www.eldiario.net\/portal\/2024\/02\/19\/retiro-de-tierra-en-jinchupalla-esta-en-40-y-trabajos-continuan\/\" \/>\n<meta property=\"og:site_name\" content=\"El Diario - Bolivia\" \/>\n<meta property=\"article:publisher\" content=\"https:\/\/www.facebook.com\/eldiario.bolivia\/\" \/>\n<meta property=\"article:published_time\" content=\"2024-02-19T10:32:45+00:00\" \/>\n<meta property=\"og:image\" content=\"https:\/\/www.eldiario.net\/portal\/wp-content\/uploads\/2023\/12\/Nacional.jpg\" \/>\n\t<meta property=\"og:image:width\" content=\"800\" \/>\n\t<meta property=\"og:image:height\" content=\"500\" \/>\n\t<meta property=\"og:image:type\" content=\"image\/jpeg\" \/>\n<meta name=\"author\" content=\"Jeanette\" \/>\n<meta name=\"twitter:card\" content=\"summary_large_image\" \/>\n<meta name=\"twitter:creator\" content=\"@eldiario_net\" \/>\n<meta name=\"twitter:site\" content=\"@eldiario_net\" \/>\n<meta name=\"twitter:label1\" content=\"Escrito por\" \/>\n\t<meta name=\"twitter:data1\" content=\"Jeanette\" \/>\n\t<meta name=\"twitter:label2\" content=\"Tiempo de lectura\" \/>\n\t<meta name=\"twitter:data2\" content=\"2 minutos\" \/>\n<script type=\"application\/ld+json\" class=\"yoast-schema-graph\">{\"@context\":\"https:\\\/\\\/schema.org\",\"@graph\":[{\"@type\":\"Article\",\"@id\":\"https:\\\/\\\/www.eldiario.net\\\/portal\\\/2024\\\/02\\\/19\\\/retiro-de-tierra-en-jinchupalla-esta-en-40-y-trabajos-continuan\\\/#article\",\"isPartOf\":{\"@id\":\"https:\\\/\\\/www.eldiario.net\\\/portal\\\/2024\\\/02\\\/19\\\/retiro-de-tierra-en-jinchupalla-esta-en-40-y-trabajos-continuan\\\/\"},\"author\":{\"name\":\"Jeanette\",\"@id\":\"https:\\\/\\\/www.eldiario.net\\\/portal\\\/#\\\/schema\\\/person\\\/f46445640444750d7d753ccd04ae01b7\"},\"headline\":\"Retiro de tierra en Jinchupalla est\u00e1 en 40% y trabajos contin\u00faan\",\"datePublished\":\"2024-02-19T10:32:45+00:00\",\"mainEntityOfPage\":{\"@id\":\"https:\\\/\\\/www.eldiario.net\\\/portal\\\/2024\\\/02\\\/19\\\/retiro-de-tierra-en-jinchupalla-esta-en-40-y-trabajos-continuan\\\/\"},\"wordCount\":359,\"commentCount\":0,\"publisher\":{\"@id\":\"https:\\\/\\\/www.eldiario.net\\\/portal\\\/#organization\"},\"image\":{\"@id\":\"https:\\\/\\\/www.eldiario.net\\\/portal\\\/2024\\\/02\\\/19\\\/retiro-de-tierra-en-jinchupalla-esta-en-40-y-trabajos-continuan\\\/#primaryimage\"},\"thumbnailUrl\":\"https:\\\/\\\/www.eldiario.net\\\/portal\\\/wp-content\\\/uploads\\\/2023\\\/12\\\/Nacional.jpg\",\"articleSection\":[\"Nacional\"],\"inLanguage\":\"es\",\"potentialAction\":[{\"@type\":\"CommentAction\",\"name\":\"Comment\",\"target\":[\"https:\\\/\\\/www.eldiario.net\\\/portal\\\/2024\\\/02\\\/19\\\/retiro-de-tierra-en-jinchupalla-esta-en-40-y-trabajos-continuan\\\/#respond\"]}]},{\"@type\":\"WebPage\",\"@id\":\"https:\\\/\\\/www.eldiario.net\\\/portal\\\/2024\\\/02\\\/19\\\/retiro-de-tierra-en-jinchupalla-esta-en-40-y-trabajos-continuan\\\/\",\"url\":\"https:\\\/\\\/www.eldiario.net\\\/portal\\\/2024\\\/02\\\/19\\\/retiro-de-tierra-en-jinchupalla-esta-en-40-y-trabajos-continuan\\\/\",\"name\":\"Retiro de tierra en Jinchupalla est\u00e1 en 40% y trabajos contin\u00faan - El Diario - Bolivia\",\"isPartOf\":{\"@id\":\"https:\\\/\\\/www.eldiario.net\\\/portal\\\/#website\"},\"primaryImageOfPage\":{\"@id\":\"https:\\\/\\\/www.eldiario.net\\\/portal\\\/2024\\\/02\\\/19\\\/retiro-de-tierra-en-jinchupalla-esta-en-40-y-trabajos-continuan\\\/#primaryimage\"},\"image\":{\"@id\":\"https:\\\/\\\/www.eldiario.net\\\/portal\\\/2024\\\/02\\\/19\\\/retiro-de-tierra-en-jinchupalla-esta-en-40-y-trabajos-continuan\\\/#primaryimage\"},\"thumbnailUrl\":\"https:\\\/\\\/www.eldiario.net\\\/portal\\\/wp-content\\\/uploads\\\/2023\\\/12\\\/Nacional.jpg\",\"datePublished\":\"2024-02-19T10:32:45+00:00\",\"breadcrumb\":{\"@id\":\"https:\\\/\\\/www.eldiario.net\\\/portal\\\/2024\\\/02\\\/19\\\/retiro-de-tierra-en-jinchupalla-esta-en-40-y-trabajos-continuan\\\/#breadcrumb\"},\"inLanguage\":\"es\",\"potentialAction\":[{\"@type\":\"ReadAction\",\"target\":[\"https:\\\/\\\/www.eldiario.net\\\/portal\\\/2024\\\/02\\\/19\\\/retiro-de-tierra-en-jinchupalla-esta-en-40-y-trabajos-continuan\\\/\"]}]},{\"@type\":\"ImageObject\",\"inLanguage\":\"es\",\"@id\":\"https:\\\/\\\/www.eldiario.net\\\/portal\\\/2024\\\/02\\\/19\\\/retiro-de-tierra-en-jinchupalla-esta-en-40-y-trabajos-continuan\\\/#primaryimage\",\"url\":\"https:\\\/\\\/www.eldiario.net\\\/portal\\\/wp-content\\\/uploads\\\/2023\\\/12\\\/Nacional.jpg\",\"contentUrl\":\"https:\\\/\\\/www.eldiario.net\\\/portal\\\/wp-content\\\/uploads\\\/2023\\\/12\\\/Nacional.jpg\",\"width\":800,\"height\":500},{\"@type\":\"BreadcrumbList\",\"@id\":\"https:\\\/\\\/www.eldiario.net\\\/portal\\\/2024\\\/02\\\/19\\\/retiro-de-tierra-en-jinchupalla-esta-en-40-y-trabajos-continuan\\\/#breadcrumb\",\"itemListElement\":[{\"@type\":\"ListItem\",\"position\":1,\"name\":\"Portada\",\"item\":\"https:\\\/\\\/www.eldiario.net\\\/portal\\\/\"},{\"@type\":\"ListItem\",\"position\":2,\"name\":\"Retiro de tierra en Jinchupalla est\u00e1 en 40% y trabajos contin\u00faan\"}]},{\"@type\":\"WebSite\",\"@id\":\"https:\\\/\\\/www.eldiario.net\\\/portal\\\/#website\",\"url\":\"https:\\\/\\\/www.eldiario.net\\\/portal\\\/\",\"name\":\"El Diario - Decano de la prensa nacional\",\"description\":\"El Diario - Decano de la prensa nacional\",\"publisher\":{\"@id\":\"https:\\\/\\\/www.eldiario.net\\\/portal\\\/#organization\"},\"potentialAction\":[{\"@type\":\"SearchAction\",\"target\":{\"@type\":\"EntryPoint\",\"urlTemplate\":\"https:\\\/\\\/www.eldiario.net\\\/portal\\\/?s={search_term_string}\"},\"query-input\":{\"@type\":\"PropertyValueSpecification\",\"valueRequired\":true,\"valueName\":\"search_term_string\"}}],\"inLanguage\":\"es\"},{\"@type\":\"Organization\",\"@id\":\"https:\\\/\\\/www.eldiario.net\\\/portal\\\/#organization\",\"name\":\"El Diario - Decano de la prensa nacional\",\"url\":\"https:\\\/\\\/www.eldiario.net\\\/portal\\\/\",\"logo\":{\"@type\":\"ImageObject\",\"inLanguage\":\"es\",\"@id\":\"https:\\\/\\\/www.eldiario.net\\\/portal\\\/#\\\/schema\\\/logo\\\/image\\\/\",\"url\":\"https:\\\/\\\/www.eldiario.net\\\/portal\\\/wp-content\\\/uploads\\\/2023\\\/07\\\/logo_ED.jpg\",\"contentUrl\":\"https:\\\/\\\/www.eldiario.net\\\/portal\\\/wp-content\\\/uploads\\\/2023\\\/07\\\/logo_ED.jpg\",\"width\":272,\"height\":52,\"caption\":\"El Diario - Decano de la prensa nacional\"},\"image\":{\"@id\":\"https:\\\/\\\/www.eldiario.net\\\/portal\\\/#\\\/schema\\\/logo\\\/image\\\/\"},\"sameAs\":[\"https:\\\/\\\/www.facebook.com\\\/eldiario.bolivia\\\/\",\"https:\\\/\\\/x.com\\\/eldiario_net\"]},{\"@type\":\"Person\",\"@id\":\"https:\\\/\\\/www.eldiario.net\\\/portal\\\/#\\\/schema\\\/person\\\/f46445640444750d7d753ccd04ae01b7\",\"name\":\"Jeanette\",\"image\":{\"@type\":\"ImageObject\",\"inLanguage\":\"es\",\"@id\":\"https:\\\/\\\/secure.gravatar.com\\\/avatar\\\/3ea2118a5f7dad2b7138b1187a6b7ee55f160b9968b66013c3a3ef39dd7e5798?s=96&d=mm&r=g\",\"url\":\"https:\\\/\\\/secure.gravatar.com\\\/avatar\\\/3ea2118a5f7dad2b7138b1187a6b7ee55f160b9968b66013c3a3ef39dd7e5798?s=96&d=mm&r=g\",\"contentUrl\":\"https:\\\/\\\/secure.gravatar.com\\\/avatar\\\/3ea2118a5f7dad2b7138b1187a6b7ee55f160b9968b66013c3a3ef39dd7e5798?s=96&d=mm&r=g\",\"caption\":\"Jeanette\"},\"sameAs\":[\"https:\\\/\\\/www.eldiario.net\\\/portal\"],\"url\":\"https:\\\/\\\/www.eldiario.net\\\/portal\\\/author\\\/jeanette\\\/\"}]}<\/script>\n<!-- \/ Yoast SEO plugin. -->","yoast_head_json":{"title":"Retiro de tierra en Jinchupalla est\u00e1 en 40% y trabajos contin\u00faan - El Diario - Bolivia","robots":{"index":"index","follow":"follow","max-snippet":"max-snippet:-1","max-image-preview":"max-image-preview:large","max-video-preview":"max-video-preview:-1"},"canonical":"https:\/\/www.eldiario.net\/portal\/2024\/02\/19\/retiro-de-tierra-en-jinchupalla-esta-en-40-y-trabajos-continuan\/","og_locale":"es_ES","og_type":"article","og_title":"Retiro de tierra en Jinchupalla est\u00e1 en 40% y trabajos contin\u00faan - El Diario - Bolivia","og_description":"A ra\u00edz de los trabajos que la comuna pace\u00f1a realiz\u00f3 en la zona de Jinchupalla del macrodistrito Cotahuma, obreros ediles sacaron alrededor de 60 volquetas de tierra, el trabajo contin\u00faa y est\u00e1 en un 40% de avance lo que equivale a m\u00e1s de 440 metros c\u00fabicos de material. Se prev\u00e9 que el avance llegue, al [&hellip;]","og_url":"https:\/\/www.eldiario.net\/portal\/2024\/02\/19\/retiro-de-tierra-en-jinchupalla-esta-en-40-y-trabajos-continuan\/","og_site_name":"El Diario - Bolivia","article_publisher":"https:\/\/www.facebook.com\/eldiario.bolivia\/","article_published_time":"2024-02-19T10:32:45+00:00","og_image":[{"width":800,"height":500,"url":"https:\/\/www.eldiario.net\/portal\/wp-content\/uploads\/2023\/12\/Nacional.jpg","type":"image\/jpeg"}],"author":"Jeanette","twitter_card":"summary_large_image","twitter_creator":"@eldiario_net","twitter_site":"@eldiario_net","twitter_misc":{"Escrito por":"Jeanette","Tiempo de lectura":"2 minutos"},"schema":{"@context":"https:\/\/schema.org","@graph":[{"@type":"Article","@id":"https:\/\/www.eldiario.net\/portal\/2024\/02\/19\/retiro-de-tierra-en-jinchupalla-esta-en-40-y-trabajos-continuan\/#article","isPartOf":{"@id":"https:\/\/www.eldiario.net\/portal\/2024\/02\/19\/retiro-de-tierra-en-jinchupalla-esta-en-40-y-trabajos-continuan\/"},"author":{"name":"Jeanette","@id":"https:\/\/www.eldiario.net\/portal\/#\/schema\/person\/f46445640444750d7d753ccd04ae01b7"},"headline":"Retiro de tierra en Jinchupalla est\u00e1 en 40% y trabajos contin\u00faan","datePublished":"2024-02-19T10:32:45+00:00","mainEntityOfPage":{"@id":"https:\/\/www.eldiario.net\/portal\/2024\/02\/19\/retiro-de-tierra-en-jinchupalla-esta-en-40-y-trabajos-continuan\/"},"wordCount":359,"commentCount":0,"publisher":{"@id":"https:\/\/www.eldiario.net\/portal\/#organization"},"image":{"@id":"https:\/\/www.eldiario.net\/portal\/2024\/02\/19\/retiro-de-tierra-en-jinchupalla-esta-en-40-y-trabajos-continuan\/#primaryimage"},"thumbnailUrl":"https:\/\/www.eldiario.net\/portal\/wp-content\/uploads\/2023\/12\/Nacional.jpg","articleSection":["Nacional"],"inLanguage":"es","potentialAction":[{"@type":"CommentAction","name":"Comment","target":["https:\/\/www.eldiario.net\/portal\/2024\/02\/19\/retiro-de-tierra-en-jinchupalla-esta-en-40-y-trabajos-continuan\/#respond"]}]},{"@type":"WebPage","@id":"https:\/\/www.eldiario.net\/portal\/2024\/02\/19\/retiro-de-tierra-en-jinchupalla-esta-en-40-y-trabajos-continuan\/","url":"https:\/\/www.eldiario.net\/portal\/2024\/02\/19\/retiro-de-tierra-en-jinchupalla-esta-en-40-y-trabajos-continuan\/","name":"Retiro de tierra en Jinchupalla est\u00e1 en 40% y trabajos contin\u00faan - El Diario - Bolivia","isPartOf":{"@id":"https:\/\/www.eldiario.net\/portal\/#website"},"primaryImageOfPage":{"@id":"https:\/\/www.eldiario.net\/portal\/2024\/02\/19\/retiro-de-tierra-en-jinchupalla-esta-en-40-y-trabajos-continuan\/#primaryimage"},"image":{"@id":"https:\/\/www.eldiario.net\/portal\/2024\/02\/19\/retiro-de-tierra-en-jinchupalla-esta-en-40-y-trabajos-continuan\/#primaryimage"},"thumbnailUrl":"https:\/\/www.eldiario.net\/portal\/wp-content\/uploads\/2023\/12\/Nacional.jpg","datePublished":"2024-02-19T10:32:45+00:00","breadcrumb":{"@id":"https:\/\/www.eldiario.net\/portal\/2024\/02\/19\/retiro-de-tierra-en-jinchupalla-esta-en-40-y-trabajos-continuan\/#breadcrumb"},"inLanguage":"es","potentialAction":[{"@type":"ReadAction","target":["https:\/\/www.eldiario.net\/portal\/2024\/02\/19\/retiro-de-tierra-en-jinchupalla-esta-en-40-y-trabajos-continuan\/"]}]},{"@type":"ImageObject","inLanguage":"es","@id":"https:\/\/www.eldiario.net\/portal\/2024\/02\/19\/retiro-de-tierra-en-jinchupalla-esta-en-40-y-trabajos-continuan\/#primaryimage","url":"https:\/\/www.eldiario.net\/portal\/wp-content\/uploads\/2023\/12\/Nacional.jpg","contentUrl":"https:\/\/www.eldiario.net\/portal\/wp-content\/uploads\/2023\/12\/Nacional.jpg","width":800,"height":500},{"@type":"BreadcrumbList","@id":"https:\/\/www.eldiario.net\/portal\/2024\/02\/19\/retiro-de-tierra-en-jinchupalla-esta-en-40-y-trabajos-continuan\/#breadcrumb","itemListElement":[{"@type":"ListItem","position":1,"name":"Portada","item":"https:\/\/www.eldiario.net\/portal\/"},{"@type":"ListItem","position":2,"name":"Retiro de tierra en Jinchupalla est\u00e1 en 40% y trabajos contin\u00faan"}]},{"@type":"WebSite","@id":"https:\/\/www.eldiario.net\/portal\/#website","url":"https:\/\/www.eldiario.net\/portal\/","name":"El Diario - Decano de la prensa nacional","description":"El Diario - Decano de la prensa nacional","publisher":{"@id":"https:\/\/www.eldiario.net\/portal\/#organization"},"potentialAction":[{"@type":"SearchAction","target":{"@type":"EntryPoint","urlTemplate":"https:\/\/www.eldiario.net\/portal\/?s={search_term_string}"},"query-input":{"@type":"PropertyValueSpecification","valueRequired":true,"valueName":"search_term_string"}}],"inLanguage":"es"},{"@type":"Organization","@id":"https:\/\/www.eldiario.net\/portal\/#organization","name":"El Diario - Decano de la prensa nacional","url":"https:\/\/www.eldiario.net\/portal\/","logo":{"@type":"ImageObject","inLanguage":"es","@id":"https:\/\/www.eldiario.net\/portal\/#\/schema\/logo\/image\/","url":"https:\/\/www.eldiario.net\/portal\/wp-content\/uploads\/2023\/07\/logo_ED.jpg","contentUrl":"https:\/\/www.eldiario.net\/portal\/wp-content\/uploads\/2023\/07\/logo_ED.jpg","width":272,"height":52,"caption":"El Diario - Decano de la prensa nacional"},"image":{"@id":"https:\/\/www.eldiario.net\/portal\/#\/schema\/logo\/image\/"},"sameAs":["https:\/\/www.facebook.com\/eldiario.bolivia\/","https:\/\/x.com\/eldiario_net"]},{"@type":"Person","@id":"https:\/\/www.eldiario.net\/portal\/#\/schema\/person\/f46445640444750d7d753ccd04ae01b7","name":"Jeanette","image":{"@type":"ImageObject","inLanguage":"es","@id":"https:\/\/secure.gravatar.com\/avatar\/3ea2118a5f7dad2b7138b1187a6b7ee55f160b9968b66013c3a3ef39dd7e5798?s=96&d=mm&r=g","url":"https:\/\/secure.gravatar.com\/avatar\/3ea2118a5f7dad2b7138b1187a6b7ee55f160b9968b66013c3a3ef39dd7e5798?s=96&d=mm&r=g","contentUrl":"https:\/\/secure.gravatar.com\/avatar\/3ea2118a5f7dad2b7138b1187a6b7ee55f160b9968b66013c3a3ef39dd7e5798?s=96&d=mm&r=g","caption":"Jeanette"},"sameAs":["https:\/\/www.eldiario.net\/portal"],"url":"https:\/\/www.eldiario.net\/portal\/author\/jeanette\/"}]}},"_links":{"self":[{"href":"https:\/\/www.eldiario.net\/portal\/wp-json\/wp\/v2\/posts\/203922","targetHints":{"allow":["GET"]}}],"collection":[{"href":"https:\/\/www.eldiario.net\/portal\/wp-json\/wp\/v2\/posts"}],"about":[{"href":"https:\/\/www.eldiario.net\/portal\/wp-json\/wp\/v2\/types\/post"}],"author":[{"embeddable":true,"href":"https:\/\/www.eldiario.net\/portal\/wp-json\/wp\/v2\/users\/1"}],"replies":[{"embeddable":true,"href":"https:\/\/www.eldiario.net\/portal\/wp-json\/wp\/v2\/comments?post=203922"}],"version-history":[{"count":1,"href":"https:\/\/www.eldiario.net\/portal\/wp-json\/wp\/v2\/posts\/203922\/revisions"}],"predecessor-version":[{"id":203923,"href":"https:\/\/www.eldiario.net\/portal\/wp-json\/wp\/v2\/posts\/203922\/revisions\/203923"}],"wp:featuredmedia":[{"embeddable":true,"href":"https:\/\/www.eldiario.net\/portal\/wp-json\/wp\/v2\/media\/194726"}],"wp:attachment":[{"href":"https:\/\/www.eldiario.net\/portal\/wp-json\/wp\/v2\/media?parent=203922"}],"wp:term":[{"taxonomy":"category","embeddable":true,"href":"https:\/\/www.eldiario.net\/portal\/wp-json\/wp\/v2\/categories?post=203922"},{"taxonomy":"post_tag","embeddable":true,"href":"https:\/\/www.eldiario.net\/portal\/wp-json\/wp\/v2\/tags?post=203922"}],"curies":[{"name":"wp","href":"https:\/\/api.w.org\/{rel}","templated":true}]}}