{"id":203918,"date":"2024-02-19T06:32:11","date_gmt":"2024-02-19T10:32:11","guid":{"rendered":"https:\/\/www.eldiario.net\/portal\/?p=203918"},"modified":"2024-02-19T06:32:11","modified_gmt":"2024-02-19T10:32:11","slug":"espana-participara-en-investigaciones-sobre-dos-canceres-infantiles-raros","status":"publish","type":"post","link":"https:\/\/www.eldiario.net\/portal\/2024\/02\/19\/espana-participara-en-investigaciones-sobre-dos-canceres-infantiles-raros\/","title":{"rendered":"Espa\u00f1a participar\u00e1 en investigaciones  sobre dos c\u00e1nceres infantiles raros"},"content":{"rendered":"<p>Cada a\u00f1o se diagnostican en el mundo 280.000 nuevos casos de c\u00e1ncer infantil a nivel mundial y alrededor de 1.000 en Espa\u00f1a. Si bien las tasas de supervivencia han mejorado, situ\u00e1ndose en el 82 por ciento a 5 a\u00f1os, hay algunos c\u00e1nceres pedi\u00e1tricos cuya investigaci\u00f3n lleva a\u00f1os estancada, afectando negativamente a su supervivencia.<br \/>\nEs el caso del osteosarcoma. En los \u00faltimos 40 a\u00f1os, la tasa de supervivencia no se movi\u00f3 ni un \u00e1pice. Se trata del tumor \u00f3seo maligno m\u00e1s frecuente en la infancia y adolescencia y, en la edad adulta, es casi el m\u00e1s frecuente despu\u00e9s del mieloma. De hecho, en ni\u00f1os y adolescentes se demora mucho el diagn\u00f3stico de los sarcomas \u00f3seos porque sus s\u00edntomas se suelen confundir con los dolores habituales asociados al crecimiento.<br \/>\nPrecisamente, la oncohemat\u00f3loga infantil y del adolescente, Cristina Mata, que ejerce su labor en el Hospital Materno-Infantil Gregorio Mara\u00f1\u00f3n, es parte del equipo de investigaci\u00f3n creador del Consorcio Europeo Foster, cuya meta es investigar y mejorar la curaci\u00f3n de los pacientes con esta enfermedad.<br \/>\n\u00abEs un tumor muy agresivo. Los sarcomas son, en s\u00ed, enfermedades raras. Son enfermedades muy variadas (hay m\u00e1s de 60 subtipos) y muy agresivas, en las que se investiga poco por la poca incidencia\u00bb, introdujo la doctora.<br \/>\nEn concreto, en el osteosarcoma, \u00abla incidencia es como de dos, tres casos por mill\u00f3n de habitantes, por lo que es muy infrecuente\u00bb, explic\u00f3 Mata, en declaraciones a Europa Press.<br \/>\nEn total, el 3 por ciento de los c\u00e1nceres de la infancia son osteosarcomas. Tambi\u00e9n es un c\u00e1ncer que se da en la edad adulta, en la s\u00e9ptima d\u00e9cada sobre todo, pero es m\u00e1s incidente en la segunda de esta etapa de la vida.<br \/>\nLa supervivencia ronda el 70 por ciento en los ni\u00f1os y adolescentes a los 5 a\u00f1os cuando se diagnostica de forma localizada. Sin embargo, cuando la enfermedad ya se extendi\u00f3, la supervivencia es aproximadamente del 20 por ciento a los 5 a\u00f1os. Es esta cifra la que permanece inamovible desde hace cuatro d\u00e9cadas. \u00abNo se investig\u00f3 suficiente y es verdad que, adem\u00e1s, es una enfermedad que, por sus caracter\u00edsticas, es dif\u00edcil de tratar\u00bb, se\u00f1al\u00f3 la experta.<br \/>\nPor todo ello, hace casi tres a\u00f1os se cre\u00f3 un consorcio europeo para investigar el osteosarcoma, Foster, ya que es una enfermedad \u00abun poco hu\u00e9rfana, en el sentido de que no se estaba avanzando en investigaci\u00f3n\u00bb, dijo.<br \/>\nNo hubieron f\u00e1rmacos que demostraran eficacia. No obstante, dentro de los pocos f\u00e1rmacos que se est\u00e1 viendo que han funcionado en pacientes, est\u00e1 una familia que se denomina inhibidores de la tirosina quinasa.<br \/>\nAhora, en el marco del Consorcio Europeo Foster, se va a poner en marcha el ensayo cl\u00ednico \u2039FosterCabOS\u203a, cuyo principal objetivo es conocer si la administraci\u00f3n de uno de estos f\u00e1rmacos, el cabozantinib, como tratamiento de mantenimiento tras el tratamiento est\u00e1ndar de la enfermedad, disminuye las reca\u00eddas y, por tanto, mejora la supervivencia de estos pacientes.<br \/>\n\u00abTenemos la esperanza de que, a\u00f1adiendo ese f\u00e1rmaco durante un a\u00f1o, m\u00e1s pacientes se curen porque no recaigan. Porque, con frecuencia, la reca\u00edda se produce en ese a\u00f1o, en los primeros a\u00f1os\u00bb, explic\u00f3.<br \/>\nMata acaba de recibir una ayuda de la Asociaci\u00f3n Espa\u00f1ola Contra el C\u00e1ncer (AECC) por la que este ensayo fase III, el \u2039FosterCabOS\u203a, se va a iniciar en Espa\u00f1a y en otros tres pa\u00edses europeos.<br \/>\n\u00abSe trata de un estudio en inicio europeo y que comenzar\u00e1 este mismo a\u00f1o. Participar\u00e1n un total de 19 pa\u00edses, pero, de momento, se va a empezar en cuatro: Francia, que lidera el ensayo, B\u00e9lgica, Holanda y Espa\u00f1a. En breve se unir\u00e1n los otros 15 pa\u00edses\u00bb, indic\u00f3 la investigadora. Tambi\u00e9n es posible que, en un futuro pr\u00f3ximo, se unan Nueva Zelanda y Australia.<br \/>\nLA LEUCEMIA DEL LACTANTE<br \/>\nDentro de los c\u00e1nceres infantiles, la Leucemia Linfobl\u00e1stica Aguda (LLA) es el m\u00e1s frecuente. Su incidencia aproximada es de 1,5 casos por cada 100.000 habitantes en pa\u00edses desarrollados, seg\u00fan datos del Centro Internacional de Investigaciones sobre el C\u00e1ncer (IARC, por sus siglas en ingl\u00e9s).<br \/>\nCon respecto a su supervivencia, la tasa en pacientes de 1 a 16 a\u00f1os es mayor al 80 por ciento. Sin embargo, en menores de 1 a\u00f1o, no alcanza el 50 por ciento. Es decir, la mitad de los pacientes con leucemia linfobl\u00e1stica aguda no superan la enfermedad con esa edad.<br \/>\nPor ello, un grupo de investigadores de la red Interfant, donde participa el doctor \u00c1lvaro Lassaletta, jefe de secci\u00f3n del servicio de oncohematolog\u00eda pedi\u00e1trica del Hospital Universitario Infantil Ni\u00f1o Jes\u00fas de Madrid, cre\u00f3 el protocolo \u2039Interfant-21\u203a, un ensayo cl\u00ednico internacional destinado a mejorar el pron\u00f3stico de la enfermedad en estos beb\u00e9s.<br \/>\n\u00abEn los menores de un a\u00f1o, el pron\u00f3stico sigue siendo muy malo, porque la enfermedad es m\u00e1s agresiva, tiene m\u00e1s alteraciones en las c\u00e9lulas\u00bb, explic\u00f3 el doctor, para a\u00f1adir que se diagnostican unos ocho casos como este al a\u00f1o en Espa\u00f1a.<br \/>\nAl igual que su colega Cristina Mata, Lassaletta consigui\u00f3 una ayuda de la AECC para llevar a cabo esta investigaci\u00f3n, que se espera que comience despu\u00e9s del verano en Espa\u00f1a. \u00abLa ayuda va a permitir poder abrir este ensayo cl\u00ednico y que los ni\u00f1os espa\u00f1oles menores de un a\u00f1o con LLA puedan recibir un tratamiento de inmunoterapia, adem\u00e1s de la quimioterapia convencional, que ya se administraba antes. Estamos seguros que va a poder mejorar su supervivencia\u00bb, detall\u00f3.<br \/>\nComo en el caso anterior, este estudio tambi\u00e9n es internacional. \u00abEsta enfermedad es tan poco frecuente que, o agrupas muchos casos, o no podr\u00edas evaluar la adici\u00f3n de un f\u00e1rmaco en el tratamiento\u00bb, expres\u00f3 el profesional. En suma, participan tanto pa\u00edses europeos como americanos \u2013del Norte y del Sur\u2013; as\u00ed como Australia o pa\u00edses asi\u00e1ticos, como Jap\u00f3n. (Europa Press)<\/p>\n\r\n                <style type=\"text\/css\">\r\n                    \r\n                    #tdi_1  .td-doubleSlider-2 .td-item1 {\r\n                        background: url(https:\/\/www.eldiario.net\/portal\/wp-content\/uploads\/2024\/02\/LABORATORIO-1-scaled.jpg) 0 0 no-repeat;\r\n                    }\r\n                    #tdi_1  .td-doubleSlider-2 .td-item2 {\r\n                        background: url(https:\/\/www.eldiario.net\/portal\/wp-content\/uploads\/2024\/02\/MANO.jpg) 0 0 no-repeat;\r\n                    }\r\n                <\/style>\r\n\r\n                <div id=\"tdi_1\" class=\"td-gallery td-slide-on-2-columns\">\r\n                    <div class=\"post_td_gallery\">\r\n                        <div class=\"td-gallery-slide-top\">\r\n                           <div class=\"td-gallery-title\"><\/div>\r\n\r\n                            <div class=\"td-gallery-controls-wrapper\">\r\n                                <div class=\"td-gallery-slide-count\"><span class=\"td-gallery-slide-item-focus\">1<\/span> de 2<\/div>\r\n                                <div class=\"td-gallery-slide-prev-next-but\">\r\n                                    <i class = \"td-icon-left doubleSliderPrevButton\"><\/i>\r\n                                    <i class = \"td-icon-right doubleSliderNextButton\"><\/i>\r\n                                <\/div>\r\n                            <\/div>\r\n                        <\/div>\r\n\r\n                        <div class = \"td-doubleSlider-1 \">\r\n                            <div class = \"td-slider\">\r\n                                \r\n                    <div class = \"td-slide-item td-item1\">\r\n                        <figure class=\"td-slide-galery-figure td-slide-popup-gallery\">\r\n                            <a class=\"slide-gallery-image-link\" href=\"https:\/\/www.eldiario.net\/portal\/wp-content\/uploads\/2024\/02\/LABORATORIO-1-scaled.jpg\" title=\"LABORATORIO\"  data-caption=\"HACE TRES A\u00d1OS SE CRE\u00d3 UN CONSORCIO EUROPEO PARA INVESTIGAR EL OSTEOSARCOMA. Telecinco \"  data-description=\"\">\r\n                                <img decoding=\"async\" src=\"https:\/\/www.eldiario.net\/portal\/wp-content\/uploads\/2024\/02\/LABORATORIO-1-scaled.jpg\" srcset=\"https:\/\/www.eldiario.net\/portal\/wp-content\/uploads\/2024\/02\/LABORATORIO-1-scaled.jpg 2560w, https:\/\/www.eldiario.net\/portal\/wp-content\/uploads\/2024\/02\/LABORATORIO-1-300x169.jpg 300w, https:\/\/www.eldiario.net\/portal\/wp-content\/uploads\/2024\/02\/LABORATORIO-1-1024x576.jpg 1024w, https:\/\/www.eldiario.net\/portal\/wp-content\/uploads\/2024\/02\/LABORATORIO-1-768x432.jpg 768w, https:\/\/www.eldiario.net\/portal\/wp-content\/uploads\/2024\/02\/LABORATORIO-1-1536x864.jpg 1536w, https:\/\/www.eldiario.net\/portal\/wp-content\/uploads\/2024\/02\/LABORATORIO-1-2048x1152.jpg 2048w, https:\/\/www.eldiario.net\/portal\/wp-content\/uploads\/2024\/02\/LABORATORIO-1-696x391.jpg 696w, https:\/\/www.eldiario.net\/portal\/wp-content\/uploads\/2024\/02\/LABORATORIO-1-1068x601.jpg 1068w, https:\/\/www.eldiario.net\/portal\/wp-content\/uploads\/2024\/02\/LABORATORIO-1-1920x1080.jpg 1920w\" sizes=\"(max-width: 747px) 100vw, 747px\" alt=\"\">\r\n                            <\/a>\r\n                            <figcaption class = \"td-slide-caption td-gallery-slide-content\"><div class = \"td-gallery-slide-copywrite\">HACE TRES A\u00d1OS SE CRE\u00d3 UN CONSORCIO EUROPEO PARA INVESTIGAR EL OSTEOSARCOMA. Telecinco <\/div><\/figcaption>\r\n                        <\/figure>\r\n                    <\/div>\r\n                    <div class = \"td-slide-item td-item2\">\r\n                        <figure class=\"td-slide-galery-figure td-slide-popup-gallery\">\r\n                            <a class=\"slide-gallery-image-link\" href=\"https:\/\/www.eldiario.net\/portal\/wp-content\/uploads\/2024\/02\/MANO.jpg\" title=\"MANO\"  data-caption=\" LA OSTEOSARCOMA EN UN 3 % DE LOS C\u00c1NCERES INFANTILES. INFOBAE\"  data-description=\"\">\r\n                                <img decoding=\"async\" src=\"https:\/\/www.eldiario.net\/portal\/wp-content\/uploads\/2024\/02\/MANO.jpg\" srcset=\"https:\/\/www.eldiario.net\/portal\/wp-content\/uploads\/2024\/02\/MANO.jpg 1200w, https:\/\/www.eldiario.net\/portal\/wp-content\/uploads\/2024\/02\/MANO-300x200.jpg 300w, https:\/\/www.eldiario.net\/portal\/wp-content\/uploads\/2024\/02\/MANO-1024x684.jpg 1024w, https:\/\/www.eldiario.net\/portal\/wp-content\/uploads\/2024\/02\/MANO-768x513.jpg 768w, https:\/\/www.eldiario.net\/portal\/wp-content\/uploads\/2024\/02\/MANO-696x465.jpg 696w, https:\/\/www.eldiario.net\/portal\/wp-content\/uploads\/2024\/02\/MANO-1068x713.jpg 1068w\" sizes=\"(max-width: 629px) 100vw, 629px\" alt=\"\">\r\n                            <\/a>\r\n                            <figcaption class = \"td-slide-caption td-gallery-slide-content\"><div class = \"td-gallery-slide-copywrite\"> LA OSTEOSARCOMA EN UN 3 % DE LOS C\u00c1NCERES INFANTILES. INFOBAE<\/div><\/figcaption>\r\n                        <\/figure>\r\n                    <\/div>\r\n                            <\/div>\r\n                        <\/div>\r\n\r\n                        <div class = \"td-doubleSlider-2\">\r\n                            <div class = \"td-slider\">\r\n                                \r\n                    <div class = \"td-button td-item1\">\r\n                        <div class = \"td-border\"><\/div>\r\n                    <\/div>\r\n                    <div class = \"td-button td-item2\">\r\n                        <div class = \"td-border\"><\/div>\r\n                    <\/div>\r\n                            <\/div>\r\n                        <\/div>\r\n\r\n                    <\/div>\r\n\r\n                <\/div>\r\n                \n","protected":false},"excerpt":{"rendered":"<p>Cada a\u00f1o se diagnostican en el mundo 280.000 nuevos casos de c\u00e1ncer infantil a nivel mundial y alrededor de 1.000 en Espa\u00f1a. Si bien las tasas de supervivencia han mejorado, situ\u00e1ndose en el 82 por ciento a 5 a\u00f1os, hay algunos c\u00e1nceres pedi\u00e1tricos cuya investigaci\u00f3n lleva a\u00f1os estancada, afectando negativamente a su supervivencia. Es el [&hellip;]<\/p>\n","protected":false},"author":1,"featured_media":203920,"comment_status":"open","ping_status":"open","sticky":false,"template":"","format":"standard","meta":{"_acf_changed":false,"footnotes":""},"categories":[3],"tags":[],"class_list":["post-203918","post","type-post","status-publish","format-standard","has-post-thumbnail","category-internacional"],"acf":{"antetitulo":"Durante la presente gesti\u00f3n "},"yoast_head":"<!-- This site is optimized with the Yoast SEO plugin v28.4 - https:\/\/yoast.com\/product\/yoast-seo-wordpress\/ -->\n<title>Espa\u00f1a participar\u00e1 en investigaciones sobre dos c\u00e1nceres infantiles raros - El Diario - Bolivia<\/title>\n<meta name=\"robots\" content=\"index, follow, max-snippet:-1, max-image-preview:large, max-video-preview:-1\" \/>\n<link rel=\"canonical\" href=\"https:\/\/www.eldiario.net\/portal\/2024\/02\/19\/espana-participara-en-investigaciones-sobre-dos-canceres-infantiles-raros\/\" \/>\n<meta property=\"og:locale\" content=\"es_ES\" \/>\n<meta property=\"og:type\" content=\"article\" \/>\n<meta property=\"og:title\" content=\"Espa\u00f1a participar\u00e1 en investigaciones sobre dos c\u00e1nceres infantiles raros - El Diario - Bolivia\" \/>\n<meta property=\"og:description\" content=\"Cada a\u00f1o se diagnostican en el mundo 280.000 nuevos casos de c\u00e1ncer infantil a nivel mundial y alrededor de 1.000 en Espa\u00f1a. Si bien las tasas de supervivencia han mejorado, situ\u00e1ndose en el 82 por ciento a 5 a\u00f1os, hay algunos c\u00e1nceres pedi\u00e1tricos cuya investigaci\u00f3n lleva a\u00f1os estancada, afectando negativamente a su supervivencia. Es el [&hellip;]\" \/>\n<meta property=\"og:url\" content=\"https:\/\/www.eldiario.net\/portal\/2024\/02\/19\/espana-participara-en-investigaciones-sobre-dos-canceres-infantiles-raros\/\" \/>\n<meta property=\"og:site_name\" content=\"El Diario - Bolivia\" \/>\n<meta property=\"article:publisher\" content=\"https:\/\/www.facebook.com\/eldiario.bolivia\/\" \/>\n<meta property=\"article:published_time\" content=\"2024-02-19T10:32:11+00:00\" \/>\n<meta property=\"og:image\" content=\"https:\/\/www.eldiario.net\/portal\/wp-content\/uploads\/2024\/02\/MANO.jpg\" \/>\n\t<meta property=\"og:image:width\" content=\"1200\" \/>\n\t<meta property=\"og:image:height\" content=\"801\" \/>\n\t<meta property=\"og:image:type\" content=\"image\/jpeg\" \/>\n<meta name=\"author\" content=\"Jeanette\" \/>\n<meta name=\"twitter:card\" content=\"summary_large_image\" \/>\n<meta name=\"twitter:creator\" content=\"@eldiario_net\" \/>\n<meta name=\"twitter:site\" content=\"@eldiario_net\" \/>\n<meta name=\"twitter:label1\" content=\"Escrito por\" \/>\n\t<meta name=\"twitter:data1\" content=\"Jeanette\" \/>\n\t<meta name=\"twitter:label2\" content=\"Tiempo de lectura\" \/>\n\t<meta name=\"twitter:data2\" content=\"5 minutos\" \/>\n<script type=\"application\/ld+json\" class=\"yoast-schema-graph\">{\"@context\":\"https:\\\/\\\/schema.org\",\"@graph\":[{\"@type\":\"Article\",\"@id\":\"https:\\\/\\\/www.eldiario.net\\\/portal\\\/2024\\\/02\\\/19\\\/espana-participara-en-investigaciones-sobre-dos-canceres-infantiles-raros\\\/#article\",\"isPartOf\":{\"@id\":\"https:\\\/\\\/www.eldiario.net\\\/portal\\\/2024\\\/02\\\/19\\\/espana-participara-en-investigaciones-sobre-dos-canceres-infantiles-raros\\\/\"},\"author\":{\"name\":\"Jeanette\",\"@id\":\"https:\\\/\\\/www.eldiario.net\\\/portal\\\/#\\\/schema\\\/person\\\/f46445640444750d7d753ccd04ae01b7\"},\"headline\":\"Espa\u00f1a participar\u00e1 en investigaciones sobre dos c\u00e1nceres infantiles raros\",\"datePublished\":\"2024-02-19T10:32:11+00:00\",\"mainEntityOfPage\":{\"@id\":\"https:\\\/\\\/www.eldiario.net\\\/portal\\\/2024\\\/02\\\/19\\\/espana-participara-en-investigaciones-sobre-dos-canceres-infantiles-raros\\\/\"},\"wordCount\":1051,\"commentCount\":0,\"publisher\":{\"@id\":\"https:\\\/\\\/www.eldiario.net\\\/portal\\\/#organization\"},\"image\":{\"@id\":\"https:\\\/\\\/www.eldiario.net\\\/portal\\\/2024\\\/02\\\/19\\\/espana-participara-en-investigaciones-sobre-dos-canceres-infantiles-raros\\\/#primaryimage\"},\"thumbnailUrl\":\"https:\\\/\\\/www.eldiario.net\\\/portal\\\/wp-content\\\/uploads\\\/2024\\\/02\\\/MANO.jpg\",\"articleSection\":[\"Internacional\"],\"inLanguage\":\"es\",\"potentialAction\":[{\"@type\":\"CommentAction\",\"name\":\"Comment\",\"target\":[\"https:\\\/\\\/www.eldiario.net\\\/portal\\\/2024\\\/02\\\/19\\\/espana-participara-en-investigaciones-sobre-dos-canceres-infantiles-raros\\\/#respond\"]}]},{\"@type\":\"WebPage\",\"@id\":\"https:\\\/\\\/www.eldiario.net\\\/portal\\\/2024\\\/02\\\/19\\\/espana-participara-en-investigaciones-sobre-dos-canceres-infantiles-raros\\\/\",\"url\":\"https:\\\/\\\/www.eldiario.net\\\/portal\\\/2024\\\/02\\\/19\\\/espana-participara-en-investigaciones-sobre-dos-canceres-infantiles-raros\\\/\",\"name\":\"Espa\u00f1a participar\u00e1 en investigaciones sobre dos c\u00e1nceres infantiles raros - El Diario - Bolivia\",\"isPartOf\":{\"@id\":\"https:\\\/\\\/www.eldiario.net\\\/portal\\\/#website\"},\"primaryImageOfPage\":{\"@id\":\"https:\\\/\\\/www.eldiario.net\\\/portal\\\/2024\\\/02\\\/19\\\/espana-participara-en-investigaciones-sobre-dos-canceres-infantiles-raros\\\/#primaryimage\"},\"image\":{\"@id\":\"https:\\\/\\\/www.eldiario.net\\\/portal\\\/2024\\\/02\\\/19\\\/espana-participara-en-investigaciones-sobre-dos-canceres-infantiles-raros\\\/#primaryimage\"},\"thumbnailUrl\":\"https:\\\/\\\/www.eldiario.net\\\/portal\\\/wp-content\\\/uploads\\\/2024\\\/02\\\/MANO.jpg\",\"datePublished\":\"2024-02-19T10:32:11+00:00\",\"breadcrumb\":{\"@id\":\"https:\\\/\\\/www.eldiario.net\\\/portal\\\/2024\\\/02\\\/19\\\/espana-participara-en-investigaciones-sobre-dos-canceres-infantiles-raros\\\/#breadcrumb\"},\"inLanguage\":\"es\",\"potentialAction\":[{\"@type\":\"ReadAction\",\"target\":[\"https:\\\/\\\/www.eldiario.net\\\/portal\\\/2024\\\/02\\\/19\\\/espana-participara-en-investigaciones-sobre-dos-canceres-infantiles-raros\\\/\"]}]},{\"@type\":\"ImageObject\",\"inLanguage\":\"es\",\"@id\":\"https:\\\/\\\/www.eldiario.net\\\/portal\\\/2024\\\/02\\\/19\\\/espana-participara-en-investigaciones-sobre-dos-canceres-infantiles-raros\\\/#primaryimage\",\"url\":\"https:\\\/\\\/www.eldiario.net\\\/portal\\\/wp-content\\\/uploads\\\/2024\\\/02\\\/MANO.jpg\",\"contentUrl\":\"https:\\\/\\\/www.eldiario.net\\\/portal\\\/wp-content\\\/uploads\\\/2024\\\/02\\\/MANO.jpg\",\"width\":1200,\"height\":801,\"caption\":\"LA OSTEOSARCOMA EN UN 3 % DE LOS C\u00c1NCERES INFANTILES. INFOBAE\"},{\"@type\":\"BreadcrumbList\",\"@id\":\"https:\\\/\\\/www.eldiario.net\\\/portal\\\/2024\\\/02\\\/19\\\/espana-participara-en-investigaciones-sobre-dos-canceres-infantiles-raros\\\/#breadcrumb\",\"itemListElement\":[{\"@type\":\"ListItem\",\"position\":1,\"name\":\"Portada\",\"item\":\"https:\\\/\\\/www.eldiario.net\\\/portal\\\/\"},{\"@type\":\"ListItem\",\"position\":2,\"name\":\"Espa\u00f1a participar\u00e1 en investigaciones sobre dos c\u00e1nceres infantiles raros\"}]},{\"@type\":\"WebSite\",\"@id\":\"https:\\\/\\\/www.eldiario.net\\\/portal\\\/#website\",\"url\":\"https:\\\/\\\/www.eldiario.net\\\/portal\\\/\",\"name\":\"El Diario - Decano de la prensa nacional\",\"description\":\"El Diario - Decano de la prensa nacional\",\"publisher\":{\"@id\":\"https:\\\/\\\/www.eldiario.net\\\/portal\\\/#organization\"},\"potentialAction\":[{\"@type\":\"SearchAction\",\"target\":{\"@type\":\"EntryPoint\",\"urlTemplate\":\"https:\\\/\\\/www.eldiario.net\\\/portal\\\/?s={search_term_string}\"},\"query-input\":{\"@type\":\"PropertyValueSpecification\",\"valueRequired\":true,\"valueName\":\"search_term_string\"}}],\"inLanguage\":\"es\"},{\"@type\":\"Organization\",\"@id\":\"https:\\\/\\\/www.eldiario.net\\\/portal\\\/#organization\",\"name\":\"El Diario - Decano de la prensa nacional\",\"url\":\"https:\\\/\\\/www.eldiario.net\\\/portal\\\/\",\"logo\":{\"@type\":\"ImageObject\",\"inLanguage\":\"es\",\"@id\":\"https:\\\/\\\/www.eldiario.net\\\/portal\\\/#\\\/schema\\\/logo\\\/image\\\/\",\"url\":\"https:\\\/\\\/www.eldiario.net\\\/portal\\\/wp-content\\\/uploads\\\/2023\\\/07\\\/logo_ED.jpg\",\"contentUrl\":\"https:\\\/\\\/www.eldiario.net\\\/portal\\\/wp-content\\\/uploads\\\/2023\\\/07\\\/logo_ED.jpg\",\"width\":272,\"height\":52,\"caption\":\"El Diario - Decano de la prensa nacional\"},\"image\":{\"@id\":\"https:\\\/\\\/www.eldiario.net\\\/portal\\\/#\\\/schema\\\/logo\\\/image\\\/\"},\"sameAs\":[\"https:\\\/\\\/www.facebook.com\\\/eldiario.bolivia\\\/\",\"https:\\\/\\\/x.com\\\/eldiario_net\"]},{\"@type\":\"Person\",\"@id\":\"https:\\\/\\\/www.eldiario.net\\\/portal\\\/#\\\/schema\\\/person\\\/f46445640444750d7d753ccd04ae01b7\",\"name\":\"Jeanette\",\"image\":{\"@type\":\"ImageObject\",\"inLanguage\":\"es\",\"@id\":\"https:\\\/\\\/secure.gravatar.com\\\/avatar\\\/3ea2118a5f7dad2b7138b1187a6b7ee55f160b9968b66013c3a3ef39dd7e5798?s=96&d=mm&r=g\",\"url\":\"https:\\\/\\\/secure.gravatar.com\\\/avatar\\\/3ea2118a5f7dad2b7138b1187a6b7ee55f160b9968b66013c3a3ef39dd7e5798?s=96&d=mm&r=g\",\"contentUrl\":\"https:\\\/\\\/secure.gravatar.com\\\/avatar\\\/3ea2118a5f7dad2b7138b1187a6b7ee55f160b9968b66013c3a3ef39dd7e5798?s=96&d=mm&r=g\",\"caption\":\"Jeanette\"},\"sameAs\":[\"https:\\\/\\\/www.eldiario.net\\\/portal\"],\"url\":\"https:\\\/\\\/www.eldiario.net\\\/portal\\\/author\\\/jeanette\\\/\"}]}<\/script>\n<!-- \/ Yoast SEO plugin. -->","yoast_head_json":{"title":"Espa\u00f1a participar\u00e1 en investigaciones sobre dos c\u00e1nceres infantiles raros - El Diario - Bolivia","robots":{"index":"index","follow":"follow","max-snippet":"max-snippet:-1","max-image-preview":"max-image-preview:large","max-video-preview":"max-video-preview:-1"},"canonical":"https:\/\/www.eldiario.net\/portal\/2024\/02\/19\/espana-participara-en-investigaciones-sobre-dos-canceres-infantiles-raros\/","og_locale":"es_ES","og_type":"article","og_title":"Espa\u00f1a participar\u00e1 en investigaciones sobre dos c\u00e1nceres infantiles raros - El Diario - Bolivia","og_description":"Cada a\u00f1o se diagnostican en el mundo 280.000 nuevos casos de c\u00e1ncer infantil a nivel mundial y alrededor de 1.000 en Espa\u00f1a. Si bien las tasas de supervivencia han mejorado, situ\u00e1ndose en el 82 por ciento a 5 a\u00f1os, hay algunos c\u00e1nceres pedi\u00e1tricos cuya investigaci\u00f3n lleva a\u00f1os estancada, afectando negativamente a su supervivencia. Es el [&hellip;]","og_url":"https:\/\/www.eldiario.net\/portal\/2024\/02\/19\/espana-participara-en-investigaciones-sobre-dos-canceres-infantiles-raros\/","og_site_name":"El Diario - Bolivia","article_publisher":"https:\/\/www.facebook.com\/eldiario.bolivia\/","article_published_time":"2024-02-19T10:32:11+00:00","og_image":[{"width":1200,"height":801,"url":"https:\/\/www.eldiario.net\/portal\/wp-content\/uploads\/2024\/02\/MANO.jpg","type":"image\/jpeg"}],"author":"Jeanette","twitter_card":"summary_large_image","twitter_creator":"@eldiario_net","twitter_site":"@eldiario_net","twitter_misc":{"Escrito por":"Jeanette","Tiempo de lectura":"5 minutos"},"schema":{"@context":"https:\/\/schema.org","@graph":[{"@type":"Article","@id":"https:\/\/www.eldiario.net\/portal\/2024\/02\/19\/espana-participara-en-investigaciones-sobre-dos-canceres-infantiles-raros\/#article","isPartOf":{"@id":"https:\/\/www.eldiario.net\/portal\/2024\/02\/19\/espana-participara-en-investigaciones-sobre-dos-canceres-infantiles-raros\/"},"author":{"name":"Jeanette","@id":"https:\/\/www.eldiario.net\/portal\/#\/schema\/person\/f46445640444750d7d753ccd04ae01b7"},"headline":"Espa\u00f1a participar\u00e1 en investigaciones sobre dos c\u00e1nceres infantiles raros","datePublished":"2024-02-19T10:32:11+00:00","mainEntityOfPage":{"@id":"https:\/\/www.eldiario.net\/portal\/2024\/02\/19\/espana-participara-en-investigaciones-sobre-dos-canceres-infantiles-raros\/"},"wordCount":1051,"commentCount":0,"publisher":{"@id":"https:\/\/www.eldiario.net\/portal\/#organization"},"image":{"@id":"https:\/\/www.eldiario.net\/portal\/2024\/02\/19\/espana-participara-en-investigaciones-sobre-dos-canceres-infantiles-raros\/#primaryimage"},"thumbnailUrl":"https:\/\/www.eldiario.net\/portal\/wp-content\/uploads\/2024\/02\/MANO.jpg","articleSection":["Internacional"],"inLanguage":"es","potentialAction":[{"@type":"CommentAction","name":"Comment","target":["https:\/\/www.eldiario.net\/portal\/2024\/02\/19\/espana-participara-en-investigaciones-sobre-dos-canceres-infantiles-raros\/#respond"]}]},{"@type":"WebPage","@id":"https:\/\/www.eldiario.net\/portal\/2024\/02\/19\/espana-participara-en-investigaciones-sobre-dos-canceres-infantiles-raros\/","url":"https:\/\/www.eldiario.net\/portal\/2024\/02\/19\/espana-participara-en-investigaciones-sobre-dos-canceres-infantiles-raros\/","name":"Espa\u00f1a participar\u00e1 en investigaciones sobre dos c\u00e1nceres infantiles raros - El Diario - Bolivia","isPartOf":{"@id":"https:\/\/www.eldiario.net\/portal\/#website"},"primaryImageOfPage":{"@id":"https:\/\/www.eldiario.net\/portal\/2024\/02\/19\/espana-participara-en-investigaciones-sobre-dos-canceres-infantiles-raros\/#primaryimage"},"image":{"@id":"https:\/\/www.eldiario.net\/portal\/2024\/02\/19\/espana-participara-en-investigaciones-sobre-dos-canceres-infantiles-raros\/#primaryimage"},"thumbnailUrl":"https:\/\/www.eldiario.net\/portal\/wp-content\/uploads\/2024\/02\/MANO.jpg","datePublished":"2024-02-19T10:32:11+00:00","breadcrumb":{"@id":"https:\/\/www.eldiario.net\/portal\/2024\/02\/19\/espana-participara-en-investigaciones-sobre-dos-canceres-infantiles-raros\/#breadcrumb"},"inLanguage":"es","potentialAction":[{"@type":"ReadAction","target":["https:\/\/www.eldiario.net\/portal\/2024\/02\/19\/espana-participara-en-investigaciones-sobre-dos-canceres-infantiles-raros\/"]}]},{"@type":"ImageObject","inLanguage":"es","@id":"https:\/\/www.eldiario.net\/portal\/2024\/02\/19\/espana-participara-en-investigaciones-sobre-dos-canceres-infantiles-raros\/#primaryimage","url":"https:\/\/www.eldiario.net\/portal\/wp-content\/uploads\/2024\/02\/MANO.jpg","contentUrl":"https:\/\/www.eldiario.net\/portal\/wp-content\/uploads\/2024\/02\/MANO.jpg","width":1200,"height":801,"caption":"LA OSTEOSARCOMA EN UN 3 % DE LOS C\u00c1NCERES INFANTILES. INFOBAE"},{"@type":"BreadcrumbList","@id":"https:\/\/www.eldiario.net\/portal\/2024\/02\/19\/espana-participara-en-investigaciones-sobre-dos-canceres-infantiles-raros\/#breadcrumb","itemListElement":[{"@type":"ListItem","position":1,"name":"Portada","item":"https:\/\/www.eldiario.net\/portal\/"},{"@type":"ListItem","position":2,"name":"Espa\u00f1a participar\u00e1 en investigaciones sobre dos c\u00e1nceres infantiles raros"}]},{"@type":"WebSite","@id":"https:\/\/www.eldiario.net\/portal\/#website","url":"https:\/\/www.eldiario.net\/portal\/","name":"El Diario - Decano de la prensa nacional","description":"El Diario - Decano de la prensa nacional","publisher":{"@id":"https:\/\/www.eldiario.net\/portal\/#organization"},"potentialAction":[{"@type":"SearchAction","target":{"@type":"EntryPoint","urlTemplate":"https:\/\/www.eldiario.net\/portal\/?s={search_term_string}"},"query-input":{"@type":"PropertyValueSpecification","valueRequired":true,"valueName":"search_term_string"}}],"inLanguage":"es"},{"@type":"Organization","@id":"https:\/\/www.eldiario.net\/portal\/#organization","name":"El Diario - Decano de la prensa nacional","url":"https:\/\/www.eldiario.net\/portal\/","logo":{"@type":"ImageObject","inLanguage":"es","@id":"https:\/\/www.eldiario.net\/portal\/#\/schema\/logo\/image\/","url":"https:\/\/www.eldiario.net\/portal\/wp-content\/uploads\/2023\/07\/logo_ED.jpg","contentUrl":"https:\/\/www.eldiario.net\/portal\/wp-content\/uploads\/2023\/07\/logo_ED.jpg","width":272,"height":52,"caption":"El Diario - Decano de la prensa nacional"},"image":{"@id":"https:\/\/www.eldiario.net\/portal\/#\/schema\/logo\/image\/"},"sameAs":["https:\/\/www.facebook.com\/eldiario.bolivia\/","https:\/\/x.com\/eldiario_net"]},{"@type":"Person","@id":"https:\/\/www.eldiario.net\/portal\/#\/schema\/person\/f46445640444750d7d753ccd04ae01b7","name":"Jeanette","image":{"@type":"ImageObject","inLanguage":"es","@id":"https:\/\/secure.gravatar.com\/avatar\/3ea2118a5f7dad2b7138b1187a6b7ee55f160b9968b66013c3a3ef39dd7e5798?s=96&d=mm&r=g","url":"https:\/\/secure.gravatar.com\/avatar\/3ea2118a5f7dad2b7138b1187a6b7ee55f160b9968b66013c3a3ef39dd7e5798?s=96&d=mm&r=g","contentUrl":"https:\/\/secure.gravatar.com\/avatar\/3ea2118a5f7dad2b7138b1187a6b7ee55f160b9968b66013c3a3ef39dd7e5798?s=96&d=mm&r=g","caption":"Jeanette"},"sameAs":["https:\/\/www.eldiario.net\/portal"],"url":"https:\/\/www.eldiario.net\/portal\/author\/jeanette\/"}]}},"_links":{"self":[{"href":"https:\/\/www.eldiario.net\/portal\/wp-json\/wp\/v2\/posts\/203918","targetHints":{"allow":["GET"]}}],"collection":[{"href":"https:\/\/www.eldiario.net\/portal\/wp-json\/wp\/v2\/posts"}],"about":[{"href":"https:\/\/www.eldiario.net\/portal\/wp-json\/wp\/v2\/types\/post"}],"author":[{"embeddable":true,"href":"https:\/\/www.eldiario.net\/portal\/wp-json\/wp\/v2\/users\/1"}],"replies":[{"embeddable":true,"href":"https:\/\/www.eldiario.net\/portal\/wp-json\/wp\/v2\/comments?post=203918"}],"version-history":[{"count":1,"href":"https:\/\/www.eldiario.net\/portal\/wp-json\/wp\/v2\/posts\/203918\/revisions"}],"predecessor-version":[{"id":203921,"href":"https:\/\/www.eldiario.net\/portal\/wp-json\/wp\/v2\/posts\/203918\/revisions\/203921"}],"wp:featuredmedia":[{"embeddable":true,"href":"https:\/\/www.eldiario.net\/portal\/wp-json\/wp\/v2\/media\/203920"}],"wp:attachment":[{"href":"https:\/\/www.eldiario.net\/portal\/wp-json\/wp\/v2\/media?parent=203918"}],"wp:term":[{"taxonomy":"category","embeddable":true,"href":"https:\/\/www.eldiario.net\/portal\/wp-json\/wp\/v2\/categories?post=203918"},{"taxonomy":"post_tag","embeddable":true,"href":"https:\/\/www.eldiario.net\/portal\/wp-json\/wp\/v2\/tags?post=203918"}],"curies":[{"name":"wp","href":"https:\/\/api.w.org\/{rel}","templated":true}]}}