{"id":203915,"date":"2024-02-19T06:30:50","date_gmt":"2024-02-19T10:30:50","guid":{"rendered":"https:\/\/www.eldiario.net\/portal\/?p=203915"},"modified":"2024-02-19T06:30:50","modified_gmt":"2024-02-19T10:30:50","slug":"investigadores-del-cnio-desarrollan-una-nueva-terapia-de-inmunoterapia","status":"publish","type":"post","link":"https:\/\/www.eldiario.net\/portal\/2024\/02\/19\/investigadores-del-cnio-desarrollan-una-nueva-terapia-de-inmunoterapia\/","title":{"rendered":"Investigadores del CNIO desarrollan  una nueva terapia de inmunoterapia"},"content":{"rendered":"<p>Investigadores del Centro Nacional de Investigaciones Oncol\u00f3gicas (CNIO) y el Hospital Universitario 12 de Octubre desarrollaron una nueva inmunoterapia para tratar el mieloma m\u00faltiple, basada en las llamadas \u2018c\u00e9lulas pu\u00f1al\u2019 (c\u00e9lulas STAb) que pueden considerarse una evoluci\u00f3n de las c\u00e9lulas CAR-T, incluso las superan.<br \/>\nNo obstante, a\u00fan queda el desarrollo de los cl\u00ednicos, por el momento fue probada solo en modelos experimentales, por lo que a\u00fan debe superar los ensayos en humanos y, por tanto, pasar\u00e1n al menos dos a\u00f1os antes de que llegue a la cl\u00ednica. Aunque su relevancia h que este estudio se publique en \u2018Science Translational Medicine\u2019.<br \/>\nEl autor principal es Luis \u00c1lvarez Vallina, jefe de la Unidad de Investigaci\u00f3n Cl\u00ednica en Inmunoterapia del C\u00e1ncer H12O-CNIO; y el trabajo es una colaboraci\u00f3n de esta unidad con el Instituto de Investigaci\u00f3n contra la Leucemia Josep Carreras; el Hospital Cl\u00ednic de Barcelona; y las Universidades de Salamanca y Complutense de Madrid.<br \/>\nEl mieloma m\u00faltiple es el segundo c\u00e1ncer hematol\u00f3gico m\u00e1s com\u00fan en adultos, solo por detr\u00e1s de los linfomas. \u201cEn los \u00faltimos a\u00f1os estos c\u00e1nceres se est\u00e1n empezando a tratar con inmunoterapia de c\u00e9lulas CAR-T, que supusieron una mejora sustancial respecto a las herramientas terap\u00e9uticas que exist\u00edan antes\u201d.<br \/>\nEl tratamiento con c\u00e9lulas CAR-T-acr\u00f3nimo en ingl\u00e9s de terapia de c\u00e9lulas T con receptores quim\u00e9ricos de ant\u00edgenos (abreviado como CAR-T por el nombre en ingl\u00e9s)- consiste en modificar en el laboratorio las c\u00e9lulas inmunitarias linfocitos T (los gl\u00f3bulos blancos) de la persona enferma para que sean capaces de reconocer y combatir las c\u00e9lulas tumorales.<br \/>\nLas c\u00e9lulas pu\u00f1al o STAb-T pueden considerarse una evoluci\u00f3n de las c\u00e9lulas CAR-T. En ambos casos las c\u00e9lulas modificadas en el laboratorio reconocen un mismo ant\u00edgeno, llamado BCMA, que solo est\u00e1 presente en las c\u00e9lulas tumorales, de forma que se dirigen y atacan solo a las c\u00e9lulas de c\u00e1ncer. Pero las STAb-T tienen algunas ventajas.<br \/>\nLos resultados ahora publicados muestran que las c\u00e9lulas STAb-T superan a las CAR-T en que logran \u2018reclutar\u2019 a otras c\u00e9lulas T del organismo que no fueron modificadas, para que tambi\u00e9n combatan a las c\u00e9lulas cancer\u00edgenas. Se amplifica as\u00ed el efecto de la terapia. Adem\u00e1s, las STAb-T salvan un obst\u00e1culo que en cambio frena a las CAR-T.<br \/>\nEn algunos pacientes con mieloma m\u00faltiple el ant\u00edgeno BCMA -que identifica a las c\u00e9lulas tumorales- se encuentra en forma soluble cuando hay mucha carga tumoral. Sucede que el hecho de que el ant\u00edgeno sea soluble impide la actividad de las c\u00e9lulas CAR-T, pero no afecta a las STAb-T, seg\u00fan muestra la investigaci\u00f3n ahora publicada.<br \/>\n\u201cPor \u00faltimo, tambi\u00e9n demostramos que las c\u00e9lulas STAb-T generan memoria inmunol\u00f3gica\u201d, asegura \u00c1lvarez-Vallina. Tras recrear la enfermedad en los animales modelo y tratarles con c\u00e9lulas STAb-T, el equipo obtuvo c\u00e9lulas de diversos \u00f3rganos, fundamentalmente bazo y m\u00e9dula \u00f3sea, donde observaron la generaci\u00f3n de c\u00e9lulas STAb-T de memoria.<br \/>\nEl grupo de investigaci\u00f3n aspira a hacer un ensayo cl\u00ednico en colaboraci\u00f3n con el Hospital Universitario 12 de Octubre para tratar a personas con mieloma m\u00faltiple con esta nueva inmunoterapia STAb-T. Ya hay una inmunoterapia con c\u00e9lulas pu\u00f1al STAb-T en ensayo en pacientes con Leucemia Linfobl\u00e1stica Aguda de c\u00e9lulas B (LLA-B). (Europa Press)<\/p>\n","protected":false},"excerpt":{"rendered":"<p>Investigadores del Centro Nacional de Investigaciones Oncol\u00f3gicas (CNIO) y el Hospital Universitario 12 de Octubre desarrollaron una nueva inmunoterapia para tratar el mieloma m\u00faltiple, basada en las llamadas \u2018c\u00e9lulas pu\u00f1al\u2019 (c\u00e9lulas STAb) que pueden considerarse una evoluci\u00f3n de las c\u00e9lulas CAR-T, incluso las superan. No obstante, a\u00fan queda el desarrollo de los cl\u00ednicos, por el [&hellip;]<\/p>\n","protected":false},"author":1,"featured_media":203916,"comment_status":"open","ping_status":"open","sticky":false,"template":"","format":"standard","meta":{"_acf_changed":false,"footnotes":""},"categories":[3],"tags":[],"class_list":["post-203915","post","type-post","status-publish","format-standard","has-post-thumbnail","category-internacional"],"acf":{"antetitulo":"Para tratar el mieloma m\u00faltiple"},"yoast_head":"<!-- This site is optimized with the Yoast SEO plugin v28.4 - https:\/\/yoast.com\/product\/yoast-seo-wordpress\/ -->\n<title>Investigadores del CNIO desarrollan una nueva terapia de inmunoterapia - El Diario - Bolivia<\/title>\n<meta name=\"robots\" content=\"index, follow, max-snippet:-1, max-image-preview:large, max-video-preview:-1\" \/>\n<link rel=\"canonical\" href=\"https:\/\/www.eldiario.net\/portal\/2024\/02\/19\/investigadores-del-cnio-desarrollan-una-nueva-terapia-de-inmunoterapia\/\" \/>\n<meta property=\"og:locale\" content=\"es_ES\" \/>\n<meta property=\"og:type\" content=\"article\" \/>\n<meta property=\"og:title\" content=\"Investigadores del CNIO desarrollan una nueva terapia de inmunoterapia - El Diario - Bolivia\" \/>\n<meta property=\"og:description\" content=\"Investigadores del Centro Nacional de Investigaciones Oncol\u00f3gicas (CNIO) y el Hospital Universitario 12 de Octubre desarrollaron una nueva inmunoterapia para tratar el mieloma m\u00faltiple, basada en las llamadas \u2018c\u00e9lulas pu\u00f1al\u2019 (c\u00e9lulas STAb) que pueden considerarse una evoluci\u00f3n de las c\u00e9lulas CAR-T, incluso las superan. No obstante, a\u00fan queda el desarrollo de los cl\u00ednicos, por el [&hellip;]\" \/>\n<meta property=\"og:url\" content=\"https:\/\/www.eldiario.net\/portal\/2024\/02\/19\/investigadores-del-cnio-desarrollan-una-nueva-terapia-de-inmunoterapia\/\" \/>\n<meta property=\"og:site_name\" content=\"El Diario - Bolivia\" \/>\n<meta property=\"article:publisher\" content=\"https:\/\/www.facebook.com\/eldiario.bolivia\/\" \/>\n<meta property=\"article:published_time\" content=\"2024-02-19T10:30:50+00:00\" \/>\n<meta property=\"og:image\" content=\"https:\/\/www.eldiario.net\/portal\/wp-content\/uploads\/2024\/02\/PRUEBA.jpg\" \/>\n\t<meta property=\"og:image:width\" content=\"1920\" \/>\n\t<meta property=\"og:image:height\" content=\"1080\" \/>\n\t<meta property=\"og:image:type\" content=\"image\/jpeg\" \/>\n<meta name=\"author\" content=\"Jeanette\" \/>\n<meta name=\"twitter:card\" content=\"summary_large_image\" \/>\n<meta name=\"twitter:creator\" content=\"@eldiario_net\" \/>\n<meta name=\"twitter:site\" content=\"@eldiario_net\" \/>\n<meta name=\"twitter:label1\" content=\"Escrito por\" \/>\n\t<meta name=\"twitter:data1\" content=\"Jeanette\" \/>\n\t<meta name=\"twitter:label2\" content=\"Tiempo de lectura\" \/>\n\t<meta name=\"twitter:data2\" content=\"3 minutos\" \/>\n<script type=\"application\/ld+json\" class=\"yoast-schema-graph\">{\"@context\":\"https:\\\/\\\/schema.org\",\"@graph\":[{\"@type\":\"Article\",\"@id\":\"https:\\\/\\\/www.eldiario.net\\\/portal\\\/2024\\\/02\\\/19\\\/investigadores-del-cnio-desarrollan-una-nueva-terapia-de-inmunoterapia\\\/#article\",\"isPartOf\":{\"@id\":\"https:\\\/\\\/www.eldiario.net\\\/portal\\\/2024\\\/02\\\/19\\\/investigadores-del-cnio-desarrollan-una-nueva-terapia-de-inmunoterapia\\\/\"},\"author\":{\"name\":\"Jeanette\",\"@id\":\"https:\\\/\\\/www.eldiario.net\\\/portal\\\/#\\\/schema\\\/person\\\/f46445640444750d7d753ccd04ae01b7\"},\"headline\":\"Investigadores del CNIO desarrollan una nueva terapia de inmunoterapia\",\"datePublished\":\"2024-02-19T10:30:50+00:00\",\"mainEntityOfPage\":{\"@id\":\"https:\\\/\\\/www.eldiario.net\\\/portal\\\/2024\\\/02\\\/19\\\/investigadores-del-cnio-desarrollan-una-nueva-terapia-de-inmunoterapia\\\/\"},\"wordCount\":607,\"commentCount\":0,\"publisher\":{\"@id\":\"https:\\\/\\\/www.eldiario.net\\\/portal\\\/#organization\"},\"image\":{\"@id\":\"https:\\\/\\\/www.eldiario.net\\\/portal\\\/2024\\\/02\\\/19\\\/investigadores-del-cnio-desarrollan-una-nueva-terapia-de-inmunoterapia\\\/#primaryimage\"},\"thumbnailUrl\":\"https:\\\/\\\/www.eldiario.net\\\/portal\\\/wp-content\\\/uploads\\\/2024\\\/02\\\/PRUEBA.jpg\",\"articleSection\":[\"Internacional\"],\"inLanguage\":\"es\",\"potentialAction\":[{\"@type\":\"CommentAction\",\"name\":\"Comment\",\"target\":[\"https:\\\/\\\/www.eldiario.net\\\/portal\\\/2024\\\/02\\\/19\\\/investigadores-del-cnio-desarrollan-una-nueva-terapia-de-inmunoterapia\\\/#respond\"]}]},{\"@type\":\"WebPage\",\"@id\":\"https:\\\/\\\/www.eldiario.net\\\/portal\\\/2024\\\/02\\\/19\\\/investigadores-del-cnio-desarrollan-una-nueva-terapia-de-inmunoterapia\\\/\",\"url\":\"https:\\\/\\\/www.eldiario.net\\\/portal\\\/2024\\\/02\\\/19\\\/investigadores-del-cnio-desarrollan-una-nueva-terapia-de-inmunoterapia\\\/\",\"name\":\"Investigadores del CNIO desarrollan una nueva terapia de inmunoterapia - El Diario - Bolivia\",\"isPartOf\":{\"@id\":\"https:\\\/\\\/www.eldiario.net\\\/portal\\\/#website\"},\"primaryImageOfPage\":{\"@id\":\"https:\\\/\\\/www.eldiario.net\\\/portal\\\/2024\\\/02\\\/19\\\/investigadores-del-cnio-desarrollan-una-nueva-terapia-de-inmunoterapia\\\/#primaryimage\"},\"image\":{\"@id\":\"https:\\\/\\\/www.eldiario.net\\\/portal\\\/2024\\\/02\\\/19\\\/investigadores-del-cnio-desarrollan-una-nueva-terapia-de-inmunoterapia\\\/#primaryimage\"},\"thumbnailUrl\":\"https:\\\/\\\/www.eldiario.net\\\/portal\\\/wp-content\\\/uploads\\\/2024\\\/02\\\/PRUEBA.jpg\",\"datePublished\":\"2024-02-19T10:30:50+00:00\",\"breadcrumb\":{\"@id\":\"https:\\\/\\\/www.eldiario.net\\\/portal\\\/2024\\\/02\\\/19\\\/investigadores-del-cnio-desarrollan-una-nueva-terapia-de-inmunoterapia\\\/#breadcrumb\"},\"inLanguage\":\"es\",\"potentialAction\":[{\"@type\":\"ReadAction\",\"target\":[\"https:\\\/\\\/www.eldiario.net\\\/portal\\\/2024\\\/02\\\/19\\\/investigadores-del-cnio-desarrollan-una-nueva-terapia-de-inmunoterapia\\\/\"]}]},{\"@type\":\"ImageObject\",\"inLanguage\":\"es\",\"@id\":\"https:\\\/\\\/www.eldiario.net\\\/portal\\\/2024\\\/02\\\/19\\\/investigadores-del-cnio-desarrollan-una-nueva-terapia-de-inmunoterapia\\\/#primaryimage\",\"url\":\"https:\\\/\\\/www.eldiario.net\\\/portal\\\/wp-content\\\/uploads\\\/2024\\\/02\\\/PRUEBA.jpg\",\"contentUrl\":\"https:\\\/\\\/www.eldiario.net\\\/portal\\\/wp-content\\\/uploads\\\/2024\\\/02\\\/PRUEBA.jpg\",\"width\":1920,\"height\":1080,\"caption\":\"LAS C\u00c9LULAS PU\u00d1AL O STAB-T PUEDEN CONSIDERARSE UNA EVOLUCI\u00d3N DE LAS C\u00c9LULAS CART-T. RTVE.es\"},{\"@type\":\"BreadcrumbList\",\"@id\":\"https:\\\/\\\/www.eldiario.net\\\/portal\\\/2024\\\/02\\\/19\\\/investigadores-del-cnio-desarrollan-una-nueva-terapia-de-inmunoterapia\\\/#breadcrumb\",\"itemListElement\":[{\"@type\":\"ListItem\",\"position\":1,\"name\":\"Portada\",\"item\":\"https:\\\/\\\/www.eldiario.net\\\/portal\\\/\"},{\"@type\":\"ListItem\",\"position\":2,\"name\":\"Investigadores del CNIO desarrollan una nueva terapia de inmunoterapia\"}]},{\"@type\":\"WebSite\",\"@id\":\"https:\\\/\\\/www.eldiario.net\\\/portal\\\/#website\",\"url\":\"https:\\\/\\\/www.eldiario.net\\\/portal\\\/\",\"name\":\"El Diario - Decano de la prensa nacional\",\"description\":\"El Diario - Decano de la prensa nacional\",\"publisher\":{\"@id\":\"https:\\\/\\\/www.eldiario.net\\\/portal\\\/#organization\"},\"potentialAction\":[{\"@type\":\"SearchAction\",\"target\":{\"@type\":\"EntryPoint\",\"urlTemplate\":\"https:\\\/\\\/www.eldiario.net\\\/portal\\\/?s={search_term_string}\"},\"query-input\":{\"@type\":\"PropertyValueSpecification\",\"valueRequired\":true,\"valueName\":\"search_term_string\"}}],\"inLanguage\":\"es\"},{\"@type\":\"Organization\",\"@id\":\"https:\\\/\\\/www.eldiario.net\\\/portal\\\/#organization\",\"name\":\"El Diario - Decano de la prensa nacional\",\"url\":\"https:\\\/\\\/www.eldiario.net\\\/portal\\\/\",\"logo\":{\"@type\":\"ImageObject\",\"inLanguage\":\"es\",\"@id\":\"https:\\\/\\\/www.eldiario.net\\\/portal\\\/#\\\/schema\\\/logo\\\/image\\\/\",\"url\":\"https:\\\/\\\/www.eldiario.net\\\/portal\\\/wp-content\\\/uploads\\\/2023\\\/07\\\/logo_ED.jpg\",\"contentUrl\":\"https:\\\/\\\/www.eldiario.net\\\/portal\\\/wp-content\\\/uploads\\\/2023\\\/07\\\/logo_ED.jpg\",\"width\":272,\"height\":52,\"caption\":\"El Diario - Decano de la prensa nacional\"},\"image\":{\"@id\":\"https:\\\/\\\/www.eldiario.net\\\/portal\\\/#\\\/schema\\\/logo\\\/image\\\/\"},\"sameAs\":[\"https:\\\/\\\/www.facebook.com\\\/eldiario.bolivia\\\/\",\"https:\\\/\\\/x.com\\\/eldiario_net\"]},{\"@type\":\"Person\",\"@id\":\"https:\\\/\\\/www.eldiario.net\\\/portal\\\/#\\\/schema\\\/person\\\/f46445640444750d7d753ccd04ae01b7\",\"name\":\"Jeanette\",\"image\":{\"@type\":\"ImageObject\",\"inLanguage\":\"es\",\"@id\":\"https:\\\/\\\/secure.gravatar.com\\\/avatar\\\/3ea2118a5f7dad2b7138b1187a6b7ee55f160b9968b66013c3a3ef39dd7e5798?s=96&d=mm&r=g\",\"url\":\"https:\\\/\\\/secure.gravatar.com\\\/avatar\\\/3ea2118a5f7dad2b7138b1187a6b7ee55f160b9968b66013c3a3ef39dd7e5798?s=96&d=mm&r=g\",\"contentUrl\":\"https:\\\/\\\/secure.gravatar.com\\\/avatar\\\/3ea2118a5f7dad2b7138b1187a6b7ee55f160b9968b66013c3a3ef39dd7e5798?s=96&d=mm&r=g\",\"caption\":\"Jeanette\"},\"sameAs\":[\"https:\\\/\\\/www.eldiario.net\\\/portal\"],\"url\":\"https:\\\/\\\/www.eldiario.net\\\/portal\\\/author\\\/jeanette\\\/\"}]}<\/script>\n<!-- \/ Yoast SEO plugin. -->","yoast_head_json":{"title":"Investigadores del CNIO desarrollan una nueva terapia de inmunoterapia - El Diario - Bolivia","robots":{"index":"index","follow":"follow","max-snippet":"max-snippet:-1","max-image-preview":"max-image-preview:large","max-video-preview":"max-video-preview:-1"},"canonical":"https:\/\/www.eldiario.net\/portal\/2024\/02\/19\/investigadores-del-cnio-desarrollan-una-nueva-terapia-de-inmunoterapia\/","og_locale":"es_ES","og_type":"article","og_title":"Investigadores del CNIO desarrollan una nueva terapia de inmunoterapia - El Diario - Bolivia","og_description":"Investigadores del Centro Nacional de Investigaciones Oncol\u00f3gicas (CNIO) y el Hospital Universitario 12 de Octubre desarrollaron una nueva inmunoterapia para tratar el mieloma m\u00faltiple, basada en las llamadas \u2018c\u00e9lulas pu\u00f1al\u2019 (c\u00e9lulas STAb) que pueden considerarse una evoluci\u00f3n de las c\u00e9lulas CAR-T, incluso las superan. No obstante, a\u00fan queda el desarrollo de los cl\u00ednicos, por el [&hellip;]","og_url":"https:\/\/www.eldiario.net\/portal\/2024\/02\/19\/investigadores-del-cnio-desarrollan-una-nueva-terapia-de-inmunoterapia\/","og_site_name":"El Diario - Bolivia","article_publisher":"https:\/\/www.facebook.com\/eldiario.bolivia\/","article_published_time":"2024-02-19T10:30:50+00:00","og_image":[{"width":1920,"height":1080,"url":"https:\/\/www.eldiario.net\/portal\/wp-content\/uploads\/2024\/02\/PRUEBA.jpg","type":"image\/jpeg"}],"author":"Jeanette","twitter_card":"summary_large_image","twitter_creator":"@eldiario_net","twitter_site":"@eldiario_net","twitter_misc":{"Escrito por":"Jeanette","Tiempo de lectura":"3 minutos"},"schema":{"@context":"https:\/\/schema.org","@graph":[{"@type":"Article","@id":"https:\/\/www.eldiario.net\/portal\/2024\/02\/19\/investigadores-del-cnio-desarrollan-una-nueva-terapia-de-inmunoterapia\/#article","isPartOf":{"@id":"https:\/\/www.eldiario.net\/portal\/2024\/02\/19\/investigadores-del-cnio-desarrollan-una-nueva-terapia-de-inmunoterapia\/"},"author":{"name":"Jeanette","@id":"https:\/\/www.eldiario.net\/portal\/#\/schema\/person\/f46445640444750d7d753ccd04ae01b7"},"headline":"Investigadores del CNIO desarrollan una nueva terapia de inmunoterapia","datePublished":"2024-02-19T10:30:50+00:00","mainEntityOfPage":{"@id":"https:\/\/www.eldiario.net\/portal\/2024\/02\/19\/investigadores-del-cnio-desarrollan-una-nueva-terapia-de-inmunoterapia\/"},"wordCount":607,"commentCount":0,"publisher":{"@id":"https:\/\/www.eldiario.net\/portal\/#organization"},"image":{"@id":"https:\/\/www.eldiario.net\/portal\/2024\/02\/19\/investigadores-del-cnio-desarrollan-una-nueva-terapia-de-inmunoterapia\/#primaryimage"},"thumbnailUrl":"https:\/\/www.eldiario.net\/portal\/wp-content\/uploads\/2024\/02\/PRUEBA.jpg","articleSection":["Internacional"],"inLanguage":"es","potentialAction":[{"@type":"CommentAction","name":"Comment","target":["https:\/\/www.eldiario.net\/portal\/2024\/02\/19\/investigadores-del-cnio-desarrollan-una-nueva-terapia-de-inmunoterapia\/#respond"]}]},{"@type":"WebPage","@id":"https:\/\/www.eldiario.net\/portal\/2024\/02\/19\/investigadores-del-cnio-desarrollan-una-nueva-terapia-de-inmunoterapia\/","url":"https:\/\/www.eldiario.net\/portal\/2024\/02\/19\/investigadores-del-cnio-desarrollan-una-nueva-terapia-de-inmunoterapia\/","name":"Investigadores del CNIO desarrollan una nueva terapia de inmunoterapia - El Diario - Bolivia","isPartOf":{"@id":"https:\/\/www.eldiario.net\/portal\/#website"},"primaryImageOfPage":{"@id":"https:\/\/www.eldiario.net\/portal\/2024\/02\/19\/investigadores-del-cnio-desarrollan-una-nueva-terapia-de-inmunoterapia\/#primaryimage"},"image":{"@id":"https:\/\/www.eldiario.net\/portal\/2024\/02\/19\/investigadores-del-cnio-desarrollan-una-nueva-terapia-de-inmunoterapia\/#primaryimage"},"thumbnailUrl":"https:\/\/www.eldiario.net\/portal\/wp-content\/uploads\/2024\/02\/PRUEBA.jpg","datePublished":"2024-02-19T10:30:50+00:00","breadcrumb":{"@id":"https:\/\/www.eldiario.net\/portal\/2024\/02\/19\/investigadores-del-cnio-desarrollan-una-nueva-terapia-de-inmunoterapia\/#breadcrumb"},"inLanguage":"es","potentialAction":[{"@type":"ReadAction","target":["https:\/\/www.eldiario.net\/portal\/2024\/02\/19\/investigadores-del-cnio-desarrollan-una-nueva-terapia-de-inmunoterapia\/"]}]},{"@type":"ImageObject","inLanguage":"es","@id":"https:\/\/www.eldiario.net\/portal\/2024\/02\/19\/investigadores-del-cnio-desarrollan-una-nueva-terapia-de-inmunoterapia\/#primaryimage","url":"https:\/\/www.eldiario.net\/portal\/wp-content\/uploads\/2024\/02\/PRUEBA.jpg","contentUrl":"https:\/\/www.eldiario.net\/portal\/wp-content\/uploads\/2024\/02\/PRUEBA.jpg","width":1920,"height":1080,"caption":"LAS C\u00c9LULAS PU\u00d1AL O STAB-T PUEDEN CONSIDERARSE UNA EVOLUCI\u00d3N DE LAS C\u00c9LULAS CART-T. RTVE.es"},{"@type":"BreadcrumbList","@id":"https:\/\/www.eldiario.net\/portal\/2024\/02\/19\/investigadores-del-cnio-desarrollan-una-nueva-terapia-de-inmunoterapia\/#breadcrumb","itemListElement":[{"@type":"ListItem","position":1,"name":"Portada","item":"https:\/\/www.eldiario.net\/portal\/"},{"@type":"ListItem","position":2,"name":"Investigadores del CNIO desarrollan una nueva terapia de inmunoterapia"}]},{"@type":"WebSite","@id":"https:\/\/www.eldiario.net\/portal\/#website","url":"https:\/\/www.eldiario.net\/portal\/","name":"El Diario - Decano de la prensa nacional","description":"El Diario - Decano de la prensa nacional","publisher":{"@id":"https:\/\/www.eldiario.net\/portal\/#organization"},"potentialAction":[{"@type":"SearchAction","target":{"@type":"EntryPoint","urlTemplate":"https:\/\/www.eldiario.net\/portal\/?s={search_term_string}"},"query-input":{"@type":"PropertyValueSpecification","valueRequired":true,"valueName":"search_term_string"}}],"inLanguage":"es"},{"@type":"Organization","@id":"https:\/\/www.eldiario.net\/portal\/#organization","name":"El Diario - Decano de la prensa nacional","url":"https:\/\/www.eldiario.net\/portal\/","logo":{"@type":"ImageObject","inLanguage":"es","@id":"https:\/\/www.eldiario.net\/portal\/#\/schema\/logo\/image\/","url":"https:\/\/www.eldiario.net\/portal\/wp-content\/uploads\/2023\/07\/logo_ED.jpg","contentUrl":"https:\/\/www.eldiario.net\/portal\/wp-content\/uploads\/2023\/07\/logo_ED.jpg","width":272,"height":52,"caption":"El Diario - Decano de la prensa nacional"},"image":{"@id":"https:\/\/www.eldiario.net\/portal\/#\/schema\/logo\/image\/"},"sameAs":["https:\/\/www.facebook.com\/eldiario.bolivia\/","https:\/\/x.com\/eldiario_net"]},{"@type":"Person","@id":"https:\/\/www.eldiario.net\/portal\/#\/schema\/person\/f46445640444750d7d753ccd04ae01b7","name":"Jeanette","image":{"@type":"ImageObject","inLanguage":"es","@id":"https:\/\/secure.gravatar.com\/avatar\/3ea2118a5f7dad2b7138b1187a6b7ee55f160b9968b66013c3a3ef39dd7e5798?s=96&d=mm&r=g","url":"https:\/\/secure.gravatar.com\/avatar\/3ea2118a5f7dad2b7138b1187a6b7ee55f160b9968b66013c3a3ef39dd7e5798?s=96&d=mm&r=g","contentUrl":"https:\/\/secure.gravatar.com\/avatar\/3ea2118a5f7dad2b7138b1187a6b7ee55f160b9968b66013c3a3ef39dd7e5798?s=96&d=mm&r=g","caption":"Jeanette"},"sameAs":["https:\/\/www.eldiario.net\/portal"],"url":"https:\/\/www.eldiario.net\/portal\/author\/jeanette\/"}]}},"_links":{"self":[{"href":"https:\/\/www.eldiario.net\/portal\/wp-json\/wp\/v2\/posts\/203915","targetHints":{"allow":["GET"]}}],"collection":[{"href":"https:\/\/www.eldiario.net\/portal\/wp-json\/wp\/v2\/posts"}],"about":[{"href":"https:\/\/www.eldiario.net\/portal\/wp-json\/wp\/v2\/types\/post"}],"author":[{"embeddable":true,"href":"https:\/\/www.eldiario.net\/portal\/wp-json\/wp\/v2\/users\/1"}],"replies":[{"embeddable":true,"href":"https:\/\/www.eldiario.net\/portal\/wp-json\/wp\/v2\/comments?post=203915"}],"version-history":[{"count":1,"href":"https:\/\/www.eldiario.net\/portal\/wp-json\/wp\/v2\/posts\/203915\/revisions"}],"predecessor-version":[{"id":203917,"href":"https:\/\/www.eldiario.net\/portal\/wp-json\/wp\/v2\/posts\/203915\/revisions\/203917"}],"wp:featuredmedia":[{"embeddable":true,"href":"https:\/\/www.eldiario.net\/portal\/wp-json\/wp\/v2\/media\/203916"}],"wp:attachment":[{"href":"https:\/\/www.eldiario.net\/portal\/wp-json\/wp\/v2\/media?parent=203915"}],"wp:term":[{"taxonomy":"category","embeddable":true,"href":"https:\/\/www.eldiario.net\/portal\/wp-json\/wp\/v2\/categories?post=203915"},{"taxonomy":"post_tag","embeddable":true,"href":"https:\/\/www.eldiario.net\/portal\/wp-json\/wp\/v2\/tags?post=203915"}],"curies":[{"name":"wp","href":"https:\/\/api.w.org\/{rel}","templated":true}]}}