{"id":203913,"date":"2024-02-19T06:29:54","date_gmt":"2024-02-19T10:29:54","guid":{"rendered":"https:\/\/www.eldiario.net\/portal\/?p=203913"},"modified":"2024-02-19T06:29:54","modified_gmt":"2024-02-19T10:29:54","slug":"prueba-de-saliva-no-es-valido-como-test-de-diagnostico-de-cancer-de-mama","status":"publish","type":"post","link":"https:\/\/www.eldiario.net\/portal\/2024\/02\/19\/prueba-de-saliva-no-es-valido-como-test-de-diagnostico-de-cancer-de-mama\/","title":{"rendered":"Prueba de saliva no es v\u00e1lido como test  de diagn\u00f3stico de c\u00e1ncer de mama"},"content":{"rendered":"<p>La nueva prueba de saliva \u201cno es ning\u00fan test de diagn\u00f3stico precoz\u201d de c\u00e1ncer de mama, ya que no permite identificar la enfermedad en estadios subcl\u00ednicos (antes de que aparezcan s\u00edntomas y la carga tumoral sea alta), por lo que \u201cno es algo comparable a un sistema de detecci\u00f3n precoz como la mamograf\u00eda\u201d.<br \/>\nLas aseveraciones corresponden al miembro de la Sociedad Espa\u00f1ola de Radiolog\u00eda M\u00e9dica (SERAM), la doctora Myriam Montes, m\u00e9dico radi\u00f3logo especialista en Diagn\u00f3stico por Imagen de Mama y Densitometr\u00eda.<br \/>\nA ra\u00edz del nuevo test salival capaz de detectar biomarcadores de c\u00e1ncer de mama, probado en 21 mujeres, 4 de ellas sanas, por la Universidad de Florida (Estados Unidos) y la Universidad Nacional Yang Ming Chiao Tung (Taiw\u00e1n), la experta advierte que dichos biomarcadores sirven, \u00fanicamente, para monitorizar la enfermedad cuando una mujer ya tiene c\u00e1ncer, la carga tumoral es muy alta y de esta forma prevenir su salud.<br \/>\nAsimismo, la doctora Myriam Montes subraya que la mamograf\u00eda hoy en d\u00eda es la \u00fanica herramienta que consigue el objetivo de detectar el c\u00e1ncer de mama en el estadio subcl\u00ednico.<br \/>\n\u201cEste art\u00edculo es un experimento en 17 pacientes. Los ensayos cl\u00ednicos que se llevaron a cabo para demostrar que la mamograf\u00eda era un m\u00e9todo de detecci\u00f3n precoz eficaz, y que gracias a eso tenemos los cribados a trav\u00e9s de nuestro sistema de salud, son ensayos cl\u00ednicos que se hicieron en miles y miles de mujeres sanas y enfermas\u201d, a\u00f1ade la experta.<br \/>\nEn este sentido, asegura que la detecci\u00f3n de los biomarcadores, tanto en sangre como en saliva, \u201ces algo que se viene investigando bastante\u201d con \u201cpublicaciones desde hace varios a\u00f1os\u201d pero que, adem\u00e1s, \u201cson a veces inespec\u00edficos\u201d y que la mayor sensibilidad y especificidad se obtiene con la mamograf\u00eda.<br \/>\nConcluye que este nuevo test podr\u00eda resultar \u201cmuy \u00fatil para monitorizar la enfermedad, para ver c\u00f3mo est\u00e1n funcionando los tratamientos\u201d, y que \u201cde aqu\u00ed a 20 a\u00f1os\u201d, a\u00f1ade, \u201ca saber el potencial que pueda tener\u201d. (Europa Press)<\/p>\n","protected":false},"excerpt":{"rendered":"<p>La nueva prueba de saliva \u201cno es ning\u00fan test de diagn\u00f3stico precoz\u201d de c\u00e1ncer de mama, ya que no permite identificar la enfermedad en estadios subcl\u00ednicos (antes de que aparezcan s\u00edntomas y la carga tumoral sea alta), por lo que \u201cno es algo comparable a un sistema de detecci\u00f3n precoz como la mamograf\u00eda\u201d. Las aseveraciones [&hellip;]<\/p>\n","protected":false},"author":1,"featured_media":194703,"comment_status":"open","ping_status":"open","sticky":false,"template":"","format":"standard","meta":{"_acf_changed":false,"footnotes":""},"categories":[3],"tags":[],"class_list":["post-203913","post","type-post","status-publish","format-standard","has-post-thumbnail","category-internacional"],"acf":{"antetitulo":"Seg\u00fan precisan expertos radi\u00f3logos"},"yoast_head":"<!-- This site is optimized with the Yoast SEO plugin v28.4 - https:\/\/yoast.com\/product\/yoast-seo-wordpress\/ -->\n<title>Prueba de saliva no es v\u00e1lido como test de diagn\u00f3stico de c\u00e1ncer de mama - El Diario - Bolivia<\/title>\n<meta name=\"robots\" content=\"index, follow, max-snippet:-1, max-image-preview:large, max-video-preview:-1\" \/>\n<link rel=\"canonical\" href=\"https:\/\/www.eldiario.net\/portal\/2024\/02\/19\/prueba-de-saliva-no-es-valido-como-test-de-diagnostico-de-cancer-de-mama\/\" \/>\n<meta property=\"og:locale\" content=\"es_ES\" \/>\n<meta property=\"og:type\" content=\"article\" \/>\n<meta property=\"og:title\" content=\"Prueba de saliva no es v\u00e1lido como test de diagn\u00f3stico de c\u00e1ncer de mama - El Diario - Bolivia\" \/>\n<meta property=\"og:description\" content=\"La nueva prueba de saliva \u201cno es ning\u00fan test de diagn\u00f3stico precoz\u201d de c\u00e1ncer de mama, ya que no permite identificar la enfermedad en estadios subcl\u00ednicos (antes de que aparezcan s\u00edntomas y la carga tumoral sea alta), por lo que \u201cno es algo comparable a un sistema de detecci\u00f3n precoz como la mamograf\u00eda\u201d. Las aseveraciones [&hellip;]\" \/>\n<meta property=\"og:url\" content=\"https:\/\/www.eldiario.net\/portal\/2024\/02\/19\/prueba-de-saliva-no-es-valido-como-test-de-diagnostico-de-cancer-de-mama\/\" \/>\n<meta property=\"og:site_name\" content=\"El Diario - Bolivia\" \/>\n<meta property=\"article:publisher\" content=\"https:\/\/www.facebook.com\/eldiario.bolivia\/\" \/>\n<meta property=\"article:published_time\" content=\"2024-02-19T10:29:54+00:00\" \/>\n<meta property=\"og:image\" content=\"https:\/\/www.eldiario.net\/portal\/wp-content\/uploads\/2023\/12\/Internacional.jpg\" \/>\n\t<meta property=\"og:image:width\" content=\"800\" \/>\n\t<meta property=\"og:image:height\" content=\"500\" \/>\n\t<meta property=\"og:image:type\" content=\"image\/jpeg\" \/>\n<meta name=\"author\" content=\"Jeanette\" \/>\n<meta name=\"twitter:card\" content=\"summary_large_image\" \/>\n<meta name=\"twitter:creator\" content=\"@eldiario_net\" \/>\n<meta name=\"twitter:site\" content=\"@eldiario_net\" \/>\n<meta name=\"twitter:label1\" content=\"Escrito por\" \/>\n\t<meta name=\"twitter:data1\" content=\"Jeanette\" \/>\n\t<meta name=\"twitter:label2\" content=\"Tiempo de lectura\" \/>\n\t<meta name=\"twitter:data2\" content=\"2 minutos\" \/>\n<script type=\"application\/ld+json\" class=\"yoast-schema-graph\">{\"@context\":\"https:\\\/\\\/schema.org\",\"@graph\":[{\"@type\":\"Article\",\"@id\":\"https:\\\/\\\/www.eldiario.net\\\/portal\\\/2024\\\/02\\\/19\\\/prueba-de-saliva-no-es-valido-como-test-de-diagnostico-de-cancer-de-mama\\\/#article\",\"isPartOf\":{\"@id\":\"https:\\\/\\\/www.eldiario.net\\\/portal\\\/2024\\\/02\\\/19\\\/prueba-de-saliva-no-es-valido-como-test-de-diagnostico-de-cancer-de-mama\\\/\"},\"author\":{\"name\":\"Jeanette\",\"@id\":\"https:\\\/\\\/www.eldiario.net\\\/portal\\\/#\\\/schema\\\/person\\\/f46445640444750d7d753ccd04ae01b7\"},\"headline\":\"Prueba de saliva no es v\u00e1lido como test de diagn\u00f3stico de c\u00e1ncer de mama\",\"datePublished\":\"2024-02-19T10:29:54+00:00\",\"mainEntityOfPage\":{\"@id\":\"https:\\\/\\\/www.eldiario.net\\\/portal\\\/2024\\\/02\\\/19\\\/prueba-de-saliva-no-es-valido-como-test-de-diagnostico-de-cancer-de-mama\\\/\"},\"wordCount\":379,\"commentCount\":0,\"publisher\":{\"@id\":\"https:\\\/\\\/www.eldiario.net\\\/portal\\\/#organization\"},\"image\":{\"@id\":\"https:\\\/\\\/www.eldiario.net\\\/portal\\\/2024\\\/02\\\/19\\\/prueba-de-saliva-no-es-valido-como-test-de-diagnostico-de-cancer-de-mama\\\/#primaryimage\"},\"thumbnailUrl\":\"https:\\\/\\\/www.eldiario.net\\\/portal\\\/wp-content\\\/uploads\\\/2023\\\/12\\\/Internacional.jpg\",\"articleSection\":[\"Internacional\"],\"inLanguage\":\"es\",\"potentialAction\":[{\"@type\":\"CommentAction\",\"name\":\"Comment\",\"target\":[\"https:\\\/\\\/www.eldiario.net\\\/portal\\\/2024\\\/02\\\/19\\\/prueba-de-saliva-no-es-valido-como-test-de-diagnostico-de-cancer-de-mama\\\/#respond\"]}]},{\"@type\":\"WebPage\",\"@id\":\"https:\\\/\\\/www.eldiario.net\\\/portal\\\/2024\\\/02\\\/19\\\/prueba-de-saliva-no-es-valido-como-test-de-diagnostico-de-cancer-de-mama\\\/\",\"url\":\"https:\\\/\\\/www.eldiario.net\\\/portal\\\/2024\\\/02\\\/19\\\/prueba-de-saliva-no-es-valido-como-test-de-diagnostico-de-cancer-de-mama\\\/\",\"name\":\"Prueba de saliva no es v\u00e1lido como test de diagn\u00f3stico de c\u00e1ncer de mama - El Diario - Bolivia\",\"isPartOf\":{\"@id\":\"https:\\\/\\\/www.eldiario.net\\\/portal\\\/#website\"},\"primaryImageOfPage\":{\"@id\":\"https:\\\/\\\/www.eldiario.net\\\/portal\\\/2024\\\/02\\\/19\\\/prueba-de-saliva-no-es-valido-como-test-de-diagnostico-de-cancer-de-mama\\\/#primaryimage\"},\"image\":{\"@id\":\"https:\\\/\\\/www.eldiario.net\\\/portal\\\/2024\\\/02\\\/19\\\/prueba-de-saliva-no-es-valido-como-test-de-diagnostico-de-cancer-de-mama\\\/#primaryimage\"},\"thumbnailUrl\":\"https:\\\/\\\/www.eldiario.net\\\/portal\\\/wp-content\\\/uploads\\\/2023\\\/12\\\/Internacional.jpg\",\"datePublished\":\"2024-02-19T10:29:54+00:00\",\"breadcrumb\":{\"@id\":\"https:\\\/\\\/www.eldiario.net\\\/portal\\\/2024\\\/02\\\/19\\\/prueba-de-saliva-no-es-valido-como-test-de-diagnostico-de-cancer-de-mama\\\/#breadcrumb\"},\"inLanguage\":\"es\",\"potentialAction\":[{\"@type\":\"ReadAction\",\"target\":[\"https:\\\/\\\/www.eldiario.net\\\/portal\\\/2024\\\/02\\\/19\\\/prueba-de-saliva-no-es-valido-como-test-de-diagnostico-de-cancer-de-mama\\\/\"]}]},{\"@type\":\"ImageObject\",\"inLanguage\":\"es\",\"@id\":\"https:\\\/\\\/www.eldiario.net\\\/portal\\\/2024\\\/02\\\/19\\\/prueba-de-saliva-no-es-valido-como-test-de-diagnostico-de-cancer-de-mama\\\/#primaryimage\",\"url\":\"https:\\\/\\\/www.eldiario.net\\\/portal\\\/wp-content\\\/uploads\\\/2023\\\/12\\\/Internacional.jpg\",\"contentUrl\":\"https:\\\/\\\/www.eldiario.net\\\/portal\\\/wp-content\\\/uploads\\\/2023\\\/12\\\/Internacional.jpg\",\"width\":800,\"height\":500},{\"@type\":\"BreadcrumbList\",\"@id\":\"https:\\\/\\\/www.eldiario.net\\\/portal\\\/2024\\\/02\\\/19\\\/prueba-de-saliva-no-es-valido-como-test-de-diagnostico-de-cancer-de-mama\\\/#breadcrumb\",\"itemListElement\":[{\"@type\":\"ListItem\",\"position\":1,\"name\":\"Portada\",\"item\":\"https:\\\/\\\/www.eldiario.net\\\/portal\\\/\"},{\"@type\":\"ListItem\",\"position\":2,\"name\":\"Prueba de saliva no es v\u00e1lido como test de diagn\u00f3stico de c\u00e1ncer de mama\"}]},{\"@type\":\"WebSite\",\"@id\":\"https:\\\/\\\/www.eldiario.net\\\/portal\\\/#website\",\"url\":\"https:\\\/\\\/www.eldiario.net\\\/portal\\\/\",\"name\":\"El Diario - Decano de la prensa nacional\",\"description\":\"El Diario - Decano de la prensa nacional\",\"publisher\":{\"@id\":\"https:\\\/\\\/www.eldiario.net\\\/portal\\\/#organization\"},\"potentialAction\":[{\"@type\":\"SearchAction\",\"target\":{\"@type\":\"EntryPoint\",\"urlTemplate\":\"https:\\\/\\\/www.eldiario.net\\\/portal\\\/?s={search_term_string}\"},\"query-input\":{\"@type\":\"PropertyValueSpecification\",\"valueRequired\":true,\"valueName\":\"search_term_string\"}}],\"inLanguage\":\"es\"},{\"@type\":\"Organization\",\"@id\":\"https:\\\/\\\/www.eldiario.net\\\/portal\\\/#organization\",\"name\":\"El Diario - Decano de la prensa nacional\",\"url\":\"https:\\\/\\\/www.eldiario.net\\\/portal\\\/\",\"logo\":{\"@type\":\"ImageObject\",\"inLanguage\":\"es\",\"@id\":\"https:\\\/\\\/www.eldiario.net\\\/portal\\\/#\\\/schema\\\/logo\\\/image\\\/\",\"url\":\"https:\\\/\\\/www.eldiario.net\\\/portal\\\/wp-content\\\/uploads\\\/2023\\\/07\\\/logo_ED.jpg\",\"contentUrl\":\"https:\\\/\\\/www.eldiario.net\\\/portal\\\/wp-content\\\/uploads\\\/2023\\\/07\\\/logo_ED.jpg\",\"width\":272,\"height\":52,\"caption\":\"El Diario - Decano de la prensa nacional\"},\"image\":{\"@id\":\"https:\\\/\\\/www.eldiario.net\\\/portal\\\/#\\\/schema\\\/logo\\\/image\\\/\"},\"sameAs\":[\"https:\\\/\\\/www.facebook.com\\\/eldiario.bolivia\\\/\",\"https:\\\/\\\/x.com\\\/eldiario_net\"]},{\"@type\":\"Person\",\"@id\":\"https:\\\/\\\/www.eldiario.net\\\/portal\\\/#\\\/schema\\\/person\\\/f46445640444750d7d753ccd04ae01b7\",\"name\":\"Jeanette\",\"image\":{\"@type\":\"ImageObject\",\"inLanguage\":\"es\",\"@id\":\"https:\\\/\\\/secure.gravatar.com\\\/avatar\\\/3ea2118a5f7dad2b7138b1187a6b7ee55f160b9968b66013c3a3ef39dd7e5798?s=96&d=mm&r=g\",\"url\":\"https:\\\/\\\/secure.gravatar.com\\\/avatar\\\/3ea2118a5f7dad2b7138b1187a6b7ee55f160b9968b66013c3a3ef39dd7e5798?s=96&d=mm&r=g\",\"contentUrl\":\"https:\\\/\\\/secure.gravatar.com\\\/avatar\\\/3ea2118a5f7dad2b7138b1187a6b7ee55f160b9968b66013c3a3ef39dd7e5798?s=96&d=mm&r=g\",\"caption\":\"Jeanette\"},\"sameAs\":[\"https:\\\/\\\/www.eldiario.net\\\/portal\"],\"url\":\"https:\\\/\\\/www.eldiario.net\\\/portal\\\/author\\\/jeanette\\\/\"}]}<\/script>\n<!-- \/ Yoast SEO plugin. -->","yoast_head_json":{"title":"Prueba de saliva no es v\u00e1lido como test de diagn\u00f3stico de c\u00e1ncer de mama - El Diario - Bolivia","robots":{"index":"index","follow":"follow","max-snippet":"max-snippet:-1","max-image-preview":"max-image-preview:large","max-video-preview":"max-video-preview:-1"},"canonical":"https:\/\/www.eldiario.net\/portal\/2024\/02\/19\/prueba-de-saliva-no-es-valido-como-test-de-diagnostico-de-cancer-de-mama\/","og_locale":"es_ES","og_type":"article","og_title":"Prueba de saliva no es v\u00e1lido como test de diagn\u00f3stico de c\u00e1ncer de mama - El Diario - Bolivia","og_description":"La nueva prueba de saliva \u201cno es ning\u00fan test de diagn\u00f3stico precoz\u201d de c\u00e1ncer de mama, ya que no permite identificar la enfermedad en estadios subcl\u00ednicos (antes de que aparezcan s\u00edntomas y la carga tumoral sea alta), por lo que \u201cno es algo comparable a un sistema de detecci\u00f3n precoz como la mamograf\u00eda\u201d. Las aseveraciones [&hellip;]","og_url":"https:\/\/www.eldiario.net\/portal\/2024\/02\/19\/prueba-de-saliva-no-es-valido-como-test-de-diagnostico-de-cancer-de-mama\/","og_site_name":"El Diario - Bolivia","article_publisher":"https:\/\/www.facebook.com\/eldiario.bolivia\/","article_published_time":"2024-02-19T10:29:54+00:00","og_image":[{"width":800,"height":500,"url":"https:\/\/www.eldiario.net\/portal\/wp-content\/uploads\/2023\/12\/Internacional.jpg","type":"image\/jpeg"}],"author":"Jeanette","twitter_card":"summary_large_image","twitter_creator":"@eldiario_net","twitter_site":"@eldiario_net","twitter_misc":{"Escrito por":"Jeanette","Tiempo de lectura":"2 minutos"},"schema":{"@context":"https:\/\/schema.org","@graph":[{"@type":"Article","@id":"https:\/\/www.eldiario.net\/portal\/2024\/02\/19\/prueba-de-saliva-no-es-valido-como-test-de-diagnostico-de-cancer-de-mama\/#article","isPartOf":{"@id":"https:\/\/www.eldiario.net\/portal\/2024\/02\/19\/prueba-de-saliva-no-es-valido-como-test-de-diagnostico-de-cancer-de-mama\/"},"author":{"name":"Jeanette","@id":"https:\/\/www.eldiario.net\/portal\/#\/schema\/person\/f46445640444750d7d753ccd04ae01b7"},"headline":"Prueba de saliva no es v\u00e1lido como test de diagn\u00f3stico de c\u00e1ncer de mama","datePublished":"2024-02-19T10:29:54+00:00","mainEntityOfPage":{"@id":"https:\/\/www.eldiario.net\/portal\/2024\/02\/19\/prueba-de-saliva-no-es-valido-como-test-de-diagnostico-de-cancer-de-mama\/"},"wordCount":379,"commentCount":0,"publisher":{"@id":"https:\/\/www.eldiario.net\/portal\/#organization"},"image":{"@id":"https:\/\/www.eldiario.net\/portal\/2024\/02\/19\/prueba-de-saliva-no-es-valido-como-test-de-diagnostico-de-cancer-de-mama\/#primaryimage"},"thumbnailUrl":"https:\/\/www.eldiario.net\/portal\/wp-content\/uploads\/2023\/12\/Internacional.jpg","articleSection":["Internacional"],"inLanguage":"es","potentialAction":[{"@type":"CommentAction","name":"Comment","target":["https:\/\/www.eldiario.net\/portal\/2024\/02\/19\/prueba-de-saliva-no-es-valido-como-test-de-diagnostico-de-cancer-de-mama\/#respond"]}]},{"@type":"WebPage","@id":"https:\/\/www.eldiario.net\/portal\/2024\/02\/19\/prueba-de-saliva-no-es-valido-como-test-de-diagnostico-de-cancer-de-mama\/","url":"https:\/\/www.eldiario.net\/portal\/2024\/02\/19\/prueba-de-saliva-no-es-valido-como-test-de-diagnostico-de-cancer-de-mama\/","name":"Prueba de saliva no es v\u00e1lido como test de diagn\u00f3stico de c\u00e1ncer de mama - El Diario - Bolivia","isPartOf":{"@id":"https:\/\/www.eldiario.net\/portal\/#website"},"primaryImageOfPage":{"@id":"https:\/\/www.eldiario.net\/portal\/2024\/02\/19\/prueba-de-saliva-no-es-valido-como-test-de-diagnostico-de-cancer-de-mama\/#primaryimage"},"image":{"@id":"https:\/\/www.eldiario.net\/portal\/2024\/02\/19\/prueba-de-saliva-no-es-valido-como-test-de-diagnostico-de-cancer-de-mama\/#primaryimage"},"thumbnailUrl":"https:\/\/www.eldiario.net\/portal\/wp-content\/uploads\/2023\/12\/Internacional.jpg","datePublished":"2024-02-19T10:29:54+00:00","breadcrumb":{"@id":"https:\/\/www.eldiario.net\/portal\/2024\/02\/19\/prueba-de-saliva-no-es-valido-como-test-de-diagnostico-de-cancer-de-mama\/#breadcrumb"},"inLanguage":"es","potentialAction":[{"@type":"ReadAction","target":["https:\/\/www.eldiario.net\/portal\/2024\/02\/19\/prueba-de-saliva-no-es-valido-como-test-de-diagnostico-de-cancer-de-mama\/"]}]},{"@type":"ImageObject","inLanguage":"es","@id":"https:\/\/www.eldiario.net\/portal\/2024\/02\/19\/prueba-de-saliva-no-es-valido-como-test-de-diagnostico-de-cancer-de-mama\/#primaryimage","url":"https:\/\/www.eldiario.net\/portal\/wp-content\/uploads\/2023\/12\/Internacional.jpg","contentUrl":"https:\/\/www.eldiario.net\/portal\/wp-content\/uploads\/2023\/12\/Internacional.jpg","width":800,"height":500},{"@type":"BreadcrumbList","@id":"https:\/\/www.eldiario.net\/portal\/2024\/02\/19\/prueba-de-saliva-no-es-valido-como-test-de-diagnostico-de-cancer-de-mama\/#breadcrumb","itemListElement":[{"@type":"ListItem","position":1,"name":"Portada","item":"https:\/\/www.eldiario.net\/portal\/"},{"@type":"ListItem","position":2,"name":"Prueba de saliva no es v\u00e1lido como test de diagn\u00f3stico de c\u00e1ncer de mama"}]},{"@type":"WebSite","@id":"https:\/\/www.eldiario.net\/portal\/#website","url":"https:\/\/www.eldiario.net\/portal\/","name":"El Diario - Decano de la prensa nacional","description":"El Diario - Decano de la prensa nacional","publisher":{"@id":"https:\/\/www.eldiario.net\/portal\/#organization"},"potentialAction":[{"@type":"SearchAction","target":{"@type":"EntryPoint","urlTemplate":"https:\/\/www.eldiario.net\/portal\/?s={search_term_string}"},"query-input":{"@type":"PropertyValueSpecification","valueRequired":true,"valueName":"search_term_string"}}],"inLanguage":"es"},{"@type":"Organization","@id":"https:\/\/www.eldiario.net\/portal\/#organization","name":"El Diario - Decano de la prensa nacional","url":"https:\/\/www.eldiario.net\/portal\/","logo":{"@type":"ImageObject","inLanguage":"es","@id":"https:\/\/www.eldiario.net\/portal\/#\/schema\/logo\/image\/","url":"https:\/\/www.eldiario.net\/portal\/wp-content\/uploads\/2023\/07\/logo_ED.jpg","contentUrl":"https:\/\/www.eldiario.net\/portal\/wp-content\/uploads\/2023\/07\/logo_ED.jpg","width":272,"height":52,"caption":"El Diario - Decano de la prensa nacional"},"image":{"@id":"https:\/\/www.eldiario.net\/portal\/#\/schema\/logo\/image\/"},"sameAs":["https:\/\/www.facebook.com\/eldiario.bolivia\/","https:\/\/x.com\/eldiario_net"]},{"@type":"Person","@id":"https:\/\/www.eldiario.net\/portal\/#\/schema\/person\/f46445640444750d7d753ccd04ae01b7","name":"Jeanette","image":{"@type":"ImageObject","inLanguage":"es","@id":"https:\/\/secure.gravatar.com\/avatar\/3ea2118a5f7dad2b7138b1187a6b7ee55f160b9968b66013c3a3ef39dd7e5798?s=96&d=mm&r=g","url":"https:\/\/secure.gravatar.com\/avatar\/3ea2118a5f7dad2b7138b1187a6b7ee55f160b9968b66013c3a3ef39dd7e5798?s=96&d=mm&r=g","contentUrl":"https:\/\/secure.gravatar.com\/avatar\/3ea2118a5f7dad2b7138b1187a6b7ee55f160b9968b66013c3a3ef39dd7e5798?s=96&d=mm&r=g","caption":"Jeanette"},"sameAs":["https:\/\/www.eldiario.net\/portal"],"url":"https:\/\/www.eldiario.net\/portal\/author\/jeanette\/"}]}},"_links":{"self":[{"href":"https:\/\/www.eldiario.net\/portal\/wp-json\/wp\/v2\/posts\/203913","targetHints":{"allow":["GET"]}}],"collection":[{"href":"https:\/\/www.eldiario.net\/portal\/wp-json\/wp\/v2\/posts"}],"about":[{"href":"https:\/\/www.eldiario.net\/portal\/wp-json\/wp\/v2\/types\/post"}],"author":[{"embeddable":true,"href":"https:\/\/www.eldiario.net\/portal\/wp-json\/wp\/v2\/users\/1"}],"replies":[{"embeddable":true,"href":"https:\/\/www.eldiario.net\/portal\/wp-json\/wp\/v2\/comments?post=203913"}],"version-history":[{"count":1,"href":"https:\/\/www.eldiario.net\/portal\/wp-json\/wp\/v2\/posts\/203913\/revisions"}],"predecessor-version":[{"id":203914,"href":"https:\/\/www.eldiario.net\/portal\/wp-json\/wp\/v2\/posts\/203913\/revisions\/203914"}],"wp:featuredmedia":[{"embeddable":true,"href":"https:\/\/www.eldiario.net\/portal\/wp-json\/wp\/v2\/media\/194703"}],"wp:attachment":[{"href":"https:\/\/www.eldiario.net\/portal\/wp-json\/wp\/v2\/media?parent=203913"}],"wp:term":[{"taxonomy":"category","embeddable":true,"href":"https:\/\/www.eldiario.net\/portal\/wp-json\/wp\/v2\/categories?post=203913"},{"taxonomy":"post_tag","embeddable":true,"href":"https:\/\/www.eldiario.net\/portal\/wp-json\/wp\/v2\/tags?post=203913"}],"curies":[{"name":"wp","href":"https:\/\/api.w.org\/{rel}","templated":true}]}}