{"id":203911,"date":"2024-02-19T06:29:21","date_gmt":"2024-02-19T10:29:21","guid":{"rendered":"https:\/\/www.eldiario.net\/portal\/?p=203911"},"modified":"2024-02-19T06:29:21","modified_gmt":"2024-02-19T10:29:21","slug":"reunion-para-combatir-comercio-ilicito-de-tabaco-aprueba-una-hoja-de-ruta","status":"publish","type":"post","link":"https:\/\/www.eldiario.net\/portal\/2024\/02\/19\/reunion-para-combatir-comercio-ilicito-de-tabaco-aprueba-una-hoja-de-ruta\/","title":{"rendered":"Reuni\u00f3n para combatir comercio il\u00edcito de tabaco aprueba una hoja de ruta"},"content":{"rendered":"<p>La tercera sesi\u00f3n de la Reuni\u00f3n de las Partes en el Protocolo para la Eliminaci\u00f3n del Comercio Il\u00edcito de Productos de Tabaco ha concluido con la adopci\u00f3n de medidas decisivas para combatir el comercio il\u00edcito de productos de tabaco, que perjudica la salud y priva a los Gobiernos nacionales de ingresos fiscales que podr\u00edan servir para financiar iniciativas de salud p\u00fablica.<br \/>\n\u201cEn nuestra reuni\u00f3n de esta semana se tomaron decisiones importantes sobre los sistemas de seguimiento y localizaci\u00f3n del tabaco y se aprob\u00f3 una hoja de ruta para llevar a cabo investigaciones basadas en pruebas sobre el comercio il\u00edcito\u00bb, afirm\u00f3 la jefa de la Secretar\u00eda del Convenio Marco de la OMS para el Control del Tabaco tambi\u00e9n supervisa el Protocolo, la doctora Adriana Blanco Marquizo.<br \/>\nAsimismo, se acordaron \u00abmejoras para el sistema de presentaci\u00f3n de informes que utilizan las Partes, lo que reforzar\u00e1 la calidad de los datos sobre la aplicaci\u00f3n del Protocolo que pueden ayudar a orientar los futuros esfuerzos de control del tabaco\u00bb, a\u00f1adi\u00f3 Marquizo.<br \/>\nLa Reuni\u00f3n de las Partes (RP) es el \u00f3rgano rector del Protocolo, que es un tratado internacional que entr\u00f3 en vigor en 2018, que tiene como objetivo eliminar el comercio il\u00edcito de productos de tabaco, a trav\u00e9s de un paquete de medidas que deben adoptar los pa\u00edses que act\u00faan en cooperaci\u00f3n entre s\u00ed.<br \/>\nEl comercio il\u00edcito representa alrededor del 11 por ciento del comercio mundial total de tabaco y su eliminaci\u00f3n podr\u00eda aumentar los ingresos fiscales mundiales en unos 47.400 millones de d\u00f3lares anuales.<br \/>\nLa tercera sesi\u00f3n de la Reuni\u00f3n de las Partes (MOP3) tambi\u00e9n adopt\u00f3 la Declaraci\u00f3n de Panam\u00e1, en la que se pide a los Gobiernos nacionales que desconf\u00eden de la incesante campa\u00f1a de la industria tabacalera y de quienes trabajan en pro de sus intereses para socavar los esfuerzos encaminados a eliminar el comercio il\u00edcito de productos de tabaco.<br \/>\nLa Declaraci\u00f3n de Panam\u00e1 tambi\u00e9n hace hincapi\u00e9 en la necesidad de una acci\u00f3n eficaz para prevenir y combatir el comercio il\u00edcito de productos de tabaco, lo que requiere un enfoque internacional global y una estrecha cooperaci\u00f3n en todos los aspectos del comercio il\u00edcito de tabaco, productos de tabaco y equipos de fabricaci\u00f3n de tabaco. (Europa Press)<\/p>\n","protected":false},"excerpt":{"rendered":"<p>La tercera sesi\u00f3n de la Reuni\u00f3n de las Partes en el Protocolo para la Eliminaci\u00f3n del Comercio Il\u00edcito de Productos de Tabaco ha concluido con la adopci\u00f3n de medidas decisivas para combatir el comercio il\u00edcito de productos de tabaco, que perjudica la salud y priva a los Gobiernos nacionales de ingresos fiscales que podr\u00edan servir [&hellip;]<\/p>\n","protected":false},"author":1,"featured_media":194703,"comment_status":"open","ping_status":"open","sticky":false,"template":"","format":"standard","meta":{"_acf_changed":false,"footnotes":""},"categories":[3],"tags":[],"class_list":["post-203911","post","type-post","status-publish","format-standard","has-post-thumbnail","category-internacional"],"acf":{"antetitulo":"Para poner fin a esta acci\u00f3n"},"yoast_head":"<!-- This site is optimized with the Yoast SEO plugin v28.4 - https:\/\/yoast.com\/product\/yoast-seo-wordpress\/ -->\n<title>Reuni\u00f3n para combatir comercio il\u00edcito de tabaco aprueba una hoja de ruta - El Diario - Bolivia<\/title>\n<meta name=\"robots\" content=\"index, follow, max-snippet:-1, max-image-preview:large, max-video-preview:-1\" \/>\n<link rel=\"canonical\" href=\"https:\/\/www.eldiario.net\/portal\/2024\/02\/19\/reunion-para-combatir-comercio-ilicito-de-tabaco-aprueba-una-hoja-de-ruta\/\" \/>\n<meta property=\"og:locale\" content=\"es_ES\" \/>\n<meta property=\"og:type\" content=\"article\" \/>\n<meta property=\"og:title\" content=\"Reuni\u00f3n para combatir comercio il\u00edcito de tabaco aprueba una hoja de ruta - El Diario - Bolivia\" \/>\n<meta property=\"og:description\" content=\"La tercera sesi\u00f3n de la Reuni\u00f3n de las Partes en el Protocolo para la Eliminaci\u00f3n del Comercio Il\u00edcito de Productos de Tabaco ha concluido con la adopci\u00f3n de medidas decisivas para combatir el comercio il\u00edcito de productos de tabaco, que perjudica la salud y priva a los Gobiernos nacionales de ingresos fiscales que podr\u00edan servir [&hellip;]\" \/>\n<meta property=\"og:url\" content=\"https:\/\/www.eldiario.net\/portal\/2024\/02\/19\/reunion-para-combatir-comercio-ilicito-de-tabaco-aprueba-una-hoja-de-ruta\/\" \/>\n<meta property=\"og:site_name\" content=\"El Diario - Bolivia\" \/>\n<meta property=\"article:publisher\" content=\"https:\/\/www.facebook.com\/eldiario.bolivia\/\" \/>\n<meta property=\"article:published_time\" content=\"2024-02-19T10:29:21+00:00\" \/>\n<meta property=\"og:image\" content=\"https:\/\/www.eldiario.net\/portal\/wp-content\/uploads\/2023\/12\/Internacional.jpg\" \/>\n\t<meta property=\"og:image:width\" content=\"800\" \/>\n\t<meta property=\"og:image:height\" content=\"500\" \/>\n\t<meta property=\"og:image:type\" content=\"image\/jpeg\" \/>\n<meta name=\"author\" content=\"Jeanette\" \/>\n<meta name=\"twitter:card\" content=\"summary_large_image\" \/>\n<meta name=\"twitter:creator\" content=\"@eldiario_net\" \/>\n<meta name=\"twitter:site\" content=\"@eldiario_net\" \/>\n<meta name=\"twitter:label1\" content=\"Escrito por\" \/>\n\t<meta name=\"twitter:data1\" content=\"Jeanette\" \/>\n\t<meta name=\"twitter:label2\" content=\"Tiempo de lectura\" \/>\n\t<meta name=\"twitter:data2\" content=\"2 minutos\" \/>\n<script type=\"application\/ld+json\" class=\"yoast-schema-graph\">{\"@context\":\"https:\\\/\\\/schema.org\",\"@graph\":[{\"@type\":\"Article\",\"@id\":\"https:\\\/\\\/www.eldiario.net\\\/portal\\\/2024\\\/02\\\/19\\\/reunion-para-combatir-comercio-ilicito-de-tabaco-aprueba-una-hoja-de-ruta\\\/#article\",\"isPartOf\":{\"@id\":\"https:\\\/\\\/www.eldiario.net\\\/portal\\\/2024\\\/02\\\/19\\\/reunion-para-combatir-comercio-ilicito-de-tabaco-aprueba-una-hoja-de-ruta\\\/\"},\"author\":{\"name\":\"Jeanette\",\"@id\":\"https:\\\/\\\/www.eldiario.net\\\/portal\\\/#\\\/schema\\\/person\\\/f46445640444750d7d753ccd04ae01b7\"},\"headline\":\"Reuni\u00f3n para combatir comercio il\u00edcito de tabaco aprueba una hoja de ruta\",\"datePublished\":\"2024-02-19T10:29:21+00:00\",\"mainEntityOfPage\":{\"@id\":\"https:\\\/\\\/www.eldiario.net\\\/portal\\\/2024\\\/02\\\/19\\\/reunion-para-combatir-comercio-ilicito-de-tabaco-aprueba-una-hoja-de-ruta\\\/\"},\"wordCount\":416,\"commentCount\":0,\"publisher\":{\"@id\":\"https:\\\/\\\/www.eldiario.net\\\/portal\\\/#organization\"},\"image\":{\"@id\":\"https:\\\/\\\/www.eldiario.net\\\/portal\\\/2024\\\/02\\\/19\\\/reunion-para-combatir-comercio-ilicito-de-tabaco-aprueba-una-hoja-de-ruta\\\/#primaryimage\"},\"thumbnailUrl\":\"https:\\\/\\\/www.eldiario.net\\\/portal\\\/wp-content\\\/uploads\\\/2023\\\/12\\\/Internacional.jpg\",\"articleSection\":[\"Internacional\"],\"inLanguage\":\"es\",\"potentialAction\":[{\"@type\":\"CommentAction\",\"name\":\"Comment\",\"target\":[\"https:\\\/\\\/www.eldiario.net\\\/portal\\\/2024\\\/02\\\/19\\\/reunion-para-combatir-comercio-ilicito-de-tabaco-aprueba-una-hoja-de-ruta\\\/#respond\"]}]},{\"@type\":\"WebPage\",\"@id\":\"https:\\\/\\\/www.eldiario.net\\\/portal\\\/2024\\\/02\\\/19\\\/reunion-para-combatir-comercio-ilicito-de-tabaco-aprueba-una-hoja-de-ruta\\\/\",\"url\":\"https:\\\/\\\/www.eldiario.net\\\/portal\\\/2024\\\/02\\\/19\\\/reunion-para-combatir-comercio-ilicito-de-tabaco-aprueba-una-hoja-de-ruta\\\/\",\"name\":\"Reuni\u00f3n para combatir comercio il\u00edcito de tabaco aprueba una hoja de ruta - El Diario - Bolivia\",\"isPartOf\":{\"@id\":\"https:\\\/\\\/www.eldiario.net\\\/portal\\\/#website\"},\"primaryImageOfPage\":{\"@id\":\"https:\\\/\\\/www.eldiario.net\\\/portal\\\/2024\\\/02\\\/19\\\/reunion-para-combatir-comercio-ilicito-de-tabaco-aprueba-una-hoja-de-ruta\\\/#primaryimage\"},\"image\":{\"@id\":\"https:\\\/\\\/www.eldiario.net\\\/portal\\\/2024\\\/02\\\/19\\\/reunion-para-combatir-comercio-ilicito-de-tabaco-aprueba-una-hoja-de-ruta\\\/#primaryimage\"},\"thumbnailUrl\":\"https:\\\/\\\/www.eldiario.net\\\/portal\\\/wp-content\\\/uploads\\\/2023\\\/12\\\/Internacional.jpg\",\"datePublished\":\"2024-02-19T10:29:21+00:00\",\"breadcrumb\":{\"@id\":\"https:\\\/\\\/www.eldiario.net\\\/portal\\\/2024\\\/02\\\/19\\\/reunion-para-combatir-comercio-ilicito-de-tabaco-aprueba-una-hoja-de-ruta\\\/#breadcrumb\"},\"inLanguage\":\"es\",\"potentialAction\":[{\"@type\":\"ReadAction\",\"target\":[\"https:\\\/\\\/www.eldiario.net\\\/portal\\\/2024\\\/02\\\/19\\\/reunion-para-combatir-comercio-ilicito-de-tabaco-aprueba-una-hoja-de-ruta\\\/\"]}]},{\"@type\":\"ImageObject\",\"inLanguage\":\"es\",\"@id\":\"https:\\\/\\\/www.eldiario.net\\\/portal\\\/2024\\\/02\\\/19\\\/reunion-para-combatir-comercio-ilicito-de-tabaco-aprueba-una-hoja-de-ruta\\\/#primaryimage\",\"url\":\"https:\\\/\\\/www.eldiario.net\\\/portal\\\/wp-content\\\/uploads\\\/2023\\\/12\\\/Internacional.jpg\",\"contentUrl\":\"https:\\\/\\\/www.eldiario.net\\\/portal\\\/wp-content\\\/uploads\\\/2023\\\/12\\\/Internacional.jpg\",\"width\":800,\"height\":500},{\"@type\":\"BreadcrumbList\",\"@id\":\"https:\\\/\\\/www.eldiario.net\\\/portal\\\/2024\\\/02\\\/19\\\/reunion-para-combatir-comercio-ilicito-de-tabaco-aprueba-una-hoja-de-ruta\\\/#breadcrumb\",\"itemListElement\":[{\"@type\":\"ListItem\",\"position\":1,\"name\":\"Portada\",\"item\":\"https:\\\/\\\/www.eldiario.net\\\/portal\\\/\"},{\"@type\":\"ListItem\",\"position\":2,\"name\":\"Reuni\u00f3n para combatir comercio il\u00edcito de tabaco aprueba una hoja de ruta\"}]},{\"@type\":\"WebSite\",\"@id\":\"https:\\\/\\\/www.eldiario.net\\\/portal\\\/#website\",\"url\":\"https:\\\/\\\/www.eldiario.net\\\/portal\\\/\",\"name\":\"El Diario - Decano de la prensa nacional\",\"description\":\"El Diario - Decano de la prensa nacional\",\"publisher\":{\"@id\":\"https:\\\/\\\/www.eldiario.net\\\/portal\\\/#organization\"},\"potentialAction\":[{\"@type\":\"SearchAction\",\"target\":{\"@type\":\"EntryPoint\",\"urlTemplate\":\"https:\\\/\\\/www.eldiario.net\\\/portal\\\/?s={search_term_string}\"},\"query-input\":{\"@type\":\"PropertyValueSpecification\",\"valueRequired\":true,\"valueName\":\"search_term_string\"}}],\"inLanguage\":\"es\"},{\"@type\":\"Organization\",\"@id\":\"https:\\\/\\\/www.eldiario.net\\\/portal\\\/#organization\",\"name\":\"El Diario - Decano de la prensa nacional\",\"url\":\"https:\\\/\\\/www.eldiario.net\\\/portal\\\/\",\"logo\":{\"@type\":\"ImageObject\",\"inLanguage\":\"es\",\"@id\":\"https:\\\/\\\/www.eldiario.net\\\/portal\\\/#\\\/schema\\\/logo\\\/image\\\/\",\"url\":\"https:\\\/\\\/www.eldiario.net\\\/portal\\\/wp-content\\\/uploads\\\/2023\\\/07\\\/logo_ED.jpg\",\"contentUrl\":\"https:\\\/\\\/www.eldiario.net\\\/portal\\\/wp-content\\\/uploads\\\/2023\\\/07\\\/logo_ED.jpg\",\"width\":272,\"height\":52,\"caption\":\"El Diario - Decano de la prensa nacional\"},\"image\":{\"@id\":\"https:\\\/\\\/www.eldiario.net\\\/portal\\\/#\\\/schema\\\/logo\\\/image\\\/\"},\"sameAs\":[\"https:\\\/\\\/www.facebook.com\\\/eldiario.bolivia\\\/\",\"https:\\\/\\\/x.com\\\/eldiario_net\"]},{\"@type\":\"Person\",\"@id\":\"https:\\\/\\\/www.eldiario.net\\\/portal\\\/#\\\/schema\\\/person\\\/f46445640444750d7d753ccd04ae01b7\",\"name\":\"Jeanette\",\"image\":{\"@type\":\"ImageObject\",\"inLanguage\":\"es\",\"@id\":\"https:\\\/\\\/secure.gravatar.com\\\/avatar\\\/3ea2118a5f7dad2b7138b1187a6b7ee55f160b9968b66013c3a3ef39dd7e5798?s=96&d=mm&r=g\",\"url\":\"https:\\\/\\\/secure.gravatar.com\\\/avatar\\\/3ea2118a5f7dad2b7138b1187a6b7ee55f160b9968b66013c3a3ef39dd7e5798?s=96&d=mm&r=g\",\"contentUrl\":\"https:\\\/\\\/secure.gravatar.com\\\/avatar\\\/3ea2118a5f7dad2b7138b1187a6b7ee55f160b9968b66013c3a3ef39dd7e5798?s=96&d=mm&r=g\",\"caption\":\"Jeanette\"},\"sameAs\":[\"https:\\\/\\\/www.eldiario.net\\\/portal\"],\"url\":\"https:\\\/\\\/www.eldiario.net\\\/portal\\\/author\\\/jeanette\\\/\"}]}<\/script>\n<!-- \/ Yoast SEO plugin. -->","yoast_head_json":{"title":"Reuni\u00f3n para combatir comercio il\u00edcito de tabaco aprueba una hoja de ruta - El Diario - Bolivia","robots":{"index":"index","follow":"follow","max-snippet":"max-snippet:-1","max-image-preview":"max-image-preview:large","max-video-preview":"max-video-preview:-1"},"canonical":"https:\/\/www.eldiario.net\/portal\/2024\/02\/19\/reunion-para-combatir-comercio-ilicito-de-tabaco-aprueba-una-hoja-de-ruta\/","og_locale":"es_ES","og_type":"article","og_title":"Reuni\u00f3n para combatir comercio il\u00edcito de tabaco aprueba una hoja de ruta - El Diario - Bolivia","og_description":"La tercera sesi\u00f3n de la Reuni\u00f3n de las Partes en el Protocolo para la Eliminaci\u00f3n del Comercio Il\u00edcito de Productos de Tabaco ha concluido con la adopci\u00f3n de medidas decisivas para combatir el comercio il\u00edcito de productos de tabaco, que perjudica la salud y priva a los Gobiernos nacionales de ingresos fiscales que podr\u00edan servir [&hellip;]","og_url":"https:\/\/www.eldiario.net\/portal\/2024\/02\/19\/reunion-para-combatir-comercio-ilicito-de-tabaco-aprueba-una-hoja-de-ruta\/","og_site_name":"El Diario - Bolivia","article_publisher":"https:\/\/www.facebook.com\/eldiario.bolivia\/","article_published_time":"2024-02-19T10:29:21+00:00","og_image":[{"width":800,"height":500,"url":"https:\/\/www.eldiario.net\/portal\/wp-content\/uploads\/2023\/12\/Internacional.jpg","type":"image\/jpeg"}],"author":"Jeanette","twitter_card":"summary_large_image","twitter_creator":"@eldiario_net","twitter_site":"@eldiario_net","twitter_misc":{"Escrito por":"Jeanette","Tiempo de lectura":"2 minutos"},"schema":{"@context":"https:\/\/schema.org","@graph":[{"@type":"Article","@id":"https:\/\/www.eldiario.net\/portal\/2024\/02\/19\/reunion-para-combatir-comercio-ilicito-de-tabaco-aprueba-una-hoja-de-ruta\/#article","isPartOf":{"@id":"https:\/\/www.eldiario.net\/portal\/2024\/02\/19\/reunion-para-combatir-comercio-ilicito-de-tabaco-aprueba-una-hoja-de-ruta\/"},"author":{"name":"Jeanette","@id":"https:\/\/www.eldiario.net\/portal\/#\/schema\/person\/f46445640444750d7d753ccd04ae01b7"},"headline":"Reuni\u00f3n para combatir comercio il\u00edcito de tabaco aprueba una hoja de ruta","datePublished":"2024-02-19T10:29:21+00:00","mainEntityOfPage":{"@id":"https:\/\/www.eldiario.net\/portal\/2024\/02\/19\/reunion-para-combatir-comercio-ilicito-de-tabaco-aprueba-una-hoja-de-ruta\/"},"wordCount":416,"commentCount":0,"publisher":{"@id":"https:\/\/www.eldiario.net\/portal\/#organization"},"image":{"@id":"https:\/\/www.eldiario.net\/portal\/2024\/02\/19\/reunion-para-combatir-comercio-ilicito-de-tabaco-aprueba-una-hoja-de-ruta\/#primaryimage"},"thumbnailUrl":"https:\/\/www.eldiario.net\/portal\/wp-content\/uploads\/2023\/12\/Internacional.jpg","articleSection":["Internacional"],"inLanguage":"es","potentialAction":[{"@type":"CommentAction","name":"Comment","target":["https:\/\/www.eldiario.net\/portal\/2024\/02\/19\/reunion-para-combatir-comercio-ilicito-de-tabaco-aprueba-una-hoja-de-ruta\/#respond"]}]},{"@type":"WebPage","@id":"https:\/\/www.eldiario.net\/portal\/2024\/02\/19\/reunion-para-combatir-comercio-ilicito-de-tabaco-aprueba-una-hoja-de-ruta\/","url":"https:\/\/www.eldiario.net\/portal\/2024\/02\/19\/reunion-para-combatir-comercio-ilicito-de-tabaco-aprueba-una-hoja-de-ruta\/","name":"Reuni\u00f3n para combatir comercio il\u00edcito de tabaco aprueba una hoja de ruta - El Diario - Bolivia","isPartOf":{"@id":"https:\/\/www.eldiario.net\/portal\/#website"},"primaryImageOfPage":{"@id":"https:\/\/www.eldiario.net\/portal\/2024\/02\/19\/reunion-para-combatir-comercio-ilicito-de-tabaco-aprueba-una-hoja-de-ruta\/#primaryimage"},"image":{"@id":"https:\/\/www.eldiario.net\/portal\/2024\/02\/19\/reunion-para-combatir-comercio-ilicito-de-tabaco-aprueba-una-hoja-de-ruta\/#primaryimage"},"thumbnailUrl":"https:\/\/www.eldiario.net\/portal\/wp-content\/uploads\/2023\/12\/Internacional.jpg","datePublished":"2024-02-19T10:29:21+00:00","breadcrumb":{"@id":"https:\/\/www.eldiario.net\/portal\/2024\/02\/19\/reunion-para-combatir-comercio-ilicito-de-tabaco-aprueba-una-hoja-de-ruta\/#breadcrumb"},"inLanguage":"es","potentialAction":[{"@type":"ReadAction","target":["https:\/\/www.eldiario.net\/portal\/2024\/02\/19\/reunion-para-combatir-comercio-ilicito-de-tabaco-aprueba-una-hoja-de-ruta\/"]}]},{"@type":"ImageObject","inLanguage":"es","@id":"https:\/\/www.eldiario.net\/portal\/2024\/02\/19\/reunion-para-combatir-comercio-ilicito-de-tabaco-aprueba-una-hoja-de-ruta\/#primaryimage","url":"https:\/\/www.eldiario.net\/portal\/wp-content\/uploads\/2023\/12\/Internacional.jpg","contentUrl":"https:\/\/www.eldiario.net\/portal\/wp-content\/uploads\/2023\/12\/Internacional.jpg","width":800,"height":500},{"@type":"BreadcrumbList","@id":"https:\/\/www.eldiario.net\/portal\/2024\/02\/19\/reunion-para-combatir-comercio-ilicito-de-tabaco-aprueba-una-hoja-de-ruta\/#breadcrumb","itemListElement":[{"@type":"ListItem","position":1,"name":"Portada","item":"https:\/\/www.eldiario.net\/portal\/"},{"@type":"ListItem","position":2,"name":"Reuni\u00f3n para combatir comercio il\u00edcito de tabaco aprueba una hoja de ruta"}]},{"@type":"WebSite","@id":"https:\/\/www.eldiario.net\/portal\/#website","url":"https:\/\/www.eldiario.net\/portal\/","name":"El Diario - Decano de la prensa nacional","description":"El Diario - Decano de la prensa nacional","publisher":{"@id":"https:\/\/www.eldiario.net\/portal\/#organization"},"potentialAction":[{"@type":"SearchAction","target":{"@type":"EntryPoint","urlTemplate":"https:\/\/www.eldiario.net\/portal\/?s={search_term_string}"},"query-input":{"@type":"PropertyValueSpecification","valueRequired":true,"valueName":"search_term_string"}}],"inLanguage":"es"},{"@type":"Organization","@id":"https:\/\/www.eldiario.net\/portal\/#organization","name":"El Diario - Decano de la prensa nacional","url":"https:\/\/www.eldiario.net\/portal\/","logo":{"@type":"ImageObject","inLanguage":"es","@id":"https:\/\/www.eldiario.net\/portal\/#\/schema\/logo\/image\/","url":"https:\/\/www.eldiario.net\/portal\/wp-content\/uploads\/2023\/07\/logo_ED.jpg","contentUrl":"https:\/\/www.eldiario.net\/portal\/wp-content\/uploads\/2023\/07\/logo_ED.jpg","width":272,"height":52,"caption":"El Diario - Decano de la prensa nacional"},"image":{"@id":"https:\/\/www.eldiario.net\/portal\/#\/schema\/logo\/image\/"},"sameAs":["https:\/\/www.facebook.com\/eldiario.bolivia\/","https:\/\/x.com\/eldiario_net"]},{"@type":"Person","@id":"https:\/\/www.eldiario.net\/portal\/#\/schema\/person\/f46445640444750d7d753ccd04ae01b7","name":"Jeanette","image":{"@type":"ImageObject","inLanguage":"es","@id":"https:\/\/secure.gravatar.com\/avatar\/3ea2118a5f7dad2b7138b1187a6b7ee55f160b9968b66013c3a3ef39dd7e5798?s=96&d=mm&r=g","url":"https:\/\/secure.gravatar.com\/avatar\/3ea2118a5f7dad2b7138b1187a6b7ee55f160b9968b66013c3a3ef39dd7e5798?s=96&d=mm&r=g","contentUrl":"https:\/\/secure.gravatar.com\/avatar\/3ea2118a5f7dad2b7138b1187a6b7ee55f160b9968b66013c3a3ef39dd7e5798?s=96&d=mm&r=g","caption":"Jeanette"},"sameAs":["https:\/\/www.eldiario.net\/portal"],"url":"https:\/\/www.eldiario.net\/portal\/author\/jeanette\/"}]}},"_links":{"self":[{"href":"https:\/\/www.eldiario.net\/portal\/wp-json\/wp\/v2\/posts\/203911","targetHints":{"allow":["GET"]}}],"collection":[{"href":"https:\/\/www.eldiario.net\/portal\/wp-json\/wp\/v2\/posts"}],"about":[{"href":"https:\/\/www.eldiario.net\/portal\/wp-json\/wp\/v2\/types\/post"}],"author":[{"embeddable":true,"href":"https:\/\/www.eldiario.net\/portal\/wp-json\/wp\/v2\/users\/1"}],"replies":[{"embeddable":true,"href":"https:\/\/www.eldiario.net\/portal\/wp-json\/wp\/v2\/comments?post=203911"}],"version-history":[{"count":1,"href":"https:\/\/www.eldiario.net\/portal\/wp-json\/wp\/v2\/posts\/203911\/revisions"}],"predecessor-version":[{"id":203912,"href":"https:\/\/www.eldiario.net\/portal\/wp-json\/wp\/v2\/posts\/203911\/revisions\/203912"}],"wp:featuredmedia":[{"embeddable":true,"href":"https:\/\/www.eldiario.net\/portal\/wp-json\/wp\/v2\/media\/194703"}],"wp:attachment":[{"href":"https:\/\/www.eldiario.net\/portal\/wp-json\/wp\/v2\/media?parent=203911"}],"wp:term":[{"taxonomy":"category","embeddable":true,"href":"https:\/\/www.eldiario.net\/portal\/wp-json\/wp\/v2\/categories?post=203911"},{"taxonomy":"post_tag","embeddable":true,"href":"https:\/\/www.eldiario.net\/portal\/wp-json\/wp\/v2\/tags?post=203911"}],"curies":[{"name":"wp","href":"https:\/\/api.w.org\/{rel}","templated":true}]}}