{"id":203908,"date":"2024-02-19T06:28:43","date_gmt":"2024-02-19T10:28:43","guid":{"rendered":"https:\/\/www.eldiario.net\/portal\/?p=203908"},"modified":"2024-02-19T06:28:43","modified_gmt":"2024-02-19T10:28:43","slug":"ley-favorece-liberacion-de-criminales-como-blas-valencia","status":"publish","type":"post","link":"https:\/\/www.eldiario.net\/portal\/2024\/02\/19\/ley-favorece-liberacion-de-criminales-como-blas-valencia\/","title":{"rendered":"Ley favorece liberaci\u00f3n de criminales como Blas Valencia"},"content":{"rendered":"<p>Luego de conocerse que el expolic\u00eda criminal, Blas Valencia, fue liberado con libertad condicional antes de cumplir la pena m\u00e1xima, el abogado penalista, Romer Velasco, afirm\u00f3 que es necesario modificar la actual ley para endurecer las penas en casos graves como asesinato.<br \/>\nEn contacto con EL DIARIO, Velasco se\u00f1al\u00f3 que las leyes penales actuales a\u00fan est\u00e1n basadas en la premisa de que un criminal debe ser reintegrado en la sociedad.<br \/>\nSin embargo, est\u00e1 demostrado que en la mayor\u00eda de casos, el criminal muestra reincidencia luego de su liberaci\u00f3n.<br \/>\nPor esta raz\u00f3n, se\u00f1ala, el sistema penal vigente permite que cualquier persona con una sentencia pueda ser liberada antes de cumplirla, ya que solo le bastar\u00eda acogerse a lo estipulado en la Ley 2298.<br \/>\nLa reinserci\u00f3n social de los criminales tambi\u00e9n est\u00e1 contemplada en el art\u00edculo 74 de la Constituci\u00f3n Pol\u00edtica del Estado (CPE), la que permite dar \u201cuna oportunidad\u201d al exconvicto para que pueda demostrar que puede reintegrarse a la sociedad.<br \/>\nEn ese sentido, el fallo judicial al que apel\u00f3 la defensa legal de Valencia para que pueda gozar de libertad condicional ser\u00eda v\u00e1lido en el marco legal, aclar\u00f3 el jurista a EL DIARIO.<br \/>\nSin embargo, desde un punto de vista moral, expres\u00f3 su cuestionamiento a la decisi\u00f3n, expresando que Valencia no debi\u00f3 salir nunca de la c\u00e1rcel.<br \/>\nAl respecto, mencion\u00f3 que existen muchos casos en los que se redujo la sentencia o se liber\u00f3 a criminales acusados de asesinato, en los que cit\u00f3 ejemplos conocidos, como Richard Choque, Omar Gonz\u00e1les o Rudy Ya\u00f1ez Villavicencio.<br \/>\nPara el abogado, el hecho de que se haya liberado a personas acusadas de delitos graves es algo que \u201cllama mucho la atenci\u00f3n\u201d, debido a que existe una mayoritaria tendencia a la reincidencia de delitos.<br \/>\nVelasco lament\u00f3 que, en la pr\u00e1ctica el sistema penal no funcione para la reinserci\u00f3n social de criminales, sino todo lo contrario.<br \/>\nEn vez de que el criminal reflexione y cambie su actitud, los a\u00f1os en prisi\u00f3n hacen que el prisionero sea libertado convertido en un criminal m\u00e1s perspicaz, lo que ocasiona que reincidan y vuelvan a cometer delitos, se\u00f1al\u00f3.<br \/>\nEl tal sentido, Velasco opin\u00f3 que es necesaria una reforma a la Constituci\u00f3n y a las leyes procesales penales, sobre todo para los delitos m\u00e1s graves como el asesinato, el feminicidio y el infanticidio.<br \/>\nAl respecto, plante\u00f3 que deber\u00eda discutirse la posibilidad de alargar las condenas e incluir la cadena perpetua, aunque no comparte la idea de la pena de muerte.<br \/>\n\u201cEl detalle es que haya voluntad pol\u00edtica porque el l\u00edmite es muy corto. 30 a\u00f1os para colmo se disminuye a dos terceras partes de la condena, lo que se reduce a 20 a\u00f1os\u201d, agreg\u00f3.<br \/>\nEl jurista experto recalc\u00f3 que la jurisprudencia tambi\u00e9n ayuda a la reducci\u00f3n de penas, a trav\u00e9s del derecho a la celeridad y la reuni\u00f3n de solo cuatro requisitos para obtener libertad condicional, entre las cuales est\u00e1 tener un trabajo y cumplir buena conducta un a\u00f1o el \u00faltimo a\u00f1o.<br \/>\nEl entrevistado manifest\u00f3 que estos elementos requieren un \u201can\u00e1lisis jur\u00eddico y social profundo\u201d dentro de la legislaci\u00f3n boliviana.<br \/>\nTras considerar su salida como un hecho, cree pertinente cuestionarse a qu\u00e9 se dedicar\u00e1 el exconvicto. \u201c\u00bfVa a reinsertarse en la sociedad?, \u00bfVa a comportarse como se debe y como le exige la sociedad?\u201d, critic\u00f3.<br \/>\nEl problema con la reducci\u00f3n en las condenas es que, en un futuro, el criminal podr\u00e1 volver a delinquir, entrar a la c\u00e1rcel y volver a hacerlo una y otra vez, asever\u00f3.<br \/>\n\u201cLa norma es muy permisiva (para que) haya m\u00e1s delincuentes y salgan m\u00e1s f\u00e1cilmente de la c\u00e1rcel\u201d, concluy\u00f3, al mismo tiempo que plante\u00f3 que en Bolivia debe empezar a discutirse el tema de la modificaci\u00f3n de leyes penales.<\/p>\n<p>CASO BLAS VALENCIA<br \/>\nBlas Valencia fue condenado a 30 a\u00f1os\u00a0de prisi\u00f3n sin derecho a indulto\u00a0por\u00a0asesinar a dos polic\u00edas y un civil durante el robo de 385 mil d\u00f3lares\u00a0de una furgoneta de la empresa Prosegur, el 14 de diciembre de 2001.<br \/>\nTiempo despu\u00e9s del hecho, se revel\u00f3 que al menos cuatro peruanos hab\u00edan ejecutado el asalto liderados por Valencia, que entonces era teniente coronel de la Polic\u00eda Boliviana. Aunque implor\u00f3 perd\u00f3n en su juicio, Valencia\u00a0recibi\u00f3 la pena m\u00e1xima en mayo de 2003.<br \/>\nTras su sentencia, Valencia fue llevado al penal de m\u00e1xima seguridad de Chonchocoro, donde\u00a0conform\u00f3 un grupo delictivo\u00a0dentro del recinto.<br \/>\nEn\u00a02013, la Direcci\u00f3n de R\u00e9gimen Penitenciario decidi\u00f3 trasladarlo a Palmasola, en Santa Cruz,\u00a0acusado de organizar redes de extorsi\u00f3n a los privados de libertad.<\/p>\n","protected":false},"excerpt":{"rendered":"<p>Luego de conocerse que el expolic\u00eda criminal, Blas Valencia, fue liberado con libertad condicional antes de cumplir la pena m\u00e1xima, el abogado penalista, Romer Velasco, afirm\u00f3 que es necesario modificar la actual ley para endurecer las penas en casos graves como asesinato. En contacto con EL DIARIO, Velasco se\u00f1al\u00f3 que las leyes penales actuales a\u00fan [&hellip;]<\/p>\n","protected":false},"author":1,"featured_media":203909,"comment_status":"open","ping_status":"open","sticky":false,"template":"","format":"standard","meta":{"_acf_changed":false,"footnotes":""},"categories":[39],"tags":[],"class_list":["post-203908","post","type-post","status-publish","format-standard","has-post-thumbnail","category-sociedad"],"acf":{"antetitulo":"Seg\u00fan abogado penalista"},"yoast_head":"<!-- This site is optimized with the Yoast SEO plugin v28.4 - https:\/\/yoast.com\/product\/yoast-seo-wordpress\/ -->\n<title>Ley favorece liberaci\u00f3n de criminales como Blas Valencia - El Diario - Bolivia<\/title>\n<meta name=\"robots\" content=\"index, follow, max-snippet:-1, max-image-preview:large, max-video-preview:-1\" \/>\n<link rel=\"canonical\" href=\"https:\/\/www.eldiario.net\/portal\/2024\/02\/19\/ley-favorece-liberacion-de-criminales-como-blas-valencia\/\" \/>\n<meta property=\"og:locale\" content=\"es_ES\" \/>\n<meta property=\"og:type\" content=\"article\" \/>\n<meta property=\"og:title\" content=\"Ley favorece liberaci\u00f3n de criminales como Blas Valencia - El Diario - Bolivia\" \/>\n<meta property=\"og:description\" content=\"Luego de conocerse que el expolic\u00eda criminal, Blas Valencia, fue liberado con libertad condicional antes de cumplir la pena m\u00e1xima, el abogado penalista, Romer Velasco, afirm\u00f3 que es necesario modificar la actual ley para endurecer las penas en casos graves como asesinato. En contacto con EL DIARIO, Velasco se\u00f1al\u00f3 que las leyes penales actuales a\u00fan [&hellip;]\" \/>\n<meta property=\"og:url\" content=\"https:\/\/www.eldiario.net\/portal\/2024\/02\/19\/ley-favorece-liberacion-de-criminales-como-blas-valencia\/\" \/>\n<meta property=\"og:site_name\" content=\"El Diario - Bolivia\" \/>\n<meta property=\"article:publisher\" content=\"https:\/\/www.facebook.com\/eldiario.bolivia\/\" \/>\n<meta property=\"article:published_time\" content=\"2024-02-19T10:28:43+00:00\" \/>\n<meta property=\"og:image\" content=\"https:\/\/www.eldiario.net\/portal\/wp-content\/uploads\/2024\/02\/19-BLAS.jpg\" \/>\n\t<meta property=\"og:image:width\" content=\"992\" \/>\n\t<meta property=\"og:image:height\" content=\"558\" \/>\n\t<meta property=\"og:image:type\" content=\"image\/jpeg\" \/>\n<meta name=\"author\" content=\"Jeanette\" \/>\n<meta name=\"twitter:card\" content=\"summary_large_image\" \/>\n<meta name=\"twitter:creator\" content=\"@eldiario_net\" \/>\n<meta name=\"twitter:site\" content=\"@eldiario_net\" \/>\n<meta name=\"twitter:label1\" content=\"Escrito por\" \/>\n\t<meta name=\"twitter:data1\" content=\"Jeanette\" \/>\n\t<meta name=\"twitter:label2\" content=\"Tiempo de lectura\" \/>\n\t<meta name=\"twitter:data2\" content=\"4 minutos\" \/>\n<script type=\"application\/ld+json\" class=\"yoast-schema-graph\">{\"@context\":\"https:\\\/\\\/schema.org\",\"@graph\":[{\"@type\":\"Article\",\"@id\":\"https:\\\/\\\/www.eldiario.net\\\/portal\\\/2024\\\/02\\\/19\\\/ley-favorece-liberacion-de-criminales-como-blas-valencia\\\/#article\",\"isPartOf\":{\"@id\":\"https:\\\/\\\/www.eldiario.net\\\/portal\\\/2024\\\/02\\\/19\\\/ley-favorece-liberacion-de-criminales-como-blas-valencia\\\/\"},\"author\":{\"name\":\"Jeanette\",\"@id\":\"https:\\\/\\\/www.eldiario.net\\\/portal\\\/#\\\/schema\\\/person\\\/f46445640444750d7d753ccd04ae01b7\"},\"headline\":\"Ley favorece liberaci\u00f3n de criminales como Blas Valencia\",\"datePublished\":\"2024-02-19T10:28:43+00:00\",\"mainEntityOfPage\":{\"@id\":\"https:\\\/\\\/www.eldiario.net\\\/portal\\\/2024\\\/02\\\/19\\\/ley-favorece-liberacion-de-criminales-como-blas-valencia\\\/\"},\"wordCount\":809,\"commentCount\":0,\"publisher\":{\"@id\":\"https:\\\/\\\/www.eldiario.net\\\/portal\\\/#organization\"},\"image\":{\"@id\":\"https:\\\/\\\/www.eldiario.net\\\/portal\\\/2024\\\/02\\\/19\\\/ley-favorece-liberacion-de-criminales-como-blas-valencia\\\/#primaryimage\"},\"thumbnailUrl\":\"https:\\\/\\\/www.eldiario.net\\\/portal\\\/wp-content\\\/uploads\\\/2024\\\/02\\\/19-BLAS.jpg\",\"articleSection\":[\"Sociedad - Seguridad\"],\"inLanguage\":\"es\",\"potentialAction\":[{\"@type\":\"CommentAction\",\"name\":\"Comment\",\"target\":[\"https:\\\/\\\/www.eldiario.net\\\/portal\\\/2024\\\/02\\\/19\\\/ley-favorece-liberacion-de-criminales-como-blas-valencia\\\/#respond\"]}]},{\"@type\":\"WebPage\",\"@id\":\"https:\\\/\\\/www.eldiario.net\\\/portal\\\/2024\\\/02\\\/19\\\/ley-favorece-liberacion-de-criminales-como-blas-valencia\\\/\",\"url\":\"https:\\\/\\\/www.eldiario.net\\\/portal\\\/2024\\\/02\\\/19\\\/ley-favorece-liberacion-de-criminales-como-blas-valencia\\\/\",\"name\":\"Ley favorece liberaci\u00f3n de criminales como Blas Valencia - El Diario - Bolivia\",\"isPartOf\":{\"@id\":\"https:\\\/\\\/www.eldiario.net\\\/portal\\\/#website\"},\"primaryImageOfPage\":{\"@id\":\"https:\\\/\\\/www.eldiario.net\\\/portal\\\/2024\\\/02\\\/19\\\/ley-favorece-liberacion-de-criminales-como-blas-valencia\\\/#primaryimage\"},\"image\":{\"@id\":\"https:\\\/\\\/www.eldiario.net\\\/portal\\\/2024\\\/02\\\/19\\\/ley-favorece-liberacion-de-criminales-como-blas-valencia\\\/#primaryimage\"},\"thumbnailUrl\":\"https:\\\/\\\/www.eldiario.net\\\/portal\\\/wp-content\\\/uploads\\\/2024\\\/02\\\/19-BLAS.jpg\",\"datePublished\":\"2024-02-19T10:28:43+00:00\",\"breadcrumb\":{\"@id\":\"https:\\\/\\\/www.eldiario.net\\\/portal\\\/2024\\\/02\\\/19\\\/ley-favorece-liberacion-de-criminales-como-blas-valencia\\\/#breadcrumb\"},\"inLanguage\":\"es\",\"potentialAction\":[{\"@type\":\"ReadAction\",\"target\":[\"https:\\\/\\\/www.eldiario.net\\\/portal\\\/2024\\\/02\\\/19\\\/ley-favorece-liberacion-de-criminales-como-blas-valencia\\\/\"]}]},{\"@type\":\"ImageObject\",\"inLanguage\":\"es\",\"@id\":\"https:\\\/\\\/www.eldiario.net\\\/portal\\\/2024\\\/02\\\/19\\\/ley-favorece-liberacion-de-criminales-como-blas-valencia\\\/#primaryimage\",\"url\":\"https:\\\/\\\/www.eldiario.net\\\/portal\\\/wp-content\\\/uploads\\\/2024\\\/02\\\/19-BLAS.jpg\",\"contentUrl\":\"https:\\\/\\\/www.eldiario.net\\\/portal\\\/wp-content\\\/uploads\\\/2024\\\/02\\\/19-BLAS.jpg\",\"width\":992,\"height\":558,\"caption\":\"Blas Valencia lider\u00f3 el atraco a una furgoneta de Prosegur en 2001.\"},{\"@type\":\"BreadcrumbList\",\"@id\":\"https:\\\/\\\/www.eldiario.net\\\/portal\\\/2024\\\/02\\\/19\\\/ley-favorece-liberacion-de-criminales-como-blas-valencia\\\/#breadcrumb\",\"itemListElement\":[{\"@type\":\"ListItem\",\"position\":1,\"name\":\"Portada\",\"item\":\"https:\\\/\\\/www.eldiario.net\\\/portal\\\/\"},{\"@type\":\"ListItem\",\"position\":2,\"name\":\"Ley favorece liberaci\u00f3n de criminales como Blas Valencia\"}]},{\"@type\":\"WebSite\",\"@id\":\"https:\\\/\\\/www.eldiario.net\\\/portal\\\/#website\",\"url\":\"https:\\\/\\\/www.eldiario.net\\\/portal\\\/\",\"name\":\"El Diario - Decano de la prensa nacional\",\"description\":\"El Diario - Decano de la prensa nacional\",\"publisher\":{\"@id\":\"https:\\\/\\\/www.eldiario.net\\\/portal\\\/#organization\"},\"potentialAction\":[{\"@type\":\"SearchAction\",\"target\":{\"@type\":\"EntryPoint\",\"urlTemplate\":\"https:\\\/\\\/www.eldiario.net\\\/portal\\\/?s={search_term_string}\"},\"query-input\":{\"@type\":\"PropertyValueSpecification\",\"valueRequired\":true,\"valueName\":\"search_term_string\"}}],\"inLanguage\":\"es\"},{\"@type\":\"Organization\",\"@id\":\"https:\\\/\\\/www.eldiario.net\\\/portal\\\/#organization\",\"name\":\"El Diario - Decano de la prensa nacional\",\"url\":\"https:\\\/\\\/www.eldiario.net\\\/portal\\\/\",\"logo\":{\"@type\":\"ImageObject\",\"inLanguage\":\"es\",\"@id\":\"https:\\\/\\\/www.eldiario.net\\\/portal\\\/#\\\/schema\\\/logo\\\/image\\\/\",\"url\":\"https:\\\/\\\/www.eldiario.net\\\/portal\\\/wp-content\\\/uploads\\\/2023\\\/07\\\/logo_ED.jpg\",\"contentUrl\":\"https:\\\/\\\/www.eldiario.net\\\/portal\\\/wp-content\\\/uploads\\\/2023\\\/07\\\/logo_ED.jpg\",\"width\":272,\"height\":52,\"caption\":\"El Diario - Decano de la prensa nacional\"},\"image\":{\"@id\":\"https:\\\/\\\/www.eldiario.net\\\/portal\\\/#\\\/schema\\\/logo\\\/image\\\/\"},\"sameAs\":[\"https:\\\/\\\/www.facebook.com\\\/eldiario.bolivia\\\/\",\"https:\\\/\\\/x.com\\\/eldiario_net\"]},{\"@type\":\"Person\",\"@id\":\"https:\\\/\\\/www.eldiario.net\\\/portal\\\/#\\\/schema\\\/person\\\/f46445640444750d7d753ccd04ae01b7\",\"name\":\"Jeanette\",\"image\":{\"@type\":\"ImageObject\",\"inLanguage\":\"es\",\"@id\":\"https:\\\/\\\/secure.gravatar.com\\\/avatar\\\/3ea2118a5f7dad2b7138b1187a6b7ee55f160b9968b66013c3a3ef39dd7e5798?s=96&d=mm&r=g\",\"url\":\"https:\\\/\\\/secure.gravatar.com\\\/avatar\\\/3ea2118a5f7dad2b7138b1187a6b7ee55f160b9968b66013c3a3ef39dd7e5798?s=96&d=mm&r=g\",\"contentUrl\":\"https:\\\/\\\/secure.gravatar.com\\\/avatar\\\/3ea2118a5f7dad2b7138b1187a6b7ee55f160b9968b66013c3a3ef39dd7e5798?s=96&d=mm&r=g\",\"caption\":\"Jeanette\"},\"sameAs\":[\"https:\\\/\\\/www.eldiario.net\\\/portal\"],\"url\":\"https:\\\/\\\/www.eldiario.net\\\/portal\\\/author\\\/jeanette\\\/\"}]}<\/script>\n<!-- \/ Yoast SEO plugin. -->","yoast_head_json":{"title":"Ley favorece liberaci\u00f3n de criminales como Blas Valencia - El Diario - Bolivia","robots":{"index":"index","follow":"follow","max-snippet":"max-snippet:-1","max-image-preview":"max-image-preview:large","max-video-preview":"max-video-preview:-1"},"canonical":"https:\/\/www.eldiario.net\/portal\/2024\/02\/19\/ley-favorece-liberacion-de-criminales-como-blas-valencia\/","og_locale":"es_ES","og_type":"article","og_title":"Ley favorece liberaci\u00f3n de criminales como Blas Valencia - El Diario - Bolivia","og_description":"Luego de conocerse que el expolic\u00eda criminal, Blas Valencia, fue liberado con libertad condicional antes de cumplir la pena m\u00e1xima, el abogado penalista, Romer Velasco, afirm\u00f3 que es necesario modificar la actual ley para endurecer las penas en casos graves como asesinato. En contacto con EL DIARIO, Velasco se\u00f1al\u00f3 que las leyes penales actuales a\u00fan [&hellip;]","og_url":"https:\/\/www.eldiario.net\/portal\/2024\/02\/19\/ley-favorece-liberacion-de-criminales-como-blas-valencia\/","og_site_name":"El Diario - Bolivia","article_publisher":"https:\/\/www.facebook.com\/eldiario.bolivia\/","article_published_time":"2024-02-19T10:28:43+00:00","og_image":[{"width":992,"height":558,"url":"https:\/\/www.eldiario.net\/portal\/wp-content\/uploads\/2024\/02\/19-BLAS.jpg","type":"image\/jpeg"}],"author":"Jeanette","twitter_card":"summary_large_image","twitter_creator":"@eldiario_net","twitter_site":"@eldiario_net","twitter_misc":{"Escrito por":"Jeanette","Tiempo de lectura":"4 minutos"},"schema":{"@context":"https:\/\/schema.org","@graph":[{"@type":"Article","@id":"https:\/\/www.eldiario.net\/portal\/2024\/02\/19\/ley-favorece-liberacion-de-criminales-como-blas-valencia\/#article","isPartOf":{"@id":"https:\/\/www.eldiario.net\/portal\/2024\/02\/19\/ley-favorece-liberacion-de-criminales-como-blas-valencia\/"},"author":{"name":"Jeanette","@id":"https:\/\/www.eldiario.net\/portal\/#\/schema\/person\/f46445640444750d7d753ccd04ae01b7"},"headline":"Ley favorece liberaci\u00f3n de criminales como Blas Valencia","datePublished":"2024-02-19T10:28:43+00:00","mainEntityOfPage":{"@id":"https:\/\/www.eldiario.net\/portal\/2024\/02\/19\/ley-favorece-liberacion-de-criminales-como-blas-valencia\/"},"wordCount":809,"commentCount":0,"publisher":{"@id":"https:\/\/www.eldiario.net\/portal\/#organization"},"image":{"@id":"https:\/\/www.eldiario.net\/portal\/2024\/02\/19\/ley-favorece-liberacion-de-criminales-como-blas-valencia\/#primaryimage"},"thumbnailUrl":"https:\/\/www.eldiario.net\/portal\/wp-content\/uploads\/2024\/02\/19-BLAS.jpg","articleSection":["Sociedad - Seguridad"],"inLanguage":"es","potentialAction":[{"@type":"CommentAction","name":"Comment","target":["https:\/\/www.eldiario.net\/portal\/2024\/02\/19\/ley-favorece-liberacion-de-criminales-como-blas-valencia\/#respond"]}]},{"@type":"WebPage","@id":"https:\/\/www.eldiario.net\/portal\/2024\/02\/19\/ley-favorece-liberacion-de-criminales-como-blas-valencia\/","url":"https:\/\/www.eldiario.net\/portal\/2024\/02\/19\/ley-favorece-liberacion-de-criminales-como-blas-valencia\/","name":"Ley favorece liberaci\u00f3n de criminales como Blas Valencia - El Diario - Bolivia","isPartOf":{"@id":"https:\/\/www.eldiario.net\/portal\/#website"},"primaryImageOfPage":{"@id":"https:\/\/www.eldiario.net\/portal\/2024\/02\/19\/ley-favorece-liberacion-de-criminales-como-blas-valencia\/#primaryimage"},"image":{"@id":"https:\/\/www.eldiario.net\/portal\/2024\/02\/19\/ley-favorece-liberacion-de-criminales-como-blas-valencia\/#primaryimage"},"thumbnailUrl":"https:\/\/www.eldiario.net\/portal\/wp-content\/uploads\/2024\/02\/19-BLAS.jpg","datePublished":"2024-02-19T10:28:43+00:00","breadcrumb":{"@id":"https:\/\/www.eldiario.net\/portal\/2024\/02\/19\/ley-favorece-liberacion-de-criminales-como-blas-valencia\/#breadcrumb"},"inLanguage":"es","potentialAction":[{"@type":"ReadAction","target":["https:\/\/www.eldiario.net\/portal\/2024\/02\/19\/ley-favorece-liberacion-de-criminales-como-blas-valencia\/"]}]},{"@type":"ImageObject","inLanguage":"es","@id":"https:\/\/www.eldiario.net\/portal\/2024\/02\/19\/ley-favorece-liberacion-de-criminales-como-blas-valencia\/#primaryimage","url":"https:\/\/www.eldiario.net\/portal\/wp-content\/uploads\/2024\/02\/19-BLAS.jpg","contentUrl":"https:\/\/www.eldiario.net\/portal\/wp-content\/uploads\/2024\/02\/19-BLAS.jpg","width":992,"height":558,"caption":"Blas Valencia lider\u00f3 el atraco a una furgoneta de Prosegur en 2001."},{"@type":"BreadcrumbList","@id":"https:\/\/www.eldiario.net\/portal\/2024\/02\/19\/ley-favorece-liberacion-de-criminales-como-blas-valencia\/#breadcrumb","itemListElement":[{"@type":"ListItem","position":1,"name":"Portada","item":"https:\/\/www.eldiario.net\/portal\/"},{"@type":"ListItem","position":2,"name":"Ley favorece liberaci\u00f3n de criminales como Blas Valencia"}]},{"@type":"WebSite","@id":"https:\/\/www.eldiario.net\/portal\/#website","url":"https:\/\/www.eldiario.net\/portal\/","name":"El Diario - Decano de la prensa nacional","description":"El Diario - Decano de la prensa nacional","publisher":{"@id":"https:\/\/www.eldiario.net\/portal\/#organization"},"potentialAction":[{"@type":"SearchAction","target":{"@type":"EntryPoint","urlTemplate":"https:\/\/www.eldiario.net\/portal\/?s={search_term_string}"},"query-input":{"@type":"PropertyValueSpecification","valueRequired":true,"valueName":"search_term_string"}}],"inLanguage":"es"},{"@type":"Organization","@id":"https:\/\/www.eldiario.net\/portal\/#organization","name":"El Diario - Decano de la prensa nacional","url":"https:\/\/www.eldiario.net\/portal\/","logo":{"@type":"ImageObject","inLanguage":"es","@id":"https:\/\/www.eldiario.net\/portal\/#\/schema\/logo\/image\/","url":"https:\/\/www.eldiario.net\/portal\/wp-content\/uploads\/2023\/07\/logo_ED.jpg","contentUrl":"https:\/\/www.eldiario.net\/portal\/wp-content\/uploads\/2023\/07\/logo_ED.jpg","width":272,"height":52,"caption":"El Diario - Decano de la prensa nacional"},"image":{"@id":"https:\/\/www.eldiario.net\/portal\/#\/schema\/logo\/image\/"},"sameAs":["https:\/\/www.facebook.com\/eldiario.bolivia\/","https:\/\/x.com\/eldiario_net"]},{"@type":"Person","@id":"https:\/\/www.eldiario.net\/portal\/#\/schema\/person\/f46445640444750d7d753ccd04ae01b7","name":"Jeanette","image":{"@type":"ImageObject","inLanguage":"es","@id":"https:\/\/secure.gravatar.com\/avatar\/3ea2118a5f7dad2b7138b1187a6b7ee55f160b9968b66013c3a3ef39dd7e5798?s=96&d=mm&r=g","url":"https:\/\/secure.gravatar.com\/avatar\/3ea2118a5f7dad2b7138b1187a6b7ee55f160b9968b66013c3a3ef39dd7e5798?s=96&d=mm&r=g","contentUrl":"https:\/\/secure.gravatar.com\/avatar\/3ea2118a5f7dad2b7138b1187a6b7ee55f160b9968b66013c3a3ef39dd7e5798?s=96&d=mm&r=g","caption":"Jeanette"},"sameAs":["https:\/\/www.eldiario.net\/portal"],"url":"https:\/\/www.eldiario.net\/portal\/author\/jeanette\/"}]}},"_links":{"self":[{"href":"https:\/\/www.eldiario.net\/portal\/wp-json\/wp\/v2\/posts\/203908","targetHints":{"allow":["GET"]}}],"collection":[{"href":"https:\/\/www.eldiario.net\/portal\/wp-json\/wp\/v2\/posts"}],"about":[{"href":"https:\/\/www.eldiario.net\/portal\/wp-json\/wp\/v2\/types\/post"}],"author":[{"embeddable":true,"href":"https:\/\/www.eldiario.net\/portal\/wp-json\/wp\/v2\/users\/1"}],"replies":[{"embeddable":true,"href":"https:\/\/www.eldiario.net\/portal\/wp-json\/wp\/v2\/comments?post=203908"}],"version-history":[{"count":1,"href":"https:\/\/www.eldiario.net\/portal\/wp-json\/wp\/v2\/posts\/203908\/revisions"}],"predecessor-version":[{"id":203910,"href":"https:\/\/www.eldiario.net\/portal\/wp-json\/wp\/v2\/posts\/203908\/revisions\/203910"}],"wp:featuredmedia":[{"embeddable":true,"href":"https:\/\/www.eldiario.net\/portal\/wp-json\/wp\/v2\/media\/203909"}],"wp:attachment":[{"href":"https:\/\/www.eldiario.net\/portal\/wp-json\/wp\/v2\/media?parent=203908"}],"wp:term":[{"taxonomy":"category","embeddable":true,"href":"https:\/\/www.eldiario.net\/portal\/wp-json\/wp\/v2\/categories?post=203908"},{"taxonomy":"post_tag","embeddable":true,"href":"https:\/\/www.eldiario.net\/portal\/wp-json\/wp\/v2\/tags?post=203908"}],"curies":[{"name":"wp","href":"https:\/\/api.w.org\/{rel}","templated":true}]}}