{"id":203905,"date":"2024-02-19T06:28:08","date_gmt":"2024-02-19T10:28:08","guid":{"rendered":"https:\/\/www.eldiario.net\/portal\/?p=203905"},"modified":"2024-02-19T06:28:08","modified_gmt":"2024-02-19T10:28:08","slug":"investigan-a-exempleados-por-documentar-a-narco-brasileno","status":"publish","type":"post","link":"https:\/\/www.eldiario.net\/portal\/2024\/02\/19\/investigan-a-exempleados-por-documentar-a-narco-brasileno\/","title":{"rendered":"Investigan a exempleados por  documentar a narco brasile\u00f1o"},"content":{"rendered":"<p>Dos exfuncionarios del Servicio General de Identificaci\u00f3n Personal (Segip) de San Ignacio de Velasco son investigados por supuestamente haber entregado una c\u00e9dula de identidad y licencia de conducir al narcotraficante brasile\u00f1o, Lourival M\u00e1ximo da Fonseca.<br \/>\nLa entidad institucional inform\u00f3 que los dos exempleados ser\u00e1n puestos a consideraci\u00f3n de la Fiscal\u00eda General del Estado para su correspondiente investigaci\u00f3n, luego de revelarse que el peligroso capo ten\u00eda m\u00faltiples identidades falsas durante su estad\u00eda en el pa\u00eds. Sin embargo, uno de ellos est\u00e1 fuera del pa\u00eds.<br \/>\n\u201cHay un operador que tiene su flujo migratorio en Estados Unidos, pero se pedir\u00e1n requerimientos para traerlo y que cumpla con las sanciones en Bolivia\u201d, inform\u00f3 el director del Segip cruce\u00f1o, Alpacino Mojica.<br \/>\nPor otra parte, el segundo implicado ser\u00e1 citado por la Fiscal\u00eda para que esta persona explique en qu\u00e9 circunstancias el brasile\u00f1o obtuvo una licencia de conducir en 2018 pese a tener observaciones en su c\u00e9dula, manifest\u00f3 Mojica.<br \/>\nEl pasado jueves, Da Fonseca fue capturado por la Polic\u00eda en San Ignacio de Velasco, Santa Cruz. El ministro de Gobierno, Eduardo Del Castillo, revel\u00f3 que una de sus identidades falsa respond\u00eda al nombre de Jos\u00e9 de Jes\u00fas Souza.<br \/>\nLa autoridad del Segip, explic\u00f3 que se verific\u00f3 que la emisi\u00f3n de dicha c\u00e9dula fue irregular y que no cuenta con ninguna documentaci\u00f3n de respaldo, lo cual se coadyuva en las investigaciones.<br \/>\nEn 2018, Da Fonseca tramit\u00f3 y obtuvo una licencia de conducir en el municipio de San Ignacio de Velasco, pese a que no pod\u00eda realizar ning\u00fan tr\u00e1mite por las observaciones de su c\u00e9dula de identidad, agreg\u00f3.<br \/>\n\u201cNos llama la atenci\u00f3n que esta c\u00e9dula ya estaba con observaciones y no se pod\u00eda hacer ning\u00fan tr\u00e1mite, pero el 2018 se emite una licencia de conducir. Los operadores de ese entonces, que estaban operando con la anterior administraci\u00f3n, nos ha tra\u00eddo muchos conflictos\u201d, se\u00f1al\u00f3.<br \/>\nDa Fonseca es considerado uno de los narcotraficantes brasile\u00f1os m\u00e1s peligrosos de la regi\u00f3n, pues era buscado por delitos de narcotr\u00e1fico, lavado de dinero y tr\u00e1fico de armas. Se presume que, hace diez a\u00f1os, el hombre traficaba sustancias controladas desde Bolivia a trav\u00e9s de conexiones en Brasil, Per\u00fa y Paraguay. (Agencias)<\/p>\n","protected":false},"excerpt":{"rendered":"<p>Dos exfuncionarios del Servicio General de Identificaci\u00f3n Personal (Segip) de San Ignacio de Velasco son investigados por supuestamente haber entregado una c\u00e9dula de identidad y licencia de conducir al narcotraficante brasile\u00f1o, Lourival M\u00e1ximo da Fonseca. La entidad institucional inform\u00f3 que los dos exempleados ser\u00e1n puestos a consideraci\u00f3n de la Fiscal\u00eda General del Estado para su [&hellip;]<\/p>\n","protected":false},"author":1,"featured_media":203906,"comment_status":"open","ping_status":"open","sticky":false,"template":"","format":"standard","meta":{"_acf_changed":false,"footnotes":""},"categories":[39],"tags":[],"class_list":["post-203905","post","type-post","status-publish","format-standard","has-post-thumbnail","category-sociedad"],"acf":{"antetitulo":"Segip Santa Cruz"},"yoast_head":"<!-- This site is optimized with the Yoast SEO plugin v28.4 - https:\/\/yoast.com\/product\/yoast-seo-wordpress\/ -->\n<title>Investigan a exempleados por documentar a narco brasile\u00f1o - El Diario - Bolivia<\/title>\n<meta name=\"robots\" content=\"index, follow, max-snippet:-1, max-image-preview:large, max-video-preview:-1\" \/>\n<link rel=\"canonical\" href=\"https:\/\/www.eldiario.net\/portal\/2024\/02\/19\/investigan-a-exempleados-por-documentar-a-narco-brasileno\/\" \/>\n<meta property=\"og:locale\" content=\"es_ES\" \/>\n<meta property=\"og:type\" content=\"article\" \/>\n<meta property=\"og:title\" content=\"Investigan a exempleados por documentar a narco brasile\u00f1o - El Diario - Bolivia\" \/>\n<meta property=\"og:description\" content=\"Dos exfuncionarios del Servicio General de Identificaci\u00f3n Personal (Segip) de San Ignacio de Velasco son investigados por supuestamente haber entregado una c\u00e9dula de identidad y licencia de conducir al narcotraficante brasile\u00f1o, Lourival M\u00e1ximo da Fonseca. La entidad institucional inform\u00f3 que los dos exempleados ser\u00e1n puestos a consideraci\u00f3n de la Fiscal\u00eda General del Estado para su [&hellip;]\" \/>\n<meta property=\"og:url\" content=\"https:\/\/www.eldiario.net\/portal\/2024\/02\/19\/investigan-a-exempleados-por-documentar-a-narco-brasileno\/\" \/>\n<meta property=\"og:site_name\" content=\"El Diario - Bolivia\" \/>\n<meta property=\"article:publisher\" content=\"https:\/\/www.facebook.com\/eldiario.bolivia\/\" \/>\n<meta property=\"article:published_time\" content=\"2024-02-19T10:28:08+00:00\" \/>\n<meta property=\"og:image\" content=\"https:\/\/www.eldiario.net\/portal\/wp-content\/uploads\/2024\/02\/19-SEGIP.jpg\" \/>\n\t<meta property=\"og:image:width\" content=\"1280\" \/>\n\t<meta property=\"og:image:height\" content=\"622\" \/>\n\t<meta property=\"og:image:type\" content=\"image\/jpeg\" \/>\n<meta name=\"author\" content=\"Jeanette\" \/>\n<meta name=\"twitter:card\" content=\"summary_large_image\" \/>\n<meta name=\"twitter:creator\" content=\"@eldiario_net\" \/>\n<meta name=\"twitter:site\" content=\"@eldiario_net\" \/>\n<meta name=\"twitter:label1\" content=\"Escrito por\" \/>\n\t<meta name=\"twitter:data1\" content=\"Jeanette\" \/>\n\t<meta name=\"twitter:label2\" content=\"Tiempo de lectura\" \/>\n\t<meta name=\"twitter:data2\" content=\"2 minutos\" \/>\n<script type=\"application\/ld+json\" class=\"yoast-schema-graph\">{\"@context\":\"https:\\\/\\\/schema.org\",\"@graph\":[{\"@type\":\"Article\",\"@id\":\"https:\\\/\\\/www.eldiario.net\\\/portal\\\/2024\\\/02\\\/19\\\/investigan-a-exempleados-por-documentar-a-narco-brasileno\\\/#article\",\"isPartOf\":{\"@id\":\"https:\\\/\\\/www.eldiario.net\\\/portal\\\/2024\\\/02\\\/19\\\/investigan-a-exempleados-por-documentar-a-narco-brasileno\\\/\"},\"author\":{\"name\":\"Jeanette\",\"@id\":\"https:\\\/\\\/www.eldiario.net\\\/portal\\\/#\\\/schema\\\/person\\\/f46445640444750d7d753ccd04ae01b7\"},\"headline\":\"Investigan a exempleados por documentar a narco brasile\u00f1o\",\"datePublished\":\"2024-02-19T10:28:08+00:00\",\"mainEntityOfPage\":{\"@id\":\"https:\\\/\\\/www.eldiario.net\\\/portal\\\/2024\\\/02\\\/19\\\/investigan-a-exempleados-por-documentar-a-narco-brasileno\\\/\"},\"wordCount\":405,\"commentCount\":0,\"publisher\":{\"@id\":\"https:\\\/\\\/www.eldiario.net\\\/portal\\\/#organization\"},\"image\":{\"@id\":\"https:\\\/\\\/www.eldiario.net\\\/portal\\\/2024\\\/02\\\/19\\\/investigan-a-exempleados-por-documentar-a-narco-brasileno\\\/#primaryimage\"},\"thumbnailUrl\":\"https:\\\/\\\/www.eldiario.net\\\/portal\\\/wp-content\\\/uploads\\\/2024\\\/02\\\/19-SEGIP.jpg\",\"articleSection\":[\"Sociedad - Seguridad\"],\"inLanguage\":\"es\",\"potentialAction\":[{\"@type\":\"CommentAction\",\"name\":\"Comment\",\"target\":[\"https:\\\/\\\/www.eldiario.net\\\/portal\\\/2024\\\/02\\\/19\\\/investigan-a-exempleados-por-documentar-a-narco-brasileno\\\/#respond\"]}]},{\"@type\":\"WebPage\",\"@id\":\"https:\\\/\\\/www.eldiario.net\\\/portal\\\/2024\\\/02\\\/19\\\/investigan-a-exempleados-por-documentar-a-narco-brasileno\\\/\",\"url\":\"https:\\\/\\\/www.eldiario.net\\\/portal\\\/2024\\\/02\\\/19\\\/investigan-a-exempleados-por-documentar-a-narco-brasileno\\\/\",\"name\":\"Investigan a exempleados por documentar a narco brasile\u00f1o - El Diario - Bolivia\",\"isPartOf\":{\"@id\":\"https:\\\/\\\/www.eldiario.net\\\/portal\\\/#website\"},\"primaryImageOfPage\":{\"@id\":\"https:\\\/\\\/www.eldiario.net\\\/portal\\\/2024\\\/02\\\/19\\\/investigan-a-exempleados-por-documentar-a-narco-brasileno\\\/#primaryimage\"},\"image\":{\"@id\":\"https:\\\/\\\/www.eldiario.net\\\/portal\\\/2024\\\/02\\\/19\\\/investigan-a-exempleados-por-documentar-a-narco-brasileno\\\/#primaryimage\"},\"thumbnailUrl\":\"https:\\\/\\\/www.eldiario.net\\\/portal\\\/wp-content\\\/uploads\\\/2024\\\/02\\\/19-SEGIP.jpg\",\"datePublished\":\"2024-02-19T10:28:08+00:00\",\"breadcrumb\":{\"@id\":\"https:\\\/\\\/www.eldiario.net\\\/portal\\\/2024\\\/02\\\/19\\\/investigan-a-exempleados-por-documentar-a-narco-brasileno\\\/#breadcrumb\"},\"inLanguage\":\"es\",\"potentialAction\":[{\"@type\":\"ReadAction\",\"target\":[\"https:\\\/\\\/www.eldiario.net\\\/portal\\\/2024\\\/02\\\/19\\\/investigan-a-exempleados-por-documentar-a-narco-brasileno\\\/\"]}]},{\"@type\":\"ImageObject\",\"inLanguage\":\"es\",\"@id\":\"https:\\\/\\\/www.eldiario.net\\\/portal\\\/2024\\\/02\\\/19\\\/investigan-a-exempleados-por-documentar-a-narco-brasileno\\\/#primaryimage\",\"url\":\"https:\\\/\\\/www.eldiario.net\\\/portal\\\/wp-content\\\/uploads\\\/2024\\\/02\\\/19-SEGIP.jpg\",\"contentUrl\":\"https:\\\/\\\/www.eldiario.net\\\/portal\\\/wp-content\\\/uploads\\\/2024\\\/02\\\/19-SEGIP.jpg\",\"width\":1280,\"height\":622,\"caption\":\"Dependencias del Segip en el departamento cruce\u00f1o.\"},{\"@type\":\"BreadcrumbList\",\"@id\":\"https:\\\/\\\/www.eldiario.net\\\/portal\\\/2024\\\/02\\\/19\\\/investigan-a-exempleados-por-documentar-a-narco-brasileno\\\/#breadcrumb\",\"itemListElement\":[{\"@type\":\"ListItem\",\"position\":1,\"name\":\"Portada\",\"item\":\"https:\\\/\\\/www.eldiario.net\\\/portal\\\/\"},{\"@type\":\"ListItem\",\"position\":2,\"name\":\"Investigan a exempleados por documentar a narco brasile\u00f1o\"}]},{\"@type\":\"WebSite\",\"@id\":\"https:\\\/\\\/www.eldiario.net\\\/portal\\\/#website\",\"url\":\"https:\\\/\\\/www.eldiario.net\\\/portal\\\/\",\"name\":\"El Diario - Decano de la prensa nacional\",\"description\":\"El Diario - Decano de la prensa nacional\",\"publisher\":{\"@id\":\"https:\\\/\\\/www.eldiario.net\\\/portal\\\/#organization\"},\"potentialAction\":[{\"@type\":\"SearchAction\",\"target\":{\"@type\":\"EntryPoint\",\"urlTemplate\":\"https:\\\/\\\/www.eldiario.net\\\/portal\\\/?s={search_term_string}\"},\"query-input\":{\"@type\":\"PropertyValueSpecification\",\"valueRequired\":true,\"valueName\":\"search_term_string\"}}],\"inLanguage\":\"es\"},{\"@type\":\"Organization\",\"@id\":\"https:\\\/\\\/www.eldiario.net\\\/portal\\\/#organization\",\"name\":\"El Diario - Decano de la prensa nacional\",\"url\":\"https:\\\/\\\/www.eldiario.net\\\/portal\\\/\",\"logo\":{\"@type\":\"ImageObject\",\"inLanguage\":\"es\",\"@id\":\"https:\\\/\\\/www.eldiario.net\\\/portal\\\/#\\\/schema\\\/logo\\\/image\\\/\",\"url\":\"https:\\\/\\\/www.eldiario.net\\\/portal\\\/wp-content\\\/uploads\\\/2023\\\/07\\\/logo_ED.jpg\",\"contentUrl\":\"https:\\\/\\\/www.eldiario.net\\\/portal\\\/wp-content\\\/uploads\\\/2023\\\/07\\\/logo_ED.jpg\",\"width\":272,\"height\":52,\"caption\":\"El Diario - Decano de la prensa nacional\"},\"image\":{\"@id\":\"https:\\\/\\\/www.eldiario.net\\\/portal\\\/#\\\/schema\\\/logo\\\/image\\\/\"},\"sameAs\":[\"https:\\\/\\\/www.facebook.com\\\/eldiario.bolivia\\\/\",\"https:\\\/\\\/x.com\\\/eldiario_net\"]},{\"@type\":\"Person\",\"@id\":\"https:\\\/\\\/www.eldiario.net\\\/portal\\\/#\\\/schema\\\/person\\\/f46445640444750d7d753ccd04ae01b7\",\"name\":\"Jeanette\",\"image\":{\"@type\":\"ImageObject\",\"inLanguage\":\"es\",\"@id\":\"https:\\\/\\\/secure.gravatar.com\\\/avatar\\\/3ea2118a5f7dad2b7138b1187a6b7ee55f160b9968b66013c3a3ef39dd7e5798?s=96&d=mm&r=g\",\"url\":\"https:\\\/\\\/secure.gravatar.com\\\/avatar\\\/3ea2118a5f7dad2b7138b1187a6b7ee55f160b9968b66013c3a3ef39dd7e5798?s=96&d=mm&r=g\",\"contentUrl\":\"https:\\\/\\\/secure.gravatar.com\\\/avatar\\\/3ea2118a5f7dad2b7138b1187a6b7ee55f160b9968b66013c3a3ef39dd7e5798?s=96&d=mm&r=g\",\"caption\":\"Jeanette\"},\"sameAs\":[\"https:\\\/\\\/www.eldiario.net\\\/portal\"],\"url\":\"https:\\\/\\\/www.eldiario.net\\\/portal\\\/author\\\/jeanette\\\/\"}]}<\/script>\n<!-- \/ Yoast SEO plugin. -->","yoast_head_json":{"title":"Investigan a exempleados por documentar a narco brasile\u00f1o - El Diario - Bolivia","robots":{"index":"index","follow":"follow","max-snippet":"max-snippet:-1","max-image-preview":"max-image-preview:large","max-video-preview":"max-video-preview:-1"},"canonical":"https:\/\/www.eldiario.net\/portal\/2024\/02\/19\/investigan-a-exempleados-por-documentar-a-narco-brasileno\/","og_locale":"es_ES","og_type":"article","og_title":"Investigan a exempleados por documentar a narco brasile\u00f1o - El Diario - Bolivia","og_description":"Dos exfuncionarios del Servicio General de Identificaci\u00f3n Personal (Segip) de San Ignacio de Velasco son investigados por supuestamente haber entregado una c\u00e9dula de identidad y licencia de conducir al narcotraficante brasile\u00f1o, Lourival M\u00e1ximo da Fonseca. La entidad institucional inform\u00f3 que los dos exempleados ser\u00e1n puestos a consideraci\u00f3n de la Fiscal\u00eda General del Estado para su [&hellip;]","og_url":"https:\/\/www.eldiario.net\/portal\/2024\/02\/19\/investigan-a-exempleados-por-documentar-a-narco-brasileno\/","og_site_name":"El Diario - Bolivia","article_publisher":"https:\/\/www.facebook.com\/eldiario.bolivia\/","article_published_time":"2024-02-19T10:28:08+00:00","og_image":[{"width":1280,"height":622,"url":"https:\/\/www.eldiario.net\/portal\/wp-content\/uploads\/2024\/02\/19-SEGIP.jpg","type":"image\/jpeg"}],"author":"Jeanette","twitter_card":"summary_large_image","twitter_creator":"@eldiario_net","twitter_site":"@eldiario_net","twitter_misc":{"Escrito por":"Jeanette","Tiempo de lectura":"2 minutos"},"schema":{"@context":"https:\/\/schema.org","@graph":[{"@type":"Article","@id":"https:\/\/www.eldiario.net\/portal\/2024\/02\/19\/investigan-a-exempleados-por-documentar-a-narco-brasileno\/#article","isPartOf":{"@id":"https:\/\/www.eldiario.net\/portal\/2024\/02\/19\/investigan-a-exempleados-por-documentar-a-narco-brasileno\/"},"author":{"name":"Jeanette","@id":"https:\/\/www.eldiario.net\/portal\/#\/schema\/person\/f46445640444750d7d753ccd04ae01b7"},"headline":"Investigan a exempleados por documentar a narco brasile\u00f1o","datePublished":"2024-02-19T10:28:08+00:00","mainEntityOfPage":{"@id":"https:\/\/www.eldiario.net\/portal\/2024\/02\/19\/investigan-a-exempleados-por-documentar-a-narco-brasileno\/"},"wordCount":405,"commentCount":0,"publisher":{"@id":"https:\/\/www.eldiario.net\/portal\/#organization"},"image":{"@id":"https:\/\/www.eldiario.net\/portal\/2024\/02\/19\/investigan-a-exempleados-por-documentar-a-narco-brasileno\/#primaryimage"},"thumbnailUrl":"https:\/\/www.eldiario.net\/portal\/wp-content\/uploads\/2024\/02\/19-SEGIP.jpg","articleSection":["Sociedad - Seguridad"],"inLanguage":"es","potentialAction":[{"@type":"CommentAction","name":"Comment","target":["https:\/\/www.eldiario.net\/portal\/2024\/02\/19\/investigan-a-exempleados-por-documentar-a-narco-brasileno\/#respond"]}]},{"@type":"WebPage","@id":"https:\/\/www.eldiario.net\/portal\/2024\/02\/19\/investigan-a-exempleados-por-documentar-a-narco-brasileno\/","url":"https:\/\/www.eldiario.net\/portal\/2024\/02\/19\/investigan-a-exempleados-por-documentar-a-narco-brasileno\/","name":"Investigan a exempleados por documentar a narco brasile\u00f1o - El Diario - Bolivia","isPartOf":{"@id":"https:\/\/www.eldiario.net\/portal\/#website"},"primaryImageOfPage":{"@id":"https:\/\/www.eldiario.net\/portal\/2024\/02\/19\/investigan-a-exempleados-por-documentar-a-narco-brasileno\/#primaryimage"},"image":{"@id":"https:\/\/www.eldiario.net\/portal\/2024\/02\/19\/investigan-a-exempleados-por-documentar-a-narco-brasileno\/#primaryimage"},"thumbnailUrl":"https:\/\/www.eldiario.net\/portal\/wp-content\/uploads\/2024\/02\/19-SEGIP.jpg","datePublished":"2024-02-19T10:28:08+00:00","breadcrumb":{"@id":"https:\/\/www.eldiario.net\/portal\/2024\/02\/19\/investigan-a-exempleados-por-documentar-a-narco-brasileno\/#breadcrumb"},"inLanguage":"es","potentialAction":[{"@type":"ReadAction","target":["https:\/\/www.eldiario.net\/portal\/2024\/02\/19\/investigan-a-exempleados-por-documentar-a-narco-brasileno\/"]}]},{"@type":"ImageObject","inLanguage":"es","@id":"https:\/\/www.eldiario.net\/portal\/2024\/02\/19\/investigan-a-exempleados-por-documentar-a-narco-brasileno\/#primaryimage","url":"https:\/\/www.eldiario.net\/portal\/wp-content\/uploads\/2024\/02\/19-SEGIP.jpg","contentUrl":"https:\/\/www.eldiario.net\/portal\/wp-content\/uploads\/2024\/02\/19-SEGIP.jpg","width":1280,"height":622,"caption":"Dependencias del Segip en el departamento cruce\u00f1o."},{"@type":"BreadcrumbList","@id":"https:\/\/www.eldiario.net\/portal\/2024\/02\/19\/investigan-a-exempleados-por-documentar-a-narco-brasileno\/#breadcrumb","itemListElement":[{"@type":"ListItem","position":1,"name":"Portada","item":"https:\/\/www.eldiario.net\/portal\/"},{"@type":"ListItem","position":2,"name":"Investigan a exempleados por documentar a narco brasile\u00f1o"}]},{"@type":"WebSite","@id":"https:\/\/www.eldiario.net\/portal\/#website","url":"https:\/\/www.eldiario.net\/portal\/","name":"El Diario - Decano de la prensa nacional","description":"El Diario - Decano de la prensa nacional","publisher":{"@id":"https:\/\/www.eldiario.net\/portal\/#organization"},"potentialAction":[{"@type":"SearchAction","target":{"@type":"EntryPoint","urlTemplate":"https:\/\/www.eldiario.net\/portal\/?s={search_term_string}"},"query-input":{"@type":"PropertyValueSpecification","valueRequired":true,"valueName":"search_term_string"}}],"inLanguage":"es"},{"@type":"Organization","@id":"https:\/\/www.eldiario.net\/portal\/#organization","name":"El Diario - Decano de la prensa nacional","url":"https:\/\/www.eldiario.net\/portal\/","logo":{"@type":"ImageObject","inLanguage":"es","@id":"https:\/\/www.eldiario.net\/portal\/#\/schema\/logo\/image\/","url":"https:\/\/www.eldiario.net\/portal\/wp-content\/uploads\/2023\/07\/logo_ED.jpg","contentUrl":"https:\/\/www.eldiario.net\/portal\/wp-content\/uploads\/2023\/07\/logo_ED.jpg","width":272,"height":52,"caption":"El Diario - Decano de la prensa nacional"},"image":{"@id":"https:\/\/www.eldiario.net\/portal\/#\/schema\/logo\/image\/"},"sameAs":["https:\/\/www.facebook.com\/eldiario.bolivia\/","https:\/\/x.com\/eldiario_net"]},{"@type":"Person","@id":"https:\/\/www.eldiario.net\/portal\/#\/schema\/person\/f46445640444750d7d753ccd04ae01b7","name":"Jeanette","image":{"@type":"ImageObject","inLanguage":"es","@id":"https:\/\/secure.gravatar.com\/avatar\/3ea2118a5f7dad2b7138b1187a6b7ee55f160b9968b66013c3a3ef39dd7e5798?s=96&d=mm&r=g","url":"https:\/\/secure.gravatar.com\/avatar\/3ea2118a5f7dad2b7138b1187a6b7ee55f160b9968b66013c3a3ef39dd7e5798?s=96&d=mm&r=g","contentUrl":"https:\/\/secure.gravatar.com\/avatar\/3ea2118a5f7dad2b7138b1187a6b7ee55f160b9968b66013c3a3ef39dd7e5798?s=96&d=mm&r=g","caption":"Jeanette"},"sameAs":["https:\/\/www.eldiario.net\/portal"],"url":"https:\/\/www.eldiario.net\/portal\/author\/jeanette\/"}]}},"_links":{"self":[{"href":"https:\/\/www.eldiario.net\/portal\/wp-json\/wp\/v2\/posts\/203905","targetHints":{"allow":["GET"]}}],"collection":[{"href":"https:\/\/www.eldiario.net\/portal\/wp-json\/wp\/v2\/posts"}],"about":[{"href":"https:\/\/www.eldiario.net\/portal\/wp-json\/wp\/v2\/types\/post"}],"author":[{"embeddable":true,"href":"https:\/\/www.eldiario.net\/portal\/wp-json\/wp\/v2\/users\/1"}],"replies":[{"embeddable":true,"href":"https:\/\/www.eldiario.net\/portal\/wp-json\/wp\/v2\/comments?post=203905"}],"version-history":[{"count":1,"href":"https:\/\/www.eldiario.net\/portal\/wp-json\/wp\/v2\/posts\/203905\/revisions"}],"predecessor-version":[{"id":203907,"href":"https:\/\/www.eldiario.net\/portal\/wp-json\/wp\/v2\/posts\/203905\/revisions\/203907"}],"wp:featuredmedia":[{"embeddable":true,"href":"https:\/\/www.eldiario.net\/portal\/wp-json\/wp\/v2\/media\/203906"}],"wp:attachment":[{"href":"https:\/\/www.eldiario.net\/portal\/wp-json\/wp\/v2\/media?parent=203905"}],"wp:term":[{"taxonomy":"category","embeddable":true,"href":"https:\/\/www.eldiario.net\/portal\/wp-json\/wp\/v2\/categories?post=203905"},{"taxonomy":"post_tag","embeddable":true,"href":"https:\/\/www.eldiario.net\/portal\/wp-json\/wp\/v2\/tags?post=203905"}],"curies":[{"name":"wp","href":"https:\/\/api.w.org\/{rel}","templated":true}]}}