{"id":203900,"date":"2024-02-19T06:26:16","date_gmt":"2024-02-19T10:26:16","guid":{"rendered":"https:\/\/www.eldiario.net\/portal\/?p=203900"},"modified":"2024-02-19T06:26:16","modified_gmt":"2024-02-19T10:26:16","slug":"ministerio-de-medio-ambiente-se-une-a-demanda-de-guardaparques","status":"publish","type":"post","link":"https:\/\/www.eldiario.net\/portal\/2024\/02\/19\/ministerio-de-medio-ambiente-se-une-a-demanda-de-guardaparques\/","title":{"rendered":"Ministerio de Medio Ambiente se  une a demanda de guardaparques"},"content":{"rendered":"<p>El ministro de Medio Ambiente y Agua, Rub\u00e9n M\u00e9ndez, inform\u00f3 que se constituir\u00e1 en parte del proceso penal que enfrentan dos guardaparques del Madidi, luego de revelar que enfrentan un proceso injusto contra un cooperativista minero en total indefensi\u00f3n.<br \/>\n\u201cDefinitivamente vamos a coadyuvar y constituirnos como parte en esta demanda\u201d, declar\u00f3 el Ministro a la prensa cuando fue consultado si su cartera de Estado se unir\u00eda al proceso que enfrentan los dos guardaparques.<br \/>\nRa\u00fal Santa Cruz y Marcos Uzquiano son demandados por el cooperativista minero, Ramiro Cuevas, por los supuestos delitos de difamaci\u00f3n y calumnia, cuando denunciaron el ingreso ilegal de su maquinaria pesada para realizar actividades mineras en el \u00e1rea protegida del parque nacional Madidi.<br \/>\nRecientemente, Uzquiano denunci\u00f3 p\u00fablicamente que el Servicio Nacional de \u00c1reas Protegidas (Sernap) se neg\u00f3 a brindarles representaci\u00f3n alegando que la demanda era un \u201casunto privado\u201d, pese a recalcar que estaban en el ejercicio de sus funciones.<br \/>\nUzquiano y Santa Cruz exigieron una participaci\u00f3n m\u00e1s activa y menos \u201ct\u00edmida\u201d de las autoridades para hacer frente a un proceso que consideran injusto, pues solo se limitaron a cumplir su trabajo.<br \/>\nAsimismo, denunciaron que el proceso en su contra era una \u201cpersecuci\u00f3n minera\u201d por presentar irregularidades en las notificaciones.<br \/>\nEl ministro agreg\u00f3 ahora que los derechos de los dos guardaparques fueron vulnerados y que son servidores p\u00fablicos, con la misi\u00f3n de conservar y resguardar las \u00e1reas protegidas del territorio.<br \/>\nReconoci\u00f3 la presencia de personas que intentan ingresar al Madidi de manera clandestina para extraer minerales. \u201cHay gente inescrupulosa y clandestina que quiere trabajar en la parte de la miner\u00eda y estar\u00eda maltratando a los guardaparques\u201d, se\u00f1al\u00f3.<br \/>\nPor otra parte, M\u00e9ndez anunci\u00f3 que Medio Ambiente busca conseguir mayor presupuesto para mejorar las condiciones de trabajo de los guardaparques, luego de considerarla insuficiente.<br \/>\nSostuvo que se ha instruido al Sernap fortalecer el tema de guardaparques y que elaborar\u00e1 una estrategia de fortalecimiento de reservas como la del Madidi, junto con el director de la entidad estatal.<br \/>\nLos acusados sostuvieron que Cuevas es conocido por tener una actitud hostil y agresiva. El d\u00eda que Santa Cruz hizo frente al minero para intentar impedir su ingreso al \u00e1rea protegida, Cuevas lleg\u00f3 a amenazarlo pese a su advertencia de que la actividad minera en el \u00e1rea es ilegal.<br \/>\nAun as\u00ed, el minero logr\u00f3 ingresar con su maquinaria para operar ilegalmente, lo que fue denunciado por Uzquiano en redes sociales, quien no estaba en el lugar el d\u00eda que sucedi\u00f3 el hecho.<br \/>\nTiempo despu\u00e9s, ambos fueron demandados por supuestamente atentar contra la dignidad y la imagen de Cuevas.<\/p>\n","protected":false},"excerpt":{"rendered":"<p>El ministro de Medio Ambiente y Agua, Rub\u00e9n M\u00e9ndez, inform\u00f3 que se constituir\u00e1 en parte del proceso penal que enfrentan dos guardaparques del Madidi, luego de revelar que enfrentan un proceso injusto contra un cooperativista minero en total indefensi\u00f3n. \u201cDefinitivamente vamos a coadyuvar y constituirnos como parte en esta demanda\u201d, declar\u00f3 el Ministro a la [&hellip;]<\/p>\n","protected":false},"author":1,"featured_media":203901,"comment_status":"open","ping_status":"open","sticky":false,"template":"","format":"standard","meta":{"_acf_changed":false,"footnotes":""},"categories":[39],"tags":[],"class_list":["post-203900","post","type-post","status-publish","format-standard","has-post-thumbnail","category-sociedad"],"acf":{"antetitulo":""},"yoast_head":"<!-- This site is optimized with the Yoast SEO plugin v28.4 - https:\/\/yoast.com\/product\/yoast-seo-wordpress\/ -->\n<title>Ministerio de Medio Ambiente se une a demanda de guardaparques - El Diario - Bolivia<\/title>\n<meta name=\"robots\" content=\"index, follow, max-snippet:-1, max-image-preview:large, max-video-preview:-1\" \/>\n<link rel=\"canonical\" href=\"https:\/\/www.eldiario.net\/portal\/2024\/02\/19\/ministerio-de-medio-ambiente-se-une-a-demanda-de-guardaparques\/\" \/>\n<meta property=\"og:locale\" content=\"es_ES\" \/>\n<meta property=\"og:type\" content=\"article\" \/>\n<meta property=\"og:title\" content=\"Ministerio de Medio Ambiente se une a demanda de guardaparques - El Diario - Bolivia\" \/>\n<meta property=\"og:description\" content=\"El ministro de Medio Ambiente y Agua, Rub\u00e9n M\u00e9ndez, inform\u00f3 que se constituir\u00e1 en parte del proceso penal que enfrentan dos guardaparques del Madidi, luego de revelar que enfrentan un proceso injusto contra un cooperativista minero en total indefensi\u00f3n. \u201cDefinitivamente vamos a coadyuvar y constituirnos como parte en esta demanda\u201d, declar\u00f3 el Ministro a la [&hellip;]\" \/>\n<meta property=\"og:url\" content=\"https:\/\/www.eldiario.net\/portal\/2024\/02\/19\/ministerio-de-medio-ambiente-se-une-a-demanda-de-guardaparques\/\" \/>\n<meta property=\"og:site_name\" content=\"El Diario - Bolivia\" \/>\n<meta property=\"article:publisher\" content=\"https:\/\/www.facebook.com\/eldiario.bolivia\/\" \/>\n<meta property=\"article:published_time\" content=\"2024-02-19T10:26:16+00:00\" \/>\n<meta property=\"og:image\" content=\"https:\/\/www.eldiario.net\/portal\/wp-content\/uploads\/2024\/02\/19-SERNAP.jpg\" \/>\n\t<meta property=\"og:image:width\" content=\"1080\" \/>\n\t<meta property=\"og:image:height\" content=\"1080\" \/>\n\t<meta property=\"og:image:type\" content=\"image\/jpeg\" \/>\n<meta name=\"author\" content=\"Jeanette\" \/>\n<meta name=\"twitter:card\" content=\"summary_large_image\" \/>\n<meta name=\"twitter:creator\" content=\"@eldiario_net\" \/>\n<meta name=\"twitter:site\" content=\"@eldiario_net\" \/>\n<meta name=\"twitter:label1\" content=\"Escrito por\" \/>\n\t<meta name=\"twitter:data1\" content=\"Jeanette\" \/>\n\t<meta name=\"twitter:label2\" content=\"Tiempo de lectura\" \/>\n\t<meta name=\"twitter:data2\" content=\"3 minutos\" \/>\n<script type=\"application\/ld+json\" class=\"yoast-schema-graph\">{\"@context\":\"https:\\\/\\\/schema.org\",\"@graph\":[{\"@type\":\"Article\",\"@id\":\"https:\\\/\\\/www.eldiario.net\\\/portal\\\/2024\\\/02\\\/19\\\/ministerio-de-medio-ambiente-se-une-a-demanda-de-guardaparques\\\/#article\",\"isPartOf\":{\"@id\":\"https:\\\/\\\/www.eldiario.net\\\/portal\\\/2024\\\/02\\\/19\\\/ministerio-de-medio-ambiente-se-une-a-demanda-de-guardaparques\\\/\"},\"author\":{\"name\":\"Jeanette\",\"@id\":\"https:\\\/\\\/www.eldiario.net\\\/portal\\\/#\\\/schema\\\/person\\\/f46445640444750d7d753ccd04ae01b7\"},\"headline\":\"Ministerio de Medio Ambiente se une a demanda de guardaparques\",\"datePublished\":\"2024-02-19T10:26:16+00:00\",\"mainEntityOfPage\":{\"@id\":\"https:\\\/\\\/www.eldiario.net\\\/portal\\\/2024\\\/02\\\/19\\\/ministerio-de-medio-ambiente-se-une-a-demanda-de-guardaparques\\\/\"},\"wordCount\":456,\"commentCount\":0,\"publisher\":{\"@id\":\"https:\\\/\\\/www.eldiario.net\\\/portal\\\/#organization\"},\"image\":{\"@id\":\"https:\\\/\\\/www.eldiario.net\\\/portal\\\/2024\\\/02\\\/19\\\/ministerio-de-medio-ambiente-se-une-a-demanda-de-guardaparques\\\/#primaryimage\"},\"thumbnailUrl\":\"https:\\\/\\\/www.eldiario.net\\\/portal\\\/wp-content\\\/uploads\\\/2024\\\/02\\\/19-SERNAP.jpg\",\"articleSection\":[\"Sociedad - Seguridad\"],\"inLanguage\":\"es\",\"potentialAction\":[{\"@type\":\"CommentAction\",\"name\":\"Comment\",\"target\":[\"https:\\\/\\\/www.eldiario.net\\\/portal\\\/2024\\\/02\\\/19\\\/ministerio-de-medio-ambiente-se-une-a-demanda-de-guardaparques\\\/#respond\"]}]},{\"@type\":\"WebPage\",\"@id\":\"https:\\\/\\\/www.eldiario.net\\\/portal\\\/2024\\\/02\\\/19\\\/ministerio-de-medio-ambiente-se-une-a-demanda-de-guardaparques\\\/\",\"url\":\"https:\\\/\\\/www.eldiario.net\\\/portal\\\/2024\\\/02\\\/19\\\/ministerio-de-medio-ambiente-se-une-a-demanda-de-guardaparques\\\/\",\"name\":\"Ministerio de Medio Ambiente se une a demanda de guardaparques - El Diario - Bolivia\",\"isPartOf\":{\"@id\":\"https:\\\/\\\/www.eldiario.net\\\/portal\\\/#website\"},\"primaryImageOfPage\":{\"@id\":\"https:\\\/\\\/www.eldiario.net\\\/portal\\\/2024\\\/02\\\/19\\\/ministerio-de-medio-ambiente-se-une-a-demanda-de-guardaparques\\\/#primaryimage\"},\"image\":{\"@id\":\"https:\\\/\\\/www.eldiario.net\\\/portal\\\/2024\\\/02\\\/19\\\/ministerio-de-medio-ambiente-se-une-a-demanda-de-guardaparques\\\/#primaryimage\"},\"thumbnailUrl\":\"https:\\\/\\\/www.eldiario.net\\\/portal\\\/wp-content\\\/uploads\\\/2024\\\/02\\\/19-SERNAP.jpg\",\"datePublished\":\"2024-02-19T10:26:16+00:00\",\"breadcrumb\":{\"@id\":\"https:\\\/\\\/www.eldiario.net\\\/portal\\\/2024\\\/02\\\/19\\\/ministerio-de-medio-ambiente-se-une-a-demanda-de-guardaparques\\\/#breadcrumb\"},\"inLanguage\":\"es\",\"potentialAction\":[{\"@type\":\"ReadAction\",\"target\":[\"https:\\\/\\\/www.eldiario.net\\\/portal\\\/2024\\\/02\\\/19\\\/ministerio-de-medio-ambiente-se-une-a-demanda-de-guardaparques\\\/\"]}]},{\"@type\":\"ImageObject\",\"inLanguage\":\"es\",\"@id\":\"https:\\\/\\\/www.eldiario.net\\\/portal\\\/2024\\\/02\\\/19\\\/ministerio-de-medio-ambiente-se-une-a-demanda-de-guardaparques\\\/#primaryimage\",\"url\":\"https:\\\/\\\/www.eldiario.net\\\/portal\\\/wp-content\\\/uploads\\\/2024\\\/02\\\/19-SERNAP.jpg\",\"contentUrl\":\"https:\\\/\\\/www.eldiario.net\\\/portal\\\/wp-content\\\/uploads\\\/2024\\\/02\\\/19-SERNAP.jpg\",\"width\":1080,\"height\":1080,\"caption\":\"La maquinaria que ingres\u00f3 al Madidi el 30 de marzo de 2023.\"},{\"@type\":\"BreadcrumbList\",\"@id\":\"https:\\\/\\\/www.eldiario.net\\\/portal\\\/2024\\\/02\\\/19\\\/ministerio-de-medio-ambiente-se-une-a-demanda-de-guardaparques\\\/#breadcrumb\",\"itemListElement\":[{\"@type\":\"ListItem\",\"position\":1,\"name\":\"Portada\",\"item\":\"https:\\\/\\\/www.eldiario.net\\\/portal\\\/\"},{\"@type\":\"ListItem\",\"position\":2,\"name\":\"Ministerio de Medio Ambiente se une a demanda de guardaparques\"}]},{\"@type\":\"WebSite\",\"@id\":\"https:\\\/\\\/www.eldiario.net\\\/portal\\\/#website\",\"url\":\"https:\\\/\\\/www.eldiario.net\\\/portal\\\/\",\"name\":\"El Diario - Decano de la prensa nacional\",\"description\":\"El Diario - Decano de la prensa nacional\",\"publisher\":{\"@id\":\"https:\\\/\\\/www.eldiario.net\\\/portal\\\/#organization\"},\"potentialAction\":[{\"@type\":\"SearchAction\",\"target\":{\"@type\":\"EntryPoint\",\"urlTemplate\":\"https:\\\/\\\/www.eldiario.net\\\/portal\\\/?s={search_term_string}\"},\"query-input\":{\"@type\":\"PropertyValueSpecification\",\"valueRequired\":true,\"valueName\":\"search_term_string\"}}],\"inLanguage\":\"es\"},{\"@type\":\"Organization\",\"@id\":\"https:\\\/\\\/www.eldiario.net\\\/portal\\\/#organization\",\"name\":\"El Diario - Decano de la prensa nacional\",\"url\":\"https:\\\/\\\/www.eldiario.net\\\/portal\\\/\",\"logo\":{\"@type\":\"ImageObject\",\"inLanguage\":\"es\",\"@id\":\"https:\\\/\\\/www.eldiario.net\\\/portal\\\/#\\\/schema\\\/logo\\\/image\\\/\",\"url\":\"https:\\\/\\\/www.eldiario.net\\\/portal\\\/wp-content\\\/uploads\\\/2023\\\/07\\\/logo_ED.jpg\",\"contentUrl\":\"https:\\\/\\\/www.eldiario.net\\\/portal\\\/wp-content\\\/uploads\\\/2023\\\/07\\\/logo_ED.jpg\",\"width\":272,\"height\":52,\"caption\":\"El Diario - Decano de la prensa nacional\"},\"image\":{\"@id\":\"https:\\\/\\\/www.eldiario.net\\\/portal\\\/#\\\/schema\\\/logo\\\/image\\\/\"},\"sameAs\":[\"https:\\\/\\\/www.facebook.com\\\/eldiario.bolivia\\\/\",\"https:\\\/\\\/x.com\\\/eldiario_net\"]},{\"@type\":\"Person\",\"@id\":\"https:\\\/\\\/www.eldiario.net\\\/portal\\\/#\\\/schema\\\/person\\\/f46445640444750d7d753ccd04ae01b7\",\"name\":\"Jeanette\",\"image\":{\"@type\":\"ImageObject\",\"inLanguage\":\"es\",\"@id\":\"https:\\\/\\\/secure.gravatar.com\\\/avatar\\\/3ea2118a5f7dad2b7138b1187a6b7ee55f160b9968b66013c3a3ef39dd7e5798?s=96&d=mm&r=g\",\"url\":\"https:\\\/\\\/secure.gravatar.com\\\/avatar\\\/3ea2118a5f7dad2b7138b1187a6b7ee55f160b9968b66013c3a3ef39dd7e5798?s=96&d=mm&r=g\",\"contentUrl\":\"https:\\\/\\\/secure.gravatar.com\\\/avatar\\\/3ea2118a5f7dad2b7138b1187a6b7ee55f160b9968b66013c3a3ef39dd7e5798?s=96&d=mm&r=g\",\"caption\":\"Jeanette\"},\"sameAs\":[\"https:\\\/\\\/www.eldiario.net\\\/portal\"],\"url\":\"https:\\\/\\\/www.eldiario.net\\\/portal\\\/author\\\/jeanette\\\/\"}]}<\/script>\n<!-- \/ Yoast SEO plugin. -->","yoast_head_json":{"title":"Ministerio de Medio Ambiente se une a demanda de guardaparques - El Diario - Bolivia","robots":{"index":"index","follow":"follow","max-snippet":"max-snippet:-1","max-image-preview":"max-image-preview:large","max-video-preview":"max-video-preview:-1"},"canonical":"https:\/\/www.eldiario.net\/portal\/2024\/02\/19\/ministerio-de-medio-ambiente-se-une-a-demanda-de-guardaparques\/","og_locale":"es_ES","og_type":"article","og_title":"Ministerio de Medio Ambiente se une a demanda de guardaparques - El Diario - Bolivia","og_description":"El ministro de Medio Ambiente y Agua, Rub\u00e9n M\u00e9ndez, inform\u00f3 que se constituir\u00e1 en parte del proceso penal que enfrentan dos guardaparques del Madidi, luego de revelar que enfrentan un proceso injusto contra un cooperativista minero en total indefensi\u00f3n. \u201cDefinitivamente vamos a coadyuvar y constituirnos como parte en esta demanda\u201d, declar\u00f3 el Ministro a la [&hellip;]","og_url":"https:\/\/www.eldiario.net\/portal\/2024\/02\/19\/ministerio-de-medio-ambiente-se-une-a-demanda-de-guardaparques\/","og_site_name":"El Diario - Bolivia","article_publisher":"https:\/\/www.facebook.com\/eldiario.bolivia\/","article_published_time":"2024-02-19T10:26:16+00:00","og_image":[{"width":1080,"height":1080,"url":"https:\/\/www.eldiario.net\/portal\/wp-content\/uploads\/2024\/02\/19-SERNAP.jpg","type":"image\/jpeg"}],"author":"Jeanette","twitter_card":"summary_large_image","twitter_creator":"@eldiario_net","twitter_site":"@eldiario_net","twitter_misc":{"Escrito por":"Jeanette","Tiempo de lectura":"3 minutos"},"schema":{"@context":"https:\/\/schema.org","@graph":[{"@type":"Article","@id":"https:\/\/www.eldiario.net\/portal\/2024\/02\/19\/ministerio-de-medio-ambiente-se-une-a-demanda-de-guardaparques\/#article","isPartOf":{"@id":"https:\/\/www.eldiario.net\/portal\/2024\/02\/19\/ministerio-de-medio-ambiente-se-une-a-demanda-de-guardaparques\/"},"author":{"name":"Jeanette","@id":"https:\/\/www.eldiario.net\/portal\/#\/schema\/person\/f46445640444750d7d753ccd04ae01b7"},"headline":"Ministerio de Medio Ambiente se une a demanda de guardaparques","datePublished":"2024-02-19T10:26:16+00:00","mainEntityOfPage":{"@id":"https:\/\/www.eldiario.net\/portal\/2024\/02\/19\/ministerio-de-medio-ambiente-se-une-a-demanda-de-guardaparques\/"},"wordCount":456,"commentCount":0,"publisher":{"@id":"https:\/\/www.eldiario.net\/portal\/#organization"},"image":{"@id":"https:\/\/www.eldiario.net\/portal\/2024\/02\/19\/ministerio-de-medio-ambiente-se-une-a-demanda-de-guardaparques\/#primaryimage"},"thumbnailUrl":"https:\/\/www.eldiario.net\/portal\/wp-content\/uploads\/2024\/02\/19-SERNAP.jpg","articleSection":["Sociedad - Seguridad"],"inLanguage":"es","potentialAction":[{"@type":"CommentAction","name":"Comment","target":["https:\/\/www.eldiario.net\/portal\/2024\/02\/19\/ministerio-de-medio-ambiente-se-une-a-demanda-de-guardaparques\/#respond"]}]},{"@type":"WebPage","@id":"https:\/\/www.eldiario.net\/portal\/2024\/02\/19\/ministerio-de-medio-ambiente-se-une-a-demanda-de-guardaparques\/","url":"https:\/\/www.eldiario.net\/portal\/2024\/02\/19\/ministerio-de-medio-ambiente-se-une-a-demanda-de-guardaparques\/","name":"Ministerio de Medio Ambiente se une a demanda de guardaparques - El Diario - Bolivia","isPartOf":{"@id":"https:\/\/www.eldiario.net\/portal\/#website"},"primaryImageOfPage":{"@id":"https:\/\/www.eldiario.net\/portal\/2024\/02\/19\/ministerio-de-medio-ambiente-se-une-a-demanda-de-guardaparques\/#primaryimage"},"image":{"@id":"https:\/\/www.eldiario.net\/portal\/2024\/02\/19\/ministerio-de-medio-ambiente-se-une-a-demanda-de-guardaparques\/#primaryimage"},"thumbnailUrl":"https:\/\/www.eldiario.net\/portal\/wp-content\/uploads\/2024\/02\/19-SERNAP.jpg","datePublished":"2024-02-19T10:26:16+00:00","breadcrumb":{"@id":"https:\/\/www.eldiario.net\/portal\/2024\/02\/19\/ministerio-de-medio-ambiente-se-une-a-demanda-de-guardaparques\/#breadcrumb"},"inLanguage":"es","potentialAction":[{"@type":"ReadAction","target":["https:\/\/www.eldiario.net\/portal\/2024\/02\/19\/ministerio-de-medio-ambiente-se-une-a-demanda-de-guardaparques\/"]}]},{"@type":"ImageObject","inLanguage":"es","@id":"https:\/\/www.eldiario.net\/portal\/2024\/02\/19\/ministerio-de-medio-ambiente-se-une-a-demanda-de-guardaparques\/#primaryimage","url":"https:\/\/www.eldiario.net\/portal\/wp-content\/uploads\/2024\/02\/19-SERNAP.jpg","contentUrl":"https:\/\/www.eldiario.net\/portal\/wp-content\/uploads\/2024\/02\/19-SERNAP.jpg","width":1080,"height":1080,"caption":"La maquinaria que ingres\u00f3 al Madidi el 30 de marzo de 2023."},{"@type":"BreadcrumbList","@id":"https:\/\/www.eldiario.net\/portal\/2024\/02\/19\/ministerio-de-medio-ambiente-se-une-a-demanda-de-guardaparques\/#breadcrumb","itemListElement":[{"@type":"ListItem","position":1,"name":"Portada","item":"https:\/\/www.eldiario.net\/portal\/"},{"@type":"ListItem","position":2,"name":"Ministerio de Medio Ambiente se une a demanda de guardaparques"}]},{"@type":"WebSite","@id":"https:\/\/www.eldiario.net\/portal\/#website","url":"https:\/\/www.eldiario.net\/portal\/","name":"El Diario - Decano de la prensa nacional","description":"El Diario - Decano de la prensa nacional","publisher":{"@id":"https:\/\/www.eldiario.net\/portal\/#organization"},"potentialAction":[{"@type":"SearchAction","target":{"@type":"EntryPoint","urlTemplate":"https:\/\/www.eldiario.net\/portal\/?s={search_term_string}"},"query-input":{"@type":"PropertyValueSpecification","valueRequired":true,"valueName":"search_term_string"}}],"inLanguage":"es"},{"@type":"Organization","@id":"https:\/\/www.eldiario.net\/portal\/#organization","name":"El Diario - Decano de la prensa nacional","url":"https:\/\/www.eldiario.net\/portal\/","logo":{"@type":"ImageObject","inLanguage":"es","@id":"https:\/\/www.eldiario.net\/portal\/#\/schema\/logo\/image\/","url":"https:\/\/www.eldiario.net\/portal\/wp-content\/uploads\/2023\/07\/logo_ED.jpg","contentUrl":"https:\/\/www.eldiario.net\/portal\/wp-content\/uploads\/2023\/07\/logo_ED.jpg","width":272,"height":52,"caption":"El Diario - Decano de la prensa nacional"},"image":{"@id":"https:\/\/www.eldiario.net\/portal\/#\/schema\/logo\/image\/"},"sameAs":["https:\/\/www.facebook.com\/eldiario.bolivia\/","https:\/\/x.com\/eldiario_net"]},{"@type":"Person","@id":"https:\/\/www.eldiario.net\/portal\/#\/schema\/person\/f46445640444750d7d753ccd04ae01b7","name":"Jeanette","image":{"@type":"ImageObject","inLanguage":"es","@id":"https:\/\/secure.gravatar.com\/avatar\/3ea2118a5f7dad2b7138b1187a6b7ee55f160b9968b66013c3a3ef39dd7e5798?s=96&d=mm&r=g","url":"https:\/\/secure.gravatar.com\/avatar\/3ea2118a5f7dad2b7138b1187a6b7ee55f160b9968b66013c3a3ef39dd7e5798?s=96&d=mm&r=g","contentUrl":"https:\/\/secure.gravatar.com\/avatar\/3ea2118a5f7dad2b7138b1187a6b7ee55f160b9968b66013c3a3ef39dd7e5798?s=96&d=mm&r=g","caption":"Jeanette"},"sameAs":["https:\/\/www.eldiario.net\/portal"],"url":"https:\/\/www.eldiario.net\/portal\/author\/jeanette\/"}]}},"_links":{"self":[{"href":"https:\/\/www.eldiario.net\/portal\/wp-json\/wp\/v2\/posts\/203900","targetHints":{"allow":["GET"]}}],"collection":[{"href":"https:\/\/www.eldiario.net\/portal\/wp-json\/wp\/v2\/posts"}],"about":[{"href":"https:\/\/www.eldiario.net\/portal\/wp-json\/wp\/v2\/types\/post"}],"author":[{"embeddable":true,"href":"https:\/\/www.eldiario.net\/portal\/wp-json\/wp\/v2\/users\/1"}],"replies":[{"embeddable":true,"href":"https:\/\/www.eldiario.net\/portal\/wp-json\/wp\/v2\/comments?post=203900"}],"version-history":[{"count":1,"href":"https:\/\/www.eldiario.net\/portal\/wp-json\/wp\/v2\/posts\/203900\/revisions"}],"predecessor-version":[{"id":203902,"href":"https:\/\/www.eldiario.net\/portal\/wp-json\/wp\/v2\/posts\/203900\/revisions\/203902"}],"wp:featuredmedia":[{"embeddable":true,"href":"https:\/\/www.eldiario.net\/portal\/wp-json\/wp\/v2\/media\/203901"}],"wp:attachment":[{"href":"https:\/\/www.eldiario.net\/portal\/wp-json\/wp\/v2\/media?parent=203900"}],"wp:term":[{"taxonomy":"category","embeddable":true,"href":"https:\/\/www.eldiario.net\/portal\/wp-json\/wp\/v2\/categories?post=203900"},{"taxonomy":"post_tag","embeddable":true,"href":"https:\/\/www.eldiario.net\/portal\/wp-json\/wp\/v2\/tags?post=203900"}],"curies":[{"name":"wp","href":"https:\/\/api.w.org\/{rel}","templated":true}]}}