{"id":203883,"date":"2024-02-19T06:20:31","date_gmt":"2024-02-19T10:20:31","guid":{"rendered":"https:\/\/www.eldiario.net\/portal\/?p=203883"},"modified":"2024-02-19T06:20:31","modified_gmt":"2024-02-19T10:20:31","slug":"suman-criticas-hacia-el-alcalde-ivan-arias","status":"publish","type":"post","link":"https:\/\/www.eldiario.net\/portal\/2024\/02\/19\/suman-criticas-hacia-el-alcalde-ivan-arias\/","title":{"rendered":"Suman cr\u00edticas hacia  el alcalde Iv\u00e1n Arias"},"content":{"rendered":"<p>Surgieron algunas voces sumando cr\u00edticas y otras que ven mal asesoramiento de la autoridad edil pace\u00f1a, Iv\u00e1n Arias, para encarar la \u00e9poca de lluvias. Entre tanto, la Alcald\u00eda report\u00f3 intensos trabajos en una zona Jinchupalla y una visita del burgomaestre a la represa de Incachaca efectuada ayer, para verificar el nivel del agua.<br \/>\nEl viceministro de Defensa Civil, Juan Carlos Calvimontes, dijo que el alcalde pace\u00f1o, en un c\u00e1lculo pol\u00edtico, minimiza lo que est\u00e1 sucediendo en el municipio de La Paz.<br \/>\nExpres\u00f3 su preocupaci\u00f3n por la actitud del burgomaestre, tomando en cuenta que la ciudad de La Paz, Palca y Mecapaca se encuentran en alerta roja.<br \/>\nEl concejal, Pierre Chain, opin\u00f3 que las emergencias han convertido al alcalde \u201cde fiestero en bombero\u201d, porque aparece en cada colapso como si fuera un experto en dirigir trabajos de emergencia.<br \/>\nEl diputado, Alejandro Reyes, dijo que ve con mucha tristeza que Arias diga que es normal la ca\u00edda de taludes sobre autos y viviendas o que los r\u00edos se desborden o estallen las alcantarillas en plena ciudad.<br \/>\nIndic\u00f3 que los hechos registrados muestran que en La Paz nunca hubo previsi\u00f3n porque \u201clo \u00fanico que tiene (el alcalde) como previsi\u00f3n es asistir a todas las fiestas que lo invitan.<br \/>\nSeg\u00fan Reyes, hay negligencia en la gesti\u00f3n municipal y lament\u00f3 que Arias se resista a ser fiscalizado por las comisiones de la Asamblea Legislativa y por ese motivo impuls\u00f3 una acci\u00f3n desde la Contralor\u00eda para determinar grados de responsabilidad en posibles hechos de corrupci\u00f3n.<br \/>\nTambi\u00e9n en pasadas horas el exconcejal de La Paz, Jorge Silva, consider\u00f3 que las autoridades municipales viven otra realidad.<br \/>\nSilva cree que La Paz est\u00e1 hu\u00e9rfana en este momento porque no hay autoridades que se preocupen de los problemas estructurales.<\/p>\n<p>JINCHUPALLA E INCACHACA<br \/>\nEl subalcalde de Cotahuma, Fausto Terrazas, inform\u00f3 ayer del retiro de m\u00e1s 440 metros c\u00fabicos de tierra, equivalente al 40% en la zona Jinchupalla.<br \/>\nLa agencia oficial de noticias de la comuna report\u00f3 la visita de Arias a la represa de Incachaca, camino a Los Yungas, donde manifest\u00f3 que el nivel del agua \u201ces normal\u201d, por lo que no causar\u00e1 problemas en cuenca baja. (Con datos de Erbol)<\/p>\n","protected":false},"excerpt":{"rendered":"<p>Surgieron algunas voces sumando cr\u00edticas y otras que ven mal asesoramiento de la autoridad edil pace\u00f1a, Iv\u00e1n Arias, para encarar la \u00e9poca de lluvias. Entre tanto, la Alcald\u00eda report\u00f3 intensos trabajos en una zona Jinchupalla y una visita del burgomaestre a la represa de Incachaca efectuada ayer, para verificar el nivel del agua. El viceministro [&hellip;]<\/p>\n","protected":false},"author":1,"featured_media":203884,"comment_status":"open","ping_status":"open","sticky":false,"template":"","format":"standard","meta":{"_acf_changed":false,"footnotes":""},"categories":[15],"tags":[],"class_list":["post-203883","post","type-post","status-publish","format-standard","has-post-thumbnail","category-portada"],"acf":{"antetitulo":"Deficiencias en prevenci\u00f3n de emergencias"},"yoast_head":"<!-- This site is optimized with the Yoast SEO plugin v28.4 - https:\/\/yoast.com\/product\/yoast-seo-wordpress\/ -->\n<title>Suman cr\u00edticas hacia el alcalde Iv\u00e1n Arias - El Diario - Bolivia<\/title>\n<meta name=\"robots\" content=\"index, follow, max-snippet:-1, max-image-preview:large, max-video-preview:-1\" \/>\n<link rel=\"canonical\" href=\"https:\/\/www.eldiario.net\/portal\/2024\/02\/19\/suman-criticas-hacia-el-alcalde-ivan-arias\/\" \/>\n<meta property=\"og:locale\" content=\"es_ES\" \/>\n<meta property=\"og:type\" content=\"article\" \/>\n<meta property=\"og:title\" content=\"Suman cr\u00edticas hacia el alcalde Iv\u00e1n Arias - El Diario - Bolivia\" \/>\n<meta property=\"og:description\" content=\"Surgieron algunas voces sumando cr\u00edticas y otras que ven mal asesoramiento de la autoridad edil pace\u00f1a, Iv\u00e1n Arias, para encarar la \u00e9poca de lluvias. Entre tanto, la Alcald\u00eda report\u00f3 intensos trabajos en una zona Jinchupalla y una visita del burgomaestre a la represa de Incachaca efectuada ayer, para verificar el nivel del agua. El viceministro [&hellip;]\" \/>\n<meta property=\"og:url\" content=\"https:\/\/www.eldiario.net\/portal\/2024\/02\/19\/suman-criticas-hacia-el-alcalde-ivan-arias\/\" \/>\n<meta property=\"og:site_name\" content=\"El Diario - Bolivia\" \/>\n<meta property=\"article:publisher\" content=\"https:\/\/www.facebook.com\/eldiario.bolivia\/\" \/>\n<meta property=\"article:published_time\" content=\"2024-02-19T10:20:31+00:00\" \/>\n<meta property=\"og:image\" content=\"https:\/\/www.eldiario.net\/portal\/wp-content\/uploads\/2024\/02\/P-2-10.jpg\" \/>\n\t<meta property=\"og:image:width\" content=\"1599\" \/>\n\t<meta property=\"og:image:height\" content=\"1066\" \/>\n\t<meta property=\"og:image:type\" content=\"image\/jpeg\" \/>\n<meta name=\"author\" content=\"Jeanette\" \/>\n<meta name=\"twitter:card\" content=\"summary_large_image\" \/>\n<meta name=\"twitter:creator\" content=\"@eldiario_net\" \/>\n<meta name=\"twitter:site\" content=\"@eldiario_net\" \/>\n<meta name=\"twitter:label1\" content=\"Escrito por\" \/>\n\t<meta name=\"twitter:data1\" content=\"Jeanette\" \/>\n\t<meta name=\"twitter:label2\" content=\"Tiempo de lectura\" \/>\n\t<meta name=\"twitter:data2\" content=\"2 minutos\" \/>\n<script type=\"application\/ld+json\" class=\"yoast-schema-graph\">{\"@context\":\"https:\\\/\\\/schema.org\",\"@graph\":[{\"@type\":\"Article\",\"@id\":\"https:\\\/\\\/www.eldiario.net\\\/portal\\\/2024\\\/02\\\/19\\\/suman-criticas-hacia-el-alcalde-ivan-arias\\\/#article\",\"isPartOf\":{\"@id\":\"https:\\\/\\\/www.eldiario.net\\\/portal\\\/2024\\\/02\\\/19\\\/suman-criticas-hacia-el-alcalde-ivan-arias\\\/\"},\"author\":{\"name\":\"Jeanette\",\"@id\":\"https:\\\/\\\/www.eldiario.net\\\/portal\\\/#\\\/schema\\\/person\\\/f46445640444750d7d753ccd04ae01b7\"},\"headline\":\"Suman cr\u00edticas hacia el alcalde Iv\u00e1n Arias\",\"datePublished\":\"2024-02-19T10:20:31+00:00\",\"mainEntityOfPage\":{\"@id\":\"https:\\\/\\\/www.eldiario.net\\\/portal\\\/2024\\\/02\\\/19\\\/suman-criticas-hacia-el-alcalde-ivan-arias\\\/\"},\"wordCount\":388,\"commentCount\":0,\"publisher\":{\"@id\":\"https:\\\/\\\/www.eldiario.net\\\/portal\\\/#organization\"},\"image\":{\"@id\":\"https:\\\/\\\/www.eldiario.net\\\/portal\\\/2024\\\/02\\\/19\\\/suman-criticas-hacia-el-alcalde-ivan-arias\\\/#primaryimage\"},\"thumbnailUrl\":\"https:\\\/\\\/www.eldiario.net\\\/portal\\\/wp-content\\\/uploads\\\/2024\\\/02\\\/P-2-10.jpg\",\"articleSection\":[\"Portada\"],\"inLanguage\":\"es\",\"potentialAction\":[{\"@type\":\"CommentAction\",\"name\":\"Comment\",\"target\":[\"https:\\\/\\\/www.eldiario.net\\\/portal\\\/2024\\\/02\\\/19\\\/suman-criticas-hacia-el-alcalde-ivan-arias\\\/#respond\"]}]},{\"@type\":\"WebPage\",\"@id\":\"https:\\\/\\\/www.eldiario.net\\\/portal\\\/2024\\\/02\\\/19\\\/suman-criticas-hacia-el-alcalde-ivan-arias\\\/\",\"url\":\"https:\\\/\\\/www.eldiario.net\\\/portal\\\/2024\\\/02\\\/19\\\/suman-criticas-hacia-el-alcalde-ivan-arias\\\/\",\"name\":\"Suman cr\u00edticas hacia el alcalde Iv\u00e1n Arias - El Diario - Bolivia\",\"isPartOf\":{\"@id\":\"https:\\\/\\\/www.eldiario.net\\\/portal\\\/#website\"},\"primaryImageOfPage\":{\"@id\":\"https:\\\/\\\/www.eldiario.net\\\/portal\\\/2024\\\/02\\\/19\\\/suman-criticas-hacia-el-alcalde-ivan-arias\\\/#primaryimage\"},\"image\":{\"@id\":\"https:\\\/\\\/www.eldiario.net\\\/portal\\\/2024\\\/02\\\/19\\\/suman-criticas-hacia-el-alcalde-ivan-arias\\\/#primaryimage\"},\"thumbnailUrl\":\"https:\\\/\\\/www.eldiario.net\\\/portal\\\/wp-content\\\/uploads\\\/2024\\\/02\\\/P-2-10.jpg\",\"datePublished\":\"2024-02-19T10:20:31+00:00\",\"breadcrumb\":{\"@id\":\"https:\\\/\\\/www.eldiario.net\\\/portal\\\/2024\\\/02\\\/19\\\/suman-criticas-hacia-el-alcalde-ivan-arias\\\/#breadcrumb\"},\"inLanguage\":\"es\",\"potentialAction\":[{\"@type\":\"ReadAction\",\"target\":[\"https:\\\/\\\/www.eldiario.net\\\/portal\\\/2024\\\/02\\\/19\\\/suman-criticas-hacia-el-alcalde-ivan-arias\\\/\"]}]},{\"@type\":\"ImageObject\",\"inLanguage\":\"es\",\"@id\":\"https:\\\/\\\/www.eldiario.net\\\/portal\\\/2024\\\/02\\\/19\\\/suman-criticas-hacia-el-alcalde-ivan-arias\\\/#primaryimage\",\"url\":\"https:\\\/\\\/www.eldiario.net\\\/portal\\\/wp-content\\\/uploads\\\/2024\\\/02\\\/P-2-10.jpg\",\"contentUrl\":\"https:\\\/\\\/www.eldiario.net\\\/portal\\\/wp-content\\\/uploads\\\/2024\\\/02\\\/P-2-10.jpg\",\"width\":1599,\"height\":1066,\"caption\":\"LIMPIEZA DE TIERRA REGISTRADA AYER EN LA PERIF\u00c9RICA.\"},{\"@type\":\"BreadcrumbList\",\"@id\":\"https:\\\/\\\/www.eldiario.net\\\/portal\\\/2024\\\/02\\\/19\\\/suman-criticas-hacia-el-alcalde-ivan-arias\\\/#breadcrumb\",\"itemListElement\":[{\"@type\":\"ListItem\",\"position\":1,\"name\":\"Portada\",\"item\":\"https:\\\/\\\/www.eldiario.net\\\/portal\\\/\"},{\"@type\":\"ListItem\",\"position\":2,\"name\":\"Suman cr\u00edticas hacia el alcalde Iv\u00e1n Arias\"}]},{\"@type\":\"WebSite\",\"@id\":\"https:\\\/\\\/www.eldiario.net\\\/portal\\\/#website\",\"url\":\"https:\\\/\\\/www.eldiario.net\\\/portal\\\/\",\"name\":\"El Diario - Decano de la prensa nacional\",\"description\":\"El Diario - Decano de la prensa nacional\",\"publisher\":{\"@id\":\"https:\\\/\\\/www.eldiario.net\\\/portal\\\/#organization\"},\"potentialAction\":[{\"@type\":\"SearchAction\",\"target\":{\"@type\":\"EntryPoint\",\"urlTemplate\":\"https:\\\/\\\/www.eldiario.net\\\/portal\\\/?s={search_term_string}\"},\"query-input\":{\"@type\":\"PropertyValueSpecification\",\"valueRequired\":true,\"valueName\":\"search_term_string\"}}],\"inLanguage\":\"es\"},{\"@type\":\"Organization\",\"@id\":\"https:\\\/\\\/www.eldiario.net\\\/portal\\\/#organization\",\"name\":\"El Diario - Decano de la prensa nacional\",\"url\":\"https:\\\/\\\/www.eldiario.net\\\/portal\\\/\",\"logo\":{\"@type\":\"ImageObject\",\"inLanguage\":\"es\",\"@id\":\"https:\\\/\\\/www.eldiario.net\\\/portal\\\/#\\\/schema\\\/logo\\\/image\\\/\",\"url\":\"https:\\\/\\\/www.eldiario.net\\\/portal\\\/wp-content\\\/uploads\\\/2023\\\/07\\\/logo_ED.jpg\",\"contentUrl\":\"https:\\\/\\\/www.eldiario.net\\\/portal\\\/wp-content\\\/uploads\\\/2023\\\/07\\\/logo_ED.jpg\",\"width\":272,\"height\":52,\"caption\":\"El Diario - Decano de la prensa nacional\"},\"image\":{\"@id\":\"https:\\\/\\\/www.eldiario.net\\\/portal\\\/#\\\/schema\\\/logo\\\/image\\\/\"},\"sameAs\":[\"https:\\\/\\\/www.facebook.com\\\/eldiario.bolivia\\\/\",\"https:\\\/\\\/x.com\\\/eldiario_net\"]},{\"@type\":\"Person\",\"@id\":\"https:\\\/\\\/www.eldiario.net\\\/portal\\\/#\\\/schema\\\/person\\\/f46445640444750d7d753ccd04ae01b7\",\"name\":\"Jeanette\",\"image\":{\"@type\":\"ImageObject\",\"inLanguage\":\"es\",\"@id\":\"https:\\\/\\\/secure.gravatar.com\\\/avatar\\\/3ea2118a5f7dad2b7138b1187a6b7ee55f160b9968b66013c3a3ef39dd7e5798?s=96&d=mm&r=g\",\"url\":\"https:\\\/\\\/secure.gravatar.com\\\/avatar\\\/3ea2118a5f7dad2b7138b1187a6b7ee55f160b9968b66013c3a3ef39dd7e5798?s=96&d=mm&r=g\",\"contentUrl\":\"https:\\\/\\\/secure.gravatar.com\\\/avatar\\\/3ea2118a5f7dad2b7138b1187a6b7ee55f160b9968b66013c3a3ef39dd7e5798?s=96&d=mm&r=g\",\"caption\":\"Jeanette\"},\"sameAs\":[\"https:\\\/\\\/www.eldiario.net\\\/portal\"],\"url\":\"https:\\\/\\\/www.eldiario.net\\\/portal\\\/author\\\/jeanette\\\/\"}]}<\/script>\n<!-- \/ Yoast SEO plugin. -->","yoast_head_json":{"title":"Suman cr\u00edticas hacia el alcalde Iv\u00e1n Arias - El Diario - Bolivia","robots":{"index":"index","follow":"follow","max-snippet":"max-snippet:-1","max-image-preview":"max-image-preview:large","max-video-preview":"max-video-preview:-1"},"canonical":"https:\/\/www.eldiario.net\/portal\/2024\/02\/19\/suman-criticas-hacia-el-alcalde-ivan-arias\/","og_locale":"es_ES","og_type":"article","og_title":"Suman cr\u00edticas hacia el alcalde Iv\u00e1n Arias - El Diario - Bolivia","og_description":"Surgieron algunas voces sumando cr\u00edticas y otras que ven mal asesoramiento de la autoridad edil pace\u00f1a, Iv\u00e1n Arias, para encarar la \u00e9poca de lluvias. Entre tanto, la Alcald\u00eda report\u00f3 intensos trabajos en una zona Jinchupalla y una visita del burgomaestre a la represa de Incachaca efectuada ayer, para verificar el nivel del agua. El viceministro [&hellip;]","og_url":"https:\/\/www.eldiario.net\/portal\/2024\/02\/19\/suman-criticas-hacia-el-alcalde-ivan-arias\/","og_site_name":"El Diario - Bolivia","article_publisher":"https:\/\/www.facebook.com\/eldiario.bolivia\/","article_published_time":"2024-02-19T10:20:31+00:00","og_image":[{"width":1599,"height":1066,"url":"https:\/\/www.eldiario.net\/portal\/wp-content\/uploads\/2024\/02\/P-2-10.jpg","type":"image\/jpeg"}],"author":"Jeanette","twitter_card":"summary_large_image","twitter_creator":"@eldiario_net","twitter_site":"@eldiario_net","twitter_misc":{"Escrito por":"Jeanette","Tiempo de lectura":"2 minutos"},"schema":{"@context":"https:\/\/schema.org","@graph":[{"@type":"Article","@id":"https:\/\/www.eldiario.net\/portal\/2024\/02\/19\/suman-criticas-hacia-el-alcalde-ivan-arias\/#article","isPartOf":{"@id":"https:\/\/www.eldiario.net\/portal\/2024\/02\/19\/suman-criticas-hacia-el-alcalde-ivan-arias\/"},"author":{"name":"Jeanette","@id":"https:\/\/www.eldiario.net\/portal\/#\/schema\/person\/f46445640444750d7d753ccd04ae01b7"},"headline":"Suman cr\u00edticas hacia el alcalde Iv\u00e1n Arias","datePublished":"2024-02-19T10:20:31+00:00","mainEntityOfPage":{"@id":"https:\/\/www.eldiario.net\/portal\/2024\/02\/19\/suman-criticas-hacia-el-alcalde-ivan-arias\/"},"wordCount":388,"commentCount":0,"publisher":{"@id":"https:\/\/www.eldiario.net\/portal\/#organization"},"image":{"@id":"https:\/\/www.eldiario.net\/portal\/2024\/02\/19\/suman-criticas-hacia-el-alcalde-ivan-arias\/#primaryimage"},"thumbnailUrl":"https:\/\/www.eldiario.net\/portal\/wp-content\/uploads\/2024\/02\/P-2-10.jpg","articleSection":["Portada"],"inLanguage":"es","potentialAction":[{"@type":"CommentAction","name":"Comment","target":["https:\/\/www.eldiario.net\/portal\/2024\/02\/19\/suman-criticas-hacia-el-alcalde-ivan-arias\/#respond"]}]},{"@type":"WebPage","@id":"https:\/\/www.eldiario.net\/portal\/2024\/02\/19\/suman-criticas-hacia-el-alcalde-ivan-arias\/","url":"https:\/\/www.eldiario.net\/portal\/2024\/02\/19\/suman-criticas-hacia-el-alcalde-ivan-arias\/","name":"Suman cr\u00edticas hacia el alcalde Iv\u00e1n Arias - El Diario - Bolivia","isPartOf":{"@id":"https:\/\/www.eldiario.net\/portal\/#website"},"primaryImageOfPage":{"@id":"https:\/\/www.eldiario.net\/portal\/2024\/02\/19\/suman-criticas-hacia-el-alcalde-ivan-arias\/#primaryimage"},"image":{"@id":"https:\/\/www.eldiario.net\/portal\/2024\/02\/19\/suman-criticas-hacia-el-alcalde-ivan-arias\/#primaryimage"},"thumbnailUrl":"https:\/\/www.eldiario.net\/portal\/wp-content\/uploads\/2024\/02\/P-2-10.jpg","datePublished":"2024-02-19T10:20:31+00:00","breadcrumb":{"@id":"https:\/\/www.eldiario.net\/portal\/2024\/02\/19\/suman-criticas-hacia-el-alcalde-ivan-arias\/#breadcrumb"},"inLanguage":"es","potentialAction":[{"@type":"ReadAction","target":["https:\/\/www.eldiario.net\/portal\/2024\/02\/19\/suman-criticas-hacia-el-alcalde-ivan-arias\/"]}]},{"@type":"ImageObject","inLanguage":"es","@id":"https:\/\/www.eldiario.net\/portal\/2024\/02\/19\/suman-criticas-hacia-el-alcalde-ivan-arias\/#primaryimage","url":"https:\/\/www.eldiario.net\/portal\/wp-content\/uploads\/2024\/02\/P-2-10.jpg","contentUrl":"https:\/\/www.eldiario.net\/portal\/wp-content\/uploads\/2024\/02\/P-2-10.jpg","width":1599,"height":1066,"caption":"LIMPIEZA DE TIERRA REGISTRADA AYER EN LA PERIF\u00c9RICA."},{"@type":"BreadcrumbList","@id":"https:\/\/www.eldiario.net\/portal\/2024\/02\/19\/suman-criticas-hacia-el-alcalde-ivan-arias\/#breadcrumb","itemListElement":[{"@type":"ListItem","position":1,"name":"Portada","item":"https:\/\/www.eldiario.net\/portal\/"},{"@type":"ListItem","position":2,"name":"Suman cr\u00edticas hacia el alcalde Iv\u00e1n Arias"}]},{"@type":"WebSite","@id":"https:\/\/www.eldiario.net\/portal\/#website","url":"https:\/\/www.eldiario.net\/portal\/","name":"El Diario - Decano de la prensa nacional","description":"El Diario - Decano de la prensa nacional","publisher":{"@id":"https:\/\/www.eldiario.net\/portal\/#organization"},"potentialAction":[{"@type":"SearchAction","target":{"@type":"EntryPoint","urlTemplate":"https:\/\/www.eldiario.net\/portal\/?s={search_term_string}"},"query-input":{"@type":"PropertyValueSpecification","valueRequired":true,"valueName":"search_term_string"}}],"inLanguage":"es"},{"@type":"Organization","@id":"https:\/\/www.eldiario.net\/portal\/#organization","name":"El Diario - Decano de la prensa nacional","url":"https:\/\/www.eldiario.net\/portal\/","logo":{"@type":"ImageObject","inLanguage":"es","@id":"https:\/\/www.eldiario.net\/portal\/#\/schema\/logo\/image\/","url":"https:\/\/www.eldiario.net\/portal\/wp-content\/uploads\/2023\/07\/logo_ED.jpg","contentUrl":"https:\/\/www.eldiario.net\/portal\/wp-content\/uploads\/2023\/07\/logo_ED.jpg","width":272,"height":52,"caption":"El Diario - Decano de la prensa nacional"},"image":{"@id":"https:\/\/www.eldiario.net\/portal\/#\/schema\/logo\/image\/"},"sameAs":["https:\/\/www.facebook.com\/eldiario.bolivia\/","https:\/\/x.com\/eldiario_net"]},{"@type":"Person","@id":"https:\/\/www.eldiario.net\/portal\/#\/schema\/person\/f46445640444750d7d753ccd04ae01b7","name":"Jeanette","image":{"@type":"ImageObject","inLanguage":"es","@id":"https:\/\/secure.gravatar.com\/avatar\/3ea2118a5f7dad2b7138b1187a6b7ee55f160b9968b66013c3a3ef39dd7e5798?s=96&d=mm&r=g","url":"https:\/\/secure.gravatar.com\/avatar\/3ea2118a5f7dad2b7138b1187a6b7ee55f160b9968b66013c3a3ef39dd7e5798?s=96&d=mm&r=g","contentUrl":"https:\/\/secure.gravatar.com\/avatar\/3ea2118a5f7dad2b7138b1187a6b7ee55f160b9968b66013c3a3ef39dd7e5798?s=96&d=mm&r=g","caption":"Jeanette"},"sameAs":["https:\/\/www.eldiario.net\/portal"],"url":"https:\/\/www.eldiario.net\/portal\/author\/jeanette\/"}]}},"_links":{"self":[{"href":"https:\/\/www.eldiario.net\/portal\/wp-json\/wp\/v2\/posts\/203883","targetHints":{"allow":["GET"]}}],"collection":[{"href":"https:\/\/www.eldiario.net\/portal\/wp-json\/wp\/v2\/posts"}],"about":[{"href":"https:\/\/www.eldiario.net\/portal\/wp-json\/wp\/v2\/types\/post"}],"author":[{"embeddable":true,"href":"https:\/\/www.eldiario.net\/portal\/wp-json\/wp\/v2\/users\/1"}],"replies":[{"embeddable":true,"href":"https:\/\/www.eldiario.net\/portal\/wp-json\/wp\/v2\/comments?post=203883"}],"version-history":[{"count":1,"href":"https:\/\/www.eldiario.net\/portal\/wp-json\/wp\/v2\/posts\/203883\/revisions"}],"predecessor-version":[{"id":203885,"href":"https:\/\/www.eldiario.net\/portal\/wp-json\/wp\/v2\/posts\/203883\/revisions\/203885"}],"wp:featuredmedia":[{"embeddable":true,"href":"https:\/\/www.eldiario.net\/portal\/wp-json\/wp\/v2\/media\/203884"}],"wp:attachment":[{"href":"https:\/\/www.eldiario.net\/portal\/wp-json\/wp\/v2\/media?parent=203883"}],"wp:term":[{"taxonomy":"category","embeddable":true,"href":"https:\/\/www.eldiario.net\/portal\/wp-json\/wp\/v2\/categories?post=203883"},{"taxonomy":"post_tag","embeddable":true,"href":"https:\/\/www.eldiario.net\/portal\/wp-json\/wp\/v2\/tags?post=203883"}],"curies":[{"name":"wp","href":"https:\/\/api.w.org\/{rel}","templated":true}]}}