{"id":203871,"date":"2024-02-18T06:50:17","date_gmt":"2024-02-18T10:50:17","guid":{"rendered":"https:\/\/www.eldiario.net\/portal\/?p=203871"},"modified":"2024-02-18T06:50:17","modified_gmt":"2024-02-18T10:50:17","slug":"embajador-wang-liang-china-esta-dispuesta-a-ampliar-la-cooperacion-con-bolivia","status":"publish","type":"post","link":"https:\/\/www.eldiario.net\/portal\/2024\/02\/18\/embajador-wang-liang-china-esta-dispuesta-a-ampliar-la-cooperacion-con-bolivia\/","title":{"rendered":"Embajador Wang Liang: China est\u00e1 dispuesta a ampliar la cooperaci\u00f3n con Bolivia"},"content":{"rendered":"<p>A medida que el mundo se hace cada vez m\u00e1s globalizado, el papel de los embajadores se vuelve crucial para fortalecer las relaciones diplom\u00e1ticas y comerciales entre pa\u00edses. China y Bolivia han mantenido una relaci\u00f3n de amistad y cooperaci\u00f3n desde el establecimiento de relaciones diplom\u00e1ticas en 1985.<\/p>\n<p>Hace poco m\u00e1s de un mes, lleg\u00f3 a La Paz el nuevo embajador de la Rep\u00fablica Popular China, Wang Liang, oriundo de la ciudad de Shanghai, diplom\u00e1tico de carrera y con una importante experiencia en pa\u00edses de Am\u00e9rica Latina y el Caribe.<\/p>\n<p>Durante una visita realizada por el diplom\u00e1tico a El Diario, tuvimos la oportunidad de conocer aspectos importantes de las relaciones entre los dos pa\u00edses y otros temas de orden mundial.<\/p>\n<p>&nbsp;<\/p>\n<p><strong>\u00bfEn qu\u00e9 nivel est\u00e1 el comercio entre China y Bolivia?<\/strong><\/p>\n<p><strong>\u00a0<\/strong><\/p>\n<p>China ya es el principal socio comercial de m\u00e1s de 140 pa\u00edses y regiones. El a\u00f1o pasado, el comercio entre China y Bolivia super\u00f3 los 2 mil millones de d\u00f3lares, de los cuales 1.460 millones corresponden a la exportaciones bolivianas a China suponiendo un crecimiento del 67,7%. Estamos seguros de que todav\u00eda existen grandes potenciales por explotar en cuanto a la complementariedad econ\u00f3mica entre ambos pa\u00edses. China est\u00e1 dispuesta a trabajar de mano de la parte boliviana para avanzar en la profundidad y la amplitud de la cooperaci\u00f3n sino-boliviana e impulsar la construcci\u00f3n conjunta de calidad de la Franja y la Ruta, en el marco de la construcci\u00f3n de la comunidad del futuro compartido de la humanidad, de modo que se traiga mayor beneficio tangible a los pueblos de ambos pa\u00edses sobre la base del desarrollo sostenido y seguro de la Asociaci\u00f3n Estrat\u00e9gica China-Bolivia.<\/p>\n<p>&nbsp;<\/p>\n<p><strong>\u00bfCu\u00e1nto ha crecido la econom\u00eda china en 2023?<\/strong><\/p>\n<p>En 2023, el PIB de China alcanz\u00f3 a los 17,89 trillones de d\u00f3lares con un crecimiento del 5,2%, cifra que figura en las primeras filas entre las principales econom\u00edas del mundo, consolid\u00e1ndose todav\u00eda m\u00e1s la posici\u00f3n de China como la segunda econom\u00eda del mundo. El crecimiento del PIB de China agiliz\u00f3 en 2,2 puntos porcentuales respecto al de 2022, y el volumen aumentado es de aproximadamente 830 mil millones de d\u00f3lares, equivalentes al volumen anual de la econom\u00eda de un pa\u00eds mediano. La contribuci\u00f3n del consumo dom\u00e9stico al crecimiento econ\u00f3mico de China se elev\u00f3 hasta el 82,5%. la renta per c\u00e1pita disponible lleg\u00f3 a 5.500 d\u00f3lares con un incremento real del 6,1%. A finales de 2023, las reservas internacionales superaron los 3,2 trillones de d\u00f3lares, mientras que el valor de exportaci\u00f3n e importaci\u00f3n de bienes alcanz\u00f3 a los 5,8 trillones de d\u00f3lares con un aumento interanual del 0,2%. A lo largo del a\u00f1o 2023, China realiz\u00f3 145 mil millones de d\u00f3lares de inversi\u00f3n en el exterior con un crecimiento del 5,7%, en tanto que el uso efectivo de inversiones for\u00e1neas lleg\u00f3 a los 158 mil millones de d\u00f3lares con un incremento del 6,3% frente al monto registrado en 2022. El IPC registr\u00f3 una subida del 0,2% en comparaci\u00f3n con 2022. Las principales metas econ\u00f3micas previstas se han cumplido en lo fundamental. Cabe subrayar especialmente que, en el \u00faltimo decenio, la contribuci\u00f3n media anual de la econom\u00eda china al crecimiento de la econom\u00eda mundial se ha mantenido por encima del 30%, posicion\u00e1ndose as\u00ed en el mayor motor de la econom\u00eda mundial.<\/p>\n<p>&nbsp;<\/p>\n<p><strong>\u00bfEs su pa\u00eds el mayor mercado mundial?<\/strong><\/p>\n<p>En 2023, China ha perseverado en orientar la construcci\u00f3n del sistema industrial moderno con base en la innovaci\u00f3n tecnol\u00f3gica, impulsando a paso firme la manufactura a transitar hacia la alta gama, la inteligentizaci\u00f3n y el desarrollo verde, gracias a lo cual, las nuevas din\u00e1micas y ventajas de la econom\u00eda china se robustecen incesantemente. Al tiempo de promover en\u00e9rgicamente la transformaci\u00f3n de China en un gran mercado \u00fanico, nuestro pa\u00eds se empe\u00f1a en optimizar el clima de negocios para incrementar con eficacia el vigor y dinamismo de la econom\u00eda. En 2023, las inversiones for\u00e1neas que nuestro pa\u00eds ha tra\u00eddo al sector de altas tecnolog\u00edas representan el 37,3% del total de inversiones for\u00e1neas en China. El uso efectivo de inversiones for\u00e1neas del sector manufacturero de alta tecnolog\u00eda experiment\u00f3 un aumento del 6,5%. Los agentes de mercado registrado llegaron a 181 millones de entidades. La capacidad de generaci\u00f3n el\u00e9ctrica instalada a base de energ\u00edas renovables supone m\u00e1s de la mitad de la capacidad total del pa\u00eds, marcando un hito al superar por primera vez a la capacidad de generaci\u00f3n termoel\u00e9ctrica instalada. Tanto la fabricaci\u00f3n como la comercializaci\u00f3n de veh\u00edculos el\u00e9ctricos ocupan el primer lugar en el ranking mundial, al tiempo que la exportaci\u00f3n de veh\u00edculos el\u00e9ctricos se increment\u00f3 en un 67,1%, las ventas minoristas online llegaron a 2,14 trillones de d\u00f3lares con un crecimiento del 11%, consolidando durante 11 a\u00f1os seguidos a China como el mayor mercado mundial de ventas minoristas cibern\u00e9ticas.<\/p>\n<p>&nbsp;<\/p>\n<p><strong>\u00bfCu\u00e1les son las proyecciones de la econom\u00eda china? <\/strong><\/p>\n<p>En 2024, la econom\u00eda china continuar\u00e1 por la senda de recuperaci\u00f3n y mejoramiento. El FMI, la OCED y otras organizaciones internacionales han revisado al alza su previsi\u00f3n sobre el crecimiento de la econom\u00eda china.<\/p>\n<p>China no recurre a pol\u00edticas monetarias y fiscales de fuertes est\u00edmulos, ni busca un crecimiento cortoplacista a costa de acumular riesgos largoplacistas, sino que se esfuerza por fortalecer la fuerza end\u00f3gena de su econom\u00eda. Por eso, hemos construido paulatinamente un fundamento tan \u00f3ptimo como s\u00f3lido para el desarrollo econ\u00f3mico, y se han venido multiplicando factores y condiciones que sustentan el desarrollo de calidad de la econom\u00eda china. Primero, el sistema de econom\u00eda de mercado socialista de China es una integraci\u00f3n org\u00e1nica entre el sistema socialista y la econom\u00eda de mercado, que permite no s\u00f3lo el mercado desempe\u00f1ar un rol decisivo en la distribuci\u00f3n de recursos, sino tambi\u00e9n el despliegue de las ventajas institucionales para cumplir grandes tareas con la concentraci\u00f3n de fuerzas. Y esta peculiaridad proporciona garant\u00edas fundamentales para la marcha segura y estable de la econom\u00eda china. Segundo, China cuenta con una poblaci\u00f3n de 1.400 millones de habitantes, un PIB per c\u00e1pita superior a 12 mil d\u00f3lares y un consumo en r\u00e1pida actualizaci\u00f3n estructural, por lo que independientemente de las vicisitudes internacionales, el vasto mercado dom\u00e9stico siempre constituye un poderoso sost\u00e9n de China para hacer frente a todo tipo de riesgos y desaf\u00edos. Tercero, China es el \u00fanico pa\u00eds que cuenta con todas las ramas industriales catalogadas por la ONU al disponer del sistema industrial m\u00e1s completo del mundo. La producci\u00f3n manufacturera de China representa casi un tercio mundial, ocupando el primer puesto mundial por d\u00e9cimo cuarto a\u00f1o consecutivo, mientras la exportaci\u00f3n de bienes de China supone una s\u00e9ptima parte de la mundial, convirti\u00e9ndolo en una verdadera \u201cf\u00e1brica mundial\u201d. Cuarto, China est\u00e1 transitando del dividendo demogr\u00e1fico al dividendo de talentos humanos. En 2023, la poblaci\u00f3n activa de China supera los 860 millones de personas. Los a\u00f1os de educaci\u00f3n promedio de la poblaci\u00f3n activa alcanzan hasta 11,05 a\u00f1os y las personas con t\u00edtulo universitario o superior sobrepasan los 250 millones. Por lo tanto, el volumen de talentos humanos, los recursos humanos cient\u00edficos y las personas dedicadas a la I+D ocupan todos el primer puesto mundial. Quinto, los gastos de I+D y las inversiones en altas tecnolog\u00edas de toda la sociedad china han mantenido un crecimiento de dos d\u00edgitos durante muchos a\u00f1os. Las empresas de altas y nuevas tecnolog\u00edas totalizan m\u00e1s de 400 mil. La cantidad efectiva de patentes de invenci\u00f3n nacionales supera 4 millones, convirti\u00e9ndose China en el primer pa\u00eds en cruzar esta barrera simb\u00f3lica.<\/p>\n<p>&nbsp;<\/p>\n<p><strong>\u00bfSu pa\u00eds alentar\u00e1 una econom\u00eda mundial abierta?<\/strong><\/p>\n<p>Fomentar la reforma y el desarrollo mediante la apertura es una importante arma m\u00e1gica de China para obtener continuamente nuevos logros en su camino hacia la modernizaci\u00f3n. En la nueva expedici\u00f3n y en la nueva \u00e9poca, China continuar\u00e1 impulsando su desarrollo de calidad a trav\u00e9s de la apertura de alta calidad, al tiempo de compartir con el resto del mundo las oportunidades generadas por su propio desarrollo.\u00a0 Hemos celebrado por sexto a\u00f1o consecutivo la Exposici\u00f3n Internacional de Importaciones de China. La Exposici\u00f3n organizada en 2023 cont\u00f3 con la activa participaci\u00f3n de Bolivia y otros 153 pa\u00edses, y organizaciones regionales e internacionales. El exitoso desarrollo de esta Exposici\u00f3n pone de manifiesto la firme determinaci\u00f3n de China de fomentar la apertura de alto nivel y coadyuvar a la construcci\u00f3n de una econom\u00eda global abierta. En enero de este a\u00f1o, China public\u00f3 y empez\u00f3 a aplicar reajustes arancelarios 2024 en activo fomento de liberalizaci\u00f3n de comercio, y de optimizaci\u00f3n del entorno comercial, medida que demuestra el gran sentido de responsabilidad de China para compartir dividendos de desarrollo con el resto del mundo. Frente al repunte de proteccionismo y unilateralismo, China promover\u00e1 la globalizaci\u00f3n econ\u00f3mica inclusiva y de beneficio universal, en firme defensa com\u00fan del libre comercio y el r\u00e9gimen de comercio multilateral, con la finalidad de reforzar el vigor de la econom\u00eda mundial.<\/p>\n","protected":false},"excerpt":{"rendered":"<p>A medida que el mundo se hace cada vez m\u00e1s globalizado, el papel de los embajadores se vuelve crucial para fortalecer las relaciones diplom\u00e1ticas y comerciales entre pa\u00edses. China y Bolivia han mantenido una relaci\u00f3n de amistad y cooperaci\u00f3n desde el establecimiento de relaciones diplom\u00e1ticas en 1985. Hace poco m\u00e1s de un mes, lleg\u00f3 a [&hellip;]<\/p>\n","protected":false},"author":1,"featured_media":203872,"comment_status":"open","ping_status":"open","sticky":false,"template":"","format":"standard","meta":{"_acf_changed":false,"footnotes":""},"categories":[14],"tags":[],"class_list":["post-203871","post","type-post","status-publish","format-standard","has-post-thumbnail","category-politica"],"acf":{"antetitulo":"Entrevista"},"yoast_head":"<!-- This site is optimized with the Yoast SEO plugin v28.4 - https:\/\/yoast.com\/product\/yoast-seo-wordpress\/ -->\n<title>Embajador Wang Liang: China est\u00e1 dispuesta a ampliar la cooperaci\u00f3n con Bolivia - El Diario - Bolivia<\/title>\n<meta name=\"robots\" content=\"index, follow, max-snippet:-1, max-image-preview:large, max-video-preview:-1\" \/>\n<link rel=\"canonical\" href=\"https:\/\/www.eldiario.net\/portal\/2024\/02\/18\/embajador-wang-liang-china-esta-dispuesta-a-ampliar-la-cooperacion-con-bolivia\/\" \/>\n<meta property=\"og:locale\" content=\"es_ES\" \/>\n<meta property=\"og:type\" content=\"article\" \/>\n<meta property=\"og:title\" content=\"Embajador Wang Liang: China est\u00e1 dispuesta a ampliar la cooperaci\u00f3n con Bolivia - El Diario - Bolivia\" \/>\n<meta property=\"og:description\" content=\"A medida que el mundo se hace cada vez m\u00e1s globalizado, el papel de los embajadores se vuelve crucial para fortalecer las relaciones diplom\u00e1ticas y comerciales entre pa\u00edses. China y Bolivia han mantenido una relaci\u00f3n de amistad y cooperaci\u00f3n desde el establecimiento de relaciones diplom\u00e1ticas en 1985. Hace poco m\u00e1s de un mes, lleg\u00f3 a [&hellip;]\" \/>\n<meta property=\"og:url\" content=\"https:\/\/www.eldiario.net\/portal\/2024\/02\/18\/embajador-wang-liang-china-esta-dispuesta-a-ampliar-la-cooperacion-con-bolivia\/\" \/>\n<meta property=\"og:site_name\" content=\"El Diario - Bolivia\" \/>\n<meta property=\"article:publisher\" content=\"https:\/\/www.facebook.com\/eldiario.bolivia\/\" \/>\n<meta property=\"article:published_time\" content=\"2024-02-18T10:50:17+00:00\" \/>\n<meta property=\"og:image\" content=\"https:\/\/www.eldiario.net\/portal\/wp-content\/uploads\/2024\/02\/WhatsApp-Image-2024-02-17-at-7.47.jpg\" \/>\n\t<meta property=\"og:image:width\" content=\"970\" \/>\n\t<meta property=\"og:image:height\" content=\"806\" \/>\n\t<meta property=\"og:image:type\" content=\"image\/jpeg\" \/>\n<meta name=\"author\" content=\"Jeanette\" \/>\n<meta name=\"twitter:card\" content=\"summary_large_image\" \/>\n<meta name=\"twitter:creator\" content=\"@eldiario_net\" \/>\n<meta name=\"twitter:site\" content=\"@eldiario_net\" \/>\n<meta name=\"twitter:label1\" content=\"Escrito por\" \/>\n\t<meta name=\"twitter:data1\" content=\"Jeanette\" \/>\n\t<meta name=\"twitter:label2\" content=\"Tiempo de lectura\" \/>\n\t<meta name=\"twitter:data2\" content=\"7 minutos\" \/>\n<script type=\"application\/ld+json\" class=\"yoast-schema-graph\">{\"@context\":\"https:\\\/\\\/schema.org\",\"@graph\":[{\"@type\":\"Article\",\"@id\":\"https:\\\/\\\/www.eldiario.net\\\/portal\\\/2024\\\/02\\\/18\\\/embajador-wang-liang-china-esta-dispuesta-a-ampliar-la-cooperacion-con-bolivia\\\/#article\",\"isPartOf\":{\"@id\":\"https:\\\/\\\/www.eldiario.net\\\/portal\\\/2024\\\/02\\\/18\\\/embajador-wang-liang-china-esta-dispuesta-a-ampliar-la-cooperacion-con-bolivia\\\/\"},\"author\":{\"name\":\"Jeanette\",\"@id\":\"https:\\\/\\\/www.eldiario.net\\\/portal\\\/#\\\/schema\\\/person\\\/f46445640444750d7d753ccd04ae01b7\"},\"headline\":\"Embajador Wang Liang: China est\u00e1 dispuesta a ampliar la cooperaci\u00f3n con Bolivia\",\"datePublished\":\"2024-02-18T10:50:17+00:00\",\"mainEntityOfPage\":{\"@id\":\"https:\\\/\\\/www.eldiario.net\\\/portal\\\/2024\\\/02\\\/18\\\/embajador-wang-liang-china-esta-dispuesta-a-ampliar-la-cooperacion-con-bolivia\\\/\"},\"wordCount\":1598,\"commentCount\":0,\"publisher\":{\"@id\":\"https:\\\/\\\/www.eldiario.net\\\/portal\\\/#organization\"},\"image\":{\"@id\":\"https:\\\/\\\/www.eldiario.net\\\/portal\\\/2024\\\/02\\\/18\\\/embajador-wang-liang-china-esta-dispuesta-a-ampliar-la-cooperacion-con-bolivia\\\/#primaryimage\"},\"thumbnailUrl\":\"https:\\\/\\\/www.eldiario.net\\\/portal\\\/wp-content\\\/uploads\\\/2024\\\/02\\\/WhatsApp-Image-2024-02-17-at-7.47.jpg\",\"articleSection\":[\"Pol\u00edtica\"],\"inLanguage\":\"es\",\"potentialAction\":[{\"@type\":\"CommentAction\",\"name\":\"Comment\",\"target\":[\"https:\\\/\\\/www.eldiario.net\\\/portal\\\/2024\\\/02\\\/18\\\/embajador-wang-liang-china-esta-dispuesta-a-ampliar-la-cooperacion-con-bolivia\\\/#respond\"]}]},{\"@type\":\"WebPage\",\"@id\":\"https:\\\/\\\/www.eldiario.net\\\/portal\\\/2024\\\/02\\\/18\\\/embajador-wang-liang-china-esta-dispuesta-a-ampliar-la-cooperacion-con-bolivia\\\/\",\"url\":\"https:\\\/\\\/www.eldiario.net\\\/portal\\\/2024\\\/02\\\/18\\\/embajador-wang-liang-china-esta-dispuesta-a-ampliar-la-cooperacion-con-bolivia\\\/\",\"name\":\"Embajador Wang Liang: China est\u00e1 dispuesta a ampliar la cooperaci\u00f3n con Bolivia - El Diario - Bolivia\",\"isPartOf\":{\"@id\":\"https:\\\/\\\/www.eldiario.net\\\/portal\\\/#website\"},\"primaryImageOfPage\":{\"@id\":\"https:\\\/\\\/www.eldiario.net\\\/portal\\\/2024\\\/02\\\/18\\\/embajador-wang-liang-china-esta-dispuesta-a-ampliar-la-cooperacion-con-bolivia\\\/#primaryimage\"},\"image\":{\"@id\":\"https:\\\/\\\/www.eldiario.net\\\/portal\\\/2024\\\/02\\\/18\\\/embajador-wang-liang-china-esta-dispuesta-a-ampliar-la-cooperacion-con-bolivia\\\/#primaryimage\"},\"thumbnailUrl\":\"https:\\\/\\\/www.eldiario.net\\\/portal\\\/wp-content\\\/uploads\\\/2024\\\/02\\\/WhatsApp-Image-2024-02-17-at-7.47.jpg\",\"datePublished\":\"2024-02-18T10:50:17+00:00\",\"breadcrumb\":{\"@id\":\"https:\\\/\\\/www.eldiario.net\\\/portal\\\/2024\\\/02\\\/18\\\/embajador-wang-liang-china-esta-dispuesta-a-ampliar-la-cooperacion-con-bolivia\\\/#breadcrumb\"},\"inLanguage\":\"es\",\"potentialAction\":[{\"@type\":\"ReadAction\",\"target\":[\"https:\\\/\\\/www.eldiario.net\\\/portal\\\/2024\\\/02\\\/18\\\/embajador-wang-liang-china-esta-dispuesta-a-ampliar-la-cooperacion-con-bolivia\\\/\"]}]},{\"@type\":\"ImageObject\",\"inLanguage\":\"es\",\"@id\":\"https:\\\/\\\/www.eldiario.net\\\/portal\\\/2024\\\/02\\\/18\\\/embajador-wang-liang-china-esta-dispuesta-a-ampliar-la-cooperacion-con-bolivia\\\/#primaryimage\",\"url\":\"https:\\\/\\\/www.eldiario.net\\\/portal\\\/wp-content\\\/uploads\\\/2024\\\/02\\\/WhatsApp-Image-2024-02-17-at-7.47.jpg\",\"contentUrl\":\"https:\\\/\\\/www.eldiario.net\\\/portal\\\/wp-content\\\/uploads\\\/2024\\\/02\\\/WhatsApp-Image-2024-02-17-at-7.47.jpg\",\"width\":970,\"height\":806,\"caption\":\"EMBAJADOR DE LA REP\u00daBLICA POPULAR CHINA, WANG LIANG.\"},{\"@type\":\"BreadcrumbList\",\"@id\":\"https:\\\/\\\/www.eldiario.net\\\/portal\\\/2024\\\/02\\\/18\\\/embajador-wang-liang-china-esta-dispuesta-a-ampliar-la-cooperacion-con-bolivia\\\/#breadcrumb\",\"itemListElement\":[{\"@type\":\"ListItem\",\"position\":1,\"name\":\"Portada\",\"item\":\"https:\\\/\\\/www.eldiario.net\\\/portal\\\/\"},{\"@type\":\"ListItem\",\"position\":2,\"name\":\"Embajador Wang Liang: China est\u00e1 dispuesta a ampliar la cooperaci\u00f3n con Bolivia\"}]},{\"@type\":\"WebSite\",\"@id\":\"https:\\\/\\\/www.eldiario.net\\\/portal\\\/#website\",\"url\":\"https:\\\/\\\/www.eldiario.net\\\/portal\\\/\",\"name\":\"El Diario - Decano de la prensa nacional\",\"description\":\"El Diario - Decano de la prensa nacional\",\"publisher\":{\"@id\":\"https:\\\/\\\/www.eldiario.net\\\/portal\\\/#organization\"},\"potentialAction\":[{\"@type\":\"SearchAction\",\"target\":{\"@type\":\"EntryPoint\",\"urlTemplate\":\"https:\\\/\\\/www.eldiario.net\\\/portal\\\/?s={search_term_string}\"},\"query-input\":{\"@type\":\"PropertyValueSpecification\",\"valueRequired\":true,\"valueName\":\"search_term_string\"}}],\"inLanguage\":\"es\"},{\"@type\":\"Organization\",\"@id\":\"https:\\\/\\\/www.eldiario.net\\\/portal\\\/#organization\",\"name\":\"El Diario - Decano de la prensa nacional\",\"url\":\"https:\\\/\\\/www.eldiario.net\\\/portal\\\/\",\"logo\":{\"@type\":\"ImageObject\",\"inLanguage\":\"es\",\"@id\":\"https:\\\/\\\/www.eldiario.net\\\/portal\\\/#\\\/schema\\\/logo\\\/image\\\/\",\"url\":\"https:\\\/\\\/www.eldiario.net\\\/portal\\\/wp-content\\\/uploads\\\/2023\\\/07\\\/logo_ED.jpg\",\"contentUrl\":\"https:\\\/\\\/www.eldiario.net\\\/portal\\\/wp-content\\\/uploads\\\/2023\\\/07\\\/logo_ED.jpg\",\"width\":272,\"height\":52,\"caption\":\"El Diario - Decano de la prensa nacional\"},\"image\":{\"@id\":\"https:\\\/\\\/www.eldiario.net\\\/portal\\\/#\\\/schema\\\/logo\\\/image\\\/\"},\"sameAs\":[\"https:\\\/\\\/www.facebook.com\\\/eldiario.bolivia\\\/\",\"https:\\\/\\\/x.com\\\/eldiario_net\"]},{\"@type\":\"Person\",\"@id\":\"https:\\\/\\\/www.eldiario.net\\\/portal\\\/#\\\/schema\\\/person\\\/f46445640444750d7d753ccd04ae01b7\",\"name\":\"Jeanette\",\"image\":{\"@type\":\"ImageObject\",\"inLanguage\":\"es\",\"@id\":\"https:\\\/\\\/secure.gravatar.com\\\/avatar\\\/3ea2118a5f7dad2b7138b1187a6b7ee55f160b9968b66013c3a3ef39dd7e5798?s=96&d=mm&r=g\",\"url\":\"https:\\\/\\\/secure.gravatar.com\\\/avatar\\\/3ea2118a5f7dad2b7138b1187a6b7ee55f160b9968b66013c3a3ef39dd7e5798?s=96&d=mm&r=g\",\"contentUrl\":\"https:\\\/\\\/secure.gravatar.com\\\/avatar\\\/3ea2118a5f7dad2b7138b1187a6b7ee55f160b9968b66013c3a3ef39dd7e5798?s=96&d=mm&r=g\",\"caption\":\"Jeanette\"},\"sameAs\":[\"https:\\\/\\\/www.eldiario.net\\\/portal\"],\"url\":\"https:\\\/\\\/www.eldiario.net\\\/portal\\\/author\\\/jeanette\\\/\"}]}<\/script>\n<!-- \/ Yoast SEO plugin. -->","yoast_head_json":{"title":"Embajador Wang Liang: China est\u00e1 dispuesta a ampliar la cooperaci\u00f3n con Bolivia - El Diario - Bolivia","robots":{"index":"index","follow":"follow","max-snippet":"max-snippet:-1","max-image-preview":"max-image-preview:large","max-video-preview":"max-video-preview:-1"},"canonical":"https:\/\/www.eldiario.net\/portal\/2024\/02\/18\/embajador-wang-liang-china-esta-dispuesta-a-ampliar-la-cooperacion-con-bolivia\/","og_locale":"es_ES","og_type":"article","og_title":"Embajador Wang Liang: China est\u00e1 dispuesta a ampliar la cooperaci\u00f3n con Bolivia - El Diario - Bolivia","og_description":"A medida que el mundo se hace cada vez m\u00e1s globalizado, el papel de los embajadores se vuelve crucial para fortalecer las relaciones diplom\u00e1ticas y comerciales entre pa\u00edses. China y Bolivia han mantenido una relaci\u00f3n de amistad y cooperaci\u00f3n desde el establecimiento de relaciones diplom\u00e1ticas en 1985. Hace poco m\u00e1s de un mes, lleg\u00f3 a [&hellip;]","og_url":"https:\/\/www.eldiario.net\/portal\/2024\/02\/18\/embajador-wang-liang-china-esta-dispuesta-a-ampliar-la-cooperacion-con-bolivia\/","og_site_name":"El Diario - Bolivia","article_publisher":"https:\/\/www.facebook.com\/eldiario.bolivia\/","article_published_time":"2024-02-18T10:50:17+00:00","og_image":[{"width":970,"height":806,"url":"https:\/\/www.eldiario.net\/portal\/wp-content\/uploads\/2024\/02\/WhatsApp-Image-2024-02-17-at-7.47.jpg","type":"image\/jpeg"}],"author":"Jeanette","twitter_card":"summary_large_image","twitter_creator":"@eldiario_net","twitter_site":"@eldiario_net","twitter_misc":{"Escrito por":"Jeanette","Tiempo de lectura":"7 minutos"},"schema":{"@context":"https:\/\/schema.org","@graph":[{"@type":"Article","@id":"https:\/\/www.eldiario.net\/portal\/2024\/02\/18\/embajador-wang-liang-china-esta-dispuesta-a-ampliar-la-cooperacion-con-bolivia\/#article","isPartOf":{"@id":"https:\/\/www.eldiario.net\/portal\/2024\/02\/18\/embajador-wang-liang-china-esta-dispuesta-a-ampliar-la-cooperacion-con-bolivia\/"},"author":{"name":"Jeanette","@id":"https:\/\/www.eldiario.net\/portal\/#\/schema\/person\/f46445640444750d7d753ccd04ae01b7"},"headline":"Embajador Wang Liang: China est\u00e1 dispuesta a ampliar la cooperaci\u00f3n con Bolivia","datePublished":"2024-02-18T10:50:17+00:00","mainEntityOfPage":{"@id":"https:\/\/www.eldiario.net\/portal\/2024\/02\/18\/embajador-wang-liang-china-esta-dispuesta-a-ampliar-la-cooperacion-con-bolivia\/"},"wordCount":1598,"commentCount":0,"publisher":{"@id":"https:\/\/www.eldiario.net\/portal\/#organization"},"image":{"@id":"https:\/\/www.eldiario.net\/portal\/2024\/02\/18\/embajador-wang-liang-china-esta-dispuesta-a-ampliar-la-cooperacion-con-bolivia\/#primaryimage"},"thumbnailUrl":"https:\/\/www.eldiario.net\/portal\/wp-content\/uploads\/2024\/02\/WhatsApp-Image-2024-02-17-at-7.47.jpg","articleSection":["Pol\u00edtica"],"inLanguage":"es","potentialAction":[{"@type":"CommentAction","name":"Comment","target":["https:\/\/www.eldiario.net\/portal\/2024\/02\/18\/embajador-wang-liang-china-esta-dispuesta-a-ampliar-la-cooperacion-con-bolivia\/#respond"]}]},{"@type":"WebPage","@id":"https:\/\/www.eldiario.net\/portal\/2024\/02\/18\/embajador-wang-liang-china-esta-dispuesta-a-ampliar-la-cooperacion-con-bolivia\/","url":"https:\/\/www.eldiario.net\/portal\/2024\/02\/18\/embajador-wang-liang-china-esta-dispuesta-a-ampliar-la-cooperacion-con-bolivia\/","name":"Embajador Wang Liang: China est\u00e1 dispuesta a ampliar la cooperaci\u00f3n con Bolivia - El Diario - Bolivia","isPartOf":{"@id":"https:\/\/www.eldiario.net\/portal\/#website"},"primaryImageOfPage":{"@id":"https:\/\/www.eldiario.net\/portal\/2024\/02\/18\/embajador-wang-liang-china-esta-dispuesta-a-ampliar-la-cooperacion-con-bolivia\/#primaryimage"},"image":{"@id":"https:\/\/www.eldiario.net\/portal\/2024\/02\/18\/embajador-wang-liang-china-esta-dispuesta-a-ampliar-la-cooperacion-con-bolivia\/#primaryimage"},"thumbnailUrl":"https:\/\/www.eldiario.net\/portal\/wp-content\/uploads\/2024\/02\/WhatsApp-Image-2024-02-17-at-7.47.jpg","datePublished":"2024-02-18T10:50:17+00:00","breadcrumb":{"@id":"https:\/\/www.eldiario.net\/portal\/2024\/02\/18\/embajador-wang-liang-china-esta-dispuesta-a-ampliar-la-cooperacion-con-bolivia\/#breadcrumb"},"inLanguage":"es","potentialAction":[{"@type":"ReadAction","target":["https:\/\/www.eldiario.net\/portal\/2024\/02\/18\/embajador-wang-liang-china-esta-dispuesta-a-ampliar-la-cooperacion-con-bolivia\/"]}]},{"@type":"ImageObject","inLanguage":"es","@id":"https:\/\/www.eldiario.net\/portal\/2024\/02\/18\/embajador-wang-liang-china-esta-dispuesta-a-ampliar-la-cooperacion-con-bolivia\/#primaryimage","url":"https:\/\/www.eldiario.net\/portal\/wp-content\/uploads\/2024\/02\/WhatsApp-Image-2024-02-17-at-7.47.jpg","contentUrl":"https:\/\/www.eldiario.net\/portal\/wp-content\/uploads\/2024\/02\/WhatsApp-Image-2024-02-17-at-7.47.jpg","width":970,"height":806,"caption":"EMBAJADOR DE LA REP\u00daBLICA POPULAR CHINA, WANG LIANG."},{"@type":"BreadcrumbList","@id":"https:\/\/www.eldiario.net\/portal\/2024\/02\/18\/embajador-wang-liang-china-esta-dispuesta-a-ampliar-la-cooperacion-con-bolivia\/#breadcrumb","itemListElement":[{"@type":"ListItem","position":1,"name":"Portada","item":"https:\/\/www.eldiario.net\/portal\/"},{"@type":"ListItem","position":2,"name":"Embajador Wang Liang: China est\u00e1 dispuesta a ampliar la cooperaci\u00f3n con Bolivia"}]},{"@type":"WebSite","@id":"https:\/\/www.eldiario.net\/portal\/#website","url":"https:\/\/www.eldiario.net\/portal\/","name":"El Diario - Decano de la prensa nacional","description":"El Diario - Decano de la prensa nacional","publisher":{"@id":"https:\/\/www.eldiario.net\/portal\/#organization"},"potentialAction":[{"@type":"SearchAction","target":{"@type":"EntryPoint","urlTemplate":"https:\/\/www.eldiario.net\/portal\/?s={search_term_string}"},"query-input":{"@type":"PropertyValueSpecification","valueRequired":true,"valueName":"search_term_string"}}],"inLanguage":"es"},{"@type":"Organization","@id":"https:\/\/www.eldiario.net\/portal\/#organization","name":"El Diario - Decano de la prensa nacional","url":"https:\/\/www.eldiario.net\/portal\/","logo":{"@type":"ImageObject","inLanguage":"es","@id":"https:\/\/www.eldiario.net\/portal\/#\/schema\/logo\/image\/","url":"https:\/\/www.eldiario.net\/portal\/wp-content\/uploads\/2023\/07\/logo_ED.jpg","contentUrl":"https:\/\/www.eldiario.net\/portal\/wp-content\/uploads\/2023\/07\/logo_ED.jpg","width":272,"height":52,"caption":"El Diario - Decano de la prensa nacional"},"image":{"@id":"https:\/\/www.eldiario.net\/portal\/#\/schema\/logo\/image\/"},"sameAs":["https:\/\/www.facebook.com\/eldiario.bolivia\/","https:\/\/x.com\/eldiario_net"]},{"@type":"Person","@id":"https:\/\/www.eldiario.net\/portal\/#\/schema\/person\/f46445640444750d7d753ccd04ae01b7","name":"Jeanette","image":{"@type":"ImageObject","inLanguage":"es","@id":"https:\/\/secure.gravatar.com\/avatar\/3ea2118a5f7dad2b7138b1187a6b7ee55f160b9968b66013c3a3ef39dd7e5798?s=96&d=mm&r=g","url":"https:\/\/secure.gravatar.com\/avatar\/3ea2118a5f7dad2b7138b1187a6b7ee55f160b9968b66013c3a3ef39dd7e5798?s=96&d=mm&r=g","contentUrl":"https:\/\/secure.gravatar.com\/avatar\/3ea2118a5f7dad2b7138b1187a6b7ee55f160b9968b66013c3a3ef39dd7e5798?s=96&d=mm&r=g","caption":"Jeanette"},"sameAs":["https:\/\/www.eldiario.net\/portal"],"url":"https:\/\/www.eldiario.net\/portal\/author\/jeanette\/"}]}},"_links":{"self":[{"href":"https:\/\/www.eldiario.net\/portal\/wp-json\/wp\/v2\/posts\/203871","targetHints":{"allow":["GET"]}}],"collection":[{"href":"https:\/\/www.eldiario.net\/portal\/wp-json\/wp\/v2\/posts"}],"about":[{"href":"https:\/\/www.eldiario.net\/portal\/wp-json\/wp\/v2\/types\/post"}],"author":[{"embeddable":true,"href":"https:\/\/www.eldiario.net\/portal\/wp-json\/wp\/v2\/users\/1"}],"replies":[{"embeddable":true,"href":"https:\/\/www.eldiario.net\/portal\/wp-json\/wp\/v2\/comments?post=203871"}],"version-history":[{"count":1,"href":"https:\/\/www.eldiario.net\/portal\/wp-json\/wp\/v2\/posts\/203871\/revisions"}],"predecessor-version":[{"id":203873,"href":"https:\/\/www.eldiario.net\/portal\/wp-json\/wp\/v2\/posts\/203871\/revisions\/203873"}],"wp:featuredmedia":[{"embeddable":true,"href":"https:\/\/www.eldiario.net\/portal\/wp-json\/wp\/v2\/media\/203872"}],"wp:attachment":[{"href":"https:\/\/www.eldiario.net\/portal\/wp-json\/wp\/v2\/media?parent=203871"}],"wp:term":[{"taxonomy":"category","embeddable":true,"href":"https:\/\/www.eldiario.net\/portal\/wp-json\/wp\/v2\/categories?post=203871"},{"taxonomy":"post_tag","embeddable":true,"href":"https:\/\/www.eldiario.net\/portal\/wp-json\/wp\/v2\/tags?post=203871"}],"curies":[{"name":"wp","href":"https:\/\/api.w.org\/{rel}","templated":true}]}}