{"id":203859,"date":"2024-02-18T06:49:24","date_gmt":"2024-02-18T10:49:24","guid":{"rendered":"https:\/\/www.eldiario.net\/portal\/?p=203859"},"modified":"2024-02-18T06:49:24","modified_gmt":"2024-02-18T10:49:24","slug":"fes-premia-a-ganadores-de-concurso-sobre-mineria-aurifera-y-publica-libro","status":"publish","type":"post","link":"https:\/\/www.eldiario.net\/portal\/2024\/02\/18\/fes-premia-a-ganadores-de-concurso-sobre-mineria-aurifera-y-publica-libro\/","title":{"rendered":"FES premia a ganadores de concurso sobre miner\u00eda aur\u00edfera y publica libro"},"content":{"rendered":"<p>La Fundaci\u00f3n Friedrich-Ebert-Stiftung (FES) en Bolivia realiz\u00f3 la premiaci\u00f3n de la s\u00e9ptima versi\u00f3n del concurso anual bajo el r\u00f3tulo de: Miner\u00eda Aur\u00edfera \u00bfEl oro vale m\u00e1s que la vida?<br \/>\nEn la oportunidad, tambi\u00e9n se present\u00f3 el libro, que recoge los mejores trabajos sobre la compleja tem\u00e1tica referida a la explotaci\u00f3n del oro y sus consecuencias.<br \/>\nEl director de la FES, Jan Souverein, presidio el acto, celebrado en el auditorio de la organizaci\u00f3n, y dijo que la obra pretende contribuir en la visibilizaci\u00f3n de los impactos causados por el avance de la miner\u00eda del oro, pero tambi\u00e9n exponer las alternativas planteadas desde las comunidades locales y pueblos ind\u00edgenas.<\/p>\n\r\n                <style type=\"text\/css\">\r\n                    \r\n                    #tdi_1  .td-doubleSlider-2 .td-item1 {\r\n                        background: url(https:\/\/www.eldiario.net\/portal\/wp-content\/uploads\/2024\/02\/DSC_9631.jpg) 0 0 no-repeat;\r\n                    }\r\n                    #tdi_1  .td-doubleSlider-2 .td-item2 {\r\n                        background: url(https:\/\/www.eldiario.net\/portal\/wp-content\/uploads\/2024\/02\/DSC_9640.jpg) 0 0 no-repeat;\r\n                    }\r\n                    #tdi_1  .td-doubleSlider-2 .td-item3 {\r\n                        background: url(https:\/\/www.eldiario.net\/portal\/wp-content\/uploads\/2024\/02\/DSC_9645.jpg) 0 0 no-repeat;\r\n                    }\r\n                    #tdi_1  .td-doubleSlider-2 .td-item4 {\r\n                        background: url(https:\/\/www.eldiario.net\/portal\/wp-content\/uploads\/2024\/02\/DSC_9518.jpg) 0 0 no-repeat;\r\n                    }\r\n                    #tdi_1  .td-doubleSlider-2 .td-item5 {\r\n                        background: url(https:\/\/www.eldiario.net\/portal\/wp-content\/uploads\/2024\/02\/DSC_9586.jpg) 0 0 no-repeat;\r\n                    }\r\n                    #tdi_1  .td-doubleSlider-2 .td-item6 {\r\n                        background: url(https:\/\/www.eldiario.net\/portal\/wp-content\/uploads\/2024\/02\/DSC_9604.jpg) 0 0 no-repeat;\r\n                    }\r\n                    #tdi_1  .td-doubleSlider-2 .td-item7 {\r\n                        background: url(https:\/\/www.eldiario.net\/portal\/wp-content\/uploads\/2024\/02\/DSC_9610.jpg) 0 0 no-repeat;\r\n                    }\r\n                    #tdi_1  .td-doubleSlider-2 .td-item8 {\r\n                        background: url(https:\/\/www.eldiario.net\/portal\/wp-content\/uploads\/2024\/02\/DSC_9619-scaled.jpg) 0 0 no-repeat;\r\n                    }\r\n                    #tdi_1  .td-doubleSlider-2 .td-item9 {\r\n                        background: url(https:\/\/www.eldiario.net\/portal\/wp-content\/uploads\/2024\/02\/DSC_9620.jpg) 0 0 no-repeat;\r\n                    }\r\n                    #tdi_1  .td-doubleSlider-2 .td-item10 {\r\n                        background: url(https:\/\/www.eldiario.net\/portal\/wp-content\/uploads\/2024\/02\/DSC_9628.jpg) 0 0 no-repeat;\r\n                    }\r\n                <\/style>\r\n\r\n                <div id=\"tdi_1\" class=\"td-gallery td-slide-on-2-columns\">\r\n                    <div class=\"post_td_gallery\">\r\n                        <div class=\"td-gallery-slide-top\">\r\n                           <div class=\"td-gallery-title\"><\/div>\r\n\r\n                            <div class=\"td-gallery-controls-wrapper\">\r\n                                <div class=\"td-gallery-slide-count\"><span class=\"td-gallery-slide-item-focus\">1<\/span> de 10<\/div>\r\n                                <div class=\"td-gallery-slide-prev-next-but\">\r\n                                    <i class = \"td-icon-left doubleSliderPrevButton\"><\/i>\r\n                                    <i class = \"td-icon-right doubleSliderNextButton\"><\/i>\r\n                                <\/div>\r\n                            <\/div>\r\n                        <\/div>\r\n\r\n                        <div class = \"td-doubleSlider-1 \">\r\n                            <div class = \"td-slider\">\r\n                                \r\n                    <div class = \"td-slide-item td-item1\">\r\n                        <figure class=\"td-slide-galery-figure td-slide-popup-gallery\">\r\n                            <a class=\"slide-gallery-image-link\" href=\"https:\/\/www.eldiario.net\/portal\/wp-content\/uploads\/2024\/02\/DSC_9631.jpg\" title=\"DSC_9631\"  data-caption=\"      DIEGO, \u00c1LVARO Y PAOLA.\"  data-description=\"\">\r\n                                <img decoding=\"async\" src=\"https:\/\/www.eldiario.net\/portal\/wp-content\/uploads\/2024\/02\/DSC_9631.jpg\" srcset=\"https:\/\/www.eldiario.net\/portal\/wp-content\/uploads\/2024\/02\/DSC_9631.jpg 2362w, https:\/\/www.eldiario.net\/portal\/wp-content\/uploads\/2024\/02\/DSC_9631-300x200.jpg 300w, https:\/\/www.eldiario.net\/portal\/wp-content\/uploads\/2024\/02\/DSC_9631-1024x683.jpg 1024w, https:\/\/www.eldiario.net\/portal\/wp-content\/uploads\/2024\/02\/DSC_9631-768x512.jpg 768w, https:\/\/www.eldiario.net\/portal\/wp-content\/uploads\/2024\/02\/DSC_9631-1536x1025.jpg 1536w, https:\/\/www.eldiario.net\/portal\/wp-content\/uploads\/2024\/02\/DSC_9631-2048x1366.jpg 2048w, https:\/\/www.eldiario.net\/portal\/wp-content\/uploads\/2024\/02\/DSC_9631-696x464.jpg 696w, https:\/\/www.eldiario.net\/portal\/wp-content\/uploads\/2024\/02\/DSC_9631-1068x713.jpg 1068w, https:\/\/www.eldiario.net\/portal\/wp-content\/uploads\/2024\/02\/DSC_9631-1920x1281.jpg 1920w\" sizes=\"(max-width: 629px) 100vw, 629px\" alt=\"\">\r\n                            <\/a>\r\n                            <figcaption class = \"td-slide-caption td-gallery-slide-content\"><div class = \"td-gallery-slide-copywrite\">      DIEGO, \u00c1LVARO Y PAOLA.<\/div><\/figcaption>\r\n                        <\/figure>\r\n                    <\/div>\r\n                    <div class = \"td-slide-item td-item2\">\r\n                        <figure class=\"td-slide-galery-figure td-slide-popup-gallery\">\r\n                            <a class=\"slide-gallery-image-link\" href=\"https:\/\/www.eldiario.net\/portal\/wp-content\/uploads\/2024\/02\/DSC_9640.jpg\" title=\"DSC_9640\"  data-caption=\"CECILIA REQUENA, WALDO VARGAS, DANTE GUMIEL Y ALBERTO LAND\u00cdVAR.\"  data-description=\"\">\r\n                                <img decoding=\"async\" src=\"https:\/\/www.eldiario.net\/portal\/wp-content\/uploads\/2024\/02\/DSC_9640.jpg\" srcset=\"https:\/\/www.eldiario.net\/portal\/wp-content\/uploads\/2024\/02\/DSC_9640.jpg 2362w, https:\/\/www.eldiario.net\/portal\/wp-content\/uploads\/2024\/02\/DSC_9640-300x200.jpg 300w, https:\/\/www.eldiario.net\/portal\/wp-content\/uploads\/2024\/02\/DSC_9640-1024x683.jpg 1024w, https:\/\/www.eldiario.net\/portal\/wp-content\/uploads\/2024\/02\/DSC_9640-768x512.jpg 768w, https:\/\/www.eldiario.net\/portal\/wp-content\/uploads\/2024\/02\/DSC_9640-1536x1025.jpg 1536w, https:\/\/www.eldiario.net\/portal\/wp-content\/uploads\/2024\/02\/DSC_9640-2048x1366.jpg 2048w, https:\/\/www.eldiario.net\/portal\/wp-content\/uploads\/2024\/02\/DSC_9640-696x464.jpg 696w, https:\/\/www.eldiario.net\/portal\/wp-content\/uploads\/2024\/02\/DSC_9640-1068x713.jpg 1068w, https:\/\/www.eldiario.net\/portal\/wp-content\/uploads\/2024\/02\/DSC_9640-1920x1281.jpg 1920w\" sizes=\"(max-width: 629px) 100vw, 629px\" alt=\"\">\r\n                            <\/a>\r\n                            <figcaption class = \"td-slide-caption td-gallery-slide-content\"><div class = \"td-gallery-slide-copywrite\">CECILIA REQUENA, WALDO VARGAS, DANTE GUMIEL Y ALBERTO LAND\u00cdVAR.<\/div><\/figcaption>\r\n                        <\/figure>\r\n                    <\/div>\r\n                    <div class = \"td-slide-item td-item3\">\r\n                        <figure class=\"td-slide-galery-figure td-slide-popup-gallery\">\r\n                            <a class=\"slide-gallery-image-link\" href=\"https:\/\/www.eldiario.net\/portal\/wp-content\/uploads\/2024\/02\/DSC_9645.jpg\" title=\"DSC_9645\"  data-caption=\"GABRIELA REYES, DANIEL AGRAMONT Y JOS\u00c9 ANTONIO QUIROGA.\"  data-description=\"\">\r\n                                <img decoding=\"async\" src=\"https:\/\/www.eldiario.net\/portal\/wp-content\/uploads\/2024\/02\/DSC_9645.jpg\" srcset=\"https:\/\/www.eldiario.net\/portal\/wp-content\/uploads\/2024\/02\/DSC_9645.jpg 2362w, https:\/\/www.eldiario.net\/portal\/wp-content\/uploads\/2024\/02\/DSC_9645-300x200.jpg 300w, https:\/\/www.eldiario.net\/portal\/wp-content\/uploads\/2024\/02\/DSC_9645-1024x683.jpg 1024w, https:\/\/www.eldiario.net\/portal\/wp-content\/uploads\/2024\/02\/DSC_9645-768x512.jpg 768w, https:\/\/www.eldiario.net\/portal\/wp-content\/uploads\/2024\/02\/DSC_9645-1536x1025.jpg 1536w, https:\/\/www.eldiario.net\/portal\/wp-content\/uploads\/2024\/02\/DSC_9645-2048x1366.jpg 2048w, https:\/\/www.eldiario.net\/portal\/wp-content\/uploads\/2024\/02\/DSC_9645-696x464.jpg 696w, https:\/\/www.eldiario.net\/portal\/wp-content\/uploads\/2024\/02\/DSC_9645-1068x713.jpg 1068w, https:\/\/www.eldiario.net\/portal\/wp-content\/uploads\/2024\/02\/DSC_9645-1920x1281.jpg 1920w\" sizes=\"(max-width: 629px) 100vw, 629px\" alt=\"\">\r\n                            <\/a>\r\n                            <figcaption class = \"td-slide-caption td-gallery-slide-content\"><div class = \"td-gallery-slide-copywrite\">GABRIELA REYES, DANIEL AGRAMONT Y JOS\u00c9 ANTONIO QUIROGA.<\/div><\/figcaption>\r\n                        <\/figure>\r\n                    <\/div>\r\n                    <div class = \"td-slide-item td-item4\">\r\n                        <figure class=\"td-slide-galery-figure td-slide-popup-gallery\">\r\n                            <a class=\"slide-gallery-image-link\" href=\"https:\/\/www.eldiario.net\/portal\/wp-content\/uploads\/2024\/02\/DSC_9518.jpg\" title=\"DSC_9518\"  data-caption=\" DANIEL AGRAMONT, RODRIGO PATI\u00d1O, LISSETTE D\u00c1VALOS Y JAN SOUVEREIN.\"  data-description=\"\">\r\n                                <img decoding=\"async\" src=\"https:\/\/www.eldiario.net\/portal\/wp-content\/uploads\/2024\/02\/DSC_9518.jpg\" srcset=\"https:\/\/www.eldiario.net\/portal\/wp-content\/uploads\/2024\/02\/DSC_9518.jpg 2362w, https:\/\/www.eldiario.net\/portal\/wp-content\/uploads\/2024\/02\/DSC_9518-300x200.jpg 300w, https:\/\/www.eldiario.net\/portal\/wp-content\/uploads\/2024\/02\/DSC_9518-1024x683.jpg 1024w, https:\/\/www.eldiario.net\/portal\/wp-content\/uploads\/2024\/02\/DSC_9518-768x512.jpg 768w, https:\/\/www.eldiario.net\/portal\/wp-content\/uploads\/2024\/02\/DSC_9518-1536x1025.jpg 1536w, https:\/\/www.eldiario.net\/portal\/wp-content\/uploads\/2024\/02\/DSC_9518-2048x1366.jpg 2048w, https:\/\/www.eldiario.net\/portal\/wp-content\/uploads\/2024\/02\/DSC_9518-696x464.jpg 696w, https:\/\/www.eldiario.net\/portal\/wp-content\/uploads\/2024\/02\/DSC_9518-1068x713.jpg 1068w, https:\/\/www.eldiario.net\/portal\/wp-content\/uploads\/2024\/02\/DSC_9518-1920x1281.jpg 1920w\" sizes=\"(max-width: 629px) 100vw, 629px\" alt=\"\">\r\n                            <\/a>\r\n                            <figcaption class = \"td-slide-caption td-gallery-slide-content\"><div class = \"td-gallery-slide-copywrite\"> DANIEL AGRAMONT, RODRIGO PATI\u00d1O, LISSETTE D\u00c1VALOS Y JAN SOUVEREIN.<\/div><\/figcaption>\r\n                        <\/figure>\r\n                    <\/div>\r\n                    <div class = \"td-slide-item td-item5\">\r\n                        <figure class=\"td-slide-galery-figure td-slide-popup-gallery\">\r\n                            <a class=\"slide-gallery-image-link\" href=\"https:\/\/www.eldiario.net\/portal\/wp-content\/uploads\/2024\/02\/DSC_9586.jpg\" title=\"DSC_9586\"  data-caption=\"\"  data-description=\"\">\r\n                                <img decoding=\"async\" src=\"https:\/\/www.eldiario.net\/portal\/wp-content\/uploads\/2024\/02\/DSC_9586.jpg\" srcset=\"https:\/\/www.eldiario.net\/portal\/wp-content\/uploads\/2024\/02\/DSC_9586.jpg 2362w, https:\/\/www.eldiario.net\/portal\/wp-content\/uploads\/2024\/02\/DSC_9586-300x200.jpg 300w, https:\/\/www.eldiario.net\/portal\/wp-content\/uploads\/2024\/02\/DSC_9586-1024x683.jpg 1024w, https:\/\/www.eldiario.net\/portal\/wp-content\/uploads\/2024\/02\/DSC_9586-768x512.jpg 768w, https:\/\/www.eldiario.net\/portal\/wp-content\/uploads\/2024\/02\/DSC_9586-1536x1025.jpg 1536w, https:\/\/www.eldiario.net\/portal\/wp-content\/uploads\/2024\/02\/DSC_9586-2048x1366.jpg 2048w, https:\/\/www.eldiario.net\/portal\/wp-content\/uploads\/2024\/02\/DSC_9586-696x464.jpg 696w, https:\/\/www.eldiario.net\/portal\/wp-content\/uploads\/2024\/02\/DSC_9586-1068x713.jpg 1068w, https:\/\/www.eldiario.net\/portal\/wp-content\/uploads\/2024\/02\/DSC_9586-1920x1281.jpg 1920w\" sizes=\"(max-width: 629px) 100vw, 629px\" alt=\"\">\r\n                            <\/a>\r\n                            \r\n                        <\/figure>\r\n                    <\/div>\r\n                    <div class = \"td-slide-item td-item6\">\r\n                        <figure class=\"td-slide-galery-figure td-slide-popup-gallery\">\r\n                            <a class=\"slide-gallery-image-link\" href=\"https:\/\/www.eldiario.net\/portal\/wp-content\/uploads\/2024\/02\/DSC_9604.jpg\" title=\"DSC_9604\"  data-caption=\"EL DIRECTOR DE LA FES, JAN SERVEREIN, JUNTO A LOS PREMIADOS.\"  data-description=\"\">\r\n                                <img decoding=\"async\" src=\"https:\/\/www.eldiario.net\/portal\/wp-content\/uploads\/2024\/02\/DSC_9604.jpg\" srcset=\"https:\/\/www.eldiario.net\/portal\/wp-content\/uploads\/2024\/02\/DSC_9604.jpg 2362w, https:\/\/www.eldiario.net\/portal\/wp-content\/uploads\/2024\/02\/DSC_9604-300x200.jpg 300w, https:\/\/www.eldiario.net\/portal\/wp-content\/uploads\/2024\/02\/DSC_9604-1024x683.jpg 1024w, https:\/\/www.eldiario.net\/portal\/wp-content\/uploads\/2024\/02\/DSC_9604-768x512.jpg 768w, https:\/\/www.eldiario.net\/portal\/wp-content\/uploads\/2024\/02\/DSC_9604-1536x1025.jpg 1536w, https:\/\/www.eldiario.net\/portal\/wp-content\/uploads\/2024\/02\/DSC_9604-2048x1366.jpg 2048w, https:\/\/www.eldiario.net\/portal\/wp-content\/uploads\/2024\/02\/DSC_9604-696x464.jpg 696w, https:\/\/www.eldiario.net\/portal\/wp-content\/uploads\/2024\/02\/DSC_9604-1068x713.jpg 1068w, https:\/\/www.eldiario.net\/portal\/wp-content\/uploads\/2024\/02\/DSC_9604-1920x1281.jpg 1920w\" sizes=\"(max-width: 629px) 100vw, 629px\" alt=\"\">\r\n                            <\/a>\r\n                            <figcaption class = \"td-slide-caption td-gallery-slide-content\"><div class = \"td-gallery-slide-copywrite\">EL DIRECTOR DE LA FES, JAN SERVEREIN, JUNTO A LOS PREMIADOS.<\/div><\/figcaption>\r\n                        <\/figure>\r\n                    <\/div>\r\n                    <div class = \"td-slide-item td-item7\">\r\n                        <figure class=\"td-slide-galery-figure td-slide-popup-gallery\">\r\n                            <a class=\"slide-gallery-image-link\" href=\"https:\/\/www.eldiario.net\/portal\/wp-content\/uploads\/2024\/02\/DSC_9610.jpg\" title=\"DSC_9610\"  data-caption=\"OTRA INSTANCIA DE LA CEREMONIA DE PREMIACI\u00d3N.\"  data-description=\"\">\r\n                                <img decoding=\"async\" src=\"https:\/\/www.eldiario.net\/portal\/wp-content\/uploads\/2024\/02\/DSC_9610.jpg\" srcset=\"https:\/\/www.eldiario.net\/portal\/wp-content\/uploads\/2024\/02\/DSC_9610.jpg 2362w, https:\/\/www.eldiario.net\/portal\/wp-content\/uploads\/2024\/02\/DSC_9610-300x200.jpg 300w, https:\/\/www.eldiario.net\/portal\/wp-content\/uploads\/2024\/02\/DSC_9610-1024x683.jpg 1024w, https:\/\/www.eldiario.net\/portal\/wp-content\/uploads\/2024\/02\/DSC_9610-768x512.jpg 768w, https:\/\/www.eldiario.net\/portal\/wp-content\/uploads\/2024\/02\/DSC_9610-1536x1025.jpg 1536w, https:\/\/www.eldiario.net\/portal\/wp-content\/uploads\/2024\/02\/DSC_9610-2048x1366.jpg 2048w, https:\/\/www.eldiario.net\/portal\/wp-content\/uploads\/2024\/02\/DSC_9610-696x464.jpg 696w, https:\/\/www.eldiario.net\/portal\/wp-content\/uploads\/2024\/02\/DSC_9610-1068x713.jpg 1068w, https:\/\/www.eldiario.net\/portal\/wp-content\/uploads\/2024\/02\/DSC_9610-1920x1281.jpg 1920w\" sizes=\"(max-width: 629px) 100vw, 629px\" alt=\"\">\r\n                            <\/a>\r\n                            <figcaption class = \"td-slide-caption td-gallery-slide-content\"><div class = \"td-gallery-slide-copywrite\">OTRA INSTANCIA DE LA CEREMONIA DE PREMIACI\u00d3N.<\/div><\/figcaption>\r\n                        <\/figure>\r\n                    <\/div>\r\n                    <div class = \"td-slide-item td-item8\">\r\n                        <figure class=\"td-slide-galery-figure td-slide-popup-gallery\">\r\n                            <a class=\"slide-gallery-image-link\" href=\"https:\/\/www.eldiario.net\/portal\/wp-content\/uploads\/2024\/02\/DSC_9619-scaled.jpg\" title=\"DSC_9619\"  data-caption=\"ROS\u00cdO ESC\u00d3BAR, PAOLA FEBRERO, GABRIEL ZUNA, \u00c1NGELO ZUNA Y PAOLA MAMANI.\"  data-description=\"\">\r\n                                <img decoding=\"async\" src=\"https:\/\/www.eldiario.net\/portal\/wp-content\/uploads\/2024\/02\/DSC_9619-scaled.jpg\" srcset=\"https:\/\/www.eldiario.net\/portal\/wp-content\/uploads\/2024\/02\/DSC_9619-scaled.jpg 2560w, https:\/\/www.eldiario.net\/portal\/wp-content\/uploads\/2024\/02\/DSC_9619-300x200.jpg 300w, https:\/\/www.eldiario.net\/portal\/wp-content\/uploads\/2024\/02\/DSC_9619-1024x683.jpg 1024w, https:\/\/www.eldiario.net\/portal\/wp-content\/uploads\/2024\/02\/DSC_9619-768x512.jpg 768w, https:\/\/www.eldiario.net\/portal\/wp-content\/uploads\/2024\/02\/DSC_9619-1536x1025.jpg 1536w, https:\/\/www.eldiario.net\/portal\/wp-content\/uploads\/2024\/02\/DSC_9619-2048x1367.jpg 2048w, https:\/\/www.eldiario.net\/portal\/wp-content\/uploads\/2024\/02\/DSC_9619-696x464.jpg 696w, https:\/\/www.eldiario.net\/portal\/wp-content\/uploads\/2024\/02\/DSC_9619-1068x713.jpg 1068w, https:\/\/www.eldiario.net\/portal\/wp-content\/uploads\/2024\/02\/DSC_9619-1920x1281.jpg 1920w\" sizes=\"(max-width: 630px) 100vw, 630px\" alt=\"\">\r\n                            <\/a>\r\n                            <figcaption class = \"td-slide-caption td-gallery-slide-content\"><div class = \"td-gallery-slide-copywrite\">ROS\u00cdO ESC\u00d3BAR, PAOLA FEBRERO, GABRIEL ZUNA, \u00c1NGELO ZUNA Y PAOLA MAMANI.<\/div><\/figcaption>\r\n                        <\/figure>\r\n                    <\/div>\r\n                    <div class = \"td-slide-item td-item9\">\r\n                        <figure class=\"td-slide-galery-figure td-slide-popup-gallery\">\r\n                            <a class=\"slide-gallery-image-link\" href=\"https:\/\/www.eldiario.net\/portal\/wp-content\/uploads\/2024\/02\/DSC_9620.jpg\" title=\"DSC_9620\"  data-caption=\"JAVIER CALLE, BRIYAN SAUKUP, FABIANA BAY\u00c1, DANIEL AGRAMONT, WALDO VARGAS, ALEJANDRA GUZM\u00c1N Y NADIA PUMA.\"  data-description=\"\">\r\n                                <img decoding=\"async\" src=\"https:\/\/www.eldiario.net\/portal\/wp-content\/uploads\/2024\/02\/DSC_9620.jpg\" srcset=\"https:\/\/www.eldiario.net\/portal\/wp-content\/uploads\/2024\/02\/DSC_9620.jpg 2362w, https:\/\/www.eldiario.net\/portal\/wp-content\/uploads\/2024\/02\/DSC_9620-300x200.jpg 300w, https:\/\/www.eldiario.net\/portal\/wp-content\/uploads\/2024\/02\/DSC_9620-1024x683.jpg 1024w, https:\/\/www.eldiario.net\/portal\/wp-content\/uploads\/2024\/02\/DSC_9620-768x512.jpg 768w, https:\/\/www.eldiario.net\/portal\/wp-content\/uploads\/2024\/02\/DSC_9620-1536x1025.jpg 1536w, https:\/\/www.eldiario.net\/portal\/wp-content\/uploads\/2024\/02\/DSC_9620-2048x1366.jpg 2048w, https:\/\/www.eldiario.net\/portal\/wp-content\/uploads\/2024\/02\/DSC_9620-696x464.jpg 696w, https:\/\/www.eldiario.net\/portal\/wp-content\/uploads\/2024\/02\/DSC_9620-1068x713.jpg 1068w, https:\/\/www.eldiario.net\/portal\/wp-content\/uploads\/2024\/02\/DSC_9620-1920x1281.jpg 1920w\" sizes=\"(max-width: 629px) 100vw, 629px\" alt=\"\">\r\n                            <\/a>\r\n                            <figcaption class = \"td-slide-caption td-gallery-slide-content\"><div class = \"td-gallery-slide-copywrite\">JAVIER CALLE, BRIYAN SAUKUP, FABIANA BAY\u00c1, DANIEL AGRAMONT, WALDO VARGAS, ALEJANDRA GUZM\u00c1N Y NADIA PUMA.<\/div><\/figcaption>\r\n                        <\/figure>\r\n                    <\/div>\r\n                    <div class = \"td-slide-item td-item10\">\r\n                        <figure class=\"td-slide-galery-figure td-slide-popup-gallery\">\r\n                            <a class=\"slide-gallery-image-link\" href=\"https:\/\/www.eldiario.net\/portal\/wp-content\/uploads\/2024\/02\/DSC_9628.jpg\" title=\"DSC_9628\"  data-caption=\"MAR\u00cdA STAUBER, KATHARINA STAUBER, SOF\u00cdA VERA, GERMANA MONTALVO Y CLAUDIA LARRAZ\u00c1BAL.\"  data-description=\"\">\r\n                                <img decoding=\"async\" src=\"https:\/\/www.eldiario.net\/portal\/wp-content\/uploads\/2024\/02\/DSC_9628.jpg\" srcset=\"https:\/\/www.eldiario.net\/portal\/wp-content\/uploads\/2024\/02\/DSC_9628.jpg 2362w, https:\/\/www.eldiario.net\/portal\/wp-content\/uploads\/2024\/02\/DSC_9628-300x200.jpg 300w, https:\/\/www.eldiario.net\/portal\/wp-content\/uploads\/2024\/02\/DSC_9628-1024x683.jpg 1024w, https:\/\/www.eldiario.net\/portal\/wp-content\/uploads\/2024\/02\/DSC_9628-768x512.jpg 768w, https:\/\/www.eldiario.net\/portal\/wp-content\/uploads\/2024\/02\/DSC_9628-1536x1025.jpg 1536w, https:\/\/www.eldiario.net\/portal\/wp-content\/uploads\/2024\/02\/DSC_9628-2048x1366.jpg 2048w, https:\/\/www.eldiario.net\/portal\/wp-content\/uploads\/2024\/02\/DSC_9628-696x464.jpg 696w, https:\/\/www.eldiario.net\/portal\/wp-content\/uploads\/2024\/02\/DSC_9628-1068x713.jpg 1068w, https:\/\/www.eldiario.net\/portal\/wp-content\/uploads\/2024\/02\/DSC_9628-1920x1281.jpg 1920w\" sizes=\"(max-width: 629px) 100vw, 629px\" alt=\"\">\r\n                            <\/a>\r\n                            <figcaption class = \"td-slide-caption td-gallery-slide-content\"><div class = \"td-gallery-slide-copywrite\">MAR\u00cdA STAUBER, KATHARINA STAUBER, SOF\u00cdA VERA, GERMANA MONTALVO Y CLAUDIA LARRAZ\u00c1BAL.<\/div><\/figcaption>\r\n                        <\/figure>\r\n                    <\/div>\r\n                            <\/div>\r\n                        <\/div>\r\n\r\n                        <div class = \"td-doubleSlider-2\">\r\n                            <div class = \"td-slider\">\r\n                                \r\n                    <div class = \"td-button td-item1\">\r\n                        <div class = \"td-border\"><\/div>\r\n                    <\/div>\r\n                    <div class = \"td-button td-item2\">\r\n                        <div class = \"td-border\"><\/div>\r\n                    <\/div>\r\n                    <div class = \"td-button td-item3\">\r\n                        <div class = \"td-border\"><\/div>\r\n                    <\/div>\r\n                    <div class = \"td-button td-item4\">\r\n                        <div class = \"td-border\"><\/div>\r\n                    <\/div>\r\n                    <div class = \"td-button td-item5\">\r\n                        <div class = \"td-border\"><\/div>\r\n                    <\/div>\r\n                    <div class = \"td-button td-item6\">\r\n                        <div class = \"td-border\"><\/div>\r\n                    <\/div>\r\n                    <div class = \"td-button td-item7\">\r\n                        <div class = \"td-border\"><\/div>\r\n                    <\/div>\r\n                    <div class = \"td-button td-item8\">\r\n                        <div class = \"td-border\"><\/div>\r\n                    <\/div>\r\n                    <div class = \"td-button td-item9\">\r\n                        <div class = \"td-border\"><\/div>\r\n                    <\/div>\r\n                    <div class = \"td-button td-item10\">\r\n                        <div class = \"td-border\"><\/div>\r\n                    <\/div>\r\n                            <\/div>\r\n                        <\/div>\r\n\r\n                    <\/div>\r\n\r\n                <\/div>\r\n                \n","protected":false},"excerpt":{"rendered":"<p>La Fundaci\u00f3n Friedrich-Ebert-Stiftung (FES) en Bolivia realiz\u00f3 la premiaci\u00f3n de la s\u00e9ptima versi\u00f3n del concurso anual bajo el r\u00f3tulo de: Miner\u00eda Aur\u00edfera \u00bfEl oro vale m\u00e1s que la vida? En la oportunidad, tambi\u00e9n se present\u00f3 el libro, que recoge los mejores trabajos sobre la compleja tem\u00e1tica referida a la explotaci\u00f3n del oro y sus consecuencias. [&hellip;]<\/p>\n","protected":false},"author":1,"featured_media":203865,"comment_status":"open","ping_status":"open","sticky":false,"template":"","format":"standard","meta":{"_acf_changed":false,"footnotes":""},"categories":[40],"tags":[],"class_list":["post-203859","post","type-post","status-publish","format-standard","has-post-thumbnail","category-sociales"],"acf":{"antetitulo":""},"yoast_head":"<!-- This site is optimized with the Yoast SEO plugin v28.4 - https:\/\/yoast.com\/product\/yoast-seo-wordpress\/ -->\n<title>FES premia a ganadores de concurso sobre miner\u00eda aur\u00edfera y publica libro - El Diario - Bolivia<\/title>\n<meta name=\"robots\" content=\"index, follow, max-snippet:-1, max-image-preview:large, max-video-preview:-1\" \/>\n<link rel=\"canonical\" href=\"https:\/\/www.eldiario.net\/portal\/2024\/02\/18\/fes-premia-a-ganadores-de-concurso-sobre-mineria-aurifera-y-publica-libro\/\" \/>\n<meta property=\"og:locale\" content=\"es_ES\" \/>\n<meta property=\"og:type\" content=\"article\" \/>\n<meta property=\"og:title\" content=\"FES premia a ganadores de concurso sobre miner\u00eda aur\u00edfera y publica libro - El Diario - Bolivia\" \/>\n<meta property=\"og:description\" content=\"La Fundaci\u00f3n Friedrich-Ebert-Stiftung (FES) en Bolivia realiz\u00f3 la premiaci\u00f3n de la s\u00e9ptima versi\u00f3n del concurso anual bajo el r\u00f3tulo de: Miner\u00eda Aur\u00edfera \u00bfEl oro vale m\u00e1s que la vida? En la oportunidad, tambi\u00e9n se present\u00f3 el libro, que recoge los mejores trabajos sobre la compleja tem\u00e1tica referida a la explotaci\u00f3n del oro y sus consecuencias. [&hellip;]\" \/>\n<meta property=\"og:url\" content=\"https:\/\/www.eldiario.net\/portal\/2024\/02\/18\/fes-premia-a-ganadores-de-concurso-sobre-mineria-aurifera-y-publica-libro\/\" \/>\n<meta property=\"og:site_name\" content=\"El Diario - Bolivia\" \/>\n<meta property=\"article:publisher\" content=\"https:\/\/www.facebook.com\/eldiario.bolivia\/\" \/>\n<meta property=\"article:published_time\" content=\"2024-02-18T10:49:24+00:00\" \/>\n<meta property=\"og:image\" content=\"https:\/\/www.eldiario.net\/portal\/wp-content\/uploads\/2024\/02\/DSC_9604.jpg\" \/>\n\t<meta property=\"og:image:width\" content=\"2362\" \/>\n\t<meta property=\"og:image:height\" content=\"1576\" \/>\n\t<meta property=\"og:image:type\" content=\"image\/jpeg\" \/>\n<meta name=\"author\" content=\"Jeanette\" \/>\n<meta name=\"twitter:card\" content=\"summary_large_image\" \/>\n<meta name=\"twitter:creator\" content=\"@eldiario_net\" \/>\n<meta name=\"twitter:site\" content=\"@eldiario_net\" \/>\n<meta name=\"twitter:label1\" content=\"Escrito por\" \/>\n\t<meta name=\"twitter:data1\" content=\"Jeanette\" \/>\n\t<meta name=\"twitter:label2\" content=\"Tiempo de lectura\" \/>\n\t<meta name=\"twitter:data2\" content=\"1 minuto\" \/>\n<script type=\"application\/ld+json\" class=\"yoast-schema-graph\">{\"@context\":\"https:\\\/\\\/schema.org\",\"@graph\":[{\"@type\":\"Article\",\"@id\":\"https:\\\/\\\/www.eldiario.net\\\/portal\\\/2024\\\/02\\\/18\\\/fes-premia-a-ganadores-de-concurso-sobre-mineria-aurifera-y-publica-libro\\\/#article\",\"isPartOf\":{\"@id\":\"https:\\\/\\\/www.eldiario.net\\\/portal\\\/2024\\\/02\\\/18\\\/fes-premia-a-ganadores-de-concurso-sobre-mineria-aurifera-y-publica-libro\\\/\"},\"author\":{\"name\":\"Jeanette\",\"@id\":\"https:\\\/\\\/www.eldiario.net\\\/portal\\\/#\\\/schema\\\/person\\\/f46445640444750d7d753ccd04ae01b7\"},\"headline\":\"FES premia a ganadores de concurso sobre miner\u00eda aur\u00edfera y publica libro\",\"datePublished\":\"2024-02-18T10:49:24+00:00\",\"mainEntityOfPage\":{\"@id\":\"https:\\\/\\\/www.eldiario.net\\\/portal\\\/2024\\\/02\\\/18\\\/fes-premia-a-ganadores-de-concurso-sobre-mineria-aurifera-y-publica-libro\\\/\"},\"wordCount\":146,\"commentCount\":0,\"publisher\":{\"@id\":\"https:\\\/\\\/www.eldiario.net\\\/portal\\\/#organization\"},\"image\":{\"@id\":\"https:\\\/\\\/www.eldiario.net\\\/portal\\\/2024\\\/02\\\/18\\\/fes-premia-a-ganadores-de-concurso-sobre-mineria-aurifera-y-publica-libro\\\/#primaryimage\"},\"thumbnailUrl\":\"https:\\\/\\\/www.eldiario.net\\\/portal\\\/wp-content\\\/uploads\\\/2024\\\/02\\\/DSC_9604.jpg\",\"articleSection\":[\"Sociales\"],\"inLanguage\":\"es\",\"potentialAction\":[{\"@type\":\"CommentAction\",\"name\":\"Comment\",\"target\":[\"https:\\\/\\\/www.eldiario.net\\\/portal\\\/2024\\\/02\\\/18\\\/fes-premia-a-ganadores-de-concurso-sobre-mineria-aurifera-y-publica-libro\\\/#respond\"]}]},{\"@type\":\"WebPage\",\"@id\":\"https:\\\/\\\/www.eldiario.net\\\/portal\\\/2024\\\/02\\\/18\\\/fes-premia-a-ganadores-de-concurso-sobre-mineria-aurifera-y-publica-libro\\\/\",\"url\":\"https:\\\/\\\/www.eldiario.net\\\/portal\\\/2024\\\/02\\\/18\\\/fes-premia-a-ganadores-de-concurso-sobre-mineria-aurifera-y-publica-libro\\\/\",\"name\":\"FES premia a ganadores de concurso sobre miner\u00eda aur\u00edfera y publica libro - El Diario - Bolivia\",\"isPartOf\":{\"@id\":\"https:\\\/\\\/www.eldiario.net\\\/portal\\\/#website\"},\"primaryImageOfPage\":{\"@id\":\"https:\\\/\\\/www.eldiario.net\\\/portal\\\/2024\\\/02\\\/18\\\/fes-premia-a-ganadores-de-concurso-sobre-mineria-aurifera-y-publica-libro\\\/#primaryimage\"},\"image\":{\"@id\":\"https:\\\/\\\/www.eldiario.net\\\/portal\\\/2024\\\/02\\\/18\\\/fes-premia-a-ganadores-de-concurso-sobre-mineria-aurifera-y-publica-libro\\\/#primaryimage\"},\"thumbnailUrl\":\"https:\\\/\\\/www.eldiario.net\\\/portal\\\/wp-content\\\/uploads\\\/2024\\\/02\\\/DSC_9604.jpg\",\"datePublished\":\"2024-02-18T10:49:24+00:00\",\"breadcrumb\":{\"@id\":\"https:\\\/\\\/www.eldiario.net\\\/portal\\\/2024\\\/02\\\/18\\\/fes-premia-a-ganadores-de-concurso-sobre-mineria-aurifera-y-publica-libro\\\/#breadcrumb\"},\"inLanguage\":\"es\",\"potentialAction\":[{\"@type\":\"ReadAction\",\"target\":[\"https:\\\/\\\/www.eldiario.net\\\/portal\\\/2024\\\/02\\\/18\\\/fes-premia-a-ganadores-de-concurso-sobre-mineria-aurifera-y-publica-libro\\\/\"]}]},{\"@type\":\"ImageObject\",\"inLanguage\":\"es\",\"@id\":\"https:\\\/\\\/www.eldiario.net\\\/portal\\\/2024\\\/02\\\/18\\\/fes-premia-a-ganadores-de-concurso-sobre-mineria-aurifera-y-publica-libro\\\/#primaryimage\",\"url\":\"https:\\\/\\\/www.eldiario.net\\\/portal\\\/wp-content\\\/uploads\\\/2024\\\/02\\\/DSC_9604.jpg\",\"contentUrl\":\"https:\\\/\\\/www.eldiario.net\\\/portal\\\/wp-content\\\/uploads\\\/2024\\\/02\\\/DSC_9604.jpg\",\"width\":2362,\"height\":1576,\"caption\":\"EL DIRECTOR DE LA FES, JAN SERVEREIN, JUNTO A LOS PREMIADOS.\"},{\"@type\":\"BreadcrumbList\",\"@id\":\"https:\\\/\\\/www.eldiario.net\\\/portal\\\/2024\\\/02\\\/18\\\/fes-premia-a-ganadores-de-concurso-sobre-mineria-aurifera-y-publica-libro\\\/#breadcrumb\",\"itemListElement\":[{\"@type\":\"ListItem\",\"position\":1,\"name\":\"Portada\",\"item\":\"https:\\\/\\\/www.eldiario.net\\\/portal\\\/\"},{\"@type\":\"ListItem\",\"position\":2,\"name\":\"FES premia a ganadores de concurso sobre miner\u00eda aur\u00edfera y publica libro\"}]},{\"@type\":\"WebSite\",\"@id\":\"https:\\\/\\\/www.eldiario.net\\\/portal\\\/#website\",\"url\":\"https:\\\/\\\/www.eldiario.net\\\/portal\\\/\",\"name\":\"El Diario - Decano de la prensa nacional\",\"description\":\"El Diario - Decano de la prensa nacional\",\"publisher\":{\"@id\":\"https:\\\/\\\/www.eldiario.net\\\/portal\\\/#organization\"},\"potentialAction\":[{\"@type\":\"SearchAction\",\"target\":{\"@type\":\"EntryPoint\",\"urlTemplate\":\"https:\\\/\\\/www.eldiario.net\\\/portal\\\/?s={search_term_string}\"},\"query-input\":{\"@type\":\"PropertyValueSpecification\",\"valueRequired\":true,\"valueName\":\"search_term_string\"}}],\"inLanguage\":\"es\"},{\"@type\":\"Organization\",\"@id\":\"https:\\\/\\\/www.eldiario.net\\\/portal\\\/#organization\",\"name\":\"El Diario - Decano de la prensa nacional\",\"url\":\"https:\\\/\\\/www.eldiario.net\\\/portal\\\/\",\"logo\":{\"@type\":\"ImageObject\",\"inLanguage\":\"es\",\"@id\":\"https:\\\/\\\/www.eldiario.net\\\/portal\\\/#\\\/schema\\\/logo\\\/image\\\/\",\"url\":\"https:\\\/\\\/www.eldiario.net\\\/portal\\\/wp-content\\\/uploads\\\/2023\\\/07\\\/logo_ED.jpg\",\"contentUrl\":\"https:\\\/\\\/www.eldiario.net\\\/portal\\\/wp-content\\\/uploads\\\/2023\\\/07\\\/logo_ED.jpg\",\"width\":272,\"height\":52,\"caption\":\"El Diario - Decano de la prensa nacional\"},\"image\":{\"@id\":\"https:\\\/\\\/www.eldiario.net\\\/portal\\\/#\\\/schema\\\/logo\\\/image\\\/\"},\"sameAs\":[\"https:\\\/\\\/www.facebook.com\\\/eldiario.bolivia\\\/\",\"https:\\\/\\\/x.com\\\/eldiario_net\"]},{\"@type\":\"Person\",\"@id\":\"https:\\\/\\\/www.eldiario.net\\\/portal\\\/#\\\/schema\\\/person\\\/f46445640444750d7d753ccd04ae01b7\",\"name\":\"Jeanette\",\"image\":{\"@type\":\"ImageObject\",\"inLanguage\":\"es\",\"@id\":\"https:\\\/\\\/secure.gravatar.com\\\/avatar\\\/3ea2118a5f7dad2b7138b1187a6b7ee55f160b9968b66013c3a3ef39dd7e5798?s=96&d=mm&r=g\",\"url\":\"https:\\\/\\\/secure.gravatar.com\\\/avatar\\\/3ea2118a5f7dad2b7138b1187a6b7ee55f160b9968b66013c3a3ef39dd7e5798?s=96&d=mm&r=g\",\"contentUrl\":\"https:\\\/\\\/secure.gravatar.com\\\/avatar\\\/3ea2118a5f7dad2b7138b1187a6b7ee55f160b9968b66013c3a3ef39dd7e5798?s=96&d=mm&r=g\",\"caption\":\"Jeanette\"},\"sameAs\":[\"https:\\\/\\\/www.eldiario.net\\\/portal\"],\"url\":\"https:\\\/\\\/www.eldiario.net\\\/portal\\\/author\\\/jeanette\\\/\"}]}<\/script>\n<!-- \/ Yoast SEO plugin. -->","yoast_head_json":{"title":"FES premia a ganadores de concurso sobre miner\u00eda aur\u00edfera y publica libro - El Diario - Bolivia","robots":{"index":"index","follow":"follow","max-snippet":"max-snippet:-1","max-image-preview":"max-image-preview:large","max-video-preview":"max-video-preview:-1"},"canonical":"https:\/\/www.eldiario.net\/portal\/2024\/02\/18\/fes-premia-a-ganadores-de-concurso-sobre-mineria-aurifera-y-publica-libro\/","og_locale":"es_ES","og_type":"article","og_title":"FES premia a ganadores de concurso sobre miner\u00eda aur\u00edfera y publica libro - El Diario - Bolivia","og_description":"La Fundaci\u00f3n Friedrich-Ebert-Stiftung (FES) en Bolivia realiz\u00f3 la premiaci\u00f3n de la s\u00e9ptima versi\u00f3n del concurso anual bajo el r\u00f3tulo de: Miner\u00eda Aur\u00edfera \u00bfEl oro vale m\u00e1s que la vida? En la oportunidad, tambi\u00e9n se present\u00f3 el libro, que recoge los mejores trabajos sobre la compleja tem\u00e1tica referida a la explotaci\u00f3n del oro y sus consecuencias. [&hellip;]","og_url":"https:\/\/www.eldiario.net\/portal\/2024\/02\/18\/fes-premia-a-ganadores-de-concurso-sobre-mineria-aurifera-y-publica-libro\/","og_site_name":"El Diario - Bolivia","article_publisher":"https:\/\/www.facebook.com\/eldiario.bolivia\/","article_published_time":"2024-02-18T10:49:24+00:00","og_image":[{"width":2362,"height":1576,"url":"https:\/\/www.eldiario.net\/portal\/wp-content\/uploads\/2024\/02\/DSC_9604.jpg","type":"image\/jpeg"}],"author":"Jeanette","twitter_card":"summary_large_image","twitter_creator":"@eldiario_net","twitter_site":"@eldiario_net","twitter_misc":{"Escrito por":"Jeanette","Tiempo de lectura":"1 minuto"},"schema":{"@context":"https:\/\/schema.org","@graph":[{"@type":"Article","@id":"https:\/\/www.eldiario.net\/portal\/2024\/02\/18\/fes-premia-a-ganadores-de-concurso-sobre-mineria-aurifera-y-publica-libro\/#article","isPartOf":{"@id":"https:\/\/www.eldiario.net\/portal\/2024\/02\/18\/fes-premia-a-ganadores-de-concurso-sobre-mineria-aurifera-y-publica-libro\/"},"author":{"name":"Jeanette","@id":"https:\/\/www.eldiario.net\/portal\/#\/schema\/person\/f46445640444750d7d753ccd04ae01b7"},"headline":"FES premia a ganadores de concurso sobre miner\u00eda aur\u00edfera y publica libro","datePublished":"2024-02-18T10:49:24+00:00","mainEntityOfPage":{"@id":"https:\/\/www.eldiario.net\/portal\/2024\/02\/18\/fes-premia-a-ganadores-de-concurso-sobre-mineria-aurifera-y-publica-libro\/"},"wordCount":146,"commentCount":0,"publisher":{"@id":"https:\/\/www.eldiario.net\/portal\/#organization"},"image":{"@id":"https:\/\/www.eldiario.net\/portal\/2024\/02\/18\/fes-premia-a-ganadores-de-concurso-sobre-mineria-aurifera-y-publica-libro\/#primaryimage"},"thumbnailUrl":"https:\/\/www.eldiario.net\/portal\/wp-content\/uploads\/2024\/02\/DSC_9604.jpg","articleSection":["Sociales"],"inLanguage":"es","potentialAction":[{"@type":"CommentAction","name":"Comment","target":["https:\/\/www.eldiario.net\/portal\/2024\/02\/18\/fes-premia-a-ganadores-de-concurso-sobre-mineria-aurifera-y-publica-libro\/#respond"]}]},{"@type":"WebPage","@id":"https:\/\/www.eldiario.net\/portal\/2024\/02\/18\/fes-premia-a-ganadores-de-concurso-sobre-mineria-aurifera-y-publica-libro\/","url":"https:\/\/www.eldiario.net\/portal\/2024\/02\/18\/fes-premia-a-ganadores-de-concurso-sobre-mineria-aurifera-y-publica-libro\/","name":"FES premia a ganadores de concurso sobre miner\u00eda aur\u00edfera y publica libro - El Diario - Bolivia","isPartOf":{"@id":"https:\/\/www.eldiario.net\/portal\/#website"},"primaryImageOfPage":{"@id":"https:\/\/www.eldiario.net\/portal\/2024\/02\/18\/fes-premia-a-ganadores-de-concurso-sobre-mineria-aurifera-y-publica-libro\/#primaryimage"},"image":{"@id":"https:\/\/www.eldiario.net\/portal\/2024\/02\/18\/fes-premia-a-ganadores-de-concurso-sobre-mineria-aurifera-y-publica-libro\/#primaryimage"},"thumbnailUrl":"https:\/\/www.eldiario.net\/portal\/wp-content\/uploads\/2024\/02\/DSC_9604.jpg","datePublished":"2024-02-18T10:49:24+00:00","breadcrumb":{"@id":"https:\/\/www.eldiario.net\/portal\/2024\/02\/18\/fes-premia-a-ganadores-de-concurso-sobre-mineria-aurifera-y-publica-libro\/#breadcrumb"},"inLanguage":"es","potentialAction":[{"@type":"ReadAction","target":["https:\/\/www.eldiario.net\/portal\/2024\/02\/18\/fes-premia-a-ganadores-de-concurso-sobre-mineria-aurifera-y-publica-libro\/"]}]},{"@type":"ImageObject","inLanguage":"es","@id":"https:\/\/www.eldiario.net\/portal\/2024\/02\/18\/fes-premia-a-ganadores-de-concurso-sobre-mineria-aurifera-y-publica-libro\/#primaryimage","url":"https:\/\/www.eldiario.net\/portal\/wp-content\/uploads\/2024\/02\/DSC_9604.jpg","contentUrl":"https:\/\/www.eldiario.net\/portal\/wp-content\/uploads\/2024\/02\/DSC_9604.jpg","width":2362,"height":1576,"caption":"EL DIRECTOR DE LA FES, JAN SERVEREIN, JUNTO A LOS PREMIADOS."},{"@type":"BreadcrumbList","@id":"https:\/\/www.eldiario.net\/portal\/2024\/02\/18\/fes-premia-a-ganadores-de-concurso-sobre-mineria-aurifera-y-publica-libro\/#breadcrumb","itemListElement":[{"@type":"ListItem","position":1,"name":"Portada","item":"https:\/\/www.eldiario.net\/portal\/"},{"@type":"ListItem","position":2,"name":"FES premia a ganadores de concurso sobre miner\u00eda aur\u00edfera y publica libro"}]},{"@type":"WebSite","@id":"https:\/\/www.eldiario.net\/portal\/#website","url":"https:\/\/www.eldiario.net\/portal\/","name":"El Diario - Decano de la prensa nacional","description":"El Diario - Decano de la prensa nacional","publisher":{"@id":"https:\/\/www.eldiario.net\/portal\/#organization"},"potentialAction":[{"@type":"SearchAction","target":{"@type":"EntryPoint","urlTemplate":"https:\/\/www.eldiario.net\/portal\/?s={search_term_string}"},"query-input":{"@type":"PropertyValueSpecification","valueRequired":true,"valueName":"search_term_string"}}],"inLanguage":"es"},{"@type":"Organization","@id":"https:\/\/www.eldiario.net\/portal\/#organization","name":"El Diario - Decano de la prensa nacional","url":"https:\/\/www.eldiario.net\/portal\/","logo":{"@type":"ImageObject","inLanguage":"es","@id":"https:\/\/www.eldiario.net\/portal\/#\/schema\/logo\/image\/","url":"https:\/\/www.eldiario.net\/portal\/wp-content\/uploads\/2023\/07\/logo_ED.jpg","contentUrl":"https:\/\/www.eldiario.net\/portal\/wp-content\/uploads\/2023\/07\/logo_ED.jpg","width":272,"height":52,"caption":"El Diario - Decano de la prensa nacional"},"image":{"@id":"https:\/\/www.eldiario.net\/portal\/#\/schema\/logo\/image\/"},"sameAs":["https:\/\/www.facebook.com\/eldiario.bolivia\/","https:\/\/x.com\/eldiario_net"]},{"@type":"Person","@id":"https:\/\/www.eldiario.net\/portal\/#\/schema\/person\/f46445640444750d7d753ccd04ae01b7","name":"Jeanette","image":{"@type":"ImageObject","inLanguage":"es","@id":"https:\/\/secure.gravatar.com\/avatar\/3ea2118a5f7dad2b7138b1187a6b7ee55f160b9968b66013c3a3ef39dd7e5798?s=96&d=mm&r=g","url":"https:\/\/secure.gravatar.com\/avatar\/3ea2118a5f7dad2b7138b1187a6b7ee55f160b9968b66013c3a3ef39dd7e5798?s=96&d=mm&r=g","contentUrl":"https:\/\/secure.gravatar.com\/avatar\/3ea2118a5f7dad2b7138b1187a6b7ee55f160b9968b66013c3a3ef39dd7e5798?s=96&d=mm&r=g","caption":"Jeanette"},"sameAs":["https:\/\/www.eldiario.net\/portal"],"url":"https:\/\/www.eldiario.net\/portal\/author\/jeanette\/"}]}},"_links":{"self":[{"href":"https:\/\/www.eldiario.net\/portal\/wp-json\/wp\/v2\/posts\/203859","targetHints":{"allow":["GET"]}}],"collection":[{"href":"https:\/\/www.eldiario.net\/portal\/wp-json\/wp\/v2\/posts"}],"about":[{"href":"https:\/\/www.eldiario.net\/portal\/wp-json\/wp\/v2\/types\/post"}],"author":[{"embeddable":true,"href":"https:\/\/www.eldiario.net\/portal\/wp-json\/wp\/v2\/users\/1"}],"replies":[{"embeddable":true,"href":"https:\/\/www.eldiario.net\/portal\/wp-json\/wp\/v2\/comments?post=203859"}],"version-history":[{"count":1,"href":"https:\/\/www.eldiario.net\/portal\/wp-json\/wp\/v2\/posts\/203859\/revisions"}],"predecessor-version":[{"id":203870,"href":"https:\/\/www.eldiario.net\/portal\/wp-json\/wp\/v2\/posts\/203859\/revisions\/203870"}],"wp:featuredmedia":[{"embeddable":true,"href":"https:\/\/www.eldiario.net\/portal\/wp-json\/wp\/v2\/media\/203865"}],"wp:attachment":[{"href":"https:\/\/www.eldiario.net\/portal\/wp-json\/wp\/v2\/media?parent=203859"}],"wp:term":[{"taxonomy":"category","embeddable":true,"href":"https:\/\/www.eldiario.net\/portal\/wp-json\/wp\/v2\/categories?post=203859"},{"taxonomy":"post_tag","embeddable":true,"href":"https:\/\/www.eldiario.net\/portal\/wp-json\/wp\/v2\/tags?post=203859"}],"curies":[{"name":"wp","href":"https:\/\/api.w.org\/{rel}","templated":true}]}}