{"id":203855,"date":"2024-02-18T06:42:36","date_gmt":"2024-02-18T10:42:36","guid":{"rendered":"https:\/\/www.eldiario.net\/portal\/?p=203855"},"modified":"2024-02-18T06:42:36","modified_gmt":"2024-02-18T10:42:36","slug":"duna-parte-dos-la-continuacion-de-la-historia-epica","status":"publish","type":"post","link":"https:\/\/www.eldiario.net\/portal\/2024\/02\/18\/duna-parte-dos-la-continuacion-de-la-historia-epica\/","title":{"rendered":"\u201cDuna: Parte Dos\u201d, la continuaci\u00f3n de la historia \u00e9pica"},"content":{"rendered":"<p>En \u201cDuna: parte dos\u201d de Denis Villeneuve contin\u00faa la historia de la pel\u00edcula previa, pero eleva la apuesta al ofrecer una experiencia completamente nueva para el p\u00fablico con mayor alcance y escala, con efectos visuales a\u00fan m\u00e1s impresionantes y enormes secuencias de acci\u00f3n, junto con nuevos personajes, aventuras a\u00fan mayores y una historia de amor realmente poderosa y conmovedora.<br \/>\nAmbientada miles de a\u00f1os en el futuro y retomando desde donde se qued\u00f3 \u201cDuna\u201d, \u201cDuna: parte dos\u201d sigue de nuevo el viaje m\u00edtico de Paul Atreides, un joven que el destino empuja a una lucha intergal\u00e1ctica por el poder.  Hijo del gobernante asesinado Duque Leto Atreides y de la m\u00edstica Bene Gesserit Dama Jessica, Paul super\u00f3 la prueba definitiva en \u201cDuna\u201d: conquistar sus miedos cuando el destino \u2014y poderosas fuerzas invisibles\u2014 lo arrastraron a las arenas del remoto planeta Arrakis.<br \/>\nCon la exploraci\u00f3n de temas atemporales y actuales, desde el amor rom\u00e1ntico y maternal hasta la globalizaci\u00f3n, lealtad, venganza y catarsis, \u201cDuna: parte dos\u201d profundiza en los temas de ecolog\u00eda que el autor Frank Herbert inici\u00f3 sobre la humanidad versus la naturaleza. En el centro de la acci\u00f3n est\u00e1 un eterno conflicto entre las fuerzas del bien y del mal. Por un lado, est\u00e1n los Fremen, una representaci\u00f3n de la humanidad en su lucha por la sobrevivencia colectiva de los nativos y del planeta Arrakis. Del otro lado se encuentran los Harkonnen, una manifestaci\u00f3n de la corrupci\u00f3n, la violencia y la codicia. Donde se encuentran es la historia conflictuada de Paul Atreides, quien se apoya en la bravura de Chani y la sabidur\u00eda de Stilgar para ganarse la confianza y el apoyo de los Fremen, mientras los Harkonnen siguen devastando las arenas de Arrakis en busca de especia, aunque sus esfuerzos no quedan sin oposici\u00f3n, lo que les enfurece a\u00fan m\u00e1s y les lleva a una guerra total.<br \/>\nLa exploraci\u00f3n inmersiva y din\u00e1mica de este espectacular universo contin\u00faa con sus campeones y sus saqueadores, mientras que tambi\u00e9n se ampl\u00eda tambi\u00e9n el tema del empoderamiento femenino iniciado en \u201cDuna\u201d.  A Chani, la guerrera Fremen apasionada, Dama Jessica y la santa Reverenda Madre Mohiam de la primera pel\u00edcula se suman la Princesa Irulan, hija del Emperador, y Dama Fenring, una enigm\u00e1tica Bene Gesserit cuyos intereses parecieran estar con los Harkonnen y el sanguinario sobrino del Bar\u00f3n, Feyd-Rautha.<br \/>\nPara adentrar al p\u00fablico en las profundidades el mundo de los Fremen y m\u00e1s all\u00e1 en el reino del Bar\u00f3n en Giedi Prime, para presentar al Emperador y su mundo \u2014y ver, por primera vez, al gobernante que se hab\u00eda mantenido entre sombras\u2014, el reparto y el equipo volvieron a las vastas arenas de Abu Dhabi, Jordania y Budapest, y llevaron la producci\u00f3n por primera vez a Italia.<\/p>\n\r\n                <style type=\"text\/css\">\r\n                    \r\n                    #tdi_1  .td-doubleSlider-2 .td-item1 {\r\n                        background: url(https:\/\/www.eldiario.net\/portal\/wp-content\/uploads\/2024\/02\/Duna-Parte-Dos-la-continuacion-de-la-historia-epica-scaled.jpg) 0 0 no-repeat;\r\n                    }\r\n                    #tdi_1  .td-doubleSlider-2 .td-item2 {\r\n                        background: url(https:\/\/www.eldiario.net\/portal\/wp-content\/uploads\/2024\/02\/Duna-Parte-Dos-la-continuacion-de-la-historia-epica2.jpg) 0 0 no-repeat;\r\n                    }\r\n                <\/style>\r\n\r\n                <div id=\"tdi_1\" class=\"td-gallery td-slide-on-2-columns\">\r\n                    <div class=\"post_td_gallery\">\r\n                        <div class=\"td-gallery-slide-top\">\r\n                           <div class=\"td-gallery-title\"><\/div>\r\n\r\n                            <div class=\"td-gallery-controls-wrapper\">\r\n                                <div class=\"td-gallery-slide-count\"><span class=\"td-gallery-slide-item-focus\">1<\/span> de 2<\/div>\r\n                                <div class=\"td-gallery-slide-prev-next-but\">\r\n                                    <i class = \"td-icon-left doubleSliderPrevButton\"><\/i>\r\n                                    <i class = \"td-icon-right doubleSliderNextButton\"><\/i>\r\n                                <\/div>\r\n                            <\/div>\r\n                        <\/div>\r\n\r\n                        <div class = \"td-doubleSlider-1 \">\r\n                            <div class = \"td-slider\">\r\n                                \r\n                    <div class = \"td-slide-item td-item1\">\r\n                        <figure class=\"td-slide-galery-figure td-slide-popup-gallery\">\r\n                            <a class=\"slide-gallery-image-link\" href=\"https:\/\/www.eldiario.net\/portal\/wp-content\/uploads\/2024\/02\/Duna-Parte-Dos-la-continuacion-de-la-historia-epica-scaled.jpg\" title=\"\u201cDuna Parte Dos\u201d, la continuaci\u00f3n de la historia \u00e9pica\"  data-caption=\"\"  data-description=\"\">\r\n                                <img decoding=\"async\" src=\"https:\/\/www.eldiario.net\/portal\/wp-content\/uploads\/2024\/02\/Duna-Parte-Dos-la-continuacion-de-la-historia-epica-scaled.jpg\" srcset=\"https:\/\/www.eldiario.net\/portal\/wp-content\/uploads\/2024\/02\/Duna-Parte-Dos-la-continuacion-de-la-historia-epica-scaled.jpg 1708w, https:\/\/www.eldiario.net\/portal\/wp-content\/uploads\/2024\/02\/Duna-Parte-Dos-la-continuacion-de-la-historia-epica-200x300.jpg 200w, https:\/\/www.eldiario.net\/portal\/wp-content\/uploads\/2024\/02\/Duna-Parte-Dos-la-continuacion-de-la-historia-epica-683x1024.jpg 683w, https:\/\/www.eldiario.net\/portal\/wp-content\/uploads\/2024\/02\/Duna-Parte-Dos-la-continuacion-de-la-historia-epica-768x1151.jpg 768w, https:\/\/www.eldiario.net\/portal\/wp-content\/uploads\/2024\/02\/Duna-Parte-Dos-la-continuacion-de-la-historia-epica-1025x1536.jpg 1025w, https:\/\/www.eldiario.net\/portal\/wp-content\/uploads\/2024\/02\/Duna-Parte-Dos-la-continuacion-de-la-historia-epica-1367x2048.jpg 1367w, https:\/\/www.eldiario.net\/portal\/wp-content\/uploads\/2024\/02\/Duna-Parte-Dos-la-continuacion-de-la-historia-epica-696x1043.jpg 696w, https:\/\/www.eldiario.net\/portal\/wp-content\/uploads\/2024\/02\/Duna-Parte-Dos-la-continuacion-de-la-historia-epica-1068x1600.jpg 1068w, https:\/\/www.eldiario.net\/portal\/wp-content\/uploads\/2024\/02\/Duna-Parte-Dos-la-continuacion-de-la-historia-epica-1920x2877.jpg 1920w\" sizes=\"(max-width: 280px) 100vw, 280px\" alt=\"\">\r\n                            <\/a>\r\n                            \r\n                        <\/figure>\r\n                    <\/div>\r\n                    <div class = \"td-slide-item td-item2\">\r\n                        <figure class=\"td-slide-galery-figure td-slide-popup-gallery\">\r\n                            <a class=\"slide-gallery-image-link\" href=\"https:\/\/www.eldiario.net\/portal\/wp-content\/uploads\/2024\/02\/Duna-Parte-Dos-la-continuacion-de-la-historia-epica2.jpg\" title=\"\u201cDuna Parte Dos\u201d, la continuaci\u00f3n de la historia \u00e9pica2\"  data-caption=\"\"  data-description=\"\">\r\n                                <img decoding=\"async\" src=\"https:\/\/www.eldiario.net\/portal\/wp-content\/uploads\/2024\/02\/Duna-Parte-Dos-la-continuacion-de-la-historia-epica2.jpg\" srcset=\"https:\/\/www.eldiario.net\/portal\/wp-content\/uploads\/2024\/02\/Duna-Parte-Dos-la-continuacion-de-la-historia-epica2.jpg 2048w, https:\/\/www.eldiario.net\/portal\/wp-content\/uploads\/2024\/02\/Duna-Parte-Dos-la-continuacion-de-la-historia-epica2-300x158.jpg 300w, https:\/\/www.eldiario.net\/portal\/wp-content\/uploads\/2024\/02\/Duna-Parte-Dos-la-continuacion-de-la-historia-epica2-1024x540.jpg 1024w, https:\/\/www.eldiario.net\/portal\/wp-content\/uploads\/2024\/02\/Duna-Parte-Dos-la-continuacion-de-la-historia-epica2-768x405.jpg 768w, https:\/\/www.eldiario.net\/portal\/wp-content\/uploads\/2024\/02\/Duna-Parte-Dos-la-continuacion-de-la-historia-epica2-1536x810.jpg 1536w, https:\/\/www.eldiario.net\/portal\/wp-content\/uploads\/2024\/02\/Duna-Parte-Dos-la-continuacion-de-la-historia-epica2-696x367.jpg 696w, https:\/\/www.eldiario.net\/portal\/wp-content\/uploads\/2024\/02\/Duna-Parte-Dos-la-continuacion-de-la-historia-epica2-1068x563.jpg 1068w, https:\/\/www.eldiario.net\/portal\/wp-content\/uploads\/2024\/02\/Duna-Parte-Dos-la-continuacion-de-la-historia-epica2-1920x1013.jpg 1920w\" sizes=\"(max-width: 796px) 100vw, 796px\" alt=\"\">\r\n                            <\/a>\r\n                            \r\n                        <\/figure>\r\n                    <\/div>\r\n                            <\/div>\r\n                        <\/div>\r\n\r\n                        <div class = \"td-doubleSlider-2\">\r\n                            <div class = \"td-slider\">\r\n                                \r\n                    <div class = \"td-button td-item1\">\r\n                        <div class = \"td-border\"><\/div>\r\n                    <\/div>\r\n                    <div class = \"td-button td-item2\">\r\n                        <div class = \"td-border\"><\/div>\r\n                    <\/div>\r\n                            <\/div>\r\n                        <\/div>\r\n\r\n                    <\/div>\r\n\r\n                <\/div>\r\n                \n","protected":false},"excerpt":{"rendered":"<p>En \u201cDuna: parte dos\u201d de Denis Villeneuve contin\u00faa la historia de la pel\u00edcula previa, pero eleva la apuesta al ofrecer una experiencia completamente nueva para el p\u00fablico con mayor alcance y escala, con efectos visuales a\u00fan m\u00e1s impresionantes y enormes secuencias de acci\u00f3n, junto con nuevos personajes, aventuras a\u00fan mayores y una historia de amor [&hellip;]<\/p>\n","protected":false},"author":1,"featured_media":203856,"comment_status":"open","ping_status":"open","sticky":false,"template":"","format":"standard","meta":{"_acf_changed":false,"footnotes":""},"categories":[45],"tags":[],"class_list":["post-203855","post","type-post","status-publish","format-standard","has-post-thumbnail","category-cine-mundo"],"acf":{"antetitulo":""},"yoast_head":"<!-- This site is optimized with the Yoast SEO plugin v28.4 - https:\/\/yoast.com\/product\/yoast-seo-wordpress\/ -->\n<title>\u201cDuna: Parte Dos\u201d, la continuaci\u00f3n de la historia \u00e9pica - El Diario - Bolivia<\/title>\n<meta name=\"robots\" content=\"index, follow, max-snippet:-1, max-image-preview:large, max-video-preview:-1\" \/>\n<link rel=\"canonical\" href=\"https:\/\/www.eldiario.net\/portal\/2024\/02\/18\/duna-parte-dos-la-continuacion-de-la-historia-epica\/\" \/>\n<meta property=\"og:locale\" content=\"es_ES\" \/>\n<meta property=\"og:type\" content=\"article\" \/>\n<meta property=\"og:title\" content=\"\u201cDuna: Parte Dos\u201d, la continuaci\u00f3n de la historia \u00e9pica - El Diario - Bolivia\" \/>\n<meta property=\"og:description\" content=\"En \u201cDuna: parte dos\u201d de Denis Villeneuve contin\u00faa la historia de la pel\u00edcula previa, pero eleva la apuesta al ofrecer una experiencia completamente nueva para el p\u00fablico con mayor alcance y escala, con efectos visuales a\u00fan m\u00e1s impresionantes y enormes secuencias de acci\u00f3n, junto con nuevos personajes, aventuras a\u00fan mayores y una historia de amor [&hellip;]\" \/>\n<meta property=\"og:url\" content=\"https:\/\/www.eldiario.net\/portal\/2024\/02\/18\/duna-parte-dos-la-continuacion-de-la-historia-epica\/\" \/>\n<meta property=\"og:site_name\" content=\"El Diario - Bolivia\" \/>\n<meta property=\"article:publisher\" content=\"https:\/\/www.facebook.com\/eldiario.bolivia\/\" \/>\n<meta property=\"article:published_time\" content=\"2024-02-18T10:42:36+00:00\" \/>\n<meta property=\"og:image\" content=\"https:\/\/www.eldiario.net\/portal\/wp-content\/uploads\/2024\/02\/Duna-Parte-Dos-la-continuacion-de-la-historia-epica-scaled.jpg\" \/>\n\t<meta property=\"og:image:width\" content=\"1708\" \/>\n\t<meta property=\"og:image:height\" content=\"2560\" \/>\n\t<meta property=\"og:image:type\" content=\"image\/jpeg\" \/>\n<meta name=\"author\" content=\"Jeanette\" \/>\n<meta name=\"twitter:card\" content=\"summary_large_image\" \/>\n<meta name=\"twitter:creator\" content=\"@eldiario_net\" \/>\n<meta name=\"twitter:site\" content=\"@eldiario_net\" \/>\n<meta name=\"twitter:label1\" content=\"Escrito por\" \/>\n\t<meta name=\"twitter:data1\" content=\"Jeanette\" \/>\n\t<meta name=\"twitter:label2\" content=\"Tiempo de lectura\" \/>\n\t<meta name=\"twitter:data2\" content=\"1 minuto\" \/>\n<script type=\"application\/ld+json\" class=\"yoast-schema-graph\">{\"@context\":\"https:\\\/\\\/schema.org\",\"@graph\":[{\"@type\":\"Article\",\"@id\":\"https:\\\/\\\/www.eldiario.net\\\/portal\\\/2024\\\/02\\\/18\\\/duna-parte-dos-la-continuacion-de-la-historia-epica\\\/#article\",\"isPartOf\":{\"@id\":\"https:\\\/\\\/www.eldiario.net\\\/portal\\\/2024\\\/02\\\/18\\\/duna-parte-dos-la-continuacion-de-la-historia-epica\\\/\"},\"author\":{\"name\":\"Jeanette\",\"@id\":\"https:\\\/\\\/www.eldiario.net\\\/portal\\\/#\\\/schema\\\/person\\\/f46445640444750d7d753ccd04ae01b7\"},\"headline\":\"\u201cDuna: Parte Dos\u201d, la continuaci\u00f3n de la historia \u00e9pica\",\"datePublished\":\"2024-02-18T10:42:36+00:00\",\"mainEntityOfPage\":{\"@id\":\"https:\\\/\\\/www.eldiario.net\\\/portal\\\/2024\\\/02\\\/18\\\/duna-parte-dos-la-continuacion-de-la-historia-epica\\\/\"},\"wordCount\":509,\"commentCount\":0,\"publisher\":{\"@id\":\"https:\\\/\\\/www.eldiario.net\\\/portal\\\/#organization\"},\"image\":{\"@id\":\"https:\\\/\\\/www.eldiario.net\\\/portal\\\/2024\\\/02\\\/18\\\/duna-parte-dos-la-continuacion-de-la-historia-epica\\\/#primaryimage\"},\"thumbnailUrl\":\"https:\\\/\\\/www.eldiario.net\\\/portal\\\/wp-content\\\/uploads\\\/2024\\\/02\\\/Duna-Parte-Dos-la-continuacion-de-la-historia-epica-scaled.jpg\",\"articleSection\":[\"Cine Mundo\"],\"inLanguage\":\"es\",\"potentialAction\":[{\"@type\":\"CommentAction\",\"name\":\"Comment\",\"target\":[\"https:\\\/\\\/www.eldiario.net\\\/portal\\\/2024\\\/02\\\/18\\\/duna-parte-dos-la-continuacion-de-la-historia-epica\\\/#respond\"]}]},{\"@type\":\"WebPage\",\"@id\":\"https:\\\/\\\/www.eldiario.net\\\/portal\\\/2024\\\/02\\\/18\\\/duna-parte-dos-la-continuacion-de-la-historia-epica\\\/\",\"url\":\"https:\\\/\\\/www.eldiario.net\\\/portal\\\/2024\\\/02\\\/18\\\/duna-parte-dos-la-continuacion-de-la-historia-epica\\\/\",\"name\":\"\u201cDuna: Parte Dos\u201d, la continuaci\u00f3n de la historia \u00e9pica - El Diario - Bolivia\",\"isPartOf\":{\"@id\":\"https:\\\/\\\/www.eldiario.net\\\/portal\\\/#website\"},\"primaryImageOfPage\":{\"@id\":\"https:\\\/\\\/www.eldiario.net\\\/portal\\\/2024\\\/02\\\/18\\\/duna-parte-dos-la-continuacion-de-la-historia-epica\\\/#primaryimage\"},\"image\":{\"@id\":\"https:\\\/\\\/www.eldiario.net\\\/portal\\\/2024\\\/02\\\/18\\\/duna-parte-dos-la-continuacion-de-la-historia-epica\\\/#primaryimage\"},\"thumbnailUrl\":\"https:\\\/\\\/www.eldiario.net\\\/portal\\\/wp-content\\\/uploads\\\/2024\\\/02\\\/Duna-Parte-Dos-la-continuacion-de-la-historia-epica-scaled.jpg\",\"datePublished\":\"2024-02-18T10:42:36+00:00\",\"breadcrumb\":{\"@id\":\"https:\\\/\\\/www.eldiario.net\\\/portal\\\/2024\\\/02\\\/18\\\/duna-parte-dos-la-continuacion-de-la-historia-epica\\\/#breadcrumb\"},\"inLanguage\":\"es\",\"potentialAction\":[{\"@type\":\"ReadAction\",\"target\":[\"https:\\\/\\\/www.eldiario.net\\\/portal\\\/2024\\\/02\\\/18\\\/duna-parte-dos-la-continuacion-de-la-historia-epica\\\/\"]}]},{\"@type\":\"ImageObject\",\"inLanguage\":\"es\",\"@id\":\"https:\\\/\\\/www.eldiario.net\\\/portal\\\/2024\\\/02\\\/18\\\/duna-parte-dos-la-continuacion-de-la-historia-epica\\\/#primaryimage\",\"url\":\"https:\\\/\\\/www.eldiario.net\\\/portal\\\/wp-content\\\/uploads\\\/2024\\\/02\\\/Duna-Parte-Dos-la-continuacion-de-la-historia-epica-scaled.jpg\",\"contentUrl\":\"https:\\\/\\\/www.eldiario.net\\\/portal\\\/wp-content\\\/uploads\\\/2024\\\/02\\\/Duna-Parte-Dos-la-continuacion-de-la-historia-epica-scaled.jpg\",\"width\":1708,\"height\":2560},{\"@type\":\"BreadcrumbList\",\"@id\":\"https:\\\/\\\/www.eldiario.net\\\/portal\\\/2024\\\/02\\\/18\\\/duna-parte-dos-la-continuacion-de-la-historia-epica\\\/#breadcrumb\",\"itemListElement\":[{\"@type\":\"ListItem\",\"position\":1,\"name\":\"Portada\",\"item\":\"https:\\\/\\\/www.eldiario.net\\\/portal\\\/\"},{\"@type\":\"ListItem\",\"position\":2,\"name\":\"\u201cDuna: Parte Dos\u201d, la continuaci\u00f3n de la historia \u00e9pica\"}]},{\"@type\":\"WebSite\",\"@id\":\"https:\\\/\\\/www.eldiario.net\\\/portal\\\/#website\",\"url\":\"https:\\\/\\\/www.eldiario.net\\\/portal\\\/\",\"name\":\"El Diario - Decano de la prensa nacional\",\"description\":\"El Diario - Decano de la prensa nacional\",\"publisher\":{\"@id\":\"https:\\\/\\\/www.eldiario.net\\\/portal\\\/#organization\"},\"potentialAction\":[{\"@type\":\"SearchAction\",\"target\":{\"@type\":\"EntryPoint\",\"urlTemplate\":\"https:\\\/\\\/www.eldiario.net\\\/portal\\\/?s={search_term_string}\"},\"query-input\":{\"@type\":\"PropertyValueSpecification\",\"valueRequired\":true,\"valueName\":\"search_term_string\"}}],\"inLanguage\":\"es\"},{\"@type\":\"Organization\",\"@id\":\"https:\\\/\\\/www.eldiario.net\\\/portal\\\/#organization\",\"name\":\"El Diario - Decano de la prensa nacional\",\"url\":\"https:\\\/\\\/www.eldiario.net\\\/portal\\\/\",\"logo\":{\"@type\":\"ImageObject\",\"inLanguage\":\"es\",\"@id\":\"https:\\\/\\\/www.eldiario.net\\\/portal\\\/#\\\/schema\\\/logo\\\/image\\\/\",\"url\":\"https:\\\/\\\/www.eldiario.net\\\/portal\\\/wp-content\\\/uploads\\\/2023\\\/07\\\/logo_ED.jpg\",\"contentUrl\":\"https:\\\/\\\/www.eldiario.net\\\/portal\\\/wp-content\\\/uploads\\\/2023\\\/07\\\/logo_ED.jpg\",\"width\":272,\"height\":52,\"caption\":\"El Diario - Decano de la prensa nacional\"},\"image\":{\"@id\":\"https:\\\/\\\/www.eldiario.net\\\/portal\\\/#\\\/schema\\\/logo\\\/image\\\/\"},\"sameAs\":[\"https:\\\/\\\/www.facebook.com\\\/eldiario.bolivia\\\/\",\"https:\\\/\\\/x.com\\\/eldiario_net\"]},{\"@type\":\"Person\",\"@id\":\"https:\\\/\\\/www.eldiario.net\\\/portal\\\/#\\\/schema\\\/person\\\/f46445640444750d7d753ccd04ae01b7\",\"name\":\"Jeanette\",\"image\":{\"@type\":\"ImageObject\",\"inLanguage\":\"es\",\"@id\":\"https:\\\/\\\/secure.gravatar.com\\\/avatar\\\/3ea2118a5f7dad2b7138b1187a6b7ee55f160b9968b66013c3a3ef39dd7e5798?s=96&d=mm&r=g\",\"url\":\"https:\\\/\\\/secure.gravatar.com\\\/avatar\\\/3ea2118a5f7dad2b7138b1187a6b7ee55f160b9968b66013c3a3ef39dd7e5798?s=96&d=mm&r=g\",\"contentUrl\":\"https:\\\/\\\/secure.gravatar.com\\\/avatar\\\/3ea2118a5f7dad2b7138b1187a6b7ee55f160b9968b66013c3a3ef39dd7e5798?s=96&d=mm&r=g\",\"caption\":\"Jeanette\"},\"sameAs\":[\"https:\\\/\\\/www.eldiario.net\\\/portal\"],\"url\":\"https:\\\/\\\/www.eldiario.net\\\/portal\\\/author\\\/jeanette\\\/\"}]}<\/script>\n<!-- \/ Yoast SEO plugin. -->","yoast_head_json":{"title":"\u201cDuna: Parte Dos\u201d, la continuaci\u00f3n de la historia \u00e9pica - El Diario - Bolivia","robots":{"index":"index","follow":"follow","max-snippet":"max-snippet:-1","max-image-preview":"max-image-preview:large","max-video-preview":"max-video-preview:-1"},"canonical":"https:\/\/www.eldiario.net\/portal\/2024\/02\/18\/duna-parte-dos-la-continuacion-de-la-historia-epica\/","og_locale":"es_ES","og_type":"article","og_title":"\u201cDuna: Parte Dos\u201d, la continuaci\u00f3n de la historia \u00e9pica - El Diario - Bolivia","og_description":"En \u201cDuna: parte dos\u201d de Denis Villeneuve contin\u00faa la historia de la pel\u00edcula previa, pero eleva la apuesta al ofrecer una experiencia completamente nueva para el p\u00fablico con mayor alcance y escala, con efectos visuales a\u00fan m\u00e1s impresionantes y enormes secuencias de acci\u00f3n, junto con nuevos personajes, aventuras a\u00fan mayores y una historia de amor [&hellip;]","og_url":"https:\/\/www.eldiario.net\/portal\/2024\/02\/18\/duna-parte-dos-la-continuacion-de-la-historia-epica\/","og_site_name":"El Diario - Bolivia","article_publisher":"https:\/\/www.facebook.com\/eldiario.bolivia\/","article_published_time":"2024-02-18T10:42:36+00:00","og_image":[{"width":1708,"height":2560,"url":"https:\/\/www.eldiario.net\/portal\/wp-content\/uploads\/2024\/02\/Duna-Parte-Dos-la-continuacion-de-la-historia-epica-scaled.jpg","type":"image\/jpeg"}],"author":"Jeanette","twitter_card":"summary_large_image","twitter_creator":"@eldiario_net","twitter_site":"@eldiario_net","twitter_misc":{"Escrito por":"Jeanette","Tiempo de lectura":"1 minuto"},"schema":{"@context":"https:\/\/schema.org","@graph":[{"@type":"Article","@id":"https:\/\/www.eldiario.net\/portal\/2024\/02\/18\/duna-parte-dos-la-continuacion-de-la-historia-epica\/#article","isPartOf":{"@id":"https:\/\/www.eldiario.net\/portal\/2024\/02\/18\/duna-parte-dos-la-continuacion-de-la-historia-epica\/"},"author":{"name":"Jeanette","@id":"https:\/\/www.eldiario.net\/portal\/#\/schema\/person\/f46445640444750d7d753ccd04ae01b7"},"headline":"\u201cDuna: Parte Dos\u201d, la continuaci\u00f3n de la historia \u00e9pica","datePublished":"2024-02-18T10:42:36+00:00","mainEntityOfPage":{"@id":"https:\/\/www.eldiario.net\/portal\/2024\/02\/18\/duna-parte-dos-la-continuacion-de-la-historia-epica\/"},"wordCount":509,"commentCount":0,"publisher":{"@id":"https:\/\/www.eldiario.net\/portal\/#organization"},"image":{"@id":"https:\/\/www.eldiario.net\/portal\/2024\/02\/18\/duna-parte-dos-la-continuacion-de-la-historia-epica\/#primaryimage"},"thumbnailUrl":"https:\/\/www.eldiario.net\/portal\/wp-content\/uploads\/2024\/02\/Duna-Parte-Dos-la-continuacion-de-la-historia-epica-scaled.jpg","articleSection":["Cine Mundo"],"inLanguage":"es","potentialAction":[{"@type":"CommentAction","name":"Comment","target":["https:\/\/www.eldiario.net\/portal\/2024\/02\/18\/duna-parte-dos-la-continuacion-de-la-historia-epica\/#respond"]}]},{"@type":"WebPage","@id":"https:\/\/www.eldiario.net\/portal\/2024\/02\/18\/duna-parte-dos-la-continuacion-de-la-historia-epica\/","url":"https:\/\/www.eldiario.net\/portal\/2024\/02\/18\/duna-parte-dos-la-continuacion-de-la-historia-epica\/","name":"\u201cDuna: Parte Dos\u201d, la continuaci\u00f3n de la historia \u00e9pica - El Diario - Bolivia","isPartOf":{"@id":"https:\/\/www.eldiario.net\/portal\/#website"},"primaryImageOfPage":{"@id":"https:\/\/www.eldiario.net\/portal\/2024\/02\/18\/duna-parte-dos-la-continuacion-de-la-historia-epica\/#primaryimage"},"image":{"@id":"https:\/\/www.eldiario.net\/portal\/2024\/02\/18\/duna-parte-dos-la-continuacion-de-la-historia-epica\/#primaryimage"},"thumbnailUrl":"https:\/\/www.eldiario.net\/portal\/wp-content\/uploads\/2024\/02\/Duna-Parte-Dos-la-continuacion-de-la-historia-epica-scaled.jpg","datePublished":"2024-02-18T10:42:36+00:00","breadcrumb":{"@id":"https:\/\/www.eldiario.net\/portal\/2024\/02\/18\/duna-parte-dos-la-continuacion-de-la-historia-epica\/#breadcrumb"},"inLanguage":"es","potentialAction":[{"@type":"ReadAction","target":["https:\/\/www.eldiario.net\/portal\/2024\/02\/18\/duna-parte-dos-la-continuacion-de-la-historia-epica\/"]}]},{"@type":"ImageObject","inLanguage":"es","@id":"https:\/\/www.eldiario.net\/portal\/2024\/02\/18\/duna-parte-dos-la-continuacion-de-la-historia-epica\/#primaryimage","url":"https:\/\/www.eldiario.net\/portal\/wp-content\/uploads\/2024\/02\/Duna-Parte-Dos-la-continuacion-de-la-historia-epica-scaled.jpg","contentUrl":"https:\/\/www.eldiario.net\/portal\/wp-content\/uploads\/2024\/02\/Duna-Parte-Dos-la-continuacion-de-la-historia-epica-scaled.jpg","width":1708,"height":2560},{"@type":"BreadcrumbList","@id":"https:\/\/www.eldiario.net\/portal\/2024\/02\/18\/duna-parte-dos-la-continuacion-de-la-historia-epica\/#breadcrumb","itemListElement":[{"@type":"ListItem","position":1,"name":"Portada","item":"https:\/\/www.eldiario.net\/portal\/"},{"@type":"ListItem","position":2,"name":"\u201cDuna: Parte Dos\u201d, la continuaci\u00f3n de la historia \u00e9pica"}]},{"@type":"WebSite","@id":"https:\/\/www.eldiario.net\/portal\/#website","url":"https:\/\/www.eldiario.net\/portal\/","name":"El Diario - Decano de la prensa nacional","description":"El Diario - Decano de la prensa nacional","publisher":{"@id":"https:\/\/www.eldiario.net\/portal\/#organization"},"potentialAction":[{"@type":"SearchAction","target":{"@type":"EntryPoint","urlTemplate":"https:\/\/www.eldiario.net\/portal\/?s={search_term_string}"},"query-input":{"@type":"PropertyValueSpecification","valueRequired":true,"valueName":"search_term_string"}}],"inLanguage":"es"},{"@type":"Organization","@id":"https:\/\/www.eldiario.net\/portal\/#organization","name":"El Diario - Decano de la prensa nacional","url":"https:\/\/www.eldiario.net\/portal\/","logo":{"@type":"ImageObject","inLanguage":"es","@id":"https:\/\/www.eldiario.net\/portal\/#\/schema\/logo\/image\/","url":"https:\/\/www.eldiario.net\/portal\/wp-content\/uploads\/2023\/07\/logo_ED.jpg","contentUrl":"https:\/\/www.eldiario.net\/portal\/wp-content\/uploads\/2023\/07\/logo_ED.jpg","width":272,"height":52,"caption":"El Diario - Decano de la prensa nacional"},"image":{"@id":"https:\/\/www.eldiario.net\/portal\/#\/schema\/logo\/image\/"},"sameAs":["https:\/\/www.facebook.com\/eldiario.bolivia\/","https:\/\/x.com\/eldiario_net"]},{"@type":"Person","@id":"https:\/\/www.eldiario.net\/portal\/#\/schema\/person\/f46445640444750d7d753ccd04ae01b7","name":"Jeanette","image":{"@type":"ImageObject","inLanguage":"es","@id":"https:\/\/secure.gravatar.com\/avatar\/3ea2118a5f7dad2b7138b1187a6b7ee55f160b9968b66013c3a3ef39dd7e5798?s=96&d=mm&r=g","url":"https:\/\/secure.gravatar.com\/avatar\/3ea2118a5f7dad2b7138b1187a6b7ee55f160b9968b66013c3a3ef39dd7e5798?s=96&d=mm&r=g","contentUrl":"https:\/\/secure.gravatar.com\/avatar\/3ea2118a5f7dad2b7138b1187a6b7ee55f160b9968b66013c3a3ef39dd7e5798?s=96&d=mm&r=g","caption":"Jeanette"},"sameAs":["https:\/\/www.eldiario.net\/portal"],"url":"https:\/\/www.eldiario.net\/portal\/author\/jeanette\/"}]}},"_links":{"self":[{"href":"https:\/\/www.eldiario.net\/portal\/wp-json\/wp\/v2\/posts\/203855","targetHints":{"allow":["GET"]}}],"collection":[{"href":"https:\/\/www.eldiario.net\/portal\/wp-json\/wp\/v2\/posts"}],"about":[{"href":"https:\/\/www.eldiario.net\/portal\/wp-json\/wp\/v2\/types\/post"}],"author":[{"embeddable":true,"href":"https:\/\/www.eldiario.net\/portal\/wp-json\/wp\/v2\/users\/1"}],"replies":[{"embeddable":true,"href":"https:\/\/www.eldiario.net\/portal\/wp-json\/wp\/v2\/comments?post=203855"}],"version-history":[{"count":1,"href":"https:\/\/www.eldiario.net\/portal\/wp-json\/wp\/v2\/posts\/203855\/revisions"}],"predecessor-version":[{"id":203858,"href":"https:\/\/www.eldiario.net\/portal\/wp-json\/wp\/v2\/posts\/203855\/revisions\/203858"}],"wp:featuredmedia":[{"embeddable":true,"href":"https:\/\/www.eldiario.net\/portal\/wp-json\/wp\/v2\/media\/203856"}],"wp:attachment":[{"href":"https:\/\/www.eldiario.net\/portal\/wp-json\/wp\/v2\/media?parent=203855"}],"wp:term":[{"taxonomy":"category","embeddable":true,"href":"https:\/\/www.eldiario.net\/portal\/wp-json\/wp\/v2\/categories?post=203855"},{"taxonomy":"post_tag","embeddable":true,"href":"https:\/\/www.eldiario.net\/portal\/wp-json\/wp\/v2\/tags?post=203855"}],"curies":[{"name":"wp","href":"https:\/\/api.w.org\/{rel}","templated":true}]}}