{"id":203849,"date":"2024-02-18T06:39:45","date_gmt":"2024-02-18T10:39:45","guid":{"rendered":"https:\/\/www.eldiario.net\/portal\/?p=203849"},"modified":"2024-02-18T06:39:45","modified_gmt":"2024-02-18T10:39:45","slug":"bob-marley-la-leyenda-2","status":"publish","type":"post","link":"https:\/\/www.eldiario.net\/portal\/2024\/02\/18\/bob-marley-la-leyenda-2\/","title":{"rendered":"BOB MARLEY: LA LEYENDA"},"content":{"rendered":"<p>\u201cExisten pel\u00edculas\u201d, dice Reinaldo Marcus Green. \u201cY luego est\u00e1n las cintas sobre Bob Marley\u201d. El director y coescritor de BOB MARLEY: LA LEYENDA sonr\u00ede y reflexiona sobre la escala y la responsabilidad de esta producci\u00f3n. \u201cHay una diferencia\u201d.<br \/>\n\u201cCada persona que he conocido (durante el proceso de hacerla) tiene una historia de Bob Marley\u201d, dice Green. \u201c\u00c9l ten\u00eda ese poder. Era el amigo de todos, \u00bfsabes? \u2018Lo vi en un concierto\u2019 o \u2018Cambi\u00f3 mi vida cuando ten\u00eda 15 a\u00f1os\u2019. La gente piensa que conoce a Bob Marley, tiene una versi\u00f3n de \u00e9l en su mente por la forma en que todos conectamos con su m\u00fasica\u201d.<br \/>\nY es ah\u00ed donde el director comenta que entra su pel\u00edcula. \u201cEste es el Bob Marley que no mucha gente conoce. Vamos a darles algo que no han visto, algo que no pueden buscar en Google, basado en conversaciones reales, desde adentro\u201d, comenta.<br \/>\nLa precisi\u00f3n y la autenticidad no son solo parte integral del ADN de esta pel\u00edcula, es el resultado directo de ella. BOB MARLEY: LA LEYENDA no es una pel\u00edcula hecha con la bendici\u00f3n de la familia Marley, sino hecha por la propia familia.<br \/>\nLos productores son dos de los hijos de Bob, Ziggy y Cedella Marley, y la artista e \u00edcono femenino que tanto contribuy\u00f3 a los logros de su marido en sus 36 a\u00f1os en el planeta: su viuda, Rita. La familia trabaj\u00f3 junto con el productor Robert Teitel, los productores Dede Gardner y Jeremy Kleiner de Plan B, as\u00ed como con los productores ejecutivos Brad Pitt, Richard Hewitt, Orly Marley y Matt Solodky. Reunieron a un incre\u00edble elenco liderado por Kingsley Ben-Adir y Lashana Lynch como Bob y Rita Marley, as\u00ed como un equipo de clase mundial, que incluye al director de fotograf\u00eda Robert Elswit, el dise\u00f1ador de producci\u00f3n Chris Lowe, el supervisor musical Stephen Marley, el productor musical ejecutivo Harvey Mason jr., el compositor Kris Bowers, la dise\u00f1adora de vestuario Anna B. Sheppard y los dise\u00f1adores de maquillaje y peinado Nadia Stacey y Carla Farmer, por mencionar algunos.<br \/>\nEl resultado es el retrato tanto de un coloso musical, cuyo mensaje de uni\u00f3n lo har\u00eda blanco de fuerzas asesinas, como de un esposo, un padre y un rebelde. Un hombre con debilidades y desaf\u00edos como cualquiera, pero con una fuerza de cambio con la que hizo tanto por los que amaba y por el mundo hasta el final.<\/p>\n","protected":false},"excerpt":{"rendered":"<p>\u201cExisten pel\u00edculas\u201d, dice Reinaldo Marcus Green. \u201cY luego est\u00e1n las cintas sobre Bob Marley\u201d. El director y coescritor de BOB MARLEY: LA LEYENDA sonr\u00ede y reflexiona sobre la escala y la responsabilidad de esta producci\u00f3n. \u201cHay una diferencia\u201d. \u201cCada persona que he conocido (durante el proceso de hacerla) tiene una historia de Bob Marley\u201d, dice [&hellip;]<\/p>\n","protected":false},"author":1,"featured_media":203850,"comment_status":"open","ping_status":"open","sticky":false,"template":"","format":"standard","meta":{"_acf_changed":false,"footnotes":""},"categories":[45],"tags":[],"class_list":["post-203849","post","type-post","status-publish","format-standard","has-post-thumbnail","category-cine-mundo"],"acf":{"antetitulo":"EN CARTELERA"},"yoast_head":"<!-- This site is optimized with the Yoast SEO plugin v28.4 - https:\/\/yoast.com\/product\/yoast-seo-wordpress\/ -->\n<title>BOB MARLEY: LA LEYENDA - El Diario - Bolivia<\/title>\n<meta name=\"robots\" content=\"index, follow, max-snippet:-1, max-image-preview:large, max-video-preview:-1\" \/>\n<link rel=\"canonical\" href=\"https:\/\/www.eldiario.net\/portal\/2024\/02\/18\/bob-marley-la-leyenda-2\/\" \/>\n<meta property=\"og:locale\" content=\"es_ES\" \/>\n<meta property=\"og:type\" content=\"article\" \/>\n<meta property=\"og:title\" content=\"BOB MARLEY: LA LEYENDA - El Diario - Bolivia\" \/>\n<meta property=\"og:description\" content=\"\u201cExisten pel\u00edculas\u201d, dice Reinaldo Marcus Green. \u201cY luego est\u00e1n las cintas sobre Bob Marley\u201d. El director y coescritor de BOB MARLEY: LA LEYENDA sonr\u00ede y reflexiona sobre la escala y la responsabilidad de esta producci\u00f3n. \u201cHay una diferencia\u201d. \u201cCada persona que he conocido (durante el proceso de hacerla) tiene una historia de Bob Marley\u201d, dice [&hellip;]\" \/>\n<meta property=\"og:url\" content=\"https:\/\/www.eldiario.net\/portal\/2024\/02\/18\/bob-marley-la-leyenda-2\/\" \/>\n<meta property=\"og:site_name\" content=\"El Diario - Bolivia\" \/>\n<meta property=\"article:publisher\" content=\"https:\/\/www.facebook.com\/eldiario.bolivia\/\" \/>\n<meta property=\"article:published_time\" content=\"2024-02-18T10:39:45+00:00\" \/>\n<meta property=\"og:image\" content=\"https:\/\/www.eldiario.net\/portal\/wp-content\/uploads\/2024\/02\/BOB-MARLEY-LA-LEYENDA-\u2013-Musical-drama.jpg\" \/>\n\t<meta property=\"og:image:width\" content=\"1500\" \/>\n\t<meta property=\"og:image:height\" content=\"1000\" \/>\n\t<meta property=\"og:image:type\" content=\"image\/jpeg\" \/>\n<meta name=\"author\" content=\"Jeanette\" \/>\n<meta name=\"twitter:card\" content=\"summary_large_image\" \/>\n<meta name=\"twitter:creator\" content=\"@eldiario_net\" \/>\n<meta name=\"twitter:site\" content=\"@eldiario_net\" \/>\n<meta name=\"twitter:label1\" content=\"Escrito por\" \/>\n\t<meta name=\"twitter:data1\" content=\"Jeanette\" \/>\n\t<meta name=\"twitter:label2\" content=\"Tiempo de lectura\" \/>\n\t<meta name=\"twitter:data2\" content=\"1 minuto\" \/>\n<script type=\"application\/ld+json\" class=\"yoast-schema-graph\">{\"@context\":\"https:\\\/\\\/schema.org\",\"@graph\":[{\"@type\":\"Article\",\"@id\":\"https:\\\/\\\/www.eldiario.net\\\/portal\\\/2024\\\/02\\\/18\\\/bob-marley-la-leyenda-2\\\/#article\",\"isPartOf\":{\"@id\":\"https:\\\/\\\/www.eldiario.net\\\/portal\\\/2024\\\/02\\\/18\\\/bob-marley-la-leyenda-2\\\/\"},\"author\":{\"name\":\"Jeanette\",\"@id\":\"https:\\\/\\\/www.eldiario.net\\\/portal\\\/#\\\/schema\\\/person\\\/f46445640444750d7d753ccd04ae01b7\"},\"headline\":\"BOB MARLEY: LA LEYENDA\",\"datePublished\":\"2024-02-18T10:39:45+00:00\",\"mainEntityOfPage\":{\"@id\":\"https:\\\/\\\/www.eldiario.net\\\/portal\\\/2024\\\/02\\\/18\\\/bob-marley-la-leyenda-2\\\/\"},\"wordCount\":424,\"commentCount\":0,\"publisher\":{\"@id\":\"https:\\\/\\\/www.eldiario.net\\\/portal\\\/#organization\"},\"image\":{\"@id\":\"https:\\\/\\\/www.eldiario.net\\\/portal\\\/2024\\\/02\\\/18\\\/bob-marley-la-leyenda-2\\\/#primaryimage\"},\"thumbnailUrl\":\"https:\\\/\\\/www.eldiario.net\\\/portal\\\/wp-content\\\/uploads\\\/2024\\\/02\\\/BOB-MARLEY-LA-LEYENDA-\u2013-Musical-drama.jpg\",\"articleSection\":[\"Cine Mundo\"],\"inLanguage\":\"es\",\"potentialAction\":[{\"@type\":\"CommentAction\",\"name\":\"Comment\",\"target\":[\"https:\\\/\\\/www.eldiario.net\\\/portal\\\/2024\\\/02\\\/18\\\/bob-marley-la-leyenda-2\\\/#respond\"]}]},{\"@type\":\"WebPage\",\"@id\":\"https:\\\/\\\/www.eldiario.net\\\/portal\\\/2024\\\/02\\\/18\\\/bob-marley-la-leyenda-2\\\/\",\"url\":\"https:\\\/\\\/www.eldiario.net\\\/portal\\\/2024\\\/02\\\/18\\\/bob-marley-la-leyenda-2\\\/\",\"name\":\"BOB MARLEY: LA LEYENDA - El Diario - Bolivia\",\"isPartOf\":{\"@id\":\"https:\\\/\\\/www.eldiario.net\\\/portal\\\/#website\"},\"primaryImageOfPage\":{\"@id\":\"https:\\\/\\\/www.eldiario.net\\\/portal\\\/2024\\\/02\\\/18\\\/bob-marley-la-leyenda-2\\\/#primaryimage\"},\"image\":{\"@id\":\"https:\\\/\\\/www.eldiario.net\\\/portal\\\/2024\\\/02\\\/18\\\/bob-marley-la-leyenda-2\\\/#primaryimage\"},\"thumbnailUrl\":\"https:\\\/\\\/www.eldiario.net\\\/portal\\\/wp-content\\\/uploads\\\/2024\\\/02\\\/BOB-MARLEY-LA-LEYENDA-\u2013-Musical-drama.jpg\",\"datePublished\":\"2024-02-18T10:39:45+00:00\",\"breadcrumb\":{\"@id\":\"https:\\\/\\\/www.eldiario.net\\\/portal\\\/2024\\\/02\\\/18\\\/bob-marley-la-leyenda-2\\\/#breadcrumb\"},\"inLanguage\":\"es\",\"potentialAction\":[{\"@type\":\"ReadAction\",\"target\":[\"https:\\\/\\\/www.eldiario.net\\\/portal\\\/2024\\\/02\\\/18\\\/bob-marley-la-leyenda-2\\\/\"]}]},{\"@type\":\"ImageObject\",\"inLanguage\":\"es\",\"@id\":\"https:\\\/\\\/www.eldiario.net\\\/portal\\\/2024\\\/02\\\/18\\\/bob-marley-la-leyenda-2\\\/#primaryimage\",\"url\":\"https:\\\/\\\/www.eldiario.net\\\/portal\\\/wp-content\\\/uploads\\\/2024\\\/02\\\/BOB-MARLEY-LA-LEYENDA-\u2013-Musical-drama.jpg\",\"contentUrl\":\"https:\\\/\\\/www.eldiario.net\\\/portal\\\/wp-content\\\/uploads\\\/2024\\\/02\\\/BOB-MARLEY-LA-LEYENDA-\u2013-Musical-drama.jpg\",\"width\":1500,\"height\":1000,\"caption\":\"Kingsley Ben-Adir as \u201cBob Marley\u201d and Director Reinaldo Marcus Green in Bob Marley: One Love from Paramount Pictures.\"},{\"@type\":\"BreadcrumbList\",\"@id\":\"https:\\\/\\\/www.eldiario.net\\\/portal\\\/2024\\\/02\\\/18\\\/bob-marley-la-leyenda-2\\\/#breadcrumb\",\"itemListElement\":[{\"@type\":\"ListItem\",\"position\":1,\"name\":\"Portada\",\"item\":\"https:\\\/\\\/www.eldiario.net\\\/portal\\\/\"},{\"@type\":\"ListItem\",\"position\":2,\"name\":\"BOB MARLEY: LA LEYENDA\"}]},{\"@type\":\"WebSite\",\"@id\":\"https:\\\/\\\/www.eldiario.net\\\/portal\\\/#website\",\"url\":\"https:\\\/\\\/www.eldiario.net\\\/portal\\\/\",\"name\":\"El Diario - Decano de la prensa nacional\",\"description\":\"El Diario - Decano de la prensa nacional\",\"publisher\":{\"@id\":\"https:\\\/\\\/www.eldiario.net\\\/portal\\\/#organization\"},\"potentialAction\":[{\"@type\":\"SearchAction\",\"target\":{\"@type\":\"EntryPoint\",\"urlTemplate\":\"https:\\\/\\\/www.eldiario.net\\\/portal\\\/?s={search_term_string}\"},\"query-input\":{\"@type\":\"PropertyValueSpecification\",\"valueRequired\":true,\"valueName\":\"search_term_string\"}}],\"inLanguage\":\"es\"},{\"@type\":\"Organization\",\"@id\":\"https:\\\/\\\/www.eldiario.net\\\/portal\\\/#organization\",\"name\":\"El Diario - Decano de la prensa nacional\",\"url\":\"https:\\\/\\\/www.eldiario.net\\\/portal\\\/\",\"logo\":{\"@type\":\"ImageObject\",\"inLanguage\":\"es\",\"@id\":\"https:\\\/\\\/www.eldiario.net\\\/portal\\\/#\\\/schema\\\/logo\\\/image\\\/\",\"url\":\"https:\\\/\\\/www.eldiario.net\\\/portal\\\/wp-content\\\/uploads\\\/2023\\\/07\\\/logo_ED.jpg\",\"contentUrl\":\"https:\\\/\\\/www.eldiario.net\\\/portal\\\/wp-content\\\/uploads\\\/2023\\\/07\\\/logo_ED.jpg\",\"width\":272,\"height\":52,\"caption\":\"El Diario - Decano de la prensa nacional\"},\"image\":{\"@id\":\"https:\\\/\\\/www.eldiario.net\\\/portal\\\/#\\\/schema\\\/logo\\\/image\\\/\"},\"sameAs\":[\"https:\\\/\\\/www.facebook.com\\\/eldiario.bolivia\\\/\",\"https:\\\/\\\/x.com\\\/eldiario_net\"]},{\"@type\":\"Person\",\"@id\":\"https:\\\/\\\/www.eldiario.net\\\/portal\\\/#\\\/schema\\\/person\\\/f46445640444750d7d753ccd04ae01b7\",\"name\":\"Jeanette\",\"image\":{\"@type\":\"ImageObject\",\"inLanguage\":\"es\",\"@id\":\"https:\\\/\\\/secure.gravatar.com\\\/avatar\\\/3ea2118a5f7dad2b7138b1187a6b7ee55f160b9968b66013c3a3ef39dd7e5798?s=96&d=mm&r=g\",\"url\":\"https:\\\/\\\/secure.gravatar.com\\\/avatar\\\/3ea2118a5f7dad2b7138b1187a6b7ee55f160b9968b66013c3a3ef39dd7e5798?s=96&d=mm&r=g\",\"contentUrl\":\"https:\\\/\\\/secure.gravatar.com\\\/avatar\\\/3ea2118a5f7dad2b7138b1187a6b7ee55f160b9968b66013c3a3ef39dd7e5798?s=96&d=mm&r=g\",\"caption\":\"Jeanette\"},\"sameAs\":[\"https:\\\/\\\/www.eldiario.net\\\/portal\"],\"url\":\"https:\\\/\\\/www.eldiario.net\\\/portal\\\/author\\\/jeanette\\\/\"}]}<\/script>\n<!-- \/ Yoast SEO plugin. -->","yoast_head_json":{"title":"BOB MARLEY: LA LEYENDA - El Diario - Bolivia","robots":{"index":"index","follow":"follow","max-snippet":"max-snippet:-1","max-image-preview":"max-image-preview:large","max-video-preview":"max-video-preview:-1"},"canonical":"https:\/\/www.eldiario.net\/portal\/2024\/02\/18\/bob-marley-la-leyenda-2\/","og_locale":"es_ES","og_type":"article","og_title":"BOB MARLEY: LA LEYENDA - El Diario - Bolivia","og_description":"\u201cExisten pel\u00edculas\u201d, dice Reinaldo Marcus Green. \u201cY luego est\u00e1n las cintas sobre Bob Marley\u201d. El director y coescritor de BOB MARLEY: LA LEYENDA sonr\u00ede y reflexiona sobre la escala y la responsabilidad de esta producci\u00f3n. \u201cHay una diferencia\u201d. \u201cCada persona que he conocido (durante el proceso de hacerla) tiene una historia de Bob Marley\u201d, dice [&hellip;]","og_url":"https:\/\/www.eldiario.net\/portal\/2024\/02\/18\/bob-marley-la-leyenda-2\/","og_site_name":"El Diario - Bolivia","article_publisher":"https:\/\/www.facebook.com\/eldiario.bolivia\/","article_published_time":"2024-02-18T10:39:45+00:00","og_image":[{"width":1500,"height":1000,"url":"https:\/\/www.eldiario.net\/portal\/wp-content\/uploads\/2024\/02\/BOB-MARLEY-LA-LEYENDA-\u2013-Musical-drama.jpg","type":"image\/jpeg"}],"author":"Jeanette","twitter_card":"summary_large_image","twitter_creator":"@eldiario_net","twitter_site":"@eldiario_net","twitter_misc":{"Escrito por":"Jeanette","Tiempo de lectura":"1 minuto"},"schema":{"@context":"https:\/\/schema.org","@graph":[{"@type":"Article","@id":"https:\/\/www.eldiario.net\/portal\/2024\/02\/18\/bob-marley-la-leyenda-2\/#article","isPartOf":{"@id":"https:\/\/www.eldiario.net\/portal\/2024\/02\/18\/bob-marley-la-leyenda-2\/"},"author":{"name":"Jeanette","@id":"https:\/\/www.eldiario.net\/portal\/#\/schema\/person\/f46445640444750d7d753ccd04ae01b7"},"headline":"BOB MARLEY: LA LEYENDA","datePublished":"2024-02-18T10:39:45+00:00","mainEntityOfPage":{"@id":"https:\/\/www.eldiario.net\/portal\/2024\/02\/18\/bob-marley-la-leyenda-2\/"},"wordCount":424,"commentCount":0,"publisher":{"@id":"https:\/\/www.eldiario.net\/portal\/#organization"},"image":{"@id":"https:\/\/www.eldiario.net\/portal\/2024\/02\/18\/bob-marley-la-leyenda-2\/#primaryimage"},"thumbnailUrl":"https:\/\/www.eldiario.net\/portal\/wp-content\/uploads\/2024\/02\/BOB-MARLEY-LA-LEYENDA-\u2013-Musical-drama.jpg","articleSection":["Cine Mundo"],"inLanguage":"es","potentialAction":[{"@type":"CommentAction","name":"Comment","target":["https:\/\/www.eldiario.net\/portal\/2024\/02\/18\/bob-marley-la-leyenda-2\/#respond"]}]},{"@type":"WebPage","@id":"https:\/\/www.eldiario.net\/portal\/2024\/02\/18\/bob-marley-la-leyenda-2\/","url":"https:\/\/www.eldiario.net\/portal\/2024\/02\/18\/bob-marley-la-leyenda-2\/","name":"BOB MARLEY: LA LEYENDA - El Diario - Bolivia","isPartOf":{"@id":"https:\/\/www.eldiario.net\/portal\/#website"},"primaryImageOfPage":{"@id":"https:\/\/www.eldiario.net\/portal\/2024\/02\/18\/bob-marley-la-leyenda-2\/#primaryimage"},"image":{"@id":"https:\/\/www.eldiario.net\/portal\/2024\/02\/18\/bob-marley-la-leyenda-2\/#primaryimage"},"thumbnailUrl":"https:\/\/www.eldiario.net\/portal\/wp-content\/uploads\/2024\/02\/BOB-MARLEY-LA-LEYENDA-\u2013-Musical-drama.jpg","datePublished":"2024-02-18T10:39:45+00:00","breadcrumb":{"@id":"https:\/\/www.eldiario.net\/portal\/2024\/02\/18\/bob-marley-la-leyenda-2\/#breadcrumb"},"inLanguage":"es","potentialAction":[{"@type":"ReadAction","target":["https:\/\/www.eldiario.net\/portal\/2024\/02\/18\/bob-marley-la-leyenda-2\/"]}]},{"@type":"ImageObject","inLanguage":"es","@id":"https:\/\/www.eldiario.net\/portal\/2024\/02\/18\/bob-marley-la-leyenda-2\/#primaryimage","url":"https:\/\/www.eldiario.net\/portal\/wp-content\/uploads\/2024\/02\/BOB-MARLEY-LA-LEYENDA-\u2013-Musical-drama.jpg","contentUrl":"https:\/\/www.eldiario.net\/portal\/wp-content\/uploads\/2024\/02\/BOB-MARLEY-LA-LEYENDA-\u2013-Musical-drama.jpg","width":1500,"height":1000,"caption":"Kingsley Ben-Adir as \u201cBob Marley\u201d and Director Reinaldo Marcus Green in Bob Marley: One Love from Paramount Pictures."},{"@type":"BreadcrumbList","@id":"https:\/\/www.eldiario.net\/portal\/2024\/02\/18\/bob-marley-la-leyenda-2\/#breadcrumb","itemListElement":[{"@type":"ListItem","position":1,"name":"Portada","item":"https:\/\/www.eldiario.net\/portal\/"},{"@type":"ListItem","position":2,"name":"BOB MARLEY: LA LEYENDA"}]},{"@type":"WebSite","@id":"https:\/\/www.eldiario.net\/portal\/#website","url":"https:\/\/www.eldiario.net\/portal\/","name":"El Diario - Decano de la prensa nacional","description":"El Diario - Decano de la prensa nacional","publisher":{"@id":"https:\/\/www.eldiario.net\/portal\/#organization"},"potentialAction":[{"@type":"SearchAction","target":{"@type":"EntryPoint","urlTemplate":"https:\/\/www.eldiario.net\/portal\/?s={search_term_string}"},"query-input":{"@type":"PropertyValueSpecification","valueRequired":true,"valueName":"search_term_string"}}],"inLanguage":"es"},{"@type":"Organization","@id":"https:\/\/www.eldiario.net\/portal\/#organization","name":"El Diario - Decano de la prensa nacional","url":"https:\/\/www.eldiario.net\/portal\/","logo":{"@type":"ImageObject","inLanguage":"es","@id":"https:\/\/www.eldiario.net\/portal\/#\/schema\/logo\/image\/","url":"https:\/\/www.eldiario.net\/portal\/wp-content\/uploads\/2023\/07\/logo_ED.jpg","contentUrl":"https:\/\/www.eldiario.net\/portal\/wp-content\/uploads\/2023\/07\/logo_ED.jpg","width":272,"height":52,"caption":"El Diario - Decano de la prensa nacional"},"image":{"@id":"https:\/\/www.eldiario.net\/portal\/#\/schema\/logo\/image\/"},"sameAs":["https:\/\/www.facebook.com\/eldiario.bolivia\/","https:\/\/x.com\/eldiario_net"]},{"@type":"Person","@id":"https:\/\/www.eldiario.net\/portal\/#\/schema\/person\/f46445640444750d7d753ccd04ae01b7","name":"Jeanette","image":{"@type":"ImageObject","inLanguage":"es","@id":"https:\/\/secure.gravatar.com\/avatar\/3ea2118a5f7dad2b7138b1187a6b7ee55f160b9968b66013c3a3ef39dd7e5798?s=96&d=mm&r=g","url":"https:\/\/secure.gravatar.com\/avatar\/3ea2118a5f7dad2b7138b1187a6b7ee55f160b9968b66013c3a3ef39dd7e5798?s=96&d=mm&r=g","contentUrl":"https:\/\/secure.gravatar.com\/avatar\/3ea2118a5f7dad2b7138b1187a6b7ee55f160b9968b66013c3a3ef39dd7e5798?s=96&d=mm&r=g","caption":"Jeanette"},"sameAs":["https:\/\/www.eldiario.net\/portal"],"url":"https:\/\/www.eldiario.net\/portal\/author\/jeanette\/"}]}},"_links":{"self":[{"href":"https:\/\/www.eldiario.net\/portal\/wp-json\/wp\/v2\/posts\/203849","targetHints":{"allow":["GET"]}}],"collection":[{"href":"https:\/\/www.eldiario.net\/portal\/wp-json\/wp\/v2\/posts"}],"about":[{"href":"https:\/\/www.eldiario.net\/portal\/wp-json\/wp\/v2\/types\/post"}],"author":[{"embeddable":true,"href":"https:\/\/www.eldiario.net\/portal\/wp-json\/wp\/v2\/users\/1"}],"replies":[{"embeddable":true,"href":"https:\/\/www.eldiario.net\/portal\/wp-json\/wp\/v2\/comments?post=203849"}],"version-history":[{"count":1,"href":"https:\/\/www.eldiario.net\/portal\/wp-json\/wp\/v2\/posts\/203849\/revisions"}],"predecessor-version":[{"id":203851,"href":"https:\/\/www.eldiario.net\/portal\/wp-json\/wp\/v2\/posts\/203849\/revisions\/203851"}],"wp:featuredmedia":[{"embeddable":true,"href":"https:\/\/www.eldiario.net\/portal\/wp-json\/wp\/v2\/media\/203850"}],"wp:attachment":[{"href":"https:\/\/www.eldiario.net\/portal\/wp-json\/wp\/v2\/media?parent=203849"}],"wp:term":[{"taxonomy":"category","embeddable":true,"href":"https:\/\/www.eldiario.net\/portal\/wp-json\/wp\/v2\/categories?post=203849"},{"taxonomy":"post_tag","embeddable":true,"href":"https:\/\/www.eldiario.net\/portal\/wp-json\/wp\/v2\/tags?post=203849"}],"curies":[{"name":"wp","href":"https:\/\/api.w.org\/{rel}","templated":true}]}}