{"id":203840,"date":"2024-02-18T06:35:49","date_gmt":"2024-02-18T10:35:49","guid":{"rendered":"https:\/\/www.eldiario.net\/portal\/?p=203840"},"modified":"2024-02-18T06:35:49","modified_gmt":"2024-02-18T10:35:49","slug":"en-conversacion-con-denis-villeneuve-director-guionista-y-productor-de-duna-parte-dos","status":"publish","type":"post","link":"https:\/\/www.eldiario.net\/portal\/2024\/02\/18\/en-conversacion-con-denis-villeneuve-director-guionista-y-productor-de-duna-parte-dos\/","title":{"rendered":"En conversaci\u00f3n con Denis Villeneuve, director, guionista y productor de Duna: Parte Dos"},"content":{"rendered":"<p>Sobre d\u00f3nde comienza la historia en \u201cDuna: Parte Dos\u201d<br \/>\n\u201cRetomamos la historia s\u00f3lo unas horas despu\u00e9s del final de \u201cDuna\u201d, con Paul y Jessica en medio del desierto con los Fremen \u2014con Stilgar y Chani\u2014 mientras caminan hacia el Sietch Tabr, e intentan encontrar refugio. Empezamos, exactamente, en un momento en el que est\u00e1n a punto de caer en una emboscada de una patrulla Harkonnen\u201d.<\/p>\n<p>Sobre el viaje de Paul en esta pel\u00edcula&#8230;<br \/>\n\u201cEsta pel\u00edcula trata de la integraci\u00f3n de Paul y su madre, Jessica, en la cultura Fremen, en las tribus Fremen. Durante este tiempo, Paul y Chani se enamoran y, juntos, ellos inician una campa\u00f1a contra los opresores, sus enemigos. Paul se acerca a una de sus peores pesadillas, que es el cumplimiento de una profec\u00eda que previ\u00f3: una guerra santa librada en su nombre\u201d.<\/p>\n<p>Sobre las luchas internas de Paul&#8230;<br \/>\n\u201cPaul est\u00e1 dividido entre su deseo de venganza y el hecho de que tiene una fuerte intuici\u00f3n de que el camino que sigue podr\u00eda llevarle a la cat\u00e1strofe; que al intentar vengar a su padre, podr\u00eda traer a sus amigos, los Fremen, el caos y la guerra. Es un dilema moral y camina por una l\u00ednea muy fina en el intento de luchar contra sus enemigos sin recorrer el camino de la profec\u00eda que han trazado las hermanas Bene Gesserit antes que \u00e9l\u201d.<\/p>\n<p>Sobre volver a trabajar con Timoth\u00e9e Chalamet&#8230;<br \/>\n\u201cEs la primera vez en mi vida como director que trabajo con un actor que estaba creciendo delante de la c\u00e1mara, evolucionando, aprendiendo sobre la vida. Para m\u00ed, fue muy emocionante volver a trabajar con Timoth\u00e9e; ver cu\u00e1nto m\u00e1s seguro de s\u00ed mismo se sent\u00eda. En \u201cParte uno\u201d, Timoth\u00e9e estaba aprendiendo a centrarse en una producci\u00f3n tan grande, como protagonista.  Llevaba un esp\u00edritu fuerte al set y me sent\u00ed muy orgulloso de la poderosa transformaci\u00f3n que llev\u00f3 delante de la c\u00e1mara. Fue muy conmovedor para m\u00ed ver c\u00f3mo, en \u201cParte dos\u201d, fue capaz de crear la evoluci\u00f3n de Paul Atreides, que pasa de ser un ni\u00f1o a una figura oscura\u201d.<\/p>\n<p>Sobre Chani y su relaci\u00f3n con Paul al entrar en su cultura Fremen&#8230;<br \/>\n\u201cAl principio, Chani desconf\u00eda, pero tambi\u00e9n siente curiosidad por este chico que viene de otro mundo.  Algo que realmente conmueve a Chani es que Paul es sincero; siente que Paul realmente quiere aprender sobre las costumbres Fremen. Chani es como otros j\u00f3venes Fremen, no cree en la propaganda de la Bene Gesserit, la propaganda religiosa. Tiene la firme creencia de que los Fremen deben ser liberados por los Fremen, no esperar a los forasteros; piensa que esas viejas creencias son una forma de controlar a su pueblo. Pero ella ve que Paul no quiere actuar como un colonizador, no quiere imponer sus costumbres, no quiere que lo vean como un salvador. S\u00f3lo quiere sobrevivir y eso la conmueve, esa sinceridad. Ella quiere asegurarse de que \u00e9l tenga todas las herramientas necesarias para sobrevivir a las duras condiciones de Arrakis. Y cuanto m\u00e1s le ayuda, m\u00e1s le conoce y, lentamente, m\u00e1s abre su coraz\u00f3n\u201d.<\/p>\n<p>Sobre volver a trabajar con Zendaya&#8230;<br \/>\n\u201cTrabajar con Zendaya fue una de las cosas que m\u00e1s ten\u00eda ganas de hacer en \u201cParte dos\u201d, porque s\u00f3lo pude tener un peque\u00f1o vistazo, unos pocos d\u00edas con Zendaya en la \u201cParte uno\u201d.  As\u00ed que ya quer\u00eda pasar mucho m\u00e1s tiempo con ella, profundizar m\u00e1s en Chani y dar vida al personaje\u2026 y fue una bendici\u00f3n.  Sinceramente, me encant\u00f3 trabajar con Zendaya. Es una actriz asombrosa, impresionante, incre\u00edble, capaz de expresar un arco\u00edris de emociones con muy poco esfuerzo.  Su interpretaci\u00f3n es muy precisa.  Ella es una fuerza de la naturaleza.<\/p>\n<p>Sobre el viaje de Dama Jessica&#8230;<br \/>\n\u201cPara que los Fremen la acepten, Dama Jessica debe asistir a una ceremonia que la transformar\u00e1 en una Madre Reverenda, destinada a llevar las memorias de todas las grandes Madres Reverendas antes de ella: su enorme cantidad de sabidur\u00eda y conocimiento. Pero, se supone que no debes ir a esa ceremonia cuando est\u00e1s embarazada, como es el caso de ella, as\u00ed que&#8230; Ella debe cuidar de ese nuevo ser que crece lentamente en su interior a medida que ella, Dama Jessica, se hace m\u00e1s y m\u00e1s poderosa. Por supuesto, es Dama Jessica, as\u00ed que tambi\u00e9n usar\u00e1 su poder para proteger a Paul y para cumplir su agenda oculta.\u201d<\/p>\n\r\n                <style type=\"text\/css\">\r\n                    \r\n                    #tdi_1  .td-doubleSlider-2 .td-item1 {\r\n                        background: url(https:\/\/www.eldiario.net\/portal\/wp-content\/uploads\/2024\/02\/En-conversacion-con-Denis-Villeneuve-director-guionista-y-productor-de-Duna-Parte-Dos-2-scaled.jpg) 0 0 no-repeat;\r\n                    }\r\n                    #tdi_1  .td-doubleSlider-2 .td-item2 {\r\n                        background: url(https:\/\/www.eldiario.net\/portal\/wp-content\/uploads\/2024\/02\/En-conversacion-con-Denis-Villeneuve-director-guionista-y-productor-de-Duna-Parte-Dos.jpg) 0 0 no-repeat;\r\n                    }\r\n                    #tdi_1  .td-doubleSlider-2 .td-item3 {\r\n                        background: url(https:\/\/www.eldiario.net\/portal\/wp-content\/uploads\/2024\/02\/En-conversacion-con-Denis-Villeneuve-director-guionista-y-productor-de-Duna-Parte-Dos.png) 0 0 no-repeat;\r\n                    }\r\n                <\/style>\r\n\r\n                <div id=\"tdi_1\" class=\"td-gallery td-slide-on-2-columns\">\r\n                    <div class=\"post_td_gallery\">\r\n                        <div class=\"td-gallery-slide-top\">\r\n                           <div class=\"td-gallery-title\"><\/div>\r\n\r\n                            <div class=\"td-gallery-controls-wrapper\">\r\n                                <div class=\"td-gallery-slide-count\"><span class=\"td-gallery-slide-item-focus\">1<\/span> de 3<\/div>\r\n                                <div class=\"td-gallery-slide-prev-next-but\">\r\n                                    <i class = \"td-icon-left doubleSliderPrevButton\"><\/i>\r\n                                    <i class = \"td-icon-right doubleSliderNextButton\"><\/i>\r\n                                <\/div>\r\n                            <\/div>\r\n                        <\/div>\r\n\r\n                        <div class = \"td-doubleSlider-1 \">\r\n                            <div class = \"td-slider\">\r\n                                \r\n                    <div class = \"td-slide-item td-item1\">\r\n                        <figure class=\"td-slide-galery-figure td-slide-popup-gallery\">\r\n                            <a class=\"slide-gallery-image-link\" href=\"https:\/\/www.eldiario.net\/portal\/wp-content\/uploads\/2024\/02\/En-conversacion-con-Denis-Villeneuve-director-guionista-y-productor-de-Duna-Parte-Dos-2-scaled.jpg\" title=\"En conversaci\u00f3n con Denis Villeneuve, director, guionista y productor de Duna Parte Dos (2)\"  data-caption=\"\"  data-description=\"\">\r\n                                <img decoding=\"async\" src=\"https:\/\/www.eldiario.net\/portal\/wp-content\/uploads\/2024\/02\/En-conversacion-con-Denis-Villeneuve-director-guionista-y-productor-de-Duna-Parte-Dos-2-scaled.jpg\" srcset=\"https:\/\/www.eldiario.net\/portal\/wp-content\/uploads\/2024\/02\/En-conversacion-con-Denis-Villeneuve-director-guionista-y-productor-de-Duna-Parte-Dos-2-scaled.jpg 2048w, https:\/\/www.eldiario.net\/portal\/wp-content\/uploads\/2024\/02\/En-conversacion-con-Denis-Villeneuve-director-guionista-y-productor-de-Duna-Parte-Dos-2-240x300.jpg 240w, https:\/\/www.eldiario.net\/portal\/wp-content\/uploads\/2024\/02\/En-conversacion-con-Denis-Villeneuve-director-guionista-y-productor-de-Duna-Parte-Dos-2-819x1024.jpg 819w, https:\/\/www.eldiario.net\/portal\/wp-content\/uploads\/2024\/02\/En-conversacion-con-Denis-Villeneuve-director-guionista-y-productor-de-Duna-Parte-Dos-2-768x960.jpg 768w, https:\/\/www.eldiario.net\/portal\/wp-content\/uploads\/2024\/02\/En-conversacion-con-Denis-Villeneuve-director-guionista-y-productor-de-Duna-Parte-Dos-2-1229x1536.jpg 1229w, https:\/\/www.eldiario.net\/portal\/wp-content\/uploads\/2024\/02\/En-conversacion-con-Denis-Villeneuve-director-guionista-y-productor-de-Duna-Parte-Dos-2-1638x2048.jpg 1638w, https:\/\/www.eldiario.net\/portal\/wp-content\/uploads\/2024\/02\/En-conversacion-con-Denis-Villeneuve-director-guionista-y-productor-de-Duna-Parte-Dos-2-696x870.jpg 696w, https:\/\/www.eldiario.net\/portal\/wp-content\/uploads\/2024\/02\/En-conversacion-con-Denis-Villeneuve-director-guionista-y-productor-de-Duna-Parte-Dos-2-1068x1335.jpg 1068w, https:\/\/www.eldiario.net\/portal\/wp-content\/uploads\/2024\/02\/En-conversacion-con-Denis-Villeneuve-director-guionista-y-productor-de-Duna-Parte-Dos-2-1920x2400.jpg 1920w\" sizes=\"(max-width: 336px) 100vw, 336px\" alt=\"\">\r\n                            <\/a>\r\n                            \r\n                        <\/figure>\r\n                    <\/div>\r\n                    <div class = \"td-slide-item td-item2\">\r\n                        <figure class=\"td-slide-galery-figure td-slide-popup-gallery\">\r\n                            <a class=\"slide-gallery-image-link\" href=\"https:\/\/www.eldiario.net\/portal\/wp-content\/uploads\/2024\/02\/En-conversacion-con-Denis-Villeneuve-director-guionista-y-productor-de-Duna-Parte-Dos.jpg\" title=\"En conversaci\u00f3n con Denis Villeneuve, director, guionista y productor de Duna Parte Dos\"  data-caption=\"\"  data-description=\"\">\r\n                                <img decoding=\"async\" src=\"https:\/\/www.eldiario.net\/portal\/wp-content\/uploads\/2024\/02\/En-conversacion-con-Denis-Villeneuve-director-guionista-y-productor-de-Duna-Parte-Dos.jpg\" srcset=\"https:\/\/www.eldiario.net\/portal\/wp-content\/uploads\/2024\/02\/En-conversacion-con-Denis-Villeneuve-director-guionista-y-productor-de-Duna-Parte-Dos.jpg 1080w, https:\/\/www.eldiario.net\/portal\/wp-content\/uploads\/2024\/02\/En-conversacion-con-Denis-Villeneuve-director-guionista-y-productor-de-Duna-Parte-Dos-300x293.jpg 300w, https:\/\/www.eldiario.net\/portal\/wp-content\/uploads\/2024\/02\/En-conversacion-con-Denis-Villeneuve-director-guionista-y-productor-de-Duna-Parte-Dos-1024x999.jpg 1024w, https:\/\/www.eldiario.net\/portal\/wp-content\/uploads\/2024\/02\/En-conversacion-con-Denis-Villeneuve-director-guionista-y-productor-de-Duna-Parte-Dos-768x750.jpg 768w, https:\/\/www.eldiario.net\/portal\/wp-content\/uploads\/2024\/02\/En-conversacion-con-Denis-Villeneuve-director-guionista-y-productor-de-Duna-Parte-Dos-696x679.jpg 696w, https:\/\/www.eldiario.net\/portal\/wp-content\/uploads\/2024\/02\/En-conversacion-con-Denis-Villeneuve-director-guionista-y-productor-de-Duna-Parte-Dos-1068x1042.jpg 1068w\" sizes=\"(max-width: 430px) 100vw, 430px\" alt=\"\">\r\n                            <\/a>\r\n                            \r\n                        <\/figure>\r\n                    <\/div>\r\n                    <div class = \"td-slide-item td-item3\">\r\n                        <figure class=\"td-slide-galery-figure td-slide-popup-gallery\">\r\n                            <a class=\"slide-gallery-image-link\" href=\"https:\/\/www.eldiario.net\/portal\/wp-content\/uploads\/2024\/02\/En-conversacion-con-Denis-Villeneuve-director-guionista-y-productor-de-Duna-Parte-Dos.png\" title=\"En conversaci\u00f3n con Denis Villeneuve, director, guionista y productor de Duna Parte Dos\"  data-caption=\"\"  data-description=\"\">\r\n                                <img decoding=\"async\" src=\"https:\/\/www.eldiario.net\/portal\/wp-content\/uploads\/2024\/02\/En-conversacion-con-Denis-Villeneuve-director-guionista-y-productor-de-Duna-Parte-Dos.png\" srcset=\"https:\/\/www.eldiario.net\/portal\/wp-content\/uploads\/2024\/02\/En-conversacion-con-Denis-Villeneuve-director-guionista-y-productor-de-Duna-Parte-Dos.png 1080w, https:\/\/www.eldiario.net\/portal\/wp-content\/uploads\/2024\/02\/En-conversacion-con-Denis-Villeneuve-director-guionista-y-productor-de-Duna-Parte-Dos-300x300.png 300w, https:\/\/www.eldiario.net\/portal\/wp-content\/uploads\/2024\/02\/En-conversacion-con-Denis-Villeneuve-director-guionista-y-productor-de-Duna-Parte-Dos-1024x1024.png 1024w, https:\/\/www.eldiario.net\/portal\/wp-content\/uploads\/2024\/02\/En-conversacion-con-Denis-Villeneuve-director-guionista-y-productor-de-Duna-Parte-Dos-150x150.png 150w, https:\/\/www.eldiario.net\/portal\/wp-content\/uploads\/2024\/02\/En-conversacion-con-Denis-Villeneuve-director-guionista-y-productor-de-Duna-Parte-Dos-768x768.png 768w, https:\/\/www.eldiario.net\/portal\/wp-content\/uploads\/2024\/02\/En-conversacion-con-Denis-Villeneuve-director-guionista-y-productor-de-Duna-Parte-Dos-696x696.png 696w, https:\/\/www.eldiario.net\/portal\/wp-content\/uploads\/2024\/02\/En-conversacion-con-Denis-Villeneuve-director-guionista-y-productor-de-Duna-Parte-Dos-1068x1068.png 1068w\" sizes=\"(max-width: 420px) 100vw, 420px\" alt=\"\">\r\n                            <\/a>\r\n                            \r\n                        <\/figure>\r\n                    <\/div>\r\n                            <\/div>\r\n                        <\/div>\r\n\r\n                        <div class = \"td-doubleSlider-2\">\r\n                            <div class = \"td-slider\">\r\n                                \r\n                    <div class = \"td-button td-item1\">\r\n                        <div class = \"td-border\"><\/div>\r\n                    <\/div>\r\n                    <div class = \"td-button td-item2\">\r\n                        <div class = \"td-border\"><\/div>\r\n                    <\/div>\r\n                    <div class = \"td-button td-item3\">\r\n                        <div class = \"td-border\"><\/div>\r\n                    <\/div>\r\n                            <\/div>\r\n                        <\/div>\r\n\r\n                    <\/div>\r\n\r\n                <\/div>\r\n                \n","protected":false},"excerpt":{"rendered":"<p>Sobre d\u00f3nde comienza la historia en \u201cDuna: Parte Dos\u201d \u201cRetomamos la historia s\u00f3lo unas horas despu\u00e9s del final de \u201cDuna\u201d, con Paul y Jessica en medio del desierto con los Fremen \u2014con Stilgar y Chani\u2014 mientras caminan hacia el Sietch Tabr, e intentan encontrar refugio. Empezamos, exactamente, en un momento en el que est\u00e1n a [&hellip;]<\/p>\n","protected":false},"author":1,"featured_media":203841,"comment_status":"open","ping_status":"open","sticky":false,"template":"","format":"standard","meta":{"_acf_changed":false,"footnotes":""},"categories":[45],"tags":[],"class_list":["post-203840","post","type-post","status-publish","format-standard","has-post-thumbnail","category-cine-mundo"],"acf":{"antetitulo":""},"yoast_head":"<!-- This site is optimized with the Yoast SEO plugin v28.4 - https:\/\/yoast.com\/product\/yoast-seo-wordpress\/ -->\n<title>En conversaci\u00f3n con Denis Villeneuve, director, guionista y productor de Duna: Parte Dos - El Diario - Bolivia<\/title>\n<meta name=\"robots\" content=\"index, follow, max-snippet:-1, max-image-preview:large, max-video-preview:-1\" \/>\n<link rel=\"canonical\" href=\"https:\/\/www.eldiario.net\/portal\/2024\/02\/18\/en-conversacion-con-denis-villeneuve-director-guionista-y-productor-de-duna-parte-dos\/\" \/>\n<meta property=\"og:locale\" content=\"es_ES\" \/>\n<meta property=\"og:type\" content=\"article\" \/>\n<meta property=\"og:title\" content=\"En conversaci\u00f3n con Denis Villeneuve, director, guionista y productor de Duna: Parte Dos - El Diario - Bolivia\" \/>\n<meta property=\"og:description\" content=\"Sobre d\u00f3nde comienza la historia en \u201cDuna: Parte Dos\u201d \u201cRetomamos la historia s\u00f3lo unas horas despu\u00e9s del final de \u201cDuna\u201d, con Paul y Jessica en medio del desierto con los Fremen \u2014con Stilgar y Chani\u2014 mientras caminan hacia el Sietch Tabr, e intentan encontrar refugio. Empezamos, exactamente, en un momento en el que est\u00e1n a [&hellip;]\" \/>\n<meta property=\"og:url\" content=\"https:\/\/www.eldiario.net\/portal\/2024\/02\/18\/en-conversacion-con-denis-villeneuve-director-guionista-y-productor-de-duna-parte-dos\/\" \/>\n<meta property=\"og:site_name\" content=\"El Diario - Bolivia\" \/>\n<meta property=\"article:publisher\" content=\"https:\/\/www.facebook.com\/eldiario.bolivia\/\" \/>\n<meta property=\"article:published_time\" content=\"2024-02-18T10:35:49+00:00\" \/>\n<meta property=\"og:image\" content=\"https:\/\/www.eldiario.net\/portal\/wp-content\/uploads\/2024\/02\/En-conversacion-con-Denis-Villeneuve-director-guionista-y-productor-de-Duna-Parte-Dos-2-scaled.jpg\" \/>\n\t<meta property=\"og:image:width\" content=\"2048\" \/>\n\t<meta property=\"og:image:height\" content=\"2560\" \/>\n\t<meta property=\"og:image:type\" content=\"image\/jpeg\" \/>\n<meta name=\"author\" content=\"Jeanette\" \/>\n<meta name=\"twitter:card\" content=\"summary_large_image\" \/>\n<meta name=\"twitter:creator\" content=\"@eldiario_net\" \/>\n<meta name=\"twitter:site\" content=\"@eldiario_net\" \/>\n<meta name=\"twitter:label1\" content=\"Escrito por\" \/>\n\t<meta name=\"twitter:data1\" content=\"Jeanette\" \/>\n\t<meta name=\"twitter:label2\" content=\"Tiempo de lectura\" \/>\n\t<meta name=\"twitter:data2\" content=\"1 minuto\" \/>\n<script type=\"application\/ld+json\" class=\"yoast-schema-graph\">{\"@context\":\"https:\\\/\\\/schema.org\",\"@graph\":[{\"@type\":\"Article\",\"@id\":\"https:\\\/\\\/www.eldiario.net\\\/portal\\\/2024\\\/02\\\/18\\\/en-conversacion-con-denis-villeneuve-director-guionista-y-productor-de-duna-parte-dos\\\/#article\",\"isPartOf\":{\"@id\":\"https:\\\/\\\/www.eldiario.net\\\/portal\\\/2024\\\/02\\\/18\\\/en-conversacion-con-denis-villeneuve-director-guionista-y-productor-de-duna-parte-dos\\\/\"},\"author\":{\"name\":\"Jeanette\",\"@id\":\"https:\\\/\\\/www.eldiario.net\\\/portal\\\/#\\\/schema\\\/person\\\/f46445640444750d7d753ccd04ae01b7\"},\"headline\":\"En conversaci\u00f3n con Denis Villeneuve, director, guionista y productor de Duna: Parte Dos\",\"datePublished\":\"2024-02-18T10:35:49+00:00\",\"mainEntityOfPage\":{\"@id\":\"https:\\\/\\\/www.eldiario.net\\\/portal\\\/2024\\\/02\\\/18\\\/en-conversacion-con-denis-villeneuve-director-guionista-y-productor-de-duna-parte-dos\\\/\"},\"wordCount\":798,\"commentCount\":0,\"publisher\":{\"@id\":\"https:\\\/\\\/www.eldiario.net\\\/portal\\\/#organization\"},\"image\":{\"@id\":\"https:\\\/\\\/www.eldiario.net\\\/portal\\\/2024\\\/02\\\/18\\\/en-conversacion-con-denis-villeneuve-director-guionista-y-productor-de-duna-parte-dos\\\/#primaryimage\"},\"thumbnailUrl\":\"https:\\\/\\\/www.eldiario.net\\\/portal\\\/wp-content\\\/uploads\\\/2024\\\/02\\\/En-conversacion-con-Denis-Villeneuve-director-guionista-y-productor-de-Duna-Parte-Dos-2-scaled.jpg\",\"articleSection\":[\"Cine Mundo\"],\"inLanguage\":\"es\",\"potentialAction\":[{\"@type\":\"CommentAction\",\"name\":\"Comment\",\"target\":[\"https:\\\/\\\/www.eldiario.net\\\/portal\\\/2024\\\/02\\\/18\\\/en-conversacion-con-denis-villeneuve-director-guionista-y-productor-de-duna-parte-dos\\\/#respond\"]}]},{\"@type\":\"WebPage\",\"@id\":\"https:\\\/\\\/www.eldiario.net\\\/portal\\\/2024\\\/02\\\/18\\\/en-conversacion-con-denis-villeneuve-director-guionista-y-productor-de-duna-parte-dos\\\/\",\"url\":\"https:\\\/\\\/www.eldiario.net\\\/portal\\\/2024\\\/02\\\/18\\\/en-conversacion-con-denis-villeneuve-director-guionista-y-productor-de-duna-parte-dos\\\/\",\"name\":\"En conversaci\u00f3n con Denis Villeneuve, director, guionista y productor de Duna: Parte Dos - El Diario - Bolivia\",\"isPartOf\":{\"@id\":\"https:\\\/\\\/www.eldiario.net\\\/portal\\\/#website\"},\"primaryImageOfPage\":{\"@id\":\"https:\\\/\\\/www.eldiario.net\\\/portal\\\/2024\\\/02\\\/18\\\/en-conversacion-con-denis-villeneuve-director-guionista-y-productor-de-duna-parte-dos\\\/#primaryimage\"},\"image\":{\"@id\":\"https:\\\/\\\/www.eldiario.net\\\/portal\\\/2024\\\/02\\\/18\\\/en-conversacion-con-denis-villeneuve-director-guionista-y-productor-de-duna-parte-dos\\\/#primaryimage\"},\"thumbnailUrl\":\"https:\\\/\\\/www.eldiario.net\\\/portal\\\/wp-content\\\/uploads\\\/2024\\\/02\\\/En-conversacion-con-Denis-Villeneuve-director-guionista-y-productor-de-Duna-Parte-Dos-2-scaled.jpg\",\"datePublished\":\"2024-02-18T10:35:49+00:00\",\"breadcrumb\":{\"@id\":\"https:\\\/\\\/www.eldiario.net\\\/portal\\\/2024\\\/02\\\/18\\\/en-conversacion-con-denis-villeneuve-director-guionista-y-productor-de-duna-parte-dos\\\/#breadcrumb\"},\"inLanguage\":\"es\",\"potentialAction\":[{\"@type\":\"ReadAction\",\"target\":[\"https:\\\/\\\/www.eldiario.net\\\/portal\\\/2024\\\/02\\\/18\\\/en-conversacion-con-denis-villeneuve-director-guionista-y-productor-de-duna-parte-dos\\\/\"]}]},{\"@type\":\"ImageObject\",\"inLanguage\":\"es\",\"@id\":\"https:\\\/\\\/www.eldiario.net\\\/portal\\\/2024\\\/02\\\/18\\\/en-conversacion-con-denis-villeneuve-director-guionista-y-productor-de-duna-parte-dos\\\/#primaryimage\",\"url\":\"https:\\\/\\\/www.eldiario.net\\\/portal\\\/wp-content\\\/uploads\\\/2024\\\/02\\\/En-conversacion-con-Denis-Villeneuve-director-guionista-y-productor-de-Duna-Parte-Dos-2-scaled.jpg\",\"contentUrl\":\"https:\\\/\\\/www.eldiario.net\\\/portal\\\/wp-content\\\/uploads\\\/2024\\\/02\\\/En-conversacion-con-Denis-Villeneuve-director-guionista-y-productor-de-Duna-Parte-Dos-2-scaled.jpg\",\"width\":2048,\"height\":2560},{\"@type\":\"BreadcrumbList\",\"@id\":\"https:\\\/\\\/www.eldiario.net\\\/portal\\\/2024\\\/02\\\/18\\\/en-conversacion-con-denis-villeneuve-director-guionista-y-productor-de-duna-parte-dos\\\/#breadcrumb\",\"itemListElement\":[{\"@type\":\"ListItem\",\"position\":1,\"name\":\"Portada\",\"item\":\"https:\\\/\\\/www.eldiario.net\\\/portal\\\/\"},{\"@type\":\"ListItem\",\"position\":2,\"name\":\"En conversaci\u00f3n con Denis Villeneuve, director, guionista y productor de Duna: Parte Dos\"}]},{\"@type\":\"WebSite\",\"@id\":\"https:\\\/\\\/www.eldiario.net\\\/portal\\\/#website\",\"url\":\"https:\\\/\\\/www.eldiario.net\\\/portal\\\/\",\"name\":\"El Diario - Decano de la prensa nacional\",\"description\":\"El Diario - Decano de la prensa nacional\",\"publisher\":{\"@id\":\"https:\\\/\\\/www.eldiario.net\\\/portal\\\/#organization\"},\"potentialAction\":[{\"@type\":\"SearchAction\",\"target\":{\"@type\":\"EntryPoint\",\"urlTemplate\":\"https:\\\/\\\/www.eldiario.net\\\/portal\\\/?s={search_term_string}\"},\"query-input\":{\"@type\":\"PropertyValueSpecification\",\"valueRequired\":true,\"valueName\":\"search_term_string\"}}],\"inLanguage\":\"es\"},{\"@type\":\"Organization\",\"@id\":\"https:\\\/\\\/www.eldiario.net\\\/portal\\\/#organization\",\"name\":\"El Diario - Decano de la prensa nacional\",\"url\":\"https:\\\/\\\/www.eldiario.net\\\/portal\\\/\",\"logo\":{\"@type\":\"ImageObject\",\"inLanguage\":\"es\",\"@id\":\"https:\\\/\\\/www.eldiario.net\\\/portal\\\/#\\\/schema\\\/logo\\\/image\\\/\",\"url\":\"https:\\\/\\\/www.eldiario.net\\\/portal\\\/wp-content\\\/uploads\\\/2023\\\/07\\\/logo_ED.jpg\",\"contentUrl\":\"https:\\\/\\\/www.eldiario.net\\\/portal\\\/wp-content\\\/uploads\\\/2023\\\/07\\\/logo_ED.jpg\",\"width\":272,\"height\":52,\"caption\":\"El Diario - Decano de la prensa nacional\"},\"image\":{\"@id\":\"https:\\\/\\\/www.eldiario.net\\\/portal\\\/#\\\/schema\\\/logo\\\/image\\\/\"},\"sameAs\":[\"https:\\\/\\\/www.facebook.com\\\/eldiario.bolivia\\\/\",\"https:\\\/\\\/x.com\\\/eldiario_net\"]},{\"@type\":\"Person\",\"@id\":\"https:\\\/\\\/www.eldiario.net\\\/portal\\\/#\\\/schema\\\/person\\\/f46445640444750d7d753ccd04ae01b7\",\"name\":\"Jeanette\",\"image\":{\"@type\":\"ImageObject\",\"inLanguage\":\"es\",\"@id\":\"https:\\\/\\\/secure.gravatar.com\\\/avatar\\\/3ea2118a5f7dad2b7138b1187a6b7ee55f160b9968b66013c3a3ef39dd7e5798?s=96&d=mm&r=g\",\"url\":\"https:\\\/\\\/secure.gravatar.com\\\/avatar\\\/3ea2118a5f7dad2b7138b1187a6b7ee55f160b9968b66013c3a3ef39dd7e5798?s=96&d=mm&r=g\",\"contentUrl\":\"https:\\\/\\\/secure.gravatar.com\\\/avatar\\\/3ea2118a5f7dad2b7138b1187a6b7ee55f160b9968b66013c3a3ef39dd7e5798?s=96&d=mm&r=g\",\"caption\":\"Jeanette\"},\"sameAs\":[\"https:\\\/\\\/www.eldiario.net\\\/portal\"],\"url\":\"https:\\\/\\\/www.eldiario.net\\\/portal\\\/author\\\/jeanette\\\/\"}]}<\/script>\n<!-- \/ Yoast SEO plugin. -->","yoast_head_json":{"title":"En conversaci\u00f3n con Denis Villeneuve, director, guionista y productor de Duna: Parte Dos - El Diario - Bolivia","robots":{"index":"index","follow":"follow","max-snippet":"max-snippet:-1","max-image-preview":"max-image-preview:large","max-video-preview":"max-video-preview:-1"},"canonical":"https:\/\/www.eldiario.net\/portal\/2024\/02\/18\/en-conversacion-con-denis-villeneuve-director-guionista-y-productor-de-duna-parte-dos\/","og_locale":"es_ES","og_type":"article","og_title":"En conversaci\u00f3n con Denis Villeneuve, director, guionista y productor de Duna: Parte Dos - El Diario - Bolivia","og_description":"Sobre d\u00f3nde comienza la historia en \u201cDuna: Parte Dos\u201d \u201cRetomamos la historia s\u00f3lo unas horas despu\u00e9s del final de \u201cDuna\u201d, con Paul y Jessica en medio del desierto con los Fremen \u2014con Stilgar y Chani\u2014 mientras caminan hacia el Sietch Tabr, e intentan encontrar refugio. Empezamos, exactamente, en un momento en el que est\u00e1n a [&hellip;]","og_url":"https:\/\/www.eldiario.net\/portal\/2024\/02\/18\/en-conversacion-con-denis-villeneuve-director-guionista-y-productor-de-duna-parte-dos\/","og_site_name":"El Diario - Bolivia","article_publisher":"https:\/\/www.facebook.com\/eldiario.bolivia\/","article_published_time":"2024-02-18T10:35:49+00:00","og_image":[{"width":2048,"height":2560,"url":"https:\/\/www.eldiario.net\/portal\/wp-content\/uploads\/2024\/02\/En-conversacion-con-Denis-Villeneuve-director-guionista-y-productor-de-Duna-Parte-Dos-2-scaled.jpg","type":"image\/jpeg"}],"author":"Jeanette","twitter_card":"summary_large_image","twitter_creator":"@eldiario_net","twitter_site":"@eldiario_net","twitter_misc":{"Escrito por":"Jeanette","Tiempo de lectura":"1 minuto"},"schema":{"@context":"https:\/\/schema.org","@graph":[{"@type":"Article","@id":"https:\/\/www.eldiario.net\/portal\/2024\/02\/18\/en-conversacion-con-denis-villeneuve-director-guionista-y-productor-de-duna-parte-dos\/#article","isPartOf":{"@id":"https:\/\/www.eldiario.net\/portal\/2024\/02\/18\/en-conversacion-con-denis-villeneuve-director-guionista-y-productor-de-duna-parte-dos\/"},"author":{"name":"Jeanette","@id":"https:\/\/www.eldiario.net\/portal\/#\/schema\/person\/f46445640444750d7d753ccd04ae01b7"},"headline":"En conversaci\u00f3n con Denis Villeneuve, director, guionista y productor de Duna: Parte Dos","datePublished":"2024-02-18T10:35:49+00:00","mainEntityOfPage":{"@id":"https:\/\/www.eldiario.net\/portal\/2024\/02\/18\/en-conversacion-con-denis-villeneuve-director-guionista-y-productor-de-duna-parte-dos\/"},"wordCount":798,"commentCount":0,"publisher":{"@id":"https:\/\/www.eldiario.net\/portal\/#organization"},"image":{"@id":"https:\/\/www.eldiario.net\/portal\/2024\/02\/18\/en-conversacion-con-denis-villeneuve-director-guionista-y-productor-de-duna-parte-dos\/#primaryimage"},"thumbnailUrl":"https:\/\/www.eldiario.net\/portal\/wp-content\/uploads\/2024\/02\/En-conversacion-con-Denis-Villeneuve-director-guionista-y-productor-de-Duna-Parte-Dos-2-scaled.jpg","articleSection":["Cine Mundo"],"inLanguage":"es","potentialAction":[{"@type":"CommentAction","name":"Comment","target":["https:\/\/www.eldiario.net\/portal\/2024\/02\/18\/en-conversacion-con-denis-villeneuve-director-guionista-y-productor-de-duna-parte-dos\/#respond"]}]},{"@type":"WebPage","@id":"https:\/\/www.eldiario.net\/portal\/2024\/02\/18\/en-conversacion-con-denis-villeneuve-director-guionista-y-productor-de-duna-parte-dos\/","url":"https:\/\/www.eldiario.net\/portal\/2024\/02\/18\/en-conversacion-con-denis-villeneuve-director-guionista-y-productor-de-duna-parte-dos\/","name":"En conversaci\u00f3n con Denis Villeneuve, director, guionista y productor de Duna: Parte Dos - El Diario - Bolivia","isPartOf":{"@id":"https:\/\/www.eldiario.net\/portal\/#website"},"primaryImageOfPage":{"@id":"https:\/\/www.eldiario.net\/portal\/2024\/02\/18\/en-conversacion-con-denis-villeneuve-director-guionista-y-productor-de-duna-parte-dos\/#primaryimage"},"image":{"@id":"https:\/\/www.eldiario.net\/portal\/2024\/02\/18\/en-conversacion-con-denis-villeneuve-director-guionista-y-productor-de-duna-parte-dos\/#primaryimage"},"thumbnailUrl":"https:\/\/www.eldiario.net\/portal\/wp-content\/uploads\/2024\/02\/En-conversacion-con-Denis-Villeneuve-director-guionista-y-productor-de-Duna-Parte-Dos-2-scaled.jpg","datePublished":"2024-02-18T10:35:49+00:00","breadcrumb":{"@id":"https:\/\/www.eldiario.net\/portal\/2024\/02\/18\/en-conversacion-con-denis-villeneuve-director-guionista-y-productor-de-duna-parte-dos\/#breadcrumb"},"inLanguage":"es","potentialAction":[{"@type":"ReadAction","target":["https:\/\/www.eldiario.net\/portal\/2024\/02\/18\/en-conversacion-con-denis-villeneuve-director-guionista-y-productor-de-duna-parte-dos\/"]}]},{"@type":"ImageObject","inLanguage":"es","@id":"https:\/\/www.eldiario.net\/portal\/2024\/02\/18\/en-conversacion-con-denis-villeneuve-director-guionista-y-productor-de-duna-parte-dos\/#primaryimage","url":"https:\/\/www.eldiario.net\/portal\/wp-content\/uploads\/2024\/02\/En-conversacion-con-Denis-Villeneuve-director-guionista-y-productor-de-Duna-Parte-Dos-2-scaled.jpg","contentUrl":"https:\/\/www.eldiario.net\/portal\/wp-content\/uploads\/2024\/02\/En-conversacion-con-Denis-Villeneuve-director-guionista-y-productor-de-Duna-Parte-Dos-2-scaled.jpg","width":2048,"height":2560},{"@type":"BreadcrumbList","@id":"https:\/\/www.eldiario.net\/portal\/2024\/02\/18\/en-conversacion-con-denis-villeneuve-director-guionista-y-productor-de-duna-parte-dos\/#breadcrumb","itemListElement":[{"@type":"ListItem","position":1,"name":"Portada","item":"https:\/\/www.eldiario.net\/portal\/"},{"@type":"ListItem","position":2,"name":"En conversaci\u00f3n con Denis Villeneuve, director, guionista y productor de Duna: Parte Dos"}]},{"@type":"WebSite","@id":"https:\/\/www.eldiario.net\/portal\/#website","url":"https:\/\/www.eldiario.net\/portal\/","name":"El Diario - Decano de la prensa nacional","description":"El Diario - Decano de la prensa nacional","publisher":{"@id":"https:\/\/www.eldiario.net\/portal\/#organization"},"potentialAction":[{"@type":"SearchAction","target":{"@type":"EntryPoint","urlTemplate":"https:\/\/www.eldiario.net\/portal\/?s={search_term_string}"},"query-input":{"@type":"PropertyValueSpecification","valueRequired":true,"valueName":"search_term_string"}}],"inLanguage":"es"},{"@type":"Organization","@id":"https:\/\/www.eldiario.net\/portal\/#organization","name":"El Diario - Decano de la prensa nacional","url":"https:\/\/www.eldiario.net\/portal\/","logo":{"@type":"ImageObject","inLanguage":"es","@id":"https:\/\/www.eldiario.net\/portal\/#\/schema\/logo\/image\/","url":"https:\/\/www.eldiario.net\/portal\/wp-content\/uploads\/2023\/07\/logo_ED.jpg","contentUrl":"https:\/\/www.eldiario.net\/portal\/wp-content\/uploads\/2023\/07\/logo_ED.jpg","width":272,"height":52,"caption":"El Diario - Decano de la prensa nacional"},"image":{"@id":"https:\/\/www.eldiario.net\/portal\/#\/schema\/logo\/image\/"},"sameAs":["https:\/\/www.facebook.com\/eldiario.bolivia\/","https:\/\/x.com\/eldiario_net"]},{"@type":"Person","@id":"https:\/\/www.eldiario.net\/portal\/#\/schema\/person\/f46445640444750d7d753ccd04ae01b7","name":"Jeanette","image":{"@type":"ImageObject","inLanguage":"es","@id":"https:\/\/secure.gravatar.com\/avatar\/3ea2118a5f7dad2b7138b1187a6b7ee55f160b9968b66013c3a3ef39dd7e5798?s=96&d=mm&r=g","url":"https:\/\/secure.gravatar.com\/avatar\/3ea2118a5f7dad2b7138b1187a6b7ee55f160b9968b66013c3a3ef39dd7e5798?s=96&d=mm&r=g","contentUrl":"https:\/\/secure.gravatar.com\/avatar\/3ea2118a5f7dad2b7138b1187a6b7ee55f160b9968b66013c3a3ef39dd7e5798?s=96&d=mm&r=g","caption":"Jeanette"},"sameAs":["https:\/\/www.eldiario.net\/portal"],"url":"https:\/\/www.eldiario.net\/portal\/author\/jeanette\/"}]}},"_links":{"self":[{"href":"https:\/\/www.eldiario.net\/portal\/wp-json\/wp\/v2\/posts\/203840","targetHints":{"allow":["GET"]}}],"collection":[{"href":"https:\/\/www.eldiario.net\/portal\/wp-json\/wp\/v2\/posts"}],"about":[{"href":"https:\/\/www.eldiario.net\/portal\/wp-json\/wp\/v2\/types\/post"}],"author":[{"embeddable":true,"href":"https:\/\/www.eldiario.net\/portal\/wp-json\/wp\/v2\/users\/1"}],"replies":[{"embeddable":true,"href":"https:\/\/www.eldiario.net\/portal\/wp-json\/wp\/v2\/comments?post=203840"}],"version-history":[{"count":1,"href":"https:\/\/www.eldiario.net\/portal\/wp-json\/wp\/v2\/posts\/203840\/revisions"}],"predecessor-version":[{"id":203844,"href":"https:\/\/www.eldiario.net\/portal\/wp-json\/wp\/v2\/posts\/203840\/revisions\/203844"}],"wp:featuredmedia":[{"embeddable":true,"href":"https:\/\/www.eldiario.net\/portal\/wp-json\/wp\/v2\/media\/203841"}],"wp:attachment":[{"href":"https:\/\/www.eldiario.net\/portal\/wp-json\/wp\/v2\/media?parent=203840"}],"wp:term":[{"taxonomy":"category","embeddable":true,"href":"https:\/\/www.eldiario.net\/portal\/wp-json\/wp\/v2\/categories?post=203840"},{"taxonomy":"post_tag","embeddable":true,"href":"https:\/\/www.eldiario.net\/portal\/wp-json\/wp\/v2\/tags?post=203840"}],"curies":[{"name":"wp","href":"https:\/\/api.w.org\/{rel}","templated":true}]}}