{"id":203833,"date":"2024-02-18T06:33:36","date_gmt":"2024-02-18T10:33:36","guid":{"rendered":"https:\/\/www.eldiario.net\/portal\/?p=203833"},"modified":"2024-02-18T06:33:36","modified_gmt":"2024-02-18T10:33:36","slug":"la-produccion-de-duna-parte-dos-del-cineasta-denis-villeneuve","status":"publish","type":"post","link":"https:\/\/www.eldiario.net\/portal\/2024\/02\/18\/la-produccion-de-duna-parte-dos-del-cineasta-denis-villeneuve\/","title":{"rendered":"La producci\u00f3n de Duna: Parte Dos del cineasta Denis Villeneuve"},"content":{"rendered":"<p>La saga contin\u00faa: el galardonado cineasta Denis Villeneuve se embarca en \u201cDuna: parte dos\u201d, el siguiente cap\u00edtulo de la c\u00e9lebre novela Duna de Frank Herbert, con un reparto expandido e internacionalmente estelar.  La pel\u00edcula de Warner Bros. Pictures y Legendary Pictures es la esperada continuaci\u00f3n de \u201cDuna\u201d, ganadora de seis premios \u00d3scar en 2021.<br \/>\nLa epopeya de la gran pantalla contin\u00faa la adaptaci\u00f3n del aclamado bestseller \u201cDuna\u201d de Frank Herbert con estrellas que regresan y otras nuevas, como el nominado al Oscar Timoth\u00e9e Chalamet (\u201cWonka\u201d, \u201cLl\u00e1mame por tu nombre\u201d), Zendaya (\u201cSpider-Man: Sin regreso a casa\u201d, \u201cMalcolm &#038; Marie\u201d, \u201cEuphoria\u201d), Rebecca Ferguson (\u201cMisi\u00f3n: Imposible \u2013 Sentencia mortal\u201d), el nominado al \u00d3scar Josh Brolin (\u201cVengadores: End Game\u201d, \u201cMilk\u201d), el nominado al Oscar Austin Butler (\u201cElvis\u201d, \u201c\u00c9rase una vez&#8230; en Hollywood\u201d), la nominada al Oscar Florence Pugh (\u201cViuda Negra\u201d, \u201cMujercitas\u201d), Dave Bautista (las pel\u00edculas de \u201cGuardianes de la Galaxia\u201d, \u201cThor: Amor y trueno\u201d), el ganador del Oscar Christopher Walken (\u201cEl francotirador\u201d, \u201cHairspray\u201d), L\u00e9a Seydoux (la franquicia de \u201cJames Bond\u201d y \u201cLos cr\u00edmenes del futuro\u201d), Souheila Yacoub (\u201cEntre las olas\u201d, \u201cCl\u00edmax\u201d), con Stellan Skarsg\u00e5rd (las pel\u00edculas de \u201cMamma Mia!\u201d, \u201cVengadores: la era de Ultr\u00f3n\u201d), con la nominada al Oscar Charlotte Rampling (\u201c45 a\u00f1os\u201d, \u201cAssassin\u2019s Creed\u201d), y el ganador del Oscar Javier Bardem (\u201cSin lugar para los d\u00e9biles\u201d, \u201cSer los Ricardo\u201d).<br \/>\n\u201cDuna: parte dos\u201d explorar\u00e1 el m\u00edtico viaje de Paul Atreides mientras se une a Chani y a los Fremen en un camino de venganza contra los conspiradores que destruyeron a su familia. Enfrentado a la elecci\u00f3n entre el amor de su vida y el destino del universo conocido, Paul intentar\u00e1 evitar que suceda un futuro terrible\u2026 que s\u00f3lo \u00e9l puede prever.<br \/>\nVilleneuve dirige a partir de un gui\u00f3n escrito por \u00e9l y Jon Spaihts, basado en la novela de Herbert.  La pel\u00edcula tiene como productores a Mary Parent, Cale Boyter, Villeneuve, Tanya Lapointe y Patrick McCormick.  Los productores ejecutivos son Joshua Grode, Jon Spaihts, Thomas Tull, Herbert W. Gains, Brian Herbert, Byron Merritt, Kim Herbert, Richard P. Rubinstein y John Harrison, con Kevin J. Anderson como asesor creativo.<br \/>\nVilleneuve vuelve a colaborar con sus creativos de \u201cDuna\u201d: el director de fotograf\u00eda ganador del \u00d3scar, Greig Fraser; el dise\u00f1ador de producci\u00f3n ganador del \u00d3scar, Patrice Vermette; el editor ganador del \u00d3scar, Joe Walker; el supervisor de efectos visuales ganador del \u00d3scar, Paul Lambert; la dise\u00f1adora de vestuario nominada al \u00d3scar, Jacqueline West; y el compositor ganador del \u00d3scar, Hans Zimmer, quien entrega otra de la banda sonora original \u00e9pica. Se une al equipo el supervisor de edici\u00f3n sonora ganador de un \u00d3scar, Richard King.<br \/>\nWarner Bros. Pictures y Legendary Pictures presentan una producci\u00f3n de Legendary Pictures, una pel\u00edcula de Denis Villeneuve, \u201cDuna: parte dos\u201d.  El estreno de la pel\u00edcula est\u00e1 previsto para el 29 de febrero de 2024 en cines e IMAX de todo el pa\u00eds, distribuida por Warner Bros. Pictures.<\/p>\n\r\n                <style type=\"text\/css\">\r\n                    \r\n                    #tdi_1  .td-doubleSlider-2 .td-item1 {\r\n                        background: url(https:\/\/www.eldiario.net\/portal\/wp-content\/uploads\/2024\/02\/La-produccion-de-Duna-Parte-Dos-del-cineasta-Denis-Villeneuve-2.jpg) 0 0 no-repeat;\r\n                    }\r\n                    #tdi_1  .td-doubleSlider-2 .td-item2 {\r\n                        background: url(https:\/\/www.eldiario.net\/portal\/wp-content\/uploads\/2024\/02\/La-produccion-de-Duna-Parte-Dos-del-cineasta-Denis-Villeneuve-scaled.jpg) 0 0 no-repeat;\r\n                    }\r\n                <\/style>\r\n\r\n                <div id=\"tdi_1\" class=\"td-gallery td-slide-on-2-columns\">\r\n                    <div class=\"post_td_gallery\">\r\n                        <div class=\"td-gallery-slide-top\">\r\n                           <div class=\"td-gallery-title\"><\/div>\r\n\r\n                            <div class=\"td-gallery-controls-wrapper\">\r\n                                <div class=\"td-gallery-slide-count\"><span class=\"td-gallery-slide-item-focus\">1<\/span> de 2<\/div>\r\n                                <div class=\"td-gallery-slide-prev-next-but\">\r\n                                    <i class = \"td-icon-left doubleSliderPrevButton\"><\/i>\r\n                                    <i class = \"td-icon-right doubleSliderNextButton\"><\/i>\r\n                                <\/div>\r\n                            <\/div>\r\n                        <\/div>\r\n\r\n                        <div class = \"td-doubleSlider-1 \">\r\n                            <div class = \"td-slider\">\r\n                                \r\n                    <div class = \"td-slide-item td-item1\">\r\n                        <figure class=\"td-slide-galery-figure td-slide-popup-gallery\">\r\n                            <a class=\"slide-gallery-image-link\" href=\"https:\/\/www.eldiario.net\/portal\/wp-content\/uploads\/2024\/02\/La-produccion-de-Duna-Parte-Dos-del-cineasta-Denis-Villeneuve-2.jpg\" title=\"La producci\u00f3n de \u201cDuna Parte Dos\u201d, del cineasta Denis Villeneuve (2)\"  data-caption=\"\"  data-description=\"\">\r\n                                <img decoding=\"async\" src=\"https:\/\/www.eldiario.net\/portal\/wp-content\/uploads\/2024\/02\/La-produccion-de-Duna-Parte-Dos-del-cineasta-Denis-Villeneuve-2.jpg\" srcset=\"https:\/\/www.eldiario.net\/portal\/wp-content\/uploads\/2024\/02\/La-produccion-de-Duna-Parte-Dos-del-cineasta-Denis-Villeneuve-2.jpg 2048w, https:\/\/www.eldiario.net\/portal\/wp-content\/uploads\/2024\/02\/La-produccion-de-Duna-Parte-Dos-del-cineasta-Denis-Villeneuve-2-300x158.jpg 300w, https:\/\/www.eldiario.net\/portal\/wp-content\/uploads\/2024\/02\/La-produccion-de-Duna-Parte-Dos-del-cineasta-Denis-Villeneuve-2-1024x540.jpg 1024w, https:\/\/www.eldiario.net\/portal\/wp-content\/uploads\/2024\/02\/La-produccion-de-Duna-Parte-Dos-del-cineasta-Denis-Villeneuve-2-768x405.jpg 768w, https:\/\/www.eldiario.net\/portal\/wp-content\/uploads\/2024\/02\/La-produccion-de-Duna-Parte-Dos-del-cineasta-Denis-Villeneuve-2-1536x810.jpg 1536w, https:\/\/www.eldiario.net\/portal\/wp-content\/uploads\/2024\/02\/La-produccion-de-Duna-Parte-Dos-del-cineasta-Denis-Villeneuve-2-696x367.jpg 696w, https:\/\/www.eldiario.net\/portal\/wp-content\/uploads\/2024\/02\/La-produccion-de-Duna-Parte-Dos-del-cineasta-Denis-Villeneuve-2-1068x563.jpg 1068w, https:\/\/www.eldiario.net\/portal\/wp-content\/uploads\/2024\/02\/La-produccion-de-Duna-Parte-Dos-del-cineasta-Denis-Villeneuve-2-1920x1013.jpg 1920w\" sizes=\"(max-width: 796px) 100vw, 796px\" alt=\"\">\r\n                            <\/a>\r\n                            \r\n                        <\/figure>\r\n                    <\/div>\r\n                    <div class = \"td-slide-item td-item2\">\r\n                        <figure class=\"td-slide-galery-figure td-slide-popup-gallery\">\r\n                            <a class=\"slide-gallery-image-link\" href=\"https:\/\/www.eldiario.net\/portal\/wp-content\/uploads\/2024\/02\/La-produccion-de-Duna-Parte-Dos-del-cineasta-Denis-Villeneuve-scaled.jpg\" title=\"DUNE 2\"  data-caption=\"\"  data-description=\"\">\r\n                                <img decoding=\"async\" src=\"https:\/\/www.eldiario.net\/portal\/wp-content\/uploads\/2024\/02\/La-produccion-de-Duna-Parte-Dos-del-cineasta-Denis-Villeneuve-scaled.jpg\" srcset=\"https:\/\/www.eldiario.net\/portal\/wp-content\/uploads\/2024\/02\/La-produccion-de-Duna-Parte-Dos-del-cineasta-Denis-Villeneuve-scaled.jpg 2560w, https:\/\/www.eldiario.net\/portal\/wp-content\/uploads\/2024\/02\/La-produccion-de-Duna-Parte-Dos-del-cineasta-Denis-Villeneuve-300x184.jpg 300w, https:\/\/www.eldiario.net\/portal\/wp-content\/uploads\/2024\/02\/La-produccion-de-Duna-Parte-Dos-del-cineasta-Denis-Villeneuve-1024x629.jpg 1024w, https:\/\/www.eldiario.net\/portal\/wp-content\/uploads\/2024\/02\/La-produccion-de-Duna-Parte-Dos-del-cineasta-Denis-Villeneuve-768x471.jpg 768w, https:\/\/www.eldiario.net\/portal\/wp-content\/uploads\/2024\/02\/La-produccion-de-Duna-Parte-Dos-del-cineasta-Denis-Villeneuve-1536x943.jpg 1536w, https:\/\/www.eldiario.net\/portal\/wp-content\/uploads\/2024\/02\/La-produccion-de-Duna-Parte-Dos-del-cineasta-Denis-Villeneuve-2048x1257.jpg 2048w, https:\/\/www.eldiario.net\/portal\/wp-content\/uploads\/2024\/02\/La-produccion-de-Duna-Parte-Dos-del-cineasta-Denis-Villeneuve-696x427.jpg 696w, https:\/\/www.eldiario.net\/portal\/wp-content\/uploads\/2024\/02\/La-produccion-de-Duna-Parte-Dos-del-cineasta-Denis-Villeneuve-1068x656.jpg 1068w, https:\/\/www.eldiario.net\/portal\/wp-content\/uploads\/2024\/02\/La-produccion-de-Duna-Parte-Dos-del-cineasta-Denis-Villeneuve-1920x1179.jpg 1920w\" sizes=\"(max-width: 684px) 100vw, 684px\" alt=\"\">\r\n                            <\/a>\r\n                            \r\n                        <\/figure>\r\n                    <\/div>\r\n                            <\/div>\r\n                        <\/div>\r\n\r\n                        <div class = \"td-doubleSlider-2\">\r\n                            <div class = \"td-slider\">\r\n                                \r\n                    <div class = \"td-button td-item1\">\r\n                        <div class = \"td-border\"><\/div>\r\n                    <\/div>\r\n                    <div class = \"td-button td-item2\">\r\n                        <div class = \"td-border\"><\/div>\r\n                    <\/div>\r\n                            <\/div>\r\n                        <\/div>\r\n\r\n                    <\/div>\r\n\r\n                <\/div>\r\n                \n","protected":false},"excerpt":{"rendered":"<p>La saga contin\u00faa: el galardonado cineasta Denis Villeneuve se embarca en \u201cDuna: parte dos\u201d, el siguiente cap\u00edtulo de la c\u00e9lebre novela Duna de Frank Herbert, con un reparto expandido e internacionalmente estelar. La pel\u00edcula de Warner Bros. Pictures y Legendary Pictures es la esperada continuaci\u00f3n de \u201cDuna\u201d, ganadora de seis premios \u00d3scar en 2021. La [&hellip;]<\/p>\n","protected":false},"author":1,"featured_media":203834,"comment_status":"open","ping_status":"open","sticky":false,"template":"","format":"standard","meta":{"_acf_changed":false,"footnotes":""},"categories":[45],"tags":[],"class_list":["post-203833","post","type-post","status-publish","format-standard","has-post-thumbnail","category-cine-mundo"],"acf":{"antetitulo":""},"yoast_head":"<!-- This site is optimized with the Yoast SEO plugin v28.4 - https:\/\/yoast.com\/product\/yoast-seo-wordpress\/ -->\n<title>La producci\u00f3n de Duna: Parte Dos del cineasta Denis Villeneuve - El Diario - Bolivia<\/title>\n<meta name=\"robots\" content=\"index, follow, max-snippet:-1, max-image-preview:large, max-video-preview:-1\" \/>\n<link rel=\"canonical\" href=\"https:\/\/www.eldiario.net\/portal\/2024\/02\/18\/la-produccion-de-duna-parte-dos-del-cineasta-denis-villeneuve\/\" \/>\n<meta property=\"og:locale\" content=\"es_ES\" \/>\n<meta property=\"og:type\" content=\"article\" \/>\n<meta property=\"og:title\" content=\"La producci\u00f3n de Duna: Parte Dos del cineasta Denis Villeneuve - El Diario - Bolivia\" \/>\n<meta property=\"og:description\" content=\"La saga contin\u00faa: el galardonado cineasta Denis Villeneuve se embarca en \u201cDuna: parte dos\u201d, el siguiente cap\u00edtulo de la c\u00e9lebre novela Duna de Frank Herbert, con un reparto expandido e internacionalmente estelar. La pel\u00edcula de Warner Bros. Pictures y Legendary Pictures es la esperada continuaci\u00f3n de \u201cDuna\u201d, ganadora de seis premios \u00d3scar en 2021. La [&hellip;]\" \/>\n<meta property=\"og:url\" content=\"https:\/\/www.eldiario.net\/portal\/2024\/02\/18\/la-produccion-de-duna-parte-dos-del-cineasta-denis-villeneuve\/\" \/>\n<meta property=\"og:site_name\" content=\"El Diario - Bolivia\" \/>\n<meta property=\"article:publisher\" content=\"https:\/\/www.facebook.com\/eldiario.bolivia\/\" \/>\n<meta property=\"article:published_time\" content=\"2024-02-18T10:33:36+00:00\" \/>\n<meta property=\"og:image\" content=\"https:\/\/www.eldiario.net\/portal\/wp-content\/uploads\/2024\/02\/La-produccion-de-Duna-Parte-Dos-del-cineasta-Denis-Villeneuve-2.jpg\" \/>\n\t<meta property=\"og:image:width\" content=\"2048\" \/>\n\t<meta property=\"og:image:height\" content=\"1080\" \/>\n\t<meta property=\"og:image:type\" content=\"image\/jpeg\" \/>\n<meta name=\"author\" content=\"Jeanette\" \/>\n<meta name=\"twitter:card\" content=\"summary_large_image\" \/>\n<meta name=\"twitter:creator\" content=\"@eldiario_net\" \/>\n<meta name=\"twitter:site\" content=\"@eldiario_net\" \/>\n<meta name=\"twitter:label1\" content=\"Escrito por\" \/>\n\t<meta name=\"twitter:data1\" content=\"Jeanette\" \/>\n\t<meta name=\"twitter:label2\" content=\"Tiempo de lectura\" \/>\n\t<meta name=\"twitter:data2\" content=\"1 minuto\" \/>\n<script type=\"application\/ld+json\" class=\"yoast-schema-graph\">{\"@context\":\"https:\\\/\\\/schema.org\",\"@graph\":[{\"@type\":\"Article\",\"@id\":\"https:\\\/\\\/www.eldiario.net\\\/portal\\\/2024\\\/02\\\/18\\\/la-produccion-de-duna-parte-dos-del-cineasta-denis-villeneuve\\\/#article\",\"isPartOf\":{\"@id\":\"https:\\\/\\\/www.eldiario.net\\\/portal\\\/2024\\\/02\\\/18\\\/la-produccion-de-duna-parte-dos-del-cineasta-denis-villeneuve\\\/\"},\"author\":{\"name\":\"Jeanette\",\"@id\":\"https:\\\/\\\/www.eldiario.net\\\/portal\\\/#\\\/schema\\\/person\\\/f46445640444750d7d753ccd04ae01b7\"},\"headline\":\"La producci\u00f3n de Duna: Parte Dos del cineasta Denis Villeneuve\",\"datePublished\":\"2024-02-18T10:33:36+00:00\",\"mainEntityOfPage\":{\"@id\":\"https:\\\/\\\/www.eldiario.net\\\/portal\\\/2024\\\/02\\\/18\\\/la-produccion-de-duna-parte-dos-del-cineasta-denis-villeneuve\\\/\"},\"wordCount\":524,\"commentCount\":0,\"publisher\":{\"@id\":\"https:\\\/\\\/www.eldiario.net\\\/portal\\\/#organization\"},\"image\":{\"@id\":\"https:\\\/\\\/www.eldiario.net\\\/portal\\\/2024\\\/02\\\/18\\\/la-produccion-de-duna-parte-dos-del-cineasta-denis-villeneuve\\\/#primaryimage\"},\"thumbnailUrl\":\"https:\\\/\\\/www.eldiario.net\\\/portal\\\/wp-content\\\/uploads\\\/2024\\\/02\\\/La-produccion-de-Duna-Parte-Dos-del-cineasta-Denis-Villeneuve-2.jpg\",\"articleSection\":[\"Cine Mundo\"],\"inLanguage\":\"es\",\"potentialAction\":[{\"@type\":\"CommentAction\",\"name\":\"Comment\",\"target\":[\"https:\\\/\\\/www.eldiario.net\\\/portal\\\/2024\\\/02\\\/18\\\/la-produccion-de-duna-parte-dos-del-cineasta-denis-villeneuve\\\/#respond\"]}]},{\"@type\":\"WebPage\",\"@id\":\"https:\\\/\\\/www.eldiario.net\\\/portal\\\/2024\\\/02\\\/18\\\/la-produccion-de-duna-parte-dos-del-cineasta-denis-villeneuve\\\/\",\"url\":\"https:\\\/\\\/www.eldiario.net\\\/portal\\\/2024\\\/02\\\/18\\\/la-produccion-de-duna-parte-dos-del-cineasta-denis-villeneuve\\\/\",\"name\":\"La producci\u00f3n de Duna: Parte Dos del cineasta Denis Villeneuve - El Diario - Bolivia\",\"isPartOf\":{\"@id\":\"https:\\\/\\\/www.eldiario.net\\\/portal\\\/#website\"},\"primaryImageOfPage\":{\"@id\":\"https:\\\/\\\/www.eldiario.net\\\/portal\\\/2024\\\/02\\\/18\\\/la-produccion-de-duna-parte-dos-del-cineasta-denis-villeneuve\\\/#primaryimage\"},\"image\":{\"@id\":\"https:\\\/\\\/www.eldiario.net\\\/portal\\\/2024\\\/02\\\/18\\\/la-produccion-de-duna-parte-dos-del-cineasta-denis-villeneuve\\\/#primaryimage\"},\"thumbnailUrl\":\"https:\\\/\\\/www.eldiario.net\\\/portal\\\/wp-content\\\/uploads\\\/2024\\\/02\\\/La-produccion-de-Duna-Parte-Dos-del-cineasta-Denis-Villeneuve-2.jpg\",\"datePublished\":\"2024-02-18T10:33:36+00:00\",\"breadcrumb\":{\"@id\":\"https:\\\/\\\/www.eldiario.net\\\/portal\\\/2024\\\/02\\\/18\\\/la-produccion-de-duna-parte-dos-del-cineasta-denis-villeneuve\\\/#breadcrumb\"},\"inLanguage\":\"es\",\"potentialAction\":[{\"@type\":\"ReadAction\",\"target\":[\"https:\\\/\\\/www.eldiario.net\\\/portal\\\/2024\\\/02\\\/18\\\/la-produccion-de-duna-parte-dos-del-cineasta-denis-villeneuve\\\/\"]}]},{\"@type\":\"ImageObject\",\"inLanguage\":\"es\",\"@id\":\"https:\\\/\\\/www.eldiario.net\\\/portal\\\/2024\\\/02\\\/18\\\/la-produccion-de-duna-parte-dos-del-cineasta-denis-villeneuve\\\/#primaryimage\",\"url\":\"https:\\\/\\\/www.eldiario.net\\\/portal\\\/wp-content\\\/uploads\\\/2024\\\/02\\\/La-produccion-de-Duna-Parte-Dos-del-cineasta-Denis-Villeneuve-2.jpg\",\"contentUrl\":\"https:\\\/\\\/www.eldiario.net\\\/portal\\\/wp-content\\\/uploads\\\/2024\\\/02\\\/La-produccion-de-Duna-Parte-Dos-del-cineasta-Denis-Villeneuve-2.jpg\",\"width\":2048,\"height\":1080},{\"@type\":\"BreadcrumbList\",\"@id\":\"https:\\\/\\\/www.eldiario.net\\\/portal\\\/2024\\\/02\\\/18\\\/la-produccion-de-duna-parte-dos-del-cineasta-denis-villeneuve\\\/#breadcrumb\",\"itemListElement\":[{\"@type\":\"ListItem\",\"position\":1,\"name\":\"Portada\",\"item\":\"https:\\\/\\\/www.eldiario.net\\\/portal\\\/\"},{\"@type\":\"ListItem\",\"position\":2,\"name\":\"La producci\u00f3n de Duna: Parte Dos del cineasta Denis Villeneuve\"}]},{\"@type\":\"WebSite\",\"@id\":\"https:\\\/\\\/www.eldiario.net\\\/portal\\\/#website\",\"url\":\"https:\\\/\\\/www.eldiario.net\\\/portal\\\/\",\"name\":\"El Diario - Decano de la prensa nacional\",\"description\":\"El Diario - Decano de la prensa nacional\",\"publisher\":{\"@id\":\"https:\\\/\\\/www.eldiario.net\\\/portal\\\/#organization\"},\"potentialAction\":[{\"@type\":\"SearchAction\",\"target\":{\"@type\":\"EntryPoint\",\"urlTemplate\":\"https:\\\/\\\/www.eldiario.net\\\/portal\\\/?s={search_term_string}\"},\"query-input\":{\"@type\":\"PropertyValueSpecification\",\"valueRequired\":true,\"valueName\":\"search_term_string\"}}],\"inLanguage\":\"es\"},{\"@type\":\"Organization\",\"@id\":\"https:\\\/\\\/www.eldiario.net\\\/portal\\\/#organization\",\"name\":\"El Diario - Decano de la prensa nacional\",\"url\":\"https:\\\/\\\/www.eldiario.net\\\/portal\\\/\",\"logo\":{\"@type\":\"ImageObject\",\"inLanguage\":\"es\",\"@id\":\"https:\\\/\\\/www.eldiario.net\\\/portal\\\/#\\\/schema\\\/logo\\\/image\\\/\",\"url\":\"https:\\\/\\\/www.eldiario.net\\\/portal\\\/wp-content\\\/uploads\\\/2023\\\/07\\\/logo_ED.jpg\",\"contentUrl\":\"https:\\\/\\\/www.eldiario.net\\\/portal\\\/wp-content\\\/uploads\\\/2023\\\/07\\\/logo_ED.jpg\",\"width\":272,\"height\":52,\"caption\":\"El Diario - Decano de la prensa nacional\"},\"image\":{\"@id\":\"https:\\\/\\\/www.eldiario.net\\\/portal\\\/#\\\/schema\\\/logo\\\/image\\\/\"},\"sameAs\":[\"https:\\\/\\\/www.facebook.com\\\/eldiario.bolivia\\\/\",\"https:\\\/\\\/x.com\\\/eldiario_net\"]},{\"@type\":\"Person\",\"@id\":\"https:\\\/\\\/www.eldiario.net\\\/portal\\\/#\\\/schema\\\/person\\\/f46445640444750d7d753ccd04ae01b7\",\"name\":\"Jeanette\",\"image\":{\"@type\":\"ImageObject\",\"inLanguage\":\"es\",\"@id\":\"https:\\\/\\\/secure.gravatar.com\\\/avatar\\\/3ea2118a5f7dad2b7138b1187a6b7ee55f160b9968b66013c3a3ef39dd7e5798?s=96&d=mm&r=g\",\"url\":\"https:\\\/\\\/secure.gravatar.com\\\/avatar\\\/3ea2118a5f7dad2b7138b1187a6b7ee55f160b9968b66013c3a3ef39dd7e5798?s=96&d=mm&r=g\",\"contentUrl\":\"https:\\\/\\\/secure.gravatar.com\\\/avatar\\\/3ea2118a5f7dad2b7138b1187a6b7ee55f160b9968b66013c3a3ef39dd7e5798?s=96&d=mm&r=g\",\"caption\":\"Jeanette\"},\"sameAs\":[\"https:\\\/\\\/www.eldiario.net\\\/portal\"],\"url\":\"https:\\\/\\\/www.eldiario.net\\\/portal\\\/author\\\/jeanette\\\/\"}]}<\/script>\n<!-- \/ Yoast SEO plugin. -->","yoast_head_json":{"title":"La producci\u00f3n de Duna: Parte Dos del cineasta Denis Villeneuve - El Diario - Bolivia","robots":{"index":"index","follow":"follow","max-snippet":"max-snippet:-1","max-image-preview":"max-image-preview:large","max-video-preview":"max-video-preview:-1"},"canonical":"https:\/\/www.eldiario.net\/portal\/2024\/02\/18\/la-produccion-de-duna-parte-dos-del-cineasta-denis-villeneuve\/","og_locale":"es_ES","og_type":"article","og_title":"La producci\u00f3n de Duna: Parte Dos del cineasta Denis Villeneuve - El Diario - Bolivia","og_description":"La saga contin\u00faa: el galardonado cineasta Denis Villeneuve se embarca en \u201cDuna: parte dos\u201d, el siguiente cap\u00edtulo de la c\u00e9lebre novela Duna de Frank Herbert, con un reparto expandido e internacionalmente estelar. La pel\u00edcula de Warner Bros. Pictures y Legendary Pictures es la esperada continuaci\u00f3n de \u201cDuna\u201d, ganadora de seis premios \u00d3scar en 2021. La [&hellip;]","og_url":"https:\/\/www.eldiario.net\/portal\/2024\/02\/18\/la-produccion-de-duna-parte-dos-del-cineasta-denis-villeneuve\/","og_site_name":"El Diario - Bolivia","article_publisher":"https:\/\/www.facebook.com\/eldiario.bolivia\/","article_published_time":"2024-02-18T10:33:36+00:00","og_image":[{"width":2048,"height":1080,"url":"https:\/\/www.eldiario.net\/portal\/wp-content\/uploads\/2024\/02\/La-produccion-de-Duna-Parte-Dos-del-cineasta-Denis-Villeneuve-2.jpg","type":"image\/jpeg"}],"author":"Jeanette","twitter_card":"summary_large_image","twitter_creator":"@eldiario_net","twitter_site":"@eldiario_net","twitter_misc":{"Escrito por":"Jeanette","Tiempo de lectura":"1 minuto"},"schema":{"@context":"https:\/\/schema.org","@graph":[{"@type":"Article","@id":"https:\/\/www.eldiario.net\/portal\/2024\/02\/18\/la-produccion-de-duna-parte-dos-del-cineasta-denis-villeneuve\/#article","isPartOf":{"@id":"https:\/\/www.eldiario.net\/portal\/2024\/02\/18\/la-produccion-de-duna-parte-dos-del-cineasta-denis-villeneuve\/"},"author":{"name":"Jeanette","@id":"https:\/\/www.eldiario.net\/portal\/#\/schema\/person\/f46445640444750d7d753ccd04ae01b7"},"headline":"La producci\u00f3n de Duna: Parte Dos del cineasta Denis Villeneuve","datePublished":"2024-02-18T10:33:36+00:00","mainEntityOfPage":{"@id":"https:\/\/www.eldiario.net\/portal\/2024\/02\/18\/la-produccion-de-duna-parte-dos-del-cineasta-denis-villeneuve\/"},"wordCount":524,"commentCount":0,"publisher":{"@id":"https:\/\/www.eldiario.net\/portal\/#organization"},"image":{"@id":"https:\/\/www.eldiario.net\/portal\/2024\/02\/18\/la-produccion-de-duna-parte-dos-del-cineasta-denis-villeneuve\/#primaryimage"},"thumbnailUrl":"https:\/\/www.eldiario.net\/portal\/wp-content\/uploads\/2024\/02\/La-produccion-de-Duna-Parte-Dos-del-cineasta-Denis-Villeneuve-2.jpg","articleSection":["Cine Mundo"],"inLanguage":"es","potentialAction":[{"@type":"CommentAction","name":"Comment","target":["https:\/\/www.eldiario.net\/portal\/2024\/02\/18\/la-produccion-de-duna-parte-dos-del-cineasta-denis-villeneuve\/#respond"]}]},{"@type":"WebPage","@id":"https:\/\/www.eldiario.net\/portal\/2024\/02\/18\/la-produccion-de-duna-parte-dos-del-cineasta-denis-villeneuve\/","url":"https:\/\/www.eldiario.net\/portal\/2024\/02\/18\/la-produccion-de-duna-parte-dos-del-cineasta-denis-villeneuve\/","name":"La producci\u00f3n de Duna: Parte Dos del cineasta Denis Villeneuve - El Diario - Bolivia","isPartOf":{"@id":"https:\/\/www.eldiario.net\/portal\/#website"},"primaryImageOfPage":{"@id":"https:\/\/www.eldiario.net\/portal\/2024\/02\/18\/la-produccion-de-duna-parte-dos-del-cineasta-denis-villeneuve\/#primaryimage"},"image":{"@id":"https:\/\/www.eldiario.net\/portal\/2024\/02\/18\/la-produccion-de-duna-parte-dos-del-cineasta-denis-villeneuve\/#primaryimage"},"thumbnailUrl":"https:\/\/www.eldiario.net\/portal\/wp-content\/uploads\/2024\/02\/La-produccion-de-Duna-Parte-Dos-del-cineasta-Denis-Villeneuve-2.jpg","datePublished":"2024-02-18T10:33:36+00:00","breadcrumb":{"@id":"https:\/\/www.eldiario.net\/portal\/2024\/02\/18\/la-produccion-de-duna-parte-dos-del-cineasta-denis-villeneuve\/#breadcrumb"},"inLanguage":"es","potentialAction":[{"@type":"ReadAction","target":["https:\/\/www.eldiario.net\/portal\/2024\/02\/18\/la-produccion-de-duna-parte-dos-del-cineasta-denis-villeneuve\/"]}]},{"@type":"ImageObject","inLanguage":"es","@id":"https:\/\/www.eldiario.net\/portal\/2024\/02\/18\/la-produccion-de-duna-parte-dos-del-cineasta-denis-villeneuve\/#primaryimage","url":"https:\/\/www.eldiario.net\/portal\/wp-content\/uploads\/2024\/02\/La-produccion-de-Duna-Parte-Dos-del-cineasta-Denis-Villeneuve-2.jpg","contentUrl":"https:\/\/www.eldiario.net\/portal\/wp-content\/uploads\/2024\/02\/La-produccion-de-Duna-Parte-Dos-del-cineasta-Denis-Villeneuve-2.jpg","width":2048,"height":1080},{"@type":"BreadcrumbList","@id":"https:\/\/www.eldiario.net\/portal\/2024\/02\/18\/la-produccion-de-duna-parte-dos-del-cineasta-denis-villeneuve\/#breadcrumb","itemListElement":[{"@type":"ListItem","position":1,"name":"Portada","item":"https:\/\/www.eldiario.net\/portal\/"},{"@type":"ListItem","position":2,"name":"La producci\u00f3n de Duna: Parte Dos del cineasta Denis Villeneuve"}]},{"@type":"WebSite","@id":"https:\/\/www.eldiario.net\/portal\/#website","url":"https:\/\/www.eldiario.net\/portal\/","name":"El Diario - Decano de la prensa nacional","description":"El Diario - Decano de la prensa nacional","publisher":{"@id":"https:\/\/www.eldiario.net\/portal\/#organization"},"potentialAction":[{"@type":"SearchAction","target":{"@type":"EntryPoint","urlTemplate":"https:\/\/www.eldiario.net\/portal\/?s={search_term_string}"},"query-input":{"@type":"PropertyValueSpecification","valueRequired":true,"valueName":"search_term_string"}}],"inLanguage":"es"},{"@type":"Organization","@id":"https:\/\/www.eldiario.net\/portal\/#organization","name":"El Diario - Decano de la prensa nacional","url":"https:\/\/www.eldiario.net\/portal\/","logo":{"@type":"ImageObject","inLanguage":"es","@id":"https:\/\/www.eldiario.net\/portal\/#\/schema\/logo\/image\/","url":"https:\/\/www.eldiario.net\/portal\/wp-content\/uploads\/2023\/07\/logo_ED.jpg","contentUrl":"https:\/\/www.eldiario.net\/portal\/wp-content\/uploads\/2023\/07\/logo_ED.jpg","width":272,"height":52,"caption":"El Diario - Decano de la prensa nacional"},"image":{"@id":"https:\/\/www.eldiario.net\/portal\/#\/schema\/logo\/image\/"},"sameAs":["https:\/\/www.facebook.com\/eldiario.bolivia\/","https:\/\/x.com\/eldiario_net"]},{"@type":"Person","@id":"https:\/\/www.eldiario.net\/portal\/#\/schema\/person\/f46445640444750d7d753ccd04ae01b7","name":"Jeanette","image":{"@type":"ImageObject","inLanguage":"es","@id":"https:\/\/secure.gravatar.com\/avatar\/3ea2118a5f7dad2b7138b1187a6b7ee55f160b9968b66013c3a3ef39dd7e5798?s=96&d=mm&r=g","url":"https:\/\/secure.gravatar.com\/avatar\/3ea2118a5f7dad2b7138b1187a6b7ee55f160b9968b66013c3a3ef39dd7e5798?s=96&d=mm&r=g","contentUrl":"https:\/\/secure.gravatar.com\/avatar\/3ea2118a5f7dad2b7138b1187a6b7ee55f160b9968b66013c3a3ef39dd7e5798?s=96&d=mm&r=g","caption":"Jeanette"},"sameAs":["https:\/\/www.eldiario.net\/portal"],"url":"https:\/\/www.eldiario.net\/portal\/author\/jeanette\/"}]}},"_links":{"self":[{"href":"https:\/\/www.eldiario.net\/portal\/wp-json\/wp\/v2\/posts\/203833","targetHints":{"allow":["GET"]}}],"collection":[{"href":"https:\/\/www.eldiario.net\/portal\/wp-json\/wp\/v2\/posts"}],"about":[{"href":"https:\/\/www.eldiario.net\/portal\/wp-json\/wp\/v2\/types\/post"}],"author":[{"embeddable":true,"href":"https:\/\/www.eldiario.net\/portal\/wp-json\/wp\/v2\/users\/1"}],"replies":[{"embeddable":true,"href":"https:\/\/www.eldiario.net\/portal\/wp-json\/wp\/v2\/comments?post=203833"}],"version-history":[{"count":1,"href":"https:\/\/www.eldiario.net\/portal\/wp-json\/wp\/v2\/posts\/203833\/revisions"}],"predecessor-version":[{"id":203836,"href":"https:\/\/www.eldiario.net\/portal\/wp-json\/wp\/v2\/posts\/203833\/revisions\/203836"}],"wp:featuredmedia":[{"embeddable":true,"href":"https:\/\/www.eldiario.net\/portal\/wp-json\/wp\/v2\/media\/203834"}],"wp:attachment":[{"href":"https:\/\/www.eldiario.net\/portal\/wp-json\/wp\/v2\/media?parent=203833"}],"wp:term":[{"taxonomy":"category","embeddable":true,"href":"https:\/\/www.eldiario.net\/portal\/wp-json\/wp\/v2\/categories?post=203833"},{"taxonomy":"post_tag","embeddable":true,"href":"https:\/\/www.eldiario.net\/portal\/wp-json\/wp\/v2\/tags?post=203833"}],"curies":[{"name":"wp","href":"https:\/\/api.w.org\/{rel}","templated":true}]}}