{"id":203830,"date":"2024-02-18T06:32:34","date_gmt":"2024-02-18T10:32:34","guid":{"rendered":"https:\/\/www.eldiario.net\/portal\/?p=203830"},"modified":"2024-02-18T06:32:34","modified_gmt":"2024-02-18T10:32:34","slug":"moana-2-de-walt-disney-animation-studios-llega-a-los-cines-muy-pronto","status":"publish","type":"post","link":"https:\/\/www.eldiario.net\/portal\/2024\/02\/18\/moana-2-de-walt-disney-animation-studios-llega-a-los-cines-muy-pronto\/","title":{"rendered":"Moana 2 de Walt Disney Animation Studios llega a los cines muy pronto"},"content":{"rendered":"<p>Bob Iger, Disney Chief Executive Officer, anuncia una nueva aventura animada, y esta es la primera imagen<br \/>\nHoy, Bob Iger, Chief Executive Officer de The Walt Disney Company, anuncia que MOANA 2, la nueva secuela de la pel\u00edcula nominada al Oscar\u00ae en 2016 de Disney Animation, estrena muy pronto solo en cines. \u00abMoana sigue siendo una franquicia incre\u00edblemente popular\u00bb, dijo Iger, \u00aby no podemos esperar a darles m\u00e1s de Moana y Maui cuando MOANA 2 llegue a los cines\u00bb.<br \/>\nYa est\u00e1n disponibles la primera imagen y un primer vistazo de la pel\u00edcula.<br \/>\nMOANA 2, la pel\u00edcula animada de Walt Disney Animation Studios, embarca a las audiencias en un nuevo y grandioso viaje con Moana, Maui y una nueva tripulaci\u00f3n de inusuales marineros. Tras recibir una inesperada llamada de sus antepasados, Moana debe viajar por los lejanos mares de Ocean\u00eda y adentrarse en peligrosas aguas p\u00e9rdidas para vivir una aventura sin precedentes. Dirigida por Dave Derrick Jr. con m\u00fasica de las ganadoras del Grammy\u00ae Abigail Barlow y Emily Bear, la nominada al Grammy\u00ae Opetaia Foa&#8217;i y el tres veces ganador del Grammy\u00ae Mark Mancina, MOANA 2 estrena muy pronto en cines. <\/p>\n","protected":false},"excerpt":{"rendered":"<p>Bob Iger, Disney Chief Executive Officer, anuncia una nueva aventura animada, y esta es la primera imagen Hoy, Bob Iger, Chief Executive Officer de The Walt Disney Company, anuncia que MOANA 2, la nueva secuela de la pel\u00edcula nominada al Oscar\u00ae en 2016 de Disney Animation, estrena muy pronto solo en cines. \u00abMoana sigue siendo [&hellip;]<\/p>\n","protected":false},"author":1,"featured_media":203831,"comment_status":"open","ping_status":"open","sticky":false,"template":"","format":"standard","meta":{"_acf_changed":false,"footnotes":""},"categories":[45],"tags":[],"class_list":["post-203830","post","type-post","status-publish","format-standard","has-post-thumbnail","category-cine-mundo"],"acf":{"antetitulo":""},"yoast_head":"<!-- This site is optimized with the Yoast SEO plugin v28.4 - https:\/\/yoast.com\/product\/yoast-seo-wordpress\/ -->\n<title>Moana 2 de Walt Disney Animation Studios llega a los cines muy pronto - El Diario - Bolivia<\/title>\n<meta name=\"robots\" content=\"index, follow, max-snippet:-1, max-image-preview:large, max-video-preview:-1\" \/>\n<link rel=\"canonical\" href=\"https:\/\/www.eldiario.net\/portal\/2024\/02\/18\/moana-2-de-walt-disney-animation-studios-llega-a-los-cines-muy-pronto\/\" \/>\n<meta property=\"og:locale\" content=\"es_ES\" \/>\n<meta property=\"og:type\" content=\"article\" \/>\n<meta property=\"og:title\" content=\"Moana 2 de Walt Disney Animation Studios llega a los cines muy pronto - El Diario - Bolivia\" \/>\n<meta property=\"og:description\" content=\"Bob Iger, Disney Chief Executive Officer, anuncia una nueva aventura animada, y esta es la primera imagen Hoy, Bob Iger, Chief Executive Officer de The Walt Disney Company, anuncia que MOANA 2, la nueva secuela de la pel\u00edcula nominada al Oscar\u00ae en 2016 de Disney Animation, estrena muy pronto solo en cines. \u00abMoana sigue siendo [&hellip;]\" \/>\n<meta property=\"og:url\" content=\"https:\/\/www.eldiario.net\/portal\/2024\/02\/18\/moana-2-de-walt-disney-animation-studios-llega-a-los-cines-muy-pronto\/\" \/>\n<meta property=\"og:site_name\" content=\"El Diario - Bolivia\" \/>\n<meta property=\"article:publisher\" content=\"https:\/\/www.facebook.com\/eldiario.bolivia\/\" \/>\n<meta property=\"article:published_time\" content=\"2024-02-18T10:32:34+00:00\" \/>\n<meta property=\"og:image\" content=\"https:\/\/www.eldiario.net\/portal\/wp-content\/uploads\/2024\/02\/Moana-2-de-Walt-Disney-Animation-Studios-llega-a-los-cines-muy-pronto.jpg\" \/>\n\t<meta property=\"og:image:width\" content=\"1264\" \/>\n\t<meta property=\"og:image:height\" content=\"624\" \/>\n\t<meta property=\"og:image:type\" content=\"image\/jpeg\" \/>\n<meta name=\"author\" content=\"Jeanette\" \/>\n<meta name=\"twitter:card\" content=\"summary_large_image\" \/>\n<meta name=\"twitter:creator\" content=\"@eldiario_net\" \/>\n<meta name=\"twitter:site\" content=\"@eldiario_net\" \/>\n<meta name=\"twitter:label1\" content=\"Escrito por\" \/>\n\t<meta name=\"twitter:data1\" content=\"Jeanette\" \/>\n\t<meta name=\"twitter:label2\" content=\"Tiempo de lectura\" \/>\n\t<meta name=\"twitter:data2\" content=\"1 minuto\" \/>\n<script type=\"application\/ld+json\" class=\"yoast-schema-graph\">{\"@context\":\"https:\\\/\\\/schema.org\",\"@graph\":[{\"@type\":\"Article\",\"@id\":\"https:\\\/\\\/www.eldiario.net\\\/portal\\\/2024\\\/02\\\/18\\\/moana-2-de-walt-disney-animation-studios-llega-a-los-cines-muy-pronto\\\/#article\",\"isPartOf\":{\"@id\":\"https:\\\/\\\/www.eldiario.net\\\/portal\\\/2024\\\/02\\\/18\\\/moana-2-de-walt-disney-animation-studios-llega-a-los-cines-muy-pronto\\\/\"},\"author\":{\"name\":\"Jeanette\",\"@id\":\"https:\\\/\\\/www.eldiario.net\\\/portal\\\/#\\\/schema\\\/person\\\/f46445640444750d7d753ccd04ae01b7\"},\"headline\":\"Moana 2 de Walt Disney Animation Studios llega a los cines muy pronto\",\"datePublished\":\"2024-02-18T10:32:34+00:00\",\"mainEntityOfPage\":{\"@id\":\"https:\\\/\\\/www.eldiario.net\\\/portal\\\/2024\\\/02\\\/18\\\/moana-2-de-walt-disney-animation-studios-llega-a-los-cines-muy-pronto\\\/\"},\"wordCount\":208,\"commentCount\":0,\"publisher\":{\"@id\":\"https:\\\/\\\/www.eldiario.net\\\/portal\\\/#organization\"},\"image\":{\"@id\":\"https:\\\/\\\/www.eldiario.net\\\/portal\\\/2024\\\/02\\\/18\\\/moana-2-de-walt-disney-animation-studios-llega-a-los-cines-muy-pronto\\\/#primaryimage\"},\"thumbnailUrl\":\"https:\\\/\\\/www.eldiario.net\\\/portal\\\/wp-content\\\/uploads\\\/2024\\\/02\\\/Moana-2-de-Walt-Disney-Animation-Studios-llega-a-los-cines-muy-pronto.jpg\",\"articleSection\":[\"Cine Mundo\"],\"inLanguage\":\"es\",\"potentialAction\":[{\"@type\":\"CommentAction\",\"name\":\"Comment\",\"target\":[\"https:\\\/\\\/www.eldiario.net\\\/portal\\\/2024\\\/02\\\/18\\\/moana-2-de-walt-disney-animation-studios-llega-a-los-cines-muy-pronto\\\/#respond\"]}]},{\"@type\":\"WebPage\",\"@id\":\"https:\\\/\\\/www.eldiario.net\\\/portal\\\/2024\\\/02\\\/18\\\/moana-2-de-walt-disney-animation-studios-llega-a-los-cines-muy-pronto\\\/\",\"url\":\"https:\\\/\\\/www.eldiario.net\\\/portal\\\/2024\\\/02\\\/18\\\/moana-2-de-walt-disney-animation-studios-llega-a-los-cines-muy-pronto\\\/\",\"name\":\"Moana 2 de Walt Disney Animation Studios llega a los cines muy pronto - El Diario - Bolivia\",\"isPartOf\":{\"@id\":\"https:\\\/\\\/www.eldiario.net\\\/portal\\\/#website\"},\"primaryImageOfPage\":{\"@id\":\"https:\\\/\\\/www.eldiario.net\\\/portal\\\/2024\\\/02\\\/18\\\/moana-2-de-walt-disney-animation-studios-llega-a-los-cines-muy-pronto\\\/#primaryimage\"},\"image\":{\"@id\":\"https:\\\/\\\/www.eldiario.net\\\/portal\\\/2024\\\/02\\\/18\\\/moana-2-de-walt-disney-animation-studios-llega-a-los-cines-muy-pronto\\\/#primaryimage\"},\"thumbnailUrl\":\"https:\\\/\\\/www.eldiario.net\\\/portal\\\/wp-content\\\/uploads\\\/2024\\\/02\\\/Moana-2-de-Walt-Disney-Animation-Studios-llega-a-los-cines-muy-pronto.jpg\",\"datePublished\":\"2024-02-18T10:32:34+00:00\",\"breadcrumb\":{\"@id\":\"https:\\\/\\\/www.eldiario.net\\\/portal\\\/2024\\\/02\\\/18\\\/moana-2-de-walt-disney-animation-studios-llega-a-los-cines-muy-pronto\\\/#breadcrumb\"},\"inLanguage\":\"es\",\"potentialAction\":[{\"@type\":\"ReadAction\",\"target\":[\"https:\\\/\\\/www.eldiario.net\\\/portal\\\/2024\\\/02\\\/18\\\/moana-2-de-walt-disney-animation-studios-llega-a-los-cines-muy-pronto\\\/\"]}]},{\"@type\":\"ImageObject\",\"inLanguage\":\"es\",\"@id\":\"https:\\\/\\\/www.eldiario.net\\\/portal\\\/2024\\\/02\\\/18\\\/moana-2-de-walt-disney-animation-studios-llega-a-los-cines-muy-pronto\\\/#primaryimage\",\"url\":\"https:\\\/\\\/www.eldiario.net\\\/portal\\\/wp-content\\\/uploads\\\/2024\\\/02\\\/Moana-2-de-Walt-Disney-Animation-Studios-llega-a-los-cines-muy-pronto.jpg\",\"contentUrl\":\"https:\\\/\\\/www.eldiario.net\\\/portal\\\/wp-content\\\/uploads\\\/2024\\\/02\\\/Moana-2-de-Walt-Disney-Animation-Studios-llega-a-los-cines-muy-pronto.jpg\",\"width\":1264,\"height\":624},{\"@type\":\"BreadcrumbList\",\"@id\":\"https:\\\/\\\/www.eldiario.net\\\/portal\\\/2024\\\/02\\\/18\\\/moana-2-de-walt-disney-animation-studios-llega-a-los-cines-muy-pronto\\\/#breadcrumb\",\"itemListElement\":[{\"@type\":\"ListItem\",\"position\":1,\"name\":\"Portada\",\"item\":\"https:\\\/\\\/www.eldiario.net\\\/portal\\\/\"},{\"@type\":\"ListItem\",\"position\":2,\"name\":\"Moana 2 de Walt Disney Animation Studios llega a los cines muy pronto\"}]},{\"@type\":\"WebSite\",\"@id\":\"https:\\\/\\\/www.eldiario.net\\\/portal\\\/#website\",\"url\":\"https:\\\/\\\/www.eldiario.net\\\/portal\\\/\",\"name\":\"El Diario - Decano de la prensa nacional\",\"description\":\"El Diario - Decano de la prensa nacional\",\"publisher\":{\"@id\":\"https:\\\/\\\/www.eldiario.net\\\/portal\\\/#organization\"},\"potentialAction\":[{\"@type\":\"SearchAction\",\"target\":{\"@type\":\"EntryPoint\",\"urlTemplate\":\"https:\\\/\\\/www.eldiario.net\\\/portal\\\/?s={search_term_string}\"},\"query-input\":{\"@type\":\"PropertyValueSpecification\",\"valueRequired\":true,\"valueName\":\"search_term_string\"}}],\"inLanguage\":\"es\"},{\"@type\":\"Organization\",\"@id\":\"https:\\\/\\\/www.eldiario.net\\\/portal\\\/#organization\",\"name\":\"El Diario - Decano de la prensa nacional\",\"url\":\"https:\\\/\\\/www.eldiario.net\\\/portal\\\/\",\"logo\":{\"@type\":\"ImageObject\",\"inLanguage\":\"es\",\"@id\":\"https:\\\/\\\/www.eldiario.net\\\/portal\\\/#\\\/schema\\\/logo\\\/image\\\/\",\"url\":\"https:\\\/\\\/www.eldiario.net\\\/portal\\\/wp-content\\\/uploads\\\/2023\\\/07\\\/logo_ED.jpg\",\"contentUrl\":\"https:\\\/\\\/www.eldiario.net\\\/portal\\\/wp-content\\\/uploads\\\/2023\\\/07\\\/logo_ED.jpg\",\"width\":272,\"height\":52,\"caption\":\"El Diario - Decano de la prensa nacional\"},\"image\":{\"@id\":\"https:\\\/\\\/www.eldiario.net\\\/portal\\\/#\\\/schema\\\/logo\\\/image\\\/\"},\"sameAs\":[\"https:\\\/\\\/www.facebook.com\\\/eldiario.bolivia\\\/\",\"https:\\\/\\\/x.com\\\/eldiario_net\"]},{\"@type\":\"Person\",\"@id\":\"https:\\\/\\\/www.eldiario.net\\\/portal\\\/#\\\/schema\\\/person\\\/f46445640444750d7d753ccd04ae01b7\",\"name\":\"Jeanette\",\"image\":{\"@type\":\"ImageObject\",\"inLanguage\":\"es\",\"@id\":\"https:\\\/\\\/secure.gravatar.com\\\/avatar\\\/3ea2118a5f7dad2b7138b1187a6b7ee55f160b9968b66013c3a3ef39dd7e5798?s=96&d=mm&r=g\",\"url\":\"https:\\\/\\\/secure.gravatar.com\\\/avatar\\\/3ea2118a5f7dad2b7138b1187a6b7ee55f160b9968b66013c3a3ef39dd7e5798?s=96&d=mm&r=g\",\"contentUrl\":\"https:\\\/\\\/secure.gravatar.com\\\/avatar\\\/3ea2118a5f7dad2b7138b1187a6b7ee55f160b9968b66013c3a3ef39dd7e5798?s=96&d=mm&r=g\",\"caption\":\"Jeanette\"},\"sameAs\":[\"https:\\\/\\\/www.eldiario.net\\\/portal\"],\"url\":\"https:\\\/\\\/www.eldiario.net\\\/portal\\\/author\\\/jeanette\\\/\"}]}<\/script>\n<!-- \/ Yoast SEO plugin. -->","yoast_head_json":{"title":"Moana 2 de Walt Disney Animation Studios llega a los cines muy pronto - El Diario - Bolivia","robots":{"index":"index","follow":"follow","max-snippet":"max-snippet:-1","max-image-preview":"max-image-preview:large","max-video-preview":"max-video-preview:-1"},"canonical":"https:\/\/www.eldiario.net\/portal\/2024\/02\/18\/moana-2-de-walt-disney-animation-studios-llega-a-los-cines-muy-pronto\/","og_locale":"es_ES","og_type":"article","og_title":"Moana 2 de Walt Disney Animation Studios llega a los cines muy pronto - El Diario - Bolivia","og_description":"Bob Iger, Disney Chief Executive Officer, anuncia una nueva aventura animada, y esta es la primera imagen Hoy, Bob Iger, Chief Executive Officer de The Walt Disney Company, anuncia que MOANA 2, la nueva secuela de la pel\u00edcula nominada al Oscar\u00ae en 2016 de Disney Animation, estrena muy pronto solo en cines. \u00abMoana sigue siendo [&hellip;]","og_url":"https:\/\/www.eldiario.net\/portal\/2024\/02\/18\/moana-2-de-walt-disney-animation-studios-llega-a-los-cines-muy-pronto\/","og_site_name":"El Diario - Bolivia","article_publisher":"https:\/\/www.facebook.com\/eldiario.bolivia\/","article_published_time":"2024-02-18T10:32:34+00:00","og_image":[{"width":1264,"height":624,"url":"https:\/\/www.eldiario.net\/portal\/wp-content\/uploads\/2024\/02\/Moana-2-de-Walt-Disney-Animation-Studios-llega-a-los-cines-muy-pronto.jpg","type":"image\/jpeg"}],"author":"Jeanette","twitter_card":"summary_large_image","twitter_creator":"@eldiario_net","twitter_site":"@eldiario_net","twitter_misc":{"Escrito por":"Jeanette","Tiempo de lectura":"1 minuto"},"schema":{"@context":"https:\/\/schema.org","@graph":[{"@type":"Article","@id":"https:\/\/www.eldiario.net\/portal\/2024\/02\/18\/moana-2-de-walt-disney-animation-studios-llega-a-los-cines-muy-pronto\/#article","isPartOf":{"@id":"https:\/\/www.eldiario.net\/portal\/2024\/02\/18\/moana-2-de-walt-disney-animation-studios-llega-a-los-cines-muy-pronto\/"},"author":{"name":"Jeanette","@id":"https:\/\/www.eldiario.net\/portal\/#\/schema\/person\/f46445640444750d7d753ccd04ae01b7"},"headline":"Moana 2 de Walt Disney Animation Studios llega a los cines muy pronto","datePublished":"2024-02-18T10:32:34+00:00","mainEntityOfPage":{"@id":"https:\/\/www.eldiario.net\/portal\/2024\/02\/18\/moana-2-de-walt-disney-animation-studios-llega-a-los-cines-muy-pronto\/"},"wordCount":208,"commentCount":0,"publisher":{"@id":"https:\/\/www.eldiario.net\/portal\/#organization"},"image":{"@id":"https:\/\/www.eldiario.net\/portal\/2024\/02\/18\/moana-2-de-walt-disney-animation-studios-llega-a-los-cines-muy-pronto\/#primaryimage"},"thumbnailUrl":"https:\/\/www.eldiario.net\/portal\/wp-content\/uploads\/2024\/02\/Moana-2-de-Walt-Disney-Animation-Studios-llega-a-los-cines-muy-pronto.jpg","articleSection":["Cine Mundo"],"inLanguage":"es","potentialAction":[{"@type":"CommentAction","name":"Comment","target":["https:\/\/www.eldiario.net\/portal\/2024\/02\/18\/moana-2-de-walt-disney-animation-studios-llega-a-los-cines-muy-pronto\/#respond"]}]},{"@type":"WebPage","@id":"https:\/\/www.eldiario.net\/portal\/2024\/02\/18\/moana-2-de-walt-disney-animation-studios-llega-a-los-cines-muy-pronto\/","url":"https:\/\/www.eldiario.net\/portal\/2024\/02\/18\/moana-2-de-walt-disney-animation-studios-llega-a-los-cines-muy-pronto\/","name":"Moana 2 de Walt Disney Animation Studios llega a los cines muy pronto - El Diario - Bolivia","isPartOf":{"@id":"https:\/\/www.eldiario.net\/portal\/#website"},"primaryImageOfPage":{"@id":"https:\/\/www.eldiario.net\/portal\/2024\/02\/18\/moana-2-de-walt-disney-animation-studios-llega-a-los-cines-muy-pronto\/#primaryimage"},"image":{"@id":"https:\/\/www.eldiario.net\/portal\/2024\/02\/18\/moana-2-de-walt-disney-animation-studios-llega-a-los-cines-muy-pronto\/#primaryimage"},"thumbnailUrl":"https:\/\/www.eldiario.net\/portal\/wp-content\/uploads\/2024\/02\/Moana-2-de-Walt-Disney-Animation-Studios-llega-a-los-cines-muy-pronto.jpg","datePublished":"2024-02-18T10:32:34+00:00","breadcrumb":{"@id":"https:\/\/www.eldiario.net\/portal\/2024\/02\/18\/moana-2-de-walt-disney-animation-studios-llega-a-los-cines-muy-pronto\/#breadcrumb"},"inLanguage":"es","potentialAction":[{"@type":"ReadAction","target":["https:\/\/www.eldiario.net\/portal\/2024\/02\/18\/moana-2-de-walt-disney-animation-studios-llega-a-los-cines-muy-pronto\/"]}]},{"@type":"ImageObject","inLanguage":"es","@id":"https:\/\/www.eldiario.net\/portal\/2024\/02\/18\/moana-2-de-walt-disney-animation-studios-llega-a-los-cines-muy-pronto\/#primaryimage","url":"https:\/\/www.eldiario.net\/portal\/wp-content\/uploads\/2024\/02\/Moana-2-de-Walt-Disney-Animation-Studios-llega-a-los-cines-muy-pronto.jpg","contentUrl":"https:\/\/www.eldiario.net\/portal\/wp-content\/uploads\/2024\/02\/Moana-2-de-Walt-Disney-Animation-Studios-llega-a-los-cines-muy-pronto.jpg","width":1264,"height":624},{"@type":"BreadcrumbList","@id":"https:\/\/www.eldiario.net\/portal\/2024\/02\/18\/moana-2-de-walt-disney-animation-studios-llega-a-los-cines-muy-pronto\/#breadcrumb","itemListElement":[{"@type":"ListItem","position":1,"name":"Portada","item":"https:\/\/www.eldiario.net\/portal\/"},{"@type":"ListItem","position":2,"name":"Moana 2 de Walt Disney Animation Studios llega a los cines muy pronto"}]},{"@type":"WebSite","@id":"https:\/\/www.eldiario.net\/portal\/#website","url":"https:\/\/www.eldiario.net\/portal\/","name":"El Diario - Decano de la prensa nacional","description":"El Diario - Decano de la prensa nacional","publisher":{"@id":"https:\/\/www.eldiario.net\/portal\/#organization"},"potentialAction":[{"@type":"SearchAction","target":{"@type":"EntryPoint","urlTemplate":"https:\/\/www.eldiario.net\/portal\/?s={search_term_string}"},"query-input":{"@type":"PropertyValueSpecification","valueRequired":true,"valueName":"search_term_string"}}],"inLanguage":"es"},{"@type":"Organization","@id":"https:\/\/www.eldiario.net\/portal\/#organization","name":"El Diario - Decano de la prensa nacional","url":"https:\/\/www.eldiario.net\/portal\/","logo":{"@type":"ImageObject","inLanguage":"es","@id":"https:\/\/www.eldiario.net\/portal\/#\/schema\/logo\/image\/","url":"https:\/\/www.eldiario.net\/portal\/wp-content\/uploads\/2023\/07\/logo_ED.jpg","contentUrl":"https:\/\/www.eldiario.net\/portal\/wp-content\/uploads\/2023\/07\/logo_ED.jpg","width":272,"height":52,"caption":"El Diario - Decano de la prensa nacional"},"image":{"@id":"https:\/\/www.eldiario.net\/portal\/#\/schema\/logo\/image\/"},"sameAs":["https:\/\/www.facebook.com\/eldiario.bolivia\/","https:\/\/x.com\/eldiario_net"]},{"@type":"Person","@id":"https:\/\/www.eldiario.net\/portal\/#\/schema\/person\/f46445640444750d7d753ccd04ae01b7","name":"Jeanette","image":{"@type":"ImageObject","inLanguage":"es","@id":"https:\/\/secure.gravatar.com\/avatar\/3ea2118a5f7dad2b7138b1187a6b7ee55f160b9968b66013c3a3ef39dd7e5798?s=96&d=mm&r=g","url":"https:\/\/secure.gravatar.com\/avatar\/3ea2118a5f7dad2b7138b1187a6b7ee55f160b9968b66013c3a3ef39dd7e5798?s=96&d=mm&r=g","contentUrl":"https:\/\/secure.gravatar.com\/avatar\/3ea2118a5f7dad2b7138b1187a6b7ee55f160b9968b66013c3a3ef39dd7e5798?s=96&d=mm&r=g","caption":"Jeanette"},"sameAs":["https:\/\/www.eldiario.net\/portal"],"url":"https:\/\/www.eldiario.net\/portal\/author\/jeanette\/"}]}},"_links":{"self":[{"href":"https:\/\/www.eldiario.net\/portal\/wp-json\/wp\/v2\/posts\/203830","targetHints":{"allow":["GET"]}}],"collection":[{"href":"https:\/\/www.eldiario.net\/portal\/wp-json\/wp\/v2\/posts"}],"about":[{"href":"https:\/\/www.eldiario.net\/portal\/wp-json\/wp\/v2\/types\/post"}],"author":[{"embeddable":true,"href":"https:\/\/www.eldiario.net\/portal\/wp-json\/wp\/v2\/users\/1"}],"replies":[{"embeddable":true,"href":"https:\/\/www.eldiario.net\/portal\/wp-json\/wp\/v2\/comments?post=203830"}],"version-history":[{"count":1,"href":"https:\/\/www.eldiario.net\/portal\/wp-json\/wp\/v2\/posts\/203830\/revisions"}],"predecessor-version":[{"id":203832,"href":"https:\/\/www.eldiario.net\/portal\/wp-json\/wp\/v2\/posts\/203830\/revisions\/203832"}],"wp:featuredmedia":[{"embeddable":true,"href":"https:\/\/www.eldiario.net\/portal\/wp-json\/wp\/v2\/media\/203831"}],"wp:attachment":[{"href":"https:\/\/www.eldiario.net\/portal\/wp-json\/wp\/v2\/media?parent=203830"}],"wp:term":[{"taxonomy":"category","embeddable":true,"href":"https:\/\/www.eldiario.net\/portal\/wp-json\/wp\/v2\/categories?post=203830"},{"taxonomy":"post_tag","embeddable":true,"href":"https:\/\/www.eldiario.net\/portal\/wp-json\/wp\/v2\/tags?post=203830"}],"curies":[{"name":"wp","href":"https:\/\/api.w.org\/{rel}","templated":true}]}}