{"id":203827,"date":"2024-02-18T06:31:56","date_gmt":"2024-02-18T10:31:56","guid":{"rendered":"https:\/\/www.eldiario.net\/portal\/?p=203827"},"modified":"2024-02-18T06:31:56","modified_gmt":"2024-02-18T10:31:56","slug":"un-mundo-creado-especialmente-para-bella-baxter","status":"publish","type":"post","link":"https:\/\/www.eldiario.net\/portal\/2024\/02\/18\/un-mundo-creado-especialmente-para-bella-baxter\/","title":{"rendered":"Un mundo creado especialmente para Bella Baxter"},"content":{"rendered":"<p>La personalidad singular de Bella Baxter requer\u00eda la construcci\u00f3n de un mundo igualmente singular para que ella habitara. Es por eso que Lanthimos supo desde el comienzo que el mejor camino ser\u00eda el de crear sets desde cero en lugar de filmar en locaciones, y que as\u00ed se convirtieran en parte del entramado de la pel\u00edcula.<br \/>\n\u201cNo pod\u00eda ser algo meramente realista. Tratamos de abrir la \u00e9poca e insertar elementos que aludiesen a otras \u00e9pocas. Eso permite que sea m\u00e1s como un cuento de hadas o m\u00e1s metaf\u00f3rico. As\u00ed que hay varios elementos que son de ciencia ficci\u00f3n, anacr\u00f3nicos o imaginarios\u201d, describe el realizador.<br \/>\nCon base en los estudios Origo de Budapest, se construyeron mundos completos, de escala \u00e9pica, de Londres, Par\u00eds, Alejandr\u00eda y Lisboa, as\u00ed como un transatl\u00e1ntico y la casa de Godwin Baxter. Cada espacio se cre\u00f3 de forma extremadamente detallada, con m\u00faltiples objetos y recursos decorativos que los volv\u00edan aut\u00e9nticamente habitables. En combinaci\u00f3n con los sets f\u00edsicos, el equipo us\u00f3 t\u00e9cnicas como fondos pintados a mano, proyecciones y pantallas LED.<br \/>\nDesde el punto de vista del dise\u00f1o de fotograf\u00eda, Lanthimos opt\u00f3 por filmar las primeras partes de la pel\u00edcula en blanco y negro. Cuando Bella emprende su recorrido por el mundo, se despliegan m\u00faltiples colores.<br \/>\n\u201cUsamos varias texturas, contrastes y colores que solamente se pueden lograr con diferentes tipos de pel\u00edcula. Esto realz\u00f3 la est\u00e9tica visual y la atm\u00f3sfera de m\u00faltiples sets y escenas diferentes\u201d, cuenta el director.<\/p>\n","protected":false},"excerpt":{"rendered":"<p>La personalidad singular de Bella Baxter requer\u00eda la construcci\u00f3n de un mundo igualmente singular para que ella habitara. Es por eso que Lanthimos supo desde el comienzo que el mejor camino ser\u00eda el de crear sets desde cero en lugar de filmar en locaciones, y que as\u00ed se convirtieran en parte del entramado de la [&hellip;]<\/p>\n","protected":false},"author":1,"featured_media":203828,"comment_status":"open","ping_status":"open","sticky":false,"template":"","format":"standard","meta":{"_acf_changed":false,"footnotes":""},"categories":[45],"tags":[],"class_list":["post-203827","post","type-post","status-publish","format-standard","has-post-thumbnail","category-cine-mundo"],"acf":{"antetitulo":""},"yoast_head":"<!-- This site is optimized with the Yoast SEO plugin v28.4 - https:\/\/yoast.com\/product\/yoast-seo-wordpress\/ -->\n<title>Un mundo creado especialmente para Bella Baxter - El Diario - Bolivia<\/title>\n<meta name=\"robots\" content=\"index, follow, max-snippet:-1, max-image-preview:large, max-video-preview:-1\" \/>\n<link rel=\"canonical\" href=\"https:\/\/www.eldiario.net\/portal\/2024\/02\/18\/un-mundo-creado-especialmente-para-bella-baxter\/\" \/>\n<meta property=\"og:locale\" content=\"es_ES\" \/>\n<meta property=\"og:type\" content=\"article\" \/>\n<meta property=\"og:title\" content=\"Un mundo creado especialmente para Bella Baxter - El Diario - Bolivia\" \/>\n<meta property=\"og:description\" content=\"La personalidad singular de Bella Baxter requer\u00eda la construcci\u00f3n de un mundo igualmente singular para que ella habitara. Es por eso que Lanthimos supo desde el comienzo que el mejor camino ser\u00eda el de crear sets desde cero en lugar de filmar en locaciones, y que as\u00ed se convirtieran en parte del entramado de la [&hellip;]\" \/>\n<meta property=\"og:url\" content=\"https:\/\/www.eldiario.net\/portal\/2024\/02\/18\/un-mundo-creado-especialmente-para-bella-baxter\/\" \/>\n<meta property=\"og:site_name\" content=\"El Diario - Bolivia\" \/>\n<meta property=\"article:publisher\" content=\"https:\/\/www.facebook.com\/eldiario.bolivia\/\" \/>\n<meta property=\"article:published_time\" content=\"2024-02-18T10:31:56+00:00\" \/>\n<meta property=\"og:image\" content=\"https:\/\/www.eldiario.net\/portal\/wp-content\/uploads\/2024\/02\/Un-mundo-creado-especialmente-para-Bella-Baxter-2.png\" \/>\n\t<meta property=\"og:image:width\" content=\"855\" \/>\n\t<meta property=\"og:image:height\" content=\"701\" \/>\n\t<meta property=\"og:image:type\" content=\"image\/png\" \/>\n<meta name=\"author\" content=\"Jeanette\" \/>\n<meta name=\"twitter:card\" content=\"summary_large_image\" \/>\n<meta name=\"twitter:creator\" content=\"@eldiario_net\" \/>\n<meta name=\"twitter:site\" content=\"@eldiario_net\" \/>\n<meta name=\"twitter:label1\" content=\"Escrito por\" \/>\n\t<meta name=\"twitter:data1\" content=\"Jeanette\" \/>\n\t<meta name=\"twitter:label2\" content=\"Tiempo de lectura\" \/>\n\t<meta name=\"twitter:data2\" content=\"1 minuto\" \/>\n<script type=\"application\/ld+json\" class=\"yoast-schema-graph\">{\"@context\":\"https:\\\/\\\/schema.org\",\"@graph\":[{\"@type\":\"Article\",\"@id\":\"https:\\\/\\\/www.eldiario.net\\\/portal\\\/2024\\\/02\\\/18\\\/un-mundo-creado-especialmente-para-bella-baxter\\\/#article\",\"isPartOf\":{\"@id\":\"https:\\\/\\\/www.eldiario.net\\\/portal\\\/2024\\\/02\\\/18\\\/un-mundo-creado-especialmente-para-bella-baxter\\\/\"},\"author\":{\"name\":\"Jeanette\",\"@id\":\"https:\\\/\\\/www.eldiario.net\\\/portal\\\/#\\\/schema\\\/person\\\/f46445640444750d7d753ccd04ae01b7\"},\"headline\":\"Un mundo creado especialmente para Bella Baxter\",\"datePublished\":\"2024-02-18T10:31:56+00:00\",\"mainEntityOfPage\":{\"@id\":\"https:\\\/\\\/www.eldiario.net\\\/portal\\\/2024\\\/02\\\/18\\\/un-mundo-creado-especialmente-para-bella-baxter\\\/\"},\"wordCount\":275,\"commentCount\":0,\"publisher\":{\"@id\":\"https:\\\/\\\/www.eldiario.net\\\/portal\\\/#organization\"},\"image\":{\"@id\":\"https:\\\/\\\/www.eldiario.net\\\/portal\\\/2024\\\/02\\\/18\\\/un-mundo-creado-especialmente-para-bella-baxter\\\/#primaryimage\"},\"thumbnailUrl\":\"https:\\\/\\\/www.eldiario.net\\\/portal\\\/wp-content\\\/uploads\\\/2024\\\/02\\\/Un-mundo-creado-especialmente-para-Bella-Baxter-2.png\",\"articleSection\":[\"Cine Mundo\"],\"inLanguage\":\"es\",\"potentialAction\":[{\"@type\":\"CommentAction\",\"name\":\"Comment\",\"target\":[\"https:\\\/\\\/www.eldiario.net\\\/portal\\\/2024\\\/02\\\/18\\\/un-mundo-creado-especialmente-para-bella-baxter\\\/#respond\"]}]},{\"@type\":\"WebPage\",\"@id\":\"https:\\\/\\\/www.eldiario.net\\\/portal\\\/2024\\\/02\\\/18\\\/un-mundo-creado-especialmente-para-bella-baxter\\\/\",\"url\":\"https:\\\/\\\/www.eldiario.net\\\/portal\\\/2024\\\/02\\\/18\\\/un-mundo-creado-especialmente-para-bella-baxter\\\/\",\"name\":\"Un mundo creado especialmente para Bella Baxter - El Diario - Bolivia\",\"isPartOf\":{\"@id\":\"https:\\\/\\\/www.eldiario.net\\\/portal\\\/#website\"},\"primaryImageOfPage\":{\"@id\":\"https:\\\/\\\/www.eldiario.net\\\/portal\\\/2024\\\/02\\\/18\\\/un-mundo-creado-especialmente-para-bella-baxter\\\/#primaryimage\"},\"image\":{\"@id\":\"https:\\\/\\\/www.eldiario.net\\\/portal\\\/2024\\\/02\\\/18\\\/un-mundo-creado-especialmente-para-bella-baxter\\\/#primaryimage\"},\"thumbnailUrl\":\"https:\\\/\\\/www.eldiario.net\\\/portal\\\/wp-content\\\/uploads\\\/2024\\\/02\\\/Un-mundo-creado-especialmente-para-Bella-Baxter-2.png\",\"datePublished\":\"2024-02-18T10:31:56+00:00\",\"breadcrumb\":{\"@id\":\"https:\\\/\\\/www.eldiario.net\\\/portal\\\/2024\\\/02\\\/18\\\/un-mundo-creado-especialmente-para-bella-baxter\\\/#breadcrumb\"},\"inLanguage\":\"es\",\"potentialAction\":[{\"@type\":\"ReadAction\",\"target\":[\"https:\\\/\\\/www.eldiario.net\\\/portal\\\/2024\\\/02\\\/18\\\/un-mundo-creado-especialmente-para-bella-baxter\\\/\"]}]},{\"@type\":\"ImageObject\",\"inLanguage\":\"es\",\"@id\":\"https:\\\/\\\/www.eldiario.net\\\/portal\\\/2024\\\/02\\\/18\\\/un-mundo-creado-especialmente-para-bella-baxter\\\/#primaryimage\",\"url\":\"https:\\\/\\\/www.eldiario.net\\\/portal\\\/wp-content\\\/uploads\\\/2024\\\/02\\\/Un-mundo-creado-especialmente-para-Bella-Baxter-2.png\",\"contentUrl\":\"https:\\\/\\\/www.eldiario.net\\\/portal\\\/wp-content\\\/uploads\\\/2024\\\/02\\\/Un-mundo-creado-especialmente-para-Bella-Baxter-2.png\",\"width\":855,\"height\":701},{\"@type\":\"BreadcrumbList\",\"@id\":\"https:\\\/\\\/www.eldiario.net\\\/portal\\\/2024\\\/02\\\/18\\\/un-mundo-creado-especialmente-para-bella-baxter\\\/#breadcrumb\",\"itemListElement\":[{\"@type\":\"ListItem\",\"position\":1,\"name\":\"Portada\",\"item\":\"https:\\\/\\\/www.eldiario.net\\\/portal\\\/\"},{\"@type\":\"ListItem\",\"position\":2,\"name\":\"Un mundo creado especialmente para Bella Baxter\"}]},{\"@type\":\"WebSite\",\"@id\":\"https:\\\/\\\/www.eldiario.net\\\/portal\\\/#website\",\"url\":\"https:\\\/\\\/www.eldiario.net\\\/portal\\\/\",\"name\":\"El Diario - Decano de la prensa nacional\",\"description\":\"El Diario - Decano de la prensa nacional\",\"publisher\":{\"@id\":\"https:\\\/\\\/www.eldiario.net\\\/portal\\\/#organization\"},\"potentialAction\":[{\"@type\":\"SearchAction\",\"target\":{\"@type\":\"EntryPoint\",\"urlTemplate\":\"https:\\\/\\\/www.eldiario.net\\\/portal\\\/?s={search_term_string}\"},\"query-input\":{\"@type\":\"PropertyValueSpecification\",\"valueRequired\":true,\"valueName\":\"search_term_string\"}}],\"inLanguage\":\"es\"},{\"@type\":\"Organization\",\"@id\":\"https:\\\/\\\/www.eldiario.net\\\/portal\\\/#organization\",\"name\":\"El Diario - Decano de la prensa nacional\",\"url\":\"https:\\\/\\\/www.eldiario.net\\\/portal\\\/\",\"logo\":{\"@type\":\"ImageObject\",\"inLanguage\":\"es\",\"@id\":\"https:\\\/\\\/www.eldiario.net\\\/portal\\\/#\\\/schema\\\/logo\\\/image\\\/\",\"url\":\"https:\\\/\\\/www.eldiario.net\\\/portal\\\/wp-content\\\/uploads\\\/2023\\\/07\\\/logo_ED.jpg\",\"contentUrl\":\"https:\\\/\\\/www.eldiario.net\\\/portal\\\/wp-content\\\/uploads\\\/2023\\\/07\\\/logo_ED.jpg\",\"width\":272,\"height\":52,\"caption\":\"El Diario - Decano de la prensa nacional\"},\"image\":{\"@id\":\"https:\\\/\\\/www.eldiario.net\\\/portal\\\/#\\\/schema\\\/logo\\\/image\\\/\"},\"sameAs\":[\"https:\\\/\\\/www.facebook.com\\\/eldiario.bolivia\\\/\",\"https:\\\/\\\/x.com\\\/eldiario_net\"]},{\"@type\":\"Person\",\"@id\":\"https:\\\/\\\/www.eldiario.net\\\/portal\\\/#\\\/schema\\\/person\\\/f46445640444750d7d753ccd04ae01b7\",\"name\":\"Jeanette\",\"image\":{\"@type\":\"ImageObject\",\"inLanguage\":\"es\",\"@id\":\"https:\\\/\\\/secure.gravatar.com\\\/avatar\\\/3ea2118a5f7dad2b7138b1187a6b7ee55f160b9968b66013c3a3ef39dd7e5798?s=96&d=mm&r=g\",\"url\":\"https:\\\/\\\/secure.gravatar.com\\\/avatar\\\/3ea2118a5f7dad2b7138b1187a6b7ee55f160b9968b66013c3a3ef39dd7e5798?s=96&d=mm&r=g\",\"contentUrl\":\"https:\\\/\\\/secure.gravatar.com\\\/avatar\\\/3ea2118a5f7dad2b7138b1187a6b7ee55f160b9968b66013c3a3ef39dd7e5798?s=96&d=mm&r=g\",\"caption\":\"Jeanette\"},\"sameAs\":[\"https:\\\/\\\/www.eldiario.net\\\/portal\"],\"url\":\"https:\\\/\\\/www.eldiario.net\\\/portal\\\/author\\\/jeanette\\\/\"}]}<\/script>\n<!-- \/ Yoast SEO plugin. -->","yoast_head_json":{"title":"Un mundo creado especialmente para Bella Baxter - El Diario - Bolivia","robots":{"index":"index","follow":"follow","max-snippet":"max-snippet:-1","max-image-preview":"max-image-preview:large","max-video-preview":"max-video-preview:-1"},"canonical":"https:\/\/www.eldiario.net\/portal\/2024\/02\/18\/un-mundo-creado-especialmente-para-bella-baxter\/","og_locale":"es_ES","og_type":"article","og_title":"Un mundo creado especialmente para Bella Baxter - El Diario - Bolivia","og_description":"La personalidad singular de Bella Baxter requer\u00eda la construcci\u00f3n de un mundo igualmente singular para que ella habitara. Es por eso que Lanthimos supo desde el comienzo que el mejor camino ser\u00eda el de crear sets desde cero en lugar de filmar en locaciones, y que as\u00ed se convirtieran en parte del entramado de la [&hellip;]","og_url":"https:\/\/www.eldiario.net\/portal\/2024\/02\/18\/un-mundo-creado-especialmente-para-bella-baxter\/","og_site_name":"El Diario - Bolivia","article_publisher":"https:\/\/www.facebook.com\/eldiario.bolivia\/","article_published_time":"2024-02-18T10:31:56+00:00","og_image":[{"width":855,"height":701,"url":"https:\/\/www.eldiario.net\/portal\/wp-content\/uploads\/2024\/02\/Un-mundo-creado-especialmente-para-Bella-Baxter-2.png","type":"image\/png"}],"author":"Jeanette","twitter_card":"summary_large_image","twitter_creator":"@eldiario_net","twitter_site":"@eldiario_net","twitter_misc":{"Escrito por":"Jeanette","Tiempo de lectura":"1 minuto"},"schema":{"@context":"https:\/\/schema.org","@graph":[{"@type":"Article","@id":"https:\/\/www.eldiario.net\/portal\/2024\/02\/18\/un-mundo-creado-especialmente-para-bella-baxter\/#article","isPartOf":{"@id":"https:\/\/www.eldiario.net\/portal\/2024\/02\/18\/un-mundo-creado-especialmente-para-bella-baxter\/"},"author":{"name":"Jeanette","@id":"https:\/\/www.eldiario.net\/portal\/#\/schema\/person\/f46445640444750d7d753ccd04ae01b7"},"headline":"Un mundo creado especialmente para Bella Baxter","datePublished":"2024-02-18T10:31:56+00:00","mainEntityOfPage":{"@id":"https:\/\/www.eldiario.net\/portal\/2024\/02\/18\/un-mundo-creado-especialmente-para-bella-baxter\/"},"wordCount":275,"commentCount":0,"publisher":{"@id":"https:\/\/www.eldiario.net\/portal\/#organization"},"image":{"@id":"https:\/\/www.eldiario.net\/portal\/2024\/02\/18\/un-mundo-creado-especialmente-para-bella-baxter\/#primaryimage"},"thumbnailUrl":"https:\/\/www.eldiario.net\/portal\/wp-content\/uploads\/2024\/02\/Un-mundo-creado-especialmente-para-Bella-Baxter-2.png","articleSection":["Cine Mundo"],"inLanguage":"es","potentialAction":[{"@type":"CommentAction","name":"Comment","target":["https:\/\/www.eldiario.net\/portal\/2024\/02\/18\/un-mundo-creado-especialmente-para-bella-baxter\/#respond"]}]},{"@type":"WebPage","@id":"https:\/\/www.eldiario.net\/portal\/2024\/02\/18\/un-mundo-creado-especialmente-para-bella-baxter\/","url":"https:\/\/www.eldiario.net\/portal\/2024\/02\/18\/un-mundo-creado-especialmente-para-bella-baxter\/","name":"Un mundo creado especialmente para Bella Baxter - El Diario - Bolivia","isPartOf":{"@id":"https:\/\/www.eldiario.net\/portal\/#website"},"primaryImageOfPage":{"@id":"https:\/\/www.eldiario.net\/portal\/2024\/02\/18\/un-mundo-creado-especialmente-para-bella-baxter\/#primaryimage"},"image":{"@id":"https:\/\/www.eldiario.net\/portal\/2024\/02\/18\/un-mundo-creado-especialmente-para-bella-baxter\/#primaryimage"},"thumbnailUrl":"https:\/\/www.eldiario.net\/portal\/wp-content\/uploads\/2024\/02\/Un-mundo-creado-especialmente-para-Bella-Baxter-2.png","datePublished":"2024-02-18T10:31:56+00:00","breadcrumb":{"@id":"https:\/\/www.eldiario.net\/portal\/2024\/02\/18\/un-mundo-creado-especialmente-para-bella-baxter\/#breadcrumb"},"inLanguage":"es","potentialAction":[{"@type":"ReadAction","target":["https:\/\/www.eldiario.net\/portal\/2024\/02\/18\/un-mundo-creado-especialmente-para-bella-baxter\/"]}]},{"@type":"ImageObject","inLanguage":"es","@id":"https:\/\/www.eldiario.net\/portal\/2024\/02\/18\/un-mundo-creado-especialmente-para-bella-baxter\/#primaryimage","url":"https:\/\/www.eldiario.net\/portal\/wp-content\/uploads\/2024\/02\/Un-mundo-creado-especialmente-para-Bella-Baxter-2.png","contentUrl":"https:\/\/www.eldiario.net\/portal\/wp-content\/uploads\/2024\/02\/Un-mundo-creado-especialmente-para-Bella-Baxter-2.png","width":855,"height":701},{"@type":"BreadcrumbList","@id":"https:\/\/www.eldiario.net\/portal\/2024\/02\/18\/un-mundo-creado-especialmente-para-bella-baxter\/#breadcrumb","itemListElement":[{"@type":"ListItem","position":1,"name":"Portada","item":"https:\/\/www.eldiario.net\/portal\/"},{"@type":"ListItem","position":2,"name":"Un mundo creado especialmente para Bella Baxter"}]},{"@type":"WebSite","@id":"https:\/\/www.eldiario.net\/portal\/#website","url":"https:\/\/www.eldiario.net\/portal\/","name":"El Diario - Decano de la prensa nacional","description":"El Diario - Decano de la prensa nacional","publisher":{"@id":"https:\/\/www.eldiario.net\/portal\/#organization"},"potentialAction":[{"@type":"SearchAction","target":{"@type":"EntryPoint","urlTemplate":"https:\/\/www.eldiario.net\/portal\/?s={search_term_string}"},"query-input":{"@type":"PropertyValueSpecification","valueRequired":true,"valueName":"search_term_string"}}],"inLanguage":"es"},{"@type":"Organization","@id":"https:\/\/www.eldiario.net\/portal\/#organization","name":"El Diario - Decano de la prensa nacional","url":"https:\/\/www.eldiario.net\/portal\/","logo":{"@type":"ImageObject","inLanguage":"es","@id":"https:\/\/www.eldiario.net\/portal\/#\/schema\/logo\/image\/","url":"https:\/\/www.eldiario.net\/portal\/wp-content\/uploads\/2023\/07\/logo_ED.jpg","contentUrl":"https:\/\/www.eldiario.net\/portal\/wp-content\/uploads\/2023\/07\/logo_ED.jpg","width":272,"height":52,"caption":"El Diario - Decano de la prensa nacional"},"image":{"@id":"https:\/\/www.eldiario.net\/portal\/#\/schema\/logo\/image\/"},"sameAs":["https:\/\/www.facebook.com\/eldiario.bolivia\/","https:\/\/x.com\/eldiario_net"]},{"@type":"Person","@id":"https:\/\/www.eldiario.net\/portal\/#\/schema\/person\/f46445640444750d7d753ccd04ae01b7","name":"Jeanette","image":{"@type":"ImageObject","inLanguage":"es","@id":"https:\/\/secure.gravatar.com\/avatar\/3ea2118a5f7dad2b7138b1187a6b7ee55f160b9968b66013c3a3ef39dd7e5798?s=96&d=mm&r=g","url":"https:\/\/secure.gravatar.com\/avatar\/3ea2118a5f7dad2b7138b1187a6b7ee55f160b9968b66013c3a3ef39dd7e5798?s=96&d=mm&r=g","contentUrl":"https:\/\/secure.gravatar.com\/avatar\/3ea2118a5f7dad2b7138b1187a6b7ee55f160b9968b66013c3a3ef39dd7e5798?s=96&d=mm&r=g","caption":"Jeanette"},"sameAs":["https:\/\/www.eldiario.net\/portal"],"url":"https:\/\/www.eldiario.net\/portal\/author\/jeanette\/"}]}},"_links":{"self":[{"href":"https:\/\/www.eldiario.net\/portal\/wp-json\/wp\/v2\/posts\/203827","targetHints":{"allow":["GET"]}}],"collection":[{"href":"https:\/\/www.eldiario.net\/portal\/wp-json\/wp\/v2\/posts"}],"about":[{"href":"https:\/\/www.eldiario.net\/portal\/wp-json\/wp\/v2\/types\/post"}],"author":[{"embeddable":true,"href":"https:\/\/www.eldiario.net\/portal\/wp-json\/wp\/v2\/users\/1"}],"replies":[{"embeddable":true,"href":"https:\/\/www.eldiario.net\/portal\/wp-json\/wp\/v2\/comments?post=203827"}],"version-history":[{"count":1,"href":"https:\/\/www.eldiario.net\/portal\/wp-json\/wp\/v2\/posts\/203827\/revisions"}],"predecessor-version":[{"id":203829,"href":"https:\/\/www.eldiario.net\/portal\/wp-json\/wp\/v2\/posts\/203827\/revisions\/203829"}],"wp:featuredmedia":[{"embeddable":true,"href":"https:\/\/www.eldiario.net\/portal\/wp-json\/wp\/v2\/media\/203828"}],"wp:attachment":[{"href":"https:\/\/www.eldiario.net\/portal\/wp-json\/wp\/v2\/media?parent=203827"}],"wp:term":[{"taxonomy":"category","embeddable":true,"href":"https:\/\/www.eldiario.net\/portal\/wp-json\/wp\/v2\/categories?post=203827"},{"taxonomy":"post_tag","embeddable":true,"href":"https:\/\/www.eldiario.net\/portal\/wp-json\/wp\/v2\/tags?post=203827"}],"curies":[{"name":"wp","href":"https:\/\/api.w.org\/{rel}","templated":true}]}}