{"id":203805,"date":"2024-02-18T06:22:46","date_gmt":"2024-02-18T10:22:46","guid":{"rendered":"https:\/\/www.eldiario.net\/portal\/?p=203805"},"modified":"2024-02-18T06:22:46","modified_gmt":"2024-02-18T10:22:46","slug":"pobladores-determinan-ingresar-en-cuarto-intermedio-en-bloqueo","status":"publish","type":"post","link":"https:\/\/www.eldiario.net\/portal\/2024\/02\/18\/pobladores-determinan-ingresar-en-cuarto-intermedio-en-bloqueo\/","title":{"rendered":"Pobladores determinan ingresar  en cuarto intermedio en bloqueo"},"content":{"rendered":"<p>Cuando se cumpl\u00eda el tercer d\u00eda del bloqueo, comunarios y legisladores llegan a un acuerdo preliminar e ingresan en cuarto intermedio en el bloqueo de caminos en Yapacan\u00ed. La medida se reanudar\u00e1 el viernes 23 de febrero, si hasta entonces las autoridades no atienden su demanda, que tiene que ver con la construcci\u00f3n de un tramo carretero en Faja Norte.<br \/>\nEntre los legisladores que llegaron hasta la zona est\u00e1 la diputada del MAS, Deisy Choque, quien inform\u00f3 \u201clo hemos dicho cuando venimos, tenemos el compromiso de poder aprobar. El d\u00eda mi\u00e9rcoles cuando seamos convocados para la sesi\u00f3n del d\u00eda jueves, ya tengamos el proyecto aprobado para enviar a la C\u00e1mara de Senadores\u201d.<br \/>\nLa legisladora hace referencia al proyecto de ley que viabiliza la aprobaci\u00f3n de un cr\u00e9dito de Fonplata, cuyo objetivo tiene la ejecuci\u00f3n de m\u00e1s de 60 kil\u00f3metros de carretera en Faja Norte.<br \/>\n\u201cLo que necesitamos es que el diputado de Yapacan\u00ed se sume al pedido del pueblo, que \u00e9l encabece las gestiones de sus amigos (el ala \u2018evista\u2019 del MAS), que por cierto no nos apoya. Nosotros hemos respaldado el proyecto de ley\u201d, agreg\u00f3.<br \/>\nDe su lado, los comunarios aseguraron que \u201chemos levantado el bloqueo, porque esperamos que hasta el jueves (22 de febrero) aprueben el proyecto de ley\u201d.<br \/>\nDicho proyecto se encuentra en agenda de la Asamblea Legislativa y est\u00e1 sujeto al cumplimiento de los acuerdos pol\u00edticos con la oposici\u00f3n por el tema de las elecciones judiciales.<br \/>\nParte del acuerdo firmado por los arcistas, se\u00f1ala que \u201cen caso de incumplimiento con el tratamiento y aprobaci\u00f3n de la Ley 255\/2023-2024 de la carretera Faja Norte, se tomar\u00e1n medidas m\u00e1s dr\u00e1sticas como la toma de los pozos petroleros y el cierre de v\u00e1lvulas\u201d.<br \/>\nLas organizaciones sociales ratificaron su estado de emergencia y anunciaron el env\u00edo de una comisi\u00f3n a la ciudad de La Paz, para estar en vigilia hasta la aprobaci\u00f3n del proyecto de ley.<br \/>\nLuego de suscribirse el acuerdo, cerca de las seis de la ma\u00f1ana, maquinaria pesada procedi\u00f3 a levantar los promontorios de tierra que instalaron en un punto de bloqueo el mi\u00e9rcoles sobre la carretera Santa Cruz-Cochabamba. (Agencias)<\/p>\n","protected":false},"excerpt":{"rendered":"<p>Cuando se cumpl\u00eda el tercer d\u00eda del bloqueo, comunarios y legisladores llegan a un acuerdo preliminar e ingresan en cuarto intermedio en el bloqueo de caminos en Yapacan\u00ed. La medida se reanudar\u00e1 el viernes 23 de febrero, si hasta entonces las autoridades no atienden su demanda, que tiene que ver con la construcci\u00f3n de un [&hellip;]<\/p>\n","protected":false},"author":1,"featured_media":203806,"comment_status":"open","ping_status":"open","sticky":false,"template":"","format":"standard","meta":{"_acf_changed":false,"footnotes":""},"categories":[12],"tags":[],"class_list":["post-203805","post","type-post","status-publish","format-standard","has-post-thumbnail","category-nacional"],"acf":{"antetitulo":"Yapacan\u00ed"},"yoast_head":"<!-- This site is optimized with the Yoast SEO plugin v28.4 - https:\/\/yoast.com\/product\/yoast-seo-wordpress\/ -->\n<title>Pobladores determinan ingresar en cuarto intermedio en bloqueo - El Diario - Bolivia<\/title>\n<meta name=\"robots\" content=\"index, follow, max-snippet:-1, max-image-preview:large, max-video-preview:-1\" \/>\n<link rel=\"canonical\" href=\"https:\/\/www.eldiario.net\/portal\/2024\/02\/18\/pobladores-determinan-ingresar-en-cuarto-intermedio-en-bloqueo\/\" \/>\n<meta property=\"og:locale\" content=\"es_ES\" \/>\n<meta property=\"og:type\" content=\"article\" \/>\n<meta property=\"og:title\" content=\"Pobladores determinan ingresar en cuarto intermedio en bloqueo - El Diario - Bolivia\" \/>\n<meta property=\"og:description\" content=\"Cuando se cumpl\u00eda el tercer d\u00eda del bloqueo, comunarios y legisladores llegan a un acuerdo preliminar e ingresan en cuarto intermedio en el bloqueo de caminos en Yapacan\u00ed. La medida se reanudar\u00e1 el viernes 23 de febrero, si hasta entonces las autoridades no atienden su demanda, que tiene que ver con la construcci\u00f3n de un [&hellip;]\" \/>\n<meta property=\"og:url\" content=\"https:\/\/www.eldiario.net\/portal\/2024\/02\/18\/pobladores-determinan-ingresar-en-cuarto-intermedio-en-bloqueo\/\" \/>\n<meta property=\"og:site_name\" content=\"El Diario - Bolivia\" \/>\n<meta property=\"article:publisher\" content=\"https:\/\/www.facebook.com\/eldiario.bolivia\/\" \/>\n<meta property=\"article:published_time\" content=\"2024-02-18T10:22:46+00:00\" \/>\n<meta property=\"og:image\" content=\"https:\/\/www.eldiario.net\/portal\/wp-content\/uploads\/2024\/02\/18-yapacani.png\" \/>\n\t<meta property=\"og:image:width\" content=\"760\" \/>\n\t<meta property=\"og:image:height\" content=\"520\" \/>\n\t<meta property=\"og:image:type\" content=\"image\/png\" \/>\n<meta name=\"author\" content=\"Jeanette\" \/>\n<meta name=\"twitter:card\" content=\"summary_large_image\" \/>\n<meta name=\"twitter:creator\" content=\"@eldiario_net\" \/>\n<meta name=\"twitter:site\" content=\"@eldiario_net\" \/>\n<meta name=\"twitter:label1\" content=\"Escrito por\" \/>\n\t<meta name=\"twitter:data1\" content=\"Jeanette\" \/>\n\t<meta name=\"twitter:label2\" content=\"Tiempo de lectura\" \/>\n\t<meta name=\"twitter:data2\" content=\"2 minutos\" \/>\n<script type=\"application\/ld+json\" class=\"yoast-schema-graph\">{\"@context\":\"https:\\\/\\\/schema.org\",\"@graph\":[{\"@type\":\"Article\",\"@id\":\"https:\\\/\\\/www.eldiario.net\\\/portal\\\/2024\\\/02\\\/18\\\/pobladores-determinan-ingresar-en-cuarto-intermedio-en-bloqueo\\\/#article\",\"isPartOf\":{\"@id\":\"https:\\\/\\\/www.eldiario.net\\\/portal\\\/2024\\\/02\\\/18\\\/pobladores-determinan-ingresar-en-cuarto-intermedio-en-bloqueo\\\/\"},\"author\":{\"name\":\"Jeanette\",\"@id\":\"https:\\\/\\\/www.eldiario.net\\\/portal\\\/#\\\/schema\\\/person\\\/f46445640444750d7d753ccd04ae01b7\"},\"headline\":\"Pobladores determinan ingresar en cuarto intermedio en bloqueo\",\"datePublished\":\"2024-02-18T10:22:46+00:00\",\"mainEntityOfPage\":{\"@id\":\"https:\\\/\\\/www.eldiario.net\\\/portal\\\/2024\\\/02\\\/18\\\/pobladores-determinan-ingresar-en-cuarto-intermedio-en-bloqueo\\\/\"},\"wordCount\":383,\"commentCount\":0,\"publisher\":{\"@id\":\"https:\\\/\\\/www.eldiario.net\\\/portal\\\/#organization\"},\"image\":{\"@id\":\"https:\\\/\\\/www.eldiario.net\\\/portal\\\/2024\\\/02\\\/18\\\/pobladores-determinan-ingresar-en-cuarto-intermedio-en-bloqueo\\\/#primaryimage\"},\"thumbnailUrl\":\"https:\\\/\\\/www.eldiario.net\\\/portal\\\/wp-content\\\/uploads\\\/2024\\\/02\\\/18-yapacani.png\",\"articleSection\":[\"Nacional\"],\"inLanguage\":\"es\",\"potentialAction\":[{\"@type\":\"CommentAction\",\"name\":\"Comment\",\"target\":[\"https:\\\/\\\/www.eldiario.net\\\/portal\\\/2024\\\/02\\\/18\\\/pobladores-determinan-ingresar-en-cuarto-intermedio-en-bloqueo\\\/#respond\"]}]},{\"@type\":\"WebPage\",\"@id\":\"https:\\\/\\\/www.eldiario.net\\\/portal\\\/2024\\\/02\\\/18\\\/pobladores-determinan-ingresar-en-cuarto-intermedio-en-bloqueo\\\/\",\"url\":\"https:\\\/\\\/www.eldiario.net\\\/portal\\\/2024\\\/02\\\/18\\\/pobladores-determinan-ingresar-en-cuarto-intermedio-en-bloqueo\\\/\",\"name\":\"Pobladores determinan ingresar en cuarto intermedio en bloqueo - El Diario - Bolivia\",\"isPartOf\":{\"@id\":\"https:\\\/\\\/www.eldiario.net\\\/portal\\\/#website\"},\"primaryImageOfPage\":{\"@id\":\"https:\\\/\\\/www.eldiario.net\\\/portal\\\/2024\\\/02\\\/18\\\/pobladores-determinan-ingresar-en-cuarto-intermedio-en-bloqueo\\\/#primaryimage\"},\"image\":{\"@id\":\"https:\\\/\\\/www.eldiario.net\\\/portal\\\/2024\\\/02\\\/18\\\/pobladores-determinan-ingresar-en-cuarto-intermedio-en-bloqueo\\\/#primaryimage\"},\"thumbnailUrl\":\"https:\\\/\\\/www.eldiario.net\\\/portal\\\/wp-content\\\/uploads\\\/2024\\\/02\\\/18-yapacani.png\",\"datePublished\":\"2024-02-18T10:22:46+00:00\",\"breadcrumb\":{\"@id\":\"https:\\\/\\\/www.eldiario.net\\\/portal\\\/2024\\\/02\\\/18\\\/pobladores-determinan-ingresar-en-cuarto-intermedio-en-bloqueo\\\/#breadcrumb\"},\"inLanguage\":\"es\",\"potentialAction\":[{\"@type\":\"ReadAction\",\"target\":[\"https:\\\/\\\/www.eldiario.net\\\/portal\\\/2024\\\/02\\\/18\\\/pobladores-determinan-ingresar-en-cuarto-intermedio-en-bloqueo\\\/\"]}]},{\"@type\":\"ImageObject\",\"inLanguage\":\"es\",\"@id\":\"https:\\\/\\\/www.eldiario.net\\\/portal\\\/2024\\\/02\\\/18\\\/pobladores-determinan-ingresar-en-cuarto-intermedio-en-bloqueo\\\/#primaryimage\",\"url\":\"https:\\\/\\\/www.eldiario.net\\\/portal\\\/wp-content\\\/uploads\\\/2024\\\/02\\\/18-yapacani.png\",\"contentUrl\":\"https:\\\/\\\/www.eldiario.net\\\/portal\\\/wp-content\\\/uploads\\\/2024\\\/02\\\/18-yapacani.png\",\"width\":760,\"height\":520,\"caption\":\"Bloqueo de caminos en Yapacan\u00ed queda en suspenso.\"},{\"@type\":\"BreadcrumbList\",\"@id\":\"https:\\\/\\\/www.eldiario.net\\\/portal\\\/2024\\\/02\\\/18\\\/pobladores-determinan-ingresar-en-cuarto-intermedio-en-bloqueo\\\/#breadcrumb\",\"itemListElement\":[{\"@type\":\"ListItem\",\"position\":1,\"name\":\"Portada\",\"item\":\"https:\\\/\\\/www.eldiario.net\\\/portal\\\/\"},{\"@type\":\"ListItem\",\"position\":2,\"name\":\"Pobladores determinan ingresar en cuarto intermedio en bloqueo\"}]},{\"@type\":\"WebSite\",\"@id\":\"https:\\\/\\\/www.eldiario.net\\\/portal\\\/#website\",\"url\":\"https:\\\/\\\/www.eldiario.net\\\/portal\\\/\",\"name\":\"El Diario - Decano de la prensa nacional\",\"description\":\"El Diario - Decano de la prensa nacional\",\"publisher\":{\"@id\":\"https:\\\/\\\/www.eldiario.net\\\/portal\\\/#organization\"},\"potentialAction\":[{\"@type\":\"SearchAction\",\"target\":{\"@type\":\"EntryPoint\",\"urlTemplate\":\"https:\\\/\\\/www.eldiario.net\\\/portal\\\/?s={search_term_string}\"},\"query-input\":{\"@type\":\"PropertyValueSpecification\",\"valueRequired\":true,\"valueName\":\"search_term_string\"}}],\"inLanguage\":\"es\"},{\"@type\":\"Organization\",\"@id\":\"https:\\\/\\\/www.eldiario.net\\\/portal\\\/#organization\",\"name\":\"El Diario - Decano de la prensa nacional\",\"url\":\"https:\\\/\\\/www.eldiario.net\\\/portal\\\/\",\"logo\":{\"@type\":\"ImageObject\",\"inLanguage\":\"es\",\"@id\":\"https:\\\/\\\/www.eldiario.net\\\/portal\\\/#\\\/schema\\\/logo\\\/image\\\/\",\"url\":\"https:\\\/\\\/www.eldiario.net\\\/portal\\\/wp-content\\\/uploads\\\/2023\\\/07\\\/logo_ED.jpg\",\"contentUrl\":\"https:\\\/\\\/www.eldiario.net\\\/portal\\\/wp-content\\\/uploads\\\/2023\\\/07\\\/logo_ED.jpg\",\"width\":272,\"height\":52,\"caption\":\"El Diario - Decano de la prensa nacional\"},\"image\":{\"@id\":\"https:\\\/\\\/www.eldiario.net\\\/portal\\\/#\\\/schema\\\/logo\\\/image\\\/\"},\"sameAs\":[\"https:\\\/\\\/www.facebook.com\\\/eldiario.bolivia\\\/\",\"https:\\\/\\\/x.com\\\/eldiario_net\"]},{\"@type\":\"Person\",\"@id\":\"https:\\\/\\\/www.eldiario.net\\\/portal\\\/#\\\/schema\\\/person\\\/f46445640444750d7d753ccd04ae01b7\",\"name\":\"Jeanette\",\"image\":{\"@type\":\"ImageObject\",\"inLanguage\":\"es\",\"@id\":\"https:\\\/\\\/secure.gravatar.com\\\/avatar\\\/3ea2118a5f7dad2b7138b1187a6b7ee55f160b9968b66013c3a3ef39dd7e5798?s=96&d=mm&r=g\",\"url\":\"https:\\\/\\\/secure.gravatar.com\\\/avatar\\\/3ea2118a5f7dad2b7138b1187a6b7ee55f160b9968b66013c3a3ef39dd7e5798?s=96&d=mm&r=g\",\"contentUrl\":\"https:\\\/\\\/secure.gravatar.com\\\/avatar\\\/3ea2118a5f7dad2b7138b1187a6b7ee55f160b9968b66013c3a3ef39dd7e5798?s=96&d=mm&r=g\",\"caption\":\"Jeanette\"},\"sameAs\":[\"https:\\\/\\\/www.eldiario.net\\\/portal\"],\"url\":\"https:\\\/\\\/www.eldiario.net\\\/portal\\\/author\\\/jeanette\\\/\"}]}<\/script>\n<!-- \/ Yoast SEO plugin. -->","yoast_head_json":{"title":"Pobladores determinan ingresar en cuarto intermedio en bloqueo - El Diario - Bolivia","robots":{"index":"index","follow":"follow","max-snippet":"max-snippet:-1","max-image-preview":"max-image-preview:large","max-video-preview":"max-video-preview:-1"},"canonical":"https:\/\/www.eldiario.net\/portal\/2024\/02\/18\/pobladores-determinan-ingresar-en-cuarto-intermedio-en-bloqueo\/","og_locale":"es_ES","og_type":"article","og_title":"Pobladores determinan ingresar en cuarto intermedio en bloqueo - El Diario - Bolivia","og_description":"Cuando se cumpl\u00eda el tercer d\u00eda del bloqueo, comunarios y legisladores llegan a un acuerdo preliminar e ingresan en cuarto intermedio en el bloqueo de caminos en Yapacan\u00ed. La medida se reanudar\u00e1 el viernes 23 de febrero, si hasta entonces las autoridades no atienden su demanda, que tiene que ver con la construcci\u00f3n de un [&hellip;]","og_url":"https:\/\/www.eldiario.net\/portal\/2024\/02\/18\/pobladores-determinan-ingresar-en-cuarto-intermedio-en-bloqueo\/","og_site_name":"El Diario - Bolivia","article_publisher":"https:\/\/www.facebook.com\/eldiario.bolivia\/","article_published_time":"2024-02-18T10:22:46+00:00","og_image":[{"width":760,"height":520,"url":"https:\/\/www.eldiario.net\/portal\/wp-content\/uploads\/2024\/02\/18-yapacani.png","type":"image\/png"}],"author":"Jeanette","twitter_card":"summary_large_image","twitter_creator":"@eldiario_net","twitter_site":"@eldiario_net","twitter_misc":{"Escrito por":"Jeanette","Tiempo de lectura":"2 minutos"},"schema":{"@context":"https:\/\/schema.org","@graph":[{"@type":"Article","@id":"https:\/\/www.eldiario.net\/portal\/2024\/02\/18\/pobladores-determinan-ingresar-en-cuarto-intermedio-en-bloqueo\/#article","isPartOf":{"@id":"https:\/\/www.eldiario.net\/portal\/2024\/02\/18\/pobladores-determinan-ingresar-en-cuarto-intermedio-en-bloqueo\/"},"author":{"name":"Jeanette","@id":"https:\/\/www.eldiario.net\/portal\/#\/schema\/person\/f46445640444750d7d753ccd04ae01b7"},"headline":"Pobladores determinan ingresar en cuarto intermedio en bloqueo","datePublished":"2024-02-18T10:22:46+00:00","mainEntityOfPage":{"@id":"https:\/\/www.eldiario.net\/portal\/2024\/02\/18\/pobladores-determinan-ingresar-en-cuarto-intermedio-en-bloqueo\/"},"wordCount":383,"commentCount":0,"publisher":{"@id":"https:\/\/www.eldiario.net\/portal\/#organization"},"image":{"@id":"https:\/\/www.eldiario.net\/portal\/2024\/02\/18\/pobladores-determinan-ingresar-en-cuarto-intermedio-en-bloqueo\/#primaryimage"},"thumbnailUrl":"https:\/\/www.eldiario.net\/portal\/wp-content\/uploads\/2024\/02\/18-yapacani.png","articleSection":["Nacional"],"inLanguage":"es","potentialAction":[{"@type":"CommentAction","name":"Comment","target":["https:\/\/www.eldiario.net\/portal\/2024\/02\/18\/pobladores-determinan-ingresar-en-cuarto-intermedio-en-bloqueo\/#respond"]}]},{"@type":"WebPage","@id":"https:\/\/www.eldiario.net\/portal\/2024\/02\/18\/pobladores-determinan-ingresar-en-cuarto-intermedio-en-bloqueo\/","url":"https:\/\/www.eldiario.net\/portal\/2024\/02\/18\/pobladores-determinan-ingresar-en-cuarto-intermedio-en-bloqueo\/","name":"Pobladores determinan ingresar en cuarto intermedio en bloqueo - El Diario - Bolivia","isPartOf":{"@id":"https:\/\/www.eldiario.net\/portal\/#website"},"primaryImageOfPage":{"@id":"https:\/\/www.eldiario.net\/portal\/2024\/02\/18\/pobladores-determinan-ingresar-en-cuarto-intermedio-en-bloqueo\/#primaryimage"},"image":{"@id":"https:\/\/www.eldiario.net\/portal\/2024\/02\/18\/pobladores-determinan-ingresar-en-cuarto-intermedio-en-bloqueo\/#primaryimage"},"thumbnailUrl":"https:\/\/www.eldiario.net\/portal\/wp-content\/uploads\/2024\/02\/18-yapacani.png","datePublished":"2024-02-18T10:22:46+00:00","breadcrumb":{"@id":"https:\/\/www.eldiario.net\/portal\/2024\/02\/18\/pobladores-determinan-ingresar-en-cuarto-intermedio-en-bloqueo\/#breadcrumb"},"inLanguage":"es","potentialAction":[{"@type":"ReadAction","target":["https:\/\/www.eldiario.net\/portal\/2024\/02\/18\/pobladores-determinan-ingresar-en-cuarto-intermedio-en-bloqueo\/"]}]},{"@type":"ImageObject","inLanguage":"es","@id":"https:\/\/www.eldiario.net\/portal\/2024\/02\/18\/pobladores-determinan-ingresar-en-cuarto-intermedio-en-bloqueo\/#primaryimage","url":"https:\/\/www.eldiario.net\/portal\/wp-content\/uploads\/2024\/02\/18-yapacani.png","contentUrl":"https:\/\/www.eldiario.net\/portal\/wp-content\/uploads\/2024\/02\/18-yapacani.png","width":760,"height":520,"caption":"Bloqueo de caminos en Yapacan\u00ed queda en suspenso."},{"@type":"BreadcrumbList","@id":"https:\/\/www.eldiario.net\/portal\/2024\/02\/18\/pobladores-determinan-ingresar-en-cuarto-intermedio-en-bloqueo\/#breadcrumb","itemListElement":[{"@type":"ListItem","position":1,"name":"Portada","item":"https:\/\/www.eldiario.net\/portal\/"},{"@type":"ListItem","position":2,"name":"Pobladores determinan ingresar en cuarto intermedio en bloqueo"}]},{"@type":"WebSite","@id":"https:\/\/www.eldiario.net\/portal\/#website","url":"https:\/\/www.eldiario.net\/portal\/","name":"El Diario - Decano de la prensa nacional","description":"El Diario - Decano de la prensa nacional","publisher":{"@id":"https:\/\/www.eldiario.net\/portal\/#organization"},"potentialAction":[{"@type":"SearchAction","target":{"@type":"EntryPoint","urlTemplate":"https:\/\/www.eldiario.net\/portal\/?s={search_term_string}"},"query-input":{"@type":"PropertyValueSpecification","valueRequired":true,"valueName":"search_term_string"}}],"inLanguage":"es"},{"@type":"Organization","@id":"https:\/\/www.eldiario.net\/portal\/#organization","name":"El Diario - Decano de la prensa nacional","url":"https:\/\/www.eldiario.net\/portal\/","logo":{"@type":"ImageObject","inLanguage":"es","@id":"https:\/\/www.eldiario.net\/portal\/#\/schema\/logo\/image\/","url":"https:\/\/www.eldiario.net\/portal\/wp-content\/uploads\/2023\/07\/logo_ED.jpg","contentUrl":"https:\/\/www.eldiario.net\/portal\/wp-content\/uploads\/2023\/07\/logo_ED.jpg","width":272,"height":52,"caption":"El Diario - Decano de la prensa nacional"},"image":{"@id":"https:\/\/www.eldiario.net\/portal\/#\/schema\/logo\/image\/"},"sameAs":["https:\/\/www.facebook.com\/eldiario.bolivia\/","https:\/\/x.com\/eldiario_net"]},{"@type":"Person","@id":"https:\/\/www.eldiario.net\/portal\/#\/schema\/person\/f46445640444750d7d753ccd04ae01b7","name":"Jeanette","image":{"@type":"ImageObject","inLanguage":"es","@id":"https:\/\/secure.gravatar.com\/avatar\/3ea2118a5f7dad2b7138b1187a6b7ee55f160b9968b66013c3a3ef39dd7e5798?s=96&d=mm&r=g","url":"https:\/\/secure.gravatar.com\/avatar\/3ea2118a5f7dad2b7138b1187a6b7ee55f160b9968b66013c3a3ef39dd7e5798?s=96&d=mm&r=g","contentUrl":"https:\/\/secure.gravatar.com\/avatar\/3ea2118a5f7dad2b7138b1187a6b7ee55f160b9968b66013c3a3ef39dd7e5798?s=96&d=mm&r=g","caption":"Jeanette"},"sameAs":["https:\/\/www.eldiario.net\/portal"],"url":"https:\/\/www.eldiario.net\/portal\/author\/jeanette\/"}]}},"_links":{"self":[{"href":"https:\/\/www.eldiario.net\/portal\/wp-json\/wp\/v2\/posts\/203805","targetHints":{"allow":["GET"]}}],"collection":[{"href":"https:\/\/www.eldiario.net\/portal\/wp-json\/wp\/v2\/posts"}],"about":[{"href":"https:\/\/www.eldiario.net\/portal\/wp-json\/wp\/v2\/types\/post"}],"author":[{"embeddable":true,"href":"https:\/\/www.eldiario.net\/portal\/wp-json\/wp\/v2\/users\/1"}],"replies":[{"embeddable":true,"href":"https:\/\/www.eldiario.net\/portal\/wp-json\/wp\/v2\/comments?post=203805"}],"version-history":[{"count":1,"href":"https:\/\/www.eldiario.net\/portal\/wp-json\/wp\/v2\/posts\/203805\/revisions"}],"predecessor-version":[{"id":203807,"href":"https:\/\/www.eldiario.net\/portal\/wp-json\/wp\/v2\/posts\/203805\/revisions\/203807"}],"wp:featuredmedia":[{"embeddable":true,"href":"https:\/\/www.eldiario.net\/portal\/wp-json\/wp\/v2\/media\/203806"}],"wp:attachment":[{"href":"https:\/\/www.eldiario.net\/portal\/wp-json\/wp\/v2\/media?parent=203805"}],"wp:term":[{"taxonomy":"category","embeddable":true,"href":"https:\/\/www.eldiario.net\/portal\/wp-json\/wp\/v2\/categories?post=203805"},{"taxonomy":"post_tag","embeddable":true,"href":"https:\/\/www.eldiario.net\/portal\/wp-json\/wp\/v2\/tags?post=203805"}],"curies":[{"name":"wp","href":"https:\/\/api.w.org\/{rel}","templated":true}]}}