{"id":203585,"date":"2024-02-17T06:45:25","date_gmt":"2024-02-17T10:45:25","guid":{"rendered":"https:\/\/www.eldiario.net\/portal\/?p=203585"},"modified":"2024-02-17T06:45:25","modified_gmt":"2024-02-17T10:45:25","slug":"gobierno-debe-aceptar-que-el-pais-esta-en-crisis","status":"publish","type":"post","link":"https:\/\/www.eldiario.net\/portal\/2024\/02\/17\/gobierno-debe-aceptar-que-el-pais-esta-en-crisis\/","title":{"rendered":"Gobierno debe aceptar  que el pa\u00eds est\u00e1 en crisis"},"content":{"rendered":"<p>Ante la crisis por la falta de d\u00f3lares en territorio nacional con la posibilidad de que esta escasez tienda a agudizarse en el futuro, el diputado por la alianza Comunidad Ciudadana (CC), Jos\u00e9 Luis Porcel, exhort\u00f3 a autoridades de Gobierno en aceptar que el pa\u00eds atraviesa por una peligrosa crisis en su econom\u00eda y adoptar medidas urgentes para revertir esta situaci\u00f3n.<br \/>\nPorcel cuestion\u00f3 que desde instancias gubernamentales se trate de minimizar el problema por la falta de d\u00f3lares. Manifest\u00f3 su preocupaci\u00f3n por la forma en que autoridades nacionales tratan de manipular la informaci\u00f3n relacionada con la econom\u00eda nacional.<br \/>\nExplic\u00f3 que de continuar este ritmo, sin la aplicaci\u00f3n de medidas econ\u00f3micas, es posible que en los siguientes meses el problema se salga de control, debido que el pa\u00eds no cuenta con la cantidad suficiente de exportaciones para cubrir el porcentaje de importaciones, esto seg\u00fan cifras hasta el 31 de diciembre de 2023.<br \/>\n\u201cEsta escasez de d\u00f3lares tiende a agudizarse porque la brecha entre el tipo de cambio oficial y el paralelo, hasta fin de mes, no nos sorprenda que va llegar a nueve bolivianos\u201d, dijo.<br \/>\nRespecto a los efectos de una posible profundizaci\u00f3n de la crisis, por la falta de d\u00f3lares, Porcel adelant\u00f3 que se reflejar\u00e1 en una mayor inflaci\u00f3n. \u201cLos que nos venden productos e insumos importados tienen que pagar un mayor precio por el d\u00f3lar y trasladar\u00e1n ese costo al consumidor final\u201d, agreg\u00f3.<br \/>\nEn criterio del diputado por Tarija, las medidas a asumirse pasan por ampliar los cupos de exportaciones aprovechando la capacidad productiva del oriente boliviano, reducir el gasto corriente para evitar mayor d\u00e9ficit, fomentar la producci\u00f3n, considerar la venta diferenciada de combustible subvencionado para ciertos sectores, pero principalmente que desde el Gobierno se reconozca que el pa\u00eds atraviesa por una crisis.<br \/>\n\u201cQue permitan exportar m\u00e1s, que se cobre el costo real del combustible a algunos sectores. El Gobierno en primer lugar tiene que aceptar que estamos en crisis, para ellos no hay crisis porque obviamente tienen un presupuesto gigantesco\u201d, indic\u00f3.<br \/>\nSobre los cr\u00e9ditos internacionales que esperan aprobaci\u00f3n de la Asamblea Legislativa, explic\u00f3 que la inyecci\u00f3n de esos recursos a la econom\u00eda nacional, permitir\u00e1 \u201cdar un poco de ox\u00edgeno y estabilidad\u201d al pa\u00eds, sin embargo, este alivio solo ser\u00e1 por un tiempo.<br \/>\nEn ese contexto, inst\u00f3 al Gobierno y la bancada oficialista en la ALP a cumplir con los acuerdos alcanzados por la \u201cComisi\u00f3n Bicamaral Multipartidaria\u201d para viabilizar las Elecciones Judiciales, cuyo punto dos hace referencia al tratamiento de proyectos de ley contra la pr\u00f3rroga judicial y la aprobaci\u00f3n de normativas relacionadas con la agenda econ\u00f3mica nacional.<br \/>\n\u201cAntes de eso el Gobierno tiene que cumplir con los acuerdos suscritos entre fuerzas pol\u00edticas, se tiene que respetar\u201d, expres\u00f3.<br \/>\nPor su parte, la senadora por Creemos, Centa Rek, pidi\u00f3 al presidente del Estado, Luis Arce, dar la cara al pueblo sincerando la realidad de la econom\u00eda por causa de la falta de d\u00f3lares en el mercado interno.<br \/>\n\u201cEsto ya es ca\u00edda libre, no hay forma de quedarse sin hacer nada. Se exige una explicaci\u00f3n a un presidente que lo \u00fanico que hace es no dar la cara repitiendo la vieja cantaleta de un supuesto modelo econ\u00f3mico exitoso y sin inflaci\u00f3n, todo es mentira. Me parece oportuno que los sectores exijan reunirse con el primer mandatario para hablar de estos temas\u201d, afirm\u00f3 Rek.<br \/>\nEsta semana, el viceministro de Pensiones y Servicios Financieros, Franz Apaza, responsabiliz\u00f3 a la especulaci\u00f3n y una supuesta demanda inusual de divisas, como los principales factores para la falta de d\u00f3lares en el pa\u00eds.<br \/>\n\u201cNosotros, cuando revisamos datos del sistema financiero, y esto es una informaci\u00f3n que esta publicada en la p\u00e1gina web de las Asfi, y en las p\u00e1ginas web de los propios bancos, hemos podido advertir de que al mes de diciembre de la gesti\u00f3n pasada, las entidades financieras han registrado un total de 350 millones de d\u00f3lares en billete, dinero en efectivo el que se ha mantenido en sus b\u00f3vedas, estamos hablando de d\u00f3lares, ese nivel de liquidez de la divisa es similar al que han tenido todas esas entidades en las gestiones pasadas\u201d, se\u00f1al\u00f3 la autoridad a la Red Uno.<br \/>\nAsimismo, explic\u00f3 sobre una demanda inusual provocada por especulaci\u00f3n y el efecto de los bloqueos.<br \/>\n\u201cSe ha creado esta demanda artificial, a trav\u00e9s de un proceso de especulaci\u00f3n de la divisa (\u2026), este a\u00f1o justamente en este mes, se ha acrecentado por los bloqueos que hemos tenido en el departamento de Cochabamba\u201d, sostuvo.<br \/>\nAyer, representantes de la C\u00e1mara Nacional de Exportadores de Bolivia (Caneb), C\u00e1mara Nacional de Comercio (CNC), C\u00e1mara Nacional de Industrias (CNI) y miembros del sector de la construcci\u00f3n, entre otros, sostuvieron una reuni\u00f3n con autoridades de Gobierno en instalaciones del Ministerio de Econom\u00eda, esto con la finalidad de dar a conocer la situaci\u00f3n del sector productivo y analizar estrategias para solucionar la falta de d\u00f3lares en el mercado nacional.<\/p>\n","protected":false},"excerpt":{"rendered":"<p>Ante la crisis por la falta de d\u00f3lares en territorio nacional con la posibilidad de que esta escasez tienda a agudizarse en el futuro, el diputado por la alianza Comunidad Ciudadana (CC), Jos\u00e9 Luis Porcel, exhort\u00f3 a autoridades de Gobierno en aceptar que el pa\u00eds atraviesa por una peligrosa crisis en su econom\u00eda y adoptar [&hellip;]<\/p>\n","protected":false},"author":1,"featured_media":203586,"comment_status":"open","ping_status":"open","sticky":false,"template":"","format":"standard","meta":{"_acf_changed":false,"footnotes":""},"categories":[14],"tags":[],"class_list":["post-203585","post","type-post","status-publish","format-standard","has-post-thumbnail","category-politica"],"acf":{"antetitulo":"Diputado Jos\u00e9 Luis Porcel"},"yoast_head":"<!-- This site is optimized with the Yoast SEO plugin v28.3 - https:\/\/yoast.com\/product\/yoast-seo-wordpress\/ -->\n<title>Gobierno debe aceptar que el pa\u00eds est\u00e1 en crisis - El Diario - Bolivia<\/title>\n<meta name=\"robots\" content=\"index, follow, max-snippet:-1, max-image-preview:large, max-video-preview:-1\" \/>\n<link rel=\"canonical\" href=\"https:\/\/www.eldiario.net\/portal\/2024\/02\/17\/gobierno-debe-aceptar-que-el-pais-esta-en-crisis\/\" \/>\n<meta property=\"og:locale\" content=\"es_ES\" \/>\n<meta property=\"og:type\" content=\"article\" \/>\n<meta property=\"og:title\" content=\"Gobierno debe aceptar que el pa\u00eds est\u00e1 en crisis - El Diario - Bolivia\" \/>\n<meta property=\"og:description\" content=\"Ante la crisis por la falta de d\u00f3lares en territorio nacional con la posibilidad de que esta escasez tienda a agudizarse en el futuro, el diputado por la alianza Comunidad Ciudadana (CC), Jos\u00e9 Luis Porcel, exhort\u00f3 a autoridades de Gobierno en aceptar que el pa\u00eds atraviesa por una peligrosa crisis en su econom\u00eda y adoptar [&hellip;]\" \/>\n<meta property=\"og:url\" content=\"https:\/\/www.eldiario.net\/portal\/2024\/02\/17\/gobierno-debe-aceptar-que-el-pais-esta-en-crisis\/\" \/>\n<meta property=\"og:site_name\" content=\"El Diario - Bolivia\" \/>\n<meta property=\"article:publisher\" content=\"https:\/\/www.facebook.com\/eldiario.bolivia\/\" \/>\n<meta property=\"article:published_time\" content=\"2024-02-17T10:45:25+00:00\" \/>\n<meta property=\"og:image\" content=\"https:\/\/www.eldiario.net\/portal\/wp-content\/uploads\/2024\/02\/CRISIS-PORCEL.jpg\" \/>\n\t<meta property=\"og:image:width\" content=\"600\" \/>\n\t<meta property=\"og:image:height\" content=\"450\" \/>\n\t<meta property=\"og:image:type\" content=\"image\/jpeg\" \/>\n<meta name=\"author\" content=\"Jeanette\" \/>\n<meta name=\"twitter:card\" content=\"summary_large_image\" \/>\n<meta name=\"twitter:creator\" content=\"@eldiario_net\" \/>\n<meta name=\"twitter:site\" content=\"@eldiario_net\" \/>\n<meta name=\"twitter:label1\" content=\"Escrito por\" \/>\n\t<meta name=\"twitter:data1\" content=\"Jeanette\" \/>\n\t<meta name=\"twitter:label2\" content=\"Tiempo de lectura\" \/>\n\t<meta name=\"twitter:data2\" content=\"4 minutos\" \/>\n<script type=\"application\/ld+json\" class=\"yoast-schema-graph\">{\"@context\":\"https:\\\/\\\/schema.org\",\"@graph\":[{\"@type\":\"Article\",\"@id\":\"https:\\\/\\\/www.eldiario.net\\\/portal\\\/2024\\\/02\\\/17\\\/gobierno-debe-aceptar-que-el-pais-esta-en-crisis\\\/#article\",\"isPartOf\":{\"@id\":\"https:\\\/\\\/www.eldiario.net\\\/portal\\\/2024\\\/02\\\/17\\\/gobierno-debe-aceptar-que-el-pais-esta-en-crisis\\\/\"},\"author\":{\"name\":\"Jeanette\",\"@id\":\"https:\\\/\\\/www.eldiario.net\\\/portal\\\/#\\\/schema\\\/person\\\/f46445640444750d7d753ccd04ae01b7\"},\"headline\":\"Gobierno debe aceptar que el pa\u00eds est\u00e1 en crisis\",\"datePublished\":\"2024-02-17T10:45:25+00:00\",\"mainEntityOfPage\":{\"@id\":\"https:\\\/\\\/www.eldiario.net\\\/portal\\\/2024\\\/02\\\/17\\\/gobierno-debe-aceptar-que-el-pais-esta-en-crisis\\\/\"},\"wordCount\":876,\"commentCount\":0,\"publisher\":{\"@id\":\"https:\\\/\\\/www.eldiario.net\\\/portal\\\/#organization\"},\"image\":{\"@id\":\"https:\\\/\\\/www.eldiario.net\\\/portal\\\/2024\\\/02\\\/17\\\/gobierno-debe-aceptar-que-el-pais-esta-en-crisis\\\/#primaryimage\"},\"thumbnailUrl\":\"https:\\\/\\\/www.eldiario.net\\\/portal\\\/wp-content\\\/uploads\\\/2024\\\/02\\\/CRISIS-PORCEL.jpg\",\"articleSection\":[\"Pol\u00edtica\"],\"inLanguage\":\"es\",\"potentialAction\":[{\"@type\":\"CommentAction\",\"name\":\"Comment\",\"target\":[\"https:\\\/\\\/www.eldiario.net\\\/portal\\\/2024\\\/02\\\/17\\\/gobierno-debe-aceptar-que-el-pais-esta-en-crisis\\\/#respond\"]}]},{\"@type\":\"WebPage\",\"@id\":\"https:\\\/\\\/www.eldiario.net\\\/portal\\\/2024\\\/02\\\/17\\\/gobierno-debe-aceptar-que-el-pais-esta-en-crisis\\\/\",\"url\":\"https:\\\/\\\/www.eldiario.net\\\/portal\\\/2024\\\/02\\\/17\\\/gobierno-debe-aceptar-que-el-pais-esta-en-crisis\\\/\",\"name\":\"Gobierno debe aceptar que el pa\u00eds est\u00e1 en crisis - El Diario - Bolivia\",\"isPartOf\":{\"@id\":\"https:\\\/\\\/www.eldiario.net\\\/portal\\\/#website\"},\"primaryImageOfPage\":{\"@id\":\"https:\\\/\\\/www.eldiario.net\\\/portal\\\/2024\\\/02\\\/17\\\/gobierno-debe-aceptar-que-el-pais-esta-en-crisis\\\/#primaryimage\"},\"image\":{\"@id\":\"https:\\\/\\\/www.eldiario.net\\\/portal\\\/2024\\\/02\\\/17\\\/gobierno-debe-aceptar-que-el-pais-esta-en-crisis\\\/#primaryimage\"},\"thumbnailUrl\":\"https:\\\/\\\/www.eldiario.net\\\/portal\\\/wp-content\\\/uploads\\\/2024\\\/02\\\/CRISIS-PORCEL.jpg\",\"datePublished\":\"2024-02-17T10:45:25+00:00\",\"breadcrumb\":{\"@id\":\"https:\\\/\\\/www.eldiario.net\\\/portal\\\/2024\\\/02\\\/17\\\/gobierno-debe-aceptar-que-el-pais-esta-en-crisis\\\/#breadcrumb\"},\"inLanguage\":\"es\",\"potentialAction\":[{\"@type\":\"ReadAction\",\"target\":[\"https:\\\/\\\/www.eldiario.net\\\/portal\\\/2024\\\/02\\\/17\\\/gobierno-debe-aceptar-que-el-pais-esta-en-crisis\\\/\"]}]},{\"@type\":\"ImageObject\",\"inLanguage\":\"es\",\"@id\":\"https:\\\/\\\/www.eldiario.net\\\/portal\\\/2024\\\/02\\\/17\\\/gobierno-debe-aceptar-que-el-pais-esta-en-crisis\\\/#primaryimage\",\"url\":\"https:\\\/\\\/www.eldiario.net\\\/portal\\\/wp-content\\\/uploads\\\/2024\\\/02\\\/CRISIS-PORCEL.jpg\",\"contentUrl\":\"https:\\\/\\\/www.eldiario.net\\\/portal\\\/wp-content\\\/uploads\\\/2024\\\/02\\\/CRISIS-PORCEL.jpg\",\"width\":600,\"height\":450,\"caption\":\"Diputado Jos\u00e9 Luis Porcel (CC).\"},{\"@type\":\"BreadcrumbList\",\"@id\":\"https:\\\/\\\/www.eldiario.net\\\/portal\\\/2024\\\/02\\\/17\\\/gobierno-debe-aceptar-que-el-pais-esta-en-crisis\\\/#breadcrumb\",\"itemListElement\":[{\"@type\":\"ListItem\",\"position\":1,\"name\":\"Portada\",\"item\":\"https:\\\/\\\/www.eldiario.net\\\/portal\\\/\"},{\"@type\":\"ListItem\",\"position\":2,\"name\":\"Gobierno debe aceptar que el pa\u00eds est\u00e1 en crisis\"}]},{\"@type\":\"WebSite\",\"@id\":\"https:\\\/\\\/www.eldiario.net\\\/portal\\\/#website\",\"url\":\"https:\\\/\\\/www.eldiario.net\\\/portal\\\/\",\"name\":\"El Diario - Decano de la prensa nacional\",\"description\":\"El Diario - Decano de la prensa nacional\",\"publisher\":{\"@id\":\"https:\\\/\\\/www.eldiario.net\\\/portal\\\/#organization\"},\"potentialAction\":[{\"@type\":\"SearchAction\",\"target\":{\"@type\":\"EntryPoint\",\"urlTemplate\":\"https:\\\/\\\/www.eldiario.net\\\/portal\\\/?s={search_term_string}\"},\"query-input\":{\"@type\":\"PropertyValueSpecification\",\"valueRequired\":true,\"valueName\":\"search_term_string\"}}],\"inLanguage\":\"es\"},{\"@type\":\"Organization\",\"@id\":\"https:\\\/\\\/www.eldiario.net\\\/portal\\\/#organization\",\"name\":\"El Diario - Decano de la prensa nacional\",\"url\":\"https:\\\/\\\/www.eldiario.net\\\/portal\\\/\",\"logo\":{\"@type\":\"ImageObject\",\"inLanguage\":\"es\",\"@id\":\"https:\\\/\\\/www.eldiario.net\\\/portal\\\/#\\\/schema\\\/logo\\\/image\\\/\",\"url\":\"https:\\\/\\\/www.eldiario.net\\\/portal\\\/wp-content\\\/uploads\\\/2023\\\/07\\\/logo_ED.jpg\",\"contentUrl\":\"https:\\\/\\\/www.eldiario.net\\\/portal\\\/wp-content\\\/uploads\\\/2023\\\/07\\\/logo_ED.jpg\",\"width\":272,\"height\":52,\"caption\":\"El Diario - Decano de la prensa nacional\"},\"image\":{\"@id\":\"https:\\\/\\\/www.eldiario.net\\\/portal\\\/#\\\/schema\\\/logo\\\/image\\\/\"},\"sameAs\":[\"https:\\\/\\\/www.facebook.com\\\/eldiario.bolivia\\\/\",\"https:\\\/\\\/x.com\\\/eldiario_net\"]},{\"@type\":\"Person\",\"@id\":\"https:\\\/\\\/www.eldiario.net\\\/portal\\\/#\\\/schema\\\/person\\\/f46445640444750d7d753ccd04ae01b7\",\"name\":\"Jeanette\",\"image\":{\"@type\":\"ImageObject\",\"inLanguage\":\"es\",\"@id\":\"https:\\\/\\\/secure.gravatar.com\\\/avatar\\\/3ea2118a5f7dad2b7138b1187a6b7ee55f160b9968b66013c3a3ef39dd7e5798?s=96&d=mm&r=g\",\"url\":\"https:\\\/\\\/secure.gravatar.com\\\/avatar\\\/3ea2118a5f7dad2b7138b1187a6b7ee55f160b9968b66013c3a3ef39dd7e5798?s=96&d=mm&r=g\",\"contentUrl\":\"https:\\\/\\\/secure.gravatar.com\\\/avatar\\\/3ea2118a5f7dad2b7138b1187a6b7ee55f160b9968b66013c3a3ef39dd7e5798?s=96&d=mm&r=g\",\"caption\":\"Jeanette\"},\"sameAs\":[\"https:\\\/\\\/www.eldiario.net\\\/portal\"],\"url\":\"https:\\\/\\\/www.eldiario.net\\\/portal\\\/author\\\/jeanette\\\/\"}]}<\/script>\n<!-- \/ Yoast SEO plugin. -->","yoast_head_json":{"title":"Gobierno debe aceptar que el pa\u00eds est\u00e1 en crisis - El Diario - Bolivia","robots":{"index":"index","follow":"follow","max-snippet":"max-snippet:-1","max-image-preview":"max-image-preview:large","max-video-preview":"max-video-preview:-1"},"canonical":"https:\/\/www.eldiario.net\/portal\/2024\/02\/17\/gobierno-debe-aceptar-que-el-pais-esta-en-crisis\/","og_locale":"es_ES","og_type":"article","og_title":"Gobierno debe aceptar que el pa\u00eds est\u00e1 en crisis - El Diario - Bolivia","og_description":"Ante la crisis por la falta de d\u00f3lares en territorio nacional con la posibilidad de que esta escasez tienda a agudizarse en el futuro, el diputado por la alianza Comunidad Ciudadana (CC), Jos\u00e9 Luis Porcel, exhort\u00f3 a autoridades de Gobierno en aceptar que el pa\u00eds atraviesa por una peligrosa crisis en su econom\u00eda y adoptar [&hellip;]","og_url":"https:\/\/www.eldiario.net\/portal\/2024\/02\/17\/gobierno-debe-aceptar-que-el-pais-esta-en-crisis\/","og_site_name":"El Diario - Bolivia","article_publisher":"https:\/\/www.facebook.com\/eldiario.bolivia\/","article_published_time":"2024-02-17T10:45:25+00:00","og_image":[{"width":600,"height":450,"url":"https:\/\/www.eldiario.net\/portal\/wp-content\/uploads\/2024\/02\/CRISIS-PORCEL.jpg","type":"image\/jpeg"}],"author":"Jeanette","twitter_card":"summary_large_image","twitter_creator":"@eldiario_net","twitter_site":"@eldiario_net","twitter_misc":{"Escrito por":"Jeanette","Tiempo de lectura":"4 minutos"},"schema":{"@context":"https:\/\/schema.org","@graph":[{"@type":"Article","@id":"https:\/\/www.eldiario.net\/portal\/2024\/02\/17\/gobierno-debe-aceptar-que-el-pais-esta-en-crisis\/#article","isPartOf":{"@id":"https:\/\/www.eldiario.net\/portal\/2024\/02\/17\/gobierno-debe-aceptar-que-el-pais-esta-en-crisis\/"},"author":{"name":"Jeanette","@id":"https:\/\/www.eldiario.net\/portal\/#\/schema\/person\/f46445640444750d7d753ccd04ae01b7"},"headline":"Gobierno debe aceptar que el pa\u00eds est\u00e1 en crisis","datePublished":"2024-02-17T10:45:25+00:00","mainEntityOfPage":{"@id":"https:\/\/www.eldiario.net\/portal\/2024\/02\/17\/gobierno-debe-aceptar-que-el-pais-esta-en-crisis\/"},"wordCount":876,"commentCount":0,"publisher":{"@id":"https:\/\/www.eldiario.net\/portal\/#organization"},"image":{"@id":"https:\/\/www.eldiario.net\/portal\/2024\/02\/17\/gobierno-debe-aceptar-que-el-pais-esta-en-crisis\/#primaryimage"},"thumbnailUrl":"https:\/\/www.eldiario.net\/portal\/wp-content\/uploads\/2024\/02\/CRISIS-PORCEL.jpg","articleSection":["Pol\u00edtica"],"inLanguage":"es","potentialAction":[{"@type":"CommentAction","name":"Comment","target":["https:\/\/www.eldiario.net\/portal\/2024\/02\/17\/gobierno-debe-aceptar-que-el-pais-esta-en-crisis\/#respond"]}]},{"@type":"WebPage","@id":"https:\/\/www.eldiario.net\/portal\/2024\/02\/17\/gobierno-debe-aceptar-que-el-pais-esta-en-crisis\/","url":"https:\/\/www.eldiario.net\/portal\/2024\/02\/17\/gobierno-debe-aceptar-que-el-pais-esta-en-crisis\/","name":"Gobierno debe aceptar que el pa\u00eds est\u00e1 en crisis - El Diario - Bolivia","isPartOf":{"@id":"https:\/\/www.eldiario.net\/portal\/#website"},"primaryImageOfPage":{"@id":"https:\/\/www.eldiario.net\/portal\/2024\/02\/17\/gobierno-debe-aceptar-que-el-pais-esta-en-crisis\/#primaryimage"},"image":{"@id":"https:\/\/www.eldiario.net\/portal\/2024\/02\/17\/gobierno-debe-aceptar-que-el-pais-esta-en-crisis\/#primaryimage"},"thumbnailUrl":"https:\/\/www.eldiario.net\/portal\/wp-content\/uploads\/2024\/02\/CRISIS-PORCEL.jpg","datePublished":"2024-02-17T10:45:25+00:00","breadcrumb":{"@id":"https:\/\/www.eldiario.net\/portal\/2024\/02\/17\/gobierno-debe-aceptar-que-el-pais-esta-en-crisis\/#breadcrumb"},"inLanguage":"es","potentialAction":[{"@type":"ReadAction","target":["https:\/\/www.eldiario.net\/portal\/2024\/02\/17\/gobierno-debe-aceptar-que-el-pais-esta-en-crisis\/"]}]},{"@type":"ImageObject","inLanguage":"es","@id":"https:\/\/www.eldiario.net\/portal\/2024\/02\/17\/gobierno-debe-aceptar-que-el-pais-esta-en-crisis\/#primaryimage","url":"https:\/\/www.eldiario.net\/portal\/wp-content\/uploads\/2024\/02\/CRISIS-PORCEL.jpg","contentUrl":"https:\/\/www.eldiario.net\/portal\/wp-content\/uploads\/2024\/02\/CRISIS-PORCEL.jpg","width":600,"height":450,"caption":"Diputado Jos\u00e9 Luis Porcel (CC)."},{"@type":"BreadcrumbList","@id":"https:\/\/www.eldiario.net\/portal\/2024\/02\/17\/gobierno-debe-aceptar-que-el-pais-esta-en-crisis\/#breadcrumb","itemListElement":[{"@type":"ListItem","position":1,"name":"Portada","item":"https:\/\/www.eldiario.net\/portal\/"},{"@type":"ListItem","position":2,"name":"Gobierno debe aceptar que el pa\u00eds est\u00e1 en crisis"}]},{"@type":"WebSite","@id":"https:\/\/www.eldiario.net\/portal\/#website","url":"https:\/\/www.eldiario.net\/portal\/","name":"El Diario - Decano de la prensa nacional","description":"El Diario - Decano de la prensa nacional","publisher":{"@id":"https:\/\/www.eldiario.net\/portal\/#organization"},"potentialAction":[{"@type":"SearchAction","target":{"@type":"EntryPoint","urlTemplate":"https:\/\/www.eldiario.net\/portal\/?s={search_term_string}"},"query-input":{"@type":"PropertyValueSpecification","valueRequired":true,"valueName":"search_term_string"}}],"inLanguage":"es"},{"@type":"Organization","@id":"https:\/\/www.eldiario.net\/portal\/#organization","name":"El Diario - Decano de la prensa nacional","url":"https:\/\/www.eldiario.net\/portal\/","logo":{"@type":"ImageObject","inLanguage":"es","@id":"https:\/\/www.eldiario.net\/portal\/#\/schema\/logo\/image\/","url":"https:\/\/www.eldiario.net\/portal\/wp-content\/uploads\/2023\/07\/logo_ED.jpg","contentUrl":"https:\/\/www.eldiario.net\/portal\/wp-content\/uploads\/2023\/07\/logo_ED.jpg","width":272,"height":52,"caption":"El Diario - Decano de la prensa nacional"},"image":{"@id":"https:\/\/www.eldiario.net\/portal\/#\/schema\/logo\/image\/"},"sameAs":["https:\/\/www.facebook.com\/eldiario.bolivia\/","https:\/\/x.com\/eldiario_net"]},{"@type":"Person","@id":"https:\/\/www.eldiario.net\/portal\/#\/schema\/person\/f46445640444750d7d753ccd04ae01b7","name":"Jeanette","image":{"@type":"ImageObject","inLanguage":"es","@id":"https:\/\/secure.gravatar.com\/avatar\/3ea2118a5f7dad2b7138b1187a6b7ee55f160b9968b66013c3a3ef39dd7e5798?s=96&d=mm&r=g","url":"https:\/\/secure.gravatar.com\/avatar\/3ea2118a5f7dad2b7138b1187a6b7ee55f160b9968b66013c3a3ef39dd7e5798?s=96&d=mm&r=g","contentUrl":"https:\/\/secure.gravatar.com\/avatar\/3ea2118a5f7dad2b7138b1187a6b7ee55f160b9968b66013c3a3ef39dd7e5798?s=96&d=mm&r=g","caption":"Jeanette"},"sameAs":["https:\/\/www.eldiario.net\/portal"],"url":"https:\/\/www.eldiario.net\/portal\/author\/jeanette\/"}]}},"_links":{"self":[{"href":"https:\/\/www.eldiario.net\/portal\/wp-json\/wp\/v2\/posts\/203585","targetHints":{"allow":["GET"]}}],"collection":[{"href":"https:\/\/www.eldiario.net\/portal\/wp-json\/wp\/v2\/posts"}],"about":[{"href":"https:\/\/www.eldiario.net\/portal\/wp-json\/wp\/v2\/types\/post"}],"author":[{"embeddable":true,"href":"https:\/\/www.eldiario.net\/portal\/wp-json\/wp\/v2\/users\/1"}],"replies":[{"embeddable":true,"href":"https:\/\/www.eldiario.net\/portal\/wp-json\/wp\/v2\/comments?post=203585"}],"version-history":[{"count":1,"href":"https:\/\/www.eldiario.net\/portal\/wp-json\/wp\/v2\/posts\/203585\/revisions"}],"predecessor-version":[{"id":203587,"href":"https:\/\/www.eldiario.net\/portal\/wp-json\/wp\/v2\/posts\/203585\/revisions\/203587"}],"wp:featuredmedia":[{"embeddable":true,"href":"https:\/\/www.eldiario.net\/portal\/wp-json\/wp\/v2\/media\/203586"}],"wp:attachment":[{"href":"https:\/\/www.eldiario.net\/portal\/wp-json\/wp\/v2\/media?parent=203585"}],"wp:term":[{"taxonomy":"category","embeddable":true,"href":"https:\/\/www.eldiario.net\/portal\/wp-json\/wp\/v2\/categories?post=203585"},{"taxonomy":"post_tag","embeddable":true,"href":"https:\/\/www.eldiario.net\/portal\/wp-json\/wp\/v2\/tags?post=203585"}],"curies":[{"name":"wp","href":"https:\/\/api.w.org\/{rel}","templated":true}]}}