{"id":203582,"date":"2024-02-17T06:43:23","date_gmt":"2024-02-17T10:43:23","guid":{"rendered":"https:\/\/www.eldiario.net\/portal\/?p=203582"},"modified":"2024-02-17T06:43:23","modified_gmt":"2024-02-17T10:43:23","slug":"reforma-de-pensiones-busca-jubilacion-forzosa","status":"publish","type":"post","link":"https:\/\/www.eldiario.net\/portal\/2024\/02\/17\/reforma-de-pensiones-busca-jubilacion-forzosa\/","title":{"rendered":"Reforma de pensiones  busca jubilaci\u00f3n forzosa"},"content":{"rendered":"<p>El economista, Alberto Bonadona, alert\u00f3 que la modificaci\u00f3n de la Ley de Pensiones busca implementar la jubilaci\u00f3n forzosa y que tiene como supuesto elemento seductor el aumento de mil bolivianos para quienes califiquen el fondo solidario. Su colega, Gonzalo Ch\u00e1vez, advirti\u00f3 que la reforma pretende beneficiar a mineros y grupos afines al Gobierno en desmedro de sectores profesionales, principalmente.<br \/>\nBonadona explic\u00f3 que la modificaci\u00f3n a la Ley de Pensiones No. 65 (2010) se\u00f1ala que aquellos que deseen seguir trabajando despu\u00e9s de los 65 a\u00f1os deben aprobar un examen f\u00edsico y mental por parte del Instituto Nacional de Salud Ocupacional, pero \u201cla lista de espera ser\u00e1, como podemos imaginar, interminable\u201d.<br \/>\n\u201cEl proyecto har\u00e1 que, literalmente, miles de empleados mayores de 65 a\u00f1os que contin\u00faan activos se expongan ante una comisi\u00f3n, que deber\u00e1 atender a estas miles de personas que desear\u00e1n seguir trabajando. Si pasar\u00e1n adecuadamente un examen, ellos podr\u00edan seguir en sus cargos, pero con certeza ese proceso tomar\u00e1 una eternidad. Si se cumple lo que dice el proyecto, deber\u00e1n descontinuar su trabajo hasta que aprueben el examen. Por estas razones, esta exigencia se traduce en una jubilaci\u00f3n forzosa de facto para sectores profesionales principalmente\u201d, argumenta Bonadona.<br \/>\nAfirm\u00f3 que colegios de profesionales, como los m\u00e9dicos, \u201chan calificado como un \u2018atentado a su dignidad\u2019 y en diversos documentos y declaraciones han demostrado que es inconstitucional\u201d.<br \/>\nBonadona puso como ejemplo el caso de los m\u00e9dicos que empiezan a ejercer despu\u00e9s de al menos 12 a\u00f1os de formaci\u00f3n. \u201cLuego contin\u00faan su carrera en puestos con salarios que no permiten aportes significativos por otros 10 a\u00f1os. O sea, si empezaron a ejercer sus profesiones a los 30 o 35 a\u00f1os y necesitan 35 a\u00f1os para obtener alrededor del 60% de su salario promedio de los dos \u00faltimos a\u00f1os; por lo tanto, se est\u00e1 hablando que reci\u00e9n lo lograr\u00e1n a los 65 o 70 a\u00f1os\u201d.<br \/>\nAdem\u00e1s, prosigue, \u201csi un onc\u00f3logo empez\u00f3 a trabajar en 1993, tendr\u00eda hoy tres a\u00f1os de aporte al viejo sistema y cerca de 27 en el nuevo. Ya tiene 65, pero su jubilaci\u00f3n no supera los 3.000 bolivianos y con un sueldo, digamos, de 14.000 bolivianos, no es elegible para obtener una pensi\u00f3n solidaria. Adem\u00e1s, se le exigir\u00e1 el bendito examen ocupacional\u201d.<br \/>\nEntonces, Bonadona concluye que el proyecto de Ley 035, que pretende modificar la Ley de Pensiones No. 65, modifica los l\u00edmites solidarios de la pensi\u00f3n solidaria de vejez e incluye una jubilaci\u00f3n forzosa.<br \/>\nEn economista, Gonzalo Ch\u00e1vez, alert\u00f3 que la reforma al sistema de pensiones pretende beneficiar a mineros y grupos afines al Movimiento al Socialismo (MAS) en desmedro de sectores profesionales.<br \/>\n\u201cEl Gobierno present\u00f3 un proyecto de ley de reforma al sistema de pensiones, a la Asamblea Legislativa Plurinacional, aumentando dinero al fondo solidario, que sobre todo beneficia a grupos afines al partido de Gobierno, como los mineros. Para esto pretende colocar un impuesto, disfrazado de contribuci\u00f3n solidaria, a los trabajadores, que, seg\u00fan ellos, ganan mucho dinero. Los hermanos y compa\u00f1eros hacen solidaridad con plata ajena\u201d, indic\u00f3 Ch\u00e1vez en un video que comparti\u00f3 con Br\u00fajula Digital.<br \/>\nSeg\u00fan el analista, la pretensi\u00f3n de que los ciudadanos se jubilen a los 65 a\u00f1os es para beneficiar a sectores como mineros, pol\u00edticos y a algunas autoridades. \u201cEsta obligaci\u00f3n a los 65 a\u00f1os y de ir a un m\u00e9dico para que diga s\u00ed o no (a que se siga trabajando) hay una excepci\u00f3n que son los pol\u00edticos: ministros, viceministros, presidentes, diputados, gobernadores o senadores no van a pasar por esto. O sea que est\u00e1n legislando a su favor de los que defienden los derechos al trabajo\u201d.<br \/>\nCh\u00e1vez dijo que \u201cuna contribuci\u00f3n solidaria deber\u00eda tener un car\u00e1cter voluntario\u201d, pues es \u201cuna colaboraci\u00f3n, una donaci\u00f3n, pero no, el aporte solidario se trata de una imposici\u00f3n estatal que los asalariados y las empresas formales no pueden negarse a dar\u201d. Adem\u00e1s, se\u00f1ala que la contribuci\u00f3n solidaria no es recusable para el ciudadano, es \u201cun vulgo impuesto decorado con artima\u00f1as legales y envuelto en el celof\u00e1n de la solidaridad\u201d.<br \/>\nCh\u00e1vez afirm\u00f3 que las rentas de todos los jubilados son miserables y no hay la menor duda de que requieren una mejora, que deber\u00eda comenzar con que las personas se jubilen, no con el 20% o 30% del \u00faltimo salario ganado, y s\u00ed con el 100% de lo obtenido, como lo hacen los militares. \u201cLos fondos solidarios no resuelven el problema estructural, son parches pol\u00edticos insostenibles financieramente\u201d.<br \/>\nEl economista sostiene que la propuesta gubernamental excluye o no se aplica en las autoridades electas. \u201cLo m\u00e1s pat\u00e9tico es que esta regla leonina solo es v\u00e1lida para los simples mortales, obviamente del sector formal, los pol\u00edticos (presidente, vicepresidente, ministros, viceministros, senadores, diputados, gobernadores, alcaldes, gerentes de empresas p\u00fablicas y otros mantenidos por nuestros impuestos) quedar\u00e1n exentos de esta norma y podr\u00e1n trabajar hasta los 100 a\u00f1os. El proyecto de ley dice: se encuentra exentos de la aplicaci\u00f3n del p\u00e1rrafo uno, que obliga a la jubilaci\u00f3n a los 65 a\u00f1os, las autoridades electas designadas o de libre nombramiento\u201d.<br \/>\nEl domingo (11), el ministro de Econom\u00eda, Marcelo Montenegro, dijo que la edad de jubilaci\u00f3n para hombres y mujeres se mantiene en 58 a\u00f1os y que las personas que quieran seguir trabajando y aportando a la econom\u00eda nacional lo pueden seguir haciendo por encina de ese rango de edad.<br \/>\nEl 25 de enero de 2024, el proyecto de Ley 035 de modificaci\u00f3n al sistema de pensiones fue aprobada en la Comisi\u00f3n de Planificaci\u00f3n, Pol\u00edtica Econ\u00f3mica y Finanzas de la C\u00e1mara de Diputados y se espera su tratamiento en el pleno camaral.<br \/>\nEste jueves, el especialista de la Unidad del Sistema Integral de Pensiones del Ministerio Econom\u00eda, Marco Mercado, afirm\u00f3 en Abi que el proyecto de Ley 035, que modifica los l\u00edmites solidarios de la pensi\u00f3n solidaria de vejez y el financiamiento para el fondo solidario, no establece una jubilaci\u00f3n forzosa u obligatoria, va en beneficio de la poblaci\u00f3n e incrementa en hasta 1.000 bolivianos la pensi\u00f3n de los trabajadores. (Br\u00fajula Digital)<\/p>\n","protected":false},"excerpt":{"rendered":"<p>El economista, Alberto Bonadona, alert\u00f3 que la modificaci\u00f3n de la Ley de Pensiones busca implementar la jubilaci\u00f3n forzosa y que tiene como supuesto elemento seductor el aumento de mil bolivianos para quienes califiquen el fondo solidario. Su colega, Gonzalo Ch\u00e1vez, advirti\u00f3 que la reforma pretende beneficiar a mineros y grupos afines al Gobierno en desmedro [&hellip;]<\/p>\n","protected":false},"author":1,"featured_media":203583,"comment_status":"open","ping_status":"open","sticky":false,"template":"","format":"standard","meta":{"_acf_changed":false,"footnotes":""},"categories":[14],"tags":[],"class_list":["post-203582","post","type-post","status-publish","format-standard","has-post-thumbnail","category-politica"],"acf":{"antetitulo":"Economista Alberto Bonadona:"},"yoast_head":"<!-- This site is optimized with the Yoast SEO plugin v28.4 - https:\/\/yoast.com\/product\/yoast-seo-wordpress\/ -->\n<title>Reforma de pensiones busca jubilaci\u00f3n forzosa - El Diario - Bolivia<\/title>\n<meta name=\"robots\" content=\"index, follow, max-snippet:-1, max-image-preview:large, max-video-preview:-1\" \/>\n<link rel=\"canonical\" href=\"https:\/\/www.eldiario.net\/portal\/2024\/02\/17\/reforma-de-pensiones-busca-jubilacion-forzosa\/\" \/>\n<meta property=\"og:locale\" content=\"es_ES\" \/>\n<meta property=\"og:type\" content=\"article\" \/>\n<meta property=\"og:title\" content=\"Reforma de pensiones busca jubilaci\u00f3n forzosa - El Diario - Bolivia\" \/>\n<meta property=\"og:description\" content=\"El economista, Alberto Bonadona, alert\u00f3 que la modificaci\u00f3n de la Ley de Pensiones busca implementar la jubilaci\u00f3n forzosa y que tiene como supuesto elemento seductor el aumento de mil bolivianos para quienes califiquen el fondo solidario. Su colega, Gonzalo Ch\u00e1vez, advirti\u00f3 que la reforma pretende beneficiar a mineros y grupos afines al Gobierno en desmedro [&hellip;]\" \/>\n<meta property=\"og:url\" content=\"https:\/\/www.eldiario.net\/portal\/2024\/02\/17\/reforma-de-pensiones-busca-jubilacion-forzosa\/\" \/>\n<meta property=\"og:site_name\" content=\"El Diario - Bolivia\" \/>\n<meta property=\"article:publisher\" content=\"https:\/\/www.facebook.com\/eldiario.bolivia\/\" \/>\n<meta property=\"article:published_time\" content=\"2024-02-17T10:43:23+00:00\" \/>\n<meta property=\"og:image\" content=\"https:\/\/www.eldiario.net\/portal\/wp-content\/uploads\/2024\/02\/17-jubilacion.jpeg\" \/>\n\t<meta property=\"og:image:width\" content=\"1600\" \/>\n\t<meta property=\"og:image:height\" content=\"1079\" \/>\n\t<meta property=\"og:image:type\" content=\"image\/jpeg\" \/>\n<meta name=\"author\" content=\"Jeanette\" \/>\n<meta name=\"twitter:card\" content=\"summary_large_image\" \/>\n<meta name=\"twitter:creator\" content=\"@eldiario_net\" \/>\n<meta name=\"twitter:site\" content=\"@eldiario_net\" \/>\n<meta name=\"twitter:label1\" content=\"Escrito por\" \/>\n\t<meta name=\"twitter:data1\" content=\"Jeanette\" \/>\n\t<meta name=\"twitter:label2\" content=\"Tiempo de lectura\" \/>\n\t<meta name=\"twitter:data2\" content=\"5 minutos\" \/>\n<script type=\"application\/ld+json\" class=\"yoast-schema-graph\">{\"@context\":\"https:\\\/\\\/schema.org\",\"@graph\":[{\"@type\":\"Article\",\"@id\":\"https:\\\/\\\/www.eldiario.net\\\/portal\\\/2024\\\/02\\\/17\\\/reforma-de-pensiones-busca-jubilacion-forzosa\\\/#article\",\"isPartOf\":{\"@id\":\"https:\\\/\\\/www.eldiario.net\\\/portal\\\/2024\\\/02\\\/17\\\/reforma-de-pensiones-busca-jubilacion-forzosa\\\/\"},\"author\":{\"name\":\"Jeanette\",\"@id\":\"https:\\\/\\\/www.eldiario.net\\\/portal\\\/#\\\/schema\\\/person\\\/f46445640444750d7d753ccd04ae01b7\"},\"headline\":\"Reforma de pensiones busca jubilaci\u00f3n forzosa\",\"datePublished\":\"2024-02-17T10:43:23+00:00\",\"mainEntityOfPage\":{\"@id\":\"https:\\\/\\\/www.eldiario.net\\\/portal\\\/2024\\\/02\\\/17\\\/reforma-de-pensiones-busca-jubilacion-forzosa\\\/\"},\"wordCount\":1060,\"commentCount\":0,\"publisher\":{\"@id\":\"https:\\\/\\\/www.eldiario.net\\\/portal\\\/#organization\"},\"image\":{\"@id\":\"https:\\\/\\\/www.eldiario.net\\\/portal\\\/2024\\\/02\\\/17\\\/reforma-de-pensiones-busca-jubilacion-forzosa\\\/#primaryimage\"},\"thumbnailUrl\":\"https:\\\/\\\/www.eldiario.net\\\/portal\\\/wp-content\\\/uploads\\\/2024\\\/02\\\/17-jubilacion.jpeg\",\"articleSection\":[\"Pol\u00edtica\"],\"inLanguage\":\"es\",\"potentialAction\":[{\"@type\":\"CommentAction\",\"name\":\"Comment\",\"target\":[\"https:\\\/\\\/www.eldiario.net\\\/portal\\\/2024\\\/02\\\/17\\\/reforma-de-pensiones-busca-jubilacion-forzosa\\\/#respond\"]}]},{\"@type\":\"WebPage\",\"@id\":\"https:\\\/\\\/www.eldiario.net\\\/portal\\\/2024\\\/02\\\/17\\\/reforma-de-pensiones-busca-jubilacion-forzosa\\\/\",\"url\":\"https:\\\/\\\/www.eldiario.net\\\/portal\\\/2024\\\/02\\\/17\\\/reforma-de-pensiones-busca-jubilacion-forzosa\\\/\",\"name\":\"Reforma de pensiones busca jubilaci\u00f3n forzosa - El Diario - Bolivia\",\"isPartOf\":{\"@id\":\"https:\\\/\\\/www.eldiario.net\\\/portal\\\/#website\"},\"primaryImageOfPage\":{\"@id\":\"https:\\\/\\\/www.eldiario.net\\\/portal\\\/2024\\\/02\\\/17\\\/reforma-de-pensiones-busca-jubilacion-forzosa\\\/#primaryimage\"},\"image\":{\"@id\":\"https:\\\/\\\/www.eldiario.net\\\/portal\\\/2024\\\/02\\\/17\\\/reforma-de-pensiones-busca-jubilacion-forzosa\\\/#primaryimage\"},\"thumbnailUrl\":\"https:\\\/\\\/www.eldiario.net\\\/portal\\\/wp-content\\\/uploads\\\/2024\\\/02\\\/17-jubilacion.jpeg\",\"datePublished\":\"2024-02-17T10:43:23+00:00\",\"breadcrumb\":{\"@id\":\"https:\\\/\\\/www.eldiario.net\\\/portal\\\/2024\\\/02\\\/17\\\/reforma-de-pensiones-busca-jubilacion-forzosa\\\/#breadcrumb\"},\"inLanguage\":\"es\",\"potentialAction\":[{\"@type\":\"ReadAction\",\"target\":[\"https:\\\/\\\/www.eldiario.net\\\/portal\\\/2024\\\/02\\\/17\\\/reforma-de-pensiones-busca-jubilacion-forzosa\\\/\"]}]},{\"@type\":\"ImageObject\",\"inLanguage\":\"es\",\"@id\":\"https:\\\/\\\/www.eldiario.net\\\/portal\\\/2024\\\/02\\\/17\\\/reforma-de-pensiones-busca-jubilacion-forzosa\\\/#primaryimage\",\"url\":\"https:\\\/\\\/www.eldiario.net\\\/portal\\\/wp-content\\\/uploads\\\/2024\\\/02\\\/17-jubilacion.jpeg\",\"contentUrl\":\"https:\\\/\\\/www.eldiario.net\\\/portal\\\/wp-content\\\/uploads\\\/2024\\\/02\\\/17-jubilacion.jpeg\",\"width\":1600,\"height\":1079,\"caption\":\"Se ratifican protestas ante intento de aprobar la jubilaci\u00f3n forzosa.\"},{\"@type\":\"BreadcrumbList\",\"@id\":\"https:\\\/\\\/www.eldiario.net\\\/portal\\\/2024\\\/02\\\/17\\\/reforma-de-pensiones-busca-jubilacion-forzosa\\\/#breadcrumb\",\"itemListElement\":[{\"@type\":\"ListItem\",\"position\":1,\"name\":\"Portada\",\"item\":\"https:\\\/\\\/www.eldiario.net\\\/portal\\\/\"},{\"@type\":\"ListItem\",\"position\":2,\"name\":\"Reforma de pensiones busca jubilaci\u00f3n forzosa\"}]},{\"@type\":\"WebSite\",\"@id\":\"https:\\\/\\\/www.eldiario.net\\\/portal\\\/#website\",\"url\":\"https:\\\/\\\/www.eldiario.net\\\/portal\\\/\",\"name\":\"El Diario - Decano de la prensa nacional\",\"description\":\"El Diario - Decano de la prensa nacional\",\"publisher\":{\"@id\":\"https:\\\/\\\/www.eldiario.net\\\/portal\\\/#organization\"},\"potentialAction\":[{\"@type\":\"SearchAction\",\"target\":{\"@type\":\"EntryPoint\",\"urlTemplate\":\"https:\\\/\\\/www.eldiario.net\\\/portal\\\/?s={search_term_string}\"},\"query-input\":{\"@type\":\"PropertyValueSpecification\",\"valueRequired\":true,\"valueName\":\"search_term_string\"}}],\"inLanguage\":\"es\"},{\"@type\":\"Organization\",\"@id\":\"https:\\\/\\\/www.eldiario.net\\\/portal\\\/#organization\",\"name\":\"El Diario - Decano de la prensa nacional\",\"url\":\"https:\\\/\\\/www.eldiario.net\\\/portal\\\/\",\"logo\":{\"@type\":\"ImageObject\",\"inLanguage\":\"es\",\"@id\":\"https:\\\/\\\/www.eldiario.net\\\/portal\\\/#\\\/schema\\\/logo\\\/image\\\/\",\"url\":\"https:\\\/\\\/www.eldiario.net\\\/portal\\\/wp-content\\\/uploads\\\/2023\\\/07\\\/logo_ED.jpg\",\"contentUrl\":\"https:\\\/\\\/www.eldiario.net\\\/portal\\\/wp-content\\\/uploads\\\/2023\\\/07\\\/logo_ED.jpg\",\"width\":272,\"height\":52,\"caption\":\"El Diario - Decano de la prensa nacional\"},\"image\":{\"@id\":\"https:\\\/\\\/www.eldiario.net\\\/portal\\\/#\\\/schema\\\/logo\\\/image\\\/\"},\"sameAs\":[\"https:\\\/\\\/www.facebook.com\\\/eldiario.bolivia\\\/\",\"https:\\\/\\\/x.com\\\/eldiario_net\"]},{\"@type\":\"Person\",\"@id\":\"https:\\\/\\\/www.eldiario.net\\\/portal\\\/#\\\/schema\\\/person\\\/f46445640444750d7d753ccd04ae01b7\",\"name\":\"Jeanette\",\"image\":{\"@type\":\"ImageObject\",\"inLanguage\":\"es\",\"@id\":\"https:\\\/\\\/secure.gravatar.com\\\/avatar\\\/3ea2118a5f7dad2b7138b1187a6b7ee55f160b9968b66013c3a3ef39dd7e5798?s=96&d=mm&r=g\",\"url\":\"https:\\\/\\\/secure.gravatar.com\\\/avatar\\\/3ea2118a5f7dad2b7138b1187a6b7ee55f160b9968b66013c3a3ef39dd7e5798?s=96&d=mm&r=g\",\"contentUrl\":\"https:\\\/\\\/secure.gravatar.com\\\/avatar\\\/3ea2118a5f7dad2b7138b1187a6b7ee55f160b9968b66013c3a3ef39dd7e5798?s=96&d=mm&r=g\",\"caption\":\"Jeanette\"},\"sameAs\":[\"https:\\\/\\\/www.eldiario.net\\\/portal\"],\"url\":\"https:\\\/\\\/www.eldiario.net\\\/portal\\\/author\\\/jeanette\\\/\"}]}<\/script>\n<!-- \/ Yoast SEO plugin. -->","yoast_head_json":{"title":"Reforma de pensiones busca jubilaci\u00f3n forzosa - El Diario - Bolivia","robots":{"index":"index","follow":"follow","max-snippet":"max-snippet:-1","max-image-preview":"max-image-preview:large","max-video-preview":"max-video-preview:-1"},"canonical":"https:\/\/www.eldiario.net\/portal\/2024\/02\/17\/reforma-de-pensiones-busca-jubilacion-forzosa\/","og_locale":"es_ES","og_type":"article","og_title":"Reforma de pensiones busca jubilaci\u00f3n forzosa - El Diario - Bolivia","og_description":"El economista, Alberto Bonadona, alert\u00f3 que la modificaci\u00f3n de la Ley de Pensiones busca implementar la jubilaci\u00f3n forzosa y que tiene como supuesto elemento seductor el aumento de mil bolivianos para quienes califiquen el fondo solidario. Su colega, Gonzalo Ch\u00e1vez, advirti\u00f3 que la reforma pretende beneficiar a mineros y grupos afines al Gobierno en desmedro [&hellip;]","og_url":"https:\/\/www.eldiario.net\/portal\/2024\/02\/17\/reforma-de-pensiones-busca-jubilacion-forzosa\/","og_site_name":"El Diario - Bolivia","article_publisher":"https:\/\/www.facebook.com\/eldiario.bolivia\/","article_published_time":"2024-02-17T10:43:23+00:00","og_image":[{"width":1600,"height":1079,"url":"https:\/\/www.eldiario.net\/portal\/wp-content\/uploads\/2024\/02\/17-jubilacion.jpeg","type":"image\/jpeg"}],"author":"Jeanette","twitter_card":"summary_large_image","twitter_creator":"@eldiario_net","twitter_site":"@eldiario_net","twitter_misc":{"Escrito por":"Jeanette","Tiempo de lectura":"5 minutos"},"schema":{"@context":"https:\/\/schema.org","@graph":[{"@type":"Article","@id":"https:\/\/www.eldiario.net\/portal\/2024\/02\/17\/reforma-de-pensiones-busca-jubilacion-forzosa\/#article","isPartOf":{"@id":"https:\/\/www.eldiario.net\/portal\/2024\/02\/17\/reforma-de-pensiones-busca-jubilacion-forzosa\/"},"author":{"name":"Jeanette","@id":"https:\/\/www.eldiario.net\/portal\/#\/schema\/person\/f46445640444750d7d753ccd04ae01b7"},"headline":"Reforma de pensiones busca jubilaci\u00f3n forzosa","datePublished":"2024-02-17T10:43:23+00:00","mainEntityOfPage":{"@id":"https:\/\/www.eldiario.net\/portal\/2024\/02\/17\/reforma-de-pensiones-busca-jubilacion-forzosa\/"},"wordCount":1060,"commentCount":0,"publisher":{"@id":"https:\/\/www.eldiario.net\/portal\/#organization"},"image":{"@id":"https:\/\/www.eldiario.net\/portal\/2024\/02\/17\/reforma-de-pensiones-busca-jubilacion-forzosa\/#primaryimage"},"thumbnailUrl":"https:\/\/www.eldiario.net\/portal\/wp-content\/uploads\/2024\/02\/17-jubilacion.jpeg","articleSection":["Pol\u00edtica"],"inLanguage":"es","potentialAction":[{"@type":"CommentAction","name":"Comment","target":["https:\/\/www.eldiario.net\/portal\/2024\/02\/17\/reforma-de-pensiones-busca-jubilacion-forzosa\/#respond"]}]},{"@type":"WebPage","@id":"https:\/\/www.eldiario.net\/portal\/2024\/02\/17\/reforma-de-pensiones-busca-jubilacion-forzosa\/","url":"https:\/\/www.eldiario.net\/portal\/2024\/02\/17\/reforma-de-pensiones-busca-jubilacion-forzosa\/","name":"Reforma de pensiones busca jubilaci\u00f3n forzosa - El Diario - Bolivia","isPartOf":{"@id":"https:\/\/www.eldiario.net\/portal\/#website"},"primaryImageOfPage":{"@id":"https:\/\/www.eldiario.net\/portal\/2024\/02\/17\/reforma-de-pensiones-busca-jubilacion-forzosa\/#primaryimage"},"image":{"@id":"https:\/\/www.eldiario.net\/portal\/2024\/02\/17\/reforma-de-pensiones-busca-jubilacion-forzosa\/#primaryimage"},"thumbnailUrl":"https:\/\/www.eldiario.net\/portal\/wp-content\/uploads\/2024\/02\/17-jubilacion.jpeg","datePublished":"2024-02-17T10:43:23+00:00","breadcrumb":{"@id":"https:\/\/www.eldiario.net\/portal\/2024\/02\/17\/reforma-de-pensiones-busca-jubilacion-forzosa\/#breadcrumb"},"inLanguage":"es","potentialAction":[{"@type":"ReadAction","target":["https:\/\/www.eldiario.net\/portal\/2024\/02\/17\/reforma-de-pensiones-busca-jubilacion-forzosa\/"]}]},{"@type":"ImageObject","inLanguage":"es","@id":"https:\/\/www.eldiario.net\/portal\/2024\/02\/17\/reforma-de-pensiones-busca-jubilacion-forzosa\/#primaryimage","url":"https:\/\/www.eldiario.net\/portal\/wp-content\/uploads\/2024\/02\/17-jubilacion.jpeg","contentUrl":"https:\/\/www.eldiario.net\/portal\/wp-content\/uploads\/2024\/02\/17-jubilacion.jpeg","width":1600,"height":1079,"caption":"Se ratifican protestas ante intento de aprobar la jubilaci\u00f3n forzosa."},{"@type":"BreadcrumbList","@id":"https:\/\/www.eldiario.net\/portal\/2024\/02\/17\/reforma-de-pensiones-busca-jubilacion-forzosa\/#breadcrumb","itemListElement":[{"@type":"ListItem","position":1,"name":"Portada","item":"https:\/\/www.eldiario.net\/portal\/"},{"@type":"ListItem","position":2,"name":"Reforma de pensiones busca jubilaci\u00f3n forzosa"}]},{"@type":"WebSite","@id":"https:\/\/www.eldiario.net\/portal\/#website","url":"https:\/\/www.eldiario.net\/portal\/","name":"El Diario - Decano de la prensa nacional","description":"El Diario - Decano de la prensa nacional","publisher":{"@id":"https:\/\/www.eldiario.net\/portal\/#organization"},"potentialAction":[{"@type":"SearchAction","target":{"@type":"EntryPoint","urlTemplate":"https:\/\/www.eldiario.net\/portal\/?s={search_term_string}"},"query-input":{"@type":"PropertyValueSpecification","valueRequired":true,"valueName":"search_term_string"}}],"inLanguage":"es"},{"@type":"Organization","@id":"https:\/\/www.eldiario.net\/portal\/#organization","name":"El Diario - Decano de la prensa nacional","url":"https:\/\/www.eldiario.net\/portal\/","logo":{"@type":"ImageObject","inLanguage":"es","@id":"https:\/\/www.eldiario.net\/portal\/#\/schema\/logo\/image\/","url":"https:\/\/www.eldiario.net\/portal\/wp-content\/uploads\/2023\/07\/logo_ED.jpg","contentUrl":"https:\/\/www.eldiario.net\/portal\/wp-content\/uploads\/2023\/07\/logo_ED.jpg","width":272,"height":52,"caption":"El Diario - Decano de la prensa nacional"},"image":{"@id":"https:\/\/www.eldiario.net\/portal\/#\/schema\/logo\/image\/"},"sameAs":["https:\/\/www.facebook.com\/eldiario.bolivia\/","https:\/\/x.com\/eldiario_net"]},{"@type":"Person","@id":"https:\/\/www.eldiario.net\/portal\/#\/schema\/person\/f46445640444750d7d753ccd04ae01b7","name":"Jeanette","image":{"@type":"ImageObject","inLanguage":"es","@id":"https:\/\/secure.gravatar.com\/avatar\/3ea2118a5f7dad2b7138b1187a6b7ee55f160b9968b66013c3a3ef39dd7e5798?s=96&d=mm&r=g","url":"https:\/\/secure.gravatar.com\/avatar\/3ea2118a5f7dad2b7138b1187a6b7ee55f160b9968b66013c3a3ef39dd7e5798?s=96&d=mm&r=g","contentUrl":"https:\/\/secure.gravatar.com\/avatar\/3ea2118a5f7dad2b7138b1187a6b7ee55f160b9968b66013c3a3ef39dd7e5798?s=96&d=mm&r=g","caption":"Jeanette"},"sameAs":["https:\/\/www.eldiario.net\/portal"],"url":"https:\/\/www.eldiario.net\/portal\/author\/jeanette\/"}]}},"_links":{"self":[{"href":"https:\/\/www.eldiario.net\/portal\/wp-json\/wp\/v2\/posts\/203582","targetHints":{"allow":["GET"]}}],"collection":[{"href":"https:\/\/www.eldiario.net\/portal\/wp-json\/wp\/v2\/posts"}],"about":[{"href":"https:\/\/www.eldiario.net\/portal\/wp-json\/wp\/v2\/types\/post"}],"author":[{"embeddable":true,"href":"https:\/\/www.eldiario.net\/portal\/wp-json\/wp\/v2\/users\/1"}],"replies":[{"embeddable":true,"href":"https:\/\/www.eldiario.net\/portal\/wp-json\/wp\/v2\/comments?post=203582"}],"version-history":[{"count":1,"href":"https:\/\/www.eldiario.net\/portal\/wp-json\/wp\/v2\/posts\/203582\/revisions"}],"predecessor-version":[{"id":203584,"href":"https:\/\/www.eldiario.net\/portal\/wp-json\/wp\/v2\/posts\/203582\/revisions\/203584"}],"wp:featuredmedia":[{"embeddable":true,"href":"https:\/\/www.eldiario.net\/portal\/wp-json\/wp\/v2\/media\/203583"}],"wp:attachment":[{"href":"https:\/\/www.eldiario.net\/portal\/wp-json\/wp\/v2\/media?parent=203582"}],"wp:term":[{"taxonomy":"category","embeddable":true,"href":"https:\/\/www.eldiario.net\/portal\/wp-json\/wp\/v2\/categories?post=203582"},{"taxonomy":"post_tag","embeddable":true,"href":"https:\/\/www.eldiario.net\/portal\/wp-json\/wp\/v2\/tags?post=203582"}],"curies":[{"name":"wp","href":"https:\/\/api.w.org\/{rel}","templated":true}]}}