{"id":203579,"date":"2024-02-17T06:42:01","date_gmt":"2024-02-17T10:42:01","guid":{"rendered":"https:\/\/www.eldiario.net\/portal\/?p=203579"},"modified":"2024-02-17T06:42:01","modified_gmt":"2024-02-17T10:42:01","slug":"creemos-no-aprobara-creditos-si-prorrogados-no-cesan-funciones","status":"publish","type":"post","link":"https:\/\/www.eldiario.net\/portal\/2024\/02\/17\/creemos-no-aprobara-creditos-si-prorrogados-no-cesan-funciones\/","title":{"rendered":"Creemos no aprobar\u00e1 cr\u00e9ditos si  prorrogados no cesan funciones"},"content":{"rendered":"<p>Luego de la aprobaci\u00f3n de la convocatoria para el proceso de preselecci\u00f3n de candidatos para las elecciones judiciales, la agrupaci\u00f3n Creemos descart\u00f3 toda posibilidad de aprobar los cr\u00e9ditos internacionales que exige el Gobierno si antes no procede el alejamiento de los Magistrados inconstitucionalmente prorrogados por el Tribunal Constitucional Plurinacional (TCP), inclusive con las amenazas a la integridad f\u00edsica de legisladores, proferidas por movimientos sociales afines al oficialismo.<br \/>\nEl diputado cruce\u00f1o, Walthy Eg\u00fcez (Creemos), reiter\u00f3 que el pedido de las fuerzas de oposici\u00f3n es claro, no avanzar en la aprobaci\u00f3n de ning\u00fan cr\u00e9dito en tanto la actual administraci\u00f3n no ceda en su posici\u00f3n de mantener a las actuales cabezas de la justicia, pese a que el texto constitucional establece su per\u00edodo de funciones en seis a\u00f1os, sin hacer referencia a ning\u00fan tipo de pr\u00f3rroga.<br \/>\n\u201cLo que tiene que hacer el Gobierno es lo que pide la oposici\u00f3n, tratar los proyectos de ley 073 y 075, de pausa procesal y alejamiento de los magistrados del \u00d3rgano Judicial, someter a votaci\u00f3n democr\u00e1tica porque la oposici\u00f3n tiene la mayor\u00eda en la C\u00e1mara de Diputados (\u2026). Qu\u00e9 quieren hacer los movimientos sociales \u00bfcolgarnos en la plaza Villarroel para proteger a unos delincuentes como son los magistrados prorrogados del TCP?\u201d, cuestion\u00f3 Eg\u00fcez.<br \/>\nEn este sentido, reiter\u00f3 que la oposici\u00f3n pol\u00edtica desde la C\u00e1mara Baja ha sido clara en su posici\u00f3n acerca del tratamiento a los cr\u00e9ditos internacionales y no cambiar\u00e1 de parecer hasta que el Gobierno del presidente Luis Arce, comprenda que el pueblo rechaza a los actuales operadores de justicia y m\u00e1s a\u00fan a los magistrados inconstitucionales.<\/p>\n","protected":false},"excerpt":{"rendered":"<p>Luego de la aprobaci\u00f3n de la convocatoria para el proceso de preselecci\u00f3n de candidatos para las elecciones judiciales, la agrupaci\u00f3n Creemos descart\u00f3 toda posibilidad de aprobar los cr\u00e9ditos internacionales que exige el Gobierno si antes no procede el alejamiento de los Magistrados inconstitucionalmente prorrogados por el Tribunal Constitucional Plurinacional (TCP), inclusive con las amenazas a [&hellip;]<\/p>\n","protected":false},"author":1,"featured_media":203580,"comment_status":"open","ping_status":"open","sticky":false,"template":"","format":"standard","meta":{"_acf_changed":false,"footnotes":""},"categories":[14],"tags":[],"class_list":["post-203579","post","type-post","status-publish","format-standard","has-post-thumbnail","category-politica"],"acf":{"antetitulo":"Pese a amenazas contra legisladores"},"yoast_head":"<!-- This site is optimized with the Yoast SEO plugin v28.4 - https:\/\/yoast.com\/product\/yoast-seo-wordpress\/ -->\n<title>Creemos no aprobar\u00e1 cr\u00e9ditos si prorrogados no cesan funciones - El Diario - Bolivia<\/title>\n<meta name=\"robots\" content=\"index, follow, max-snippet:-1, max-image-preview:large, max-video-preview:-1\" \/>\n<link rel=\"canonical\" href=\"https:\/\/www.eldiario.net\/portal\/2024\/02\/17\/creemos-no-aprobara-creditos-si-prorrogados-no-cesan-funciones\/\" \/>\n<meta property=\"og:locale\" content=\"es_ES\" \/>\n<meta property=\"og:type\" content=\"article\" \/>\n<meta property=\"og:title\" content=\"Creemos no aprobar\u00e1 cr\u00e9ditos si prorrogados no cesan funciones - El Diario - Bolivia\" \/>\n<meta property=\"og:description\" content=\"Luego de la aprobaci\u00f3n de la convocatoria para el proceso de preselecci\u00f3n de candidatos para las elecciones judiciales, la agrupaci\u00f3n Creemos descart\u00f3 toda posibilidad de aprobar los cr\u00e9ditos internacionales que exige el Gobierno si antes no procede el alejamiento de los Magistrados inconstitucionalmente prorrogados por el Tribunal Constitucional Plurinacional (TCP), inclusive con las amenazas a [&hellip;]\" \/>\n<meta property=\"og:url\" content=\"https:\/\/www.eldiario.net\/portal\/2024\/02\/17\/creemos-no-aprobara-creditos-si-prorrogados-no-cesan-funciones\/\" \/>\n<meta property=\"og:site_name\" content=\"El Diario - Bolivia\" \/>\n<meta property=\"article:publisher\" content=\"https:\/\/www.facebook.com\/eldiario.bolivia\/\" \/>\n<meta property=\"article:published_time\" content=\"2024-02-17T10:42:01+00:00\" \/>\n<meta property=\"og:image\" content=\"https:\/\/www.eldiario.net\/portal\/wp-content\/uploads\/2024\/02\/DESCARTAN-ALP.jpg\" \/>\n\t<meta property=\"og:image:width\" content=\"1000\" \/>\n\t<meta property=\"og:image:height\" content=\"558\" \/>\n\t<meta property=\"og:image:type\" content=\"image\/jpeg\" \/>\n<meta name=\"author\" content=\"Jeanette\" \/>\n<meta name=\"twitter:card\" content=\"summary_large_image\" \/>\n<meta name=\"twitter:creator\" content=\"@eldiario_net\" \/>\n<meta name=\"twitter:site\" content=\"@eldiario_net\" \/>\n<meta name=\"twitter:label1\" content=\"Escrito por\" \/>\n\t<meta name=\"twitter:data1\" content=\"Jeanette\" \/>\n\t<meta name=\"twitter:label2\" content=\"Tiempo de lectura\" \/>\n\t<meta name=\"twitter:data2\" content=\"2 minutos\" \/>\n<script type=\"application\/ld+json\" class=\"yoast-schema-graph\">{\"@context\":\"https:\\\/\\\/schema.org\",\"@graph\":[{\"@type\":\"Article\",\"@id\":\"https:\\\/\\\/www.eldiario.net\\\/portal\\\/2024\\\/02\\\/17\\\/creemos-no-aprobara-creditos-si-prorrogados-no-cesan-funciones\\\/#article\",\"isPartOf\":{\"@id\":\"https:\\\/\\\/www.eldiario.net\\\/portal\\\/2024\\\/02\\\/17\\\/creemos-no-aprobara-creditos-si-prorrogados-no-cesan-funciones\\\/\"},\"author\":{\"name\":\"Jeanette\",\"@id\":\"https:\\\/\\\/www.eldiario.net\\\/portal\\\/#\\\/schema\\\/person\\\/f46445640444750d7d753ccd04ae01b7\"},\"headline\":\"Creemos no aprobar\u00e1 cr\u00e9ditos si prorrogados no cesan funciones\",\"datePublished\":\"2024-02-17T10:42:01+00:00\",\"mainEntityOfPage\":{\"@id\":\"https:\\\/\\\/www.eldiario.net\\\/portal\\\/2024\\\/02\\\/17\\\/creemos-no-aprobara-creditos-si-prorrogados-no-cesan-funciones\\\/\"},\"wordCount\":300,\"commentCount\":0,\"publisher\":{\"@id\":\"https:\\\/\\\/www.eldiario.net\\\/portal\\\/#organization\"},\"image\":{\"@id\":\"https:\\\/\\\/www.eldiario.net\\\/portal\\\/2024\\\/02\\\/17\\\/creemos-no-aprobara-creditos-si-prorrogados-no-cesan-funciones\\\/#primaryimage\"},\"thumbnailUrl\":\"https:\\\/\\\/www.eldiario.net\\\/portal\\\/wp-content\\\/uploads\\\/2024\\\/02\\\/DESCARTAN-ALP.jpg\",\"articleSection\":[\"Pol\u00edtica\"],\"inLanguage\":\"es\",\"potentialAction\":[{\"@type\":\"CommentAction\",\"name\":\"Comment\",\"target\":[\"https:\\\/\\\/www.eldiario.net\\\/portal\\\/2024\\\/02\\\/17\\\/creemos-no-aprobara-creditos-si-prorrogados-no-cesan-funciones\\\/#respond\"]}]},{\"@type\":\"WebPage\",\"@id\":\"https:\\\/\\\/www.eldiario.net\\\/portal\\\/2024\\\/02\\\/17\\\/creemos-no-aprobara-creditos-si-prorrogados-no-cesan-funciones\\\/\",\"url\":\"https:\\\/\\\/www.eldiario.net\\\/portal\\\/2024\\\/02\\\/17\\\/creemos-no-aprobara-creditos-si-prorrogados-no-cesan-funciones\\\/\",\"name\":\"Creemos no aprobar\u00e1 cr\u00e9ditos si prorrogados no cesan funciones - El Diario - Bolivia\",\"isPartOf\":{\"@id\":\"https:\\\/\\\/www.eldiario.net\\\/portal\\\/#website\"},\"primaryImageOfPage\":{\"@id\":\"https:\\\/\\\/www.eldiario.net\\\/portal\\\/2024\\\/02\\\/17\\\/creemos-no-aprobara-creditos-si-prorrogados-no-cesan-funciones\\\/#primaryimage\"},\"image\":{\"@id\":\"https:\\\/\\\/www.eldiario.net\\\/portal\\\/2024\\\/02\\\/17\\\/creemos-no-aprobara-creditos-si-prorrogados-no-cesan-funciones\\\/#primaryimage\"},\"thumbnailUrl\":\"https:\\\/\\\/www.eldiario.net\\\/portal\\\/wp-content\\\/uploads\\\/2024\\\/02\\\/DESCARTAN-ALP.jpg\",\"datePublished\":\"2024-02-17T10:42:01+00:00\",\"breadcrumb\":{\"@id\":\"https:\\\/\\\/www.eldiario.net\\\/portal\\\/2024\\\/02\\\/17\\\/creemos-no-aprobara-creditos-si-prorrogados-no-cesan-funciones\\\/#breadcrumb\"},\"inLanguage\":\"es\",\"potentialAction\":[{\"@type\":\"ReadAction\",\"target\":[\"https:\\\/\\\/www.eldiario.net\\\/portal\\\/2024\\\/02\\\/17\\\/creemos-no-aprobara-creditos-si-prorrogados-no-cesan-funciones\\\/\"]}]},{\"@type\":\"ImageObject\",\"inLanguage\":\"es\",\"@id\":\"https:\\\/\\\/www.eldiario.net\\\/portal\\\/2024\\\/02\\\/17\\\/creemos-no-aprobara-creditos-si-prorrogados-no-cesan-funciones\\\/#primaryimage\",\"url\":\"https:\\\/\\\/www.eldiario.net\\\/portal\\\/wp-content\\\/uploads\\\/2024\\\/02\\\/DESCARTAN-ALP.jpg\",\"contentUrl\":\"https:\\\/\\\/www.eldiario.net\\\/portal\\\/wp-content\\\/uploads\\\/2024\\\/02\\\/DESCARTAN-ALP.jpg\",\"width\":1000,\"height\":558,\"caption\":\"Asamblea Legislativa Plurinacional. (referencial)\"},{\"@type\":\"BreadcrumbList\",\"@id\":\"https:\\\/\\\/www.eldiario.net\\\/portal\\\/2024\\\/02\\\/17\\\/creemos-no-aprobara-creditos-si-prorrogados-no-cesan-funciones\\\/#breadcrumb\",\"itemListElement\":[{\"@type\":\"ListItem\",\"position\":1,\"name\":\"Portada\",\"item\":\"https:\\\/\\\/www.eldiario.net\\\/portal\\\/\"},{\"@type\":\"ListItem\",\"position\":2,\"name\":\"Creemos no aprobar\u00e1 cr\u00e9ditos si prorrogados no cesan funciones\"}]},{\"@type\":\"WebSite\",\"@id\":\"https:\\\/\\\/www.eldiario.net\\\/portal\\\/#website\",\"url\":\"https:\\\/\\\/www.eldiario.net\\\/portal\\\/\",\"name\":\"El Diario - Decano de la prensa nacional\",\"description\":\"El Diario - Decano de la prensa nacional\",\"publisher\":{\"@id\":\"https:\\\/\\\/www.eldiario.net\\\/portal\\\/#organization\"},\"potentialAction\":[{\"@type\":\"SearchAction\",\"target\":{\"@type\":\"EntryPoint\",\"urlTemplate\":\"https:\\\/\\\/www.eldiario.net\\\/portal\\\/?s={search_term_string}\"},\"query-input\":{\"@type\":\"PropertyValueSpecification\",\"valueRequired\":true,\"valueName\":\"search_term_string\"}}],\"inLanguage\":\"es\"},{\"@type\":\"Organization\",\"@id\":\"https:\\\/\\\/www.eldiario.net\\\/portal\\\/#organization\",\"name\":\"El Diario - Decano de la prensa nacional\",\"url\":\"https:\\\/\\\/www.eldiario.net\\\/portal\\\/\",\"logo\":{\"@type\":\"ImageObject\",\"inLanguage\":\"es\",\"@id\":\"https:\\\/\\\/www.eldiario.net\\\/portal\\\/#\\\/schema\\\/logo\\\/image\\\/\",\"url\":\"https:\\\/\\\/www.eldiario.net\\\/portal\\\/wp-content\\\/uploads\\\/2023\\\/07\\\/logo_ED.jpg\",\"contentUrl\":\"https:\\\/\\\/www.eldiario.net\\\/portal\\\/wp-content\\\/uploads\\\/2023\\\/07\\\/logo_ED.jpg\",\"width\":272,\"height\":52,\"caption\":\"El Diario - Decano de la prensa nacional\"},\"image\":{\"@id\":\"https:\\\/\\\/www.eldiario.net\\\/portal\\\/#\\\/schema\\\/logo\\\/image\\\/\"},\"sameAs\":[\"https:\\\/\\\/www.facebook.com\\\/eldiario.bolivia\\\/\",\"https:\\\/\\\/x.com\\\/eldiario_net\"]},{\"@type\":\"Person\",\"@id\":\"https:\\\/\\\/www.eldiario.net\\\/portal\\\/#\\\/schema\\\/person\\\/f46445640444750d7d753ccd04ae01b7\",\"name\":\"Jeanette\",\"image\":{\"@type\":\"ImageObject\",\"inLanguage\":\"es\",\"@id\":\"https:\\\/\\\/secure.gravatar.com\\\/avatar\\\/3ea2118a5f7dad2b7138b1187a6b7ee55f160b9968b66013c3a3ef39dd7e5798?s=96&d=mm&r=g\",\"url\":\"https:\\\/\\\/secure.gravatar.com\\\/avatar\\\/3ea2118a5f7dad2b7138b1187a6b7ee55f160b9968b66013c3a3ef39dd7e5798?s=96&d=mm&r=g\",\"contentUrl\":\"https:\\\/\\\/secure.gravatar.com\\\/avatar\\\/3ea2118a5f7dad2b7138b1187a6b7ee55f160b9968b66013c3a3ef39dd7e5798?s=96&d=mm&r=g\",\"caption\":\"Jeanette\"},\"sameAs\":[\"https:\\\/\\\/www.eldiario.net\\\/portal\"],\"url\":\"https:\\\/\\\/www.eldiario.net\\\/portal\\\/author\\\/jeanette\\\/\"}]}<\/script>\n<!-- \/ Yoast SEO plugin. -->","yoast_head_json":{"title":"Creemos no aprobar\u00e1 cr\u00e9ditos si prorrogados no cesan funciones - El Diario - Bolivia","robots":{"index":"index","follow":"follow","max-snippet":"max-snippet:-1","max-image-preview":"max-image-preview:large","max-video-preview":"max-video-preview:-1"},"canonical":"https:\/\/www.eldiario.net\/portal\/2024\/02\/17\/creemos-no-aprobara-creditos-si-prorrogados-no-cesan-funciones\/","og_locale":"es_ES","og_type":"article","og_title":"Creemos no aprobar\u00e1 cr\u00e9ditos si prorrogados no cesan funciones - El Diario - Bolivia","og_description":"Luego de la aprobaci\u00f3n de la convocatoria para el proceso de preselecci\u00f3n de candidatos para las elecciones judiciales, la agrupaci\u00f3n Creemos descart\u00f3 toda posibilidad de aprobar los cr\u00e9ditos internacionales que exige el Gobierno si antes no procede el alejamiento de los Magistrados inconstitucionalmente prorrogados por el Tribunal Constitucional Plurinacional (TCP), inclusive con las amenazas a [&hellip;]","og_url":"https:\/\/www.eldiario.net\/portal\/2024\/02\/17\/creemos-no-aprobara-creditos-si-prorrogados-no-cesan-funciones\/","og_site_name":"El Diario - Bolivia","article_publisher":"https:\/\/www.facebook.com\/eldiario.bolivia\/","article_published_time":"2024-02-17T10:42:01+00:00","og_image":[{"width":1000,"height":558,"url":"https:\/\/www.eldiario.net\/portal\/wp-content\/uploads\/2024\/02\/DESCARTAN-ALP.jpg","type":"image\/jpeg"}],"author":"Jeanette","twitter_card":"summary_large_image","twitter_creator":"@eldiario_net","twitter_site":"@eldiario_net","twitter_misc":{"Escrito por":"Jeanette","Tiempo de lectura":"2 minutos"},"schema":{"@context":"https:\/\/schema.org","@graph":[{"@type":"Article","@id":"https:\/\/www.eldiario.net\/portal\/2024\/02\/17\/creemos-no-aprobara-creditos-si-prorrogados-no-cesan-funciones\/#article","isPartOf":{"@id":"https:\/\/www.eldiario.net\/portal\/2024\/02\/17\/creemos-no-aprobara-creditos-si-prorrogados-no-cesan-funciones\/"},"author":{"name":"Jeanette","@id":"https:\/\/www.eldiario.net\/portal\/#\/schema\/person\/f46445640444750d7d753ccd04ae01b7"},"headline":"Creemos no aprobar\u00e1 cr\u00e9ditos si prorrogados no cesan funciones","datePublished":"2024-02-17T10:42:01+00:00","mainEntityOfPage":{"@id":"https:\/\/www.eldiario.net\/portal\/2024\/02\/17\/creemos-no-aprobara-creditos-si-prorrogados-no-cesan-funciones\/"},"wordCount":300,"commentCount":0,"publisher":{"@id":"https:\/\/www.eldiario.net\/portal\/#organization"},"image":{"@id":"https:\/\/www.eldiario.net\/portal\/2024\/02\/17\/creemos-no-aprobara-creditos-si-prorrogados-no-cesan-funciones\/#primaryimage"},"thumbnailUrl":"https:\/\/www.eldiario.net\/portal\/wp-content\/uploads\/2024\/02\/DESCARTAN-ALP.jpg","articleSection":["Pol\u00edtica"],"inLanguage":"es","potentialAction":[{"@type":"CommentAction","name":"Comment","target":["https:\/\/www.eldiario.net\/portal\/2024\/02\/17\/creemos-no-aprobara-creditos-si-prorrogados-no-cesan-funciones\/#respond"]}]},{"@type":"WebPage","@id":"https:\/\/www.eldiario.net\/portal\/2024\/02\/17\/creemos-no-aprobara-creditos-si-prorrogados-no-cesan-funciones\/","url":"https:\/\/www.eldiario.net\/portal\/2024\/02\/17\/creemos-no-aprobara-creditos-si-prorrogados-no-cesan-funciones\/","name":"Creemos no aprobar\u00e1 cr\u00e9ditos si prorrogados no cesan funciones - El Diario - Bolivia","isPartOf":{"@id":"https:\/\/www.eldiario.net\/portal\/#website"},"primaryImageOfPage":{"@id":"https:\/\/www.eldiario.net\/portal\/2024\/02\/17\/creemos-no-aprobara-creditos-si-prorrogados-no-cesan-funciones\/#primaryimage"},"image":{"@id":"https:\/\/www.eldiario.net\/portal\/2024\/02\/17\/creemos-no-aprobara-creditos-si-prorrogados-no-cesan-funciones\/#primaryimage"},"thumbnailUrl":"https:\/\/www.eldiario.net\/portal\/wp-content\/uploads\/2024\/02\/DESCARTAN-ALP.jpg","datePublished":"2024-02-17T10:42:01+00:00","breadcrumb":{"@id":"https:\/\/www.eldiario.net\/portal\/2024\/02\/17\/creemos-no-aprobara-creditos-si-prorrogados-no-cesan-funciones\/#breadcrumb"},"inLanguage":"es","potentialAction":[{"@type":"ReadAction","target":["https:\/\/www.eldiario.net\/portal\/2024\/02\/17\/creemos-no-aprobara-creditos-si-prorrogados-no-cesan-funciones\/"]}]},{"@type":"ImageObject","inLanguage":"es","@id":"https:\/\/www.eldiario.net\/portal\/2024\/02\/17\/creemos-no-aprobara-creditos-si-prorrogados-no-cesan-funciones\/#primaryimage","url":"https:\/\/www.eldiario.net\/portal\/wp-content\/uploads\/2024\/02\/DESCARTAN-ALP.jpg","contentUrl":"https:\/\/www.eldiario.net\/portal\/wp-content\/uploads\/2024\/02\/DESCARTAN-ALP.jpg","width":1000,"height":558,"caption":"Asamblea Legislativa Plurinacional. (referencial)"},{"@type":"BreadcrumbList","@id":"https:\/\/www.eldiario.net\/portal\/2024\/02\/17\/creemos-no-aprobara-creditos-si-prorrogados-no-cesan-funciones\/#breadcrumb","itemListElement":[{"@type":"ListItem","position":1,"name":"Portada","item":"https:\/\/www.eldiario.net\/portal\/"},{"@type":"ListItem","position":2,"name":"Creemos no aprobar\u00e1 cr\u00e9ditos si prorrogados no cesan funciones"}]},{"@type":"WebSite","@id":"https:\/\/www.eldiario.net\/portal\/#website","url":"https:\/\/www.eldiario.net\/portal\/","name":"El Diario - Decano de la prensa nacional","description":"El Diario - Decano de la prensa nacional","publisher":{"@id":"https:\/\/www.eldiario.net\/portal\/#organization"},"potentialAction":[{"@type":"SearchAction","target":{"@type":"EntryPoint","urlTemplate":"https:\/\/www.eldiario.net\/portal\/?s={search_term_string}"},"query-input":{"@type":"PropertyValueSpecification","valueRequired":true,"valueName":"search_term_string"}}],"inLanguage":"es"},{"@type":"Organization","@id":"https:\/\/www.eldiario.net\/portal\/#organization","name":"El Diario - Decano de la prensa nacional","url":"https:\/\/www.eldiario.net\/portal\/","logo":{"@type":"ImageObject","inLanguage":"es","@id":"https:\/\/www.eldiario.net\/portal\/#\/schema\/logo\/image\/","url":"https:\/\/www.eldiario.net\/portal\/wp-content\/uploads\/2023\/07\/logo_ED.jpg","contentUrl":"https:\/\/www.eldiario.net\/portal\/wp-content\/uploads\/2023\/07\/logo_ED.jpg","width":272,"height":52,"caption":"El Diario - Decano de la prensa nacional"},"image":{"@id":"https:\/\/www.eldiario.net\/portal\/#\/schema\/logo\/image\/"},"sameAs":["https:\/\/www.facebook.com\/eldiario.bolivia\/","https:\/\/x.com\/eldiario_net"]},{"@type":"Person","@id":"https:\/\/www.eldiario.net\/portal\/#\/schema\/person\/f46445640444750d7d753ccd04ae01b7","name":"Jeanette","image":{"@type":"ImageObject","inLanguage":"es","@id":"https:\/\/secure.gravatar.com\/avatar\/3ea2118a5f7dad2b7138b1187a6b7ee55f160b9968b66013c3a3ef39dd7e5798?s=96&d=mm&r=g","url":"https:\/\/secure.gravatar.com\/avatar\/3ea2118a5f7dad2b7138b1187a6b7ee55f160b9968b66013c3a3ef39dd7e5798?s=96&d=mm&r=g","contentUrl":"https:\/\/secure.gravatar.com\/avatar\/3ea2118a5f7dad2b7138b1187a6b7ee55f160b9968b66013c3a3ef39dd7e5798?s=96&d=mm&r=g","caption":"Jeanette"},"sameAs":["https:\/\/www.eldiario.net\/portal"],"url":"https:\/\/www.eldiario.net\/portal\/author\/jeanette\/"}]}},"_links":{"self":[{"href":"https:\/\/www.eldiario.net\/portal\/wp-json\/wp\/v2\/posts\/203579","targetHints":{"allow":["GET"]}}],"collection":[{"href":"https:\/\/www.eldiario.net\/portal\/wp-json\/wp\/v2\/posts"}],"about":[{"href":"https:\/\/www.eldiario.net\/portal\/wp-json\/wp\/v2\/types\/post"}],"author":[{"embeddable":true,"href":"https:\/\/www.eldiario.net\/portal\/wp-json\/wp\/v2\/users\/1"}],"replies":[{"embeddable":true,"href":"https:\/\/www.eldiario.net\/portal\/wp-json\/wp\/v2\/comments?post=203579"}],"version-history":[{"count":1,"href":"https:\/\/www.eldiario.net\/portal\/wp-json\/wp\/v2\/posts\/203579\/revisions"}],"predecessor-version":[{"id":203581,"href":"https:\/\/www.eldiario.net\/portal\/wp-json\/wp\/v2\/posts\/203579\/revisions\/203581"}],"wp:featuredmedia":[{"embeddable":true,"href":"https:\/\/www.eldiario.net\/portal\/wp-json\/wp\/v2\/media\/203580"}],"wp:attachment":[{"href":"https:\/\/www.eldiario.net\/portal\/wp-json\/wp\/v2\/media?parent=203579"}],"wp:term":[{"taxonomy":"category","embeddable":true,"href":"https:\/\/www.eldiario.net\/portal\/wp-json\/wp\/v2\/categories?post=203579"},{"taxonomy":"post_tag","embeddable":true,"href":"https:\/\/www.eldiario.net\/portal\/wp-json\/wp\/v2\/tags?post=203579"}],"curies":[{"name":"wp","href":"https:\/\/api.w.org\/{rel}","templated":true}]}}