{"id":203576,"date":"2024-02-17T06:41:26","date_gmt":"2024-02-17T10:41:26","guid":{"rendered":"https:\/\/www.eldiario.net\/portal\/?p=203576"},"modified":"2024-02-17T06:41:26","modified_gmt":"2024-02-17T10:41:26","slug":"rek-exige-sesion-de-alp-para-tratar-leyes-contra-la-prorroga","status":"publish","type":"post","link":"https:\/\/www.eldiario.net\/portal\/2024\/02\/17\/rek-exige-sesion-de-alp-para-tratar-leyes-contra-la-prorroga\/","title":{"rendered":"Rek exige sesi\u00f3n de ALP para  tratar leyes contra la pr\u00f3rroga"},"content":{"rendered":"<p>Mediante una carta remitida al presidente nato de la Asamblea Legislativa Plurinacional (ALP), David Choquehuanca, la senadora por Creemos, Centa Rek, exigi\u00f3 dar cumplimiento al procedimiento legislativo y convocar de inmediato al Parlamento para tratar los Proyectos de Ley 075 y 073, mismos que ya fueron aprobados por la C\u00e1mara de Senadores el pasado 18 de diciembre de 2023.<br \/>\n\u201cAnte la evidente incapacidad del diputado, Israel Huaytari, para el ejercicio de la presidencia de la C\u00e1mara de Diputados, es imperativo que su autoridad como presidente Nato de la Asamblea Legislativa Plurinacional, asuma su rol constitucional y brinde certidumbre a la poblaci\u00f3n en el tratamiento de los proyectos de ley para su aprobaci\u00f3n consecuencia de la falta de pronunciamiento de la C\u00e1mara de Diputados\u201d, se\u00f1ala parte de la nota remitida por Rek a la segunda autoridad del pa\u00eds.<br \/>\nA tiempo de hacer una cronolog\u00eda de los proyectos de ley referidos, que no reciben el debido tratamiento legislativo en la C\u00e1mara de Diputados, pese a que los plazos legislativos han sido ampliamente sobrepasados como c\u00e1mara revisora, Rek record\u00f3 a Choquehuanca que \u201cel MAS nuevamente deja en incertidumbre temas urgentes que demanda la ciudadan\u00eda: la pr\u00f3rroga judicial y las leyes que permitir\u00edan al Gobierno acceder a cr\u00e9ditos internacionales\u2026 Esta incertidumbre en la que nos encontramos se debe a la intromisi\u00f3n del \u00d3rgano Ejecutivo que, no conforme con someter a sus intereses al \u00d3rgano Judicial y Tribunal Constitucional, ha encontrado la forma de someter a la C\u00e1mara de Diputados y a su presidente que ha demostrado no tener la capacidad necesaria para el despacho que representa, m\u00e1s a\u00fan cuando es uno de los firmantes del acuerdo suscrito el 2 de febrero de 2024\u201d.<br \/>\nPosteriormente, y ante las amenazas de nuevos bloqueos de carreteras en el pa\u00eds, llevados adelante por el sector del Movimiento al Socialismo (MAS) que responde al expresidente Evo Morales, la senadora de Creemos destaca que esa situaci\u00f3n podr\u00eda ahondar la crisis econ\u00f3mica, donde el \u00fanico perjudicado es el ciudadano com\u00fan.<br \/>\nAnte esas amenazas, demand\u00f3 que el presidente nato de la ALP cumpla con la Constituci\u00f3n Pol\u00edtica del Estado, que en su art\u00edculo 162 numerales 7, 8 y 9, establece que: \u201c7. En caso de que pasen treinta d\u00edas sin que la C\u00e1mara revisora se pronuncie sobre el proyecto de ley (en este caso la C\u00e1mara de Diputados), el proyecto ser\u00e1 considerado en el Pleno de la Asamblea Legislativa Plurinacional. 8. El proyecto aprobado, una vez sancionado, ser\u00e1 remitido al \u00d3rgano Ejecutivo para su promulgaci\u00f3n como ley\u201d.<\/p>\n<p>&nbsp;<\/p>\n","protected":false},"excerpt":{"rendered":"<p>Mediante una carta remitida al presidente nato de la Asamblea Legislativa Plurinacional (ALP), David Choquehuanca, la senadora por Creemos, Centa Rek, exigi\u00f3 dar cumplimiento al procedimiento legislativo y convocar de inmediato al Parlamento para tratar los Proyectos de Ley 075 y 073, mismos que ya fueron aprobados por la C\u00e1mara de Senadores el pasado 18 [&hellip;]<\/p>\n","protected":false},"author":1,"featured_media":203577,"comment_status":"open","ping_status":"open","sticky":false,"template":"","format":"standard","meta":{"_acf_changed":false,"footnotes":""},"categories":[14],"tags":[],"class_list":["post-203576","post","type-post","status-publish","format-standard","has-post-thumbnail","category-politica"],"acf":{"antetitulo":"Mediante una misiva"},"yoast_head":"<!-- This site is optimized with the Yoast SEO plugin v28.4 - https:\/\/yoast.com\/product\/yoast-seo-wordpress\/ -->\n<title>Rek exige sesi\u00f3n de ALP para tratar leyes contra la pr\u00f3rroga - El Diario - Bolivia<\/title>\n<meta name=\"robots\" content=\"index, follow, max-snippet:-1, max-image-preview:large, max-video-preview:-1\" \/>\n<link rel=\"canonical\" href=\"https:\/\/www.eldiario.net\/portal\/2024\/02\/17\/rek-exige-sesion-de-alp-para-tratar-leyes-contra-la-prorroga\/\" \/>\n<meta property=\"og:locale\" content=\"es_ES\" \/>\n<meta property=\"og:type\" content=\"article\" \/>\n<meta property=\"og:title\" content=\"Rek exige sesi\u00f3n de ALP para tratar leyes contra la pr\u00f3rroga - El Diario - Bolivia\" \/>\n<meta property=\"og:description\" content=\"Mediante una carta remitida al presidente nato de la Asamblea Legislativa Plurinacional (ALP), David Choquehuanca, la senadora por Creemos, Centa Rek, exigi\u00f3 dar cumplimiento al procedimiento legislativo y convocar de inmediato al Parlamento para tratar los Proyectos de Ley 075 y 073, mismos que ya fueron aprobados por la C\u00e1mara de Senadores el pasado 18 [&hellip;]\" \/>\n<meta property=\"og:url\" content=\"https:\/\/www.eldiario.net\/portal\/2024\/02\/17\/rek-exige-sesion-de-alp-para-tratar-leyes-contra-la-prorroga\/\" \/>\n<meta property=\"og:site_name\" content=\"El Diario - Bolivia\" \/>\n<meta property=\"article:publisher\" content=\"https:\/\/www.facebook.com\/eldiario.bolivia\/\" \/>\n<meta property=\"article:published_time\" content=\"2024-02-17T10:41:26+00:00\" \/>\n<meta property=\"og:image\" content=\"https:\/\/www.eldiario.net\/portal\/wp-content\/uploads\/2024\/02\/senadora-rek-17.jpeg\" \/>\n\t<meta property=\"og:image:width\" content=\"1160\" \/>\n\t<meta property=\"og:image:height\" content=\"868\" \/>\n\t<meta property=\"og:image:type\" content=\"image\/jpeg\" \/>\n<meta name=\"author\" content=\"Jeanette\" \/>\n<meta name=\"twitter:card\" content=\"summary_large_image\" \/>\n<meta name=\"twitter:creator\" content=\"@eldiario_net\" \/>\n<meta name=\"twitter:site\" content=\"@eldiario_net\" \/>\n<meta name=\"twitter:label1\" content=\"Escrito por\" \/>\n\t<meta name=\"twitter:data1\" content=\"Jeanette\" \/>\n\t<meta name=\"twitter:label2\" content=\"Tiempo de lectura\" \/>\n\t<meta name=\"twitter:data2\" content=\"3 minutos\" \/>\n<script type=\"application\/ld+json\" class=\"yoast-schema-graph\">{\"@context\":\"https:\\\/\\\/schema.org\",\"@graph\":[{\"@type\":\"Article\",\"@id\":\"https:\\\/\\\/www.eldiario.net\\\/portal\\\/2024\\\/02\\\/17\\\/rek-exige-sesion-de-alp-para-tratar-leyes-contra-la-prorroga\\\/#article\",\"isPartOf\":{\"@id\":\"https:\\\/\\\/www.eldiario.net\\\/portal\\\/2024\\\/02\\\/17\\\/rek-exige-sesion-de-alp-para-tratar-leyes-contra-la-prorroga\\\/\"},\"author\":{\"name\":\"Jeanette\",\"@id\":\"https:\\\/\\\/www.eldiario.net\\\/portal\\\/#\\\/schema\\\/person\\\/f46445640444750d7d753ccd04ae01b7\"},\"headline\":\"Rek exige sesi\u00f3n de ALP para tratar leyes contra la pr\u00f3rroga\",\"datePublished\":\"2024-02-17T10:41:26+00:00\",\"mainEntityOfPage\":{\"@id\":\"https:\\\/\\\/www.eldiario.net\\\/portal\\\/2024\\\/02\\\/17\\\/rek-exige-sesion-de-alp-para-tratar-leyes-contra-la-prorroga\\\/\"},\"wordCount\":447,\"commentCount\":0,\"publisher\":{\"@id\":\"https:\\\/\\\/www.eldiario.net\\\/portal\\\/#organization\"},\"image\":{\"@id\":\"https:\\\/\\\/www.eldiario.net\\\/portal\\\/2024\\\/02\\\/17\\\/rek-exige-sesion-de-alp-para-tratar-leyes-contra-la-prorroga\\\/#primaryimage\"},\"thumbnailUrl\":\"https:\\\/\\\/www.eldiario.net\\\/portal\\\/wp-content\\\/uploads\\\/2024\\\/02\\\/senadora-rek-17.jpeg\",\"articleSection\":[\"Pol\u00edtica\"],\"inLanguage\":\"es\",\"potentialAction\":[{\"@type\":\"CommentAction\",\"name\":\"Comment\",\"target\":[\"https:\\\/\\\/www.eldiario.net\\\/portal\\\/2024\\\/02\\\/17\\\/rek-exige-sesion-de-alp-para-tratar-leyes-contra-la-prorroga\\\/#respond\"]}]},{\"@type\":\"WebPage\",\"@id\":\"https:\\\/\\\/www.eldiario.net\\\/portal\\\/2024\\\/02\\\/17\\\/rek-exige-sesion-de-alp-para-tratar-leyes-contra-la-prorroga\\\/\",\"url\":\"https:\\\/\\\/www.eldiario.net\\\/portal\\\/2024\\\/02\\\/17\\\/rek-exige-sesion-de-alp-para-tratar-leyes-contra-la-prorroga\\\/\",\"name\":\"Rek exige sesi\u00f3n de ALP para tratar leyes contra la pr\u00f3rroga - El Diario - Bolivia\",\"isPartOf\":{\"@id\":\"https:\\\/\\\/www.eldiario.net\\\/portal\\\/#website\"},\"primaryImageOfPage\":{\"@id\":\"https:\\\/\\\/www.eldiario.net\\\/portal\\\/2024\\\/02\\\/17\\\/rek-exige-sesion-de-alp-para-tratar-leyes-contra-la-prorroga\\\/#primaryimage\"},\"image\":{\"@id\":\"https:\\\/\\\/www.eldiario.net\\\/portal\\\/2024\\\/02\\\/17\\\/rek-exige-sesion-de-alp-para-tratar-leyes-contra-la-prorroga\\\/#primaryimage\"},\"thumbnailUrl\":\"https:\\\/\\\/www.eldiario.net\\\/portal\\\/wp-content\\\/uploads\\\/2024\\\/02\\\/senadora-rek-17.jpeg\",\"datePublished\":\"2024-02-17T10:41:26+00:00\",\"breadcrumb\":{\"@id\":\"https:\\\/\\\/www.eldiario.net\\\/portal\\\/2024\\\/02\\\/17\\\/rek-exige-sesion-de-alp-para-tratar-leyes-contra-la-prorroga\\\/#breadcrumb\"},\"inLanguage\":\"es\",\"potentialAction\":[{\"@type\":\"ReadAction\",\"target\":[\"https:\\\/\\\/www.eldiario.net\\\/portal\\\/2024\\\/02\\\/17\\\/rek-exige-sesion-de-alp-para-tratar-leyes-contra-la-prorroga\\\/\"]}]},{\"@type\":\"ImageObject\",\"inLanguage\":\"es\",\"@id\":\"https:\\\/\\\/www.eldiario.net\\\/portal\\\/2024\\\/02\\\/17\\\/rek-exige-sesion-de-alp-para-tratar-leyes-contra-la-prorroga\\\/#primaryimage\",\"url\":\"https:\\\/\\\/www.eldiario.net\\\/portal\\\/wp-content\\\/uploads\\\/2024\\\/02\\\/senadora-rek-17.jpeg\",\"contentUrl\":\"https:\\\/\\\/www.eldiario.net\\\/portal\\\/wp-content\\\/uploads\\\/2024\\\/02\\\/senadora-rek-17.jpeg\",\"width\":1160,\"height\":868,\"caption\":\"Centa Rek, senadora por Creemos.\"},{\"@type\":\"BreadcrumbList\",\"@id\":\"https:\\\/\\\/www.eldiario.net\\\/portal\\\/2024\\\/02\\\/17\\\/rek-exige-sesion-de-alp-para-tratar-leyes-contra-la-prorroga\\\/#breadcrumb\",\"itemListElement\":[{\"@type\":\"ListItem\",\"position\":1,\"name\":\"Portada\",\"item\":\"https:\\\/\\\/www.eldiario.net\\\/portal\\\/\"},{\"@type\":\"ListItem\",\"position\":2,\"name\":\"Rek exige sesi\u00f3n de ALP para tratar leyes contra la pr\u00f3rroga\"}]},{\"@type\":\"WebSite\",\"@id\":\"https:\\\/\\\/www.eldiario.net\\\/portal\\\/#website\",\"url\":\"https:\\\/\\\/www.eldiario.net\\\/portal\\\/\",\"name\":\"El Diario - Decano de la prensa nacional\",\"description\":\"El Diario - Decano de la prensa nacional\",\"publisher\":{\"@id\":\"https:\\\/\\\/www.eldiario.net\\\/portal\\\/#organization\"},\"potentialAction\":[{\"@type\":\"SearchAction\",\"target\":{\"@type\":\"EntryPoint\",\"urlTemplate\":\"https:\\\/\\\/www.eldiario.net\\\/portal\\\/?s={search_term_string}\"},\"query-input\":{\"@type\":\"PropertyValueSpecification\",\"valueRequired\":true,\"valueName\":\"search_term_string\"}}],\"inLanguage\":\"es\"},{\"@type\":\"Organization\",\"@id\":\"https:\\\/\\\/www.eldiario.net\\\/portal\\\/#organization\",\"name\":\"El Diario - Decano de la prensa nacional\",\"url\":\"https:\\\/\\\/www.eldiario.net\\\/portal\\\/\",\"logo\":{\"@type\":\"ImageObject\",\"inLanguage\":\"es\",\"@id\":\"https:\\\/\\\/www.eldiario.net\\\/portal\\\/#\\\/schema\\\/logo\\\/image\\\/\",\"url\":\"https:\\\/\\\/www.eldiario.net\\\/portal\\\/wp-content\\\/uploads\\\/2023\\\/07\\\/logo_ED.jpg\",\"contentUrl\":\"https:\\\/\\\/www.eldiario.net\\\/portal\\\/wp-content\\\/uploads\\\/2023\\\/07\\\/logo_ED.jpg\",\"width\":272,\"height\":52,\"caption\":\"El Diario - Decano de la prensa nacional\"},\"image\":{\"@id\":\"https:\\\/\\\/www.eldiario.net\\\/portal\\\/#\\\/schema\\\/logo\\\/image\\\/\"},\"sameAs\":[\"https:\\\/\\\/www.facebook.com\\\/eldiario.bolivia\\\/\",\"https:\\\/\\\/x.com\\\/eldiario_net\"]},{\"@type\":\"Person\",\"@id\":\"https:\\\/\\\/www.eldiario.net\\\/portal\\\/#\\\/schema\\\/person\\\/f46445640444750d7d753ccd04ae01b7\",\"name\":\"Jeanette\",\"image\":{\"@type\":\"ImageObject\",\"inLanguage\":\"es\",\"@id\":\"https:\\\/\\\/secure.gravatar.com\\\/avatar\\\/3ea2118a5f7dad2b7138b1187a6b7ee55f160b9968b66013c3a3ef39dd7e5798?s=96&d=mm&r=g\",\"url\":\"https:\\\/\\\/secure.gravatar.com\\\/avatar\\\/3ea2118a5f7dad2b7138b1187a6b7ee55f160b9968b66013c3a3ef39dd7e5798?s=96&d=mm&r=g\",\"contentUrl\":\"https:\\\/\\\/secure.gravatar.com\\\/avatar\\\/3ea2118a5f7dad2b7138b1187a6b7ee55f160b9968b66013c3a3ef39dd7e5798?s=96&d=mm&r=g\",\"caption\":\"Jeanette\"},\"sameAs\":[\"https:\\\/\\\/www.eldiario.net\\\/portal\"],\"url\":\"https:\\\/\\\/www.eldiario.net\\\/portal\\\/author\\\/jeanette\\\/\"}]}<\/script>\n<!-- \/ Yoast SEO plugin. -->","yoast_head_json":{"title":"Rek exige sesi\u00f3n de ALP para tratar leyes contra la pr\u00f3rroga - El Diario - Bolivia","robots":{"index":"index","follow":"follow","max-snippet":"max-snippet:-1","max-image-preview":"max-image-preview:large","max-video-preview":"max-video-preview:-1"},"canonical":"https:\/\/www.eldiario.net\/portal\/2024\/02\/17\/rek-exige-sesion-de-alp-para-tratar-leyes-contra-la-prorroga\/","og_locale":"es_ES","og_type":"article","og_title":"Rek exige sesi\u00f3n de ALP para tratar leyes contra la pr\u00f3rroga - El Diario - Bolivia","og_description":"Mediante una carta remitida al presidente nato de la Asamblea Legislativa Plurinacional (ALP), David Choquehuanca, la senadora por Creemos, Centa Rek, exigi\u00f3 dar cumplimiento al procedimiento legislativo y convocar de inmediato al Parlamento para tratar los Proyectos de Ley 075 y 073, mismos que ya fueron aprobados por la C\u00e1mara de Senadores el pasado 18 [&hellip;]","og_url":"https:\/\/www.eldiario.net\/portal\/2024\/02\/17\/rek-exige-sesion-de-alp-para-tratar-leyes-contra-la-prorroga\/","og_site_name":"El Diario - Bolivia","article_publisher":"https:\/\/www.facebook.com\/eldiario.bolivia\/","article_published_time":"2024-02-17T10:41:26+00:00","og_image":[{"width":1160,"height":868,"url":"https:\/\/www.eldiario.net\/portal\/wp-content\/uploads\/2024\/02\/senadora-rek-17.jpeg","type":"image\/jpeg"}],"author":"Jeanette","twitter_card":"summary_large_image","twitter_creator":"@eldiario_net","twitter_site":"@eldiario_net","twitter_misc":{"Escrito por":"Jeanette","Tiempo de lectura":"3 minutos"},"schema":{"@context":"https:\/\/schema.org","@graph":[{"@type":"Article","@id":"https:\/\/www.eldiario.net\/portal\/2024\/02\/17\/rek-exige-sesion-de-alp-para-tratar-leyes-contra-la-prorroga\/#article","isPartOf":{"@id":"https:\/\/www.eldiario.net\/portal\/2024\/02\/17\/rek-exige-sesion-de-alp-para-tratar-leyes-contra-la-prorroga\/"},"author":{"name":"Jeanette","@id":"https:\/\/www.eldiario.net\/portal\/#\/schema\/person\/f46445640444750d7d753ccd04ae01b7"},"headline":"Rek exige sesi\u00f3n de ALP para tratar leyes contra la pr\u00f3rroga","datePublished":"2024-02-17T10:41:26+00:00","mainEntityOfPage":{"@id":"https:\/\/www.eldiario.net\/portal\/2024\/02\/17\/rek-exige-sesion-de-alp-para-tratar-leyes-contra-la-prorroga\/"},"wordCount":447,"commentCount":0,"publisher":{"@id":"https:\/\/www.eldiario.net\/portal\/#organization"},"image":{"@id":"https:\/\/www.eldiario.net\/portal\/2024\/02\/17\/rek-exige-sesion-de-alp-para-tratar-leyes-contra-la-prorroga\/#primaryimage"},"thumbnailUrl":"https:\/\/www.eldiario.net\/portal\/wp-content\/uploads\/2024\/02\/senadora-rek-17.jpeg","articleSection":["Pol\u00edtica"],"inLanguage":"es","potentialAction":[{"@type":"CommentAction","name":"Comment","target":["https:\/\/www.eldiario.net\/portal\/2024\/02\/17\/rek-exige-sesion-de-alp-para-tratar-leyes-contra-la-prorroga\/#respond"]}]},{"@type":"WebPage","@id":"https:\/\/www.eldiario.net\/portal\/2024\/02\/17\/rek-exige-sesion-de-alp-para-tratar-leyes-contra-la-prorroga\/","url":"https:\/\/www.eldiario.net\/portal\/2024\/02\/17\/rek-exige-sesion-de-alp-para-tratar-leyes-contra-la-prorroga\/","name":"Rek exige sesi\u00f3n de ALP para tratar leyes contra la pr\u00f3rroga - El Diario - Bolivia","isPartOf":{"@id":"https:\/\/www.eldiario.net\/portal\/#website"},"primaryImageOfPage":{"@id":"https:\/\/www.eldiario.net\/portal\/2024\/02\/17\/rek-exige-sesion-de-alp-para-tratar-leyes-contra-la-prorroga\/#primaryimage"},"image":{"@id":"https:\/\/www.eldiario.net\/portal\/2024\/02\/17\/rek-exige-sesion-de-alp-para-tratar-leyes-contra-la-prorroga\/#primaryimage"},"thumbnailUrl":"https:\/\/www.eldiario.net\/portal\/wp-content\/uploads\/2024\/02\/senadora-rek-17.jpeg","datePublished":"2024-02-17T10:41:26+00:00","breadcrumb":{"@id":"https:\/\/www.eldiario.net\/portal\/2024\/02\/17\/rek-exige-sesion-de-alp-para-tratar-leyes-contra-la-prorroga\/#breadcrumb"},"inLanguage":"es","potentialAction":[{"@type":"ReadAction","target":["https:\/\/www.eldiario.net\/portal\/2024\/02\/17\/rek-exige-sesion-de-alp-para-tratar-leyes-contra-la-prorroga\/"]}]},{"@type":"ImageObject","inLanguage":"es","@id":"https:\/\/www.eldiario.net\/portal\/2024\/02\/17\/rek-exige-sesion-de-alp-para-tratar-leyes-contra-la-prorroga\/#primaryimage","url":"https:\/\/www.eldiario.net\/portal\/wp-content\/uploads\/2024\/02\/senadora-rek-17.jpeg","contentUrl":"https:\/\/www.eldiario.net\/portal\/wp-content\/uploads\/2024\/02\/senadora-rek-17.jpeg","width":1160,"height":868,"caption":"Centa Rek, senadora por Creemos."},{"@type":"BreadcrumbList","@id":"https:\/\/www.eldiario.net\/portal\/2024\/02\/17\/rek-exige-sesion-de-alp-para-tratar-leyes-contra-la-prorroga\/#breadcrumb","itemListElement":[{"@type":"ListItem","position":1,"name":"Portada","item":"https:\/\/www.eldiario.net\/portal\/"},{"@type":"ListItem","position":2,"name":"Rek exige sesi\u00f3n de ALP para tratar leyes contra la pr\u00f3rroga"}]},{"@type":"WebSite","@id":"https:\/\/www.eldiario.net\/portal\/#website","url":"https:\/\/www.eldiario.net\/portal\/","name":"El Diario - Decano de la prensa nacional","description":"El Diario - Decano de la prensa nacional","publisher":{"@id":"https:\/\/www.eldiario.net\/portal\/#organization"},"potentialAction":[{"@type":"SearchAction","target":{"@type":"EntryPoint","urlTemplate":"https:\/\/www.eldiario.net\/portal\/?s={search_term_string}"},"query-input":{"@type":"PropertyValueSpecification","valueRequired":true,"valueName":"search_term_string"}}],"inLanguage":"es"},{"@type":"Organization","@id":"https:\/\/www.eldiario.net\/portal\/#organization","name":"El Diario - Decano de la prensa nacional","url":"https:\/\/www.eldiario.net\/portal\/","logo":{"@type":"ImageObject","inLanguage":"es","@id":"https:\/\/www.eldiario.net\/portal\/#\/schema\/logo\/image\/","url":"https:\/\/www.eldiario.net\/portal\/wp-content\/uploads\/2023\/07\/logo_ED.jpg","contentUrl":"https:\/\/www.eldiario.net\/portal\/wp-content\/uploads\/2023\/07\/logo_ED.jpg","width":272,"height":52,"caption":"El Diario - Decano de la prensa nacional"},"image":{"@id":"https:\/\/www.eldiario.net\/portal\/#\/schema\/logo\/image\/"},"sameAs":["https:\/\/www.facebook.com\/eldiario.bolivia\/","https:\/\/x.com\/eldiario_net"]},{"@type":"Person","@id":"https:\/\/www.eldiario.net\/portal\/#\/schema\/person\/f46445640444750d7d753ccd04ae01b7","name":"Jeanette","image":{"@type":"ImageObject","inLanguage":"es","@id":"https:\/\/secure.gravatar.com\/avatar\/3ea2118a5f7dad2b7138b1187a6b7ee55f160b9968b66013c3a3ef39dd7e5798?s=96&d=mm&r=g","url":"https:\/\/secure.gravatar.com\/avatar\/3ea2118a5f7dad2b7138b1187a6b7ee55f160b9968b66013c3a3ef39dd7e5798?s=96&d=mm&r=g","contentUrl":"https:\/\/secure.gravatar.com\/avatar\/3ea2118a5f7dad2b7138b1187a6b7ee55f160b9968b66013c3a3ef39dd7e5798?s=96&d=mm&r=g","caption":"Jeanette"},"sameAs":["https:\/\/www.eldiario.net\/portal"],"url":"https:\/\/www.eldiario.net\/portal\/author\/jeanette\/"}]}},"_links":{"self":[{"href":"https:\/\/www.eldiario.net\/portal\/wp-json\/wp\/v2\/posts\/203576","targetHints":{"allow":["GET"]}}],"collection":[{"href":"https:\/\/www.eldiario.net\/portal\/wp-json\/wp\/v2\/posts"}],"about":[{"href":"https:\/\/www.eldiario.net\/portal\/wp-json\/wp\/v2\/types\/post"}],"author":[{"embeddable":true,"href":"https:\/\/www.eldiario.net\/portal\/wp-json\/wp\/v2\/users\/1"}],"replies":[{"embeddable":true,"href":"https:\/\/www.eldiario.net\/portal\/wp-json\/wp\/v2\/comments?post=203576"}],"version-history":[{"count":1,"href":"https:\/\/www.eldiario.net\/portal\/wp-json\/wp\/v2\/posts\/203576\/revisions"}],"predecessor-version":[{"id":203578,"href":"https:\/\/www.eldiario.net\/portal\/wp-json\/wp\/v2\/posts\/203576\/revisions\/203578"}],"wp:featuredmedia":[{"embeddable":true,"href":"https:\/\/www.eldiario.net\/portal\/wp-json\/wp\/v2\/media\/203577"}],"wp:attachment":[{"href":"https:\/\/www.eldiario.net\/portal\/wp-json\/wp\/v2\/media?parent=203576"}],"wp:term":[{"taxonomy":"category","embeddable":true,"href":"https:\/\/www.eldiario.net\/portal\/wp-json\/wp\/v2\/categories?post=203576"},{"taxonomy":"post_tag","embeddable":true,"href":"https:\/\/www.eldiario.net\/portal\/wp-json\/wp\/v2\/tags?post=203576"}],"curies":[{"name":"wp","href":"https:\/\/api.w.org\/{rel}","templated":true}]}}