{"id":203573,"date":"2024-02-17T06:40:39","date_gmt":"2024-02-17T10:40:39","guid":{"rendered":"https:\/\/www.eldiario.net\/portal\/?p=203573"},"modified":"2024-02-17T06:40:39","modified_gmt":"2024-02-17T10:40:39","slug":"bob-marley-la-leyenda-proyecta-la-musica-el-mensaje-y-la-vida-del-icono-del-reggae","status":"publish","type":"post","link":"https:\/\/www.eldiario.net\/portal\/2024\/02\/17\/bob-marley-la-leyenda-proyecta-la-musica-el-mensaje-y-la-vida-del-icono-del-reggae\/","title":{"rendered":"\u201cBob Marley: La Leyenda\u201d proyecta la m\u00fasica, el mensaje y la vida del \u00edcono del reggae"},"content":{"rendered":"<p>\u201cNo se puede separar la m\u00fasica y el mensaje\u201d, es una cita que se le escucha decir en el tr\u00e1iler al actor Kingsley Ben-Adir, quien interpreta al \u00edcono del reggae en \u201cBob Marley: La Leyenda\u201d, que ya est\u00e1 en todos los cines del pa\u00eds. La frase sirve como recordatorio de que Marley utiliz\u00f3 la m\u00fasica reggae como una forma de promover la paz, el amor y la unidad en su cultura jamaiquina y en todo el mundo.<br \/>\n\u201cBob Marley: La Leyenda\u201d celebra la vida y m\u00fasica del hombre que inspir\u00f3 a generaciones a trav\u00e9s de su mensaje. Por primera vez en la gran pantalla, descubriremos la poderosa historia de superaci\u00f3n de Bob y el recorrido que hay detr\u00e1s de su m\u00fasica revolucionaria. Producida en colaboraci\u00f3n con la familia Marley y protagonizada por Kingsley Ben-Adir (Barbie), adem\u00e1s de Lashana Lynch (La Mujer Rey) como su esposa, Rita.<br \/>\n\u201cDirigida y coescrita por Reinaldo Marcus Green (Rey Chichard: Una familia ganadora), el largometraje nos muestra a un Bob Marley que no mucha gente conoce, ya que ofrece algo que no se encuentra en Google, porque est\u00e1 basado en conversaciones reales, desde adentro, por la propia familia y las personas que lo conocieron\u201d, comenta Sandra Cortez, gerente de marketing de Andes Films, a\u00f1adiendo que este drama biogr\u00e1fico de 107 minutos, tiene como resultado el retrato tanto de un coloso musical, cuyo mensaje de uni\u00f3n lo har\u00eda blanco de fuerzas asesinas, como de un esposo, un padre y un rebelde. \u201cUn hombre con debilidades y desaf\u00edos como cualquiera, pero con una fuerza de cambio con la que hizo tanto por los que amaba y por el mundo hasta el final\u201d, refiere la ejecutiva.<br \/>\nLos productores son dos de los hijos de Bob, Ziggy y Cedella Marley, y la artista e \u00edcono femenino que tanto contribuy\u00f3 a los logros de su marido en sus 36 a\u00f1os en el planeta: su viuda, Rita. La familia trabaj\u00f3 junto con los productores Robert Teitel, Dede Gardner y Jeremy Kleiner, as\u00ed como con los productores ejecutivos Brad Pitt, Richard Hewitt, Orly Marley y Matt Solodky, por mencionar algunos.<br \/>\nPIE FOTO<\/p>\n<p>&nbsp;<\/p>\n","protected":false},"excerpt":{"rendered":"<p>\u201cNo se puede separar la m\u00fasica y el mensaje\u201d, es una cita que se le escucha decir en el tr\u00e1iler al actor Kingsley Ben-Adir, quien interpreta al \u00edcono del reggae en \u201cBob Marley: La Leyenda\u201d, que ya est\u00e1 en todos los cines del pa\u00eds. La frase sirve como recordatorio de que Marley utiliz\u00f3 la m\u00fasica [&hellip;]<\/p>\n","protected":false},"author":1,"featured_media":203574,"comment_status":"open","ping_status":"open","sticky":false,"template":"","format":"standard","meta":{"_acf_changed":false,"footnotes":""},"categories":[8],"tags":[],"class_list":["post-203573","post","type-post","status-publish","format-standard","has-post-thumbnail","category-cultural"],"acf":{"antetitulo":"Drama biogr\u00e1fico"},"yoast_head":"<!-- This site is optimized with the Yoast SEO plugin v28.4 - https:\/\/yoast.com\/product\/yoast-seo-wordpress\/ -->\n<title>\u201cBob Marley: La Leyenda\u201d proyecta la m\u00fasica, el mensaje y la vida del \u00edcono del reggae - El Diario - Bolivia<\/title>\n<meta name=\"robots\" content=\"index, follow, max-snippet:-1, max-image-preview:large, max-video-preview:-1\" \/>\n<link rel=\"canonical\" href=\"https:\/\/www.eldiario.net\/portal\/2024\/02\/17\/bob-marley-la-leyenda-proyecta-la-musica-el-mensaje-y-la-vida-del-icono-del-reggae\/\" \/>\n<meta property=\"og:locale\" content=\"es_ES\" \/>\n<meta property=\"og:type\" content=\"article\" \/>\n<meta property=\"og:title\" content=\"\u201cBob Marley: La Leyenda\u201d proyecta la m\u00fasica, el mensaje y la vida del \u00edcono del reggae - El Diario - Bolivia\" \/>\n<meta property=\"og:description\" content=\"\u201cNo se puede separar la m\u00fasica y el mensaje\u201d, es una cita que se le escucha decir en el tr\u00e1iler al actor Kingsley Ben-Adir, quien interpreta al \u00edcono del reggae en \u201cBob Marley: La Leyenda\u201d, que ya est\u00e1 en todos los cines del pa\u00eds. La frase sirve como recordatorio de que Marley utiliz\u00f3 la m\u00fasica [&hellip;]\" \/>\n<meta property=\"og:url\" content=\"https:\/\/www.eldiario.net\/portal\/2024\/02\/17\/bob-marley-la-leyenda-proyecta-la-musica-el-mensaje-y-la-vida-del-icono-del-reggae\/\" \/>\n<meta property=\"og:site_name\" content=\"El Diario - Bolivia\" \/>\n<meta property=\"article:publisher\" content=\"https:\/\/www.facebook.com\/eldiario.bolivia\/\" \/>\n<meta property=\"article:published_time\" content=\"2024-02-17T10:40:39+00:00\" \/>\n<meta property=\"og:image\" content=\"https:\/\/www.eldiario.net\/portal\/wp-content\/uploads\/2024\/02\/Bob.jpg\" \/>\n\t<meta property=\"og:image:width\" content=\"1200\" \/>\n\t<meta property=\"og:image:height\" content=\"675\" \/>\n\t<meta property=\"og:image:type\" content=\"image\/jpeg\" \/>\n<meta name=\"author\" content=\"Jeanette\" \/>\n<meta name=\"twitter:card\" content=\"summary_large_image\" \/>\n<meta name=\"twitter:creator\" content=\"@eldiario_net\" \/>\n<meta name=\"twitter:site\" content=\"@eldiario_net\" \/>\n<meta name=\"twitter:label1\" content=\"Escrito por\" \/>\n\t<meta name=\"twitter:data1\" content=\"Jeanette\" \/>\n\t<meta name=\"twitter:label2\" content=\"Tiempo de lectura\" \/>\n\t<meta name=\"twitter:data2\" content=\"2 minutos\" \/>\n<script type=\"application\/ld+json\" class=\"yoast-schema-graph\">{\"@context\":\"https:\\\/\\\/schema.org\",\"@graph\":[{\"@type\":\"Article\",\"@id\":\"https:\\\/\\\/www.eldiario.net\\\/portal\\\/2024\\\/02\\\/17\\\/bob-marley-la-leyenda-proyecta-la-musica-el-mensaje-y-la-vida-del-icono-del-reggae\\\/#article\",\"isPartOf\":{\"@id\":\"https:\\\/\\\/www.eldiario.net\\\/portal\\\/2024\\\/02\\\/17\\\/bob-marley-la-leyenda-proyecta-la-musica-el-mensaje-y-la-vida-del-icono-del-reggae\\\/\"},\"author\":{\"name\":\"Jeanette\",\"@id\":\"https:\\\/\\\/www.eldiario.net\\\/portal\\\/#\\\/schema\\\/person\\\/f46445640444750d7d753ccd04ae01b7\"},\"headline\":\"\u201cBob Marley: La Leyenda\u201d proyecta la m\u00fasica, el mensaje y la vida del \u00edcono del reggae\",\"datePublished\":\"2024-02-17T10:40:39+00:00\",\"mainEntityOfPage\":{\"@id\":\"https:\\\/\\\/www.eldiario.net\\\/portal\\\/2024\\\/02\\\/17\\\/bob-marley-la-leyenda-proyecta-la-musica-el-mensaje-y-la-vida-del-icono-del-reggae\\\/\"},\"wordCount\":383,\"commentCount\":0,\"publisher\":{\"@id\":\"https:\\\/\\\/www.eldiario.net\\\/portal\\\/#organization\"},\"image\":{\"@id\":\"https:\\\/\\\/www.eldiario.net\\\/portal\\\/2024\\\/02\\\/17\\\/bob-marley-la-leyenda-proyecta-la-musica-el-mensaje-y-la-vida-del-icono-del-reggae\\\/#primaryimage\"},\"thumbnailUrl\":\"https:\\\/\\\/www.eldiario.net\\\/portal\\\/wp-content\\\/uploads\\\/2024\\\/02\\\/Bob.jpg\",\"articleSection\":[\"Cultural\"],\"inLanguage\":\"es\",\"potentialAction\":[{\"@type\":\"CommentAction\",\"name\":\"Comment\",\"target\":[\"https:\\\/\\\/www.eldiario.net\\\/portal\\\/2024\\\/02\\\/17\\\/bob-marley-la-leyenda-proyecta-la-musica-el-mensaje-y-la-vida-del-icono-del-reggae\\\/#respond\"]}]},{\"@type\":\"WebPage\",\"@id\":\"https:\\\/\\\/www.eldiario.net\\\/portal\\\/2024\\\/02\\\/17\\\/bob-marley-la-leyenda-proyecta-la-musica-el-mensaje-y-la-vida-del-icono-del-reggae\\\/\",\"url\":\"https:\\\/\\\/www.eldiario.net\\\/portal\\\/2024\\\/02\\\/17\\\/bob-marley-la-leyenda-proyecta-la-musica-el-mensaje-y-la-vida-del-icono-del-reggae\\\/\",\"name\":\"\u201cBob Marley: La Leyenda\u201d proyecta la m\u00fasica, el mensaje y la vida del \u00edcono del reggae - El Diario - Bolivia\",\"isPartOf\":{\"@id\":\"https:\\\/\\\/www.eldiario.net\\\/portal\\\/#website\"},\"primaryImageOfPage\":{\"@id\":\"https:\\\/\\\/www.eldiario.net\\\/portal\\\/2024\\\/02\\\/17\\\/bob-marley-la-leyenda-proyecta-la-musica-el-mensaje-y-la-vida-del-icono-del-reggae\\\/#primaryimage\"},\"image\":{\"@id\":\"https:\\\/\\\/www.eldiario.net\\\/portal\\\/2024\\\/02\\\/17\\\/bob-marley-la-leyenda-proyecta-la-musica-el-mensaje-y-la-vida-del-icono-del-reggae\\\/#primaryimage\"},\"thumbnailUrl\":\"https:\\\/\\\/www.eldiario.net\\\/portal\\\/wp-content\\\/uploads\\\/2024\\\/02\\\/Bob.jpg\",\"datePublished\":\"2024-02-17T10:40:39+00:00\",\"breadcrumb\":{\"@id\":\"https:\\\/\\\/www.eldiario.net\\\/portal\\\/2024\\\/02\\\/17\\\/bob-marley-la-leyenda-proyecta-la-musica-el-mensaje-y-la-vida-del-icono-del-reggae\\\/#breadcrumb\"},\"inLanguage\":\"es\",\"potentialAction\":[{\"@type\":\"ReadAction\",\"target\":[\"https:\\\/\\\/www.eldiario.net\\\/portal\\\/2024\\\/02\\\/17\\\/bob-marley-la-leyenda-proyecta-la-musica-el-mensaje-y-la-vida-del-icono-del-reggae\\\/\"]}]},{\"@type\":\"ImageObject\",\"inLanguage\":\"es\",\"@id\":\"https:\\\/\\\/www.eldiario.net\\\/portal\\\/2024\\\/02\\\/17\\\/bob-marley-la-leyenda-proyecta-la-musica-el-mensaje-y-la-vida-del-icono-del-reggae\\\/#primaryimage\",\"url\":\"https:\\\/\\\/www.eldiario.net\\\/portal\\\/wp-content\\\/uploads\\\/2024\\\/02\\\/Bob.jpg\",\"contentUrl\":\"https:\\\/\\\/www.eldiario.net\\\/portal\\\/wp-content\\\/uploads\\\/2024\\\/02\\\/Bob.jpg\",\"width\":1200,\"height\":675,\"caption\":\"BOB MARLEY, \u00cdCONO DEL REGGAE.\"},{\"@type\":\"BreadcrumbList\",\"@id\":\"https:\\\/\\\/www.eldiario.net\\\/portal\\\/2024\\\/02\\\/17\\\/bob-marley-la-leyenda-proyecta-la-musica-el-mensaje-y-la-vida-del-icono-del-reggae\\\/#breadcrumb\",\"itemListElement\":[{\"@type\":\"ListItem\",\"position\":1,\"name\":\"Portada\",\"item\":\"https:\\\/\\\/www.eldiario.net\\\/portal\\\/\"},{\"@type\":\"ListItem\",\"position\":2,\"name\":\"\u201cBob Marley: La Leyenda\u201d proyecta la m\u00fasica, el mensaje y la vida del \u00edcono del reggae\"}]},{\"@type\":\"WebSite\",\"@id\":\"https:\\\/\\\/www.eldiario.net\\\/portal\\\/#website\",\"url\":\"https:\\\/\\\/www.eldiario.net\\\/portal\\\/\",\"name\":\"El Diario - Decano de la prensa nacional\",\"description\":\"El Diario - Decano de la prensa nacional\",\"publisher\":{\"@id\":\"https:\\\/\\\/www.eldiario.net\\\/portal\\\/#organization\"},\"potentialAction\":[{\"@type\":\"SearchAction\",\"target\":{\"@type\":\"EntryPoint\",\"urlTemplate\":\"https:\\\/\\\/www.eldiario.net\\\/portal\\\/?s={search_term_string}\"},\"query-input\":{\"@type\":\"PropertyValueSpecification\",\"valueRequired\":true,\"valueName\":\"search_term_string\"}}],\"inLanguage\":\"es\"},{\"@type\":\"Organization\",\"@id\":\"https:\\\/\\\/www.eldiario.net\\\/portal\\\/#organization\",\"name\":\"El Diario - Decano de la prensa nacional\",\"url\":\"https:\\\/\\\/www.eldiario.net\\\/portal\\\/\",\"logo\":{\"@type\":\"ImageObject\",\"inLanguage\":\"es\",\"@id\":\"https:\\\/\\\/www.eldiario.net\\\/portal\\\/#\\\/schema\\\/logo\\\/image\\\/\",\"url\":\"https:\\\/\\\/www.eldiario.net\\\/portal\\\/wp-content\\\/uploads\\\/2023\\\/07\\\/logo_ED.jpg\",\"contentUrl\":\"https:\\\/\\\/www.eldiario.net\\\/portal\\\/wp-content\\\/uploads\\\/2023\\\/07\\\/logo_ED.jpg\",\"width\":272,\"height\":52,\"caption\":\"El Diario - Decano de la prensa nacional\"},\"image\":{\"@id\":\"https:\\\/\\\/www.eldiario.net\\\/portal\\\/#\\\/schema\\\/logo\\\/image\\\/\"},\"sameAs\":[\"https:\\\/\\\/www.facebook.com\\\/eldiario.bolivia\\\/\",\"https:\\\/\\\/x.com\\\/eldiario_net\"]},{\"@type\":\"Person\",\"@id\":\"https:\\\/\\\/www.eldiario.net\\\/portal\\\/#\\\/schema\\\/person\\\/f46445640444750d7d753ccd04ae01b7\",\"name\":\"Jeanette\",\"image\":{\"@type\":\"ImageObject\",\"inLanguage\":\"es\",\"@id\":\"https:\\\/\\\/secure.gravatar.com\\\/avatar\\\/3ea2118a5f7dad2b7138b1187a6b7ee55f160b9968b66013c3a3ef39dd7e5798?s=96&d=mm&r=g\",\"url\":\"https:\\\/\\\/secure.gravatar.com\\\/avatar\\\/3ea2118a5f7dad2b7138b1187a6b7ee55f160b9968b66013c3a3ef39dd7e5798?s=96&d=mm&r=g\",\"contentUrl\":\"https:\\\/\\\/secure.gravatar.com\\\/avatar\\\/3ea2118a5f7dad2b7138b1187a6b7ee55f160b9968b66013c3a3ef39dd7e5798?s=96&d=mm&r=g\",\"caption\":\"Jeanette\"},\"sameAs\":[\"https:\\\/\\\/www.eldiario.net\\\/portal\"],\"url\":\"https:\\\/\\\/www.eldiario.net\\\/portal\\\/author\\\/jeanette\\\/\"}]}<\/script>\n<!-- \/ Yoast SEO plugin. -->","yoast_head_json":{"title":"\u201cBob Marley: La Leyenda\u201d proyecta la m\u00fasica, el mensaje y la vida del \u00edcono del reggae - El Diario - Bolivia","robots":{"index":"index","follow":"follow","max-snippet":"max-snippet:-1","max-image-preview":"max-image-preview:large","max-video-preview":"max-video-preview:-1"},"canonical":"https:\/\/www.eldiario.net\/portal\/2024\/02\/17\/bob-marley-la-leyenda-proyecta-la-musica-el-mensaje-y-la-vida-del-icono-del-reggae\/","og_locale":"es_ES","og_type":"article","og_title":"\u201cBob Marley: La Leyenda\u201d proyecta la m\u00fasica, el mensaje y la vida del \u00edcono del reggae - El Diario - Bolivia","og_description":"\u201cNo se puede separar la m\u00fasica y el mensaje\u201d, es una cita que se le escucha decir en el tr\u00e1iler al actor Kingsley Ben-Adir, quien interpreta al \u00edcono del reggae en \u201cBob Marley: La Leyenda\u201d, que ya est\u00e1 en todos los cines del pa\u00eds. La frase sirve como recordatorio de que Marley utiliz\u00f3 la m\u00fasica [&hellip;]","og_url":"https:\/\/www.eldiario.net\/portal\/2024\/02\/17\/bob-marley-la-leyenda-proyecta-la-musica-el-mensaje-y-la-vida-del-icono-del-reggae\/","og_site_name":"El Diario - Bolivia","article_publisher":"https:\/\/www.facebook.com\/eldiario.bolivia\/","article_published_time":"2024-02-17T10:40:39+00:00","og_image":[{"width":1200,"height":675,"url":"https:\/\/www.eldiario.net\/portal\/wp-content\/uploads\/2024\/02\/Bob.jpg","type":"image\/jpeg"}],"author":"Jeanette","twitter_card":"summary_large_image","twitter_creator":"@eldiario_net","twitter_site":"@eldiario_net","twitter_misc":{"Escrito por":"Jeanette","Tiempo de lectura":"2 minutos"},"schema":{"@context":"https:\/\/schema.org","@graph":[{"@type":"Article","@id":"https:\/\/www.eldiario.net\/portal\/2024\/02\/17\/bob-marley-la-leyenda-proyecta-la-musica-el-mensaje-y-la-vida-del-icono-del-reggae\/#article","isPartOf":{"@id":"https:\/\/www.eldiario.net\/portal\/2024\/02\/17\/bob-marley-la-leyenda-proyecta-la-musica-el-mensaje-y-la-vida-del-icono-del-reggae\/"},"author":{"name":"Jeanette","@id":"https:\/\/www.eldiario.net\/portal\/#\/schema\/person\/f46445640444750d7d753ccd04ae01b7"},"headline":"\u201cBob Marley: La Leyenda\u201d proyecta la m\u00fasica, el mensaje y la vida del \u00edcono del reggae","datePublished":"2024-02-17T10:40:39+00:00","mainEntityOfPage":{"@id":"https:\/\/www.eldiario.net\/portal\/2024\/02\/17\/bob-marley-la-leyenda-proyecta-la-musica-el-mensaje-y-la-vida-del-icono-del-reggae\/"},"wordCount":383,"commentCount":0,"publisher":{"@id":"https:\/\/www.eldiario.net\/portal\/#organization"},"image":{"@id":"https:\/\/www.eldiario.net\/portal\/2024\/02\/17\/bob-marley-la-leyenda-proyecta-la-musica-el-mensaje-y-la-vida-del-icono-del-reggae\/#primaryimage"},"thumbnailUrl":"https:\/\/www.eldiario.net\/portal\/wp-content\/uploads\/2024\/02\/Bob.jpg","articleSection":["Cultural"],"inLanguage":"es","potentialAction":[{"@type":"CommentAction","name":"Comment","target":["https:\/\/www.eldiario.net\/portal\/2024\/02\/17\/bob-marley-la-leyenda-proyecta-la-musica-el-mensaje-y-la-vida-del-icono-del-reggae\/#respond"]}]},{"@type":"WebPage","@id":"https:\/\/www.eldiario.net\/portal\/2024\/02\/17\/bob-marley-la-leyenda-proyecta-la-musica-el-mensaje-y-la-vida-del-icono-del-reggae\/","url":"https:\/\/www.eldiario.net\/portal\/2024\/02\/17\/bob-marley-la-leyenda-proyecta-la-musica-el-mensaje-y-la-vida-del-icono-del-reggae\/","name":"\u201cBob Marley: La Leyenda\u201d proyecta la m\u00fasica, el mensaje y la vida del \u00edcono del reggae - El Diario - Bolivia","isPartOf":{"@id":"https:\/\/www.eldiario.net\/portal\/#website"},"primaryImageOfPage":{"@id":"https:\/\/www.eldiario.net\/portal\/2024\/02\/17\/bob-marley-la-leyenda-proyecta-la-musica-el-mensaje-y-la-vida-del-icono-del-reggae\/#primaryimage"},"image":{"@id":"https:\/\/www.eldiario.net\/portal\/2024\/02\/17\/bob-marley-la-leyenda-proyecta-la-musica-el-mensaje-y-la-vida-del-icono-del-reggae\/#primaryimage"},"thumbnailUrl":"https:\/\/www.eldiario.net\/portal\/wp-content\/uploads\/2024\/02\/Bob.jpg","datePublished":"2024-02-17T10:40:39+00:00","breadcrumb":{"@id":"https:\/\/www.eldiario.net\/portal\/2024\/02\/17\/bob-marley-la-leyenda-proyecta-la-musica-el-mensaje-y-la-vida-del-icono-del-reggae\/#breadcrumb"},"inLanguage":"es","potentialAction":[{"@type":"ReadAction","target":["https:\/\/www.eldiario.net\/portal\/2024\/02\/17\/bob-marley-la-leyenda-proyecta-la-musica-el-mensaje-y-la-vida-del-icono-del-reggae\/"]}]},{"@type":"ImageObject","inLanguage":"es","@id":"https:\/\/www.eldiario.net\/portal\/2024\/02\/17\/bob-marley-la-leyenda-proyecta-la-musica-el-mensaje-y-la-vida-del-icono-del-reggae\/#primaryimage","url":"https:\/\/www.eldiario.net\/portal\/wp-content\/uploads\/2024\/02\/Bob.jpg","contentUrl":"https:\/\/www.eldiario.net\/portal\/wp-content\/uploads\/2024\/02\/Bob.jpg","width":1200,"height":675,"caption":"BOB MARLEY, \u00cdCONO DEL REGGAE."},{"@type":"BreadcrumbList","@id":"https:\/\/www.eldiario.net\/portal\/2024\/02\/17\/bob-marley-la-leyenda-proyecta-la-musica-el-mensaje-y-la-vida-del-icono-del-reggae\/#breadcrumb","itemListElement":[{"@type":"ListItem","position":1,"name":"Portada","item":"https:\/\/www.eldiario.net\/portal\/"},{"@type":"ListItem","position":2,"name":"\u201cBob Marley: La Leyenda\u201d proyecta la m\u00fasica, el mensaje y la vida del \u00edcono del reggae"}]},{"@type":"WebSite","@id":"https:\/\/www.eldiario.net\/portal\/#website","url":"https:\/\/www.eldiario.net\/portal\/","name":"El Diario - Decano de la prensa nacional","description":"El Diario - Decano de la prensa nacional","publisher":{"@id":"https:\/\/www.eldiario.net\/portal\/#organization"},"potentialAction":[{"@type":"SearchAction","target":{"@type":"EntryPoint","urlTemplate":"https:\/\/www.eldiario.net\/portal\/?s={search_term_string}"},"query-input":{"@type":"PropertyValueSpecification","valueRequired":true,"valueName":"search_term_string"}}],"inLanguage":"es"},{"@type":"Organization","@id":"https:\/\/www.eldiario.net\/portal\/#organization","name":"El Diario - Decano de la prensa nacional","url":"https:\/\/www.eldiario.net\/portal\/","logo":{"@type":"ImageObject","inLanguage":"es","@id":"https:\/\/www.eldiario.net\/portal\/#\/schema\/logo\/image\/","url":"https:\/\/www.eldiario.net\/portal\/wp-content\/uploads\/2023\/07\/logo_ED.jpg","contentUrl":"https:\/\/www.eldiario.net\/portal\/wp-content\/uploads\/2023\/07\/logo_ED.jpg","width":272,"height":52,"caption":"El Diario - Decano de la prensa nacional"},"image":{"@id":"https:\/\/www.eldiario.net\/portal\/#\/schema\/logo\/image\/"},"sameAs":["https:\/\/www.facebook.com\/eldiario.bolivia\/","https:\/\/x.com\/eldiario_net"]},{"@type":"Person","@id":"https:\/\/www.eldiario.net\/portal\/#\/schema\/person\/f46445640444750d7d753ccd04ae01b7","name":"Jeanette","image":{"@type":"ImageObject","inLanguage":"es","@id":"https:\/\/secure.gravatar.com\/avatar\/3ea2118a5f7dad2b7138b1187a6b7ee55f160b9968b66013c3a3ef39dd7e5798?s=96&d=mm&r=g","url":"https:\/\/secure.gravatar.com\/avatar\/3ea2118a5f7dad2b7138b1187a6b7ee55f160b9968b66013c3a3ef39dd7e5798?s=96&d=mm&r=g","contentUrl":"https:\/\/secure.gravatar.com\/avatar\/3ea2118a5f7dad2b7138b1187a6b7ee55f160b9968b66013c3a3ef39dd7e5798?s=96&d=mm&r=g","caption":"Jeanette"},"sameAs":["https:\/\/www.eldiario.net\/portal"],"url":"https:\/\/www.eldiario.net\/portal\/author\/jeanette\/"}]}},"_links":{"self":[{"href":"https:\/\/www.eldiario.net\/portal\/wp-json\/wp\/v2\/posts\/203573","targetHints":{"allow":["GET"]}}],"collection":[{"href":"https:\/\/www.eldiario.net\/portal\/wp-json\/wp\/v2\/posts"}],"about":[{"href":"https:\/\/www.eldiario.net\/portal\/wp-json\/wp\/v2\/types\/post"}],"author":[{"embeddable":true,"href":"https:\/\/www.eldiario.net\/portal\/wp-json\/wp\/v2\/users\/1"}],"replies":[{"embeddable":true,"href":"https:\/\/www.eldiario.net\/portal\/wp-json\/wp\/v2\/comments?post=203573"}],"version-history":[{"count":1,"href":"https:\/\/www.eldiario.net\/portal\/wp-json\/wp\/v2\/posts\/203573\/revisions"}],"predecessor-version":[{"id":203575,"href":"https:\/\/www.eldiario.net\/portal\/wp-json\/wp\/v2\/posts\/203573\/revisions\/203575"}],"wp:featuredmedia":[{"embeddable":true,"href":"https:\/\/www.eldiario.net\/portal\/wp-json\/wp\/v2\/media\/203574"}],"wp:attachment":[{"href":"https:\/\/www.eldiario.net\/portal\/wp-json\/wp\/v2\/media?parent=203573"}],"wp:term":[{"taxonomy":"category","embeddable":true,"href":"https:\/\/www.eldiario.net\/portal\/wp-json\/wp\/v2\/categories?post=203573"},{"taxonomy":"post_tag","embeddable":true,"href":"https:\/\/www.eldiario.net\/portal\/wp-json\/wp\/v2\/tags?post=203573"}],"curies":[{"name":"wp","href":"https:\/\/api.w.org\/{rel}","templated":true}]}}