{"id":203568,"date":"2024-02-17T06:39:02","date_gmt":"2024-02-17T10:39:02","guid":{"rendered":"https:\/\/www.eldiario.net\/portal\/?p=203568"},"modified":"2024-02-17T06:39:02","modified_gmt":"2024-02-17T10:39:02","slug":"deslizamiento-sepulta-dos-vehiculos-y-dana-viviendas","status":"publish","type":"post","link":"https:\/\/www.eldiario.net\/portal\/2024\/02\/17\/deslizamiento-sepulta-dos-vehiculos-y-dana-viviendas\/","title":{"rendered":"Deslizamiento sepulta dos veh\u00edculos y da\u00f1a viviendas"},"content":{"rendered":"<p>Un talud cay\u00f3 ayer en horas de la ma\u00f1ana en la zona de Jinchupalla, en el macrodistrito de Cotahuma y sepult\u00f3 a dos veh\u00edculos, caus\u00f3 da\u00f1os a cuatro viviendas y una persona result\u00f3 herida. Tras momentos de angustia de los vecinos, personal edil lleg\u00f3 al lugar y moviliz\u00f3 maquinaria pesada para atender la emergencia.<br \/>\n\u201cSe observa un deslizamiento causado por las fuertes lluvias en la ciudad de La Paz, se ha podido verificar en el lugar, dentro de una vivienda, se encontraba una persona, se han hecho los trabajos bomberiles sac\u00e1ndolo a la plataforma segura para su evaluaci\u00f3n\u201d, inform\u00f3 el bombero, Ariel Monta\u00f1o.<br \/>\nA\u00f1adi\u00f3 que la persona herida presenta contusiones y fue trasladada en una ambulancia hacia un centro m\u00e9dico para que sea atendida.<br \/>\nAdem\u00e1s, \u201cse tiene dos veh\u00edculos enterrados, as\u00ed tambi\u00e9n el da\u00f1o de cuatro viviendas a consecuencia de este deslizamiento o desborde de promontorio de tierra\u201d, detall\u00f3.<br \/>\nUno de los motorizados es un jeep que result\u00f3 pr\u00e1cticamente destrozado por la fuerza de las piedras que cayeron del cerro. En un diagn\u00f3stico preliminar, el secretario municipal de Resiliencia de la comuna pace\u00f1a, Juan Pablo Palma, indic\u00f3 que se presume que \u201cfiltraciones de agua\u201d causaron el deslizamiento del talud.<br \/>\nEl hecho ocurri\u00f3 alrededor de las 8:00 horas de ayer, en inmediaciones del parque de Las Cebras. Pasados los minutos, el alcalde pace\u00f1o, Iv\u00e1n Arias, arrib\u00f3 al lugar para evaluar la situaci\u00f3n y se\u00f1al\u00f3 que la situaci\u00f3n era \u201cnormal\u201d, hecho que provoc\u00f3 que los vecinos lo increparan.<br \/>\n\u201cEsto es normal, cae la lluvia y se remoja, esto es un deslizamiento normal\u201d, indic\u00f3 Arias y gener\u00f3 molestia de los lugare\u00f1os que, entre otras cosas, cuestionaron el trabajo del subalcalde del Macrodistrito Cotahuma, Fausto Terrazas, y la no atenci\u00f3n de la comuna.<br \/>\n\u201cEl Subalcalde no conoce este sector. Nosotros hemos pedido que (el subalcalde) le d\u00e9 un informe al Alcalde\u201d, sostuvo el vecino Lucio Condori, due\u00f1o de una de las viviendas afectadas.<br \/>\nAnte esa situaci\u00f3n, el burgomaestre sostuvo que \u201clos problemas internos vamos a arreglarlos despu\u00e9s, ahora pueden entender que la gente est\u00e1 exacerbada, molesta\u201d. Detall\u00f3 que entre los primeros trabajos se realizar\u00eda el retiro de la tierra del sector con maquinaria pesada, pues de continuar las lluvias podr\u00edan provocar una mazamorra.<br \/>\n\u201cLo importante es poner en movimiento la maquinaria. (\u2026) Estamos haciendo la evaluaci\u00f3n de cuanta tierra tenemos que bajar o de repente no hay movimiento\u201d, manifest\u00f3.<br \/>\nPor otro lado, la concejal Roxana P\u00e9rez Del Castillo, tambi\u00e9n visit\u00f3 el sector y lament\u00f3 las declaraciones del Alcalde respecto a calificar de \u201cnormal\u201d la ca\u00edda de tierra. Tambi\u00e9n cuestion\u00f3 la falta de ejecuci\u00f3n presupuestaria en prevenci\u00f3n de riesgos, durante los casi tres a\u00f1os de gesti\u00f3n de Arias.<br \/>\n\u201cEs alarmante que no se tenga planes de contingencia sabiendo que la cuidad de La Paz en su conjunto est\u00e1 colpasando y esto es como nuestro municipio nos dice a gritos sobre la ausencia, el abandono del Ejecutivo edil. Esto no es de un d\u00eda para el otro, esto sucede por un abandono continuo, ya son casi tres a\u00f1os de gesti\u00f3n y lamentablemente no solo est\u00e1 afectando patrimonialmente, sino pone en zozobra la integridad f\u00edsica de los habitantes\u201d, mencion\u00f3.<br \/>\nOTROS SECTORES<br \/>\nSeg\u00fan el Concejo Municipal de La Paz, \u201cse han identificado m\u00e1s de 16 puntos que deben ser atendidos, estamos viviendo un momento que no se hab\u00eda vivido, en t\u00e9rminos de lluvia, hace mucho tiempo. Hace m\u00e1s de 30 a\u00f1os que no hab\u00eda llovido tanto como ahora en febrero\u201d, se\u00f1al\u00f3 el concejal, Jorge Dul\u00f3n.<br \/>\nAsimismo, exhort\u00f3 a las unidades de riesgo de las alcald\u00edas y gobernaciones a prevenir los desastres. \u201cLa Paz es una ciudad con una topograf\u00eda muy complicada en las laderas, hay que ir trabajando sistem\u00e1ticamente estos temas de prevenci\u00f3n (\u2026). En las laderas hay lugares donde no se puede construir, son lugares de riesgo que pueden llegar a tener consecuencias fatales en estos tiempos de lluvia\u201d, dijo.<br \/>\nAcot\u00f3 que se realiz\u00f3 la inspecci\u00f3n de diferentes sectores del Macrodistrito Sur, como la avenida del Poeta, la Calle 17 de Obrajes, Achumani y otros que est\u00e1n afectados por las intensas lluvias.<br \/>\nAdem\u00e1s, se realiza la limpieza manual y con maquinaria de la b\u00f3veda del r\u00edo K\u2019ullk\u2019ujahuira del Distrito 10. Los trabajos pasar\u00e1n por las zonas San Jos\u00e9, Hernando Siles y Ciudadela Ferroviaria de Max Paredes, por encontrarse colmatado de escombros lo que caus\u00f3 obstrucci\u00f3n y un sifonamiento en la avenida Manuel Gamarra.<br \/>\nEste trabajo debe efectuarse con mucha precauci\u00f3n para precautelar la seguridad de los obreros. Se prev\u00e9 que la limpieza de la b\u00f3veda durar\u00e1 al menos una semana y mientras tanto se habilit\u00f3 un sector de la v\u00eda para la circulaci\u00f3n vehicular; adem\u00e1s, se cubrir\u00e1 las \u00e1reas da\u00f1adas con nylon para impermeabilizar el sector.<br \/>\nPor otro lado, ante un posible rebalse de la represa de Hampaturi, el alcalde Arias visit\u00f3 la comunidad de Chicani, a la altura del puente que cruza sobre el r\u00edo, con el fin de informar a los comunarios que tomen sus previsiones ante el posible rebalse de la represa de Hampaturi si es que persisten las intensas lluvias en el municipio.<br \/>\nCon similar objetivo, se visitar\u00e1 sectores aleda\u00f1os a la represa de Incachaca.<br \/>\nPie de foto 1: Uno de los veh\u00edculos quedo enterrado por la tierra.<\/p>\n","protected":false},"excerpt":{"rendered":"<p>Un talud cay\u00f3 ayer en horas de la ma\u00f1ana en la zona de Jinchupalla, en el macrodistrito de Cotahuma y sepult\u00f3 a dos veh\u00edculos, caus\u00f3 da\u00f1os a cuatro viviendas y una persona result\u00f3 herida. Tras momentos de angustia de los vecinos, personal edil lleg\u00f3 al lugar y moviliz\u00f3 maquinaria pesada para atender la emergencia. \u201cSe [&hellip;]<\/p>\n","protected":false},"author":1,"featured_media":203569,"comment_status":"open","ping_status":"open","sticky":false,"template":"","format":"standard","meta":{"_acf_changed":false,"footnotes":""},"categories":[12],"tags":[],"class_list":["post-203568","post","type-post","status-publish","format-standard","has-post-thumbnail","category-nacional"],"acf":{"antetitulo":"Vecinos denuncian falta de atenci\u00f3n de Subalcald\u00eda"},"yoast_head":"<!-- This site is optimized with the Yoast SEO plugin v28.4 - https:\/\/yoast.com\/product\/yoast-seo-wordpress\/ -->\n<title>Deslizamiento sepulta dos veh\u00edculos y da\u00f1a viviendas - El Diario - Bolivia<\/title>\n<meta name=\"robots\" content=\"index, follow, max-snippet:-1, max-image-preview:large, max-video-preview:-1\" \/>\n<link rel=\"canonical\" href=\"https:\/\/www.eldiario.net\/portal\/2024\/02\/17\/deslizamiento-sepulta-dos-vehiculos-y-dana-viviendas\/\" \/>\n<meta property=\"og:locale\" content=\"es_ES\" \/>\n<meta property=\"og:type\" content=\"article\" \/>\n<meta property=\"og:title\" content=\"Deslizamiento sepulta dos veh\u00edculos y da\u00f1a viviendas - El Diario - Bolivia\" \/>\n<meta property=\"og:description\" content=\"Un talud cay\u00f3 ayer en horas de la ma\u00f1ana en la zona de Jinchupalla, en el macrodistrito de Cotahuma y sepult\u00f3 a dos veh\u00edculos, caus\u00f3 da\u00f1os a cuatro viviendas y una persona result\u00f3 herida. Tras momentos de angustia de los vecinos, personal edil lleg\u00f3 al lugar y moviliz\u00f3 maquinaria pesada para atender la emergencia. \u201cSe [&hellip;]\" \/>\n<meta property=\"og:url\" content=\"https:\/\/www.eldiario.net\/portal\/2024\/02\/17\/deslizamiento-sepulta-dos-vehiculos-y-dana-viviendas\/\" \/>\n<meta property=\"og:site_name\" content=\"El Diario - Bolivia\" \/>\n<meta property=\"article:publisher\" content=\"https:\/\/www.facebook.com\/eldiario.bolivia\/\" \/>\n<meta property=\"article:published_time\" content=\"2024-02-17T10:39:02+00:00\" \/>\n<meta property=\"og:image\" content=\"https:\/\/www.eldiario.net\/portal\/wp-content\/uploads\/2024\/02\/F1-derrumbe.jpg\" \/>\n\t<meta property=\"og:image:width\" content=\"1599\" \/>\n\t<meta property=\"og:image:height\" content=\"1066\" \/>\n\t<meta property=\"og:image:type\" content=\"image\/jpeg\" \/>\n<meta name=\"author\" content=\"Jeanette\" \/>\n<meta name=\"twitter:card\" content=\"summary_large_image\" \/>\n<meta name=\"twitter:creator\" content=\"@eldiario_net\" \/>\n<meta name=\"twitter:site\" content=\"@eldiario_net\" \/>\n<meta name=\"twitter:label1\" content=\"Escrito por\" \/>\n\t<meta name=\"twitter:data1\" content=\"Jeanette\" \/>\n\t<meta name=\"twitter:label2\" content=\"Tiempo de lectura\" \/>\n\t<meta name=\"twitter:data2\" content=\"5 minutos\" \/>\n<script type=\"application\/ld+json\" class=\"yoast-schema-graph\">{\"@context\":\"https:\\\/\\\/schema.org\",\"@graph\":[{\"@type\":\"Article\",\"@id\":\"https:\\\/\\\/www.eldiario.net\\\/portal\\\/2024\\\/02\\\/17\\\/deslizamiento-sepulta-dos-vehiculos-y-dana-viviendas\\\/#article\",\"isPartOf\":{\"@id\":\"https:\\\/\\\/www.eldiario.net\\\/portal\\\/2024\\\/02\\\/17\\\/deslizamiento-sepulta-dos-vehiculos-y-dana-viviendas\\\/\"},\"author\":{\"name\":\"Jeanette\",\"@id\":\"https:\\\/\\\/www.eldiario.net\\\/portal\\\/#\\\/schema\\\/person\\\/f46445640444750d7d753ccd04ae01b7\"},\"headline\":\"Deslizamiento sepulta dos veh\u00edculos y da\u00f1a viviendas\",\"datePublished\":\"2024-02-17T10:39:02+00:00\",\"mainEntityOfPage\":{\"@id\":\"https:\\\/\\\/www.eldiario.net\\\/portal\\\/2024\\\/02\\\/17\\\/deslizamiento-sepulta-dos-vehiculos-y-dana-viviendas\\\/\"},\"wordCount\":937,\"commentCount\":0,\"publisher\":{\"@id\":\"https:\\\/\\\/www.eldiario.net\\\/portal\\\/#organization\"},\"image\":{\"@id\":\"https:\\\/\\\/www.eldiario.net\\\/portal\\\/2024\\\/02\\\/17\\\/deslizamiento-sepulta-dos-vehiculos-y-dana-viviendas\\\/#primaryimage\"},\"thumbnailUrl\":\"https:\\\/\\\/www.eldiario.net\\\/portal\\\/wp-content\\\/uploads\\\/2024\\\/02\\\/F1-derrumbe.jpg\",\"articleSection\":[\"Nacional\"],\"inLanguage\":\"es\",\"potentialAction\":[{\"@type\":\"CommentAction\",\"name\":\"Comment\",\"target\":[\"https:\\\/\\\/www.eldiario.net\\\/portal\\\/2024\\\/02\\\/17\\\/deslizamiento-sepulta-dos-vehiculos-y-dana-viviendas\\\/#respond\"]}]},{\"@type\":\"WebPage\",\"@id\":\"https:\\\/\\\/www.eldiario.net\\\/portal\\\/2024\\\/02\\\/17\\\/deslizamiento-sepulta-dos-vehiculos-y-dana-viviendas\\\/\",\"url\":\"https:\\\/\\\/www.eldiario.net\\\/portal\\\/2024\\\/02\\\/17\\\/deslizamiento-sepulta-dos-vehiculos-y-dana-viviendas\\\/\",\"name\":\"Deslizamiento sepulta dos veh\u00edculos y da\u00f1a viviendas - El Diario - Bolivia\",\"isPartOf\":{\"@id\":\"https:\\\/\\\/www.eldiario.net\\\/portal\\\/#website\"},\"primaryImageOfPage\":{\"@id\":\"https:\\\/\\\/www.eldiario.net\\\/portal\\\/2024\\\/02\\\/17\\\/deslizamiento-sepulta-dos-vehiculos-y-dana-viviendas\\\/#primaryimage\"},\"image\":{\"@id\":\"https:\\\/\\\/www.eldiario.net\\\/portal\\\/2024\\\/02\\\/17\\\/deslizamiento-sepulta-dos-vehiculos-y-dana-viviendas\\\/#primaryimage\"},\"thumbnailUrl\":\"https:\\\/\\\/www.eldiario.net\\\/portal\\\/wp-content\\\/uploads\\\/2024\\\/02\\\/F1-derrumbe.jpg\",\"datePublished\":\"2024-02-17T10:39:02+00:00\",\"breadcrumb\":{\"@id\":\"https:\\\/\\\/www.eldiario.net\\\/portal\\\/2024\\\/02\\\/17\\\/deslizamiento-sepulta-dos-vehiculos-y-dana-viviendas\\\/#breadcrumb\"},\"inLanguage\":\"es\",\"potentialAction\":[{\"@type\":\"ReadAction\",\"target\":[\"https:\\\/\\\/www.eldiario.net\\\/portal\\\/2024\\\/02\\\/17\\\/deslizamiento-sepulta-dos-vehiculos-y-dana-viviendas\\\/\"]}]},{\"@type\":\"ImageObject\",\"inLanguage\":\"es\",\"@id\":\"https:\\\/\\\/www.eldiario.net\\\/portal\\\/2024\\\/02\\\/17\\\/deslizamiento-sepulta-dos-vehiculos-y-dana-viviendas\\\/#primaryimage\",\"url\":\"https:\\\/\\\/www.eldiario.net\\\/portal\\\/wp-content\\\/uploads\\\/2024\\\/02\\\/F1-derrumbe.jpg\",\"contentUrl\":\"https:\\\/\\\/www.eldiario.net\\\/portal\\\/wp-content\\\/uploads\\\/2024\\\/02\\\/F1-derrumbe.jpg\",\"width\":1599,\"height\":1066,\"caption\":\"Otro de los sectores pace\u00f1os que present\u00f3 problemas.\"},{\"@type\":\"BreadcrumbList\",\"@id\":\"https:\\\/\\\/www.eldiario.net\\\/portal\\\/2024\\\/02\\\/17\\\/deslizamiento-sepulta-dos-vehiculos-y-dana-viviendas\\\/#breadcrumb\",\"itemListElement\":[{\"@type\":\"ListItem\",\"position\":1,\"name\":\"Portada\",\"item\":\"https:\\\/\\\/www.eldiario.net\\\/portal\\\/\"},{\"@type\":\"ListItem\",\"position\":2,\"name\":\"Deslizamiento sepulta dos veh\u00edculos y da\u00f1a viviendas\"}]},{\"@type\":\"WebSite\",\"@id\":\"https:\\\/\\\/www.eldiario.net\\\/portal\\\/#website\",\"url\":\"https:\\\/\\\/www.eldiario.net\\\/portal\\\/\",\"name\":\"El Diario - Decano de la prensa nacional\",\"description\":\"El Diario - Decano de la prensa nacional\",\"publisher\":{\"@id\":\"https:\\\/\\\/www.eldiario.net\\\/portal\\\/#organization\"},\"potentialAction\":[{\"@type\":\"SearchAction\",\"target\":{\"@type\":\"EntryPoint\",\"urlTemplate\":\"https:\\\/\\\/www.eldiario.net\\\/portal\\\/?s={search_term_string}\"},\"query-input\":{\"@type\":\"PropertyValueSpecification\",\"valueRequired\":true,\"valueName\":\"search_term_string\"}}],\"inLanguage\":\"es\"},{\"@type\":\"Organization\",\"@id\":\"https:\\\/\\\/www.eldiario.net\\\/portal\\\/#organization\",\"name\":\"El Diario - Decano de la prensa nacional\",\"url\":\"https:\\\/\\\/www.eldiario.net\\\/portal\\\/\",\"logo\":{\"@type\":\"ImageObject\",\"inLanguage\":\"es\",\"@id\":\"https:\\\/\\\/www.eldiario.net\\\/portal\\\/#\\\/schema\\\/logo\\\/image\\\/\",\"url\":\"https:\\\/\\\/www.eldiario.net\\\/portal\\\/wp-content\\\/uploads\\\/2023\\\/07\\\/logo_ED.jpg\",\"contentUrl\":\"https:\\\/\\\/www.eldiario.net\\\/portal\\\/wp-content\\\/uploads\\\/2023\\\/07\\\/logo_ED.jpg\",\"width\":272,\"height\":52,\"caption\":\"El Diario - Decano de la prensa nacional\"},\"image\":{\"@id\":\"https:\\\/\\\/www.eldiario.net\\\/portal\\\/#\\\/schema\\\/logo\\\/image\\\/\"},\"sameAs\":[\"https:\\\/\\\/www.facebook.com\\\/eldiario.bolivia\\\/\",\"https:\\\/\\\/x.com\\\/eldiario_net\"]},{\"@type\":\"Person\",\"@id\":\"https:\\\/\\\/www.eldiario.net\\\/portal\\\/#\\\/schema\\\/person\\\/f46445640444750d7d753ccd04ae01b7\",\"name\":\"Jeanette\",\"image\":{\"@type\":\"ImageObject\",\"inLanguage\":\"es\",\"@id\":\"https:\\\/\\\/secure.gravatar.com\\\/avatar\\\/3ea2118a5f7dad2b7138b1187a6b7ee55f160b9968b66013c3a3ef39dd7e5798?s=96&d=mm&r=g\",\"url\":\"https:\\\/\\\/secure.gravatar.com\\\/avatar\\\/3ea2118a5f7dad2b7138b1187a6b7ee55f160b9968b66013c3a3ef39dd7e5798?s=96&d=mm&r=g\",\"contentUrl\":\"https:\\\/\\\/secure.gravatar.com\\\/avatar\\\/3ea2118a5f7dad2b7138b1187a6b7ee55f160b9968b66013c3a3ef39dd7e5798?s=96&d=mm&r=g\",\"caption\":\"Jeanette\"},\"sameAs\":[\"https:\\\/\\\/www.eldiario.net\\\/portal\"],\"url\":\"https:\\\/\\\/www.eldiario.net\\\/portal\\\/author\\\/jeanette\\\/\"}]}<\/script>\n<!-- \/ Yoast SEO plugin. -->","yoast_head_json":{"title":"Deslizamiento sepulta dos veh\u00edculos y da\u00f1a viviendas - El Diario - Bolivia","robots":{"index":"index","follow":"follow","max-snippet":"max-snippet:-1","max-image-preview":"max-image-preview:large","max-video-preview":"max-video-preview:-1"},"canonical":"https:\/\/www.eldiario.net\/portal\/2024\/02\/17\/deslizamiento-sepulta-dos-vehiculos-y-dana-viviendas\/","og_locale":"es_ES","og_type":"article","og_title":"Deslizamiento sepulta dos veh\u00edculos y da\u00f1a viviendas - El Diario - Bolivia","og_description":"Un talud cay\u00f3 ayer en horas de la ma\u00f1ana en la zona de Jinchupalla, en el macrodistrito de Cotahuma y sepult\u00f3 a dos veh\u00edculos, caus\u00f3 da\u00f1os a cuatro viviendas y una persona result\u00f3 herida. Tras momentos de angustia de los vecinos, personal edil lleg\u00f3 al lugar y moviliz\u00f3 maquinaria pesada para atender la emergencia. \u201cSe [&hellip;]","og_url":"https:\/\/www.eldiario.net\/portal\/2024\/02\/17\/deslizamiento-sepulta-dos-vehiculos-y-dana-viviendas\/","og_site_name":"El Diario - Bolivia","article_publisher":"https:\/\/www.facebook.com\/eldiario.bolivia\/","article_published_time":"2024-02-17T10:39:02+00:00","og_image":[{"width":1599,"height":1066,"url":"https:\/\/www.eldiario.net\/portal\/wp-content\/uploads\/2024\/02\/F1-derrumbe.jpg","type":"image\/jpeg"}],"author":"Jeanette","twitter_card":"summary_large_image","twitter_creator":"@eldiario_net","twitter_site":"@eldiario_net","twitter_misc":{"Escrito por":"Jeanette","Tiempo de lectura":"5 minutos"},"schema":{"@context":"https:\/\/schema.org","@graph":[{"@type":"Article","@id":"https:\/\/www.eldiario.net\/portal\/2024\/02\/17\/deslizamiento-sepulta-dos-vehiculos-y-dana-viviendas\/#article","isPartOf":{"@id":"https:\/\/www.eldiario.net\/portal\/2024\/02\/17\/deslizamiento-sepulta-dos-vehiculos-y-dana-viviendas\/"},"author":{"name":"Jeanette","@id":"https:\/\/www.eldiario.net\/portal\/#\/schema\/person\/f46445640444750d7d753ccd04ae01b7"},"headline":"Deslizamiento sepulta dos veh\u00edculos y da\u00f1a viviendas","datePublished":"2024-02-17T10:39:02+00:00","mainEntityOfPage":{"@id":"https:\/\/www.eldiario.net\/portal\/2024\/02\/17\/deslizamiento-sepulta-dos-vehiculos-y-dana-viviendas\/"},"wordCount":937,"commentCount":0,"publisher":{"@id":"https:\/\/www.eldiario.net\/portal\/#organization"},"image":{"@id":"https:\/\/www.eldiario.net\/portal\/2024\/02\/17\/deslizamiento-sepulta-dos-vehiculos-y-dana-viviendas\/#primaryimage"},"thumbnailUrl":"https:\/\/www.eldiario.net\/portal\/wp-content\/uploads\/2024\/02\/F1-derrumbe.jpg","articleSection":["Nacional"],"inLanguage":"es","potentialAction":[{"@type":"CommentAction","name":"Comment","target":["https:\/\/www.eldiario.net\/portal\/2024\/02\/17\/deslizamiento-sepulta-dos-vehiculos-y-dana-viviendas\/#respond"]}]},{"@type":"WebPage","@id":"https:\/\/www.eldiario.net\/portal\/2024\/02\/17\/deslizamiento-sepulta-dos-vehiculos-y-dana-viviendas\/","url":"https:\/\/www.eldiario.net\/portal\/2024\/02\/17\/deslizamiento-sepulta-dos-vehiculos-y-dana-viviendas\/","name":"Deslizamiento sepulta dos veh\u00edculos y da\u00f1a viviendas - El Diario - Bolivia","isPartOf":{"@id":"https:\/\/www.eldiario.net\/portal\/#website"},"primaryImageOfPage":{"@id":"https:\/\/www.eldiario.net\/portal\/2024\/02\/17\/deslizamiento-sepulta-dos-vehiculos-y-dana-viviendas\/#primaryimage"},"image":{"@id":"https:\/\/www.eldiario.net\/portal\/2024\/02\/17\/deslizamiento-sepulta-dos-vehiculos-y-dana-viviendas\/#primaryimage"},"thumbnailUrl":"https:\/\/www.eldiario.net\/portal\/wp-content\/uploads\/2024\/02\/F1-derrumbe.jpg","datePublished":"2024-02-17T10:39:02+00:00","breadcrumb":{"@id":"https:\/\/www.eldiario.net\/portal\/2024\/02\/17\/deslizamiento-sepulta-dos-vehiculos-y-dana-viviendas\/#breadcrumb"},"inLanguage":"es","potentialAction":[{"@type":"ReadAction","target":["https:\/\/www.eldiario.net\/portal\/2024\/02\/17\/deslizamiento-sepulta-dos-vehiculos-y-dana-viviendas\/"]}]},{"@type":"ImageObject","inLanguage":"es","@id":"https:\/\/www.eldiario.net\/portal\/2024\/02\/17\/deslizamiento-sepulta-dos-vehiculos-y-dana-viviendas\/#primaryimage","url":"https:\/\/www.eldiario.net\/portal\/wp-content\/uploads\/2024\/02\/F1-derrumbe.jpg","contentUrl":"https:\/\/www.eldiario.net\/portal\/wp-content\/uploads\/2024\/02\/F1-derrumbe.jpg","width":1599,"height":1066,"caption":"Otro de los sectores pace\u00f1os que present\u00f3 problemas."},{"@type":"BreadcrumbList","@id":"https:\/\/www.eldiario.net\/portal\/2024\/02\/17\/deslizamiento-sepulta-dos-vehiculos-y-dana-viviendas\/#breadcrumb","itemListElement":[{"@type":"ListItem","position":1,"name":"Portada","item":"https:\/\/www.eldiario.net\/portal\/"},{"@type":"ListItem","position":2,"name":"Deslizamiento sepulta dos veh\u00edculos y da\u00f1a viviendas"}]},{"@type":"WebSite","@id":"https:\/\/www.eldiario.net\/portal\/#website","url":"https:\/\/www.eldiario.net\/portal\/","name":"El Diario - Decano de la prensa nacional","description":"El Diario - Decano de la prensa nacional","publisher":{"@id":"https:\/\/www.eldiario.net\/portal\/#organization"},"potentialAction":[{"@type":"SearchAction","target":{"@type":"EntryPoint","urlTemplate":"https:\/\/www.eldiario.net\/portal\/?s={search_term_string}"},"query-input":{"@type":"PropertyValueSpecification","valueRequired":true,"valueName":"search_term_string"}}],"inLanguage":"es"},{"@type":"Organization","@id":"https:\/\/www.eldiario.net\/portal\/#organization","name":"El Diario - Decano de la prensa nacional","url":"https:\/\/www.eldiario.net\/portal\/","logo":{"@type":"ImageObject","inLanguage":"es","@id":"https:\/\/www.eldiario.net\/portal\/#\/schema\/logo\/image\/","url":"https:\/\/www.eldiario.net\/portal\/wp-content\/uploads\/2023\/07\/logo_ED.jpg","contentUrl":"https:\/\/www.eldiario.net\/portal\/wp-content\/uploads\/2023\/07\/logo_ED.jpg","width":272,"height":52,"caption":"El Diario - Decano de la prensa nacional"},"image":{"@id":"https:\/\/www.eldiario.net\/portal\/#\/schema\/logo\/image\/"},"sameAs":["https:\/\/www.facebook.com\/eldiario.bolivia\/","https:\/\/x.com\/eldiario_net"]},{"@type":"Person","@id":"https:\/\/www.eldiario.net\/portal\/#\/schema\/person\/f46445640444750d7d753ccd04ae01b7","name":"Jeanette","image":{"@type":"ImageObject","inLanguage":"es","@id":"https:\/\/secure.gravatar.com\/avatar\/3ea2118a5f7dad2b7138b1187a6b7ee55f160b9968b66013c3a3ef39dd7e5798?s=96&d=mm&r=g","url":"https:\/\/secure.gravatar.com\/avatar\/3ea2118a5f7dad2b7138b1187a6b7ee55f160b9968b66013c3a3ef39dd7e5798?s=96&d=mm&r=g","contentUrl":"https:\/\/secure.gravatar.com\/avatar\/3ea2118a5f7dad2b7138b1187a6b7ee55f160b9968b66013c3a3ef39dd7e5798?s=96&d=mm&r=g","caption":"Jeanette"},"sameAs":["https:\/\/www.eldiario.net\/portal"],"url":"https:\/\/www.eldiario.net\/portal\/author\/jeanette\/"}]}},"_links":{"self":[{"href":"https:\/\/www.eldiario.net\/portal\/wp-json\/wp\/v2\/posts\/203568","targetHints":{"allow":["GET"]}}],"collection":[{"href":"https:\/\/www.eldiario.net\/portal\/wp-json\/wp\/v2\/posts"}],"about":[{"href":"https:\/\/www.eldiario.net\/portal\/wp-json\/wp\/v2\/types\/post"}],"author":[{"embeddable":true,"href":"https:\/\/www.eldiario.net\/portal\/wp-json\/wp\/v2\/users\/1"}],"replies":[{"embeddable":true,"href":"https:\/\/www.eldiario.net\/portal\/wp-json\/wp\/v2\/comments?post=203568"}],"version-history":[{"count":1,"href":"https:\/\/www.eldiario.net\/portal\/wp-json\/wp\/v2\/posts\/203568\/revisions"}],"predecessor-version":[{"id":203570,"href":"https:\/\/www.eldiario.net\/portal\/wp-json\/wp\/v2\/posts\/203568\/revisions\/203570"}],"wp:featuredmedia":[{"embeddable":true,"href":"https:\/\/www.eldiario.net\/portal\/wp-json\/wp\/v2\/media\/203569"}],"wp:attachment":[{"href":"https:\/\/www.eldiario.net\/portal\/wp-json\/wp\/v2\/media?parent=203568"}],"wp:term":[{"taxonomy":"category","embeddable":true,"href":"https:\/\/www.eldiario.net\/portal\/wp-json\/wp\/v2\/categories?post=203568"},{"taxonomy":"post_tag","embeddable":true,"href":"https:\/\/www.eldiario.net\/portal\/wp-json\/wp\/v2\/tags?post=203568"}],"curies":[{"name":"wp","href":"https:\/\/api.w.org\/{rel}","templated":true}]}}