{"id":203563,"date":"2024-02-17T06:37:38","date_gmt":"2024-02-17T10:37:38","guid":{"rendered":"https:\/\/www.eldiario.net\/portal\/?p=203563"},"modified":"2024-02-17T06:37:38","modified_gmt":"2024-02-17T10:37:38","slug":"en-ocho-anos-el-2023-fue-la-mejor-gestion-en-ejecucion","status":"publish","type":"post","link":"https:\/\/www.eldiario.net\/portal\/2024\/02\/17\/en-ocho-anos-el-2023-fue-la-mejor-gestion-en-ejecucion\/","title":{"rendered":"En ocho a\u00f1os, el 2023 fue la mejor gesti\u00f3n en ejecuci\u00f3n"},"content":{"rendered":"<p>De acuerdo con la alcaldesa de El Alto, Eva Copa, en los \u00faltimos ocho a\u00f1os, el 2023 se consolida como la mejor gesti\u00f3n en ejecuci\u00f3n presupuestaria debido a que la comuna alcanz\u00f3 90% de ejecuci\u00f3n. Dicho logro, seg\u00fan la autoridad, fue gracias a la planificaci\u00f3n, el trabajo en equipo y la cero tolerancia a la corrupci\u00f3n, entre otros aspectos.<br \/>\nLos datos fueron proporcionados durante el informe de Rendici\u00f3n P\u00fablica de Cuentas que la alcaldesa brind\u00f3 la pasada jornada en instalaciones del auditorio del Jach\u2019a Uta.<br \/>\n\u201cViendo los estados financieros, desde 2015 hasta 2023, esta (2023) ha sido la mejor ejecuci\u00f3n que hemos tenido durante todo ese tiempo. Ese ha sido el compromiso que hemos tenido\u201d, se\u00f1al\u00f3 la burgomaestre alte\u00f1a.<br \/>\n\u201cEs 90% de ejecuci\u00f3n financiera y es platita que hemos gastado en obras\u201d, sostuvo. Datos ediles dan cuenta que ese porcentaje es nuevamente un r\u00e9cord si se toma en cuenta que la ejecuci\u00f3n presupuestaria en 2022 fue de 87% y 85% en 2021.<br \/>\nEse logro, seg\u00fan Copa, tambi\u00e9n \u201cdemuestra que la planificaci\u00f3n y el trabajo en equipo que hemos hecho ha servido. Adem\u00e1s de cero tolerancia a la corrupci\u00f3n, eso ayud\u00f3 a que la gente sea mucho m\u00e1s comprometida con su trabajo\u201d.<br \/>\nLa ejecuci\u00f3n del Plan Operativo Anual (POA), por ejes de desarrollo, alcanz\u00f3 a 1.503 millones de bolivianos ejecutados y un 93% de ejecuci\u00f3n f\u00edsica, con 2.162 proyectos y actividades.<br \/>\n\u201cEsperamos este a\u00f1o llegar a las 2.500 actividades y proyectos\u201d, ratific\u00f3 Copa, e indic\u00f3 que este a\u00f1o cumplir\u00e1 tres a\u00f1os de gesti\u00f3n como m\u00e1xima autoridad municipal de El Alto.<br \/>\nEn 2023 se redujo tambi\u00e9n la deuda p\u00fablica de Bs 557 millones a 527 millones. \u201cHab\u00eda deudas que hemos ido nivelando, pero somos bicampeones en ejecuci\u00f3n presupuestaria\u201d, enfatiz\u00f3 la autoridad edil.<br \/>\nEn la rendici\u00f3n de cuentas destac\u00f3 las inversiones en salud, educaci\u00f3n, infraestructura, seguridad ciudadana, desarrollo productivo y gesti\u00f3n institucional, por ejemplo, se conoci\u00f3 que la Alcald\u00eda destin\u00f3 Bs 43.8 millones a infraestructuras educativas y 87.3 millones a Alimento Complementario Escolar.<br \/>\nMientras que Bs 38.7 millones fueron al equipamiento de hospitales de primer y segundo nivel. En la misma l\u00ednea, la Alcald\u00eda dispuso Bs 25.6 millones para la construcci\u00f3n del Distribuidor El Mallku que ser\u00e1 entregado el 1 de marzo.<br \/>\n\u201cEste a\u00f1o es el a\u00f1o de los logros y entregaremos El Mallku, el Paso a Desnivel de Senkata y el distribuidor de R\u00edo Seco\u201d, anunci\u00f3 Copa para despu\u00e9s destacar el \u201cesfuerzo tit\u00e1nico\u201d que se hizo para el mejoramiento del estadio en Villa Ingenio, \u201cEl Tit\u00e1n de El Alto\u201d, que el 20 de febrero ser\u00e1 sede del partido internacional entre Always Ready y Sporting Cristal por la Copa Libertadores.<\/p>\n<p>Pie de foto:<br \/>\nCr\u00e9dito: El Diario<\/p>\n","protected":false},"excerpt":{"rendered":"<p>De acuerdo con la alcaldesa de El Alto, Eva Copa, en los \u00faltimos ocho a\u00f1os, el 2023 se consolida como la mejor gesti\u00f3n en ejecuci\u00f3n presupuestaria debido a que la comuna alcanz\u00f3 90% de ejecuci\u00f3n. Dicho logro, seg\u00fan la autoridad, fue gracias a la planificaci\u00f3n, el trabajo en equipo y la cero tolerancia a la [&hellip;]<\/p>\n","protected":false},"author":1,"featured_media":203564,"comment_status":"open","ping_status":"open","sticky":false,"template":"","format":"standard","meta":{"_acf_changed":false,"footnotes":""},"categories":[12],"tags":[],"class_list":["post-203563","post","type-post","status-publish","format-standard","has-post-thumbnail","category-nacional"],"acf":{"antetitulo":"Comuna asegura que ejecut\u00f3 en 90% su presupuesto"},"yoast_head":"<!-- This site is optimized with the Yoast SEO plugin v28.4 - https:\/\/yoast.com\/product\/yoast-seo-wordpress\/ -->\n<title>En ocho a\u00f1os, el 2023 fue la mejor gesti\u00f3n en ejecuci\u00f3n - El Diario - Bolivia<\/title>\n<meta name=\"robots\" content=\"index, follow, max-snippet:-1, max-image-preview:large, max-video-preview:-1\" \/>\n<link rel=\"canonical\" href=\"https:\/\/www.eldiario.net\/portal\/2024\/02\/17\/en-ocho-anos-el-2023-fue-la-mejor-gestion-en-ejecucion\/\" \/>\n<meta property=\"og:locale\" content=\"es_ES\" \/>\n<meta property=\"og:type\" content=\"article\" \/>\n<meta property=\"og:title\" content=\"En ocho a\u00f1os, el 2023 fue la mejor gesti\u00f3n en ejecuci\u00f3n - El Diario - Bolivia\" \/>\n<meta property=\"og:description\" content=\"De acuerdo con la alcaldesa de El Alto, Eva Copa, en los \u00faltimos ocho a\u00f1os, el 2023 se consolida como la mejor gesti\u00f3n en ejecuci\u00f3n presupuestaria debido a que la comuna alcanz\u00f3 90% de ejecuci\u00f3n. Dicho logro, seg\u00fan la autoridad, fue gracias a la planificaci\u00f3n, el trabajo en equipo y la cero tolerancia a la [&hellip;]\" \/>\n<meta property=\"og:url\" content=\"https:\/\/www.eldiario.net\/portal\/2024\/02\/17\/en-ocho-anos-el-2023-fue-la-mejor-gestion-en-ejecucion\/\" \/>\n<meta property=\"og:site_name\" content=\"El Diario - Bolivia\" \/>\n<meta property=\"article:publisher\" content=\"https:\/\/www.facebook.com\/eldiario.bolivia\/\" \/>\n<meta property=\"article:published_time\" content=\"2024-02-17T10:37:38+00:00\" \/>\n<meta property=\"og:image\" content=\"https:\/\/www.eldiario.net\/portal\/wp-content\/uploads\/2024\/02\/F2-rendicion.jpg\" \/>\n\t<meta property=\"og:image:width\" content=\"1600\" \/>\n\t<meta property=\"og:image:height\" content=\"900\" \/>\n\t<meta property=\"og:image:type\" content=\"image\/jpeg\" \/>\n<meta name=\"author\" content=\"Jeanette\" \/>\n<meta name=\"twitter:card\" content=\"summary_large_image\" \/>\n<meta name=\"twitter:creator\" content=\"@eldiario_net\" \/>\n<meta name=\"twitter:site\" content=\"@eldiario_net\" \/>\n<meta name=\"twitter:label1\" content=\"Escrito por\" \/>\n\t<meta name=\"twitter:data1\" content=\"Jeanette\" \/>\n\t<meta name=\"twitter:label2\" content=\"Tiempo de lectura\" \/>\n\t<meta name=\"twitter:data2\" content=\"3 minutos\" \/>\n<script type=\"application\/ld+json\" class=\"yoast-schema-graph\">{\"@context\":\"https:\\\/\\\/schema.org\",\"@graph\":[{\"@type\":\"Article\",\"@id\":\"https:\\\/\\\/www.eldiario.net\\\/portal\\\/2024\\\/02\\\/17\\\/en-ocho-anos-el-2023-fue-la-mejor-gestion-en-ejecucion\\\/#article\",\"isPartOf\":{\"@id\":\"https:\\\/\\\/www.eldiario.net\\\/portal\\\/2024\\\/02\\\/17\\\/en-ocho-anos-el-2023-fue-la-mejor-gestion-en-ejecucion\\\/\"},\"author\":{\"name\":\"Jeanette\",\"@id\":\"https:\\\/\\\/www.eldiario.net\\\/portal\\\/#\\\/schema\\\/person\\\/f46445640444750d7d753ccd04ae01b7\"},\"headline\":\"En ocho a\u00f1os, el 2023 fue la mejor gesti\u00f3n en ejecuci\u00f3n\",\"datePublished\":\"2024-02-17T10:37:38+00:00\",\"mainEntityOfPage\":{\"@id\":\"https:\\\/\\\/www.eldiario.net\\\/portal\\\/2024\\\/02\\\/17\\\/en-ocho-anos-el-2023-fue-la-mejor-gestion-en-ejecucion\\\/\"},\"wordCount\":481,\"commentCount\":0,\"publisher\":{\"@id\":\"https:\\\/\\\/www.eldiario.net\\\/portal\\\/#organization\"},\"image\":{\"@id\":\"https:\\\/\\\/www.eldiario.net\\\/portal\\\/2024\\\/02\\\/17\\\/en-ocho-anos-el-2023-fue-la-mejor-gestion-en-ejecucion\\\/#primaryimage\"},\"thumbnailUrl\":\"https:\\\/\\\/www.eldiario.net\\\/portal\\\/wp-content\\\/uploads\\\/2024\\\/02\\\/F2-rendicion.jpg\",\"articleSection\":[\"Nacional\"],\"inLanguage\":\"es\",\"potentialAction\":[{\"@type\":\"CommentAction\",\"name\":\"Comment\",\"target\":[\"https:\\\/\\\/www.eldiario.net\\\/portal\\\/2024\\\/02\\\/17\\\/en-ocho-anos-el-2023-fue-la-mejor-gestion-en-ejecucion\\\/#respond\"]}]},{\"@type\":\"WebPage\",\"@id\":\"https:\\\/\\\/www.eldiario.net\\\/portal\\\/2024\\\/02\\\/17\\\/en-ocho-anos-el-2023-fue-la-mejor-gestion-en-ejecucion\\\/\",\"url\":\"https:\\\/\\\/www.eldiario.net\\\/portal\\\/2024\\\/02\\\/17\\\/en-ocho-anos-el-2023-fue-la-mejor-gestion-en-ejecucion\\\/\",\"name\":\"En ocho a\u00f1os, el 2023 fue la mejor gesti\u00f3n en ejecuci\u00f3n - El Diario - Bolivia\",\"isPartOf\":{\"@id\":\"https:\\\/\\\/www.eldiario.net\\\/portal\\\/#website\"},\"primaryImageOfPage\":{\"@id\":\"https:\\\/\\\/www.eldiario.net\\\/portal\\\/2024\\\/02\\\/17\\\/en-ocho-anos-el-2023-fue-la-mejor-gestion-en-ejecucion\\\/#primaryimage\"},\"image\":{\"@id\":\"https:\\\/\\\/www.eldiario.net\\\/portal\\\/2024\\\/02\\\/17\\\/en-ocho-anos-el-2023-fue-la-mejor-gestion-en-ejecucion\\\/#primaryimage\"},\"thumbnailUrl\":\"https:\\\/\\\/www.eldiario.net\\\/portal\\\/wp-content\\\/uploads\\\/2024\\\/02\\\/F2-rendicion.jpg\",\"datePublished\":\"2024-02-17T10:37:38+00:00\",\"breadcrumb\":{\"@id\":\"https:\\\/\\\/www.eldiario.net\\\/portal\\\/2024\\\/02\\\/17\\\/en-ocho-anos-el-2023-fue-la-mejor-gestion-en-ejecucion\\\/#breadcrumb\"},\"inLanguage\":\"es\",\"potentialAction\":[{\"@type\":\"ReadAction\",\"target\":[\"https:\\\/\\\/www.eldiario.net\\\/portal\\\/2024\\\/02\\\/17\\\/en-ocho-anos-el-2023-fue-la-mejor-gestion-en-ejecucion\\\/\"]}]},{\"@type\":\"ImageObject\",\"inLanguage\":\"es\",\"@id\":\"https:\\\/\\\/www.eldiario.net\\\/portal\\\/2024\\\/02\\\/17\\\/en-ocho-anos-el-2023-fue-la-mejor-gestion-en-ejecucion\\\/#primaryimage\",\"url\":\"https:\\\/\\\/www.eldiario.net\\\/portal\\\/wp-content\\\/uploads\\\/2024\\\/02\\\/F2-rendicion.jpg\",\"contentUrl\":\"https:\\\/\\\/www.eldiario.net\\\/portal\\\/wp-content\\\/uploads\\\/2024\\\/02\\\/F2-rendicion.jpg\",\"width\":1600,\"height\":900,\"caption\":\"Autoridades ediles acompa\u00f1aron a la alcaldesa en la actividad.\"},{\"@type\":\"BreadcrumbList\",\"@id\":\"https:\\\/\\\/www.eldiario.net\\\/portal\\\/2024\\\/02\\\/17\\\/en-ocho-anos-el-2023-fue-la-mejor-gestion-en-ejecucion\\\/#breadcrumb\",\"itemListElement\":[{\"@type\":\"ListItem\",\"position\":1,\"name\":\"Portada\",\"item\":\"https:\\\/\\\/www.eldiario.net\\\/portal\\\/\"},{\"@type\":\"ListItem\",\"position\":2,\"name\":\"En ocho a\u00f1os, el 2023 fue la mejor gesti\u00f3n en ejecuci\u00f3n\"}]},{\"@type\":\"WebSite\",\"@id\":\"https:\\\/\\\/www.eldiario.net\\\/portal\\\/#website\",\"url\":\"https:\\\/\\\/www.eldiario.net\\\/portal\\\/\",\"name\":\"El Diario - Decano de la prensa nacional\",\"description\":\"El Diario - Decano de la prensa nacional\",\"publisher\":{\"@id\":\"https:\\\/\\\/www.eldiario.net\\\/portal\\\/#organization\"},\"potentialAction\":[{\"@type\":\"SearchAction\",\"target\":{\"@type\":\"EntryPoint\",\"urlTemplate\":\"https:\\\/\\\/www.eldiario.net\\\/portal\\\/?s={search_term_string}\"},\"query-input\":{\"@type\":\"PropertyValueSpecification\",\"valueRequired\":true,\"valueName\":\"search_term_string\"}}],\"inLanguage\":\"es\"},{\"@type\":\"Organization\",\"@id\":\"https:\\\/\\\/www.eldiario.net\\\/portal\\\/#organization\",\"name\":\"El Diario - Decano de la prensa nacional\",\"url\":\"https:\\\/\\\/www.eldiario.net\\\/portal\\\/\",\"logo\":{\"@type\":\"ImageObject\",\"inLanguage\":\"es\",\"@id\":\"https:\\\/\\\/www.eldiario.net\\\/portal\\\/#\\\/schema\\\/logo\\\/image\\\/\",\"url\":\"https:\\\/\\\/www.eldiario.net\\\/portal\\\/wp-content\\\/uploads\\\/2023\\\/07\\\/logo_ED.jpg\",\"contentUrl\":\"https:\\\/\\\/www.eldiario.net\\\/portal\\\/wp-content\\\/uploads\\\/2023\\\/07\\\/logo_ED.jpg\",\"width\":272,\"height\":52,\"caption\":\"El Diario - Decano de la prensa nacional\"},\"image\":{\"@id\":\"https:\\\/\\\/www.eldiario.net\\\/portal\\\/#\\\/schema\\\/logo\\\/image\\\/\"},\"sameAs\":[\"https:\\\/\\\/www.facebook.com\\\/eldiario.bolivia\\\/\",\"https:\\\/\\\/x.com\\\/eldiario_net\"]},{\"@type\":\"Person\",\"@id\":\"https:\\\/\\\/www.eldiario.net\\\/portal\\\/#\\\/schema\\\/person\\\/f46445640444750d7d753ccd04ae01b7\",\"name\":\"Jeanette\",\"image\":{\"@type\":\"ImageObject\",\"inLanguage\":\"es\",\"@id\":\"https:\\\/\\\/secure.gravatar.com\\\/avatar\\\/3ea2118a5f7dad2b7138b1187a6b7ee55f160b9968b66013c3a3ef39dd7e5798?s=96&d=mm&r=g\",\"url\":\"https:\\\/\\\/secure.gravatar.com\\\/avatar\\\/3ea2118a5f7dad2b7138b1187a6b7ee55f160b9968b66013c3a3ef39dd7e5798?s=96&d=mm&r=g\",\"contentUrl\":\"https:\\\/\\\/secure.gravatar.com\\\/avatar\\\/3ea2118a5f7dad2b7138b1187a6b7ee55f160b9968b66013c3a3ef39dd7e5798?s=96&d=mm&r=g\",\"caption\":\"Jeanette\"},\"sameAs\":[\"https:\\\/\\\/www.eldiario.net\\\/portal\"],\"url\":\"https:\\\/\\\/www.eldiario.net\\\/portal\\\/author\\\/jeanette\\\/\"}]}<\/script>\n<!-- \/ Yoast SEO plugin. -->","yoast_head_json":{"title":"En ocho a\u00f1os, el 2023 fue la mejor gesti\u00f3n en ejecuci\u00f3n - El Diario - Bolivia","robots":{"index":"index","follow":"follow","max-snippet":"max-snippet:-1","max-image-preview":"max-image-preview:large","max-video-preview":"max-video-preview:-1"},"canonical":"https:\/\/www.eldiario.net\/portal\/2024\/02\/17\/en-ocho-anos-el-2023-fue-la-mejor-gestion-en-ejecucion\/","og_locale":"es_ES","og_type":"article","og_title":"En ocho a\u00f1os, el 2023 fue la mejor gesti\u00f3n en ejecuci\u00f3n - El Diario - Bolivia","og_description":"De acuerdo con la alcaldesa de El Alto, Eva Copa, en los \u00faltimos ocho a\u00f1os, el 2023 se consolida como la mejor gesti\u00f3n en ejecuci\u00f3n presupuestaria debido a que la comuna alcanz\u00f3 90% de ejecuci\u00f3n. Dicho logro, seg\u00fan la autoridad, fue gracias a la planificaci\u00f3n, el trabajo en equipo y la cero tolerancia a la [&hellip;]","og_url":"https:\/\/www.eldiario.net\/portal\/2024\/02\/17\/en-ocho-anos-el-2023-fue-la-mejor-gestion-en-ejecucion\/","og_site_name":"El Diario - Bolivia","article_publisher":"https:\/\/www.facebook.com\/eldiario.bolivia\/","article_published_time":"2024-02-17T10:37:38+00:00","og_image":[{"width":1600,"height":900,"url":"https:\/\/www.eldiario.net\/portal\/wp-content\/uploads\/2024\/02\/F2-rendicion.jpg","type":"image\/jpeg"}],"author":"Jeanette","twitter_card":"summary_large_image","twitter_creator":"@eldiario_net","twitter_site":"@eldiario_net","twitter_misc":{"Escrito por":"Jeanette","Tiempo de lectura":"3 minutos"},"schema":{"@context":"https:\/\/schema.org","@graph":[{"@type":"Article","@id":"https:\/\/www.eldiario.net\/portal\/2024\/02\/17\/en-ocho-anos-el-2023-fue-la-mejor-gestion-en-ejecucion\/#article","isPartOf":{"@id":"https:\/\/www.eldiario.net\/portal\/2024\/02\/17\/en-ocho-anos-el-2023-fue-la-mejor-gestion-en-ejecucion\/"},"author":{"name":"Jeanette","@id":"https:\/\/www.eldiario.net\/portal\/#\/schema\/person\/f46445640444750d7d753ccd04ae01b7"},"headline":"En ocho a\u00f1os, el 2023 fue la mejor gesti\u00f3n en ejecuci\u00f3n","datePublished":"2024-02-17T10:37:38+00:00","mainEntityOfPage":{"@id":"https:\/\/www.eldiario.net\/portal\/2024\/02\/17\/en-ocho-anos-el-2023-fue-la-mejor-gestion-en-ejecucion\/"},"wordCount":481,"commentCount":0,"publisher":{"@id":"https:\/\/www.eldiario.net\/portal\/#organization"},"image":{"@id":"https:\/\/www.eldiario.net\/portal\/2024\/02\/17\/en-ocho-anos-el-2023-fue-la-mejor-gestion-en-ejecucion\/#primaryimage"},"thumbnailUrl":"https:\/\/www.eldiario.net\/portal\/wp-content\/uploads\/2024\/02\/F2-rendicion.jpg","articleSection":["Nacional"],"inLanguage":"es","potentialAction":[{"@type":"CommentAction","name":"Comment","target":["https:\/\/www.eldiario.net\/portal\/2024\/02\/17\/en-ocho-anos-el-2023-fue-la-mejor-gestion-en-ejecucion\/#respond"]}]},{"@type":"WebPage","@id":"https:\/\/www.eldiario.net\/portal\/2024\/02\/17\/en-ocho-anos-el-2023-fue-la-mejor-gestion-en-ejecucion\/","url":"https:\/\/www.eldiario.net\/portal\/2024\/02\/17\/en-ocho-anos-el-2023-fue-la-mejor-gestion-en-ejecucion\/","name":"En ocho a\u00f1os, el 2023 fue la mejor gesti\u00f3n en ejecuci\u00f3n - El Diario - Bolivia","isPartOf":{"@id":"https:\/\/www.eldiario.net\/portal\/#website"},"primaryImageOfPage":{"@id":"https:\/\/www.eldiario.net\/portal\/2024\/02\/17\/en-ocho-anos-el-2023-fue-la-mejor-gestion-en-ejecucion\/#primaryimage"},"image":{"@id":"https:\/\/www.eldiario.net\/portal\/2024\/02\/17\/en-ocho-anos-el-2023-fue-la-mejor-gestion-en-ejecucion\/#primaryimage"},"thumbnailUrl":"https:\/\/www.eldiario.net\/portal\/wp-content\/uploads\/2024\/02\/F2-rendicion.jpg","datePublished":"2024-02-17T10:37:38+00:00","breadcrumb":{"@id":"https:\/\/www.eldiario.net\/portal\/2024\/02\/17\/en-ocho-anos-el-2023-fue-la-mejor-gestion-en-ejecucion\/#breadcrumb"},"inLanguage":"es","potentialAction":[{"@type":"ReadAction","target":["https:\/\/www.eldiario.net\/portal\/2024\/02\/17\/en-ocho-anos-el-2023-fue-la-mejor-gestion-en-ejecucion\/"]}]},{"@type":"ImageObject","inLanguage":"es","@id":"https:\/\/www.eldiario.net\/portal\/2024\/02\/17\/en-ocho-anos-el-2023-fue-la-mejor-gestion-en-ejecucion\/#primaryimage","url":"https:\/\/www.eldiario.net\/portal\/wp-content\/uploads\/2024\/02\/F2-rendicion.jpg","contentUrl":"https:\/\/www.eldiario.net\/portal\/wp-content\/uploads\/2024\/02\/F2-rendicion.jpg","width":1600,"height":900,"caption":"Autoridades ediles acompa\u00f1aron a la alcaldesa en la actividad."},{"@type":"BreadcrumbList","@id":"https:\/\/www.eldiario.net\/portal\/2024\/02\/17\/en-ocho-anos-el-2023-fue-la-mejor-gestion-en-ejecucion\/#breadcrumb","itemListElement":[{"@type":"ListItem","position":1,"name":"Portada","item":"https:\/\/www.eldiario.net\/portal\/"},{"@type":"ListItem","position":2,"name":"En ocho a\u00f1os, el 2023 fue la mejor gesti\u00f3n en ejecuci\u00f3n"}]},{"@type":"WebSite","@id":"https:\/\/www.eldiario.net\/portal\/#website","url":"https:\/\/www.eldiario.net\/portal\/","name":"El Diario - Decano de la prensa nacional","description":"El Diario - Decano de la prensa nacional","publisher":{"@id":"https:\/\/www.eldiario.net\/portal\/#organization"},"potentialAction":[{"@type":"SearchAction","target":{"@type":"EntryPoint","urlTemplate":"https:\/\/www.eldiario.net\/portal\/?s={search_term_string}"},"query-input":{"@type":"PropertyValueSpecification","valueRequired":true,"valueName":"search_term_string"}}],"inLanguage":"es"},{"@type":"Organization","@id":"https:\/\/www.eldiario.net\/portal\/#organization","name":"El Diario - Decano de la prensa nacional","url":"https:\/\/www.eldiario.net\/portal\/","logo":{"@type":"ImageObject","inLanguage":"es","@id":"https:\/\/www.eldiario.net\/portal\/#\/schema\/logo\/image\/","url":"https:\/\/www.eldiario.net\/portal\/wp-content\/uploads\/2023\/07\/logo_ED.jpg","contentUrl":"https:\/\/www.eldiario.net\/portal\/wp-content\/uploads\/2023\/07\/logo_ED.jpg","width":272,"height":52,"caption":"El Diario - Decano de la prensa nacional"},"image":{"@id":"https:\/\/www.eldiario.net\/portal\/#\/schema\/logo\/image\/"},"sameAs":["https:\/\/www.facebook.com\/eldiario.bolivia\/","https:\/\/x.com\/eldiario_net"]},{"@type":"Person","@id":"https:\/\/www.eldiario.net\/portal\/#\/schema\/person\/f46445640444750d7d753ccd04ae01b7","name":"Jeanette","image":{"@type":"ImageObject","inLanguage":"es","@id":"https:\/\/secure.gravatar.com\/avatar\/3ea2118a5f7dad2b7138b1187a6b7ee55f160b9968b66013c3a3ef39dd7e5798?s=96&d=mm&r=g","url":"https:\/\/secure.gravatar.com\/avatar\/3ea2118a5f7dad2b7138b1187a6b7ee55f160b9968b66013c3a3ef39dd7e5798?s=96&d=mm&r=g","contentUrl":"https:\/\/secure.gravatar.com\/avatar\/3ea2118a5f7dad2b7138b1187a6b7ee55f160b9968b66013c3a3ef39dd7e5798?s=96&d=mm&r=g","caption":"Jeanette"},"sameAs":["https:\/\/www.eldiario.net\/portal"],"url":"https:\/\/www.eldiario.net\/portal\/author\/jeanette\/"}]}},"_links":{"self":[{"href":"https:\/\/www.eldiario.net\/portal\/wp-json\/wp\/v2\/posts\/203563","targetHints":{"allow":["GET"]}}],"collection":[{"href":"https:\/\/www.eldiario.net\/portal\/wp-json\/wp\/v2\/posts"}],"about":[{"href":"https:\/\/www.eldiario.net\/portal\/wp-json\/wp\/v2\/types\/post"}],"author":[{"embeddable":true,"href":"https:\/\/www.eldiario.net\/portal\/wp-json\/wp\/v2\/users\/1"}],"replies":[{"embeddable":true,"href":"https:\/\/www.eldiario.net\/portal\/wp-json\/wp\/v2\/comments?post=203563"}],"version-history":[{"count":1,"href":"https:\/\/www.eldiario.net\/portal\/wp-json\/wp\/v2\/posts\/203563\/revisions"}],"predecessor-version":[{"id":203565,"href":"https:\/\/www.eldiario.net\/portal\/wp-json\/wp\/v2\/posts\/203563\/revisions\/203565"}],"wp:featuredmedia":[{"embeddable":true,"href":"https:\/\/www.eldiario.net\/portal\/wp-json\/wp\/v2\/media\/203564"}],"wp:attachment":[{"href":"https:\/\/www.eldiario.net\/portal\/wp-json\/wp\/v2\/media?parent=203563"}],"wp:term":[{"taxonomy":"category","embeddable":true,"href":"https:\/\/www.eldiario.net\/portal\/wp-json\/wp\/v2\/categories?post=203563"},{"taxonomy":"post_tag","embeddable":true,"href":"https:\/\/www.eldiario.net\/portal\/wp-json\/wp\/v2\/tags?post=203563"}],"curies":[{"name":"wp","href":"https:\/\/api.w.org\/{rel}","templated":true}]}}