{"id":202972,"date":"2024-02-14T04:58:05","date_gmt":"2024-02-14T08:58:05","guid":{"rendered":"https:\/\/www.eldiario.net\/portal\/?p=202972"},"modified":"2024-02-14T04:58:38","modified_gmt":"2024-02-14T08:58:38","slug":"presidenta-de-peru-cambia-a-cuatro-ministros-de-su-gabinete","status":"publish","type":"post","link":"https:\/\/www.eldiario.net\/portal\/2024\/02\/14\/presidenta-de-peru-cambia-a-cuatro-ministros-de-su-gabinete\/","title":{"rendered":"Presidenta de Per\u00fa cambia a  cuatro ministros de su gabinete"},"content":{"rendered":"<p>La presidenta de Per\u00fa, Dina Boluarte, cambi\u00f3 ayer a cuatro ministros de su gabinete que hab\u00edan sido cuestionados por sus gestiones y ha tomado juramento a los que se encargar\u00e1n de estas carteras ministeriales, que incluyen el Ministerio de Econom\u00eda y el de Defensa.<br \/>\nAlex Contreras dej\u00f3 el Ministerio de Econom\u00eda y Finanzas, indicando que \u201ctoca asumir nuevos retos\u201d, si bien se ha enfrentado a una creciente desaprobaci\u00f3n desde que asumi\u00f3 el cargo en diciembre de 2022 que alcanza un 63 por ciento, seg\u00fan encuestas, por la crisis econ\u00f3mica que sufre el pa\u00eds y, particularmente, por subestimar el impacto del fen\u00f3meno \u2018El Ni\u00f1o\u2019 en la econom\u00eda.<br \/>\n\u201cEl a\u00f1o 2023 fue particularmente retador, pero vali\u00f3 la pena el esfuerzo, la econom\u00eda pudo salir de la recesi\u00f3n y ha entrado en un proceso de expansi\u00f3n que es fundamental mantener y acelerar\u201d, asegur\u00f3 Contreras tras agradecer a la presidenta y al primer ministro, Alberto Ot\u00e1rola, por su confianza durante su periodo al mando del ministerio, y afirmar que se va \u201ccon la satisfacci\u00f3n del deber cumplido\u201d.<br \/>\nEl economista Jos\u00e9 Arista, que fue titular de este ministerio en 2020 (durante el breve Gobierno de Manuel Merino) y del sector agr\u00edcola en 2018 (bajo la gesti\u00f3n de Pedro Pablo Kuczynksi), ha jurado el cargo en sustituci\u00f3n de Contreras.<br \/>\nBoluarte ha asignado a Walter Astudillo como nuevo ministro de Defensa, quien ha jurado desempe\u00f1ar el cargo sin cometer actos de corrupci\u00f3n. Este reemplaza a Jorge Ch\u00e1vez, quien recibi\u00f3 cr\u00edticas por su respuesta en materia de seguridad nacional y lucha contra el narcotr\u00e1fico.<br \/>\nAdem\u00e1s, el ministro de Energ\u00eda y Minas, \u00d3scar Vera, acusado de supuestamente omitir informaci\u00f3n sobre sanciones administrativas recibidas, mientras estaba en la empresa Petroper\u00fa, vinculaci\u00f3n con exaliados del expresidente Pedro Castillo que se encuentran investigados y la gesti\u00f3n ambiental por actividades mineras, ha dejado el cargo.<br \/>\nEn su lugar, se encuentra R\u00f3mulo Mucho, que fue viceministro de Minas (2005-2006) durante el Gobierno de Alejandro Toledo y, posteriormente, fue presidente del Instituto de Ingenieros de Minas de Per\u00fa entre 2012 y 2014.<br \/>\nLa mandataria tambi\u00e9n retir\u00f3 de su puesto a la ministra de Medioambiente, Albina Ruiz, criticada por sus recomendaciones ante los cortes de agua en la capital, Lima, y por el alto nivel de deforestaci\u00f3n en comunidades nativas donde se ha desarrollado un programa de emprendimiento sostenible.<br \/>\nEn esta cartera est\u00e1 a partir de hoy el bi\u00f3logo Juan Carlos Castro Vargas, que se ha desempe\u00f1ado como jefe de la Autoridad Nacional del Agua (ANA), entidad adscrita al Ministerio de Desarrollo Agrario y Riego.<br \/>\nEstos cambios se han producido horas despu\u00e9s de que Boluarte negara en declaraciones a la prensa que hab\u00eda fricciones entre ministros, asegurando que su gabinete trabaja \u201cen equipo y muy armoniosamente\u201d: \u201cNunca he presenciado una discusi\u00f3n\u201d, concluy\u00f3. (Europa Press)<\/p>\n","protected":false},"excerpt":{"rendered":"<p>La presidenta de Per\u00fa, Dina Boluarte, cambi\u00f3 ayer a cuatro ministros de su gabinete que hab\u00edan sido cuestionados por sus gestiones y ha tomado juramento a los que se encargar\u00e1n de estas carteras ministeriales, que incluyen el Ministerio de Econom\u00eda y el de Defensa. Alex Contreras dej\u00f3 el Ministerio de Econom\u00eda y Finanzas, indicando que [&hellip;]<\/p>\n","protected":false},"author":1,"featured_media":202974,"comment_status":"open","ping_status":"open","sticky":false,"template":"","format":"standard","meta":{"_acf_changed":false,"footnotes":""},"categories":[3],"tags":[],"class_list":["post-202972","post","type-post","status-publish","format-standard","has-post-thumbnail","category-internacional"],"acf":{"antetitulo":""},"yoast_head":"<!-- This site is optimized with the Yoast SEO plugin v28.3 - https:\/\/yoast.com\/product\/yoast-seo-wordpress\/ -->\n<title>Presidenta de Per\u00fa cambia a cuatro ministros de su gabinete - El Diario - Bolivia<\/title>\n<meta name=\"robots\" content=\"index, follow, max-snippet:-1, max-image-preview:large, max-video-preview:-1\" \/>\n<link rel=\"canonical\" href=\"https:\/\/www.eldiario.net\/portal\/2024\/02\/14\/presidenta-de-peru-cambia-a-cuatro-ministros-de-su-gabinete\/\" \/>\n<meta property=\"og:locale\" content=\"es_ES\" \/>\n<meta property=\"og:type\" content=\"article\" \/>\n<meta property=\"og:title\" content=\"Presidenta de Per\u00fa cambia a cuatro ministros de su gabinete - El Diario - Bolivia\" \/>\n<meta property=\"og:description\" content=\"La presidenta de Per\u00fa, Dina Boluarte, cambi\u00f3 ayer a cuatro ministros de su gabinete que hab\u00edan sido cuestionados por sus gestiones y ha tomado juramento a los que se encargar\u00e1n de estas carteras ministeriales, que incluyen el Ministerio de Econom\u00eda y el de Defensa. Alex Contreras dej\u00f3 el Ministerio de Econom\u00eda y Finanzas, indicando que [&hellip;]\" \/>\n<meta property=\"og:url\" content=\"https:\/\/www.eldiario.net\/portal\/2024\/02\/14\/presidenta-de-peru-cambia-a-cuatro-ministros-de-su-gabinete\/\" \/>\n<meta property=\"og:site_name\" content=\"El Diario - Bolivia\" \/>\n<meta property=\"article:publisher\" content=\"https:\/\/www.facebook.com\/eldiario.bolivia\/\" \/>\n<meta property=\"article:published_time\" content=\"2024-02-14T08:58:05+00:00\" \/>\n<meta property=\"article:modified_time\" content=\"2024-02-14T08:58:38+00:00\" \/>\n<meta property=\"og:image\" content=\"https:\/\/www.eldiario.net\/portal\/wp-content\/uploads\/2024\/02\/60-INTER-FOTO.jpg\" \/>\n\t<meta property=\"og:image:width\" content=\"1000\" \/>\n\t<meta property=\"og:image:height\" content=\"698\" \/>\n\t<meta property=\"og:image:type\" content=\"image\/jpeg\" \/>\n<meta name=\"author\" content=\"Jeanette\" \/>\n<meta name=\"twitter:card\" content=\"summary_large_image\" \/>\n<meta name=\"twitter:creator\" content=\"@eldiario_net\" \/>\n<meta name=\"twitter:site\" content=\"@eldiario_net\" \/>\n<meta name=\"twitter:label1\" content=\"Escrito por\" \/>\n\t<meta name=\"twitter:data1\" content=\"Jeanette\" \/>\n\t<meta name=\"twitter:label2\" content=\"Tiempo de lectura\" \/>\n\t<meta name=\"twitter:data2\" content=\"3 minutos\" \/>\n<script type=\"application\/ld+json\" class=\"yoast-schema-graph\">{\"@context\":\"https:\\\/\\\/schema.org\",\"@graph\":[{\"@type\":\"Article\",\"@id\":\"https:\\\/\\\/www.eldiario.net\\\/portal\\\/2024\\\/02\\\/14\\\/presidenta-de-peru-cambia-a-cuatro-ministros-de-su-gabinete\\\/#article\",\"isPartOf\":{\"@id\":\"https:\\\/\\\/www.eldiario.net\\\/portal\\\/2024\\\/02\\\/14\\\/presidenta-de-peru-cambia-a-cuatro-ministros-de-su-gabinete\\\/\"},\"author\":{\"name\":\"Jeanette\",\"@id\":\"https:\\\/\\\/www.eldiario.net\\\/portal\\\/#\\\/schema\\\/person\\\/f46445640444750d7d753ccd04ae01b7\"},\"headline\":\"Presidenta de Per\u00fa cambia a cuatro ministros de su gabinete\",\"datePublished\":\"2024-02-14T08:58:05+00:00\",\"dateModified\":\"2024-02-14T08:58:38+00:00\",\"mainEntityOfPage\":{\"@id\":\"https:\\\/\\\/www.eldiario.net\\\/portal\\\/2024\\\/02\\\/14\\\/presidenta-de-peru-cambia-a-cuatro-ministros-de-su-gabinete\\\/\"},\"wordCount\":499,\"commentCount\":0,\"publisher\":{\"@id\":\"https:\\\/\\\/www.eldiario.net\\\/portal\\\/#organization\"},\"image\":{\"@id\":\"https:\\\/\\\/www.eldiario.net\\\/portal\\\/2024\\\/02\\\/14\\\/presidenta-de-peru-cambia-a-cuatro-ministros-de-su-gabinete\\\/#primaryimage\"},\"thumbnailUrl\":\"https:\\\/\\\/www.eldiario.net\\\/portal\\\/wp-content\\\/uploads\\\/2024\\\/02\\\/60-INTER-FOTO.jpg\",\"articleSection\":[\"Internacional\"],\"inLanguage\":\"es\",\"potentialAction\":[{\"@type\":\"CommentAction\",\"name\":\"Comment\",\"target\":[\"https:\\\/\\\/www.eldiario.net\\\/portal\\\/2024\\\/02\\\/14\\\/presidenta-de-peru-cambia-a-cuatro-ministros-de-su-gabinete\\\/#respond\"]}]},{\"@type\":\"WebPage\",\"@id\":\"https:\\\/\\\/www.eldiario.net\\\/portal\\\/2024\\\/02\\\/14\\\/presidenta-de-peru-cambia-a-cuatro-ministros-de-su-gabinete\\\/\",\"url\":\"https:\\\/\\\/www.eldiario.net\\\/portal\\\/2024\\\/02\\\/14\\\/presidenta-de-peru-cambia-a-cuatro-ministros-de-su-gabinete\\\/\",\"name\":\"Presidenta de Per\u00fa cambia a cuatro ministros de su gabinete - El Diario - Bolivia\",\"isPartOf\":{\"@id\":\"https:\\\/\\\/www.eldiario.net\\\/portal\\\/#website\"},\"primaryImageOfPage\":{\"@id\":\"https:\\\/\\\/www.eldiario.net\\\/portal\\\/2024\\\/02\\\/14\\\/presidenta-de-peru-cambia-a-cuatro-ministros-de-su-gabinete\\\/#primaryimage\"},\"image\":{\"@id\":\"https:\\\/\\\/www.eldiario.net\\\/portal\\\/2024\\\/02\\\/14\\\/presidenta-de-peru-cambia-a-cuatro-ministros-de-su-gabinete\\\/#primaryimage\"},\"thumbnailUrl\":\"https:\\\/\\\/www.eldiario.net\\\/portal\\\/wp-content\\\/uploads\\\/2024\\\/02\\\/60-INTER-FOTO.jpg\",\"datePublished\":\"2024-02-14T08:58:05+00:00\",\"dateModified\":\"2024-02-14T08:58:38+00:00\",\"breadcrumb\":{\"@id\":\"https:\\\/\\\/www.eldiario.net\\\/portal\\\/2024\\\/02\\\/14\\\/presidenta-de-peru-cambia-a-cuatro-ministros-de-su-gabinete\\\/#breadcrumb\"},\"inLanguage\":\"es\",\"potentialAction\":[{\"@type\":\"ReadAction\",\"target\":[\"https:\\\/\\\/www.eldiario.net\\\/portal\\\/2024\\\/02\\\/14\\\/presidenta-de-peru-cambia-a-cuatro-ministros-de-su-gabinete\\\/\"]}]},{\"@type\":\"ImageObject\",\"inLanguage\":\"es\",\"@id\":\"https:\\\/\\\/www.eldiario.net\\\/portal\\\/2024\\\/02\\\/14\\\/presidenta-de-peru-cambia-a-cuatro-ministros-de-su-gabinete\\\/#primaryimage\",\"url\":\"https:\\\/\\\/www.eldiario.net\\\/portal\\\/wp-content\\\/uploads\\\/2024\\\/02\\\/60-INTER-FOTO.jpg\",\"contentUrl\":\"https:\\\/\\\/www.eldiario.net\\\/portal\\\/wp-content\\\/uploads\\\/2024\\\/02\\\/60-INTER-FOTO.jpg\",\"width\":1000,\"height\":698,\"caption\":\"La presidenta de Per\u00fa, Dina Boluarte, toma posesi\u00f3n de Walter Astudillo como ministro de Defensa. PRESIDENCIA DE PER\u00da\"},{\"@type\":\"BreadcrumbList\",\"@id\":\"https:\\\/\\\/www.eldiario.net\\\/portal\\\/2024\\\/02\\\/14\\\/presidenta-de-peru-cambia-a-cuatro-ministros-de-su-gabinete\\\/#breadcrumb\",\"itemListElement\":[{\"@type\":\"ListItem\",\"position\":1,\"name\":\"Portada\",\"item\":\"https:\\\/\\\/www.eldiario.net\\\/portal\\\/\"},{\"@type\":\"ListItem\",\"position\":2,\"name\":\"Presidenta de Per\u00fa cambia a cuatro ministros de su gabinete\"}]},{\"@type\":\"WebSite\",\"@id\":\"https:\\\/\\\/www.eldiario.net\\\/portal\\\/#website\",\"url\":\"https:\\\/\\\/www.eldiario.net\\\/portal\\\/\",\"name\":\"El Diario - Decano de la prensa nacional\",\"description\":\"El Diario - Decano de la prensa nacional\",\"publisher\":{\"@id\":\"https:\\\/\\\/www.eldiario.net\\\/portal\\\/#organization\"},\"potentialAction\":[{\"@type\":\"SearchAction\",\"target\":{\"@type\":\"EntryPoint\",\"urlTemplate\":\"https:\\\/\\\/www.eldiario.net\\\/portal\\\/?s={search_term_string}\"},\"query-input\":{\"@type\":\"PropertyValueSpecification\",\"valueRequired\":true,\"valueName\":\"search_term_string\"}}],\"inLanguage\":\"es\"},{\"@type\":\"Organization\",\"@id\":\"https:\\\/\\\/www.eldiario.net\\\/portal\\\/#organization\",\"name\":\"El Diario - Decano de la prensa nacional\",\"url\":\"https:\\\/\\\/www.eldiario.net\\\/portal\\\/\",\"logo\":{\"@type\":\"ImageObject\",\"inLanguage\":\"es\",\"@id\":\"https:\\\/\\\/www.eldiario.net\\\/portal\\\/#\\\/schema\\\/logo\\\/image\\\/\",\"url\":\"https:\\\/\\\/www.eldiario.net\\\/portal\\\/wp-content\\\/uploads\\\/2023\\\/07\\\/logo_ED.jpg\",\"contentUrl\":\"https:\\\/\\\/www.eldiario.net\\\/portal\\\/wp-content\\\/uploads\\\/2023\\\/07\\\/logo_ED.jpg\",\"width\":272,\"height\":52,\"caption\":\"El Diario - Decano de la prensa nacional\"},\"image\":{\"@id\":\"https:\\\/\\\/www.eldiario.net\\\/portal\\\/#\\\/schema\\\/logo\\\/image\\\/\"},\"sameAs\":[\"https:\\\/\\\/www.facebook.com\\\/eldiario.bolivia\\\/\",\"https:\\\/\\\/x.com\\\/eldiario_net\"]},{\"@type\":\"Person\",\"@id\":\"https:\\\/\\\/www.eldiario.net\\\/portal\\\/#\\\/schema\\\/person\\\/f46445640444750d7d753ccd04ae01b7\",\"name\":\"Jeanette\",\"image\":{\"@type\":\"ImageObject\",\"inLanguage\":\"es\",\"@id\":\"https:\\\/\\\/secure.gravatar.com\\\/avatar\\\/3ea2118a5f7dad2b7138b1187a6b7ee55f160b9968b66013c3a3ef39dd7e5798?s=96&d=mm&r=g\",\"url\":\"https:\\\/\\\/secure.gravatar.com\\\/avatar\\\/3ea2118a5f7dad2b7138b1187a6b7ee55f160b9968b66013c3a3ef39dd7e5798?s=96&d=mm&r=g\",\"contentUrl\":\"https:\\\/\\\/secure.gravatar.com\\\/avatar\\\/3ea2118a5f7dad2b7138b1187a6b7ee55f160b9968b66013c3a3ef39dd7e5798?s=96&d=mm&r=g\",\"caption\":\"Jeanette\"},\"sameAs\":[\"https:\\\/\\\/www.eldiario.net\\\/portal\"],\"url\":\"https:\\\/\\\/www.eldiario.net\\\/portal\\\/author\\\/jeanette\\\/\"}]}<\/script>\n<!-- \/ Yoast SEO plugin. -->","yoast_head_json":{"title":"Presidenta de Per\u00fa cambia a cuatro ministros de su gabinete - El Diario - Bolivia","robots":{"index":"index","follow":"follow","max-snippet":"max-snippet:-1","max-image-preview":"max-image-preview:large","max-video-preview":"max-video-preview:-1"},"canonical":"https:\/\/www.eldiario.net\/portal\/2024\/02\/14\/presidenta-de-peru-cambia-a-cuatro-ministros-de-su-gabinete\/","og_locale":"es_ES","og_type":"article","og_title":"Presidenta de Per\u00fa cambia a cuatro ministros de su gabinete - El Diario - Bolivia","og_description":"La presidenta de Per\u00fa, Dina Boluarte, cambi\u00f3 ayer a cuatro ministros de su gabinete que hab\u00edan sido cuestionados por sus gestiones y ha tomado juramento a los que se encargar\u00e1n de estas carteras ministeriales, que incluyen el Ministerio de Econom\u00eda y el de Defensa. Alex Contreras dej\u00f3 el Ministerio de Econom\u00eda y Finanzas, indicando que [&hellip;]","og_url":"https:\/\/www.eldiario.net\/portal\/2024\/02\/14\/presidenta-de-peru-cambia-a-cuatro-ministros-de-su-gabinete\/","og_site_name":"El Diario - Bolivia","article_publisher":"https:\/\/www.facebook.com\/eldiario.bolivia\/","article_published_time":"2024-02-14T08:58:05+00:00","article_modified_time":"2024-02-14T08:58:38+00:00","og_image":[{"width":1000,"height":698,"url":"https:\/\/www.eldiario.net\/portal\/wp-content\/uploads\/2024\/02\/60-INTER-FOTO.jpg","type":"image\/jpeg"}],"author":"Jeanette","twitter_card":"summary_large_image","twitter_creator":"@eldiario_net","twitter_site":"@eldiario_net","twitter_misc":{"Escrito por":"Jeanette","Tiempo de lectura":"3 minutos"},"schema":{"@context":"https:\/\/schema.org","@graph":[{"@type":"Article","@id":"https:\/\/www.eldiario.net\/portal\/2024\/02\/14\/presidenta-de-peru-cambia-a-cuatro-ministros-de-su-gabinete\/#article","isPartOf":{"@id":"https:\/\/www.eldiario.net\/portal\/2024\/02\/14\/presidenta-de-peru-cambia-a-cuatro-ministros-de-su-gabinete\/"},"author":{"name":"Jeanette","@id":"https:\/\/www.eldiario.net\/portal\/#\/schema\/person\/f46445640444750d7d753ccd04ae01b7"},"headline":"Presidenta de Per\u00fa cambia a cuatro ministros de su gabinete","datePublished":"2024-02-14T08:58:05+00:00","dateModified":"2024-02-14T08:58:38+00:00","mainEntityOfPage":{"@id":"https:\/\/www.eldiario.net\/portal\/2024\/02\/14\/presidenta-de-peru-cambia-a-cuatro-ministros-de-su-gabinete\/"},"wordCount":499,"commentCount":0,"publisher":{"@id":"https:\/\/www.eldiario.net\/portal\/#organization"},"image":{"@id":"https:\/\/www.eldiario.net\/portal\/2024\/02\/14\/presidenta-de-peru-cambia-a-cuatro-ministros-de-su-gabinete\/#primaryimage"},"thumbnailUrl":"https:\/\/www.eldiario.net\/portal\/wp-content\/uploads\/2024\/02\/60-INTER-FOTO.jpg","articleSection":["Internacional"],"inLanguage":"es","potentialAction":[{"@type":"CommentAction","name":"Comment","target":["https:\/\/www.eldiario.net\/portal\/2024\/02\/14\/presidenta-de-peru-cambia-a-cuatro-ministros-de-su-gabinete\/#respond"]}]},{"@type":"WebPage","@id":"https:\/\/www.eldiario.net\/portal\/2024\/02\/14\/presidenta-de-peru-cambia-a-cuatro-ministros-de-su-gabinete\/","url":"https:\/\/www.eldiario.net\/portal\/2024\/02\/14\/presidenta-de-peru-cambia-a-cuatro-ministros-de-su-gabinete\/","name":"Presidenta de Per\u00fa cambia a cuatro ministros de su gabinete - El Diario - Bolivia","isPartOf":{"@id":"https:\/\/www.eldiario.net\/portal\/#website"},"primaryImageOfPage":{"@id":"https:\/\/www.eldiario.net\/portal\/2024\/02\/14\/presidenta-de-peru-cambia-a-cuatro-ministros-de-su-gabinete\/#primaryimage"},"image":{"@id":"https:\/\/www.eldiario.net\/portal\/2024\/02\/14\/presidenta-de-peru-cambia-a-cuatro-ministros-de-su-gabinete\/#primaryimage"},"thumbnailUrl":"https:\/\/www.eldiario.net\/portal\/wp-content\/uploads\/2024\/02\/60-INTER-FOTO.jpg","datePublished":"2024-02-14T08:58:05+00:00","dateModified":"2024-02-14T08:58:38+00:00","breadcrumb":{"@id":"https:\/\/www.eldiario.net\/portal\/2024\/02\/14\/presidenta-de-peru-cambia-a-cuatro-ministros-de-su-gabinete\/#breadcrumb"},"inLanguage":"es","potentialAction":[{"@type":"ReadAction","target":["https:\/\/www.eldiario.net\/portal\/2024\/02\/14\/presidenta-de-peru-cambia-a-cuatro-ministros-de-su-gabinete\/"]}]},{"@type":"ImageObject","inLanguage":"es","@id":"https:\/\/www.eldiario.net\/portal\/2024\/02\/14\/presidenta-de-peru-cambia-a-cuatro-ministros-de-su-gabinete\/#primaryimage","url":"https:\/\/www.eldiario.net\/portal\/wp-content\/uploads\/2024\/02\/60-INTER-FOTO.jpg","contentUrl":"https:\/\/www.eldiario.net\/portal\/wp-content\/uploads\/2024\/02\/60-INTER-FOTO.jpg","width":1000,"height":698,"caption":"La presidenta de Per\u00fa, Dina Boluarte, toma posesi\u00f3n de Walter Astudillo como ministro de Defensa. PRESIDENCIA DE PER\u00da"},{"@type":"BreadcrumbList","@id":"https:\/\/www.eldiario.net\/portal\/2024\/02\/14\/presidenta-de-peru-cambia-a-cuatro-ministros-de-su-gabinete\/#breadcrumb","itemListElement":[{"@type":"ListItem","position":1,"name":"Portada","item":"https:\/\/www.eldiario.net\/portal\/"},{"@type":"ListItem","position":2,"name":"Presidenta de Per\u00fa cambia a cuatro ministros de su gabinete"}]},{"@type":"WebSite","@id":"https:\/\/www.eldiario.net\/portal\/#website","url":"https:\/\/www.eldiario.net\/portal\/","name":"El Diario - Decano de la prensa nacional","description":"El Diario - Decano de la prensa nacional","publisher":{"@id":"https:\/\/www.eldiario.net\/portal\/#organization"},"potentialAction":[{"@type":"SearchAction","target":{"@type":"EntryPoint","urlTemplate":"https:\/\/www.eldiario.net\/portal\/?s={search_term_string}"},"query-input":{"@type":"PropertyValueSpecification","valueRequired":true,"valueName":"search_term_string"}}],"inLanguage":"es"},{"@type":"Organization","@id":"https:\/\/www.eldiario.net\/portal\/#organization","name":"El Diario - Decano de la prensa nacional","url":"https:\/\/www.eldiario.net\/portal\/","logo":{"@type":"ImageObject","inLanguage":"es","@id":"https:\/\/www.eldiario.net\/portal\/#\/schema\/logo\/image\/","url":"https:\/\/www.eldiario.net\/portal\/wp-content\/uploads\/2023\/07\/logo_ED.jpg","contentUrl":"https:\/\/www.eldiario.net\/portal\/wp-content\/uploads\/2023\/07\/logo_ED.jpg","width":272,"height":52,"caption":"El Diario - Decano de la prensa nacional"},"image":{"@id":"https:\/\/www.eldiario.net\/portal\/#\/schema\/logo\/image\/"},"sameAs":["https:\/\/www.facebook.com\/eldiario.bolivia\/","https:\/\/x.com\/eldiario_net"]},{"@type":"Person","@id":"https:\/\/www.eldiario.net\/portal\/#\/schema\/person\/f46445640444750d7d753ccd04ae01b7","name":"Jeanette","image":{"@type":"ImageObject","inLanguage":"es","@id":"https:\/\/secure.gravatar.com\/avatar\/3ea2118a5f7dad2b7138b1187a6b7ee55f160b9968b66013c3a3ef39dd7e5798?s=96&d=mm&r=g","url":"https:\/\/secure.gravatar.com\/avatar\/3ea2118a5f7dad2b7138b1187a6b7ee55f160b9968b66013c3a3ef39dd7e5798?s=96&d=mm&r=g","contentUrl":"https:\/\/secure.gravatar.com\/avatar\/3ea2118a5f7dad2b7138b1187a6b7ee55f160b9968b66013c3a3ef39dd7e5798?s=96&d=mm&r=g","caption":"Jeanette"},"sameAs":["https:\/\/www.eldiario.net\/portal"],"url":"https:\/\/www.eldiario.net\/portal\/author\/jeanette\/"}]}},"_links":{"self":[{"href":"https:\/\/www.eldiario.net\/portal\/wp-json\/wp\/v2\/posts\/202972","targetHints":{"allow":["GET"]}}],"collection":[{"href":"https:\/\/www.eldiario.net\/portal\/wp-json\/wp\/v2\/posts"}],"about":[{"href":"https:\/\/www.eldiario.net\/portal\/wp-json\/wp\/v2\/types\/post"}],"author":[{"embeddable":true,"href":"https:\/\/www.eldiario.net\/portal\/wp-json\/wp\/v2\/users\/1"}],"replies":[{"embeddable":true,"href":"https:\/\/www.eldiario.net\/portal\/wp-json\/wp\/v2\/comments?post=202972"}],"version-history":[{"count":1,"href":"https:\/\/www.eldiario.net\/portal\/wp-json\/wp\/v2\/posts\/202972\/revisions"}],"predecessor-version":[{"id":202973,"href":"https:\/\/www.eldiario.net\/portal\/wp-json\/wp\/v2\/posts\/202972\/revisions\/202973"}],"wp:featuredmedia":[{"embeddable":true,"href":"https:\/\/www.eldiario.net\/portal\/wp-json\/wp\/v2\/media\/202974"}],"wp:attachment":[{"href":"https:\/\/www.eldiario.net\/portal\/wp-json\/wp\/v2\/media?parent=202972"}],"wp:term":[{"taxonomy":"category","embeddable":true,"href":"https:\/\/www.eldiario.net\/portal\/wp-json\/wp\/v2\/categories?post=202972"},{"taxonomy":"post_tag","embeddable":true,"href":"https:\/\/www.eldiario.net\/portal\/wp-json\/wp\/v2\/tags?post=202972"}],"curies":[{"name":"wp","href":"https:\/\/api.w.org\/{rel}","templated":true}]}}