{"id":202650,"date":"2024-02-12T06:57:37","date_gmt":"2024-02-12T10:57:37","guid":{"rendered":"https:\/\/www.eldiario.net\/portal\/?p=202650"},"modified":"2024-02-12T06:57:37","modified_gmt":"2024-02-12T10:57:37","slug":"arcistas-no-pueden-condicionar-tratamiento-de-leyes-antiprorroga","status":"publish","type":"post","link":"https:\/\/www.eldiario.net\/portal\/2024\/02\/12\/arcistas-no-pueden-condicionar-tratamiento-de-leyes-antiprorroga\/","title":{"rendered":"\u201cArcistas\u201d no pueden condicionar  tratamiento de leyes antipr\u00f3rroga"},"content":{"rendered":"<p>La senadora por Creemos, Centa Rek, asegur\u00f3 que el ala \u201carcista\u201d del Movimiento al Socialismo (MAS) no est\u00e1 en posici\u00f3n de condicionar el orden de tratamiento legislativo para cr\u00e9ditos antes que los proyectos de ley 073 y 075, contra la pr\u00f3rroga en el \u00d3rgano Judicial, al recordar que existen acuerdos firmados por las tres fuerzas pol\u00edticas en la Asamblea Legislativa Plurinacional (ALP).<br \/>\nIndic\u00f3 que existe un acuerdo firmado en la Vicepresidencia del Estado, el pasado viernes, por las tres fuerzas pol\u00edticas con representaci\u00f3n parlamentaria, el mismo que tiene que ser cumplido por todas las partes que suscribieron el referido pacto.<br \/>\n\u201cPrimero se tienen que tratar los proyectos de ley 073 y 075, definir esa situaci\u00f3n de cara al pa\u00eds y luego se tratar\u00e1n los cr\u00e9ditos. No tienen por qu\u00e9 seguir boicoteando, manipulando y generando una situaci\u00f3n delincuencial dentro del \u00d3rgano Legislativo, porque ellos tienen prioridades que no son las prioridades con las cuales firmaron este acuerdo\u201d, se\u00f1al\u00f3.<br \/>\nConsultada si son delincuenciales las maniobras que pretenden aplicar los parlamentarios \u201carcistas\u201d en la C\u00e1mara de Diputados para alterar el Orden del D\u00eda y el orden de tratamiento de los proyectos de ley acordados previamente, Rek sostuvo que es \u201cl\u00f3gico\u201d, pues con la firma de un compromiso se compromete la fe del Estado para evitar cambios de escenario o hacer un \u201cdibujo libre\u201d dentro de la Asamblea Legislativa.<br \/>\nAsegur\u00f3 que desde la oposici\u00f3n se exige el cumplimiento de acuerdos mediante el tratamiento y aprobaci\u00f3n inmediata de los Proyectos de Ley 075\/2023-2024 C.S. \u201cLey para restablecer la plena vigencia de los art\u00edculos 183, 188 iii, 194 iii y 200 de la Constituci\u00f3n Pol\u00edtica del Estado\u201d y 073\/2023-2024 C.S. \u201cLey de suspensi\u00f3n de plazos procesales y continuidad jurisdiccional del \u00d3rgano Judicial y Tribunal Constitucional Plurinacional\u201d; antes que la aprobaci\u00f3n de siete cr\u00e9ditos que incrementar\u00e1n la deuda externa del pa\u00eds en m\u00e1s de $us 700 millones.<br \/>\nRek concluy\u00f3 se\u00f1alando que los intentos del ala \u201carcista\u201d en el MAS solo buscan utilizar al Parlamento para legalizar el cogobierno entre el \u00d3rgano Ejecutivo y un ilegal TCP.<br \/>\nEl pasado jueves, tras m\u00e1s de seis horas de discusi\u00f3n para modificar el Orden del D\u00eda de la 48 sesi\u00f3n ordinaria de la C\u00e1mara de diputados, convocada para tratar proyectos de ley de la agenda econ\u00f3mica y las propuestas de normativa para contrarrestar la pr\u00f3rroga de Magistrados, se determin\u00f3 suspender el encuentro, dejando el an\u00e1lisis de estos temas para despu\u00e9s de las fiestas del Carnaval.<br \/>\nAntes de esta suspensi\u00f3n, el ala \u201carcista\u201d del MAS exig\u00eda que primero se aprueben nuevos cr\u00e9ditos internacionales, mientras que opositores y el ala \u201cevista\u201d del oficialismo se manten\u00edan en la l\u00ednea de priorizar el debate sobre el cese a la pr\u00f3rroga judicial, como se acord\u00f3 en el segundo punto del acuerdo suscrito por la \u201cComisi\u00f3n Bicamaral Multipartidaria\u201d el pasado viernes 2 de febrero.<br \/>\n\u201cRespecto a los proyectos de ley 073 y 075, los mismos ser\u00e1n tratados, por tiempo y materia, en la C\u00e1mara de Diputados en la sesi\u00f3n siguiente a la aprobaci\u00f3n del proyecto de ley 144, y de al menos cuatro de los proyectos de ley de la agenda econ\u00f3mica\u201d, se\u00f1ala el documento.<\/p>\n","protected":false},"excerpt":{"rendered":"<p>La senadora por Creemos, Centa Rek, asegur\u00f3 que el ala \u201carcista\u201d del Movimiento al Socialismo (MAS) no est\u00e1 en posici\u00f3n de condicionar el orden de tratamiento legislativo para cr\u00e9ditos antes que los proyectos de ley 073 y 075, contra la pr\u00f3rroga en el \u00d3rgano Judicial, al recordar que existen acuerdos firmados por las tres fuerzas [&hellip;]<\/p>\n","protected":false},"author":1,"featured_media":202651,"comment_status":"open","ping_status":"open","sticky":false,"template":"","format":"standard","meta":{"_acf_changed":false,"footnotes":""},"categories":[14],"tags":[],"class_list":["post-202650","post","type-post","status-publish","format-standard","has-post-thumbnail","category-politica"],"acf":{"antetitulo":"Se deben respetar acuerdos"},"yoast_head":"<!-- This site is optimized with the Yoast SEO plugin v28.3 - https:\/\/yoast.com\/product\/yoast-seo-wordpress\/ -->\n<title>\u201cArcistas\u201d no pueden condicionar tratamiento de leyes antipr\u00f3rroga - El Diario - Bolivia<\/title>\n<meta name=\"robots\" content=\"index, follow, max-snippet:-1, max-image-preview:large, max-video-preview:-1\" \/>\n<link rel=\"canonical\" href=\"https:\/\/www.eldiario.net\/portal\/2024\/02\/12\/arcistas-no-pueden-condicionar-tratamiento-de-leyes-antiprorroga\/\" \/>\n<meta property=\"og:locale\" content=\"es_ES\" \/>\n<meta property=\"og:type\" content=\"article\" \/>\n<meta property=\"og:title\" content=\"\u201cArcistas\u201d no pueden condicionar tratamiento de leyes antipr\u00f3rroga - El Diario - Bolivia\" \/>\n<meta property=\"og:description\" content=\"La senadora por Creemos, Centa Rek, asegur\u00f3 que el ala \u201carcista\u201d del Movimiento al Socialismo (MAS) no est\u00e1 en posici\u00f3n de condicionar el orden de tratamiento legislativo para cr\u00e9ditos antes que los proyectos de ley 073 y 075, contra la pr\u00f3rroga en el \u00d3rgano Judicial, al recordar que existen acuerdos firmados por las tres fuerzas [&hellip;]\" \/>\n<meta property=\"og:url\" content=\"https:\/\/www.eldiario.net\/portal\/2024\/02\/12\/arcistas-no-pueden-condicionar-tratamiento-de-leyes-antiprorroga\/\" \/>\n<meta property=\"og:site_name\" content=\"El Diario - Bolivia\" \/>\n<meta property=\"article:publisher\" content=\"https:\/\/www.facebook.com\/eldiario.bolivia\/\" \/>\n<meta property=\"article:published_time\" content=\"2024-02-12T10:57:37+00:00\" \/>\n<meta property=\"og:image\" content=\"https:\/\/www.eldiario.net\/portal\/wp-content\/uploads\/2024\/02\/CONDICIONAR-REK.jpg\" \/>\n\t<meta property=\"og:image:width\" content=\"1280\" \/>\n\t<meta property=\"og:image:height\" content=\"720\" \/>\n\t<meta property=\"og:image:type\" content=\"image\/jpeg\" \/>\n<meta name=\"author\" content=\"Jeanette\" \/>\n<meta name=\"twitter:card\" content=\"summary_large_image\" \/>\n<meta name=\"twitter:creator\" content=\"@eldiario_net\" \/>\n<meta name=\"twitter:site\" content=\"@eldiario_net\" \/>\n<meta name=\"twitter:label1\" content=\"Escrito por\" \/>\n\t<meta name=\"twitter:data1\" content=\"Jeanette\" \/>\n\t<meta name=\"twitter:label2\" content=\"Tiempo de lectura\" \/>\n\t<meta name=\"twitter:data2\" content=\"3 minutos\" \/>\n<script type=\"application\/ld+json\" class=\"yoast-schema-graph\">{\"@context\":\"https:\\\/\\\/schema.org\",\"@graph\":[{\"@type\":\"Article\",\"@id\":\"https:\\\/\\\/www.eldiario.net\\\/portal\\\/2024\\\/02\\\/12\\\/arcistas-no-pueden-condicionar-tratamiento-de-leyes-antiprorroga\\\/#article\",\"isPartOf\":{\"@id\":\"https:\\\/\\\/www.eldiario.net\\\/portal\\\/2024\\\/02\\\/12\\\/arcistas-no-pueden-condicionar-tratamiento-de-leyes-antiprorroga\\\/\"},\"author\":{\"name\":\"Jeanette\",\"@id\":\"https:\\\/\\\/www.eldiario.net\\\/portal\\\/#\\\/schema\\\/person\\\/f46445640444750d7d753ccd04ae01b7\"},\"headline\":\"\u201cArcistas\u201d no pueden condicionar tratamiento de leyes antipr\u00f3rroga\",\"datePublished\":\"2024-02-12T10:57:37+00:00\",\"mainEntityOfPage\":{\"@id\":\"https:\\\/\\\/www.eldiario.net\\\/portal\\\/2024\\\/02\\\/12\\\/arcistas-no-pueden-condicionar-tratamiento-de-leyes-antiprorroga\\\/\"},\"wordCount\":564,\"commentCount\":0,\"publisher\":{\"@id\":\"https:\\\/\\\/www.eldiario.net\\\/portal\\\/#organization\"},\"image\":{\"@id\":\"https:\\\/\\\/www.eldiario.net\\\/portal\\\/2024\\\/02\\\/12\\\/arcistas-no-pueden-condicionar-tratamiento-de-leyes-antiprorroga\\\/#primaryimage\"},\"thumbnailUrl\":\"https:\\\/\\\/www.eldiario.net\\\/portal\\\/wp-content\\\/uploads\\\/2024\\\/02\\\/CONDICIONAR-REK.jpg\",\"articleSection\":[\"Pol\u00edtica\"],\"inLanguage\":\"es\",\"potentialAction\":[{\"@type\":\"CommentAction\",\"name\":\"Comment\",\"target\":[\"https:\\\/\\\/www.eldiario.net\\\/portal\\\/2024\\\/02\\\/12\\\/arcistas-no-pueden-condicionar-tratamiento-de-leyes-antiprorroga\\\/#respond\"]}]},{\"@type\":\"WebPage\",\"@id\":\"https:\\\/\\\/www.eldiario.net\\\/portal\\\/2024\\\/02\\\/12\\\/arcistas-no-pueden-condicionar-tratamiento-de-leyes-antiprorroga\\\/\",\"url\":\"https:\\\/\\\/www.eldiario.net\\\/portal\\\/2024\\\/02\\\/12\\\/arcistas-no-pueden-condicionar-tratamiento-de-leyes-antiprorroga\\\/\",\"name\":\"\u201cArcistas\u201d no pueden condicionar tratamiento de leyes antipr\u00f3rroga - El Diario - Bolivia\",\"isPartOf\":{\"@id\":\"https:\\\/\\\/www.eldiario.net\\\/portal\\\/#website\"},\"primaryImageOfPage\":{\"@id\":\"https:\\\/\\\/www.eldiario.net\\\/portal\\\/2024\\\/02\\\/12\\\/arcistas-no-pueden-condicionar-tratamiento-de-leyes-antiprorroga\\\/#primaryimage\"},\"image\":{\"@id\":\"https:\\\/\\\/www.eldiario.net\\\/portal\\\/2024\\\/02\\\/12\\\/arcistas-no-pueden-condicionar-tratamiento-de-leyes-antiprorroga\\\/#primaryimage\"},\"thumbnailUrl\":\"https:\\\/\\\/www.eldiario.net\\\/portal\\\/wp-content\\\/uploads\\\/2024\\\/02\\\/CONDICIONAR-REK.jpg\",\"datePublished\":\"2024-02-12T10:57:37+00:00\",\"breadcrumb\":{\"@id\":\"https:\\\/\\\/www.eldiario.net\\\/portal\\\/2024\\\/02\\\/12\\\/arcistas-no-pueden-condicionar-tratamiento-de-leyes-antiprorroga\\\/#breadcrumb\"},\"inLanguage\":\"es\",\"potentialAction\":[{\"@type\":\"ReadAction\",\"target\":[\"https:\\\/\\\/www.eldiario.net\\\/portal\\\/2024\\\/02\\\/12\\\/arcistas-no-pueden-condicionar-tratamiento-de-leyes-antiprorroga\\\/\"]}]},{\"@type\":\"ImageObject\",\"inLanguage\":\"es\",\"@id\":\"https:\\\/\\\/www.eldiario.net\\\/portal\\\/2024\\\/02\\\/12\\\/arcistas-no-pueden-condicionar-tratamiento-de-leyes-antiprorroga\\\/#primaryimage\",\"url\":\"https:\\\/\\\/www.eldiario.net\\\/portal\\\/wp-content\\\/uploads\\\/2024\\\/02\\\/CONDICIONAR-REK.jpg\",\"contentUrl\":\"https:\\\/\\\/www.eldiario.net\\\/portal\\\/wp-content\\\/uploads\\\/2024\\\/02\\\/CONDICIONAR-REK.jpg\",\"width\":1280,\"height\":720,\"caption\":\"Senadora Centa Rek.\"},{\"@type\":\"BreadcrumbList\",\"@id\":\"https:\\\/\\\/www.eldiario.net\\\/portal\\\/2024\\\/02\\\/12\\\/arcistas-no-pueden-condicionar-tratamiento-de-leyes-antiprorroga\\\/#breadcrumb\",\"itemListElement\":[{\"@type\":\"ListItem\",\"position\":1,\"name\":\"Portada\",\"item\":\"https:\\\/\\\/www.eldiario.net\\\/portal\\\/\"},{\"@type\":\"ListItem\",\"position\":2,\"name\":\"\u201cArcistas\u201d no pueden condicionar tratamiento de leyes antipr\u00f3rroga\"}]},{\"@type\":\"WebSite\",\"@id\":\"https:\\\/\\\/www.eldiario.net\\\/portal\\\/#website\",\"url\":\"https:\\\/\\\/www.eldiario.net\\\/portal\\\/\",\"name\":\"El Diario - Decano de la prensa nacional\",\"description\":\"El Diario - Decano de la prensa nacional\",\"publisher\":{\"@id\":\"https:\\\/\\\/www.eldiario.net\\\/portal\\\/#organization\"},\"potentialAction\":[{\"@type\":\"SearchAction\",\"target\":{\"@type\":\"EntryPoint\",\"urlTemplate\":\"https:\\\/\\\/www.eldiario.net\\\/portal\\\/?s={search_term_string}\"},\"query-input\":{\"@type\":\"PropertyValueSpecification\",\"valueRequired\":true,\"valueName\":\"search_term_string\"}}],\"inLanguage\":\"es\"},{\"@type\":\"Organization\",\"@id\":\"https:\\\/\\\/www.eldiario.net\\\/portal\\\/#organization\",\"name\":\"El Diario - Decano de la prensa nacional\",\"url\":\"https:\\\/\\\/www.eldiario.net\\\/portal\\\/\",\"logo\":{\"@type\":\"ImageObject\",\"inLanguage\":\"es\",\"@id\":\"https:\\\/\\\/www.eldiario.net\\\/portal\\\/#\\\/schema\\\/logo\\\/image\\\/\",\"url\":\"https:\\\/\\\/www.eldiario.net\\\/portal\\\/wp-content\\\/uploads\\\/2023\\\/07\\\/logo_ED.jpg\",\"contentUrl\":\"https:\\\/\\\/www.eldiario.net\\\/portal\\\/wp-content\\\/uploads\\\/2023\\\/07\\\/logo_ED.jpg\",\"width\":272,\"height\":52,\"caption\":\"El Diario - Decano de la prensa nacional\"},\"image\":{\"@id\":\"https:\\\/\\\/www.eldiario.net\\\/portal\\\/#\\\/schema\\\/logo\\\/image\\\/\"},\"sameAs\":[\"https:\\\/\\\/www.facebook.com\\\/eldiario.bolivia\\\/\",\"https:\\\/\\\/x.com\\\/eldiario_net\"]},{\"@type\":\"Person\",\"@id\":\"https:\\\/\\\/www.eldiario.net\\\/portal\\\/#\\\/schema\\\/person\\\/f46445640444750d7d753ccd04ae01b7\",\"name\":\"Jeanette\",\"image\":{\"@type\":\"ImageObject\",\"inLanguage\":\"es\",\"@id\":\"https:\\\/\\\/secure.gravatar.com\\\/avatar\\\/3ea2118a5f7dad2b7138b1187a6b7ee55f160b9968b66013c3a3ef39dd7e5798?s=96&d=mm&r=g\",\"url\":\"https:\\\/\\\/secure.gravatar.com\\\/avatar\\\/3ea2118a5f7dad2b7138b1187a6b7ee55f160b9968b66013c3a3ef39dd7e5798?s=96&d=mm&r=g\",\"contentUrl\":\"https:\\\/\\\/secure.gravatar.com\\\/avatar\\\/3ea2118a5f7dad2b7138b1187a6b7ee55f160b9968b66013c3a3ef39dd7e5798?s=96&d=mm&r=g\",\"caption\":\"Jeanette\"},\"sameAs\":[\"https:\\\/\\\/www.eldiario.net\\\/portal\"],\"url\":\"https:\\\/\\\/www.eldiario.net\\\/portal\\\/author\\\/jeanette\\\/\"}]}<\/script>\n<!-- \/ Yoast SEO plugin. -->","yoast_head_json":{"title":"\u201cArcistas\u201d no pueden condicionar tratamiento de leyes antipr\u00f3rroga - El Diario - Bolivia","robots":{"index":"index","follow":"follow","max-snippet":"max-snippet:-1","max-image-preview":"max-image-preview:large","max-video-preview":"max-video-preview:-1"},"canonical":"https:\/\/www.eldiario.net\/portal\/2024\/02\/12\/arcistas-no-pueden-condicionar-tratamiento-de-leyes-antiprorroga\/","og_locale":"es_ES","og_type":"article","og_title":"\u201cArcistas\u201d no pueden condicionar tratamiento de leyes antipr\u00f3rroga - El Diario - Bolivia","og_description":"La senadora por Creemos, Centa Rek, asegur\u00f3 que el ala \u201carcista\u201d del Movimiento al Socialismo (MAS) no est\u00e1 en posici\u00f3n de condicionar el orden de tratamiento legislativo para cr\u00e9ditos antes que los proyectos de ley 073 y 075, contra la pr\u00f3rroga en el \u00d3rgano Judicial, al recordar que existen acuerdos firmados por las tres fuerzas [&hellip;]","og_url":"https:\/\/www.eldiario.net\/portal\/2024\/02\/12\/arcistas-no-pueden-condicionar-tratamiento-de-leyes-antiprorroga\/","og_site_name":"El Diario - Bolivia","article_publisher":"https:\/\/www.facebook.com\/eldiario.bolivia\/","article_published_time":"2024-02-12T10:57:37+00:00","og_image":[{"width":1280,"height":720,"url":"https:\/\/www.eldiario.net\/portal\/wp-content\/uploads\/2024\/02\/CONDICIONAR-REK.jpg","type":"image\/jpeg"}],"author":"Jeanette","twitter_card":"summary_large_image","twitter_creator":"@eldiario_net","twitter_site":"@eldiario_net","twitter_misc":{"Escrito por":"Jeanette","Tiempo de lectura":"3 minutos"},"schema":{"@context":"https:\/\/schema.org","@graph":[{"@type":"Article","@id":"https:\/\/www.eldiario.net\/portal\/2024\/02\/12\/arcistas-no-pueden-condicionar-tratamiento-de-leyes-antiprorroga\/#article","isPartOf":{"@id":"https:\/\/www.eldiario.net\/portal\/2024\/02\/12\/arcistas-no-pueden-condicionar-tratamiento-de-leyes-antiprorroga\/"},"author":{"name":"Jeanette","@id":"https:\/\/www.eldiario.net\/portal\/#\/schema\/person\/f46445640444750d7d753ccd04ae01b7"},"headline":"\u201cArcistas\u201d no pueden condicionar tratamiento de leyes antipr\u00f3rroga","datePublished":"2024-02-12T10:57:37+00:00","mainEntityOfPage":{"@id":"https:\/\/www.eldiario.net\/portal\/2024\/02\/12\/arcistas-no-pueden-condicionar-tratamiento-de-leyes-antiprorroga\/"},"wordCount":564,"commentCount":0,"publisher":{"@id":"https:\/\/www.eldiario.net\/portal\/#organization"},"image":{"@id":"https:\/\/www.eldiario.net\/portal\/2024\/02\/12\/arcistas-no-pueden-condicionar-tratamiento-de-leyes-antiprorroga\/#primaryimage"},"thumbnailUrl":"https:\/\/www.eldiario.net\/portal\/wp-content\/uploads\/2024\/02\/CONDICIONAR-REK.jpg","articleSection":["Pol\u00edtica"],"inLanguage":"es","potentialAction":[{"@type":"CommentAction","name":"Comment","target":["https:\/\/www.eldiario.net\/portal\/2024\/02\/12\/arcistas-no-pueden-condicionar-tratamiento-de-leyes-antiprorroga\/#respond"]}]},{"@type":"WebPage","@id":"https:\/\/www.eldiario.net\/portal\/2024\/02\/12\/arcistas-no-pueden-condicionar-tratamiento-de-leyes-antiprorroga\/","url":"https:\/\/www.eldiario.net\/portal\/2024\/02\/12\/arcistas-no-pueden-condicionar-tratamiento-de-leyes-antiprorroga\/","name":"\u201cArcistas\u201d no pueden condicionar tratamiento de leyes antipr\u00f3rroga - El Diario - Bolivia","isPartOf":{"@id":"https:\/\/www.eldiario.net\/portal\/#website"},"primaryImageOfPage":{"@id":"https:\/\/www.eldiario.net\/portal\/2024\/02\/12\/arcistas-no-pueden-condicionar-tratamiento-de-leyes-antiprorroga\/#primaryimage"},"image":{"@id":"https:\/\/www.eldiario.net\/portal\/2024\/02\/12\/arcistas-no-pueden-condicionar-tratamiento-de-leyes-antiprorroga\/#primaryimage"},"thumbnailUrl":"https:\/\/www.eldiario.net\/portal\/wp-content\/uploads\/2024\/02\/CONDICIONAR-REK.jpg","datePublished":"2024-02-12T10:57:37+00:00","breadcrumb":{"@id":"https:\/\/www.eldiario.net\/portal\/2024\/02\/12\/arcistas-no-pueden-condicionar-tratamiento-de-leyes-antiprorroga\/#breadcrumb"},"inLanguage":"es","potentialAction":[{"@type":"ReadAction","target":["https:\/\/www.eldiario.net\/portal\/2024\/02\/12\/arcistas-no-pueden-condicionar-tratamiento-de-leyes-antiprorroga\/"]}]},{"@type":"ImageObject","inLanguage":"es","@id":"https:\/\/www.eldiario.net\/portal\/2024\/02\/12\/arcistas-no-pueden-condicionar-tratamiento-de-leyes-antiprorroga\/#primaryimage","url":"https:\/\/www.eldiario.net\/portal\/wp-content\/uploads\/2024\/02\/CONDICIONAR-REK.jpg","contentUrl":"https:\/\/www.eldiario.net\/portal\/wp-content\/uploads\/2024\/02\/CONDICIONAR-REK.jpg","width":1280,"height":720,"caption":"Senadora Centa Rek."},{"@type":"BreadcrumbList","@id":"https:\/\/www.eldiario.net\/portal\/2024\/02\/12\/arcistas-no-pueden-condicionar-tratamiento-de-leyes-antiprorroga\/#breadcrumb","itemListElement":[{"@type":"ListItem","position":1,"name":"Portada","item":"https:\/\/www.eldiario.net\/portal\/"},{"@type":"ListItem","position":2,"name":"\u201cArcistas\u201d no pueden condicionar tratamiento de leyes antipr\u00f3rroga"}]},{"@type":"WebSite","@id":"https:\/\/www.eldiario.net\/portal\/#website","url":"https:\/\/www.eldiario.net\/portal\/","name":"El Diario - Decano de la prensa nacional","description":"El Diario - Decano de la prensa nacional","publisher":{"@id":"https:\/\/www.eldiario.net\/portal\/#organization"},"potentialAction":[{"@type":"SearchAction","target":{"@type":"EntryPoint","urlTemplate":"https:\/\/www.eldiario.net\/portal\/?s={search_term_string}"},"query-input":{"@type":"PropertyValueSpecification","valueRequired":true,"valueName":"search_term_string"}}],"inLanguage":"es"},{"@type":"Organization","@id":"https:\/\/www.eldiario.net\/portal\/#organization","name":"El Diario - Decano de la prensa nacional","url":"https:\/\/www.eldiario.net\/portal\/","logo":{"@type":"ImageObject","inLanguage":"es","@id":"https:\/\/www.eldiario.net\/portal\/#\/schema\/logo\/image\/","url":"https:\/\/www.eldiario.net\/portal\/wp-content\/uploads\/2023\/07\/logo_ED.jpg","contentUrl":"https:\/\/www.eldiario.net\/portal\/wp-content\/uploads\/2023\/07\/logo_ED.jpg","width":272,"height":52,"caption":"El Diario - Decano de la prensa nacional"},"image":{"@id":"https:\/\/www.eldiario.net\/portal\/#\/schema\/logo\/image\/"},"sameAs":["https:\/\/www.facebook.com\/eldiario.bolivia\/","https:\/\/x.com\/eldiario_net"]},{"@type":"Person","@id":"https:\/\/www.eldiario.net\/portal\/#\/schema\/person\/f46445640444750d7d753ccd04ae01b7","name":"Jeanette","image":{"@type":"ImageObject","inLanguage":"es","@id":"https:\/\/secure.gravatar.com\/avatar\/3ea2118a5f7dad2b7138b1187a6b7ee55f160b9968b66013c3a3ef39dd7e5798?s=96&d=mm&r=g","url":"https:\/\/secure.gravatar.com\/avatar\/3ea2118a5f7dad2b7138b1187a6b7ee55f160b9968b66013c3a3ef39dd7e5798?s=96&d=mm&r=g","contentUrl":"https:\/\/secure.gravatar.com\/avatar\/3ea2118a5f7dad2b7138b1187a6b7ee55f160b9968b66013c3a3ef39dd7e5798?s=96&d=mm&r=g","caption":"Jeanette"},"sameAs":["https:\/\/www.eldiario.net\/portal"],"url":"https:\/\/www.eldiario.net\/portal\/author\/jeanette\/"}]}},"_links":{"self":[{"href":"https:\/\/www.eldiario.net\/portal\/wp-json\/wp\/v2\/posts\/202650","targetHints":{"allow":["GET"]}}],"collection":[{"href":"https:\/\/www.eldiario.net\/portal\/wp-json\/wp\/v2\/posts"}],"about":[{"href":"https:\/\/www.eldiario.net\/portal\/wp-json\/wp\/v2\/types\/post"}],"author":[{"embeddable":true,"href":"https:\/\/www.eldiario.net\/portal\/wp-json\/wp\/v2\/users\/1"}],"replies":[{"embeddable":true,"href":"https:\/\/www.eldiario.net\/portal\/wp-json\/wp\/v2\/comments?post=202650"}],"version-history":[{"count":1,"href":"https:\/\/www.eldiario.net\/portal\/wp-json\/wp\/v2\/posts\/202650\/revisions"}],"predecessor-version":[{"id":202652,"href":"https:\/\/www.eldiario.net\/portal\/wp-json\/wp\/v2\/posts\/202650\/revisions\/202652"}],"wp:featuredmedia":[{"embeddable":true,"href":"https:\/\/www.eldiario.net\/portal\/wp-json\/wp\/v2\/media\/202651"}],"wp:attachment":[{"href":"https:\/\/www.eldiario.net\/portal\/wp-json\/wp\/v2\/media?parent=202650"}],"wp:term":[{"taxonomy":"category","embeddable":true,"href":"https:\/\/www.eldiario.net\/portal\/wp-json\/wp\/v2\/categories?post=202650"},{"taxonomy":"post_tag","embeddable":true,"href":"https:\/\/www.eldiario.net\/portal\/wp-json\/wp\/v2\/tags?post=202650"}],"curies":[{"name":"wp","href":"https:\/\/api.w.org\/{rel}","templated":true}]}}