{"id":202647,"date":"2024-02-12T06:56:48","date_gmt":"2024-02-12T10:56:48","guid":{"rendered":"https:\/\/www.eldiario.net\/portal\/?p=202647"},"modified":"2024-02-12T06:56:48","modified_gmt":"2024-02-12T10:56:48","slug":"afirman-que-la-procuraduria-es-otro-ejemplo-de-intromision-del-ejecutivo","status":"publish","type":"post","link":"https:\/\/www.eldiario.net\/portal\/2024\/02\/12\/afirman-que-la-procuraduria-es-otro-ejemplo-de-intromision-del-ejecutivo\/","title":{"rendered":"Afirman que la Procuradur\u00eda es otro  ejemplo de intromisi\u00f3n del Ejecutivo"},"content":{"rendered":"<p>El diputado por Comunidad Ciudadana (CC), Jos\u00e9 Manuel Ormachea, se\u00f1al\u00f3 que el Procurador C\u00e9sar Siles es la encarnaci\u00f3n de la intromisi\u00f3n del Ejecutivo en los dem\u00e1s \u00f3rganos e instituciones del Estado, debido a sus \u00faltimas declaraciones que se\u00f1alan que una posible aprobaci\u00f3n del Proyecto de Ley 075, contra la pr\u00f3rroga de magistrados, derivar\u00e1 en una declaratoria de inconstitucionalidad, por parte del Tribunal Constitucional Plurinacional (TCP).<br \/>\nOrmachea, desde sus redes sociales, cuestion\u00f3 que siendo Siles un funcionario \u201cpuesto a dedo\u201d por el Presidente, se adelante a emitir criterios \u201csin rubor alguno\u201d, sobre lo que posiblemente llegue a disponer el TCP respecto a la ley para la cesaci\u00f3n de funciones de las actuales cabezas de la justicia, prorrogadas inconstitucionalmente en diciembre del a\u00f1o pasado.<br \/>\n\u201cHasta el nefasto de Evo Morales guardaba las formas y procuraba hacerse el desentendido, cuando le preguntaban si controlaba la justicia. En cambio, el arcismo ha decidido ir por el pu\u00f1o de hierro. S\u00f3lo les falta que los jueces y magistrados griten gloria a Arce, pr\u00f3cer de la industrializaci\u00f3n\u201d, expres\u00f3 Ormachea por su cuenta de X (Twitter).<br \/>\nAsegur\u00f3 que a pesar de todos los intentos del oficialismo para oponerse a toda acci\u00f3n que busque alejar de sus cargos a los magistrados cuestionados por ocupar funciones que ya no les competen, en la oposici\u00f3n siempre habr\u00e1 una respuesta proporcional. \u201cSi insisten, van a caer en peores condiciones. No habr\u00e1 cr\u00e9ditos\u201d, concluy\u00f3.<br \/>\nLa semana pasada, el procurador general del Estado, C\u00e9sar Siles, advirti\u00f3 que s\u00ed el Parlamento llega aprobar el Proyecto de Ley 075, sobre la pr\u00f3rroga de Magistrados, \u00e9sta deber\u00e1 ser declarada inconstitucional por parte del TCP. \u201cCorresponder\u00e1 seguramente una declaratoria de inconstitucionalidad a ese proyecto de ley por el Tribunal Constitucional\u201d, indic\u00f3 la autoridad.<br \/>\nRecordando que los fallos del TCP tienen un car\u00e1cter vinculante y de cumplimiento obligatorio para todas las autoridades, servidores p\u00fablicos e incluso para los particulares, Siles precis\u00f3 que los proyectos 073 y 075 son un claro ejemplo de \u201cincumplimiento\u201d, pues va en contra del art\u00edculo 12 de la Constituci\u00f3n Pol\u00edtica del Estado con relaci\u00f3n a la separaci\u00f3n de poderes.<br \/>\n\u201cEstemos o no de acuerdo con el Tribunal Constitucional, lo cierto es que ese fallo no puede ser modificado, m\u00e1s que con otra decisi\u00f3n. Aclarar, adem\u00e1s, es de conocimiento p\u00fablico, el Tribunal Constitucional es el m\u00e1ximo int\u00e9rprete de la Constituci\u00f3n. No existe otra autoridad que pueda interpretar la Constituci\u00f3n que no sea ese \u00f3rgano jurisdiccional\u201d, indic\u00f3.<\/p>\n","protected":false},"excerpt":{"rendered":"<p>El diputado por Comunidad Ciudadana (CC), Jos\u00e9 Manuel Ormachea, se\u00f1al\u00f3 que el Procurador C\u00e9sar Siles es la encarnaci\u00f3n de la intromisi\u00f3n del Ejecutivo en los dem\u00e1s \u00f3rganos e instituciones del Estado, debido a sus \u00faltimas declaraciones que se\u00f1alan que una posible aprobaci\u00f3n del Proyecto de Ley 075, contra la pr\u00f3rroga de magistrados, derivar\u00e1 en una [&hellip;]<\/p>\n","protected":false},"author":1,"featured_media":202648,"comment_status":"open","ping_status":"open","sticky":false,"template":"","format":"standard","meta":{"_acf_changed":false,"footnotes":""},"categories":[14],"tags":[],"class_list":["post-202647","post","type-post","status-publish","format-standard","has-post-thumbnail","category-politica"],"acf":{"antetitulo":"En otros \u00d3rganos del Estado"},"yoast_head":"<!-- This site is optimized with the Yoast SEO plugin v28.3 - https:\/\/yoast.com\/product\/yoast-seo-wordpress\/ -->\n<title>Afirman que la Procuradur\u00eda es otro ejemplo de intromisi\u00f3n del Ejecutivo - El Diario - Bolivia<\/title>\n<meta name=\"robots\" content=\"index, follow, max-snippet:-1, max-image-preview:large, max-video-preview:-1\" \/>\n<link rel=\"canonical\" href=\"https:\/\/www.eldiario.net\/portal\/2024\/02\/12\/afirman-que-la-procuraduria-es-otro-ejemplo-de-intromision-del-ejecutivo\/\" \/>\n<meta property=\"og:locale\" content=\"es_ES\" \/>\n<meta property=\"og:type\" content=\"article\" \/>\n<meta property=\"og:title\" content=\"Afirman que la Procuradur\u00eda es otro ejemplo de intromisi\u00f3n del Ejecutivo - El Diario - Bolivia\" \/>\n<meta property=\"og:description\" content=\"El diputado por Comunidad Ciudadana (CC), Jos\u00e9 Manuel Ormachea, se\u00f1al\u00f3 que el Procurador C\u00e9sar Siles es la encarnaci\u00f3n de la intromisi\u00f3n del Ejecutivo en los dem\u00e1s \u00f3rganos e instituciones del Estado, debido a sus \u00faltimas declaraciones que se\u00f1alan que una posible aprobaci\u00f3n del Proyecto de Ley 075, contra la pr\u00f3rroga de magistrados, derivar\u00e1 en una [&hellip;]\" \/>\n<meta property=\"og:url\" content=\"https:\/\/www.eldiario.net\/portal\/2024\/02\/12\/afirman-que-la-procuraduria-es-otro-ejemplo-de-intromision-del-ejecutivo\/\" \/>\n<meta property=\"og:site_name\" content=\"El Diario - Bolivia\" \/>\n<meta property=\"article:publisher\" content=\"https:\/\/www.facebook.com\/eldiario.bolivia\/\" \/>\n<meta property=\"article:published_time\" content=\"2024-02-12T10:56:48+00:00\" \/>\n<meta property=\"og:image\" content=\"https:\/\/www.eldiario.net\/portal\/wp-content\/uploads\/2024\/02\/INTROMISION-ORMACHEA.jpg\" \/>\n\t<meta property=\"og:image:width\" content=\"1280\" \/>\n\t<meta property=\"og:image:height\" content=\"720\" \/>\n\t<meta property=\"og:image:type\" content=\"image\/jpeg\" \/>\n<meta name=\"author\" content=\"Jeanette\" \/>\n<meta name=\"twitter:card\" content=\"summary_large_image\" \/>\n<meta name=\"twitter:creator\" content=\"@eldiario_net\" \/>\n<meta name=\"twitter:site\" content=\"@eldiario_net\" \/>\n<meta name=\"twitter:label1\" content=\"Escrito por\" \/>\n\t<meta name=\"twitter:data1\" content=\"Jeanette\" \/>\n\t<meta name=\"twitter:label2\" content=\"Tiempo de lectura\" \/>\n\t<meta name=\"twitter:data2\" content=\"3 minutos\" \/>\n<script type=\"application\/ld+json\" class=\"yoast-schema-graph\">{\"@context\":\"https:\\\/\\\/schema.org\",\"@graph\":[{\"@type\":\"Article\",\"@id\":\"https:\\\/\\\/www.eldiario.net\\\/portal\\\/2024\\\/02\\\/12\\\/afirman-que-la-procuraduria-es-otro-ejemplo-de-intromision-del-ejecutivo\\\/#article\",\"isPartOf\":{\"@id\":\"https:\\\/\\\/www.eldiario.net\\\/portal\\\/2024\\\/02\\\/12\\\/afirman-que-la-procuraduria-es-otro-ejemplo-de-intromision-del-ejecutivo\\\/\"},\"author\":{\"name\":\"Jeanette\",\"@id\":\"https:\\\/\\\/www.eldiario.net\\\/portal\\\/#\\\/schema\\\/person\\\/f46445640444750d7d753ccd04ae01b7\"},\"headline\":\"Afirman que la Procuradur\u00eda es otro ejemplo de intromisi\u00f3n del Ejecutivo\",\"datePublished\":\"2024-02-12T10:56:48+00:00\",\"mainEntityOfPage\":{\"@id\":\"https:\\\/\\\/www.eldiario.net\\\/portal\\\/2024\\\/02\\\/12\\\/afirman-que-la-procuraduria-es-otro-ejemplo-de-intromision-del-ejecutivo\\\/\"},\"wordCount\":443,\"commentCount\":0,\"publisher\":{\"@id\":\"https:\\\/\\\/www.eldiario.net\\\/portal\\\/#organization\"},\"image\":{\"@id\":\"https:\\\/\\\/www.eldiario.net\\\/portal\\\/2024\\\/02\\\/12\\\/afirman-que-la-procuraduria-es-otro-ejemplo-de-intromision-del-ejecutivo\\\/#primaryimage\"},\"thumbnailUrl\":\"https:\\\/\\\/www.eldiario.net\\\/portal\\\/wp-content\\\/uploads\\\/2024\\\/02\\\/INTROMISION-ORMACHEA.jpg\",\"articleSection\":[\"Pol\u00edtica\"],\"inLanguage\":\"es\",\"potentialAction\":[{\"@type\":\"CommentAction\",\"name\":\"Comment\",\"target\":[\"https:\\\/\\\/www.eldiario.net\\\/portal\\\/2024\\\/02\\\/12\\\/afirman-que-la-procuraduria-es-otro-ejemplo-de-intromision-del-ejecutivo\\\/#respond\"]}]},{\"@type\":\"WebPage\",\"@id\":\"https:\\\/\\\/www.eldiario.net\\\/portal\\\/2024\\\/02\\\/12\\\/afirman-que-la-procuraduria-es-otro-ejemplo-de-intromision-del-ejecutivo\\\/\",\"url\":\"https:\\\/\\\/www.eldiario.net\\\/portal\\\/2024\\\/02\\\/12\\\/afirman-que-la-procuraduria-es-otro-ejemplo-de-intromision-del-ejecutivo\\\/\",\"name\":\"Afirman que la Procuradur\u00eda es otro ejemplo de intromisi\u00f3n del Ejecutivo - El Diario - Bolivia\",\"isPartOf\":{\"@id\":\"https:\\\/\\\/www.eldiario.net\\\/portal\\\/#website\"},\"primaryImageOfPage\":{\"@id\":\"https:\\\/\\\/www.eldiario.net\\\/portal\\\/2024\\\/02\\\/12\\\/afirman-que-la-procuraduria-es-otro-ejemplo-de-intromision-del-ejecutivo\\\/#primaryimage\"},\"image\":{\"@id\":\"https:\\\/\\\/www.eldiario.net\\\/portal\\\/2024\\\/02\\\/12\\\/afirman-que-la-procuraduria-es-otro-ejemplo-de-intromision-del-ejecutivo\\\/#primaryimage\"},\"thumbnailUrl\":\"https:\\\/\\\/www.eldiario.net\\\/portal\\\/wp-content\\\/uploads\\\/2024\\\/02\\\/INTROMISION-ORMACHEA.jpg\",\"datePublished\":\"2024-02-12T10:56:48+00:00\",\"breadcrumb\":{\"@id\":\"https:\\\/\\\/www.eldiario.net\\\/portal\\\/2024\\\/02\\\/12\\\/afirman-que-la-procuraduria-es-otro-ejemplo-de-intromision-del-ejecutivo\\\/#breadcrumb\"},\"inLanguage\":\"es\",\"potentialAction\":[{\"@type\":\"ReadAction\",\"target\":[\"https:\\\/\\\/www.eldiario.net\\\/portal\\\/2024\\\/02\\\/12\\\/afirman-que-la-procuraduria-es-otro-ejemplo-de-intromision-del-ejecutivo\\\/\"]}]},{\"@type\":\"ImageObject\",\"inLanguage\":\"es\",\"@id\":\"https:\\\/\\\/www.eldiario.net\\\/portal\\\/2024\\\/02\\\/12\\\/afirman-que-la-procuraduria-es-otro-ejemplo-de-intromision-del-ejecutivo\\\/#primaryimage\",\"url\":\"https:\\\/\\\/www.eldiario.net\\\/portal\\\/wp-content\\\/uploads\\\/2024\\\/02\\\/INTROMISION-ORMACHEA.jpg\",\"contentUrl\":\"https:\\\/\\\/www.eldiario.net\\\/portal\\\/wp-content\\\/uploads\\\/2024\\\/02\\\/INTROMISION-ORMACHEA.jpg\",\"width\":1280,\"height\":720,\"caption\":\"Diputado Jos\u00e9 Manuel Ormachea (CC).\"},{\"@type\":\"BreadcrumbList\",\"@id\":\"https:\\\/\\\/www.eldiario.net\\\/portal\\\/2024\\\/02\\\/12\\\/afirman-que-la-procuraduria-es-otro-ejemplo-de-intromision-del-ejecutivo\\\/#breadcrumb\",\"itemListElement\":[{\"@type\":\"ListItem\",\"position\":1,\"name\":\"Portada\",\"item\":\"https:\\\/\\\/www.eldiario.net\\\/portal\\\/\"},{\"@type\":\"ListItem\",\"position\":2,\"name\":\"Afirman que la Procuradur\u00eda es otro ejemplo de intromisi\u00f3n del Ejecutivo\"}]},{\"@type\":\"WebSite\",\"@id\":\"https:\\\/\\\/www.eldiario.net\\\/portal\\\/#website\",\"url\":\"https:\\\/\\\/www.eldiario.net\\\/portal\\\/\",\"name\":\"El Diario - Decano de la prensa nacional\",\"description\":\"El Diario - Decano de la prensa nacional\",\"publisher\":{\"@id\":\"https:\\\/\\\/www.eldiario.net\\\/portal\\\/#organization\"},\"potentialAction\":[{\"@type\":\"SearchAction\",\"target\":{\"@type\":\"EntryPoint\",\"urlTemplate\":\"https:\\\/\\\/www.eldiario.net\\\/portal\\\/?s={search_term_string}\"},\"query-input\":{\"@type\":\"PropertyValueSpecification\",\"valueRequired\":true,\"valueName\":\"search_term_string\"}}],\"inLanguage\":\"es\"},{\"@type\":\"Organization\",\"@id\":\"https:\\\/\\\/www.eldiario.net\\\/portal\\\/#organization\",\"name\":\"El Diario - Decano de la prensa nacional\",\"url\":\"https:\\\/\\\/www.eldiario.net\\\/portal\\\/\",\"logo\":{\"@type\":\"ImageObject\",\"inLanguage\":\"es\",\"@id\":\"https:\\\/\\\/www.eldiario.net\\\/portal\\\/#\\\/schema\\\/logo\\\/image\\\/\",\"url\":\"https:\\\/\\\/www.eldiario.net\\\/portal\\\/wp-content\\\/uploads\\\/2023\\\/07\\\/logo_ED.jpg\",\"contentUrl\":\"https:\\\/\\\/www.eldiario.net\\\/portal\\\/wp-content\\\/uploads\\\/2023\\\/07\\\/logo_ED.jpg\",\"width\":272,\"height\":52,\"caption\":\"El Diario - Decano de la prensa nacional\"},\"image\":{\"@id\":\"https:\\\/\\\/www.eldiario.net\\\/portal\\\/#\\\/schema\\\/logo\\\/image\\\/\"},\"sameAs\":[\"https:\\\/\\\/www.facebook.com\\\/eldiario.bolivia\\\/\",\"https:\\\/\\\/x.com\\\/eldiario_net\"]},{\"@type\":\"Person\",\"@id\":\"https:\\\/\\\/www.eldiario.net\\\/portal\\\/#\\\/schema\\\/person\\\/f46445640444750d7d753ccd04ae01b7\",\"name\":\"Jeanette\",\"image\":{\"@type\":\"ImageObject\",\"inLanguage\":\"es\",\"@id\":\"https:\\\/\\\/secure.gravatar.com\\\/avatar\\\/3ea2118a5f7dad2b7138b1187a6b7ee55f160b9968b66013c3a3ef39dd7e5798?s=96&d=mm&r=g\",\"url\":\"https:\\\/\\\/secure.gravatar.com\\\/avatar\\\/3ea2118a5f7dad2b7138b1187a6b7ee55f160b9968b66013c3a3ef39dd7e5798?s=96&d=mm&r=g\",\"contentUrl\":\"https:\\\/\\\/secure.gravatar.com\\\/avatar\\\/3ea2118a5f7dad2b7138b1187a6b7ee55f160b9968b66013c3a3ef39dd7e5798?s=96&d=mm&r=g\",\"caption\":\"Jeanette\"},\"sameAs\":[\"https:\\\/\\\/www.eldiario.net\\\/portal\"],\"url\":\"https:\\\/\\\/www.eldiario.net\\\/portal\\\/author\\\/jeanette\\\/\"}]}<\/script>\n<!-- \/ Yoast SEO plugin. -->","yoast_head_json":{"title":"Afirman que la Procuradur\u00eda es otro ejemplo de intromisi\u00f3n del Ejecutivo - El Diario - Bolivia","robots":{"index":"index","follow":"follow","max-snippet":"max-snippet:-1","max-image-preview":"max-image-preview:large","max-video-preview":"max-video-preview:-1"},"canonical":"https:\/\/www.eldiario.net\/portal\/2024\/02\/12\/afirman-que-la-procuraduria-es-otro-ejemplo-de-intromision-del-ejecutivo\/","og_locale":"es_ES","og_type":"article","og_title":"Afirman que la Procuradur\u00eda es otro ejemplo de intromisi\u00f3n del Ejecutivo - El Diario - Bolivia","og_description":"El diputado por Comunidad Ciudadana (CC), Jos\u00e9 Manuel Ormachea, se\u00f1al\u00f3 que el Procurador C\u00e9sar Siles es la encarnaci\u00f3n de la intromisi\u00f3n del Ejecutivo en los dem\u00e1s \u00f3rganos e instituciones del Estado, debido a sus \u00faltimas declaraciones que se\u00f1alan que una posible aprobaci\u00f3n del Proyecto de Ley 075, contra la pr\u00f3rroga de magistrados, derivar\u00e1 en una [&hellip;]","og_url":"https:\/\/www.eldiario.net\/portal\/2024\/02\/12\/afirman-que-la-procuraduria-es-otro-ejemplo-de-intromision-del-ejecutivo\/","og_site_name":"El Diario - Bolivia","article_publisher":"https:\/\/www.facebook.com\/eldiario.bolivia\/","article_published_time":"2024-02-12T10:56:48+00:00","og_image":[{"width":1280,"height":720,"url":"https:\/\/www.eldiario.net\/portal\/wp-content\/uploads\/2024\/02\/INTROMISION-ORMACHEA.jpg","type":"image\/jpeg"}],"author":"Jeanette","twitter_card":"summary_large_image","twitter_creator":"@eldiario_net","twitter_site":"@eldiario_net","twitter_misc":{"Escrito por":"Jeanette","Tiempo de lectura":"3 minutos"},"schema":{"@context":"https:\/\/schema.org","@graph":[{"@type":"Article","@id":"https:\/\/www.eldiario.net\/portal\/2024\/02\/12\/afirman-que-la-procuraduria-es-otro-ejemplo-de-intromision-del-ejecutivo\/#article","isPartOf":{"@id":"https:\/\/www.eldiario.net\/portal\/2024\/02\/12\/afirman-que-la-procuraduria-es-otro-ejemplo-de-intromision-del-ejecutivo\/"},"author":{"name":"Jeanette","@id":"https:\/\/www.eldiario.net\/portal\/#\/schema\/person\/f46445640444750d7d753ccd04ae01b7"},"headline":"Afirman que la Procuradur\u00eda es otro ejemplo de intromisi\u00f3n del Ejecutivo","datePublished":"2024-02-12T10:56:48+00:00","mainEntityOfPage":{"@id":"https:\/\/www.eldiario.net\/portal\/2024\/02\/12\/afirman-que-la-procuraduria-es-otro-ejemplo-de-intromision-del-ejecutivo\/"},"wordCount":443,"commentCount":0,"publisher":{"@id":"https:\/\/www.eldiario.net\/portal\/#organization"},"image":{"@id":"https:\/\/www.eldiario.net\/portal\/2024\/02\/12\/afirman-que-la-procuraduria-es-otro-ejemplo-de-intromision-del-ejecutivo\/#primaryimage"},"thumbnailUrl":"https:\/\/www.eldiario.net\/portal\/wp-content\/uploads\/2024\/02\/INTROMISION-ORMACHEA.jpg","articleSection":["Pol\u00edtica"],"inLanguage":"es","potentialAction":[{"@type":"CommentAction","name":"Comment","target":["https:\/\/www.eldiario.net\/portal\/2024\/02\/12\/afirman-que-la-procuraduria-es-otro-ejemplo-de-intromision-del-ejecutivo\/#respond"]}]},{"@type":"WebPage","@id":"https:\/\/www.eldiario.net\/portal\/2024\/02\/12\/afirman-que-la-procuraduria-es-otro-ejemplo-de-intromision-del-ejecutivo\/","url":"https:\/\/www.eldiario.net\/portal\/2024\/02\/12\/afirman-que-la-procuraduria-es-otro-ejemplo-de-intromision-del-ejecutivo\/","name":"Afirman que la Procuradur\u00eda es otro ejemplo de intromisi\u00f3n del Ejecutivo - El Diario - Bolivia","isPartOf":{"@id":"https:\/\/www.eldiario.net\/portal\/#website"},"primaryImageOfPage":{"@id":"https:\/\/www.eldiario.net\/portal\/2024\/02\/12\/afirman-que-la-procuraduria-es-otro-ejemplo-de-intromision-del-ejecutivo\/#primaryimage"},"image":{"@id":"https:\/\/www.eldiario.net\/portal\/2024\/02\/12\/afirman-que-la-procuraduria-es-otro-ejemplo-de-intromision-del-ejecutivo\/#primaryimage"},"thumbnailUrl":"https:\/\/www.eldiario.net\/portal\/wp-content\/uploads\/2024\/02\/INTROMISION-ORMACHEA.jpg","datePublished":"2024-02-12T10:56:48+00:00","breadcrumb":{"@id":"https:\/\/www.eldiario.net\/portal\/2024\/02\/12\/afirman-que-la-procuraduria-es-otro-ejemplo-de-intromision-del-ejecutivo\/#breadcrumb"},"inLanguage":"es","potentialAction":[{"@type":"ReadAction","target":["https:\/\/www.eldiario.net\/portal\/2024\/02\/12\/afirman-que-la-procuraduria-es-otro-ejemplo-de-intromision-del-ejecutivo\/"]}]},{"@type":"ImageObject","inLanguage":"es","@id":"https:\/\/www.eldiario.net\/portal\/2024\/02\/12\/afirman-que-la-procuraduria-es-otro-ejemplo-de-intromision-del-ejecutivo\/#primaryimage","url":"https:\/\/www.eldiario.net\/portal\/wp-content\/uploads\/2024\/02\/INTROMISION-ORMACHEA.jpg","contentUrl":"https:\/\/www.eldiario.net\/portal\/wp-content\/uploads\/2024\/02\/INTROMISION-ORMACHEA.jpg","width":1280,"height":720,"caption":"Diputado Jos\u00e9 Manuel Ormachea (CC)."},{"@type":"BreadcrumbList","@id":"https:\/\/www.eldiario.net\/portal\/2024\/02\/12\/afirman-que-la-procuraduria-es-otro-ejemplo-de-intromision-del-ejecutivo\/#breadcrumb","itemListElement":[{"@type":"ListItem","position":1,"name":"Portada","item":"https:\/\/www.eldiario.net\/portal\/"},{"@type":"ListItem","position":2,"name":"Afirman que la Procuradur\u00eda es otro ejemplo de intromisi\u00f3n del Ejecutivo"}]},{"@type":"WebSite","@id":"https:\/\/www.eldiario.net\/portal\/#website","url":"https:\/\/www.eldiario.net\/portal\/","name":"El Diario - Decano de la prensa nacional","description":"El Diario - Decano de la prensa nacional","publisher":{"@id":"https:\/\/www.eldiario.net\/portal\/#organization"},"potentialAction":[{"@type":"SearchAction","target":{"@type":"EntryPoint","urlTemplate":"https:\/\/www.eldiario.net\/portal\/?s={search_term_string}"},"query-input":{"@type":"PropertyValueSpecification","valueRequired":true,"valueName":"search_term_string"}}],"inLanguage":"es"},{"@type":"Organization","@id":"https:\/\/www.eldiario.net\/portal\/#organization","name":"El Diario - Decano de la prensa nacional","url":"https:\/\/www.eldiario.net\/portal\/","logo":{"@type":"ImageObject","inLanguage":"es","@id":"https:\/\/www.eldiario.net\/portal\/#\/schema\/logo\/image\/","url":"https:\/\/www.eldiario.net\/portal\/wp-content\/uploads\/2023\/07\/logo_ED.jpg","contentUrl":"https:\/\/www.eldiario.net\/portal\/wp-content\/uploads\/2023\/07\/logo_ED.jpg","width":272,"height":52,"caption":"El Diario - Decano de la prensa nacional"},"image":{"@id":"https:\/\/www.eldiario.net\/portal\/#\/schema\/logo\/image\/"},"sameAs":["https:\/\/www.facebook.com\/eldiario.bolivia\/","https:\/\/x.com\/eldiario_net"]},{"@type":"Person","@id":"https:\/\/www.eldiario.net\/portal\/#\/schema\/person\/f46445640444750d7d753ccd04ae01b7","name":"Jeanette","image":{"@type":"ImageObject","inLanguage":"es","@id":"https:\/\/secure.gravatar.com\/avatar\/3ea2118a5f7dad2b7138b1187a6b7ee55f160b9968b66013c3a3ef39dd7e5798?s=96&d=mm&r=g","url":"https:\/\/secure.gravatar.com\/avatar\/3ea2118a5f7dad2b7138b1187a6b7ee55f160b9968b66013c3a3ef39dd7e5798?s=96&d=mm&r=g","contentUrl":"https:\/\/secure.gravatar.com\/avatar\/3ea2118a5f7dad2b7138b1187a6b7ee55f160b9968b66013c3a3ef39dd7e5798?s=96&d=mm&r=g","caption":"Jeanette"},"sameAs":["https:\/\/www.eldiario.net\/portal"],"url":"https:\/\/www.eldiario.net\/portal\/author\/jeanette\/"}]}},"_links":{"self":[{"href":"https:\/\/www.eldiario.net\/portal\/wp-json\/wp\/v2\/posts\/202647","targetHints":{"allow":["GET"]}}],"collection":[{"href":"https:\/\/www.eldiario.net\/portal\/wp-json\/wp\/v2\/posts"}],"about":[{"href":"https:\/\/www.eldiario.net\/portal\/wp-json\/wp\/v2\/types\/post"}],"author":[{"embeddable":true,"href":"https:\/\/www.eldiario.net\/portal\/wp-json\/wp\/v2\/users\/1"}],"replies":[{"embeddable":true,"href":"https:\/\/www.eldiario.net\/portal\/wp-json\/wp\/v2\/comments?post=202647"}],"version-history":[{"count":1,"href":"https:\/\/www.eldiario.net\/portal\/wp-json\/wp\/v2\/posts\/202647\/revisions"}],"predecessor-version":[{"id":202649,"href":"https:\/\/www.eldiario.net\/portal\/wp-json\/wp\/v2\/posts\/202647\/revisions\/202649"}],"wp:featuredmedia":[{"embeddable":true,"href":"https:\/\/www.eldiario.net\/portal\/wp-json\/wp\/v2\/media\/202648"}],"wp:attachment":[{"href":"https:\/\/www.eldiario.net\/portal\/wp-json\/wp\/v2\/media?parent=202647"}],"wp:term":[{"taxonomy":"category","embeddable":true,"href":"https:\/\/www.eldiario.net\/portal\/wp-json\/wp\/v2\/categories?post=202647"},{"taxonomy":"post_tag","embeddable":true,"href":"https:\/\/www.eldiario.net\/portal\/wp-json\/wp\/v2\/tags?post=202647"}],"curies":[{"name":"wp","href":"https:\/\/api.w.org\/{rel}","templated":true}]}}