{"id":202390,"date":"2024-02-11T06:24:25","date_gmt":"2024-02-11T10:24:25","guid":{"rendered":"https:\/\/www.eldiario.net\/portal\/?p=202390"},"modified":"2024-02-11T06:24:25","modified_gmt":"2024-02-11T10:24:25","slug":"csutcb-da-una-semana-de-plazo-para-renuncia-de-magistrados","status":"publish","type":"post","link":"https:\/\/www.eldiario.net\/portal\/2024\/02\/11\/csutcb-da-una-semana-de-plazo-para-renuncia-de-magistrados\/","title":{"rendered":"Csutcb da una semana de\u00a0plazo para renuncia de magistrados"},"content":{"rendered":"<p>El ejecutivo de la Confederaci\u00f3n Sindical \u00danica de Trabajadores Campesinos de Bolivia (Csutcb), Ponciano Santos, anunci\u00f3 que esperar\u00e1n a la renuncia de magistrados hasta el 18 de febrero, caso contrario tomar\u00e1n medidas de presi\u00f3n.<br \/>\nSantos no descart\u00f3 volver a instalar puntos de bloqueo si las altas magistraturas del \u00d3rgano Judicial no renuncian a sus cargos hasta el pr\u00f3ximo domingo.<br \/>\nAsimismo, el dirigente mencion\u00f3 que se convoc\u00f3 a un ampliado ese mismo d\u00eda, en el que evaluar\u00e1n la situaci\u00f3n. \u201cLa Csutcb est\u00e1 convocando un ampliado nacional en Cochabamba para el 18 de febrero, para ver si avanza o no avanza la sesi\u00f3n de las leyes 073 y 075 en la C\u00e1mara Baja\u201d, mencion\u00f3.<br \/>\nSi los magistrados persisten en su decisi\u00f3n luego de este ultim\u00e1tum, \u201cvamos a tomar acciones\u201d, sentenci\u00f3, recalcando que se declaran en estado de \u201cemergencia\u201d.<br \/>\nLos sectores sociales afines al expresidente, Evo Morales, convocaron a un bloqueo de caminos y paralizaron las principales carreteras del eje troncal durante 16 d\u00edas, desde el 22 de enero.<br \/>\nLas medidas de presi\u00f3n demandaban una ley que agilice las elecciones judiciales y exig\u00edan el cese de funciones de los actuales administradores de justicia. El presidente de Estado, Luis Arce, promulg\u00f3 la ley de elecciones judiciales, lo cual llev\u00f3 al levantamiento de los bloqueos.<br \/>\nSin embargo, justo cuando se pensaba que el conflicto cesar\u00eda, surgi\u00f3 un nuevo empantanamiento por la cesaci\u00f3n de magistrados autoprorrogados. La bancada \u201carcista\u201d del Movimiento al Socialismo (MAS) exige tratar los cr\u00e9ditos que necesita, mientras que la oposici\u00f3n y el sector \u201cevista\u201d exige primero sancionar las leyes antipr\u00f3rroga. (EL DIARIO y agencias)<\/p>\n","protected":false},"excerpt":{"rendered":"<p>El ejecutivo de la Confederaci\u00f3n Sindical \u00danica de Trabajadores Campesinos de Bolivia (Csutcb), Ponciano Santos, anunci\u00f3 que esperar\u00e1n a la renuncia de magistrados hasta el 18 de febrero, caso contrario tomar\u00e1n medidas de presi\u00f3n. Santos no descart\u00f3 volver a instalar puntos de bloqueo si las altas magistraturas del \u00d3rgano Judicial no renuncian a sus cargos [&hellip;]<\/p>\n","protected":false},"author":1,"featured_media":202391,"comment_status":"open","ping_status":"open","sticky":false,"template":"","format":"standard","meta":{"_acf_changed":false,"footnotes":""},"categories":[39],"tags":[],"class_list":["post-202390","post","type-post","status-publish","format-standard","has-post-thumbnail","category-sociedad"],"acf":{"antetitulo":""},"yoast_head":"<!-- This site is optimized with the Yoast SEO plugin v28.3 - https:\/\/yoast.com\/product\/yoast-seo-wordpress\/ -->\n<title>Csutcb da una semana de\u00a0plazo para renuncia de magistrados - El Diario - Bolivia<\/title>\n<meta name=\"robots\" content=\"index, follow, max-snippet:-1, max-image-preview:large, max-video-preview:-1\" \/>\n<link rel=\"canonical\" href=\"https:\/\/www.eldiario.net\/portal\/2024\/02\/11\/csutcb-da-una-semana-de-plazo-para-renuncia-de-magistrados\/\" \/>\n<meta property=\"og:locale\" content=\"es_ES\" \/>\n<meta property=\"og:type\" content=\"article\" \/>\n<meta property=\"og:title\" content=\"Csutcb da una semana de\u00a0plazo para renuncia de magistrados - El Diario - Bolivia\" \/>\n<meta property=\"og:description\" content=\"El ejecutivo de la Confederaci\u00f3n Sindical \u00danica de Trabajadores Campesinos de Bolivia (Csutcb), Ponciano Santos, anunci\u00f3 que esperar\u00e1n a la renuncia de magistrados hasta el 18 de febrero, caso contrario tomar\u00e1n medidas de presi\u00f3n. Santos no descart\u00f3 volver a instalar puntos de bloqueo si las altas magistraturas del \u00d3rgano Judicial no renuncian a sus cargos [&hellip;]\" \/>\n<meta property=\"og:url\" content=\"https:\/\/www.eldiario.net\/portal\/2024\/02\/11\/csutcb-da-una-semana-de-plazo-para-renuncia-de-magistrados\/\" \/>\n<meta property=\"og:site_name\" content=\"El Diario - Bolivia\" \/>\n<meta property=\"article:publisher\" content=\"https:\/\/www.facebook.com\/eldiario.bolivia\/\" \/>\n<meta property=\"article:published_time\" content=\"2024-02-11T10:24:25+00:00\" \/>\n<meta property=\"og:image\" content=\"https:\/\/www.eldiario.net\/portal\/wp-content\/uploads\/2024\/02\/11-CSUTCB.jpg\" \/>\n\t<meta property=\"og:image:width\" content=\"1200\" \/>\n\t<meta property=\"og:image:height\" content=\"747\" \/>\n\t<meta property=\"og:image:type\" content=\"image\/jpeg\" \/>\n<meta name=\"author\" content=\"Jeanette\" \/>\n<meta name=\"twitter:card\" content=\"summary_large_image\" \/>\n<meta name=\"twitter:creator\" content=\"@eldiario_net\" \/>\n<meta name=\"twitter:site\" content=\"@eldiario_net\" \/>\n<meta name=\"twitter:label1\" content=\"Escrito por\" \/>\n\t<meta name=\"twitter:data1\" content=\"Jeanette\" \/>\n\t<meta name=\"twitter:label2\" content=\"Tiempo de lectura\" \/>\n\t<meta name=\"twitter:data2\" content=\"2 minutos\" \/>\n<script type=\"application\/ld+json\" class=\"yoast-schema-graph\">{\"@context\":\"https:\\\/\\\/schema.org\",\"@graph\":[{\"@type\":\"Article\",\"@id\":\"https:\\\/\\\/www.eldiario.net\\\/portal\\\/2024\\\/02\\\/11\\\/csutcb-da-una-semana-de-plazo-para-renuncia-de-magistrados\\\/#article\",\"isPartOf\":{\"@id\":\"https:\\\/\\\/www.eldiario.net\\\/portal\\\/2024\\\/02\\\/11\\\/csutcb-da-una-semana-de-plazo-para-renuncia-de-magistrados\\\/\"},\"author\":{\"name\":\"Jeanette\",\"@id\":\"https:\\\/\\\/www.eldiario.net\\\/portal\\\/#\\\/schema\\\/person\\\/f46445640444750d7d753ccd04ae01b7\"},\"headline\":\"Csutcb da una semana de\u00a0plazo para renuncia de magistrados\",\"datePublished\":\"2024-02-11T10:24:25+00:00\",\"mainEntityOfPage\":{\"@id\":\"https:\\\/\\\/www.eldiario.net\\\/portal\\\/2024\\\/02\\\/11\\\/csutcb-da-una-semana-de-plazo-para-renuncia-de-magistrados\\\/\"},\"wordCount\":286,\"commentCount\":0,\"publisher\":{\"@id\":\"https:\\\/\\\/www.eldiario.net\\\/portal\\\/#organization\"},\"image\":{\"@id\":\"https:\\\/\\\/www.eldiario.net\\\/portal\\\/2024\\\/02\\\/11\\\/csutcb-da-una-semana-de-plazo-para-renuncia-de-magistrados\\\/#primaryimage\"},\"thumbnailUrl\":\"https:\\\/\\\/www.eldiario.net\\\/portal\\\/wp-content\\\/uploads\\\/2024\\\/02\\\/11-CSUTCB.jpg\",\"articleSection\":[\"Sociedad - Seguridad\"],\"inLanguage\":\"es\",\"potentialAction\":[{\"@type\":\"CommentAction\",\"name\":\"Comment\",\"target\":[\"https:\\\/\\\/www.eldiario.net\\\/portal\\\/2024\\\/02\\\/11\\\/csutcb-da-una-semana-de-plazo-para-renuncia-de-magistrados\\\/#respond\"]}]},{\"@type\":\"WebPage\",\"@id\":\"https:\\\/\\\/www.eldiario.net\\\/portal\\\/2024\\\/02\\\/11\\\/csutcb-da-una-semana-de-plazo-para-renuncia-de-magistrados\\\/\",\"url\":\"https:\\\/\\\/www.eldiario.net\\\/portal\\\/2024\\\/02\\\/11\\\/csutcb-da-una-semana-de-plazo-para-renuncia-de-magistrados\\\/\",\"name\":\"Csutcb da una semana de\u00a0plazo para renuncia de magistrados - El Diario - Bolivia\",\"isPartOf\":{\"@id\":\"https:\\\/\\\/www.eldiario.net\\\/portal\\\/#website\"},\"primaryImageOfPage\":{\"@id\":\"https:\\\/\\\/www.eldiario.net\\\/portal\\\/2024\\\/02\\\/11\\\/csutcb-da-una-semana-de-plazo-para-renuncia-de-magistrados\\\/#primaryimage\"},\"image\":{\"@id\":\"https:\\\/\\\/www.eldiario.net\\\/portal\\\/2024\\\/02\\\/11\\\/csutcb-da-una-semana-de-plazo-para-renuncia-de-magistrados\\\/#primaryimage\"},\"thumbnailUrl\":\"https:\\\/\\\/www.eldiario.net\\\/portal\\\/wp-content\\\/uploads\\\/2024\\\/02\\\/11-CSUTCB.jpg\",\"datePublished\":\"2024-02-11T10:24:25+00:00\",\"breadcrumb\":{\"@id\":\"https:\\\/\\\/www.eldiario.net\\\/portal\\\/2024\\\/02\\\/11\\\/csutcb-da-una-semana-de-plazo-para-renuncia-de-magistrados\\\/#breadcrumb\"},\"inLanguage\":\"es\",\"potentialAction\":[{\"@type\":\"ReadAction\",\"target\":[\"https:\\\/\\\/www.eldiario.net\\\/portal\\\/2024\\\/02\\\/11\\\/csutcb-da-una-semana-de-plazo-para-renuncia-de-magistrados\\\/\"]}]},{\"@type\":\"ImageObject\",\"inLanguage\":\"es\",\"@id\":\"https:\\\/\\\/www.eldiario.net\\\/portal\\\/2024\\\/02\\\/11\\\/csutcb-da-una-semana-de-plazo-para-renuncia-de-magistrados\\\/#primaryimage\",\"url\":\"https:\\\/\\\/www.eldiario.net\\\/portal\\\/wp-content\\\/uploads\\\/2024\\\/02\\\/11-CSUTCB.jpg\",\"contentUrl\":\"https:\\\/\\\/www.eldiario.net\\\/portal\\\/wp-content\\\/uploads\\\/2024\\\/02\\\/11-CSUTCB.jpg\",\"width\":1200,\"height\":747,\"caption\":\"Ponciano Santos es af\u00edn al expresidente, Evo Morales.\"},{\"@type\":\"BreadcrumbList\",\"@id\":\"https:\\\/\\\/www.eldiario.net\\\/portal\\\/2024\\\/02\\\/11\\\/csutcb-da-una-semana-de-plazo-para-renuncia-de-magistrados\\\/#breadcrumb\",\"itemListElement\":[{\"@type\":\"ListItem\",\"position\":1,\"name\":\"Portada\",\"item\":\"https:\\\/\\\/www.eldiario.net\\\/portal\\\/\"},{\"@type\":\"ListItem\",\"position\":2,\"name\":\"Csutcb da una semana de\u00a0plazo para renuncia de magistrados\"}]},{\"@type\":\"WebSite\",\"@id\":\"https:\\\/\\\/www.eldiario.net\\\/portal\\\/#website\",\"url\":\"https:\\\/\\\/www.eldiario.net\\\/portal\\\/\",\"name\":\"El Diario - Decano de la prensa nacional\",\"description\":\"El Diario - Decano de la prensa nacional\",\"publisher\":{\"@id\":\"https:\\\/\\\/www.eldiario.net\\\/portal\\\/#organization\"},\"potentialAction\":[{\"@type\":\"SearchAction\",\"target\":{\"@type\":\"EntryPoint\",\"urlTemplate\":\"https:\\\/\\\/www.eldiario.net\\\/portal\\\/?s={search_term_string}\"},\"query-input\":{\"@type\":\"PropertyValueSpecification\",\"valueRequired\":true,\"valueName\":\"search_term_string\"}}],\"inLanguage\":\"es\"},{\"@type\":\"Organization\",\"@id\":\"https:\\\/\\\/www.eldiario.net\\\/portal\\\/#organization\",\"name\":\"El Diario - Decano de la prensa nacional\",\"url\":\"https:\\\/\\\/www.eldiario.net\\\/portal\\\/\",\"logo\":{\"@type\":\"ImageObject\",\"inLanguage\":\"es\",\"@id\":\"https:\\\/\\\/www.eldiario.net\\\/portal\\\/#\\\/schema\\\/logo\\\/image\\\/\",\"url\":\"https:\\\/\\\/www.eldiario.net\\\/portal\\\/wp-content\\\/uploads\\\/2023\\\/07\\\/logo_ED.jpg\",\"contentUrl\":\"https:\\\/\\\/www.eldiario.net\\\/portal\\\/wp-content\\\/uploads\\\/2023\\\/07\\\/logo_ED.jpg\",\"width\":272,\"height\":52,\"caption\":\"El Diario - Decano de la prensa nacional\"},\"image\":{\"@id\":\"https:\\\/\\\/www.eldiario.net\\\/portal\\\/#\\\/schema\\\/logo\\\/image\\\/\"},\"sameAs\":[\"https:\\\/\\\/www.facebook.com\\\/eldiario.bolivia\\\/\",\"https:\\\/\\\/x.com\\\/eldiario_net\"]},{\"@type\":\"Person\",\"@id\":\"https:\\\/\\\/www.eldiario.net\\\/portal\\\/#\\\/schema\\\/person\\\/f46445640444750d7d753ccd04ae01b7\",\"name\":\"Jeanette\",\"image\":{\"@type\":\"ImageObject\",\"inLanguage\":\"es\",\"@id\":\"https:\\\/\\\/secure.gravatar.com\\\/avatar\\\/3ea2118a5f7dad2b7138b1187a6b7ee55f160b9968b66013c3a3ef39dd7e5798?s=96&d=mm&r=g\",\"url\":\"https:\\\/\\\/secure.gravatar.com\\\/avatar\\\/3ea2118a5f7dad2b7138b1187a6b7ee55f160b9968b66013c3a3ef39dd7e5798?s=96&d=mm&r=g\",\"contentUrl\":\"https:\\\/\\\/secure.gravatar.com\\\/avatar\\\/3ea2118a5f7dad2b7138b1187a6b7ee55f160b9968b66013c3a3ef39dd7e5798?s=96&d=mm&r=g\",\"caption\":\"Jeanette\"},\"sameAs\":[\"https:\\\/\\\/www.eldiario.net\\\/portal\"],\"url\":\"https:\\\/\\\/www.eldiario.net\\\/portal\\\/author\\\/jeanette\\\/\"}]}<\/script>\n<!-- \/ Yoast SEO plugin. -->","yoast_head_json":{"title":"Csutcb da una semana de\u00a0plazo para renuncia de magistrados - El Diario - Bolivia","robots":{"index":"index","follow":"follow","max-snippet":"max-snippet:-1","max-image-preview":"max-image-preview:large","max-video-preview":"max-video-preview:-1"},"canonical":"https:\/\/www.eldiario.net\/portal\/2024\/02\/11\/csutcb-da-una-semana-de-plazo-para-renuncia-de-magistrados\/","og_locale":"es_ES","og_type":"article","og_title":"Csutcb da una semana de\u00a0plazo para renuncia de magistrados - El Diario - Bolivia","og_description":"El ejecutivo de la Confederaci\u00f3n Sindical \u00danica de Trabajadores Campesinos de Bolivia (Csutcb), Ponciano Santos, anunci\u00f3 que esperar\u00e1n a la renuncia de magistrados hasta el 18 de febrero, caso contrario tomar\u00e1n medidas de presi\u00f3n. Santos no descart\u00f3 volver a instalar puntos de bloqueo si las altas magistraturas del \u00d3rgano Judicial no renuncian a sus cargos [&hellip;]","og_url":"https:\/\/www.eldiario.net\/portal\/2024\/02\/11\/csutcb-da-una-semana-de-plazo-para-renuncia-de-magistrados\/","og_site_name":"El Diario - Bolivia","article_publisher":"https:\/\/www.facebook.com\/eldiario.bolivia\/","article_published_time":"2024-02-11T10:24:25+00:00","og_image":[{"width":1200,"height":747,"url":"https:\/\/www.eldiario.net\/portal\/wp-content\/uploads\/2024\/02\/11-CSUTCB.jpg","type":"image\/jpeg"}],"author":"Jeanette","twitter_card":"summary_large_image","twitter_creator":"@eldiario_net","twitter_site":"@eldiario_net","twitter_misc":{"Escrito por":"Jeanette","Tiempo de lectura":"2 minutos"},"schema":{"@context":"https:\/\/schema.org","@graph":[{"@type":"Article","@id":"https:\/\/www.eldiario.net\/portal\/2024\/02\/11\/csutcb-da-una-semana-de-plazo-para-renuncia-de-magistrados\/#article","isPartOf":{"@id":"https:\/\/www.eldiario.net\/portal\/2024\/02\/11\/csutcb-da-una-semana-de-plazo-para-renuncia-de-magistrados\/"},"author":{"name":"Jeanette","@id":"https:\/\/www.eldiario.net\/portal\/#\/schema\/person\/f46445640444750d7d753ccd04ae01b7"},"headline":"Csutcb da una semana de\u00a0plazo para renuncia de magistrados","datePublished":"2024-02-11T10:24:25+00:00","mainEntityOfPage":{"@id":"https:\/\/www.eldiario.net\/portal\/2024\/02\/11\/csutcb-da-una-semana-de-plazo-para-renuncia-de-magistrados\/"},"wordCount":286,"commentCount":0,"publisher":{"@id":"https:\/\/www.eldiario.net\/portal\/#organization"},"image":{"@id":"https:\/\/www.eldiario.net\/portal\/2024\/02\/11\/csutcb-da-una-semana-de-plazo-para-renuncia-de-magistrados\/#primaryimage"},"thumbnailUrl":"https:\/\/www.eldiario.net\/portal\/wp-content\/uploads\/2024\/02\/11-CSUTCB.jpg","articleSection":["Sociedad - Seguridad"],"inLanguage":"es","potentialAction":[{"@type":"CommentAction","name":"Comment","target":["https:\/\/www.eldiario.net\/portal\/2024\/02\/11\/csutcb-da-una-semana-de-plazo-para-renuncia-de-magistrados\/#respond"]}]},{"@type":"WebPage","@id":"https:\/\/www.eldiario.net\/portal\/2024\/02\/11\/csutcb-da-una-semana-de-plazo-para-renuncia-de-magistrados\/","url":"https:\/\/www.eldiario.net\/portal\/2024\/02\/11\/csutcb-da-una-semana-de-plazo-para-renuncia-de-magistrados\/","name":"Csutcb da una semana de\u00a0plazo para renuncia de magistrados - El Diario - Bolivia","isPartOf":{"@id":"https:\/\/www.eldiario.net\/portal\/#website"},"primaryImageOfPage":{"@id":"https:\/\/www.eldiario.net\/portal\/2024\/02\/11\/csutcb-da-una-semana-de-plazo-para-renuncia-de-magistrados\/#primaryimage"},"image":{"@id":"https:\/\/www.eldiario.net\/portal\/2024\/02\/11\/csutcb-da-una-semana-de-plazo-para-renuncia-de-magistrados\/#primaryimage"},"thumbnailUrl":"https:\/\/www.eldiario.net\/portal\/wp-content\/uploads\/2024\/02\/11-CSUTCB.jpg","datePublished":"2024-02-11T10:24:25+00:00","breadcrumb":{"@id":"https:\/\/www.eldiario.net\/portal\/2024\/02\/11\/csutcb-da-una-semana-de-plazo-para-renuncia-de-magistrados\/#breadcrumb"},"inLanguage":"es","potentialAction":[{"@type":"ReadAction","target":["https:\/\/www.eldiario.net\/portal\/2024\/02\/11\/csutcb-da-una-semana-de-plazo-para-renuncia-de-magistrados\/"]}]},{"@type":"ImageObject","inLanguage":"es","@id":"https:\/\/www.eldiario.net\/portal\/2024\/02\/11\/csutcb-da-una-semana-de-plazo-para-renuncia-de-magistrados\/#primaryimage","url":"https:\/\/www.eldiario.net\/portal\/wp-content\/uploads\/2024\/02\/11-CSUTCB.jpg","contentUrl":"https:\/\/www.eldiario.net\/portal\/wp-content\/uploads\/2024\/02\/11-CSUTCB.jpg","width":1200,"height":747,"caption":"Ponciano Santos es af\u00edn al expresidente, Evo Morales."},{"@type":"BreadcrumbList","@id":"https:\/\/www.eldiario.net\/portal\/2024\/02\/11\/csutcb-da-una-semana-de-plazo-para-renuncia-de-magistrados\/#breadcrumb","itemListElement":[{"@type":"ListItem","position":1,"name":"Portada","item":"https:\/\/www.eldiario.net\/portal\/"},{"@type":"ListItem","position":2,"name":"Csutcb da una semana de\u00a0plazo para renuncia de magistrados"}]},{"@type":"WebSite","@id":"https:\/\/www.eldiario.net\/portal\/#website","url":"https:\/\/www.eldiario.net\/portal\/","name":"El Diario - Decano de la prensa nacional","description":"El Diario - Decano de la prensa nacional","publisher":{"@id":"https:\/\/www.eldiario.net\/portal\/#organization"},"potentialAction":[{"@type":"SearchAction","target":{"@type":"EntryPoint","urlTemplate":"https:\/\/www.eldiario.net\/portal\/?s={search_term_string}"},"query-input":{"@type":"PropertyValueSpecification","valueRequired":true,"valueName":"search_term_string"}}],"inLanguage":"es"},{"@type":"Organization","@id":"https:\/\/www.eldiario.net\/portal\/#organization","name":"El Diario - Decano de la prensa nacional","url":"https:\/\/www.eldiario.net\/portal\/","logo":{"@type":"ImageObject","inLanguage":"es","@id":"https:\/\/www.eldiario.net\/portal\/#\/schema\/logo\/image\/","url":"https:\/\/www.eldiario.net\/portal\/wp-content\/uploads\/2023\/07\/logo_ED.jpg","contentUrl":"https:\/\/www.eldiario.net\/portal\/wp-content\/uploads\/2023\/07\/logo_ED.jpg","width":272,"height":52,"caption":"El Diario - Decano de la prensa nacional"},"image":{"@id":"https:\/\/www.eldiario.net\/portal\/#\/schema\/logo\/image\/"},"sameAs":["https:\/\/www.facebook.com\/eldiario.bolivia\/","https:\/\/x.com\/eldiario_net"]},{"@type":"Person","@id":"https:\/\/www.eldiario.net\/portal\/#\/schema\/person\/f46445640444750d7d753ccd04ae01b7","name":"Jeanette","image":{"@type":"ImageObject","inLanguage":"es","@id":"https:\/\/secure.gravatar.com\/avatar\/3ea2118a5f7dad2b7138b1187a6b7ee55f160b9968b66013c3a3ef39dd7e5798?s=96&d=mm&r=g","url":"https:\/\/secure.gravatar.com\/avatar\/3ea2118a5f7dad2b7138b1187a6b7ee55f160b9968b66013c3a3ef39dd7e5798?s=96&d=mm&r=g","contentUrl":"https:\/\/secure.gravatar.com\/avatar\/3ea2118a5f7dad2b7138b1187a6b7ee55f160b9968b66013c3a3ef39dd7e5798?s=96&d=mm&r=g","caption":"Jeanette"},"sameAs":["https:\/\/www.eldiario.net\/portal"],"url":"https:\/\/www.eldiario.net\/portal\/author\/jeanette\/"}]}},"_links":{"self":[{"href":"https:\/\/www.eldiario.net\/portal\/wp-json\/wp\/v2\/posts\/202390","targetHints":{"allow":["GET"]}}],"collection":[{"href":"https:\/\/www.eldiario.net\/portal\/wp-json\/wp\/v2\/posts"}],"about":[{"href":"https:\/\/www.eldiario.net\/portal\/wp-json\/wp\/v2\/types\/post"}],"author":[{"embeddable":true,"href":"https:\/\/www.eldiario.net\/portal\/wp-json\/wp\/v2\/users\/1"}],"replies":[{"embeddable":true,"href":"https:\/\/www.eldiario.net\/portal\/wp-json\/wp\/v2\/comments?post=202390"}],"version-history":[{"count":1,"href":"https:\/\/www.eldiario.net\/portal\/wp-json\/wp\/v2\/posts\/202390\/revisions"}],"predecessor-version":[{"id":202392,"href":"https:\/\/www.eldiario.net\/portal\/wp-json\/wp\/v2\/posts\/202390\/revisions\/202392"}],"wp:featuredmedia":[{"embeddable":true,"href":"https:\/\/www.eldiario.net\/portal\/wp-json\/wp\/v2\/media\/202391"}],"wp:attachment":[{"href":"https:\/\/www.eldiario.net\/portal\/wp-json\/wp\/v2\/media?parent=202390"}],"wp:term":[{"taxonomy":"category","embeddable":true,"href":"https:\/\/www.eldiario.net\/portal\/wp-json\/wp\/v2\/categories?post=202390"},{"taxonomy":"post_tag","embeddable":true,"href":"https:\/\/www.eldiario.net\/portal\/wp-json\/wp\/v2\/tags?post=202390"}],"curies":[{"name":"wp","href":"https:\/\/api.w.org\/{rel}","templated":true}]}}