{"id":202387,"date":"2024-02-11T06:23:25","date_gmt":"2024-02-11T10:23:25","guid":{"rendered":"https:\/\/www.eldiario.net\/portal\/?p=202387"},"modified":"2024-02-11T06:23:25","modified_gmt":"2024-02-11T10:23:25","slug":"sentencian-a-30-anos-a-asesinos-de-madre-e-hija","status":"publish","type":"post","link":"https:\/\/www.eldiario.net\/portal\/2024\/02\/11\/sentencian-a-30-anos-a-asesinos-de-madre-e-hija\/","title":{"rendered":"Sentencian a 30 a\u00f1os a asesinos de madre e hija"},"content":{"rendered":"<p>Los dos acusados del doble asesinato de Mar\u00eda L. Vega y Miranda Tejada fueron sentenciados ayer a 30 a\u00f1os de c\u00e1rcel sin derecho a indulto en el penal de Chonchocoro, luego de someterse a un proceso abreviado.<br \/>\nEl Juzgado S\u00e9ptimo de Instrucci\u00f3n en lo Penal de La Paz determin\u00f3 la pena m\u00e1xima contra Gabriel M. R. (50 a\u00f1os) y Wilfredo S. S. (31 a\u00f1os), luego de declararse autores del doble asesinato de la madre y su hija.<br \/>\nEn cuanto al supuesto c\u00f3mplice, el juez determin\u00f3 detenci\u00f3n preventiva para Jos\u00e9 Luis S. S. (29 a\u00f1os), el hermano del alba\u00f1il asesino, quien deber\u00e1 cumplirla en el centro penitenciario de San Pedro.<br \/>\nEl fiscal departamental, William Alave, inform\u00f3 que los autores admitieron su culpabilidad y solicitaron acogerse al procedimiento abreviado, dando lugar a la sentencia que dicta pena m\u00e1xima.<br \/>\nEl tercer involucrado, quien presumiblemente tuvo posesi\u00f3n de los celulares de las v\u00edctimas y condujo el veh\u00edculo con sus cuerpos para enterrarlas en Viacha, permanecer\u00e1 en el penal de San Pedro con detenci\u00f3n preventiva, pues la investigaci\u00f3n reci\u00e9n determinar\u00e1 su grado de participaci\u00f3n. (Agencias)<\/p>\n","protected":false},"excerpt":{"rendered":"<p>Los dos acusados del doble asesinato de Mar\u00eda L. Vega y Miranda Tejada fueron sentenciados ayer a 30 a\u00f1os de c\u00e1rcel sin derecho a indulto en el penal de Chonchocoro, luego de someterse a un proceso abreviado. El Juzgado S\u00e9ptimo de Instrucci\u00f3n en lo Penal de La Paz determin\u00f3 la pena m\u00e1xima contra Gabriel M. [&hellip;]<\/p>\n","protected":false},"author":1,"featured_media":202388,"comment_status":"open","ping_status":"open","sticky":false,"template":"","format":"standard","meta":{"_acf_changed":false,"footnotes":""},"categories":[39],"tags":[],"class_list":["post-202387","post","type-post","status-publish","format-standard","has-post-thumbnail","category-sociedad"],"acf":{"antetitulo":""},"yoast_head":"<!-- This site is optimized with the Yoast SEO plugin v28.3 - https:\/\/yoast.com\/product\/yoast-seo-wordpress\/ -->\n<title>Sentencian a 30 a\u00f1os a asesinos de madre e hija - El Diario - Bolivia<\/title>\n<meta name=\"robots\" content=\"index, follow, max-snippet:-1, max-image-preview:large, max-video-preview:-1\" \/>\n<link rel=\"canonical\" href=\"https:\/\/www.eldiario.net\/portal\/2024\/02\/11\/sentencian-a-30-anos-a-asesinos-de-madre-e-hija\/\" \/>\n<meta property=\"og:locale\" content=\"es_ES\" \/>\n<meta property=\"og:type\" content=\"article\" \/>\n<meta property=\"og:title\" content=\"Sentencian a 30 a\u00f1os a asesinos de madre e hija - El Diario - Bolivia\" \/>\n<meta property=\"og:description\" content=\"Los dos acusados del doble asesinato de Mar\u00eda L. Vega y Miranda Tejada fueron sentenciados ayer a 30 a\u00f1os de c\u00e1rcel sin derecho a indulto en el penal de Chonchocoro, luego de someterse a un proceso abreviado. El Juzgado S\u00e9ptimo de Instrucci\u00f3n en lo Penal de La Paz determin\u00f3 la pena m\u00e1xima contra Gabriel M. [&hellip;]\" \/>\n<meta property=\"og:url\" content=\"https:\/\/www.eldiario.net\/portal\/2024\/02\/11\/sentencian-a-30-anos-a-asesinos-de-madre-e-hija\/\" \/>\n<meta property=\"og:site_name\" content=\"El Diario - Bolivia\" \/>\n<meta property=\"article:publisher\" content=\"https:\/\/www.facebook.com\/eldiario.bolivia\/\" \/>\n<meta property=\"article:published_time\" content=\"2024-02-11T10:23:25+00:00\" \/>\n<meta property=\"og:image\" content=\"https:\/\/www.eldiario.net\/portal\/wp-content\/uploads\/2024\/02\/11-MUJERES.jpeg\" \/>\n\t<meta property=\"og:image:width\" content=\"720\" \/>\n\t<meta property=\"og:image:height\" content=\"399\" \/>\n\t<meta property=\"og:image:type\" content=\"image\/jpeg\" \/>\n<meta name=\"author\" content=\"Jeanette\" \/>\n<meta name=\"twitter:card\" content=\"summary_large_image\" \/>\n<meta name=\"twitter:creator\" content=\"@eldiario_net\" \/>\n<meta name=\"twitter:site\" content=\"@eldiario_net\" \/>\n<meta name=\"twitter:label1\" content=\"Escrito por\" \/>\n\t<meta name=\"twitter:data1\" content=\"Jeanette\" \/>\n\t<meta name=\"twitter:label2\" content=\"Tiempo de lectura\" \/>\n\t<meta name=\"twitter:data2\" content=\"2 minutos\" \/>\n<script type=\"application\/ld+json\" class=\"yoast-schema-graph\">{\"@context\":\"https:\\\/\\\/schema.org\",\"@graph\":[{\"@type\":\"Article\",\"@id\":\"https:\\\/\\\/www.eldiario.net\\\/portal\\\/2024\\\/02\\\/11\\\/sentencian-a-30-anos-a-asesinos-de-madre-e-hija\\\/#article\",\"isPartOf\":{\"@id\":\"https:\\\/\\\/www.eldiario.net\\\/portal\\\/2024\\\/02\\\/11\\\/sentencian-a-30-anos-a-asesinos-de-madre-e-hija\\\/\"},\"author\":{\"name\":\"Jeanette\",\"@id\":\"https:\\\/\\\/www.eldiario.net\\\/portal\\\/#\\\/schema\\\/person\\\/f46445640444750d7d753ccd04ae01b7\"},\"headline\":\"Sentencian a 30 a\u00f1os a asesinos de madre e hija\",\"datePublished\":\"2024-02-11T10:23:25+00:00\",\"mainEntityOfPage\":{\"@id\":\"https:\\\/\\\/www.eldiario.net\\\/portal\\\/2024\\\/02\\\/11\\\/sentencian-a-30-anos-a-asesinos-de-madre-e-hija\\\/\"},\"wordCount\":206,\"commentCount\":0,\"publisher\":{\"@id\":\"https:\\\/\\\/www.eldiario.net\\\/portal\\\/#organization\"},\"image\":{\"@id\":\"https:\\\/\\\/www.eldiario.net\\\/portal\\\/2024\\\/02\\\/11\\\/sentencian-a-30-anos-a-asesinos-de-madre-e-hija\\\/#primaryimage\"},\"thumbnailUrl\":\"https:\\\/\\\/www.eldiario.net\\\/portal\\\/wp-content\\\/uploads\\\/2024\\\/02\\\/11-MUJERES.jpeg\",\"articleSection\":[\"Sociedad - Seguridad\"],\"inLanguage\":\"es\",\"potentialAction\":[{\"@type\":\"CommentAction\",\"name\":\"Comment\",\"target\":[\"https:\\\/\\\/www.eldiario.net\\\/portal\\\/2024\\\/02\\\/11\\\/sentencian-a-30-anos-a-asesinos-de-madre-e-hija\\\/#respond\"]}]},{\"@type\":\"WebPage\",\"@id\":\"https:\\\/\\\/www.eldiario.net\\\/portal\\\/2024\\\/02\\\/11\\\/sentencian-a-30-anos-a-asesinos-de-madre-e-hija\\\/\",\"url\":\"https:\\\/\\\/www.eldiario.net\\\/portal\\\/2024\\\/02\\\/11\\\/sentencian-a-30-anos-a-asesinos-de-madre-e-hija\\\/\",\"name\":\"Sentencian a 30 a\u00f1os a asesinos de madre e hija - El Diario - Bolivia\",\"isPartOf\":{\"@id\":\"https:\\\/\\\/www.eldiario.net\\\/portal\\\/#website\"},\"primaryImageOfPage\":{\"@id\":\"https:\\\/\\\/www.eldiario.net\\\/portal\\\/2024\\\/02\\\/11\\\/sentencian-a-30-anos-a-asesinos-de-madre-e-hija\\\/#primaryimage\"},\"image\":{\"@id\":\"https:\\\/\\\/www.eldiario.net\\\/portal\\\/2024\\\/02\\\/11\\\/sentencian-a-30-anos-a-asesinos-de-madre-e-hija\\\/#primaryimage\"},\"thumbnailUrl\":\"https:\\\/\\\/www.eldiario.net\\\/portal\\\/wp-content\\\/uploads\\\/2024\\\/02\\\/11-MUJERES.jpeg\",\"datePublished\":\"2024-02-11T10:23:25+00:00\",\"breadcrumb\":{\"@id\":\"https:\\\/\\\/www.eldiario.net\\\/portal\\\/2024\\\/02\\\/11\\\/sentencian-a-30-anos-a-asesinos-de-madre-e-hija\\\/#breadcrumb\"},\"inLanguage\":\"es\",\"potentialAction\":[{\"@type\":\"ReadAction\",\"target\":[\"https:\\\/\\\/www.eldiario.net\\\/portal\\\/2024\\\/02\\\/11\\\/sentencian-a-30-anos-a-asesinos-de-madre-e-hija\\\/\"]}]},{\"@type\":\"ImageObject\",\"inLanguage\":\"es\",\"@id\":\"https:\\\/\\\/www.eldiario.net\\\/portal\\\/2024\\\/02\\\/11\\\/sentencian-a-30-anos-a-asesinos-de-madre-e-hija\\\/#primaryimage\",\"url\":\"https:\\\/\\\/www.eldiario.net\\\/portal\\\/wp-content\\\/uploads\\\/2024\\\/02\\\/11-MUJERES.jpeg\",\"contentUrl\":\"https:\\\/\\\/www.eldiario.net\\\/portal\\\/wp-content\\\/uploads\\\/2024\\\/02\\\/11-MUJERES.jpeg\",\"width\":720,\"height\":399,\"caption\":\"Los asesinos confesos se acogieron al proceso abreviado.\"},{\"@type\":\"BreadcrumbList\",\"@id\":\"https:\\\/\\\/www.eldiario.net\\\/portal\\\/2024\\\/02\\\/11\\\/sentencian-a-30-anos-a-asesinos-de-madre-e-hija\\\/#breadcrumb\",\"itemListElement\":[{\"@type\":\"ListItem\",\"position\":1,\"name\":\"Portada\",\"item\":\"https:\\\/\\\/www.eldiario.net\\\/portal\\\/\"},{\"@type\":\"ListItem\",\"position\":2,\"name\":\"Sentencian a 30 a\u00f1os a asesinos de madre e hija\"}]},{\"@type\":\"WebSite\",\"@id\":\"https:\\\/\\\/www.eldiario.net\\\/portal\\\/#website\",\"url\":\"https:\\\/\\\/www.eldiario.net\\\/portal\\\/\",\"name\":\"El Diario - Decano de la prensa nacional\",\"description\":\"El Diario - Decano de la prensa nacional\",\"publisher\":{\"@id\":\"https:\\\/\\\/www.eldiario.net\\\/portal\\\/#organization\"},\"potentialAction\":[{\"@type\":\"SearchAction\",\"target\":{\"@type\":\"EntryPoint\",\"urlTemplate\":\"https:\\\/\\\/www.eldiario.net\\\/portal\\\/?s={search_term_string}\"},\"query-input\":{\"@type\":\"PropertyValueSpecification\",\"valueRequired\":true,\"valueName\":\"search_term_string\"}}],\"inLanguage\":\"es\"},{\"@type\":\"Organization\",\"@id\":\"https:\\\/\\\/www.eldiario.net\\\/portal\\\/#organization\",\"name\":\"El Diario - Decano de la prensa nacional\",\"url\":\"https:\\\/\\\/www.eldiario.net\\\/portal\\\/\",\"logo\":{\"@type\":\"ImageObject\",\"inLanguage\":\"es\",\"@id\":\"https:\\\/\\\/www.eldiario.net\\\/portal\\\/#\\\/schema\\\/logo\\\/image\\\/\",\"url\":\"https:\\\/\\\/www.eldiario.net\\\/portal\\\/wp-content\\\/uploads\\\/2023\\\/07\\\/logo_ED.jpg\",\"contentUrl\":\"https:\\\/\\\/www.eldiario.net\\\/portal\\\/wp-content\\\/uploads\\\/2023\\\/07\\\/logo_ED.jpg\",\"width\":272,\"height\":52,\"caption\":\"El Diario - Decano de la prensa nacional\"},\"image\":{\"@id\":\"https:\\\/\\\/www.eldiario.net\\\/portal\\\/#\\\/schema\\\/logo\\\/image\\\/\"},\"sameAs\":[\"https:\\\/\\\/www.facebook.com\\\/eldiario.bolivia\\\/\",\"https:\\\/\\\/x.com\\\/eldiario_net\"]},{\"@type\":\"Person\",\"@id\":\"https:\\\/\\\/www.eldiario.net\\\/portal\\\/#\\\/schema\\\/person\\\/f46445640444750d7d753ccd04ae01b7\",\"name\":\"Jeanette\",\"image\":{\"@type\":\"ImageObject\",\"inLanguage\":\"es\",\"@id\":\"https:\\\/\\\/secure.gravatar.com\\\/avatar\\\/3ea2118a5f7dad2b7138b1187a6b7ee55f160b9968b66013c3a3ef39dd7e5798?s=96&d=mm&r=g\",\"url\":\"https:\\\/\\\/secure.gravatar.com\\\/avatar\\\/3ea2118a5f7dad2b7138b1187a6b7ee55f160b9968b66013c3a3ef39dd7e5798?s=96&d=mm&r=g\",\"contentUrl\":\"https:\\\/\\\/secure.gravatar.com\\\/avatar\\\/3ea2118a5f7dad2b7138b1187a6b7ee55f160b9968b66013c3a3ef39dd7e5798?s=96&d=mm&r=g\",\"caption\":\"Jeanette\"},\"sameAs\":[\"https:\\\/\\\/www.eldiario.net\\\/portal\"],\"url\":\"https:\\\/\\\/www.eldiario.net\\\/portal\\\/author\\\/jeanette\\\/\"}]}<\/script>\n<!-- \/ Yoast SEO plugin. -->","yoast_head_json":{"title":"Sentencian a 30 a\u00f1os a asesinos de madre e hija - El Diario - Bolivia","robots":{"index":"index","follow":"follow","max-snippet":"max-snippet:-1","max-image-preview":"max-image-preview:large","max-video-preview":"max-video-preview:-1"},"canonical":"https:\/\/www.eldiario.net\/portal\/2024\/02\/11\/sentencian-a-30-anos-a-asesinos-de-madre-e-hija\/","og_locale":"es_ES","og_type":"article","og_title":"Sentencian a 30 a\u00f1os a asesinos de madre e hija - El Diario - Bolivia","og_description":"Los dos acusados del doble asesinato de Mar\u00eda L. Vega y Miranda Tejada fueron sentenciados ayer a 30 a\u00f1os de c\u00e1rcel sin derecho a indulto en el penal de Chonchocoro, luego de someterse a un proceso abreviado. El Juzgado S\u00e9ptimo de Instrucci\u00f3n en lo Penal de La Paz determin\u00f3 la pena m\u00e1xima contra Gabriel M. [&hellip;]","og_url":"https:\/\/www.eldiario.net\/portal\/2024\/02\/11\/sentencian-a-30-anos-a-asesinos-de-madre-e-hija\/","og_site_name":"El Diario - Bolivia","article_publisher":"https:\/\/www.facebook.com\/eldiario.bolivia\/","article_published_time":"2024-02-11T10:23:25+00:00","og_image":[{"width":720,"height":399,"url":"https:\/\/www.eldiario.net\/portal\/wp-content\/uploads\/2024\/02\/11-MUJERES.jpeg","type":"image\/jpeg"}],"author":"Jeanette","twitter_card":"summary_large_image","twitter_creator":"@eldiario_net","twitter_site":"@eldiario_net","twitter_misc":{"Escrito por":"Jeanette","Tiempo de lectura":"2 minutos"},"schema":{"@context":"https:\/\/schema.org","@graph":[{"@type":"Article","@id":"https:\/\/www.eldiario.net\/portal\/2024\/02\/11\/sentencian-a-30-anos-a-asesinos-de-madre-e-hija\/#article","isPartOf":{"@id":"https:\/\/www.eldiario.net\/portal\/2024\/02\/11\/sentencian-a-30-anos-a-asesinos-de-madre-e-hija\/"},"author":{"name":"Jeanette","@id":"https:\/\/www.eldiario.net\/portal\/#\/schema\/person\/f46445640444750d7d753ccd04ae01b7"},"headline":"Sentencian a 30 a\u00f1os a asesinos de madre e hija","datePublished":"2024-02-11T10:23:25+00:00","mainEntityOfPage":{"@id":"https:\/\/www.eldiario.net\/portal\/2024\/02\/11\/sentencian-a-30-anos-a-asesinos-de-madre-e-hija\/"},"wordCount":206,"commentCount":0,"publisher":{"@id":"https:\/\/www.eldiario.net\/portal\/#organization"},"image":{"@id":"https:\/\/www.eldiario.net\/portal\/2024\/02\/11\/sentencian-a-30-anos-a-asesinos-de-madre-e-hija\/#primaryimage"},"thumbnailUrl":"https:\/\/www.eldiario.net\/portal\/wp-content\/uploads\/2024\/02\/11-MUJERES.jpeg","articleSection":["Sociedad - Seguridad"],"inLanguage":"es","potentialAction":[{"@type":"CommentAction","name":"Comment","target":["https:\/\/www.eldiario.net\/portal\/2024\/02\/11\/sentencian-a-30-anos-a-asesinos-de-madre-e-hija\/#respond"]}]},{"@type":"WebPage","@id":"https:\/\/www.eldiario.net\/portal\/2024\/02\/11\/sentencian-a-30-anos-a-asesinos-de-madre-e-hija\/","url":"https:\/\/www.eldiario.net\/portal\/2024\/02\/11\/sentencian-a-30-anos-a-asesinos-de-madre-e-hija\/","name":"Sentencian a 30 a\u00f1os a asesinos de madre e hija - El Diario - Bolivia","isPartOf":{"@id":"https:\/\/www.eldiario.net\/portal\/#website"},"primaryImageOfPage":{"@id":"https:\/\/www.eldiario.net\/portal\/2024\/02\/11\/sentencian-a-30-anos-a-asesinos-de-madre-e-hija\/#primaryimage"},"image":{"@id":"https:\/\/www.eldiario.net\/portal\/2024\/02\/11\/sentencian-a-30-anos-a-asesinos-de-madre-e-hija\/#primaryimage"},"thumbnailUrl":"https:\/\/www.eldiario.net\/portal\/wp-content\/uploads\/2024\/02\/11-MUJERES.jpeg","datePublished":"2024-02-11T10:23:25+00:00","breadcrumb":{"@id":"https:\/\/www.eldiario.net\/portal\/2024\/02\/11\/sentencian-a-30-anos-a-asesinos-de-madre-e-hija\/#breadcrumb"},"inLanguage":"es","potentialAction":[{"@type":"ReadAction","target":["https:\/\/www.eldiario.net\/portal\/2024\/02\/11\/sentencian-a-30-anos-a-asesinos-de-madre-e-hija\/"]}]},{"@type":"ImageObject","inLanguage":"es","@id":"https:\/\/www.eldiario.net\/portal\/2024\/02\/11\/sentencian-a-30-anos-a-asesinos-de-madre-e-hija\/#primaryimage","url":"https:\/\/www.eldiario.net\/portal\/wp-content\/uploads\/2024\/02\/11-MUJERES.jpeg","contentUrl":"https:\/\/www.eldiario.net\/portal\/wp-content\/uploads\/2024\/02\/11-MUJERES.jpeg","width":720,"height":399,"caption":"Los asesinos confesos se acogieron al proceso abreviado."},{"@type":"BreadcrumbList","@id":"https:\/\/www.eldiario.net\/portal\/2024\/02\/11\/sentencian-a-30-anos-a-asesinos-de-madre-e-hija\/#breadcrumb","itemListElement":[{"@type":"ListItem","position":1,"name":"Portada","item":"https:\/\/www.eldiario.net\/portal\/"},{"@type":"ListItem","position":2,"name":"Sentencian a 30 a\u00f1os a asesinos de madre e hija"}]},{"@type":"WebSite","@id":"https:\/\/www.eldiario.net\/portal\/#website","url":"https:\/\/www.eldiario.net\/portal\/","name":"El Diario - Decano de la prensa nacional","description":"El Diario - Decano de la prensa nacional","publisher":{"@id":"https:\/\/www.eldiario.net\/portal\/#organization"},"potentialAction":[{"@type":"SearchAction","target":{"@type":"EntryPoint","urlTemplate":"https:\/\/www.eldiario.net\/portal\/?s={search_term_string}"},"query-input":{"@type":"PropertyValueSpecification","valueRequired":true,"valueName":"search_term_string"}}],"inLanguage":"es"},{"@type":"Organization","@id":"https:\/\/www.eldiario.net\/portal\/#organization","name":"El Diario - Decano de la prensa nacional","url":"https:\/\/www.eldiario.net\/portal\/","logo":{"@type":"ImageObject","inLanguage":"es","@id":"https:\/\/www.eldiario.net\/portal\/#\/schema\/logo\/image\/","url":"https:\/\/www.eldiario.net\/portal\/wp-content\/uploads\/2023\/07\/logo_ED.jpg","contentUrl":"https:\/\/www.eldiario.net\/portal\/wp-content\/uploads\/2023\/07\/logo_ED.jpg","width":272,"height":52,"caption":"El Diario - Decano de la prensa nacional"},"image":{"@id":"https:\/\/www.eldiario.net\/portal\/#\/schema\/logo\/image\/"},"sameAs":["https:\/\/www.facebook.com\/eldiario.bolivia\/","https:\/\/x.com\/eldiario_net"]},{"@type":"Person","@id":"https:\/\/www.eldiario.net\/portal\/#\/schema\/person\/f46445640444750d7d753ccd04ae01b7","name":"Jeanette","image":{"@type":"ImageObject","inLanguage":"es","@id":"https:\/\/secure.gravatar.com\/avatar\/3ea2118a5f7dad2b7138b1187a6b7ee55f160b9968b66013c3a3ef39dd7e5798?s=96&d=mm&r=g","url":"https:\/\/secure.gravatar.com\/avatar\/3ea2118a5f7dad2b7138b1187a6b7ee55f160b9968b66013c3a3ef39dd7e5798?s=96&d=mm&r=g","contentUrl":"https:\/\/secure.gravatar.com\/avatar\/3ea2118a5f7dad2b7138b1187a6b7ee55f160b9968b66013c3a3ef39dd7e5798?s=96&d=mm&r=g","caption":"Jeanette"},"sameAs":["https:\/\/www.eldiario.net\/portal"],"url":"https:\/\/www.eldiario.net\/portal\/author\/jeanette\/"}]}},"_links":{"self":[{"href":"https:\/\/www.eldiario.net\/portal\/wp-json\/wp\/v2\/posts\/202387","targetHints":{"allow":["GET"]}}],"collection":[{"href":"https:\/\/www.eldiario.net\/portal\/wp-json\/wp\/v2\/posts"}],"about":[{"href":"https:\/\/www.eldiario.net\/portal\/wp-json\/wp\/v2\/types\/post"}],"author":[{"embeddable":true,"href":"https:\/\/www.eldiario.net\/portal\/wp-json\/wp\/v2\/users\/1"}],"replies":[{"embeddable":true,"href":"https:\/\/www.eldiario.net\/portal\/wp-json\/wp\/v2\/comments?post=202387"}],"version-history":[{"count":1,"href":"https:\/\/www.eldiario.net\/portal\/wp-json\/wp\/v2\/posts\/202387\/revisions"}],"predecessor-version":[{"id":202389,"href":"https:\/\/www.eldiario.net\/portal\/wp-json\/wp\/v2\/posts\/202387\/revisions\/202389"}],"wp:featuredmedia":[{"embeddable":true,"href":"https:\/\/www.eldiario.net\/portal\/wp-json\/wp\/v2\/media\/202388"}],"wp:attachment":[{"href":"https:\/\/www.eldiario.net\/portal\/wp-json\/wp\/v2\/media?parent=202387"}],"wp:term":[{"taxonomy":"category","embeddable":true,"href":"https:\/\/www.eldiario.net\/portal\/wp-json\/wp\/v2\/categories?post=202387"},{"taxonomy":"post_tag","embeddable":true,"href":"https:\/\/www.eldiario.net\/portal\/wp-json\/wp\/v2\/tags?post=202387"}],"curies":[{"name":"wp","href":"https:\/\/api.w.org\/{rel}","templated":true}]}}