{"id":202371,"date":"2024-02-11T06:09:22","date_gmt":"2024-02-11T10:09:22","guid":{"rendered":"https:\/\/www.eldiario.net\/portal\/?p=202371"},"modified":"2024-02-11T06:09:22","modified_gmt":"2024-02-11T10:09:22","slug":"bolivia-segundo-pais-de-mayor-riesgo-para-la-inversion-privada","status":"publish","type":"post","link":"https:\/\/www.eldiario.net\/portal\/2024\/02\/11\/bolivia-segundo-pais-de-mayor-riesgo-para-la-inversion-privada\/","title":{"rendered":"Bolivia segundo pa\u00eds de mayor  riesgo para la inversi\u00f3n privada"},"content":{"rendered":"<p>Al 8 de febrero de este a\u00f1o, el banco internacional JP Morgan, en su informe sobre calificaci\u00f3n de riesgo pa\u00eds en el continente americano, ubic\u00f3 a Bolivia como el segundo de la regi\u00f3n m\u00e1s riesgosa para la inversi\u00f3n privada, solo despu\u00e9s de Venezuela, seg\u00fan el presidente del Colegio de Economistas de Tarija, Luis Fernando Romero.<br \/>\nLa misma calificadora situaba a Bolivia en el mismo puesto, el 5 de diciembre pasado. Entonces Argentina, que ocupaba ese lugar, trep\u00f3 dos posiciones por la llegada del nuevo presidente, Javier Milei.<br \/>\nRomero explic\u00f3, seg\u00fan reporte de Datapolis, que en el ranking de riesgo pa\u00eds de JP Morgan, Bolivia se ubica en el pen\u00faltimo lugar con 1.958 puntos y Venezuela vuelve aparecer en el \u00faltimo puesto con 21.416 puntos, siendo la naci\u00f3n m\u00e1s riesgosa de la regi\u00f3n para la inversi\u00f3n de capitales privados desde hace varios a\u00f1os.<br \/>\n\u201cEntre los efectos principales va ahuyentar la inversi\u00f3n extranjera, va limitar mucho el crecimiento econ\u00f3mico de nuestro pa\u00eds que no va a superar el 2% para esta gesti\u00f3n, va a mantenernos en un nivel de pobreza preocupante, no se generar\u00e1n empleos y nuestra econom\u00eda estar\u00e1 a la deriva de la coyuntura externa\u201d, afirm\u00f3 el economista.<br \/>\nRomero relacion\u00f3 el informe de JP Morgan con el reporte de la calificadora Fitch Ratings, que hace unos d\u00edas redujo la calificaci\u00f3n para Bolivia de B- a \u201cCCC\u201d. Analistas econ\u00f3micos se\u00f1alaron entonces que, es como si Bolivia se hubiese sacado la nota de cero en un examen cuya ponderaci\u00f3n hubiese sido hipot\u00e9ticamente de 100 puntos.<br \/>\n\u201cLa semana previa al Carnaval ha sido tr\u00e1gica para la econom\u00eda nacional, para el Gobierno central y para el conjunto de Bolivia\u201d, dijo Romero, refiri\u00e9ndose a los reportes de Fitch Ratings y JP Morgan.<br \/>\nRomero record\u00f3 que, el d\u00e9ficit fiscal desde hace 11 a\u00f1os y la ca\u00edda de las Reservas Internacionales Netas (RIN), produjeron una notoria escasez de d\u00f3lares y un mercado paralelo de entre 8 y 9 bolivianos por cada d\u00f3lar estadounidense, lo que generar\u00e1 desabastecimiento de materias primas, insumos y productos finales intermedios.<br \/>\nEl informe del banco internacional JP Morgan, del 5 de diciembre de 2023, record\u00f3 que, el riesgo pa\u00eds de Bolivia hab\u00eda finalizado el 2022 en 563 puntos, un n\u00famero razonable para la regi\u00f3n. Sin embargo, en 2023 el mercado empez\u00f3 a mostrar una gran preocupaci\u00f3n por la ca\u00edda de reservas netas del Banco Central de Bolivia ($us 3.158 a abril de este a\u00f1o) y el spread soberano casi que se cuadruplic\u00f3, para ubicarse actualmente en 2.092.<br \/>\nSeg\u00fan el informe mensual de Bloomberg, basado en datos de la calificadora JP Morgan, el \u00fanico con m\u00e1s riesgo pa\u00eds que Bolivia, hasta diciembre 2023 es Venezuela, donde el indicador llega a 17.500. Hasta el a\u00f1o 2022, Ecuador ten\u00eda el tercer riesgo pa\u00eds m\u00e1s alto, despu\u00e9s de Venezuela y Argentina. (Br\u00fajula Digital)<\/p>\n","protected":false},"excerpt":{"rendered":"<p>Al 8 de febrero de este a\u00f1o, el banco internacional JP Morgan, en su informe sobre calificaci\u00f3n de riesgo pa\u00eds en el continente americano, ubic\u00f3 a Bolivia como el segundo de la regi\u00f3n m\u00e1s riesgosa para la inversi\u00f3n privada, solo despu\u00e9s de Venezuela, seg\u00fan el presidente del Colegio de Economistas de Tarija, Luis Fernando Romero. [&hellip;]<\/p>\n","protected":false},"author":1,"featured_media":202372,"comment_status":"open","ping_status":"open","sticky":false,"template":"","format":"standard","meta":{"_acf_changed":false,"footnotes":""},"categories":[17],"tags":[],"class_list":["post-202371","post","type-post","status-publish","format-standard","has-post-thumbnail","category-principal"],"acf":{"antetitulo":"De acuerdo con el informe de JP Morgan del 8 de este mes"},"yoast_head":"<!-- This site is optimized with the Yoast SEO plugin v28.3 - https:\/\/yoast.com\/product\/yoast-seo-wordpress\/ -->\n<title>Bolivia segundo pa\u00eds de mayor riesgo para la inversi\u00f3n privada - El Diario - Bolivia<\/title>\n<meta name=\"robots\" content=\"index, follow, max-snippet:-1, max-image-preview:large, max-video-preview:-1\" \/>\n<link rel=\"canonical\" href=\"https:\/\/www.eldiario.net\/portal\/2024\/02\/11\/bolivia-segundo-pais-de-mayor-riesgo-para-la-inversion-privada\/\" \/>\n<meta property=\"og:locale\" content=\"es_ES\" \/>\n<meta property=\"og:type\" content=\"article\" \/>\n<meta property=\"og:title\" content=\"Bolivia segundo pa\u00eds de mayor riesgo para la inversi\u00f3n privada - El Diario - Bolivia\" \/>\n<meta property=\"og:description\" content=\"Al 8 de febrero de este a\u00f1o, el banco internacional JP Morgan, en su informe sobre calificaci\u00f3n de riesgo pa\u00eds en el continente americano, ubic\u00f3 a Bolivia como el segundo de la regi\u00f3n m\u00e1s riesgosa para la inversi\u00f3n privada, solo despu\u00e9s de Venezuela, seg\u00fan el presidente del Colegio de Economistas de Tarija, Luis Fernando Romero. [&hellip;]\" \/>\n<meta property=\"og:url\" content=\"https:\/\/www.eldiario.net\/portal\/2024\/02\/11\/bolivia-segundo-pais-de-mayor-riesgo-para-la-inversion-privada\/\" \/>\n<meta property=\"og:site_name\" content=\"El Diario - Bolivia\" \/>\n<meta property=\"article:publisher\" content=\"https:\/\/www.facebook.com\/eldiario.bolivia\/\" \/>\n<meta property=\"article:published_time\" content=\"2024-02-11T10:09:22+00:00\" \/>\n<meta property=\"og:image\" content=\"https:\/\/www.eldiario.net\/portal\/wp-content\/uploads\/2024\/02\/P-1-1.jpeg\" \/>\n\t<meta property=\"og:image:width\" content=\"720\" \/>\n\t<meta property=\"og:image:height\" content=\"400\" \/>\n\t<meta property=\"og:image:type\" content=\"image\/jpeg\" \/>\n<meta name=\"author\" content=\"Jeanette\" \/>\n<meta name=\"twitter:card\" content=\"summary_large_image\" \/>\n<meta name=\"twitter:creator\" content=\"@eldiario_net\" \/>\n<meta name=\"twitter:site\" content=\"@eldiario_net\" \/>\n<meta name=\"twitter:label1\" content=\"Escrito por\" \/>\n\t<meta name=\"twitter:data1\" content=\"Jeanette\" \/>\n\t<meta name=\"twitter:label2\" content=\"Tiempo de lectura\" \/>\n\t<meta name=\"twitter:data2\" content=\"3 minutos\" \/>\n<script type=\"application\/ld+json\" class=\"yoast-schema-graph\">{\"@context\":\"https:\\\/\\\/schema.org\",\"@graph\":[{\"@type\":\"Article\",\"@id\":\"https:\\\/\\\/www.eldiario.net\\\/portal\\\/2024\\\/02\\\/11\\\/bolivia-segundo-pais-de-mayor-riesgo-para-la-inversion-privada\\\/#article\",\"isPartOf\":{\"@id\":\"https:\\\/\\\/www.eldiario.net\\\/portal\\\/2024\\\/02\\\/11\\\/bolivia-segundo-pais-de-mayor-riesgo-para-la-inversion-privada\\\/\"},\"author\":{\"name\":\"Jeanette\",\"@id\":\"https:\\\/\\\/www.eldiario.net\\\/portal\\\/#\\\/schema\\\/person\\\/f46445640444750d7d753ccd04ae01b7\"},\"headline\":\"Bolivia segundo pa\u00eds de mayor riesgo para la inversi\u00f3n privada\",\"datePublished\":\"2024-02-11T10:09:22+00:00\",\"mainEntityOfPage\":{\"@id\":\"https:\\\/\\\/www.eldiario.net\\\/portal\\\/2024\\\/02\\\/11\\\/bolivia-segundo-pais-de-mayor-riesgo-para-la-inversion-privada\\\/\"},\"wordCount\":510,\"commentCount\":0,\"publisher\":{\"@id\":\"https:\\\/\\\/www.eldiario.net\\\/portal\\\/#organization\"},\"image\":{\"@id\":\"https:\\\/\\\/www.eldiario.net\\\/portal\\\/2024\\\/02\\\/11\\\/bolivia-segundo-pais-de-mayor-riesgo-para-la-inversion-privada\\\/#primaryimage\"},\"thumbnailUrl\":\"https:\\\/\\\/www.eldiario.net\\\/portal\\\/wp-content\\\/uploads\\\/2024\\\/02\\\/P-1-1.jpeg\",\"articleSection\":[\"Principal\"],\"inLanguage\":\"es\",\"potentialAction\":[{\"@type\":\"CommentAction\",\"name\":\"Comment\",\"target\":[\"https:\\\/\\\/www.eldiario.net\\\/portal\\\/2024\\\/02\\\/11\\\/bolivia-segundo-pais-de-mayor-riesgo-para-la-inversion-privada\\\/#respond\"]}]},{\"@type\":\"WebPage\",\"@id\":\"https:\\\/\\\/www.eldiario.net\\\/portal\\\/2024\\\/02\\\/11\\\/bolivia-segundo-pais-de-mayor-riesgo-para-la-inversion-privada\\\/\",\"url\":\"https:\\\/\\\/www.eldiario.net\\\/portal\\\/2024\\\/02\\\/11\\\/bolivia-segundo-pais-de-mayor-riesgo-para-la-inversion-privada\\\/\",\"name\":\"Bolivia segundo pa\u00eds de mayor riesgo para la inversi\u00f3n privada - El Diario - Bolivia\",\"isPartOf\":{\"@id\":\"https:\\\/\\\/www.eldiario.net\\\/portal\\\/#website\"},\"primaryImageOfPage\":{\"@id\":\"https:\\\/\\\/www.eldiario.net\\\/portal\\\/2024\\\/02\\\/11\\\/bolivia-segundo-pais-de-mayor-riesgo-para-la-inversion-privada\\\/#primaryimage\"},\"image\":{\"@id\":\"https:\\\/\\\/www.eldiario.net\\\/portal\\\/2024\\\/02\\\/11\\\/bolivia-segundo-pais-de-mayor-riesgo-para-la-inversion-privada\\\/#primaryimage\"},\"thumbnailUrl\":\"https:\\\/\\\/www.eldiario.net\\\/portal\\\/wp-content\\\/uploads\\\/2024\\\/02\\\/P-1-1.jpeg\",\"datePublished\":\"2024-02-11T10:09:22+00:00\",\"breadcrumb\":{\"@id\":\"https:\\\/\\\/www.eldiario.net\\\/portal\\\/2024\\\/02\\\/11\\\/bolivia-segundo-pais-de-mayor-riesgo-para-la-inversion-privada\\\/#breadcrumb\"},\"inLanguage\":\"es\",\"potentialAction\":[{\"@type\":\"ReadAction\",\"target\":[\"https:\\\/\\\/www.eldiario.net\\\/portal\\\/2024\\\/02\\\/11\\\/bolivia-segundo-pais-de-mayor-riesgo-para-la-inversion-privada\\\/\"]}]},{\"@type\":\"ImageObject\",\"inLanguage\":\"es\",\"@id\":\"https:\\\/\\\/www.eldiario.net\\\/portal\\\/2024\\\/02\\\/11\\\/bolivia-segundo-pais-de-mayor-riesgo-para-la-inversion-privada\\\/#primaryimage\",\"url\":\"https:\\\/\\\/www.eldiario.net\\\/portal\\\/wp-content\\\/uploads\\\/2024\\\/02\\\/P-1-1.jpeg\",\"contentUrl\":\"https:\\\/\\\/www.eldiario.net\\\/portal\\\/wp-content\\\/uploads\\\/2024\\\/02\\\/P-1-1.jpeg\",\"width\":720,\"height\":400,\"caption\":\"El banco internacional JP Morgan.\"},{\"@type\":\"BreadcrumbList\",\"@id\":\"https:\\\/\\\/www.eldiario.net\\\/portal\\\/2024\\\/02\\\/11\\\/bolivia-segundo-pais-de-mayor-riesgo-para-la-inversion-privada\\\/#breadcrumb\",\"itemListElement\":[{\"@type\":\"ListItem\",\"position\":1,\"name\":\"Portada\",\"item\":\"https:\\\/\\\/www.eldiario.net\\\/portal\\\/\"},{\"@type\":\"ListItem\",\"position\":2,\"name\":\"Bolivia segundo pa\u00eds de mayor riesgo para la inversi\u00f3n privada\"}]},{\"@type\":\"WebSite\",\"@id\":\"https:\\\/\\\/www.eldiario.net\\\/portal\\\/#website\",\"url\":\"https:\\\/\\\/www.eldiario.net\\\/portal\\\/\",\"name\":\"El Diario - Decano de la prensa nacional\",\"description\":\"El Diario - Decano de la prensa nacional\",\"publisher\":{\"@id\":\"https:\\\/\\\/www.eldiario.net\\\/portal\\\/#organization\"},\"potentialAction\":[{\"@type\":\"SearchAction\",\"target\":{\"@type\":\"EntryPoint\",\"urlTemplate\":\"https:\\\/\\\/www.eldiario.net\\\/portal\\\/?s={search_term_string}\"},\"query-input\":{\"@type\":\"PropertyValueSpecification\",\"valueRequired\":true,\"valueName\":\"search_term_string\"}}],\"inLanguage\":\"es\"},{\"@type\":\"Organization\",\"@id\":\"https:\\\/\\\/www.eldiario.net\\\/portal\\\/#organization\",\"name\":\"El Diario - Decano de la prensa nacional\",\"url\":\"https:\\\/\\\/www.eldiario.net\\\/portal\\\/\",\"logo\":{\"@type\":\"ImageObject\",\"inLanguage\":\"es\",\"@id\":\"https:\\\/\\\/www.eldiario.net\\\/portal\\\/#\\\/schema\\\/logo\\\/image\\\/\",\"url\":\"https:\\\/\\\/www.eldiario.net\\\/portal\\\/wp-content\\\/uploads\\\/2023\\\/07\\\/logo_ED.jpg\",\"contentUrl\":\"https:\\\/\\\/www.eldiario.net\\\/portal\\\/wp-content\\\/uploads\\\/2023\\\/07\\\/logo_ED.jpg\",\"width\":272,\"height\":52,\"caption\":\"El Diario - Decano de la prensa nacional\"},\"image\":{\"@id\":\"https:\\\/\\\/www.eldiario.net\\\/portal\\\/#\\\/schema\\\/logo\\\/image\\\/\"},\"sameAs\":[\"https:\\\/\\\/www.facebook.com\\\/eldiario.bolivia\\\/\",\"https:\\\/\\\/x.com\\\/eldiario_net\"]},{\"@type\":\"Person\",\"@id\":\"https:\\\/\\\/www.eldiario.net\\\/portal\\\/#\\\/schema\\\/person\\\/f46445640444750d7d753ccd04ae01b7\",\"name\":\"Jeanette\",\"image\":{\"@type\":\"ImageObject\",\"inLanguage\":\"es\",\"@id\":\"https:\\\/\\\/secure.gravatar.com\\\/avatar\\\/3ea2118a5f7dad2b7138b1187a6b7ee55f160b9968b66013c3a3ef39dd7e5798?s=96&d=mm&r=g\",\"url\":\"https:\\\/\\\/secure.gravatar.com\\\/avatar\\\/3ea2118a5f7dad2b7138b1187a6b7ee55f160b9968b66013c3a3ef39dd7e5798?s=96&d=mm&r=g\",\"contentUrl\":\"https:\\\/\\\/secure.gravatar.com\\\/avatar\\\/3ea2118a5f7dad2b7138b1187a6b7ee55f160b9968b66013c3a3ef39dd7e5798?s=96&d=mm&r=g\",\"caption\":\"Jeanette\"},\"sameAs\":[\"https:\\\/\\\/www.eldiario.net\\\/portal\"],\"url\":\"https:\\\/\\\/www.eldiario.net\\\/portal\\\/author\\\/jeanette\\\/\"}]}<\/script>\n<!-- \/ Yoast SEO plugin. -->","yoast_head_json":{"title":"Bolivia segundo pa\u00eds de mayor riesgo para la inversi\u00f3n privada - El Diario - Bolivia","robots":{"index":"index","follow":"follow","max-snippet":"max-snippet:-1","max-image-preview":"max-image-preview:large","max-video-preview":"max-video-preview:-1"},"canonical":"https:\/\/www.eldiario.net\/portal\/2024\/02\/11\/bolivia-segundo-pais-de-mayor-riesgo-para-la-inversion-privada\/","og_locale":"es_ES","og_type":"article","og_title":"Bolivia segundo pa\u00eds de mayor riesgo para la inversi\u00f3n privada - El Diario - Bolivia","og_description":"Al 8 de febrero de este a\u00f1o, el banco internacional JP Morgan, en su informe sobre calificaci\u00f3n de riesgo pa\u00eds en el continente americano, ubic\u00f3 a Bolivia como el segundo de la regi\u00f3n m\u00e1s riesgosa para la inversi\u00f3n privada, solo despu\u00e9s de Venezuela, seg\u00fan el presidente del Colegio de Economistas de Tarija, Luis Fernando Romero. [&hellip;]","og_url":"https:\/\/www.eldiario.net\/portal\/2024\/02\/11\/bolivia-segundo-pais-de-mayor-riesgo-para-la-inversion-privada\/","og_site_name":"El Diario - Bolivia","article_publisher":"https:\/\/www.facebook.com\/eldiario.bolivia\/","article_published_time":"2024-02-11T10:09:22+00:00","og_image":[{"width":720,"height":400,"url":"https:\/\/www.eldiario.net\/portal\/wp-content\/uploads\/2024\/02\/P-1-1.jpeg","type":"image\/jpeg"}],"author":"Jeanette","twitter_card":"summary_large_image","twitter_creator":"@eldiario_net","twitter_site":"@eldiario_net","twitter_misc":{"Escrito por":"Jeanette","Tiempo de lectura":"3 minutos"},"schema":{"@context":"https:\/\/schema.org","@graph":[{"@type":"Article","@id":"https:\/\/www.eldiario.net\/portal\/2024\/02\/11\/bolivia-segundo-pais-de-mayor-riesgo-para-la-inversion-privada\/#article","isPartOf":{"@id":"https:\/\/www.eldiario.net\/portal\/2024\/02\/11\/bolivia-segundo-pais-de-mayor-riesgo-para-la-inversion-privada\/"},"author":{"name":"Jeanette","@id":"https:\/\/www.eldiario.net\/portal\/#\/schema\/person\/f46445640444750d7d753ccd04ae01b7"},"headline":"Bolivia segundo pa\u00eds de mayor riesgo para la inversi\u00f3n privada","datePublished":"2024-02-11T10:09:22+00:00","mainEntityOfPage":{"@id":"https:\/\/www.eldiario.net\/portal\/2024\/02\/11\/bolivia-segundo-pais-de-mayor-riesgo-para-la-inversion-privada\/"},"wordCount":510,"commentCount":0,"publisher":{"@id":"https:\/\/www.eldiario.net\/portal\/#organization"},"image":{"@id":"https:\/\/www.eldiario.net\/portal\/2024\/02\/11\/bolivia-segundo-pais-de-mayor-riesgo-para-la-inversion-privada\/#primaryimage"},"thumbnailUrl":"https:\/\/www.eldiario.net\/portal\/wp-content\/uploads\/2024\/02\/P-1-1.jpeg","articleSection":["Principal"],"inLanguage":"es","potentialAction":[{"@type":"CommentAction","name":"Comment","target":["https:\/\/www.eldiario.net\/portal\/2024\/02\/11\/bolivia-segundo-pais-de-mayor-riesgo-para-la-inversion-privada\/#respond"]}]},{"@type":"WebPage","@id":"https:\/\/www.eldiario.net\/portal\/2024\/02\/11\/bolivia-segundo-pais-de-mayor-riesgo-para-la-inversion-privada\/","url":"https:\/\/www.eldiario.net\/portal\/2024\/02\/11\/bolivia-segundo-pais-de-mayor-riesgo-para-la-inversion-privada\/","name":"Bolivia segundo pa\u00eds de mayor riesgo para la inversi\u00f3n privada - El Diario - Bolivia","isPartOf":{"@id":"https:\/\/www.eldiario.net\/portal\/#website"},"primaryImageOfPage":{"@id":"https:\/\/www.eldiario.net\/portal\/2024\/02\/11\/bolivia-segundo-pais-de-mayor-riesgo-para-la-inversion-privada\/#primaryimage"},"image":{"@id":"https:\/\/www.eldiario.net\/portal\/2024\/02\/11\/bolivia-segundo-pais-de-mayor-riesgo-para-la-inversion-privada\/#primaryimage"},"thumbnailUrl":"https:\/\/www.eldiario.net\/portal\/wp-content\/uploads\/2024\/02\/P-1-1.jpeg","datePublished":"2024-02-11T10:09:22+00:00","breadcrumb":{"@id":"https:\/\/www.eldiario.net\/portal\/2024\/02\/11\/bolivia-segundo-pais-de-mayor-riesgo-para-la-inversion-privada\/#breadcrumb"},"inLanguage":"es","potentialAction":[{"@type":"ReadAction","target":["https:\/\/www.eldiario.net\/portal\/2024\/02\/11\/bolivia-segundo-pais-de-mayor-riesgo-para-la-inversion-privada\/"]}]},{"@type":"ImageObject","inLanguage":"es","@id":"https:\/\/www.eldiario.net\/portal\/2024\/02\/11\/bolivia-segundo-pais-de-mayor-riesgo-para-la-inversion-privada\/#primaryimage","url":"https:\/\/www.eldiario.net\/portal\/wp-content\/uploads\/2024\/02\/P-1-1.jpeg","contentUrl":"https:\/\/www.eldiario.net\/portal\/wp-content\/uploads\/2024\/02\/P-1-1.jpeg","width":720,"height":400,"caption":"El banco internacional JP Morgan."},{"@type":"BreadcrumbList","@id":"https:\/\/www.eldiario.net\/portal\/2024\/02\/11\/bolivia-segundo-pais-de-mayor-riesgo-para-la-inversion-privada\/#breadcrumb","itemListElement":[{"@type":"ListItem","position":1,"name":"Portada","item":"https:\/\/www.eldiario.net\/portal\/"},{"@type":"ListItem","position":2,"name":"Bolivia segundo pa\u00eds de mayor riesgo para la inversi\u00f3n privada"}]},{"@type":"WebSite","@id":"https:\/\/www.eldiario.net\/portal\/#website","url":"https:\/\/www.eldiario.net\/portal\/","name":"El Diario - Decano de la prensa nacional","description":"El Diario - Decano de la prensa nacional","publisher":{"@id":"https:\/\/www.eldiario.net\/portal\/#organization"},"potentialAction":[{"@type":"SearchAction","target":{"@type":"EntryPoint","urlTemplate":"https:\/\/www.eldiario.net\/portal\/?s={search_term_string}"},"query-input":{"@type":"PropertyValueSpecification","valueRequired":true,"valueName":"search_term_string"}}],"inLanguage":"es"},{"@type":"Organization","@id":"https:\/\/www.eldiario.net\/portal\/#organization","name":"El Diario - Decano de la prensa nacional","url":"https:\/\/www.eldiario.net\/portal\/","logo":{"@type":"ImageObject","inLanguage":"es","@id":"https:\/\/www.eldiario.net\/portal\/#\/schema\/logo\/image\/","url":"https:\/\/www.eldiario.net\/portal\/wp-content\/uploads\/2023\/07\/logo_ED.jpg","contentUrl":"https:\/\/www.eldiario.net\/portal\/wp-content\/uploads\/2023\/07\/logo_ED.jpg","width":272,"height":52,"caption":"El Diario - Decano de la prensa nacional"},"image":{"@id":"https:\/\/www.eldiario.net\/portal\/#\/schema\/logo\/image\/"},"sameAs":["https:\/\/www.facebook.com\/eldiario.bolivia\/","https:\/\/x.com\/eldiario_net"]},{"@type":"Person","@id":"https:\/\/www.eldiario.net\/portal\/#\/schema\/person\/f46445640444750d7d753ccd04ae01b7","name":"Jeanette","image":{"@type":"ImageObject","inLanguage":"es","@id":"https:\/\/secure.gravatar.com\/avatar\/3ea2118a5f7dad2b7138b1187a6b7ee55f160b9968b66013c3a3ef39dd7e5798?s=96&d=mm&r=g","url":"https:\/\/secure.gravatar.com\/avatar\/3ea2118a5f7dad2b7138b1187a6b7ee55f160b9968b66013c3a3ef39dd7e5798?s=96&d=mm&r=g","contentUrl":"https:\/\/secure.gravatar.com\/avatar\/3ea2118a5f7dad2b7138b1187a6b7ee55f160b9968b66013c3a3ef39dd7e5798?s=96&d=mm&r=g","caption":"Jeanette"},"sameAs":["https:\/\/www.eldiario.net\/portal"],"url":"https:\/\/www.eldiario.net\/portal\/author\/jeanette\/"}]}},"_links":{"self":[{"href":"https:\/\/www.eldiario.net\/portal\/wp-json\/wp\/v2\/posts\/202371","targetHints":{"allow":["GET"]}}],"collection":[{"href":"https:\/\/www.eldiario.net\/portal\/wp-json\/wp\/v2\/posts"}],"about":[{"href":"https:\/\/www.eldiario.net\/portal\/wp-json\/wp\/v2\/types\/post"}],"author":[{"embeddable":true,"href":"https:\/\/www.eldiario.net\/portal\/wp-json\/wp\/v2\/users\/1"}],"replies":[{"embeddable":true,"href":"https:\/\/www.eldiario.net\/portal\/wp-json\/wp\/v2\/comments?post=202371"}],"version-history":[{"count":1,"href":"https:\/\/www.eldiario.net\/portal\/wp-json\/wp\/v2\/posts\/202371\/revisions"}],"predecessor-version":[{"id":202373,"href":"https:\/\/www.eldiario.net\/portal\/wp-json\/wp\/v2\/posts\/202371\/revisions\/202373"}],"wp:featuredmedia":[{"embeddable":true,"href":"https:\/\/www.eldiario.net\/portal\/wp-json\/wp\/v2\/media\/202372"}],"wp:attachment":[{"href":"https:\/\/www.eldiario.net\/portal\/wp-json\/wp\/v2\/media?parent=202371"}],"wp:term":[{"taxonomy":"category","embeddable":true,"href":"https:\/\/www.eldiario.net\/portal\/wp-json\/wp\/v2\/categories?post=202371"},{"taxonomy":"post_tag","embeddable":true,"href":"https:\/\/www.eldiario.net\/portal\/wp-json\/wp\/v2\/tags?post=202371"}],"curies":[{"name":"wp","href":"https:\/\/api.w.org\/{rel}","templated":true}]}}