{"id":202114,"date":"2024-02-09T06:45:26","date_gmt":"2024-02-09T10:45:26","guid":{"rendered":"https:\/\/www.eldiario.net\/portal\/?p=202114"},"modified":"2024-02-09T06:45:26","modified_gmt":"2024-02-09T10:45:26","slug":"deberan-decidir-si-economia-boliviana-va-por-hiperestanflacion-o-hiperrecesion","status":"publish","type":"post","link":"https:\/\/www.eldiario.net\/portal\/2024\/02\/09\/deberan-decidir-si-economia-boliviana-va-por-hiperestanflacion-o-hiperrecesion\/","title":{"rendered":"Deber\u00e1n decidir si econom\u00eda boliviana  va por hiperestanflaci\u00f3n o hiperrecesi\u00f3n"},"content":{"rendered":"<p>La situaci\u00f3n econ\u00f3mica del pa\u00eds es cr\u00edtica, lo cual se muestra ante la falta de d\u00f3lares, la ca\u00edda de las reservas y la dificultad que tendr\u00e1 que colocar bonos soberanos en el mercado exterior, debido a la rebaja de la calificaci\u00f3n de Fitch Ratings, de B a \u201cCCC\u201d. El economista, Ernesto Sheriff, se\u00f1ala que el Gobierno se encuentra en un callej\u00f3n sin salida o va por la hiperestanflaci\u00f3n o hiperrecesi\u00f3n, pero estima que optar\u00e1 aguantar hasta que la situaci\u00f3n colapse.<br \/>\nLa rebaja de la calificaci\u00f3n pone en evidencia la crisis econ\u00f3mica que viene arrastrando Bolivia desde hace a\u00f1os atr\u00e1s, y el 2023 se acent\u00fao, a pesar de la negaci\u00f3n de las autoridades nacionales del sector econ\u00f3mico.<br \/>\nEl bloqueo de carreteras s\u00f3lo maquill\u00f3 la situaci\u00f3n cr\u00edtica de la econom\u00eda, pues la escasez de combustibles y d\u00f3lares, as\u00ed como el aumento de la importaci\u00f3n de alimentos en 2023 en comparaci\u00f3n de 2022, y el aumento de los precios de algunos productos, muestran lo delicado en que se encuentra la econom\u00eda boliviana.<br \/>\nBonanza<br \/>\nEn la bonanza econ\u00f3mica, los ingresos por la venta de gas a mercados vecinos, bordearon los 6.000 millones de d\u00f3lares, debido al buen momento de los precios en los mercados internacionales.<br \/>\nEl economista Gonzalo Ch\u00e1vez, en sus redes sociales, indic\u00f3 que el Gobierno gasta como si tuviera los recursos en la \u00e9poca de la bonanza econ\u00f3mica, esa acci\u00f3n redujo las Reservas Internacionales, de 15.000 millones de d\u00f3lares en 2014 a menos de 2.000 millones.<br \/>\nDe acuerdo a datos de economistas, la cifra estar\u00eda bordeando los 1.700 millones de d\u00f3lares; y la reposici\u00f3n del oro vendido todav\u00eda no se recupera.<br \/>\nPero en la pasada gesti\u00f3n cayeron los ingresos a menos de la mitad, y el Gobierno se qued\u00f3 sin recursos, sin embargo anuncia que con la puesta en marcha de nuevos emprendimientos, como el litio, los biocombustibles y su programa de sustituci\u00f3n de importaciones, cubrir\u00e1 sus gastos.<br \/>\nA eso hay sumar una balanza comercial negativa. Por ejemplo, la compra de alimentos se increment\u00f3 en el 2023, lo que significa que la seguridad y soberan\u00eda alimentaria est\u00e1 lejos, a pesar de la millonaria inversi\u00f3n realizada por sus diferentes programas del Gobierno al sector rural.<br \/>\nDatos<br \/>\nSeg\u00fan los datos del Instituto Boliviano de Comercio Exterior (Ibce), la importaci\u00f3n de alimentos y bebidas alcanz\u00f3 a noviembre de 2022, a 615,1 millones de d\u00f3lares, y en similar per\u00edodo de 2023 la cifra subi\u00f3 a 670,6 millones.<br \/>\nLas exportaciones a noviembre llegaron a 10.035,2 millones de d\u00f3lares, cifra menor en 2.590,0 millones a la registrada en similar per\u00edodo de 2022, cuando se alcanz\u00f3 12.625,2 millones, lo que representa una disminuci\u00f3n de 20,5%.<br \/>\nEn similar per\u00edodo en 2023, las importaciones llegaron a 10.534,5 millones de d\u00f3lares, cifra menor en 208,9 millones a la registrada en el mismo per\u00edodo de 2022, cuando alcanz\u00f3 a 10.743,4 millones.<br \/>\nBolivia disminuye sus ventas, as\u00ed como sus compras, pero registra un d\u00e9ficit comercial de m\u00e1s de 400 millones de d\u00f3lares a noviembre del a\u00f1o pasado.<br \/>\nRecesi\u00f3n o<br \/>\nestanflaci\u00f3n<br \/>\nAnte ese panorama adverso que enfrenta Bolivia, el economista en su cuenta de X (Twitter) @sheriff_ernesto escribi\u00f3: \u201cCallej\u00f3n sin salida. Gobierno debe decidir en los siguientes d\u00edas entre ir a un hiperestanflaci\u00f3n o una hiperrecesi\u00f3n. No puede optar por la inflaci\u00f3n ya que implicar\u00eda retroceder hasta 1985, entonces optar\u00e1 por aguantar hasta que la econom\u00eda se detenga \u2013 colapse\u201d.<br \/>\nCh\u00e1vez en reiteradas oportunidades, en sus redes sociales, se\u00f1al\u00f3 que el modelo econ\u00f3mico del Gobierno caduc\u00f3, pero las autoridades se niegan a admitirlo, y la soluci\u00f3n se retrasa.<br \/>\nEl analista financiero JaimeDunn, entrevista con medios, indic\u00f3 que la baja calificaci\u00f3n de riesgo de Bolivia (se debe) porque el pa\u00eds est\u00e1 enfermo. Tiene un tumor con nombre y apellido: Modelo Econ\u00f3mico Social Comunitario Productivo.<br \/>\nPor su parte, el economista Antonio Saravia escribi\u00f3 en su cuenta @tufisaravia que \u201cel pa\u00eds se cae a pedazos. No hay otra lectura. No hay excusas. No hay como nos sigan dorando la p\u00edldora. Tampoco hay opciones. La \u00fanica forma de salir de este pozo y devolverle al pa\u00eds la esperanza, es el liberalismo\u201d.<br \/>\nBolivia est\u00e1 en el club de los pa\u00edses con calificaci\u00f3n de riesgo \u201cCCC\u201d, junto a Gambia, Ucrania y Mozambique, seg\u00fan Dunn y tambi\u00e9n escribi\u00f3 que \u201cFitch baja calificaci\u00f3n de riesgo de Bolivia a CCC, (\u2026) ya casi nos caemos\u201d.<\/p>\n<p>D\u00f3lar<br \/>\nMientras tanto, el d\u00f3lar oficial se mantiene en 6,97 bolivianos para la compra, pero no hay en el mercado nacional, la escasez es evidente, debido a que importadores e industriales tienen que adquirirlo en el paralelo entre 8 a 9 bolivianos.<br \/>\nLa escasez de la divisa tambi\u00e9n afecta a la importaci\u00f3n de carburantes y las estaciones de servicio registran largas filas de veh\u00edculos para comprar gasolina o di\u00e9sel, a pesar de los anuncios de las autoridades del sector de hidrocarburos, se garantizan la provisi\u00f3n con la llegada de combustible.<br \/>\nLa Fundaci\u00f3n Milenio se\u00f1ala que hay un problema en la generaci\u00f3n de divisas, debido a que ingresan menos d\u00f3lares pero salen mayores montos, lo que provoca un saldo negativo, y se convierte en un problema cr\u00edtico.<br \/>\nLa cantidad actual de divisas en la econom\u00eda boliviana es insuficiente y ella se debe a varios factores, como el d\u00e9ficit fiscal.<br \/>\nMantener una inflaci\u00f3n baja con m\u00e1s de 2.000 millones de d\u00f3lares solo crea una burbuja, que en cualquier momento puede estallar, ya que la misma se combate con mayor producci\u00f3n y no as\u00ed con subsidio, comentaron los economistas.<\/p>\n<p>Deuda<br \/>\nPor otra parte, el Gobierno presiona a la Asamblea Legislativa para aprobar m\u00e1s de 800 millones de d\u00f3lares, seg\u00fan las autoridades para diferentes proyectos.<br \/>\nLos economistas indicaron que el modelo del Gobierno funcion\u00f3 con plata que ingresaba de la venta de gas, ahora que bajaron los ingresos, tiene la necesidad de acudir al financiamiento privado.<br \/>\nPero se hace dif\u00edcil con la rebaja de la calificaci\u00f3n, pues de acudir a los mercados privados la tasa de inter\u00e9s ser\u00eda alta, m\u00e1s del 20%, por el riesgo que significa la compra de bonos soberanos bolivianos.<br \/>\nMientras tanto, el Ministro de Finanzas de Paraguay dijo que la naci\u00f3n latinoamericana est\u00e1 cerca de obtener el estatus de grado de inversi\u00f3n a medida que avanza con una gira para una venta de bonos en d\u00f3lares y tambi\u00e9n considera aprovechar los mercados globales con un billete en moneda local, de acuerdo al medio digital Bloomberg Markets.<\/p>\n<p>&nbsp;<\/p>\n","protected":false},"excerpt":{"rendered":"<p>La situaci\u00f3n econ\u00f3mica del pa\u00eds es cr\u00edtica, lo cual se muestra ante la falta de d\u00f3lares, la ca\u00edda de las reservas y la dificultad que tendr\u00e1 que colocar bonos soberanos en el mercado exterior, debido a la rebaja de la calificaci\u00f3n de Fitch Ratings, de B a \u201cCCC\u201d. El economista, Ernesto Sheriff, se\u00f1ala que el [&hellip;]<\/p>\n","protected":false},"author":1,"featured_media":202115,"comment_status":"open","ping_status":"open","sticky":false,"template":"","format":"standard","meta":{"_acf_changed":false,"footnotes":""},"categories":[7],"tags":[],"class_list":["post-202114","post","type-post","status-publish","format-standard","has-post-thumbnail","category-economia"],"acf":{"antetitulo":""},"yoast_head":"<!-- This site is optimized with the Yoast SEO plugin v28.3 - https:\/\/yoast.com\/product\/yoast-seo-wordpress\/ -->\n<title>Deber\u00e1n decidir si econom\u00eda boliviana va por hiperestanflaci\u00f3n o hiperrecesi\u00f3n - El Diario - Bolivia<\/title>\n<meta name=\"robots\" content=\"index, follow, max-snippet:-1, max-image-preview:large, max-video-preview:-1\" \/>\n<link rel=\"canonical\" href=\"https:\/\/www.eldiario.net\/portal\/2024\/02\/09\/deberan-decidir-si-economia-boliviana-va-por-hiperestanflacion-o-hiperrecesion\/\" \/>\n<meta property=\"og:locale\" content=\"es_ES\" \/>\n<meta property=\"og:type\" content=\"article\" \/>\n<meta property=\"og:title\" content=\"Deber\u00e1n decidir si econom\u00eda boliviana va por hiperestanflaci\u00f3n o hiperrecesi\u00f3n - El Diario - Bolivia\" \/>\n<meta property=\"og:description\" content=\"La situaci\u00f3n econ\u00f3mica del pa\u00eds es cr\u00edtica, lo cual se muestra ante la falta de d\u00f3lares, la ca\u00edda de las reservas y la dificultad que tendr\u00e1 que colocar bonos soberanos en el mercado exterior, debido a la rebaja de la calificaci\u00f3n de Fitch Ratings, de B a \u201cCCC\u201d. El economista, Ernesto Sheriff, se\u00f1ala que el [&hellip;]\" \/>\n<meta property=\"og:url\" content=\"https:\/\/www.eldiario.net\/portal\/2024\/02\/09\/deberan-decidir-si-economia-boliviana-va-por-hiperestanflacion-o-hiperrecesion\/\" \/>\n<meta property=\"og:site_name\" content=\"El Diario - Bolivia\" \/>\n<meta property=\"article:publisher\" content=\"https:\/\/www.facebook.com\/eldiario.bolivia\/\" \/>\n<meta property=\"article:published_time\" content=\"2024-02-09T10:45:26+00:00\" \/>\n<meta property=\"og:image\" content=\"https:\/\/www.eldiario.net\/portal\/wp-content\/uploads\/2024\/02\/decision.jpg\" \/>\n\t<meta property=\"og:image:width\" content=\"1181\" \/>\n\t<meta property=\"og:image:height\" content=\"685\" \/>\n\t<meta property=\"og:image:type\" content=\"image\/jpeg\" \/>\n<meta name=\"author\" content=\"Jeanette\" \/>\n<meta name=\"twitter:card\" content=\"summary_large_image\" \/>\n<meta name=\"twitter:creator\" content=\"@eldiario_net\" \/>\n<meta name=\"twitter:site\" content=\"@eldiario_net\" \/>\n<meta name=\"twitter:label1\" content=\"Escrito por\" \/>\n\t<meta name=\"twitter:data1\" content=\"Jeanette\" \/>\n\t<meta name=\"twitter:label2\" content=\"Tiempo de lectura\" \/>\n\t<meta name=\"twitter:data2\" content=\"5 minutos\" \/>\n<script type=\"application\/ld+json\" class=\"yoast-schema-graph\">{\"@context\":\"https:\\\/\\\/schema.org\",\"@graph\":[{\"@type\":\"Article\",\"@id\":\"https:\\\/\\\/www.eldiario.net\\\/portal\\\/2024\\\/02\\\/09\\\/deberan-decidir-si-economia-boliviana-va-por-hiperestanflacion-o-hiperrecesion\\\/#article\",\"isPartOf\":{\"@id\":\"https:\\\/\\\/www.eldiario.net\\\/portal\\\/2024\\\/02\\\/09\\\/deberan-decidir-si-economia-boliviana-va-por-hiperestanflacion-o-hiperrecesion\\\/\"},\"author\":{\"name\":\"Jeanette\",\"@id\":\"https:\\\/\\\/www.eldiario.net\\\/portal\\\/#\\\/schema\\\/person\\\/f46445640444750d7d753ccd04ae01b7\"},\"headline\":\"Deber\u00e1n decidir si econom\u00eda boliviana va por hiperestanflaci\u00f3n o hiperrecesi\u00f3n\",\"datePublished\":\"2024-02-09T10:45:26+00:00\",\"mainEntityOfPage\":{\"@id\":\"https:\\\/\\\/www.eldiario.net\\\/portal\\\/2024\\\/02\\\/09\\\/deberan-decidir-si-economia-boliviana-va-por-hiperestanflacion-o-hiperrecesion\\\/\"},\"wordCount\":1139,\"commentCount\":0,\"publisher\":{\"@id\":\"https:\\\/\\\/www.eldiario.net\\\/portal\\\/#organization\"},\"image\":{\"@id\":\"https:\\\/\\\/www.eldiario.net\\\/portal\\\/2024\\\/02\\\/09\\\/deberan-decidir-si-economia-boliviana-va-por-hiperestanflacion-o-hiperrecesion\\\/#primaryimage\"},\"thumbnailUrl\":\"https:\\\/\\\/www.eldiario.net\\\/portal\\\/wp-content\\\/uploads\\\/2024\\\/02\\\/decision.jpg\",\"articleSection\":[\"Econom\u00eda\"],\"inLanguage\":\"es\",\"potentialAction\":[{\"@type\":\"CommentAction\",\"name\":\"Comment\",\"target\":[\"https:\\\/\\\/www.eldiario.net\\\/portal\\\/2024\\\/02\\\/09\\\/deberan-decidir-si-economia-boliviana-va-por-hiperestanflacion-o-hiperrecesion\\\/#respond\"]}]},{\"@type\":\"WebPage\",\"@id\":\"https:\\\/\\\/www.eldiario.net\\\/portal\\\/2024\\\/02\\\/09\\\/deberan-decidir-si-economia-boliviana-va-por-hiperestanflacion-o-hiperrecesion\\\/\",\"url\":\"https:\\\/\\\/www.eldiario.net\\\/portal\\\/2024\\\/02\\\/09\\\/deberan-decidir-si-economia-boliviana-va-por-hiperestanflacion-o-hiperrecesion\\\/\",\"name\":\"Deber\u00e1n decidir si econom\u00eda boliviana va por hiperestanflaci\u00f3n o hiperrecesi\u00f3n - El Diario - Bolivia\",\"isPartOf\":{\"@id\":\"https:\\\/\\\/www.eldiario.net\\\/portal\\\/#website\"},\"primaryImageOfPage\":{\"@id\":\"https:\\\/\\\/www.eldiario.net\\\/portal\\\/2024\\\/02\\\/09\\\/deberan-decidir-si-economia-boliviana-va-por-hiperestanflacion-o-hiperrecesion\\\/#primaryimage\"},\"image\":{\"@id\":\"https:\\\/\\\/www.eldiario.net\\\/portal\\\/2024\\\/02\\\/09\\\/deberan-decidir-si-economia-boliviana-va-por-hiperestanflacion-o-hiperrecesion\\\/#primaryimage\"},\"thumbnailUrl\":\"https:\\\/\\\/www.eldiario.net\\\/portal\\\/wp-content\\\/uploads\\\/2024\\\/02\\\/decision.jpg\",\"datePublished\":\"2024-02-09T10:45:26+00:00\",\"breadcrumb\":{\"@id\":\"https:\\\/\\\/www.eldiario.net\\\/portal\\\/2024\\\/02\\\/09\\\/deberan-decidir-si-economia-boliviana-va-por-hiperestanflacion-o-hiperrecesion\\\/#breadcrumb\"},\"inLanguage\":\"es\",\"potentialAction\":[{\"@type\":\"ReadAction\",\"target\":[\"https:\\\/\\\/www.eldiario.net\\\/portal\\\/2024\\\/02\\\/09\\\/deberan-decidir-si-economia-boliviana-va-por-hiperestanflacion-o-hiperrecesion\\\/\"]}]},{\"@type\":\"ImageObject\",\"inLanguage\":\"es\",\"@id\":\"https:\\\/\\\/www.eldiario.net\\\/portal\\\/2024\\\/02\\\/09\\\/deberan-decidir-si-economia-boliviana-va-por-hiperestanflacion-o-hiperrecesion\\\/#primaryimage\",\"url\":\"https:\\\/\\\/www.eldiario.net\\\/portal\\\/wp-content\\\/uploads\\\/2024\\\/02\\\/decision.jpg\",\"contentUrl\":\"https:\\\/\\\/www.eldiario.net\\\/portal\\\/wp-content\\\/uploads\\\/2024\\\/02\\\/decision.jpg\",\"width\":1181,\"height\":685},{\"@type\":\"BreadcrumbList\",\"@id\":\"https:\\\/\\\/www.eldiario.net\\\/portal\\\/2024\\\/02\\\/09\\\/deberan-decidir-si-economia-boliviana-va-por-hiperestanflacion-o-hiperrecesion\\\/#breadcrumb\",\"itemListElement\":[{\"@type\":\"ListItem\",\"position\":1,\"name\":\"Portada\",\"item\":\"https:\\\/\\\/www.eldiario.net\\\/portal\\\/\"},{\"@type\":\"ListItem\",\"position\":2,\"name\":\"Deber\u00e1n decidir si econom\u00eda boliviana va por hiperestanflaci\u00f3n o hiperrecesi\u00f3n\"}]},{\"@type\":\"WebSite\",\"@id\":\"https:\\\/\\\/www.eldiario.net\\\/portal\\\/#website\",\"url\":\"https:\\\/\\\/www.eldiario.net\\\/portal\\\/\",\"name\":\"El Diario - Decano de la prensa nacional\",\"description\":\"El Diario - Decano de la prensa nacional\",\"publisher\":{\"@id\":\"https:\\\/\\\/www.eldiario.net\\\/portal\\\/#organization\"},\"potentialAction\":[{\"@type\":\"SearchAction\",\"target\":{\"@type\":\"EntryPoint\",\"urlTemplate\":\"https:\\\/\\\/www.eldiario.net\\\/portal\\\/?s={search_term_string}\"},\"query-input\":{\"@type\":\"PropertyValueSpecification\",\"valueRequired\":true,\"valueName\":\"search_term_string\"}}],\"inLanguage\":\"es\"},{\"@type\":\"Organization\",\"@id\":\"https:\\\/\\\/www.eldiario.net\\\/portal\\\/#organization\",\"name\":\"El Diario - Decano de la prensa nacional\",\"url\":\"https:\\\/\\\/www.eldiario.net\\\/portal\\\/\",\"logo\":{\"@type\":\"ImageObject\",\"inLanguage\":\"es\",\"@id\":\"https:\\\/\\\/www.eldiario.net\\\/portal\\\/#\\\/schema\\\/logo\\\/image\\\/\",\"url\":\"https:\\\/\\\/www.eldiario.net\\\/portal\\\/wp-content\\\/uploads\\\/2023\\\/07\\\/logo_ED.jpg\",\"contentUrl\":\"https:\\\/\\\/www.eldiario.net\\\/portal\\\/wp-content\\\/uploads\\\/2023\\\/07\\\/logo_ED.jpg\",\"width\":272,\"height\":52,\"caption\":\"El Diario - Decano de la prensa nacional\"},\"image\":{\"@id\":\"https:\\\/\\\/www.eldiario.net\\\/portal\\\/#\\\/schema\\\/logo\\\/image\\\/\"},\"sameAs\":[\"https:\\\/\\\/www.facebook.com\\\/eldiario.bolivia\\\/\",\"https:\\\/\\\/x.com\\\/eldiario_net\"]},{\"@type\":\"Person\",\"@id\":\"https:\\\/\\\/www.eldiario.net\\\/portal\\\/#\\\/schema\\\/person\\\/f46445640444750d7d753ccd04ae01b7\",\"name\":\"Jeanette\",\"image\":{\"@type\":\"ImageObject\",\"inLanguage\":\"es\",\"@id\":\"https:\\\/\\\/secure.gravatar.com\\\/avatar\\\/3ea2118a5f7dad2b7138b1187a6b7ee55f160b9968b66013c3a3ef39dd7e5798?s=96&d=mm&r=g\",\"url\":\"https:\\\/\\\/secure.gravatar.com\\\/avatar\\\/3ea2118a5f7dad2b7138b1187a6b7ee55f160b9968b66013c3a3ef39dd7e5798?s=96&d=mm&r=g\",\"contentUrl\":\"https:\\\/\\\/secure.gravatar.com\\\/avatar\\\/3ea2118a5f7dad2b7138b1187a6b7ee55f160b9968b66013c3a3ef39dd7e5798?s=96&d=mm&r=g\",\"caption\":\"Jeanette\"},\"sameAs\":[\"https:\\\/\\\/www.eldiario.net\\\/portal\"],\"url\":\"https:\\\/\\\/www.eldiario.net\\\/portal\\\/author\\\/jeanette\\\/\"}]}<\/script>\n<!-- \/ Yoast SEO plugin. -->","yoast_head_json":{"title":"Deber\u00e1n decidir si econom\u00eda boliviana va por hiperestanflaci\u00f3n o hiperrecesi\u00f3n - El Diario - Bolivia","robots":{"index":"index","follow":"follow","max-snippet":"max-snippet:-1","max-image-preview":"max-image-preview:large","max-video-preview":"max-video-preview:-1"},"canonical":"https:\/\/www.eldiario.net\/portal\/2024\/02\/09\/deberan-decidir-si-economia-boliviana-va-por-hiperestanflacion-o-hiperrecesion\/","og_locale":"es_ES","og_type":"article","og_title":"Deber\u00e1n decidir si econom\u00eda boliviana va por hiperestanflaci\u00f3n o hiperrecesi\u00f3n - El Diario - Bolivia","og_description":"La situaci\u00f3n econ\u00f3mica del pa\u00eds es cr\u00edtica, lo cual se muestra ante la falta de d\u00f3lares, la ca\u00edda de las reservas y la dificultad que tendr\u00e1 que colocar bonos soberanos en el mercado exterior, debido a la rebaja de la calificaci\u00f3n de Fitch Ratings, de B a \u201cCCC\u201d. El economista, Ernesto Sheriff, se\u00f1ala que el [&hellip;]","og_url":"https:\/\/www.eldiario.net\/portal\/2024\/02\/09\/deberan-decidir-si-economia-boliviana-va-por-hiperestanflacion-o-hiperrecesion\/","og_site_name":"El Diario - Bolivia","article_publisher":"https:\/\/www.facebook.com\/eldiario.bolivia\/","article_published_time":"2024-02-09T10:45:26+00:00","og_image":[{"width":1181,"height":685,"url":"https:\/\/www.eldiario.net\/portal\/wp-content\/uploads\/2024\/02\/decision.jpg","type":"image\/jpeg"}],"author":"Jeanette","twitter_card":"summary_large_image","twitter_creator":"@eldiario_net","twitter_site":"@eldiario_net","twitter_misc":{"Escrito por":"Jeanette","Tiempo de lectura":"5 minutos"},"schema":{"@context":"https:\/\/schema.org","@graph":[{"@type":"Article","@id":"https:\/\/www.eldiario.net\/portal\/2024\/02\/09\/deberan-decidir-si-economia-boliviana-va-por-hiperestanflacion-o-hiperrecesion\/#article","isPartOf":{"@id":"https:\/\/www.eldiario.net\/portal\/2024\/02\/09\/deberan-decidir-si-economia-boliviana-va-por-hiperestanflacion-o-hiperrecesion\/"},"author":{"name":"Jeanette","@id":"https:\/\/www.eldiario.net\/portal\/#\/schema\/person\/f46445640444750d7d753ccd04ae01b7"},"headline":"Deber\u00e1n decidir si econom\u00eda boliviana va por hiperestanflaci\u00f3n o hiperrecesi\u00f3n","datePublished":"2024-02-09T10:45:26+00:00","mainEntityOfPage":{"@id":"https:\/\/www.eldiario.net\/portal\/2024\/02\/09\/deberan-decidir-si-economia-boliviana-va-por-hiperestanflacion-o-hiperrecesion\/"},"wordCount":1139,"commentCount":0,"publisher":{"@id":"https:\/\/www.eldiario.net\/portal\/#organization"},"image":{"@id":"https:\/\/www.eldiario.net\/portal\/2024\/02\/09\/deberan-decidir-si-economia-boliviana-va-por-hiperestanflacion-o-hiperrecesion\/#primaryimage"},"thumbnailUrl":"https:\/\/www.eldiario.net\/portal\/wp-content\/uploads\/2024\/02\/decision.jpg","articleSection":["Econom\u00eda"],"inLanguage":"es","potentialAction":[{"@type":"CommentAction","name":"Comment","target":["https:\/\/www.eldiario.net\/portal\/2024\/02\/09\/deberan-decidir-si-economia-boliviana-va-por-hiperestanflacion-o-hiperrecesion\/#respond"]}]},{"@type":"WebPage","@id":"https:\/\/www.eldiario.net\/portal\/2024\/02\/09\/deberan-decidir-si-economia-boliviana-va-por-hiperestanflacion-o-hiperrecesion\/","url":"https:\/\/www.eldiario.net\/portal\/2024\/02\/09\/deberan-decidir-si-economia-boliviana-va-por-hiperestanflacion-o-hiperrecesion\/","name":"Deber\u00e1n decidir si econom\u00eda boliviana va por hiperestanflaci\u00f3n o hiperrecesi\u00f3n - El Diario - Bolivia","isPartOf":{"@id":"https:\/\/www.eldiario.net\/portal\/#website"},"primaryImageOfPage":{"@id":"https:\/\/www.eldiario.net\/portal\/2024\/02\/09\/deberan-decidir-si-economia-boliviana-va-por-hiperestanflacion-o-hiperrecesion\/#primaryimage"},"image":{"@id":"https:\/\/www.eldiario.net\/portal\/2024\/02\/09\/deberan-decidir-si-economia-boliviana-va-por-hiperestanflacion-o-hiperrecesion\/#primaryimage"},"thumbnailUrl":"https:\/\/www.eldiario.net\/portal\/wp-content\/uploads\/2024\/02\/decision.jpg","datePublished":"2024-02-09T10:45:26+00:00","breadcrumb":{"@id":"https:\/\/www.eldiario.net\/portal\/2024\/02\/09\/deberan-decidir-si-economia-boliviana-va-por-hiperestanflacion-o-hiperrecesion\/#breadcrumb"},"inLanguage":"es","potentialAction":[{"@type":"ReadAction","target":["https:\/\/www.eldiario.net\/portal\/2024\/02\/09\/deberan-decidir-si-economia-boliviana-va-por-hiperestanflacion-o-hiperrecesion\/"]}]},{"@type":"ImageObject","inLanguage":"es","@id":"https:\/\/www.eldiario.net\/portal\/2024\/02\/09\/deberan-decidir-si-economia-boliviana-va-por-hiperestanflacion-o-hiperrecesion\/#primaryimage","url":"https:\/\/www.eldiario.net\/portal\/wp-content\/uploads\/2024\/02\/decision.jpg","contentUrl":"https:\/\/www.eldiario.net\/portal\/wp-content\/uploads\/2024\/02\/decision.jpg","width":1181,"height":685},{"@type":"BreadcrumbList","@id":"https:\/\/www.eldiario.net\/portal\/2024\/02\/09\/deberan-decidir-si-economia-boliviana-va-por-hiperestanflacion-o-hiperrecesion\/#breadcrumb","itemListElement":[{"@type":"ListItem","position":1,"name":"Portada","item":"https:\/\/www.eldiario.net\/portal\/"},{"@type":"ListItem","position":2,"name":"Deber\u00e1n decidir si econom\u00eda boliviana va por hiperestanflaci\u00f3n o hiperrecesi\u00f3n"}]},{"@type":"WebSite","@id":"https:\/\/www.eldiario.net\/portal\/#website","url":"https:\/\/www.eldiario.net\/portal\/","name":"El Diario - Decano de la prensa nacional","description":"El Diario - Decano de la prensa nacional","publisher":{"@id":"https:\/\/www.eldiario.net\/portal\/#organization"},"potentialAction":[{"@type":"SearchAction","target":{"@type":"EntryPoint","urlTemplate":"https:\/\/www.eldiario.net\/portal\/?s={search_term_string}"},"query-input":{"@type":"PropertyValueSpecification","valueRequired":true,"valueName":"search_term_string"}}],"inLanguage":"es"},{"@type":"Organization","@id":"https:\/\/www.eldiario.net\/portal\/#organization","name":"El Diario - Decano de la prensa nacional","url":"https:\/\/www.eldiario.net\/portal\/","logo":{"@type":"ImageObject","inLanguage":"es","@id":"https:\/\/www.eldiario.net\/portal\/#\/schema\/logo\/image\/","url":"https:\/\/www.eldiario.net\/portal\/wp-content\/uploads\/2023\/07\/logo_ED.jpg","contentUrl":"https:\/\/www.eldiario.net\/portal\/wp-content\/uploads\/2023\/07\/logo_ED.jpg","width":272,"height":52,"caption":"El Diario - Decano de la prensa nacional"},"image":{"@id":"https:\/\/www.eldiario.net\/portal\/#\/schema\/logo\/image\/"},"sameAs":["https:\/\/www.facebook.com\/eldiario.bolivia\/","https:\/\/x.com\/eldiario_net"]},{"@type":"Person","@id":"https:\/\/www.eldiario.net\/portal\/#\/schema\/person\/f46445640444750d7d753ccd04ae01b7","name":"Jeanette","image":{"@type":"ImageObject","inLanguage":"es","@id":"https:\/\/secure.gravatar.com\/avatar\/3ea2118a5f7dad2b7138b1187a6b7ee55f160b9968b66013c3a3ef39dd7e5798?s=96&d=mm&r=g","url":"https:\/\/secure.gravatar.com\/avatar\/3ea2118a5f7dad2b7138b1187a6b7ee55f160b9968b66013c3a3ef39dd7e5798?s=96&d=mm&r=g","contentUrl":"https:\/\/secure.gravatar.com\/avatar\/3ea2118a5f7dad2b7138b1187a6b7ee55f160b9968b66013c3a3ef39dd7e5798?s=96&d=mm&r=g","caption":"Jeanette"},"sameAs":["https:\/\/www.eldiario.net\/portal"],"url":"https:\/\/www.eldiario.net\/portal\/author\/jeanette\/"}]}},"_links":{"self":[{"href":"https:\/\/www.eldiario.net\/portal\/wp-json\/wp\/v2\/posts\/202114","targetHints":{"allow":["GET"]}}],"collection":[{"href":"https:\/\/www.eldiario.net\/portal\/wp-json\/wp\/v2\/posts"}],"about":[{"href":"https:\/\/www.eldiario.net\/portal\/wp-json\/wp\/v2\/types\/post"}],"author":[{"embeddable":true,"href":"https:\/\/www.eldiario.net\/portal\/wp-json\/wp\/v2\/users\/1"}],"replies":[{"embeddable":true,"href":"https:\/\/www.eldiario.net\/portal\/wp-json\/wp\/v2\/comments?post=202114"}],"version-history":[{"count":1,"href":"https:\/\/www.eldiario.net\/portal\/wp-json\/wp\/v2\/posts\/202114\/revisions"}],"predecessor-version":[{"id":202116,"href":"https:\/\/www.eldiario.net\/portal\/wp-json\/wp\/v2\/posts\/202114\/revisions\/202116"}],"wp:featuredmedia":[{"embeddable":true,"href":"https:\/\/www.eldiario.net\/portal\/wp-json\/wp\/v2\/media\/202115"}],"wp:attachment":[{"href":"https:\/\/www.eldiario.net\/portal\/wp-json\/wp\/v2\/media?parent=202114"}],"wp:term":[{"taxonomy":"category","embeddable":true,"href":"https:\/\/www.eldiario.net\/portal\/wp-json\/wp\/v2\/categories?post=202114"},{"taxonomy":"post_tag","embeddable":true,"href":"https:\/\/www.eldiario.net\/portal\/wp-json\/wp\/v2\/tags?post=202114"}],"curies":[{"name":"wp","href":"https:\/\/api.w.org\/{rel}","templated":true}]}}