{"id":201966,"date":"2024-02-08T01:12:55","date_gmt":"2024-02-08T05:12:55","guid":{"rendered":"https:\/\/www.eldiario.net\/portal\/?p=201966"},"modified":"2024-02-07T23:13:44","modified_gmt":"2024-02-08T03:13:44","slug":"soboce-se-adhiere-al-pacto-global-de-naciones-unidas","status":"publish","type":"post","link":"https:\/\/www.eldiario.net\/portal\/2024\/02\/08\/soboce-se-adhiere-al-pacto-global-de-naciones-unidas\/","title":{"rendered":"Soboce se adhiere al Pacto  Global de Naciones Unidas"},"content":{"rendered":"<p>La Sociedad Boliviana de Cemento (Soboce) inici\u00f3 el 2024 con la adhesi\u00f3n a Pacto Global en Bolivia, una iniciativa de Naciones Unidas que trabaja junto a las empresas por la construcci\u00f3n de econom\u00edas globales m\u00e1s sostenibles e inclusivas.<\/p>\n<p>Para sellar esa alianza, el Comit\u00e9 Ejecutivo de Soboce, la Directora de Pacto Global de Nacionales Unidas para Bolivia, medios de comunicaci\u00f3n y familia Soboce, procedieron a la iza de la bandera de los Objetivos de Desarrollo Sostenible en la planta de Viacha, la planta de cemento en producci\u00f3n m\u00e1s alta del mundo.<\/p>\n<p>\u201cLa sostenibilidad est\u00e1 en el ADN de Soboce y, junto con la innovaci\u00f3n, constituyen los valores m\u00e1s importantes para la empresa. Por esta raz\u00f3n la adhesi\u00f3n a Pacto Global de las Naciones Unidas en Bolivia, es para nosotros un hito en la vida institucional y la suscripci\u00f3n de un compromiso de largo plazo con esta causa com\u00fan\u201d, sostuvo el CEO de Soboce, Francisco Shwortshik.<\/p>\n<p>Avances<\/p>\n<p>En los \u00faltimos a\u00f1os, la empresa cementera ha desarrollado un conjunto de acciones que responden a sus objetivos de desarrollo sostenible y que representan un aporte al alcance de los ODS.<\/p>\n<p>En ese marco, indic\u00f3 que el desarrollo de sistemas verticales de molienda de cemento, de \u00faltima generaci\u00f3n, mejoran sustancialmente la eficiencia energ\u00e9tica del proceso productivo y permiten la obtenci\u00f3n de cementos con mayor contenido de materiales naturales, como es el caso de cemento Viacha ECOFUERTE PLUS, que es el cemento con menor huella de carbono de Bolivia y \u00fanico en pa\u00eds.<\/p>\n<p>Soboce tambi\u00e9n ha conseguido que las emisiones de polvo en sus nuevos sistemas productivos cumplan muy por encima los est\u00e1ndares establecidos por la normativa boliviana, lo que posiciona a sus plantas a la misma altura de industrias similares en los Estados Unidos o Europa.<\/p>\n<p>En las plantas de la empresa, todos los sistemas de transporte de materias primas son autom\u00e1ticos y llevan cubiertas y sistemas de colecci\u00f3n de polvo, lo que permite tener un ambiente de trabajo limpio en la planta. Asimismo, el 100% del agua para enfriamiento se recircula y por esta raz\u00f3n el consumo es muy bajo, comparado con los procesos tradicionales<\/p>\n<p>\u201cNuestro trabajo y responsabilidad con el medio ambiente es real y tangible, y es parte de los valores que inculcamos a todos los miembros de la familia SOBOCE por un futuro que mejore la calidad de vida de la sociedad\u201d, se\u00f1al\u00f3 Dante Estevez, Gerente Nacional de Operaciones\u201d.<\/p>\n<p>Pacto Global<\/p>\n<p>Es una iniciativa creada por mandato de Naciones Unidas que trabaja por econom\u00edas globales m\u00e1s sostenibles e inclusivas y promueve la implementaci\u00f3n de 10 Principios Universales en \u00e1reas de: Derechos Humanos, Est\u00e1ndares Laborales, Transparencia y Anticorrupci\u00f3n y Medio Ambiente, con el objetivo de que sean incluidas en las estrategias y operaciones de las empresas a nivel mundial.<\/p>\n<p>Pacto Global cuenta con m\u00e1s de 21.218 entidades firmantes en m\u00e1s de 160 pa\u00edses, y es la mayor iniciativa voluntaria de Responsabilidad Social Empresarial y Sostenibilidad Corporativa en el mundo.<\/p>\n","protected":false},"excerpt":{"rendered":"<p>La Sociedad Boliviana de Cemento (Soboce) inici\u00f3 el 2024 con la adhesi\u00f3n a Pacto Global en Bolivia, una iniciativa de Naciones Unidas que trabaja junto a las empresas por la construcci\u00f3n de econom\u00edas globales m\u00e1s sostenibles e inclusivas. Para sellar esa alianza, el Comit\u00e9 Ejecutivo de Soboce, la Directora de Pacto Global de Nacionales Unidas [&hellip;]<\/p>\n","protected":false},"author":1,"featured_media":201967,"comment_status":"open","ping_status":"open","sticky":false,"template":"","format":"standard","meta":{"_acf_changed":false,"footnotes":""},"categories":[7],"tags":[],"class_list":["post-201966","post","type-post","status-publish","format-standard","has-post-thumbnail","category-economia"],"acf":{"antetitulo":""},"yoast_head":"<!-- This site is optimized with the Yoast SEO plugin v28.4 - https:\/\/yoast.com\/product\/yoast-seo-wordpress\/ -->\n<title>Soboce se adhiere al Pacto Global de Naciones Unidas - El Diario - Bolivia<\/title>\n<meta name=\"robots\" content=\"index, follow, max-snippet:-1, max-image-preview:large, max-video-preview:-1\" \/>\n<link rel=\"canonical\" href=\"https:\/\/www.eldiario.net\/portal\/2024\/02\/08\/soboce-se-adhiere-al-pacto-global-de-naciones-unidas\/\" \/>\n<meta property=\"og:locale\" content=\"es_ES\" \/>\n<meta property=\"og:type\" content=\"article\" \/>\n<meta property=\"og:title\" content=\"Soboce se adhiere al Pacto Global de Naciones Unidas - El Diario - Bolivia\" \/>\n<meta property=\"og:description\" content=\"La Sociedad Boliviana de Cemento (Soboce) inici\u00f3 el 2024 con la adhesi\u00f3n a Pacto Global en Bolivia, una iniciativa de Naciones Unidas que trabaja junto a las empresas por la construcci\u00f3n de econom\u00edas globales m\u00e1s sostenibles e inclusivas. Para sellar esa alianza, el Comit\u00e9 Ejecutivo de Soboce, la Directora de Pacto Global de Nacionales Unidas [&hellip;]\" \/>\n<meta property=\"og:url\" content=\"https:\/\/www.eldiario.net\/portal\/2024\/02\/08\/soboce-se-adhiere-al-pacto-global-de-naciones-unidas\/\" \/>\n<meta property=\"og:site_name\" content=\"El Diario - Bolivia\" \/>\n<meta property=\"article:publisher\" content=\"https:\/\/www.facebook.com\/eldiario.bolivia\/\" \/>\n<meta property=\"article:published_time\" content=\"2024-02-08T05:12:55+00:00\" \/>\n<meta property=\"og:image\" content=\"https:\/\/www.eldiario.net\/portal\/wp-content\/uploads\/2024\/02\/SOBOCE-FOTO.jpg\" \/>\n\t<meta property=\"og:image:width\" content=\"1392\" \/>\n\t<meta property=\"og:image:height\" content=\"928\" \/>\n\t<meta property=\"og:image:type\" content=\"image\/jpeg\" \/>\n<meta name=\"author\" content=\"Jeanette\" \/>\n<meta name=\"twitter:card\" content=\"summary_large_image\" \/>\n<meta name=\"twitter:creator\" content=\"@eldiario_net\" \/>\n<meta name=\"twitter:site\" content=\"@eldiario_net\" \/>\n<meta name=\"twitter:label1\" content=\"Escrito por\" \/>\n\t<meta name=\"twitter:data1\" content=\"Jeanette\" \/>\n\t<meta name=\"twitter:label2\" content=\"Tiempo de lectura\" \/>\n\t<meta name=\"twitter:data2\" content=\"3 minutos\" \/>\n<script type=\"application\/ld+json\" class=\"yoast-schema-graph\">{\"@context\":\"https:\\\/\\\/schema.org\",\"@graph\":[{\"@type\":\"Article\",\"@id\":\"https:\\\/\\\/www.eldiario.net\\\/portal\\\/2024\\\/02\\\/08\\\/soboce-se-adhiere-al-pacto-global-de-naciones-unidas\\\/#article\",\"isPartOf\":{\"@id\":\"https:\\\/\\\/www.eldiario.net\\\/portal\\\/2024\\\/02\\\/08\\\/soboce-se-adhiere-al-pacto-global-de-naciones-unidas\\\/\"},\"author\":{\"name\":\"Jeanette\",\"@id\":\"https:\\\/\\\/www.eldiario.net\\\/portal\\\/#\\\/schema\\\/person\\\/2c57cf2b7a7ae032e449e4c9b1019eac\"},\"headline\":\"Soboce se adhiere al Pacto Global de Naciones Unidas\",\"datePublished\":\"2024-02-08T05:12:55+00:00\",\"mainEntityOfPage\":{\"@id\":\"https:\\\/\\\/www.eldiario.net\\\/portal\\\/2024\\\/02\\\/08\\\/soboce-se-adhiere-al-pacto-global-de-naciones-unidas\\\/\"},\"wordCount\":524,\"commentCount\":0,\"publisher\":{\"@id\":\"https:\\\/\\\/www.eldiario.net\\\/portal\\\/#organization\"},\"image\":{\"@id\":\"https:\\\/\\\/www.eldiario.net\\\/portal\\\/2024\\\/02\\\/08\\\/soboce-se-adhiere-al-pacto-global-de-naciones-unidas\\\/#primaryimage\"},\"thumbnailUrl\":\"https:\\\/\\\/www.eldiario.net\\\/portal\\\/wp-content\\\/uploads\\\/2024\\\/02\\\/SOBOCE-FOTO.jpg\",\"articleSection\":[\"Econom\u00eda\"],\"inLanguage\":\"es\",\"potentialAction\":[{\"@type\":\"CommentAction\",\"name\":\"Comment\",\"target\":[\"https:\\\/\\\/www.eldiario.net\\\/portal\\\/2024\\\/02\\\/08\\\/soboce-se-adhiere-al-pacto-global-de-naciones-unidas\\\/#respond\"]}]},{\"@type\":\"WebPage\",\"@id\":\"https:\\\/\\\/www.eldiario.net\\\/portal\\\/2024\\\/02\\\/08\\\/soboce-se-adhiere-al-pacto-global-de-naciones-unidas\\\/\",\"url\":\"https:\\\/\\\/www.eldiario.net\\\/portal\\\/2024\\\/02\\\/08\\\/soboce-se-adhiere-al-pacto-global-de-naciones-unidas\\\/\",\"name\":\"Soboce se adhiere al Pacto Global de Naciones Unidas - El Diario - Bolivia\",\"isPartOf\":{\"@id\":\"https:\\\/\\\/www.eldiario.net\\\/portal\\\/#website\"},\"primaryImageOfPage\":{\"@id\":\"https:\\\/\\\/www.eldiario.net\\\/portal\\\/2024\\\/02\\\/08\\\/soboce-se-adhiere-al-pacto-global-de-naciones-unidas\\\/#primaryimage\"},\"image\":{\"@id\":\"https:\\\/\\\/www.eldiario.net\\\/portal\\\/2024\\\/02\\\/08\\\/soboce-se-adhiere-al-pacto-global-de-naciones-unidas\\\/#primaryimage\"},\"thumbnailUrl\":\"https:\\\/\\\/www.eldiario.net\\\/portal\\\/wp-content\\\/uploads\\\/2024\\\/02\\\/SOBOCE-FOTO.jpg\",\"datePublished\":\"2024-02-08T05:12:55+00:00\",\"breadcrumb\":{\"@id\":\"https:\\\/\\\/www.eldiario.net\\\/portal\\\/2024\\\/02\\\/08\\\/soboce-se-adhiere-al-pacto-global-de-naciones-unidas\\\/#breadcrumb\"},\"inLanguage\":\"es\",\"potentialAction\":[{\"@type\":\"ReadAction\",\"target\":[\"https:\\\/\\\/www.eldiario.net\\\/portal\\\/2024\\\/02\\\/08\\\/soboce-se-adhiere-al-pacto-global-de-naciones-unidas\\\/\"]}]},{\"@type\":\"ImageObject\",\"inLanguage\":\"es\",\"@id\":\"https:\\\/\\\/www.eldiario.net\\\/portal\\\/2024\\\/02\\\/08\\\/soboce-se-adhiere-al-pacto-global-de-naciones-unidas\\\/#primaryimage\",\"url\":\"https:\\\/\\\/www.eldiario.net\\\/portal\\\/wp-content\\\/uploads\\\/2024\\\/02\\\/SOBOCE-FOTO.jpg\",\"contentUrl\":\"https:\\\/\\\/www.eldiario.net\\\/portal\\\/wp-content\\\/uploads\\\/2024\\\/02\\\/SOBOCE-FOTO.jpg\",\"width\":1392,\"height\":928,\"caption\":\"Ejecutivos de Soboce y representantes de la ONU. Foto Soboce\"},{\"@type\":\"BreadcrumbList\",\"@id\":\"https:\\\/\\\/www.eldiario.net\\\/portal\\\/2024\\\/02\\\/08\\\/soboce-se-adhiere-al-pacto-global-de-naciones-unidas\\\/#breadcrumb\",\"itemListElement\":[{\"@type\":\"ListItem\",\"position\":1,\"name\":\"Portada\",\"item\":\"https:\\\/\\\/www.eldiario.net\\\/portal\\\/\"},{\"@type\":\"ListItem\",\"position\":2,\"name\":\"Soboce se adhiere al Pacto Global de Naciones Unidas\"}]},{\"@type\":\"WebSite\",\"@id\":\"https:\\\/\\\/www.eldiario.net\\\/portal\\\/#website\",\"url\":\"https:\\\/\\\/www.eldiario.net\\\/portal\\\/\",\"name\":\"El Diario - Decano de la prensa nacional\",\"description\":\"El Diario - Decano de la prensa nacional\",\"publisher\":{\"@id\":\"https:\\\/\\\/www.eldiario.net\\\/portal\\\/#organization\"},\"potentialAction\":[{\"@type\":\"SearchAction\",\"target\":{\"@type\":\"EntryPoint\",\"urlTemplate\":\"https:\\\/\\\/www.eldiario.net\\\/portal\\\/?s={search_term_string}\"},\"query-input\":{\"@type\":\"PropertyValueSpecification\",\"valueRequired\":true,\"valueName\":\"search_term_string\"}}],\"inLanguage\":\"es\"},{\"@type\":\"Organization\",\"@id\":\"https:\\\/\\\/www.eldiario.net\\\/portal\\\/#organization\",\"name\":\"El Diario - Decano de la prensa nacional\",\"url\":\"https:\\\/\\\/www.eldiario.net\\\/portal\\\/\",\"logo\":{\"@type\":\"ImageObject\",\"inLanguage\":\"es\",\"@id\":\"https:\\\/\\\/www.eldiario.net\\\/portal\\\/#\\\/schema\\\/logo\\\/image\\\/\",\"url\":\"https:\\\/\\\/www.eldiario.net\\\/portal\\\/wp-content\\\/uploads\\\/2023\\\/07\\\/logo_ED.jpg\",\"contentUrl\":\"https:\\\/\\\/www.eldiario.net\\\/portal\\\/wp-content\\\/uploads\\\/2023\\\/07\\\/logo_ED.jpg\",\"width\":272,\"height\":52,\"caption\":\"El Diario - Decano de la prensa nacional\"},\"image\":{\"@id\":\"https:\\\/\\\/www.eldiario.net\\\/portal\\\/#\\\/schema\\\/logo\\\/image\\\/\"},\"sameAs\":[\"https:\\\/\\\/www.facebook.com\\\/eldiario.bolivia\\\/\",\"https:\\\/\\\/x.com\\\/eldiario_net\"]},{\"@type\":\"Person\",\"@id\":\"https:\\\/\\\/www.eldiario.net\\\/portal\\\/#\\\/schema\\\/person\\\/2c57cf2b7a7ae032e449e4c9b1019eac\",\"name\":\"Jeanette\",\"image\":{\"@type\":\"ImageObject\",\"inLanguage\":\"es\",\"@id\":\"https:\\\/\\\/secure.gravatar.com\\\/avatar\\\/3ea2118a5f7dad2b7138b1187a6b7ee55f160b9968b66013c3a3ef39dd7e5798?s=96&d=mm&r=g\",\"url\":\"https:\\\/\\\/secure.gravatar.com\\\/avatar\\\/3ea2118a5f7dad2b7138b1187a6b7ee55f160b9968b66013c3a3ef39dd7e5798?s=96&d=mm&r=g\",\"contentUrl\":\"https:\\\/\\\/secure.gravatar.com\\\/avatar\\\/3ea2118a5f7dad2b7138b1187a6b7ee55f160b9968b66013c3a3ef39dd7e5798?s=96&d=mm&r=g\",\"caption\":\"Jeanette\"},\"sameAs\":[\"https:\\\/\\\/www.eldiario.net\\\/portal\"],\"url\":\"https:\\\/\\\/www.eldiario.net\\\/portal\\\/author\\\/jeanette\\\/\"}]}<\/script>\n<!-- \/ Yoast SEO plugin. -->","yoast_head_json":{"title":"Soboce se adhiere al Pacto Global de Naciones Unidas - El Diario - Bolivia","robots":{"index":"index","follow":"follow","max-snippet":"max-snippet:-1","max-image-preview":"max-image-preview:large","max-video-preview":"max-video-preview:-1"},"canonical":"https:\/\/www.eldiario.net\/portal\/2024\/02\/08\/soboce-se-adhiere-al-pacto-global-de-naciones-unidas\/","og_locale":"es_ES","og_type":"article","og_title":"Soboce se adhiere al Pacto Global de Naciones Unidas - El Diario - Bolivia","og_description":"La Sociedad Boliviana de Cemento (Soboce) inici\u00f3 el 2024 con la adhesi\u00f3n a Pacto Global en Bolivia, una iniciativa de Naciones Unidas que trabaja junto a las empresas por la construcci\u00f3n de econom\u00edas globales m\u00e1s sostenibles e inclusivas. Para sellar esa alianza, el Comit\u00e9 Ejecutivo de Soboce, la Directora de Pacto Global de Nacionales Unidas [&hellip;]","og_url":"https:\/\/www.eldiario.net\/portal\/2024\/02\/08\/soboce-se-adhiere-al-pacto-global-de-naciones-unidas\/","og_site_name":"El Diario - Bolivia","article_publisher":"https:\/\/www.facebook.com\/eldiario.bolivia\/","article_published_time":"2024-02-08T05:12:55+00:00","og_image":[{"width":1392,"height":928,"url":"https:\/\/www.eldiario.net\/portal\/wp-content\/uploads\/2024\/02\/SOBOCE-FOTO.jpg","type":"image\/jpeg"}],"author":"Jeanette","twitter_card":"summary_large_image","twitter_creator":"@eldiario_net","twitter_site":"@eldiario_net","twitter_misc":{"Escrito por":"Jeanette","Tiempo de lectura":"3 minutos"},"schema":{"@context":"https:\/\/schema.org","@graph":[{"@type":"Article","@id":"https:\/\/www.eldiario.net\/portal\/2024\/02\/08\/soboce-se-adhiere-al-pacto-global-de-naciones-unidas\/#article","isPartOf":{"@id":"https:\/\/www.eldiario.net\/portal\/2024\/02\/08\/soboce-se-adhiere-al-pacto-global-de-naciones-unidas\/"},"author":{"name":"Jeanette","@id":"https:\/\/www.eldiario.net\/portal\/#\/schema\/person\/2c57cf2b7a7ae032e449e4c9b1019eac"},"headline":"Soboce se adhiere al Pacto Global de Naciones Unidas","datePublished":"2024-02-08T05:12:55+00:00","mainEntityOfPage":{"@id":"https:\/\/www.eldiario.net\/portal\/2024\/02\/08\/soboce-se-adhiere-al-pacto-global-de-naciones-unidas\/"},"wordCount":524,"commentCount":0,"publisher":{"@id":"https:\/\/www.eldiario.net\/portal\/#organization"},"image":{"@id":"https:\/\/www.eldiario.net\/portal\/2024\/02\/08\/soboce-se-adhiere-al-pacto-global-de-naciones-unidas\/#primaryimage"},"thumbnailUrl":"https:\/\/www.eldiario.net\/portal\/wp-content\/uploads\/2024\/02\/SOBOCE-FOTO.jpg","articleSection":["Econom\u00eda"],"inLanguage":"es","potentialAction":[{"@type":"CommentAction","name":"Comment","target":["https:\/\/www.eldiario.net\/portal\/2024\/02\/08\/soboce-se-adhiere-al-pacto-global-de-naciones-unidas\/#respond"]}]},{"@type":"WebPage","@id":"https:\/\/www.eldiario.net\/portal\/2024\/02\/08\/soboce-se-adhiere-al-pacto-global-de-naciones-unidas\/","url":"https:\/\/www.eldiario.net\/portal\/2024\/02\/08\/soboce-se-adhiere-al-pacto-global-de-naciones-unidas\/","name":"Soboce se adhiere al Pacto Global de Naciones Unidas - El Diario - Bolivia","isPartOf":{"@id":"https:\/\/www.eldiario.net\/portal\/#website"},"primaryImageOfPage":{"@id":"https:\/\/www.eldiario.net\/portal\/2024\/02\/08\/soboce-se-adhiere-al-pacto-global-de-naciones-unidas\/#primaryimage"},"image":{"@id":"https:\/\/www.eldiario.net\/portal\/2024\/02\/08\/soboce-se-adhiere-al-pacto-global-de-naciones-unidas\/#primaryimage"},"thumbnailUrl":"https:\/\/www.eldiario.net\/portal\/wp-content\/uploads\/2024\/02\/SOBOCE-FOTO.jpg","datePublished":"2024-02-08T05:12:55+00:00","breadcrumb":{"@id":"https:\/\/www.eldiario.net\/portal\/2024\/02\/08\/soboce-se-adhiere-al-pacto-global-de-naciones-unidas\/#breadcrumb"},"inLanguage":"es","potentialAction":[{"@type":"ReadAction","target":["https:\/\/www.eldiario.net\/portal\/2024\/02\/08\/soboce-se-adhiere-al-pacto-global-de-naciones-unidas\/"]}]},{"@type":"ImageObject","inLanguage":"es","@id":"https:\/\/www.eldiario.net\/portal\/2024\/02\/08\/soboce-se-adhiere-al-pacto-global-de-naciones-unidas\/#primaryimage","url":"https:\/\/www.eldiario.net\/portal\/wp-content\/uploads\/2024\/02\/SOBOCE-FOTO.jpg","contentUrl":"https:\/\/www.eldiario.net\/portal\/wp-content\/uploads\/2024\/02\/SOBOCE-FOTO.jpg","width":1392,"height":928,"caption":"Ejecutivos de Soboce y representantes de la ONU. Foto Soboce"},{"@type":"BreadcrumbList","@id":"https:\/\/www.eldiario.net\/portal\/2024\/02\/08\/soboce-se-adhiere-al-pacto-global-de-naciones-unidas\/#breadcrumb","itemListElement":[{"@type":"ListItem","position":1,"name":"Portada","item":"https:\/\/www.eldiario.net\/portal\/"},{"@type":"ListItem","position":2,"name":"Soboce se adhiere al Pacto Global de Naciones Unidas"}]},{"@type":"WebSite","@id":"https:\/\/www.eldiario.net\/portal\/#website","url":"https:\/\/www.eldiario.net\/portal\/","name":"El Diario - Decano de la prensa nacional","description":"El Diario - Decano de la prensa nacional","publisher":{"@id":"https:\/\/www.eldiario.net\/portal\/#organization"},"potentialAction":[{"@type":"SearchAction","target":{"@type":"EntryPoint","urlTemplate":"https:\/\/www.eldiario.net\/portal\/?s={search_term_string}"},"query-input":{"@type":"PropertyValueSpecification","valueRequired":true,"valueName":"search_term_string"}}],"inLanguage":"es"},{"@type":"Organization","@id":"https:\/\/www.eldiario.net\/portal\/#organization","name":"El Diario - Decano de la prensa nacional","url":"https:\/\/www.eldiario.net\/portal\/","logo":{"@type":"ImageObject","inLanguage":"es","@id":"https:\/\/www.eldiario.net\/portal\/#\/schema\/logo\/image\/","url":"https:\/\/www.eldiario.net\/portal\/wp-content\/uploads\/2023\/07\/logo_ED.jpg","contentUrl":"https:\/\/www.eldiario.net\/portal\/wp-content\/uploads\/2023\/07\/logo_ED.jpg","width":272,"height":52,"caption":"El Diario - Decano de la prensa nacional"},"image":{"@id":"https:\/\/www.eldiario.net\/portal\/#\/schema\/logo\/image\/"},"sameAs":["https:\/\/www.facebook.com\/eldiario.bolivia\/","https:\/\/x.com\/eldiario_net"]},{"@type":"Person","@id":"https:\/\/www.eldiario.net\/portal\/#\/schema\/person\/2c57cf2b7a7ae032e449e4c9b1019eac","name":"Jeanette","image":{"@type":"ImageObject","inLanguage":"es","@id":"https:\/\/secure.gravatar.com\/avatar\/3ea2118a5f7dad2b7138b1187a6b7ee55f160b9968b66013c3a3ef39dd7e5798?s=96&d=mm&r=g","url":"https:\/\/secure.gravatar.com\/avatar\/3ea2118a5f7dad2b7138b1187a6b7ee55f160b9968b66013c3a3ef39dd7e5798?s=96&d=mm&r=g","contentUrl":"https:\/\/secure.gravatar.com\/avatar\/3ea2118a5f7dad2b7138b1187a6b7ee55f160b9968b66013c3a3ef39dd7e5798?s=96&d=mm&r=g","caption":"Jeanette"},"sameAs":["https:\/\/www.eldiario.net\/portal"],"url":"https:\/\/www.eldiario.net\/portal\/author\/jeanette\/"}]}},"_links":{"self":[{"href":"https:\/\/www.eldiario.net\/portal\/wp-json\/wp\/v2\/posts\/201966","targetHints":{"allow":["GET"]}}],"collection":[{"href":"https:\/\/www.eldiario.net\/portal\/wp-json\/wp\/v2\/posts"}],"about":[{"href":"https:\/\/www.eldiario.net\/portal\/wp-json\/wp\/v2\/types\/post"}],"author":[{"embeddable":true,"href":"https:\/\/www.eldiario.net\/portal\/wp-json\/wp\/v2\/users\/1"}],"replies":[{"embeddable":true,"href":"https:\/\/www.eldiario.net\/portal\/wp-json\/wp\/v2\/comments?post=201966"}],"version-history":[{"count":1,"href":"https:\/\/www.eldiario.net\/portal\/wp-json\/wp\/v2\/posts\/201966\/revisions"}],"predecessor-version":[{"id":201968,"href":"https:\/\/www.eldiario.net\/portal\/wp-json\/wp\/v2\/posts\/201966\/revisions\/201968"}],"wp:featuredmedia":[{"embeddable":true,"href":"https:\/\/www.eldiario.net\/portal\/wp-json\/wp\/v2\/media\/201967"}],"wp:attachment":[{"href":"https:\/\/www.eldiario.net\/portal\/wp-json\/wp\/v2\/media?parent=201966"}],"wp:term":[{"taxonomy":"category","embeddable":true,"href":"https:\/\/www.eldiario.net\/portal\/wp-json\/wp\/v2\/categories?post=201966"},{"taxonomy":"post_tag","embeddable":true,"href":"https:\/\/www.eldiario.net\/portal\/wp-json\/wp\/v2\/tags?post=201966"}],"curies":[{"name":"wp","href":"https:\/\/api.w.org\/{rel}","templated":true}]}}