{"id":201958,"date":"2024-02-08T01:08:52","date_gmt":"2024-02-08T05:08:52","guid":{"rendered":"https:\/\/www.eldiario.net\/portal\/?p=201958"},"modified":"2024-02-07T23:09:43","modified_gmt":"2024-02-08T03:09:43","slug":"bloqueos-el-uso-de-la-fuerza-como-ultimo-recurso","status":"publish","type":"post","link":"https:\/\/www.eldiario.net\/portal\/2024\/02\/08\/bloqueos-el-uso-de-la-fuerza-como-ultimo-recurso\/","title":{"rendered":"Bloqueos: El uso de la fuerza como \u00faltimo recurso"},"content":{"rendered":"<p>Continuando con mi \u00faltima columna titulada \u201cFrente a los bloqueos en Bolivia: \u00a1Traigan al gordo!\u201d (\u201cEl Deber\u201d, 31.01.2024) en la que fij\u00e9 mi posici\u00f3n sobre el tema indicando que cualquiera sea el motivo para bloquear y cualquiera el bloqueador, todo bloqueo, no solo bloquea nuestras posibilidades de desarrollo, sino que afecta negativamente a la econom\u00eda, a la imagen del pa\u00eds en el exterior y vulnera el derecho ciudadano al libre tr\u00e1nsito, al trabajo y a la pac\u00edfica convivencia, adem\u00e1s, que, protestar es un derecho, pero bloquear es un delito.<\/p>\n<p>No todos saben que protestar y bloquear no es lo mismo, estoy seguro que ni los propios bloqueadores est\u00e1n conscientes de ello, pese a que la Constituci\u00f3n Pol\u00edtica del Estado y el C\u00f3digo Penal prev\u00e9n sanciones al respecto, as\u00ed que, en el inter\u00e9s de respaldar lo dicho por la normativa boliviana, aqu\u00ed va este nuevo aporte, sobre la base de un reciente Comunicado desde la Organizaci\u00f3n de los Estados Americanos diciendo que:<\/p>\n<p><em>\u201cEn el marco de las manifestaciones iniciadas el 22 de enero en Bolivia, la Comisi\u00f3n Interamericana de Derechos Humanos (CIDH) y la Relator\u00eda Especial para la Libertad de Expresi\u00f3n (RELE) recuerdan al Estado su deber de respetar a los est\u00e1ndares interamericanos sobre libertad de asociaci\u00f3n, reuni\u00f3n pac\u00edfica y expresi\u00f3n, as\u00ed como tomar medidas efectivas para generar di\u00e1logos y reducir la polarizaci\u00f3n pol\u00edtica en el pa\u00eds\u201d<\/em>, refiri\u00e9ndose al conflicto que vivimos con los actuales bloqueos (\u201cCIDH y RELE: Bolivia debe respetar est\u00e1ndares interamericanos durante protestas\u201d, Oficina de Prensa de la CIDH, Washington, EEUU, 2.02.2024).<\/p>\n<p>El Comunicado se refiere a la alta polarizaci\u00f3n y actos de violencia en la actual conflictividad social, as\u00ed tambi\u00e9n, al <em>\u201ccierre de carreteras en varias regiones del pa\u00eds, con especial concentraci\u00f3n en los departamentos de Cochabamba, Potos\u00ed y Santa Cruz. En este contexto, la Polic\u00eda Nacional ha dispersado algunos sitios de bloqueo con el uso de gases en al menos una ocasi\u00f3n. En otros puntos se han registrado enfrentamientos entre civiles y agentes policiales, que resultaron en al menos 32 agentes heridos. En Potos\u00ed, el 27 de enero, tres polic\u00edas fueron lesionados y al menos 9 personas fueron detenidas. Por otra parte, se tiene el registro de la muerte de 2 personas, presuntamente como consecuencia de los bloqueos. Asimismo, se conoci\u00f3 el anuncio del Estado sobre posibles investigaciones contra quienes lideran las manifestaciones\u201d<\/em>.<\/p>\n<p>El Comunicado recuerda, que<em> \u201cla protesta social es un elemento esencial para la existencia y consolidaci\u00f3n de sociedades democr\u00e1ticas y comprende el ejercicio de la libertad de expresi\u00f3n, reuni\u00f3n pac\u00edfica y asociaci\u00f3n\u201d <\/em>y, que, <em>\u201ctoda limitaci\u00f3n a este derecho debe acreditar rigurosamente los requisitos de legalidad, necesidad y proporcionalidad. En ese sentido, el Estado debe adoptar medidas para proteger a quienes ejercen su derecho a la protesta y garantizar los derechos a la vida, integridad, salud y las condiciones para el abastecimiento de toda la poblaci\u00f3n\u201d<\/em>.<\/p>\n<p>Recomienda, adem\u00e1s, a las autoridades, \u201c<em>abstenerse de emitir declaraciones que estigmaticen la protesta o a quienes participan de ella. La estigmatizaci\u00f3n oficial de la protesta dificulta el di\u00e1logo y puede exacerbar violencia contra determinados sectores de la poblaci\u00f3n. Las personas con liderazgos p\u00fablicos deben tomar distancia de cualquier discurso que env\u00ede mensajes permisivos a la violencia, incluyendo los que activen, fomenten, acent\u00faen o exacerben situaciones de discriminaci\u00f3n, hostilidad, intolerancia o animadversi\u00f3n<\/em>\u201d.<\/p>\n<p>Hasta aqu\u00ed, todo dar\u00eda a pensar que tales expresiones respaldan la forma de \u201cprotestar\u201d de los bloqueadores, pero, no es as\u00ed, ya que el Comunicado dice que:<\/p>\n<p><em>\u201cCuando la eventual perturbaci\u00f3n a la vida cotidiana en el seno de las protestas se extiende en el tiempo y escala a punto de comprometer gravemente la garant\u00eda de otros derechos como por ejemplo el i) derecho a la vida; ii) aprovisionamiento de alimentos; o iii) el derecho a la salud, se acent\u00faa el deber del Estado de facilitar todos los mecanismos de di\u00e1logo posibles y la coexistencia de todos los derechos en tensi\u00f3n, teniendo el uso de la fuerza como \u00faltimo recurso\u201d<\/em>.<\/p>\n<p>Vale decir que, cuando la protesta, como el derecho a expresarse, reclamar, etc., que siempre debe ser pac\u00edfica, pasa a tener visos de violencia atentando contra los derechos de otras personas, el Estado puede y debe intervenir, por las buenas, primero, pero de no ser suficiente, con la fuerza p\u00fablica para imponer el orden, como prescriben las leyes de nuestro pa\u00eds. As\u00ed de claro y sencillo.<\/p>\n<p>Marcelo Cruz, Presidente de ASOCIATRIN, me envi\u00f3 unos videos en los que se puede ver c\u00f3mo se imped\u00eda la entrega de ayuda humanitaria a los choferes de camiones detenidos por d\u00edas de d\u00edas en medio de la nada, sin comida, sin agua, sin ba\u00f1o&#8230; Los autodenominados \u00ab<em>originarios ind\u00edgenas, propietarios del lugar y seguridad sindical<\/em>\u201d, armados de lanzas, prohibieron su paso. \u00bfC\u00f3mo tolerar tama\u00f1o acto de barbarie en pleno Siglo XXI?<\/p>\n<p>&nbsp;<\/p>\n<p><em>El autor es <\/em><em>Economista y Mag\u00edster en Comercio Internacional.<\/em><\/p>\n","protected":false},"excerpt":{"rendered":"<p>Continuando con mi \u00faltima columna titulada \u201cFrente a los bloqueos en Bolivia: \u00a1Traigan al gordo!\u201d (\u201cEl Deber\u201d, 31.01.2024) en la que fij\u00e9 mi posici\u00f3n sobre el tema indicando que cualquiera sea el motivo para bloquear y cualquiera el bloqueador, todo bloqueo, no solo bloquea nuestras posibilidades de desarrollo, sino que afecta negativamente a la econom\u00eda, [&hellip;]<\/p>\n","protected":false},"author":1,"featured_media":157466,"comment_status":"open","ping_status":"open","sticky":false,"template":"","format":"standard","meta":{"_acf_changed":false,"footnotes":""},"categories":[9],"tags":[],"class_list":["post-201958","post","type-post","status-publish","format-standard","has-post-thumbnail","category-opinion"],"acf":{"antetitulo":"Buscando la verdad "},"yoast_head":"<!-- This site is optimized with the Yoast SEO plugin v28.4 - https:\/\/yoast.com\/product\/yoast-seo-wordpress\/ -->\n<title>Bloqueos: El uso de la fuerza como \u00faltimo recurso - El Diario - Bolivia<\/title>\n<meta name=\"robots\" content=\"index, follow, max-snippet:-1, max-image-preview:large, max-video-preview:-1\" \/>\n<link rel=\"canonical\" href=\"https:\/\/www.eldiario.net\/portal\/2024\/02\/08\/bloqueos-el-uso-de-la-fuerza-como-ultimo-recurso\/\" \/>\n<meta property=\"og:locale\" content=\"es_ES\" \/>\n<meta property=\"og:type\" content=\"article\" \/>\n<meta property=\"og:title\" content=\"Bloqueos: El uso de la fuerza como \u00faltimo recurso - El Diario - Bolivia\" \/>\n<meta property=\"og:description\" content=\"Continuando con mi \u00faltima columna titulada \u201cFrente a los bloqueos en Bolivia: \u00a1Traigan al gordo!\u201d (\u201cEl Deber\u201d, 31.01.2024) en la que fij\u00e9 mi posici\u00f3n sobre el tema indicando que cualquiera sea el motivo para bloquear y cualquiera el bloqueador, todo bloqueo, no solo bloquea nuestras posibilidades de desarrollo, sino que afecta negativamente a la econom\u00eda, [&hellip;]\" \/>\n<meta property=\"og:url\" content=\"https:\/\/www.eldiario.net\/portal\/2024\/02\/08\/bloqueos-el-uso-de-la-fuerza-como-ultimo-recurso\/\" \/>\n<meta property=\"og:site_name\" content=\"El Diario - Bolivia\" \/>\n<meta property=\"article:publisher\" content=\"https:\/\/www.facebook.com\/eldiario.bolivia\/\" \/>\n<meta property=\"article:published_time\" content=\"2024-02-08T05:08:52+00:00\" \/>\n<meta property=\"og:image\" content=\"https:\/\/www.eldiario.net\/portal\/wp-content\/uploads\/2023\/06\/Gary-Antonio-Rodriguez-Alvarez.jpg\" \/>\n\t<meta property=\"og:image:width\" content=\"1200\" \/>\n\t<meta property=\"og:image:height\" content=\"628\" \/>\n\t<meta property=\"og:image:type\" content=\"image\/jpeg\" \/>\n<meta name=\"author\" content=\"Jeanette\" \/>\n<meta name=\"twitter:card\" content=\"summary_large_image\" \/>\n<meta name=\"twitter:creator\" content=\"@eldiario_net\" \/>\n<meta name=\"twitter:site\" content=\"@eldiario_net\" \/>\n<meta name=\"twitter:label1\" content=\"Escrito por\" \/>\n\t<meta name=\"twitter:data1\" content=\"Jeanette\" \/>\n\t<meta name=\"twitter:label2\" content=\"Tiempo de lectura\" \/>\n\t<meta name=\"twitter:data2\" content=\"4 minutos\" \/>\n<script type=\"application\/ld+json\" class=\"yoast-schema-graph\">{\"@context\":\"https:\\\/\\\/schema.org\",\"@graph\":[{\"@type\":\"Article\",\"@id\":\"https:\\\/\\\/www.eldiario.net\\\/portal\\\/2024\\\/02\\\/08\\\/bloqueos-el-uso-de-la-fuerza-como-ultimo-recurso\\\/#article\",\"isPartOf\":{\"@id\":\"https:\\\/\\\/www.eldiario.net\\\/portal\\\/2024\\\/02\\\/08\\\/bloqueos-el-uso-de-la-fuerza-como-ultimo-recurso\\\/\"},\"author\":{\"name\":\"Jeanette\",\"@id\":\"https:\\\/\\\/www.eldiario.net\\\/portal\\\/#\\\/schema\\\/person\\\/2c57cf2b7a7ae032e449e4c9b1019eac\"},\"headline\":\"Bloqueos: El uso de la fuerza como \u00faltimo recurso\",\"datePublished\":\"2024-02-08T05:08:52+00:00\",\"mainEntityOfPage\":{\"@id\":\"https:\\\/\\\/www.eldiario.net\\\/portal\\\/2024\\\/02\\\/08\\\/bloqueos-el-uso-de-la-fuerza-como-ultimo-recurso\\\/\"},\"wordCount\":871,\"commentCount\":0,\"publisher\":{\"@id\":\"https:\\\/\\\/www.eldiario.net\\\/portal\\\/#organization\"},\"image\":{\"@id\":\"https:\\\/\\\/www.eldiario.net\\\/portal\\\/2024\\\/02\\\/08\\\/bloqueos-el-uso-de-la-fuerza-como-ultimo-recurso\\\/#primaryimage\"},\"thumbnailUrl\":\"https:\\\/\\\/www.eldiario.net\\\/portal\\\/wp-content\\\/uploads\\\/2023\\\/06\\\/Gary-Antonio-Rodriguez-Alvarez.jpg\",\"articleSection\":[\"Opini\u00f3n\"],\"inLanguage\":\"es\",\"potentialAction\":[{\"@type\":\"CommentAction\",\"name\":\"Comment\",\"target\":[\"https:\\\/\\\/www.eldiario.net\\\/portal\\\/2024\\\/02\\\/08\\\/bloqueos-el-uso-de-la-fuerza-como-ultimo-recurso\\\/#respond\"]}]},{\"@type\":\"WebPage\",\"@id\":\"https:\\\/\\\/www.eldiario.net\\\/portal\\\/2024\\\/02\\\/08\\\/bloqueos-el-uso-de-la-fuerza-como-ultimo-recurso\\\/\",\"url\":\"https:\\\/\\\/www.eldiario.net\\\/portal\\\/2024\\\/02\\\/08\\\/bloqueos-el-uso-de-la-fuerza-como-ultimo-recurso\\\/\",\"name\":\"Bloqueos: El uso de la fuerza como \u00faltimo recurso - El Diario - Bolivia\",\"isPartOf\":{\"@id\":\"https:\\\/\\\/www.eldiario.net\\\/portal\\\/#website\"},\"primaryImageOfPage\":{\"@id\":\"https:\\\/\\\/www.eldiario.net\\\/portal\\\/2024\\\/02\\\/08\\\/bloqueos-el-uso-de-la-fuerza-como-ultimo-recurso\\\/#primaryimage\"},\"image\":{\"@id\":\"https:\\\/\\\/www.eldiario.net\\\/portal\\\/2024\\\/02\\\/08\\\/bloqueos-el-uso-de-la-fuerza-como-ultimo-recurso\\\/#primaryimage\"},\"thumbnailUrl\":\"https:\\\/\\\/www.eldiario.net\\\/portal\\\/wp-content\\\/uploads\\\/2023\\\/06\\\/Gary-Antonio-Rodriguez-Alvarez.jpg\",\"datePublished\":\"2024-02-08T05:08:52+00:00\",\"breadcrumb\":{\"@id\":\"https:\\\/\\\/www.eldiario.net\\\/portal\\\/2024\\\/02\\\/08\\\/bloqueos-el-uso-de-la-fuerza-como-ultimo-recurso\\\/#breadcrumb\"},\"inLanguage\":\"es\",\"potentialAction\":[{\"@type\":\"ReadAction\",\"target\":[\"https:\\\/\\\/www.eldiario.net\\\/portal\\\/2024\\\/02\\\/08\\\/bloqueos-el-uso-de-la-fuerza-como-ultimo-recurso\\\/\"]}]},{\"@type\":\"ImageObject\",\"inLanguage\":\"es\",\"@id\":\"https:\\\/\\\/www.eldiario.net\\\/portal\\\/2024\\\/02\\\/08\\\/bloqueos-el-uso-de-la-fuerza-como-ultimo-recurso\\\/#primaryimage\",\"url\":\"https:\\\/\\\/www.eldiario.net\\\/portal\\\/wp-content\\\/uploads\\\/2023\\\/06\\\/Gary-Antonio-Rodriguez-Alvarez.jpg\",\"contentUrl\":\"https:\\\/\\\/www.eldiario.net\\\/portal\\\/wp-content\\\/uploads\\\/2023\\\/06\\\/Gary-Antonio-Rodriguez-Alvarez.jpg\",\"width\":1200,\"height\":628},{\"@type\":\"BreadcrumbList\",\"@id\":\"https:\\\/\\\/www.eldiario.net\\\/portal\\\/2024\\\/02\\\/08\\\/bloqueos-el-uso-de-la-fuerza-como-ultimo-recurso\\\/#breadcrumb\",\"itemListElement\":[{\"@type\":\"ListItem\",\"position\":1,\"name\":\"Portada\",\"item\":\"https:\\\/\\\/www.eldiario.net\\\/portal\\\/\"},{\"@type\":\"ListItem\",\"position\":2,\"name\":\"Bloqueos: El uso de la fuerza como \u00faltimo recurso\"}]},{\"@type\":\"WebSite\",\"@id\":\"https:\\\/\\\/www.eldiario.net\\\/portal\\\/#website\",\"url\":\"https:\\\/\\\/www.eldiario.net\\\/portal\\\/\",\"name\":\"El Diario - Decano de la prensa nacional\",\"description\":\"El Diario - Decano de la prensa nacional\",\"publisher\":{\"@id\":\"https:\\\/\\\/www.eldiario.net\\\/portal\\\/#organization\"},\"potentialAction\":[{\"@type\":\"SearchAction\",\"target\":{\"@type\":\"EntryPoint\",\"urlTemplate\":\"https:\\\/\\\/www.eldiario.net\\\/portal\\\/?s={search_term_string}\"},\"query-input\":{\"@type\":\"PropertyValueSpecification\",\"valueRequired\":true,\"valueName\":\"search_term_string\"}}],\"inLanguage\":\"es\"},{\"@type\":\"Organization\",\"@id\":\"https:\\\/\\\/www.eldiario.net\\\/portal\\\/#organization\",\"name\":\"El Diario - Decano de la prensa nacional\",\"url\":\"https:\\\/\\\/www.eldiario.net\\\/portal\\\/\",\"logo\":{\"@type\":\"ImageObject\",\"inLanguage\":\"es\",\"@id\":\"https:\\\/\\\/www.eldiario.net\\\/portal\\\/#\\\/schema\\\/logo\\\/image\\\/\",\"url\":\"https:\\\/\\\/www.eldiario.net\\\/portal\\\/wp-content\\\/uploads\\\/2023\\\/07\\\/logo_ED.jpg\",\"contentUrl\":\"https:\\\/\\\/www.eldiario.net\\\/portal\\\/wp-content\\\/uploads\\\/2023\\\/07\\\/logo_ED.jpg\",\"width\":272,\"height\":52,\"caption\":\"El Diario - Decano de la prensa nacional\"},\"image\":{\"@id\":\"https:\\\/\\\/www.eldiario.net\\\/portal\\\/#\\\/schema\\\/logo\\\/image\\\/\"},\"sameAs\":[\"https:\\\/\\\/www.facebook.com\\\/eldiario.bolivia\\\/\",\"https:\\\/\\\/x.com\\\/eldiario_net\"]},{\"@type\":\"Person\",\"@id\":\"https:\\\/\\\/www.eldiario.net\\\/portal\\\/#\\\/schema\\\/person\\\/2c57cf2b7a7ae032e449e4c9b1019eac\",\"name\":\"Jeanette\",\"image\":{\"@type\":\"ImageObject\",\"inLanguage\":\"es\",\"@id\":\"https:\\\/\\\/secure.gravatar.com\\\/avatar\\\/3ea2118a5f7dad2b7138b1187a6b7ee55f160b9968b66013c3a3ef39dd7e5798?s=96&d=mm&r=g\",\"url\":\"https:\\\/\\\/secure.gravatar.com\\\/avatar\\\/3ea2118a5f7dad2b7138b1187a6b7ee55f160b9968b66013c3a3ef39dd7e5798?s=96&d=mm&r=g\",\"contentUrl\":\"https:\\\/\\\/secure.gravatar.com\\\/avatar\\\/3ea2118a5f7dad2b7138b1187a6b7ee55f160b9968b66013c3a3ef39dd7e5798?s=96&d=mm&r=g\",\"caption\":\"Jeanette\"},\"sameAs\":[\"https:\\\/\\\/www.eldiario.net\\\/portal\"],\"url\":\"https:\\\/\\\/www.eldiario.net\\\/portal\\\/author\\\/jeanette\\\/\"}]}<\/script>\n<!-- \/ Yoast SEO plugin. -->","yoast_head_json":{"title":"Bloqueos: El uso de la fuerza como \u00faltimo recurso - El Diario - Bolivia","robots":{"index":"index","follow":"follow","max-snippet":"max-snippet:-1","max-image-preview":"max-image-preview:large","max-video-preview":"max-video-preview:-1"},"canonical":"https:\/\/www.eldiario.net\/portal\/2024\/02\/08\/bloqueos-el-uso-de-la-fuerza-como-ultimo-recurso\/","og_locale":"es_ES","og_type":"article","og_title":"Bloqueos: El uso de la fuerza como \u00faltimo recurso - El Diario - Bolivia","og_description":"Continuando con mi \u00faltima columna titulada \u201cFrente a los bloqueos en Bolivia: \u00a1Traigan al gordo!\u201d (\u201cEl Deber\u201d, 31.01.2024) en la que fij\u00e9 mi posici\u00f3n sobre el tema indicando que cualquiera sea el motivo para bloquear y cualquiera el bloqueador, todo bloqueo, no solo bloquea nuestras posibilidades de desarrollo, sino que afecta negativamente a la econom\u00eda, [&hellip;]","og_url":"https:\/\/www.eldiario.net\/portal\/2024\/02\/08\/bloqueos-el-uso-de-la-fuerza-como-ultimo-recurso\/","og_site_name":"El Diario - Bolivia","article_publisher":"https:\/\/www.facebook.com\/eldiario.bolivia\/","article_published_time":"2024-02-08T05:08:52+00:00","og_image":[{"width":1200,"height":628,"url":"https:\/\/www.eldiario.net\/portal\/wp-content\/uploads\/2023\/06\/Gary-Antonio-Rodriguez-Alvarez.jpg","type":"image\/jpeg"}],"author":"Jeanette","twitter_card":"summary_large_image","twitter_creator":"@eldiario_net","twitter_site":"@eldiario_net","twitter_misc":{"Escrito por":"Jeanette","Tiempo de lectura":"4 minutos"},"schema":{"@context":"https:\/\/schema.org","@graph":[{"@type":"Article","@id":"https:\/\/www.eldiario.net\/portal\/2024\/02\/08\/bloqueos-el-uso-de-la-fuerza-como-ultimo-recurso\/#article","isPartOf":{"@id":"https:\/\/www.eldiario.net\/portal\/2024\/02\/08\/bloqueos-el-uso-de-la-fuerza-como-ultimo-recurso\/"},"author":{"name":"Jeanette","@id":"https:\/\/www.eldiario.net\/portal\/#\/schema\/person\/2c57cf2b7a7ae032e449e4c9b1019eac"},"headline":"Bloqueos: El uso de la fuerza como \u00faltimo recurso","datePublished":"2024-02-08T05:08:52+00:00","mainEntityOfPage":{"@id":"https:\/\/www.eldiario.net\/portal\/2024\/02\/08\/bloqueos-el-uso-de-la-fuerza-como-ultimo-recurso\/"},"wordCount":871,"commentCount":0,"publisher":{"@id":"https:\/\/www.eldiario.net\/portal\/#organization"},"image":{"@id":"https:\/\/www.eldiario.net\/portal\/2024\/02\/08\/bloqueos-el-uso-de-la-fuerza-como-ultimo-recurso\/#primaryimage"},"thumbnailUrl":"https:\/\/www.eldiario.net\/portal\/wp-content\/uploads\/2023\/06\/Gary-Antonio-Rodriguez-Alvarez.jpg","articleSection":["Opini\u00f3n"],"inLanguage":"es","potentialAction":[{"@type":"CommentAction","name":"Comment","target":["https:\/\/www.eldiario.net\/portal\/2024\/02\/08\/bloqueos-el-uso-de-la-fuerza-como-ultimo-recurso\/#respond"]}]},{"@type":"WebPage","@id":"https:\/\/www.eldiario.net\/portal\/2024\/02\/08\/bloqueos-el-uso-de-la-fuerza-como-ultimo-recurso\/","url":"https:\/\/www.eldiario.net\/portal\/2024\/02\/08\/bloqueos-el-uso-de-la-fuerza-como-ultimo-recurso\/","name":"Bloqueos: El uso de la fuerza como \u00faltimo recurso - El Diario - Bolivia","isPartOf":{"@id":"https:\/\/www.eldiario.net\/portal\/#website"},"primaryImageOfPage":{"@id":"https:\/\/www.eldiario.net\/portal\/2024\/02\/08\/bloqueos-el-uso-de-la-fuerza-como-ultimo-recurso\/#primaryimage"},"image":{"@id":"https:\/\/www.eldiario.net\/portal\/2024\/02\/08\/bloqueos-el-uso-de-la-fuerza-como-ultimo-recurso\/#primaryimage"},"thumbnailUrl":"https:\/\/www.eldiario.net\/portal\/wp-content\/uploads\/2023\/06\/Gary-Antonio-Rodriguez-Alvarez.jpg","datePublished":"2024-02-08T05:08:52+00:00","breadcrumb":{"@id":"https:\/\/www.eldiario.net\/portal\/2024\/02\/08\/bloqueos-el-uso-de-la-fuerza-como-ultimo-recurso\/#breadcrumb"},"inLanguage":"es","potentialAction":[{"@type":"ReadAction","target":["https:\/\/www.eldiario.net\/portal\/2024\/02\/08\/bloqueos-el-uso-de-la-fuerza-como-ultimo-recurso\/"]}]},{"@type":"ImageObject","inLanguage":"es","@id":"https:\/\/www.eldiario.net\/portal\/2024\/02\/08\/bloqueos-el-uso-de-la-fuerza-como-ultimo-recurso\/#primaryimage","url":"https:\/\/www.eldiario.net\/portal\/wp-content\/uploads\/2023\/06\/Gary-Antonio-Rodriguez-Alvarez.jpg","contentUrl":"https:\/\/www.eldiario.net\/portal\/wp-content\/uploads\/2023\/06\/Gary-Antonio-Rodriguez-Alvarez.jpg","width":1200,"height":628},{"@type":"BreadcrumbList","@id":"https:\/\/www.eldiario.net\/portal\/2024\/02\/08\/bloqueos-el-uso-de-la-fuerza-como-ultimo-recurso\/#breadcrumb","itemListElement":[{"@type":"ListItem","position":1,"name":"Portada","item":"https:\/\/www.eldiario.net\/portal\/"},{"@type":"ListItem","position":2,"name":"Bloqueos: El uso de la fuerza como \u00faltimo recurso"}]},{"@type":"WebSite","@id":"https:\/\/www.eldiario.net\/portal\/#website","url":"https:\/\/www.eldiario.net\/portal\/","name":"El Diario - Decano de la prensa nacional","description":"El Diario - Decano de la prensa nacional","publisher":{"@id":"https:\/\/www.eldiario.net\/portal\/#organization"},"potentialAction":[{"@type":"SearchAction","target":{"@type":"EntryPoint","urlTemplate":"https:\/\/www.eldiario.net\/portal\/?s={search_term_string}"},"query-input":{"@type":"PropertyValueSpecification","valueRequired":true,"valueName":"search_term_string"}}],"inLanguage":"es"},{"@type":"Organization","@id":"https:\/\/www.eldiario.net\/portal\/#organization","name":"El Diario - Decano de la prensa nacional","url":"https:\/\/www.eldiario.net\/portal\/","logo":{"@type":"ImageObject","inLanguage":"es","@id":"https:\/\/www.eldiario.net\/portal\/#\/schema\/logo\/image\/","url":"https:\/\/www.eldiario.net\/portal\/wp-content\/uploads\/2023\/07\/logo_ED.jpg","contentUrl":"https:\/\/www.eldiario.net\/portal\/wp-content\/uploads\/2023\/07\/logo_ED.jpg","width":272,"height":52,"caption":"El Diario - Decano de la prensa nacional"},"image":{"@id":"https:\/\/www.eldiario.net\/portal\/#\/schema\/logo\/image\/"},"sameAs":["https:\/\/www.facebook.com\/eldiario.bolivia\/","https:\/\/x.com\/eldiario_net"]},{"@type":"Person","@id":"https:\/\/www.eldiario.net\/portal\/#\/schema\/person\/2c57cf2b7a7ae032e449e4c9b1019eac","name":"Jeanette","image":{"@type":"ImageObject","inLanguage":"es","@id":"https:\/\/secure.gravatar.com\/avatar\/3ea2118a5f7dad2b7138b1187a6b7ee55f160b9968b66013c3a3ef39dd7e5798?s=96&d=mm&r=g","url":"https:\/\/secure.gravatar.com\/avatar\/3ea2118a5f7dad2b7138b1187a6b7ee55f160b9968b66013c3a3ef39dd7e5798?s=96&d=mm&r=g","contentUrl":"https:\/\/secure.gravatar.com\/avatar\/3ea2118a5f7dad2b7138b1187a6b7ee55f160b9968b66013c3a3ef39dd7e5798?s=96&d=mm&r=g","caption":"Jeanette"},"sameAs":["https:\/\/www.eldiario.net\/portal"],"url":"https:\/\/www.eldiario.net\/portal\/author\/jeanette\/"}]}},"_links":{"self":[{"href":"https:\/\/www.eldiario.net\/portal\/wp-json\/wp\/v2\/posts\/201958","targetHints":{"allow":["GET"]}}],"collection":[{"href":"https:\/\/www.eldiario.net\/portal\/wp-json\/wp\/v2\/posts"}],"about":[{"href":"https:\/\/www.eldiario.net\/portal\/wp-json\/wp\/v2\/types\/post"}],"author":[{"embeddable":true,"href":"https:\/\/www.eldiario.net\/portal\/wp-json\/wp\/v2\/users\/1"}],"replies":[{"embeddable":true,"href":"https:\/\/www.eldiario.net\/portal\/wp-json\/wp\/v2\/comments?post=201958"}],"version-history":[{"count":1,"href":"https:\/\/www.eldiario.net\/portal\/wp-json\/wp\/v2\/posts\/201958\/revisions"}],"predecessor-version":[{"id":201959,"href":"https:\/\/www.eldiario.net\/portal\/wp-json\/wp\/v2\/posts\/201958\/revisions\/201959"}],"wp:featuredmedia":[{"embeddable":true,"href":"https:\/\/www.eldiario.net\/portal\/wp-json\/wp\/v2\/media\/157466"}],"wp:attachment":[{"href":"https:\/\/www.eldiario.net\/portal\/wp-json\/wp\/v2\/media?parent=201958"}],"wp:term":[{"taxonomy":"category","embeddable":true,"href":"https:\/\/www.eldiario.net\/portal\/wp-json\/wp\/v2\/categories?post=201958"},{"taxonomy":"post_tag","embeddable":true,"href":"https:\/\/www.eldiario.net\/portal\/wp-json\/wp\/v2\/tags?post=201958"}],"curies":[{"name":"wp","href":"https:\/\/api.w.org\/{rel}","templated":true}]}}