{"id":201953,"date":"2024-02-08T01:04:31","date_gmt":"2024-02-08T05:04:31","guid":{"rendered":"https:\/\/www.eldiario.net\/portal\/?p=201953"},"modified":"2024-02-07T23:07:48","modified_gmt":"2024-02-08T03:07:48","slug":"el-conflicto-de-la-jubilacion","status":"publish","type":"post","link":"https:\/\/www.eldiario.net\/portal\/2024\/02\/08\/el-conflicto-de-la-jubilacion\/","title":{"rendered":"El conflicto de la jubilaci\u00f3n"},"content":{"rendered":"<p>Se gener\u00f3 un conflicto entre trabajadores y jubilados con la aprobaci\u00f3n, sin modificaci\u00f3n alguna en la Comisi\u00f3n de Planificaci\u00f3n, Pol\u00edtica Econ\u00f3mica y Finanzas, de la propuesta de Ley del gobierno para modificar los l\u00edmites solidarios de pensiones de vejez, el 25 de enero del presente a\u00f1o. El mencionado proyecto de Ley fue enviado a la plenarias de la c\u00e1mara de diputados para su tratamiento y aprobaci\u00f3n, de ser aprobado all\u00ed se enviar\u00eda a la c\u00e1mara de senadores y si no se realizan cambios en esta instancia, ser\u00eda promulgada y adquirir\u00eda rango de Ley de cumplimiento obligatorio.<\/p>\n<p>Este conflicto surge porque en el mencionado proyecto de ley 035\/23-24 se incorpora de manera tendenciosa, a trav\u00e9s de una \u201cDisposici\u00f3n Adicional \u00danica\u201d la jubilaci\u00f3n obligatoria, vulnerando el derecho al trabajo y la no discriminaci\u00f3n en raz\u00f3n de edad, derechos reconocidos por la Constituci\u00f3n Pol\u00edtica del Estado y las Convenciones con Organismos Internacionales de las cuales nuestro pa\u00eds es signatario.<\/p>\n<p>Esto ha provocado que los jubilados apoyen la aprobaci\u00f3n de la Ley porque quieren los nuevos l\u00edmites solidarios de inmediato, en contra de los trabajadores activos que quieren seguir ejerciendo sus funciones, principalmente porque consideran que las pensiones que ofrece el gobierno son miserables, lo cual es evidente, incluso tomando las cifras de las pensiones solidarias.<\/p>\n<p>Veamos la gr\u00e1fica comparativa entre lo que paga actualmente y lo que pretende pagar con sus nuevos l\u00edmites solidarios el gobierno.<\/p>\n<figure id=\"attachment_201954\" aria-describedby=\"caption-attachment-201954\" style=\"width: 500px\" class=\"wp-caption aligncenter\"><img loading=\"lazy\" decoding=\"async\" class=\"size-full wp-image-201954\" src=\"https:\/\/www.eldiario.net\/portal\/wp-content\/uploads\/2024\/02\/fondo_solidario.jpg\" alt=\"\" width=\"500\" height=\"300\" srcset=\"https:\/\/www.eldiario.net\/portal\/wp-content\/uploads\/2024\/02\/fondo_solidario.jpg 500w, https:\/\/www.eldiario.net\/portal\/wp-content\/uploads\/2024\/02\/fondo_solidario-300x180.jpg 300w\" sizes=\"auto, (max-width: 500px) 100vw, 500px\" \/><figcaption id=\"caption-attachment-201954\" class=\"wp-caption-text\">Fuente: Ley 985 y PL 035\/23-24<\/figcaption><\/figure>\n<p>A los 10 a\u00f1os de aportes se tiene apenas Bs. 640 de pensi\u00f3n y se propone incrementar a Bs. 720 (80 bolivianos m\u00e1s) en el Proyecto de Ley.<\/p>\n<p>El l\u00edmite m\u00e1ximo actual con 35 a\u00f1os de aportes (420 cotizaciones) para los trabajadores (no mineros) es de Bs. 4.200 y se plantea incrementar a Bs. 5.200, este \u00faltimo monto puede ser relativamente atractivo para trabajadores como los del magisterio o fabriles, sin embargo, dicho monto es un espejismo o una ilusi\u00f3n si se mantiene en el tiempo, pues, como les pas\u00f3 a los trabajadores que se jubilaron con los anteriores l\u00edmites, hoy suplican que se incremente esos l\u00edmites, pues el costo de vida ha ido increment\u00e1ndose constantemente y las pensiones pr\u00e1cticamente se quedaron congeladas. Eso en un proceso inflacionario m\u00e1s acelerado o una devaluaci\u00f3n con respecto, por ejemplo, al d\u00f3lar, como la que vivimos, podr\u00eda dejar ese monto que aparece como razonable, totalmente insuficiente en el futuro.<\/p>\n<p>Los montos paup\u00e9rrimos en los l\u00edmites inferiores (despu\u00e9s de 35 a\u00f1os apenas se mejora en 200 bolivianos pasando de Bs. 1.600 actuales a Bs. 1.800), s\u00f3lo aseguran el empobrecimiento de los pensionistas y desincentivan el aporte voluntario de los trabajadores independientes, lo cual es dram\u00e1tico, pues niega a estos amplios sectores una vejez digna.<\/p>\n<p>Frente a este conflicto generado por el gobierno y en el marco de la defensa de la unidad de objetivos y acci\u00f3n de los trabajadores, debemos exigir:<\/p>\n<p>1) Que se apruebe de inmediato, no por Ley sino por Decreto Supremo, el incremento de los l\u00edmites del fondo solidario propuesto por el gobierno, esto beneficiar\u00e1 a los jubilados, pero evitar\u00e1 que, tanto jubilados como trabajadores activos, sean empobrecidos con pensiones miserables, pues en el art\u00edculo 19 la Ley 065 se establece que el \u00d3rgano Ejecutivo podr\u00e1 actualizar cada cinco (5) a\u00f1os los l\u00edmites solidarios (pero como en esta ocasi\u00f3n puede demorar 7 a\u00f1os, la \u00faltima modificaci\u00f3n data del 2017)<\/p>\n<p>2) Que se rechace y se devuelva al Ejecutivo todo el Proyecto de Ley PL 035\/23-24, pues se debe reformar estructuralmente el r\u00e9gimen de pensiones, instalando amplias reuniones entre trabajadores y all\u00ed debatir junto a las brigadas parlamentarias una nueva ley de pensiones, en reemplazo de la Ley 065. Esta vez consensuada entre todos los sectores aportantes, mejorando sustancialmente las pensiones, adem\u00e1s con mantenimiento de valor y dejando sin efecto la vulneraci\u00f3n del derecho al trabajo (jubilaci\u00f3n\u00a0obligatoria).<\/p>\n<p>&nbsp;<\/p>\n<p><em>El autor es economista, Magister en Investigaci\u00f3n Cient\u00edfica, docente titular de la UMSA e investigador del R\u00e9gimen de Pensiones en Bolivia.<\/em><\/p>\n","protected":false},"excerpt":{"rendered":"<p>Se gener\u00f3 un conflicto entre trabajadores y jubilados con la aprobaci\u00f3n, sin modificaci\u00f3n alguna en la Comisi\u00f3n de Planificaci\u00f3n, Pol\u00edtica Econ\u00f3mica y Finanzas, de la propuesta de Ley del gobierno para modificar los l\u00edmites solidarios de pensiones de vejez, el 25 de enero del presente a\u00f1o. El mencionado proyecto de Ley fue enviado a la [&hellip;]<\/p>\n","protected":false},"author":1,"featured_media":200417,"comment_status":"open","ping_status":"open","sticky":false,"template":"","format":"standard","meta":{"_acf_changed":false,"footnotes":""},"categories":[9],"tags":[],"class_list":["post-201953","post","type-post","status-publish","format-standard","has-post-thumbnail","category-opinion"],"acf":{"antetitulo":""},"yoast_head":"<!-- This site is optimized with the Yoast SEO plugin v28.4 - https:\/\/yoast.com\/product\/yoast-seo-wordpress\/ -->\n<title>El conflicto de la jubilaci\u00f3n - El Diario - Bolivia<\/title>\n<meta name=\"robots\" content=\"index, follow, max-snippet:-1, max-image-preview:large, max-video-preview:-1\" \/>\n<link rel=\"canonical\" href=\"https:\/\/www.eldiario.net\/portal\/2024\/02\/08\/el-conflicto-de-la-jubilacion\/\" \/>\n<meta property=\"og:locale\" content=\"es_ES\" \/>\n<meta property=\"og:type\" content=\"article\" \/>\n<meta property=\"og:title\" content=\"El conflicto de la jubilaci\u00f3n - El Diario - Bolivia\" \/>\n<meta property=\"og:description\" content=\"Se gener\u00f3 un conflicto entre trabajadores y jubilados con la aprobaci\u00f3n, sin modificaci\u00f3n alguna en la Comisi\u00f3n de Planificaci\u00f3n, Pol\u00edtica Econ\u00f3mica y Finanzas, de la propuesta de Ley del gobierno para modificar los l\u00edmites solidarios de pensiones de vejez, el 25 de enero del presente a\u00f1o. El mencionado proyecto de Ley fue enviado a la [&hellip;]\" \/>\n<meta property=\"og:url\" content=\"https:\/\/www.eldiario.net\/portal\/2024\/02\/08\/el-conflicto-de-la-jubilacion\/\" \/>\n<meta property=\"og:site_name\" content=\"El Diario - Bolivia\" \/>\n<meta property=\"article:publisher\" content=\"https:\/\/www.facebook.com\/eldiario.bolivia\/\" \/>\n<meta property=\"article:published_time\" content=\"2024-02-08T05:04:31+00:00\" \/>\n<meta property=\"og:image\" content=\"https:\/\/www.eldiario.net\/portal\/wp-content\/uploads\/2024\/01\/Federico-Zelada-Bilbao.jpg\" \/>\n\t<meta property=\"og:image:width\" content=\"1200\" \/>\n\t<meta property=\"og:image:height\" content=\"628\" \/>\n\t<meta property=\"og:image:type\" content=\"image\/jpeg\" \/>\n<meta name=\"author\" content=\"Jeanette\" \/>\n<meta name=\"twitter:card\" content=\"summary_large_image\" \/>\n<meta name=\"twitter:creator\" content=\"@eldiario_net\" \/>\n<meta name=\"twitter:site\" content=\"@eldiario_net\" \/>\n<meta name=\"twitter:label1\" content=\"Escrito por\" \/>\n\t<meta name=\"twitter:data1\" content=\"Jeanette\" \/>\n\t<meta name=\"twitter:label2\" content=\"Tiempo de lectura\" \/>\n\t<meta name=\"twitter:data2\" content=\"4 minutos\" \/>\n<script type=\"application\/ld+json\" class=\"yoast-schema-graph\">{\"@context\":\"https:\\\/\\\/schema.org\",\"@graph\":[{\"@type\":\"Article\",\"@id\":\"https:\\\/\\\/www.eldiario.net\\\/portal\\\/2024\\\/02\\\/08\\\/el-conflicto-de-la-jubilacion\\\/#article\",\"isPartOf\":{\"@id\":\"https:\\\/\\\/www.eldiario.net\\\/portal\\\/2024\\\/02\\\/08\\\/el-conflicto-de-la-jubilacion\\\/\"},\"author\":{\"name\":\"Jeanette\",\"@id\":\"https:\\\/\\\/www.eldiario.net\\\/portal\\\/#\\\/schema\\\/person\\\/2c57cf2b7a7ae032e449e4c9b1019eac\"},\"headline\":\"El conflicto de la jubilaci\u00f3n\",\"datePublished\":\"2024-02-08T05:04:31+00:00\",\"mainEntityOfPage\":{\"@id\":\"https:\\\/\\\/www.eldiario.net\\\/portal\\\/2024\\\/02\\\/08\\\/el-conflicto-de-la-jubilacion\\\/\"},\"wordCount\":710,\"commentCount\":0,\"publisher\":{\"@id\":\"https:\\\/\\\/www.eldiario.net\\\/portal\\\/#organization\"},\"image\":{\"@id\":\"https:\\\/\\\/www.eldiario.net\\\/portal\\\/2024\\\/02\\\/08\\\/el-conflicto-de-la-jubilacion\\\/#primaryimage\"},\"thumbnailUrl\":\"https:\\\/\\\/www.eldiario.net\\\/portal\\\/wp-content\\\/uploads\\\/2024\\\/01\\\/Federico-Zelada-Bilbao.jpg\",\"articleSection\":[\"Opini\u00f3n\"],\"inLanguage\":\"es\",\"potentialAction\":[{\"@type\":\"CommentAction\",\"name\":\"Comment\",\"target\":[\"https:\\\/\\\/www.eldiario.net\\\/portal\\\/2024\\\/02\\\/08\\\/el-conflicto-de-la-jubilacion\\\/#respond\"]}]},{\"@type\":\"WebPage\",\"@id\":\"https:\\\/\\\/www.eldiario.net\\\/portal\\\/2024\\\/02\\\/08\\\/el-conflicto-de-la-jubilacion\\\/\",\"url\":\"https:\\\/\\\/www.eldiario.net\\\/portal\\\/2024\\\/02\\\/08\\\/el-conflicto-de-la-jubilacion\\\/\",\"name\":\"El conflicto de la jubilaci\u00f3n - El Diario - Bolivia\",\"isPartOf\":{\"@id\":\"https:\\\/\\\/www.eldiario.net\\\/portal\\\/#website\"},\"primaryImageOfPage\":{\"@id\":\"https:\\\/\\\/www.eldiario.net\\\/portal\\\/2024\\\/02\\\/08\\\/el-conflicto-de-la-jubilacion\\\/#primaryimage\"},\"image\":{\"@id\":\"https:\\\/\\\/www.eldiario.net\\\/portal\\\/2024\\\/02\\\/08\\\/el-conflicto-de-la-jubilacion\\\/#primaryimage\"},\"thumbnailUrl\":\"https:\\\/\\\/www.eldiario.net\\\/portal\\\/wp-content\\\/uploads\\\/2024\\\/01\\\/Federico-Zelada-Bilbao.jpg\",\"datePublished\":\"2024-02-08T05:04:31+00:00\",\"breadcrumb\":{\"@id\":\"https:\\\/\\\/www.eldiario.net\\\/portal\\\/2024\\\/02\\\/08\\\/el-conflicto-de-la-jubilacion\\\/#breadcrumb\"},\"inLanguage\":\"es\",\"potentialAction\":[{\"@type\":\"ReadAction\",\"target\":[\"https:\\\/\\\/www.eldiario.net\\\/portal\\\/2024\\\/02\\\/08\\\/el-conflicto-de-la-jubilacion\\\/\"]}]},{\"@type\":\"ImageObject\",\"inLanguage\":\"es\",\"@id\":\"https:\\\/\\\/www.eldiario.net\\\/portal\\\/2024\\\/02\\\/08\\\/el-conflicto-de-la-jubilacion\\\/#primaryimage\",\"url\":\"https:\\\/\\\/www.eldiario.net\\\/portal\\\/wp-content\\\/uploads\\\/2024\\\/01\\\/Federico-Zelada-Bilbao.jpg\",\"contentUrl\":\"https:\\\/\\\/www.eldiario.net\\\/portal\\\/wp-content\\\/uploads\\\/2024\\\/01\\\/Federico-Zelada-Bilbao.jpg\",\"width\":1200,\"height\":628},{\"@type\":\"BreadcrumbList\",\"@id\":\"https:\\\/\\\/www.eldiario.net\\\/portal\\\/2024\\\/02\\\/08\\\/el-conflicto-de-la-jubilacion\\\/#breadcrumb\",\"itemListElement\":[{\"@type\":\"ListItem\",\"position\":1,\"name\":\"Portada\",\"item\":\"https:\\\/\\\/www.eldiario.net\\\/portal\\\/\"},{\"@type\":\"ListItem\",\"position\":2,\"name\":\"El conflicto de la jubilaci\u00f3n\"}]},{\"@type\":\"WebSite\",\"@id\":\"https:\\\/\\\/www.eldiario.net\\\/portal\\\/#website\",\"url\":\"https:\\\/\\\/www.eldiario.net\\\/portal\\\/\",\"name\":\"El Diario - Decano de la prensa nacional\",\"description\":\"El Diario - Decano de la prensa nacional\",\"publisher\":{\"@id\":\"https:\\\/\\\/www.eldiario.net\\\/portal\\\/#organization\"},\"potentialAction\":[{\"@type\":\"SearchAction\",\"target\":{\"@type\":\"EntryPoint\",\"urlTemplate\":\"https:\\\/\\\/www.eldiario.net\\\/portal\\\/?s={search_term_string}\"},\"query-input\":{\"@type\":\"PropertyValueSpecification\",\"valueRequired\":true,\"valueName\":\"search_term_string\"}}],\"inLanguage\":\"es\"},{\"@type\":\"Organization\",\"@id\":\"https:\\\/\\\/www.eldiario.net\\\/portal\\\/#organization\",\"name\":\"El Diario - Decano de la prensa nacional\",\"url\":\"https:\\\/\\\/www.eldiario.net\\\/portal\\\/\",\"logo\":{\"@type\":\"ImageObject\",\"inLanguage\":\"es\",\"@id\":\"https:\\\/\\\/www.eldiario.net\\\/portal\\\/#\\\/schema\\\/logo\\\/image\\\/\",\"url\":\"https:\\\/\\\/www.eldiario.net\\\/portal\\\/wp-content\\\/uploads\\\/2023\\\/07\\\/logo_ED.jpg\",\"contentUrl\":\"https:\\\/\\\/www.eldiario.net\\\/portal\\\/wp-content\\\/uploads\\\/2023\\\/07\\\/logo_ED.jpg\",\"width\":272,\"height\":52,\"caption\":\"El Diario - Decano de la prensa nacional\"},\"image\":{\"@id\":\"https:\\\/\\\/www.eldiario.net\\\/portal\\\/#\\\/schema\\\/logo\\\/image\\\/\"},\"sameAs\":[\"https:\\\/\\\/www.facebook.com\\\/eldiario.bolivia\\\/\",\"https:\\\/\\\/x.com\\\/eldiario_net\"]},{\"@type\":\"Person\",\"@id\":\"https:\\\/\\\/www.eldiario.net\\\/portal\\\/#\\\/schema\\\/person\\\/2c57cf2b7a7ae032e449e4c9b1019eac\",\"name\":\"Jeanette\",\"image\":{\"@type\":\"ImageObject\",\"inLanguage\":\"es\",\"@id\":\"https:\\\/\\\/secure.gravatar.com\\\/avatar\\\/3ea2118a5f7dad2b7138b1187a6b7ee55f160b9968b66013c3a3ef39dd7e5798?s=96&d=mm&r=g\",\"url\":\"https:\\\/\\\/secure.gravatar.com\\\/avatar\\\/3ea2118a5f7dad2b7138b1187a6b7ee55f160b9968b66013c3a3ef39dd7e5798?s=96&d=mm&r=g\",\"contentUrl\":\"https:\\\/\\\/secure.gravatar.com\\\/avatar\\\/3ea2118a5f7dad2b7138b1187a6b7ee55f160b9968b66013c3a3ef39dd7e5798?s=96&d=mm&r=g\",\"caption\":\"Jeanette\"},\"sameAs\":[\"https:\\\/\\\/www.eldiario.net\\\/portal\"],\"url\":\"https:\\\/\\\/www.eldiario.net\\\/portal\\\/author\\\/jeanette\\\/\"}]}<\/script>\n<!-- \/ Yoast SEO plugin. -->","yoast_head_json":{"title":"El conflicto de la jubilaci\u00f3n - El Diario - Bolivia","robots":{"index":"index","follow":"follow","max-snippet":"max-snippet:-1","max-image-preview":"max-image-preview:large","max-video-preview":"max-video-preview:-1"},"canonical":"https:\/\/www.eldiario.net\/portal\/2024\/02\/08\/el-conflicto-de-la-jubilacion\/","og_locale":"es_ES","og_type":"article","og_title":"El conflicto de la jubilaci\u00f3n - El Diario - Bolivia","og_description":"Se gener\u00f3 un conflicto entre trabajadores y jubilados con la aprobaci\u00f3n, sin modificaci\u00f3n alguna en la Comisi\u00f3n de Planificaci\u00f3n, Pol\u00edtica Econ\u00f3mica y Finanzas, de la propuesta de Ley del gobierno para modificar los l\u00edmites solidarios de pensiones de vejez, el 25 de enero del presente a\u00f1o. El mencionado proyecto de Ley fue enviado a la [&hellip;]","og_url":"https:\/\/www.eldiario.net\/portal\/2024\/02\/08\/el-conflicto-de-la-jubilacion\/","og_site_name":"El Diario - Bolivia","article_publisher":"https:\/\/www.facebook.com\/eldiario.bolivia\/","article_published_time":"2024-02-08T05:04:31+00:00","og_image":[{"width":1200,"height":628,"url":"https:\/\/www.eldiario.net\/portal\/wp-content\/uploads\/2024\/01\/Federico-Zelada-Bilbao.jpg","type":"image\/jpeg"}],"author":"Jeanette","twitter_card":"summary_large_image","twitter_creator":"@eldiario_net","twitter_site":"@eldiario_net","twitter_misc":{"Escrito por":"Jeanette","Tiempo de lectura":"4 minutos"},"schema":{"@context":"https:\/\/schema.org","@graph":[{"@type":"Article","@id":"https:\/\/www.eldiario.net\/portal\/2024\/02\/08\/el-conflicto-de-la-jubilacion\/#article","isPartOf":{"@id":"https:\/\/www.eldiario.net\/portal\/2024\/02\/08\/el-conflicto-de-la-jubilacion\/"},"author":{"name":"Jeanette","@id":"https:\/\/www.eldiario.net\/portal\/#\/schema\/person\/2c57cf2b7a7ae032e449e4c9b1019eac"},"headline":"El conflicto de la jubilaci\u00f3n","datePublished":"2024-02-08T05:04:31+00:00","mainEntityOfPage":{"@id":"https:\/\/www.eldiario.net\/portal\/2024\/02\/08\/el-conflicto-de-la-jubilacion\/"},"wordCount":710,"commentCount":0,"publisher":{"@id":"https:\/\/www.eldiario.net\/portal\/#organization"},"image":{"@id":"https:\/\/www.eldiario.net\/portal\/2024\/02\/08\/el-conflicto-de-la-jubilacion\/#primaryimage"},"thumbnailUrl":"https:\/\/www.eldiario.net\/portal\/wp-content\/uploads\/2024\/01\/Federico-Zelada-Bilbao.jpg","articleSection":["Opini\u00f3n"],"inLanguage":"es","potentialAction":[{"@type":"CommentAction","name":"Comment","target":["https:\/\/www.eldiario.net\/portal\/2024\/02\/08\/el-conflicto-de-la-jubilacion\/#respond"]}]},{"@type":"WebPage","@id":"https:\/\/www.eldiario.net\/portal\/2024\/02\/08\/el-conflicto-de-la-jubilacion\/","url":"https:\/\/www.eldiario.net\/portal\/2024\/02\/08\/el-conflicto-de-la-jubilacion\/","name":"El conflicto de la jubilaci\u00f3n - El Diario - Bolivia","isPartOf":{"@id":"https:\/\/www.eldiario.net\/portal\/#website"},"primaryImageOfPage":{"@id":"https:\/\/www.eldiario.net\/portal\/2024\/02\/08\/el-conflicto-de-la-jubilacion\/#primaryimage"},"image":{"@id":"https:\/\/www.eldiario.net\/portal\/2024\/02\/08\/el-conflicto-de-la-jubilacion\/#primaryimage"},"thumbnailUrl":"https:\/\/www.eldiario.net\/portal\/wp-content\/uploads\/2024\/01\/Federico-Zelada-Bilbao.jpg","datePublished":"2024-02-08T05:04:31+00:00","breadcrumb":{"@id":"https:\/\/www.eldiario.net\/portal\/2024\/02\/08\/el-conflicto-de-la-jubilacion\/#breadcrumb"},"inLanguage":"es","potentialAction":[{"@type":"ReadAction","target":["https:\/\/www.eldiario.net\/portal\/2024\/02\/08\/el-conflicto-de-la-jubilacion\/"]}]},{"@type":"ImageObject","inLanguage":"es","@id":"https:\/\/www.eldiario.net\/portal\/2024\/02\/08\/el-conflicto-de-la-jubilacion\/#primaryimage","url":"https:\/\/www.eldiario.net\/portal\/wp-content\/uploads\/2024\/01\/Federico-Zelada-Bilbao.jpg","contentUrl":"https:\/\/www.eldiario.net\/portal\/wp-content\/uploads\/2024\/01\/Federico-Zelada-Bilbao.jpg","width":1200,"height":628},{"@type":"BreadcrumbList","@id":"https:\/\/www.eldiario.net\/portal\/2024\/02\/08\/el-conflicto-de-la-jubilacion\/#breadcrumb","itemListElement":[{"@type":"ListItem","position":1,"name":"Portada","item":"https:\/\/www.eldiario.net\/portal\/"},{"@type":"ListItem","position":2,"name":"El conflicto de la jubilaci\u00f3n"}]},{"@type":"WebSite","@id":"https:\/\/www.eldiario.net\/portal\/#website","url":"https:\/\/www.eldiario.net\/portal\/","name":"El Diario - Decano de la prensa nacional","description":"El Diario - Decano de la prensa nacional","publisher":{"@id":"https:\/\/www.eldiario.net\/portal\/#organization"},"potentialAction":[{"@type":"SearchAction","target":{"@type":"EntryPoint","urlTemplate":"https:\/\/www.eldiario.net\/portal\/?s={search_term_string}"},"query-input":{"@type":"PropertyValueSpecification","valueRequired":true,"valueName":"search_term_string"}}],"inLanguage":"es"},{"@type":"Organization","@id":"https:\/\/www.eldiario.net\/portal\/#organization","name":"El Diario - Decano de la prensa nacional","url":"https:\/\/www.eldiario.net\/portal\/","logo":{"@type":"ImageObject","inLanguage":"es","@id":"https:\/\/www.eldiario.net\/portal\/#\/schema\/logo\/image\/","url":"https:\/\/www.eldiario.net\/portal\/wp-content\/uploads\/2023\/07\/logo_ED.jpg","contentUrl":"https:\/\/www.eldiario.net\/portal\/wp-content\/uploads\/2023\/07\/logo_ED.jpg","width":272,"height":52,"caption":"El Diario - Decano de la prensa nacional"},"image":{"@id":"https:\/\/www.eldiario.net\/portal\/#\/schema\/logo\/image\/"},"sameAs":["https:\/\/www.facebook.com\/eldiario.bolivia\/","https:\/\/x.com\/eldiario_net"]},{"@type":"Person","@id":"https:\/\/www.eldiario.net\/portal\/#\/schema\/person\/2c57cf2b7a7ae032e449e4c9b1019eac","name":"Jeanette","image":{"@type":"ImageObject","inLanguage":"es","@id":"https:\/\/secure.gravatar.com\/avatar\/3ea2118a5f7dad2b7138b1187a6b7ee55f160b9968b66013c3a3ef39dd7e5798?s=96&d=mm&r=g","url":"https:\/\/secure.gravatar.com\/avatar\/3ea2118a5f7dad2b7138b1187a6b7ee55f160b9968b66013c3a3ef39dd7e5798?s=96&d=mm&r=g","contentUrl":"https:\/\/secure.gravatar.com\/avatar\/3ea2118a5f7dad2b7138b1187a6b7ee55f160b9968b66013c3a3ef39dd7e5798?s=96&d=mm&r=g","caption":"Jeanette"},"sameAs":["https:\/\/www.eldiario.net\/portal"],"url":"https:\/\/www.eldiario.net\/portal\/author\/jeanette\/"}]}},"_links":{"self":[{"href":"https:\/\/www.eldiario.net\/portal\/wp-json\/wp\/v2\/posts\/201953","targetHints":{"allow":["GET"]}}],"collection":[{"href":"https:\/\/www.eldiario.net\/portal\/wp-json\/wp\/v2\/posts"}],"about":[{"href":"https:\/\/www.eldiario.net\/portal\/wp-json\/wp\/v2\/types\/post"}],"author":[{"embeddable":true,"href":"https:\/\/www.eldiario.net\/portal\/wp-json\/wp\/v2\/users\/1"}],"replies":[{"embeddable":true,"href":"https:\/\/www.eldiario.net\/portal\/wp-json\/wp\/v2\/comments?post=201953"}],"version-history":[{"count":1,"href":"https:\/\/www.eldiario.net\/portal\/wp-json\/wp\/v2\/posts\/201953\/revisions"}],"predecessor-version":[{"id":201955,"href":"https:\/\/www.eldiario.net\/portal\/wp-json\/wp\/v2\/posts\/201953\/revisions\/201955"}],"wp:featuredmedia":[{"embeddable":true,"href":"https:\/\/www.eldiario.net\/portal\/wp-json\/wp\/v2\/media\/200417"}],"wp:attachment":[{"href":"https:\/\/www.eldiario.net\/portal\/wp-json\/wp\/v2\/media?parent=201953"}],"wp:term":[{"taxonomy":"category","embeddable":true,"href":"https:\/\/www.eldiario.net\/portal\/wp-json\/wp\/v2\/categories?post=201953"},{"taxonomy":"post_tag","embeddable":true,"href":"https:\/\/www.eldiario.net\/portal\/wp-json\/wp\/v2\/tags?post=201953"}],"curies":[{"name":"wp","href":"https:\/\/api.w.org\/{rel}","templated":true}]}}