{"id":201950,"date":"2024-02-08T01:02:33","date_gmt":"2024-02-08T05:02:33","guid":{"rendered":"https:\/\/www.eldiario.net\/portal\/?p=201950"},"modified":"2024-02-07T23:03:50","modified_gmt":"2024-02-08T03:03:50","slug":"carnaval-politico","status":"publish","type":"post","link":"https:\/\/www.eldiario.net\/portal\/2024\/02\/08\/carnaval-politico\/","title":{"rendered":"Carnaval pol\u00edtico"},"content":{"rendered":"<p>Mientras el robo al Estado a escala industrial contin\u00faa, todo el pa\u00eds vive un carnaval pol\u00edtico, pues la intransigencia de un solo hombre le cost\u00f3 al pa\u00eds 180 millones de d\u00f3lares, seg\u00fan la C\u00e1mara de Exportadores. Estamos como en los tiempos de Mariano Melgarejo, cuando por culpa del festejo del carnaval, perdimos el mar. Ahora por estar m\u00e1s pendientes del carnaval, estamos perdiendo la Democracia, la vida misma, sin contar que la venta del litio a espaldas del pueblo boliviano, mediante contratos firmados con empresas chinas, entre gallos y medianoche, representar\u00e1 el robo del siglo al pueblo boliviano.<\/p>\n<p>Este carnaval pol\u00edtico tiene su origen, en la ambici\u00f3n y la angurria de poder de la clase pol\u00edtica gobernante, que no contenta con haber trasquilado las finanzas p\u00fablicas durante casi dos d\u00e9cadas, ahora pretende volver al poder como si nada hubiera pasado, mediante la victimizaci\u00f3n y utilizando el discurso de la supuesta \u201coposici\u00f3n pol\u00edtica\u201d inexistente en el pa\u00eds. En Bolivia son cruzados r\u00edos de sangre para llegar a un acuerdo pol\u00edtico, aqu\u00ed no existen principios ni ideolog\u00eda, solo el inter\u00e9s econ\u00f3mico de la c\u00fapula masista, que quiere seguir chupando la sangre del Estado, hasta explotar como una garrapata por tanto succionar la sangre de los m\u00e1s humildes, el oro y las riquezas de todo el pa\u00eds. Las venas abiertas de Bolivia, explotadas y sobreexplotadas por sus propios hijos. Galeano, te equivocaste, no solo el \u201cyanqui\u201d y los imperios son responsables de la miseria de Latinoam\u00e9rica, tambi\u00e9n lo son, con m\u00e1s cinismo, sus propios hijos, pues la saquean, la maltratan, la violan y la contaminan d\u00eda tras d\u00eda.<\/p>\n<p>Destruirse desde dentro, eso es lo que est\u00e1 pasando en Bolivia, ninguna civilizaci\u00f3n es conquistada desde afuera si antes no se ha destruido desde adentro. Bolivia est\u00e1 decepcionada por la supuesta \u201climpieza\u201d de sus elecciones judiciales y generales, pero a\u00fan est\u00e1 m\u00e1s decepcionada por el mal desempe\u00f1o de sus l\u00edderes pol\u00edticos, en especial de la oposici\u00f3n. Aprobada en el Senado por unanimidad, la ley de elecciones judiciales, los radicales lograron su objetivo. \u201cHecha la ley, hecha la trampa\u201d y para este acuerdo antipatri\u00f3tico se prestaron muchos camaleones que dicen ser opositores. Les aseguro que el 80% de los bolivianos no cree en la honestidad de estos comicios, ni que con ellos se cambie el rostro sucio de la justicia boliviana de la noche a la ma\u00f1ana. El 80% de la poblaci\u00f3n boliviana no cree que su pa\u00eds sea gobernado de acuerdo con la voluntad del pueblo. No aceptemos elecciones fraudulentas ni legalicemos la Dictadura, no caigamos en seguir el juego perverso del masismo.<\/p>\n<p>Adem\u00e1s, el futuro l\u00edder pol\u00edtico, elegido en \u201celecciones limpias y transparentes\u201d, con un \u00d3rgano Electoral totalmente \u201cindependiente\u201d del poder pol\u00edtico, tiene una dificultad enorme: Definir qu\u00e9 es lo que quieren sus patrones. Adicionalmente existen contradicciones profundas en el pa\u00eds, y les aseguro que ni un Bukele o Milei, podr\u00eda gobernar Bolivia. En un pa\u00eds ingobernable, no aguantar\u00edan ni medio a\u00f1o, les aseguro, porque estos \u201celectores\u201d, no solo no tienen sus prioridades claramente identificadas, sino que tienen intereses que chocan entre s\u00ed (campesinos, fabriles, comerciantes, transportistas, maestros, m\u00e9dicos, polic\u00edas, militares, narcotraficantes, loteadores, contrabandistas). Bolivia ya pertenece por completo al crimen organizado internacional y al \u201csocial imperialismo\u201d.<\/p>\n<p>Entonces de qu\u00e9 estamos hablando. \u00bfC\u00f3mo servir adecuadamente al electorado, si no se entiende lo que necesita y desea? Es como mi natal pueblito encantado, Tupiza, donde nadie sabe lo que quiere, es un pueblito sin orden, sin autoridad. Por esta raz\u00f3n, que muchos pol\u00edticos nada hagan, ya no es motivo de sorpresa, por eso que se pacte con el enemigo, ya no es sorpresa para la poblaci\u00f3n. El vicio y la traici\u00f3n andan agarraditos de la mano en Bolivia. Pero una persona con liderazgo con proyecci\u00f3n, sabe que esta no es una opci\u00f3n real. Los oportunistas pol\u00edticos, esos que abundan en Bolivia, no har\u00e1n algo que sea impopular, los idealistas so\u00f1adores har\u00e1n cosas impopulares, pero casi insistiendo en el masoquismo o ser m\u00e1rtires. Los pragm\u00e1ticos como yo saben que hay verdades duras de tragar y hay que decirlas, aunque al p\u00fablico no le guste. La verdad es amarga, pero trabajamos duramente para articular todas las visiones a fin de sobrevivir y luchar nuevamente otro d\u00eda.<\/p>\n<p>Hoy vale la pena preguntarnos qu\u00e9 pasar\u00e1 si continuamos eligiendo malos gobernantes en Bolivia, con poca o ninguna capacidad de liderazgo, para los rom\u00e1nticos del ayer, que quieren el retorno del ex mandatario al poder, cueste lo que cueste, pese a que ha sembrado corrupci\u00f3n, burocracia ineficiente y narcotr\u00e1fico. \u00bfY el pa\u00eds podr\u00e1 aguantar m\u00e1s de lo mismo, m\u00e1s caudillos barbaros, m\u00e1s dictadorzuelos de poca monta? \u00bfPor cu\u00e1nto tiempo se mantendr\u00e1 el statu quo, donde el \u201cfamoso\u201d proceso de cambio solo sirvi\u00f3 para el enriquecimiento il\u00edcito de una c\u00fapula antidemocr\u00e1tica? Hoy el carnaval pol\u00edtico continua, solo es una fiesta privada de quienes se creen amos y se\u00f1ores de Bolivia, esas organizaciones sociales corruptas, adictas a las prebendas y, sobre todo, inmorales.<\/p>\n<p>Que siga el jolgorio, con serpentina, mistura y confites, pues todav\u00eda les queda m\u00e1s por destruir y robar a escala industrial. A ellos no les interesa Bolivia, solo buscan asegurar su futuro y la de sus descendientes. \u00a1Y el pa\u00eds que se vaya al abismo\u2026!<\/p>\n<p>&nbsp;<\/p>\n<p><em>Jhonny Vargas es Polit\u00f3logo y Docente de Postgrado.<\/em><\/p>\n","protected":false},"excerpt":{"rendered":"<p>Mientras el robo al Estado a escala industrial contin\u00faa, todo el pa\u00eds vive un carnaval pol\u00edtico, pues la intransigencia de un solo hombre le cost\u00f3 al pa\u00eds 180 millones de d\u00f3lares, seg\u00fan la C\u00e1mara de Exportadores. Estamos como en los tiempos de Mariano Melgarejo, cuando por culpa del festejo del carnaval, perdimos el mar. Ahora [&hellip;]<\/p>\n","protected":false},"author":1,"featured_media":167347,"comment_status":"open","ping_status":"open","sticky":false,"template":"","format":"standard","meta":{"_acf_changed":false,"footnotes":""},"categories":[9],"tags":[],"class_list":["post-201950","post","type-post","status-publish","format-standard","has-post-thumbnail","category-opinion"],"acf":{"antetitulo":""},"yoast_head":"<!-- This site is optimized with the Yoast SEO plugin v28.4 - https:\/\/yoast.com\/product\/yoast-seo-wordpress\/ -->\n<title>Carnaval pol\u00edtico - El Diario - Bolivia<\/title>\n<meta name=\"robots\" content=\"index, follow, max-snippet:-1, max-image-preview:large, max-video-preview:-1\" \/>\n<link rel=\"canonical\" href=\"https:\/\/www.eldiario.net\/portal\/2024\/02\/08\/carnaval-politico\/\" \/>\n<meta property=\"og:locale\" content=\"es_ES\" \/>\n<meta property=\"og:type\" content=\"article\" \/>\n<meta property=\"og:title\" content=\"Carnaval pol\u00edtico - El Diario - Bolivia\" \/>\n<meta property=\"og:description\" content=\"Mientras el robo al Estado a escala industrial contin\u00faa, todo el pa\u00eds vive un carnaval pol\u00edtico, pues la intransigencia de un solo hombre le cost\u00f3 al pa\u00eds 180 millones de d\u00f3lares, seg\u00fan la C\u00e1mara de Exportadores. Estamos como en los tiempos de Mariano Melgarejo, cuando por culpa del festejo del carnaval, perdimos el mar. Ahora [&hellip;]\" \/>\n<meta property=\"og:url\" content=\"https:\/\/www.eldiario.net\/portal\/2024\/02\/08\/carnaval-politico\/\" \/>\n<meta property=\"og:site_name\" content=\"El Diario - Bolivia\" \/>\n<meta property=\"article:publisher\" content=\"https:\/\/www.facebook.com\/eldiario.bolivia\/\" \/>\n<meta property=\"article:published_time\" content=\"2024-02-08T05:02:33+00:00\" \/>\n<meta property=\"og:image\" content=\"https:\/\/www.eldiario.net\/portal\/wp-content\/uploads\/2023\/07\/Jhonny-Vargas.jpg\" \/>\n\t<meta property=\"og:image:width\" content=\"1200\" \/>\n\t<meta property=\"og:image:height\" content=\"628\" \/>\n\t<meta property=\"og:image:type\" content=\"image\/jpeg\" \/>\n<meta name=\"author\" content=\"Jeanette\" \/>\n<meta name=\"twitter:card\" content=\"summary_large_image\" \/>\n<meta name=\"twitter:creator\" content=\"@eldiario_net\" \/>\n<meta name=\"twitter:site\" content=\"@eldiario_net\" \/>\n<meta name=\"twitter:label1\" content=\"Escrito por\" \/>\n\t<meta name=\"twitter:data1\" content=\"Jeanette\" \/>\n\t<meta name=\"twitter:label2\" content=\"Tiempo de lectura\" \/>\n\t<meta name=\"twitter:data2\" content=\"5 minutos\" \/>\n<script type=\"application\/ld+json\" class=\"yoast-schema-graph\">{\"@context\":\"https:\\\/\\\/schema.org\",\"@graph\":[{\"@type\":\"Article\",\"@id\":\"https:\\\/\\\/www.eldiario.net\\\/portal\\\/2024\\\/02\\\/08\\\/carnaval-politico\\\/#article\",\"isPartOf\":{\"@id\":\"https:\\\/\\\/www.eldiario.net\\\/portal\\\/2024\\\/02\\\/08\\\/carnaval-politico\\\/\"},\"author\":{\"name\":\"Jeanette\",\"@id\":\"https:\\\/\\\/www.eldiario.net\\\/portal\\\/#\\\/schema\\\/person\\\/2c57cf2b7a7ae032e449e4c9b1019eac\"},\"headline\":\"Carnaval pol\u00edtico\",\"datePublished\":\"2024-02-08T05:02:33+00:00\",\"mainEntityOfPage\":{\"@id\":\"https:\\\/\\\/www.eldiario.net\\\/portal\\\/2024\\\/02\\\/08\\\/carnaval-politico\\\/\"},\"wordCount\":958,\"commentCount\":0,\"publisher\":{\"@id\":\"https:\\\/\\\/www.eldiario.net\\\/portal\\\/#organization\"},\"image\":{\"@id\":\"https:\\\/\\\/www.eldiario.net\\\/portal\\\/2024\\\/02\\\/08\\\/carnaval-politico\\\/#primaryimage\"},\"thumbnailUrl\":\"https:\\\/\\\/www.eldiario.net\\\/portal\\\/wp-content\\\/uploads\\\/2023\\\/07\\\/Jhonny-Vargas.jpg\",\"articleSection\":[\"Opini\u00f3n\"],\"inLanguage\":\"es\",\"potentialAction\":[{\"@type\":\"CommentAction\",\"name\":\"Comment\",\"target\":[\"https:\\\/\\\/www.eldiario.net\\\/portal\\\/2024\\\/02\\\/08\\\/carnaval-politico\\\/#respond\"]}]},{\"@type\":\"WebPage\",\"@id\":\"https:\\\/\\\/www.eldiario.net\\\/portal\\\/2024\\\/02\\\/08\\\/carnaval-politico\\\/\",\"url\":\"https:\\\/\\\/www.eldiario.net\\\/portal\\\/2024\\\/02\\\/08\\\/carnaval-politico\\\/\",\"name\":\"Carnaval pol\u00edtico - El Diario - Bolivia\",\"isPartOf\":{\"@id\":\"https:\\\/\\\/www.eldiario.net\\\/portal\\\/#website\"},\"primaryImageOfPage\":{\"@id\":\"https:\\\/\\\/www.eldiario.net\\\/portal\\\/2024\\\/02\\\/08\\\/carnaval-politico\\\/#primaryimage\"},\"image\":{\"@id\":\"https:\\\/\\\/www.eldiario.net\\\/portal\\\/2024\\\/02\\\/08\\\/carnaval-politico\\\/#primaryimage\"},\"thumbnailUrl\":\"https:\\\/\\\/www.eldiario.net\\\/portal\\\/wp-content\\\/uploads\\\/2023\\\/07\\\/Jhonny-Vargas.jpg\",\"datePublished\":\"2024-02-08T05:02:33+00:00\",\"breadcrumb\":{\"@id\":\"https:\\\/\\\/www.eldiario.net\\\/portal\\\/2024\\\/02\\\/08\\\/carnaval-politico\\\/#breadcrumb\"},\"inLanguage\":\"es\",\"potentialAction\":[{\"@type\":\"ReadAction\",\"target\":[\"https:\\\/\\\/www.eldiario.net\\\/portal\\\/2024\\\/02\\\/08\\\/carnaval-politico\\\/\"]}]},{\"@type\":\"ImageObject\",\"inLanguage\":\"es\",\"@id\":\"https:\\\/\\\/www.eldiario.net\\\/portal\\\/2024\\\/02\\\/08\\\/carnaval-politico\\\/#primaryimage\",\"url\":\"https:\\\/\\\/www.eldiario.net\\\/portal\\\/wp-content\\\/uploads\\\/2023\\\/07\\\/Jhonny-Vargas.jpg\",\"contentUrl\":\"https:\\\/\\\/www.eldiario.net\\\/portal\\\/wp-content\\\/uploads\\\/2023\\\/07\\\/Jhonny-Vargas.jpg\",\"width\":1200,\"height\":628},{\"@type\":\"BreadcrumbList\",\"@id\":\"https:\\\/\\\/www.eldiario.net\\\/portal\\\/2024\\\/02\\\/08\\\/carnaval-politico\\\/#breadcrumb\",\"itemListElement\":[{\"@type\":\"ListItem\",\"position\":1,\"name\":\"Portada\",\"item\":\"https:\\\/\\\/www.eldiario.net\\\/portal\\\/\"},{\"@type\":\"ListItem\",\"position\":2,\"name\":\"Carnaval pol\u00edtico\"}]},{\"@type\":\"WebSite\",\"@id\":\"https:\\\/\\\/www.eldiario.net\\\/portal\\\/#website\",\"url\":\"https:\\\/\\\/www.eldiario.net\\\/portal\\\/\",\"name\":\"El Diario - Decano de la prensa nacional\",\"description\":\"El Diario - Decano de la prensa nacional\",\"publisher\":{\"@id\":\"https:\\\/\\\/www.eldiario.net\\\/portal\\\/#organization\"},\"potentialAction\":[{\"@type\":\"SearchAction\",\"target\":{\"@type\":\"EntryPoint\",\"urlTemplate\":\"https:\\\/\\\/www.eldiario.net\\\/portal\\\/?s={search_term_string}\"},\"query-input\":{\"@type\":\"PropertyValueSpecification\",\"valueRequired\":true,\"valueName\":\"search_term_string\"}}],\"inLanguage\":\"es\"},{\"@type\":\"Organization\",\"@id\":\"https:\\\/\\\/www.eldiario.net\\\/portal\\\/#organization\",\"name\":\"El Diario - Decano de la prensa nacional\",\"url\":\"https:\\\/\\\/www.eldiario.net\\\/portal\\\/\",\"logo\":{\"@type\":\"ImageObject\",\"inLanguage\":\"es\",\"@id\":\"https:\\\/\\\/www.eldiario.net\\\/portal\\\/#\\\/schema\\\/logo\\\/image\\\/\",\"url\":\"https:\\\/\\\/www.eldiario.net\\\/portal\\\/wp-content\\\/uploads\\\/2023\\\/07\\\/logo_ED.jpg\",\"contentUrl\":\"https:\\\/\\\/www.eldiario.net\\\/portal\\\/wp-content\\\/uploads\\\/2023\\\/07\\\/logo_ED.jpg\",\"width\":272,\"height\":52,\"caption\":\"El Diario - Decano de la prensa nacional\"},\"image\":{\"@id\":\"https:\\\/\\\/www.eldiario.net\\\/portal\\\/#\\\/schema\\\/logo\\\/image\\\/\"},\"sameAs\":[\"https:\\\/\\\/www.facebook.com\\\/eldiario.bolivia\\\/\",\"https:\\\/\\\/x.com\\\/eldiario_net\"]},{\"@type\":\"Person\",\"@id\":\"https:\\\/\\\/www.eldiario.net\\\/portal\\\/#\\\/schema\\\/person\\\/2c57cf2b7a7ae032e449e4c9b1019eac\",\"name\":\"Jeanette\",\"image\":{\"@type\":\"ImageObject\",\"inLanguage\":\"es\",\"@id\":\"https:\\\/\\\/secure.gravatar.com\\\/avatar\\\/3ea2118a5f7dad2b7138b1187a6b7ee55f160b9968b66013c3a3ef39dd7e5798?s=96&d=mm&r=g\",\"url\":\"https:\\\/\\\/secure.gravatar.com\\\/avatar\\\/3ea2118a5f7dad2b7138b1187a6b7ee55f160b9968b66013c3a3ef39dd7e5798?s=96&d=mm&r=g\",\"contentUrl\":\"https:\\\/\\\/secure.gravatar.com\\\/avatar\\\/3ea2118a5f7dad2b7138b1187a6b7ee55f160b9968b66013c3a3ef39dd7e5798?s=96&d=mm&r=g\",\"caption\":\"Jeanette\"},\"sameAs\":[\"https:\\\/\\\/www.eldiario.net\\\/portal\"],\"url\":\"https:\\\/\\\/www.eldiario.net\\\/portal\\\/author\\\/jeanette\\\/\"}]}<\/script>\n<!-- \/ Yoast SEO plugin. -->","yoast_head_json":{"title":"Carnaval pol\u00edtico - El Diario - Bolivia","robots":{"index":"index","follow":"follow","max-snippet":"max-snippet:-1","max-image-preview":"max-image-preview:large","max-video-preview":"max-video-preview:-1"},"canonical":"https:\/\/www.eldiario.net\/portal\/2024\/02\/08\/carnaval-politico\/","og_locale":"es_ES","og_type":"article","og_title":"Carnaval pol\u00edtico - El Diario - Bolivia","og_description":"Mientras el robo al Estado a escala industrial contin\u00faa, todo el pa\u00eds vive un carnaval pol\u00edtico, pues la intransigencia de un solo hombre le cost\u00f3 al pa\u00eds 180 millones de d\u00f3lares, seg\u00fan la C\u00e1mara de Exportadores. Estamos como en los tiempos de Mariano Melgarejo, cuando por culpa del festejo del carnaval, perdimos el mar. Ahora [&hellip;]","og_url":"https:\/\/www.eldiario.net\/portal\/2024\/02\/08\/carnaval-politico\/","og_site_name":"El Diario - Bolivia","article_publisher":"https:\/\/www.facebook.com\/eldiario.bolivia\/","article_published_time":"2024-02-08T05:02:33+00:00","og_image":[{"width":1200,"height":628,"url":"https:\/\/www.eldiario.net\/portal\/wp-content\/uploads\/2023\/07\/Jhonny-Vargas.jpg","type":"image\/jpeg"}],"author":"Jeanette","twitter_card":"summary_large_image","twitter_creator":"@eldiario_net","twitter_site":"@eldiario_net","twitter_misc":{"Escrito por":"Jeanette","Tiempo de lectura":"5 minutos"},"schema":{"@context":"https:\/\/schema.org","@graph":[{"@type":"Article","@id":"https:\/\/www.eldiario.net\/portal\/2024\/02\/08\/carnaval-politico\/#article","isPartOf":{"@id":"https:\/\/www.eldiario.net\/portal\/2024\/02\/08\/carnaval-politico\/"},"author":{"name":"Jeanette","@id":"https:\/\/www.eldiario.net\/portal\/#\/schema\/person\/2c57cf2b7a7ae032e449e4c9b1019eac"},"headline":"Carnaval pol\u00edtico","datePublished":"2024-02-08T05:02:33+00:00","mainEntityOfPage":{"@id":"https:\/\/www.eldiario.net\/portal\/2024\/02\/08\/carnaval-politico\/"},"wordCount":958,"commentCount":0,"publisher":{"@id":"https:\/\/www.eldiario.net\/portal\/#organization"},"image":{"@id":"https:\/\/www.eldiario.net\/portal\/2024\/02\/08\/carnaval-politico\/#primaryimage"},"thumbnailUrl":"https:\/\/www.eldiario.net\/portal\/wp-content\/uploads\/2023\/07\/Jhonny-Vargas.jpg","articleSection":["Opini\u00f3n"],"inLanguage":"es","potentialAction":[{"@type":"CommentAction","name":"Comment","target":["https:\/\/www.eldiario.net\/portal\/2024\/02\/08\/carnaval-politico\/#respond"]}]},{"@type":"WebPage","@id":"https:\/\/www.eldiario.net\/portal\/2024\/02\/08\/carnaval-politico\/","url":"https:\/\/www.eldiario.net\/portal\/2024\/02\/08\/carnaval-politico\/","name":"Carnaval pol\u00edtico - El Diario - Bolivia","isPartOf":{"@id":"https:\/\/www.eldiario.net\/portal\/#website"},"primaryImageOfPage":{"@id":"https:\/\/www.eldiario.net\/portal\/2024\/02\/08\/carnaval-politico\/#primaryimage"},"image":{"@id":"https:\/\/www.eldiario.net\/portal\/2024\/02\/08\/carnaval-politico\/#primaryimage"},"thumbnailUrl":"https:\/\/www.eldiario.net\/portal\/wp-content\/uploads\/2023\/07\/Jhonny-Vargas.jpg","datePublished":"2024-02-08T05:02:33+00:00","breadcrumb":{"@id":"https:\/\/www.eldiario.net\/portal\/2024\/02\/08\/carnaval-politico\/#breadcrumb"},"inLanguage":"es","potentialAction":[{"@type":"ReadAction","target":["https:\/\/www.eldiario.net\/portal\/2024\/02\/08\/carnaval-politico\/"]}]},{"@type":"ImageObject","inLanguage":"es","@id":"https:\/\/www.eldiario.net\/portal\/2024\/02\/08\/carnaval-politico\/#primaryimage","url":"https:\/\/www.eldiario.net\/portal\/wp-content\/uploads\/2023\/07\/Jhonny-Vargas.jpg","contentUrl":"https:\/\/www.eldiario.net\/portal\/wp-content\/uploads\/2023\/07\/Jhonny-Vargas.jpg","width":1200,"height":628},{"@type":"BreadcrumbList","@id":"https:\/\/www.eldiario.net\/portal\/2024\/02\/08\/carnaval-politico\/#breadcrumb","itemListElement":[{"@type":"ListItem","position":1,"name":"Portada","item":"https:\/\/www.eldiario.net\/portal\/"},{"@type":"ListItem","position":2,"name":"Carnaval pol\u00edtico"}]},{"@type":"WebSite","@id":"https:\/\/www.eldiario.net\/portal\/#website","url":"https:\/\/www.eldiario.net\/portal\/","name":"El Diario - Decano de la prensa nacional","description":"El Diario - Decano de la prensa nacional","publisher":{"@id":"https:\/\/www.eldiario.net\/portal\/#organization"},"potentialAction":[{"@type":"SearchAction","target":{"@type":"EntryPoint","urlTemplate":"https:\/\/www.eldiario.net\/portal\/?s={search_term_string}"},"query-input":{"@type":"PropertyValueSpecification","valueRequired":true,"valueName":"search_term_string"}}],"inLanguage":"es"},{"@type":"Organization","@id":"https:\/\/www.eldiario.net\/portal\/#organization","name":"El Diario - Decano de la prensa nacional","url":"https:\/\/www.eldiario.net\/portal\/","logo":{"@type":"ImageObject","inLanguage":"es","@id":"https:\/\/www.eldiario.net\/portal\/#\/schema\/logo\/image\/","url":"https:\/\/www.eldiario.net\/portal\/wp-content\/uploads\/2023\/07\/logo_ED.jpg","contentUrl":"https:\/\/www.eldiario.net\/portal\/wp-content\/uploads\/2023\/07\/logo_ED.jpg","width":272,"height":52,"caption":"El Diario - Decano de la prensa nacional"},"image":{"@id":"https:\/\/www.eldiario.net\/portal\/#\/schema\/logo\/image\/"},"sameAs":["https:\/\/www.facebook.com\/eldiario.bolivia\/","https:\/\/x.com\/eldiario_net"]},{"@type":"Person","@id":"https:\/\/www.eldiario.net\/portal\/#\/schema\/person\/2c57cf2b7a7ae032e449e4c9b1019eac","name":"Jeanette","image":{"@type":"ImageObject","inLanguage":"es","@id":"https:\/\/secure.gravatar.com\/avatar\/3ea2118a5f7dad2b7138b1187a6b7ee55f160b9968b66013c3a3ef39dd7e5798?s=96&d=mm&r=g","url":"https:\/\/secure.gravatar.com\/avatar\/3ea2118a5f7dad2b7138b1187a6b7ee55f160b9968b66013c3a3ef39dd7e5798?s=96&d=mm&r=g","contentUrl":"https:\/\/secure.gravatar.com\/avatar\/3ea2118a5f7dad2b7138b1187a6b7ee55f160b9968b66013c3a3ef39dd7e5798?s=96&d=mm&r=g","caption":"Jeanette"},"sameAs":["https:\/\/www.eldiario.net\/portal"],"url":"https:\/\/www.eldiario.net\/portal\/author\/jeanette\/"}]}},"_links":{"self":[{"href":"https:\/\/www.eldiario.net\/portal\/wp-json\/wp\/v2\/posts\/201950","targetHints":{"allow":["GET"]}}],"collection":[{"href":"https:\/\/www.eldiario.net\/portal\/wp-json\/wp\/v2\/posts"}],"about":[{"href":"https:\/\/www.eldiario.net\/portal\/wp-json\/wp\/v2\/types\/post"}],"author":[{"embeddable":true,"href":"https:\/\/www.eldiario.net\/portal\/wp-json\/wp\/v2\/users\/1"}],"replies":[{"embeddable":true,"href":"https:\/\/www.eldiario.net\/portal\/wp-json\/wp\/v2\/comments?post=201950"}],"version-history":[{"count":1,"href":"https:\/\/www.eldiario.net\/portal\/wp-json\/wp\/v2\/posts\/201950\/revisions"}],"predecessor-version":[{"id":201951,"href":"https:\/\/www.eldiario.net\/portal\/wp-json\/wp\/v2\/posts\/201950\/revisions\/201951"}],"wp:featuredmedia":[{"embeddable":true,"href":"https:\/\/www.eldiario.net\/portal\/wp-json\/wp\/v2\/media\/167347"}],"wp:attachment":[{"href":"https:\/\/www.eldiario.net\/portal\/wp-json\/wp\/v2\/media?parent=201950"}],"wp:term":[{"taxonomy":"category","embeddable":true,"href":"https:\/\/www.eldiario.net\/portal\/wp-json\/wp\/v2\/categories?post=201950"},{"taxonomy":"post_tag","embeddable":true,"href":"https:\/\/www.eldiario.net\/portal\/wp-json\/wp\/v2\/tags?post=201950"}],"curies":[{"name":"wp","href":"https:\/\/api.w.org\/{rel}","templated":true}]}}