{"id":201787,"date":"2024-02-07T07:04:59","date_gmt":"2024-02-07T11:04:59","guid":{"rendered":"https:\/\/www.eldiario.net\/portal\/?p=201787"},"modified":"2024-02-07T07:04:59","modified_gmt":"2024-02-07T11:04:59","slug":"el-pais-se-cae-a-pedazos","status":"publish","type":"post","link":"https:\/\/www.eldiario.net\/portal\/2024\/02\/07\/el-pais-se-cae-a-pedazos\/","title":{"rendered":"El pa\u00eds se cae a pedazos"},"content":{"rendered":"<p>Y la culpa la tenemos nosotros. Fuimos nosotros los que elegimos al MAS y le dimos victorias contundentes desde el 2005. S\u00ed, hicieron fraude, se adue\u00f1aron de la justicia y utilizaron la prebenda y la violencia para atornillarse en el poder, pero sin nuestros votos, nuestra pasividad y nuestro miedo, no lo habr\u00edan logrado. \u00bfPor qu\u00e9 entregamos el pa\u00eds a una banda de sinverg\u00fcenzas? \u00bfPor qu\u00e9 entregamos el pa\u00eds a un partido que nos promete m\u00e1s estatismo y menos libertad?<br \/>\nHabr\u00e1 que volver muchos a\u00f1os atr\u00e1s para saber lo que pas\u00f3. La elecci\u00f3n de Evo Morales en 2005 no se dio en un vac\u00edo hist\u00f3rico. El c\u00e1ncer que nos hace siempre elegir lo peor, o incluso frenar lo que tiene algunos visos de funcionar, es de larga data. Bolivia tiene una psiquis autodestructiva, una psiquis estatista que parece imposible de desterrar y que nos suma en un eterno ciclo en el que una crisis le sigue a otra. Hoy asistimos a una nueva, una de las peores. Una crisis real y profunda.<br \/>\nNo hay un peso partido por la mitad. Las reservas internacionales a diciembre del a\u00f1o pasado llegaban a solo $us 1.800 millones, de los cuales $us 165 millones eran divisas. Eso no alcanza ni para una semana de importaciones. Y si no hay d\u00f3lares no hay combustible, y sin combustible no hay producci\u00f3n, y sin producci\u00f3n no hay comida. Y entonces todo estalla. Como dec\u00eda el famoso economista Rudi Dornbusch, \u201clas crisis toman m\u00e1s tiempo en llegar de lo que uno piensa, pero despu\u00e9s pasan m\u00e1s r\u00e1pido de lo que uno pudiera pensar\u201d. Lo dijimos hace mucho tiempo, pero el gobierno ni se mosqueaba. Solo repet\u00eda su mantra de descalificaciones metiendo la cabeza en la arena: son aves de mal ag\u00fcero, son los jinetes de un apocalipsis que nunca llega\u2026 hasta que llega.<br \/>\nY aunque la situaci\u00f3n es cr\u00edtica, lo peor no es que no haya plata, lo peor es que no hay ideas ni voluntad pol\u00edtica para corregir el rumbo. Al MAS no se le mueve un pelo viendo que la nave se va al despe\u00f1adero. Mantener el poder es su \u00fanica preocupaci\u00f3n y para ello siguen usando parches y empeor\u00e1ndolo todo con tal de llegar al 2025. Y ese es el gran peligro: al MAS no le importa destrozar cada vez m\u00e1s las capacidades productivas del pa\u00eds con tal de seguir a flote. Aqu\u00ed algunos ejemplos.<br \/>\nUno. Se comieron las reservas internacionales. Ten\u00edamos m\u00e1s de $us 15.000 millones en 2014, fruto de la bonanza de los precios internacionales y, como digo arriba, a la fecha nos quedan menos de $us 2.000 millones. \u00a1Se farrearon casi el 90% de nuestras reservas! Esto es una muestra clara de que al MAS no le importa el futuro del pa\u00eds. Cuando se termin\u00f3 la bonanza y la responsabilidad llamaba a ajustarse el cintur\u00f3n, el MAS prefiri\u00f3 meterle nom\u00e1s para que siga la fiesta. \u00a1Que no se note que hay crisis, hay que seguir ganando elecciones! Pero esta irresponsabilidad hoy nos pasa la cuenta: no hay d\u00f3lares, no hay combustibles y hay una devaluaci\u00f3n de facto de casi el 30% en el mercado paralelo que nos tiene con una espiral inflacionaria ad-portas. Solo f\u00edjense en la ratio de oferta monetaria (M1) contra reservas. Este ha crecido de 1, a mayo de 2019, a m\u00e1s de 7, a septiembre de 2023. En otras palabras, hace unos 4 a\u00f1os por cada d\u00f3lar en reservas hab\u00eda un boliviano circulando, hoy hay 7. Si consideramos una definici\u00f3n m\u00e1s amplia de oferta monetaria (M2) son 14 bolivianos por cada d\u00f3lar en reservas. Esto hace que el d\u00f3lar, relativamente al boliviano, sea cada vez m\u00e1s escaso y se contin\u00fae devaluando. La consecuencia de ese proceso es siempre la inflaci\u00f3n.<br \/>\nDos. Dado que no hay d\u00f3lares, el gobierno se sigue prestando plata y la deuda, entre interna y externa, llega ya al 80% del PIB. Nuestra deuda externa ha pasado de $us 2.208 millones, o 17% del PIB el 2007, a $us 13.512 millones, o 32% del PIB, en 2023. Es decir, la deuda externa \u00a1se ha multiplicado 6 veces durante la \u00e9poca masista! Y van por m\u00e1s. Las recientes negociaciones entre el Evismo y el Arcismo para levantar los bloqueos incluyen la aprobaci\u00f3n de nuevos cr\u00e9ditos con organismos bilaterales. El asunto es captar d\u00f3lares, no importa si dejan un pa\u00eds endeudado hasta el cuello.<br \/>\nTres. Liquidan a las AFPs y pasan los ahorros de los bolivianos a la Gestora, una entidad p\u00fablica que se convierte en un monopolio estatal administrador de pensiones. \u00bfPor qu\u00e9? Porque es mejor controlar los d\u00f3lares de la gente y tener esa opci\u00f3n cuando las papas quemen. Otra vez, el asunto es poder raspar todas las ollas sin que importen las consecuencias en el futuro.<br \/>\nCuatro. El gobierno mantiene el subsidio a los alimentos y a los hidrocarburos que ya nos cuestan cerca de $us 2.000 millones al a\u00f1o. Esto representa m\u00e1s de la mitad del d\u00e9ficit fiscal y casi el 5% del PIB. A todas luces, el subsidio es el gasto m\u00e1s alto del gobierno y solo elimin\u00e1ndolo o reduci\u00e9ndolo significativamente se puede esperar que las cuentas fiscales mejoren y no se tenga que gastar m\u00e1s reservas internacionales. Pero el MAS no tocar\u00e1 el subsidio ni por asomo. Otra vez, prefiere que siga la fiesta, evitando tomar las decisiones dif\u00edciles y responsables. El subsidio nos deja un enorme hueco fiscal y en alg\u00fan rato alguien tendr\u00e1 que ponerle el cascabel al gato.<br \/>\nCinco. Hablando de huecos fiscales. El gobierno lleva ya 11 a\u00f1os consecutivos de d\u00e9ficits fiscales con un ritmo de casi el 8% del PIB. \u00bfC\u00f3mo no vamos a seguir endeud\u00e1ndonos hasta el tu\u00e9tano si seguimos acumulando d\u00e9ficits fiscales? \u00bfY c\u00f3mo no vamos a tener d\u00e9ficits fiscales si tenemos subsidios monstruosos, una burocracia de casi 600 mil bur\u00f3cratas, y una montonera de empresas p\u00fablicas deficitarias y corruptas? \u00bfQui\u00e9n pagar\u00e1 el pato? El MAS solo patea la lata hacia adelante.<br \/>\nY as\u00ed podr\u00edamos seguir listando indicadores que est\u00e1n hipotecando fuertemente nuestro futuro, pero d\u00e9jenme volver a la premisa inicial. En el fondo, esta crisis no es culpa del MAS. El MAS es el s\u00edntoma, pero la verdadera enfermedad es el estatismo. Si en 2025 echamos al MAS, pero elegimos ser gobernados por partidos que no frenen el gasto, que no eliminen subsidios, que no eliminen empresas p\u00fablicas, que no reduzcan el tama\u00f1o del Estado, las crisis seguir\u00e1n tocando nuestra puerta una y otra vez. O cambiamos de paradigma o Bolivia nunca podr\u00e1 dar un futuro digno a sus nuevas generaciones.<\/p>\n<p>Antonio Saravia es PhD en econom\u00eda.<br \/>\nTwitter: @tufisaravia<\/p>\n","protected":false},"excerpt":{"rendered":"<p>Y la culpa la tenemos nosotros. Fuimos nosotros los que elegimos al MAS y le dimos victorias contundentes desde el 2005. S\u00ed, hicieron fraude, se adue\u00f1aron de la justicia y utilizaron la prebenda y la violencia para atornillarse en el poder, pero sin nuestros votos, nuestra pasividad y nuestro miedo, no lo habr\u00edan logrado. \u00bfPor [&hellip;]<\/p>\n","protected":false},"author":1,"featured_media":164912,"comment_status":"open","ping_status":"open","sticky":false,"template":"","format":"standard","meta":{"_acf_changed":false,"footnotes":""},"categories":[9],"tags":[],"class_list":["post-201787","post","type-post","status-publish","format-standard","has-post-thumbnail","category-opinion"],"acf":{"antetitulo":""},"yoast_head":"<!-- This site is optimized with the Yoast SEO plugin v28.3 - https:\/\/yoast.com\/product\/yoast-seo-wordpress\/ -->\n<title>El pa\u00eds se cae a pedazos - El Diario - Bolivia<\/title>\n<meta name=\"robots\" content=\"index, follow, max-snippet:-1, max-image-preview:large, max-video-preview:-1\" \/>\n<link rel=\"canonical\" href=\"https:\/\/www.eldiario.net\/portal\/2024\/02\/07\/el-pais-se-cae-a-pedazos\/\" \/>\n<meta property=\"og:locale\" content=\"es_ES\" \/>\n<meta property=\"og:type\" content=\"article\" \/>\n<meta property=\"og:title\" content=\"El pa\u00eds se cae a pedazos - El Diario - Bolivia\" \/>\n<meta property=\"og:description\" content=\"Y la culpa la tenemos nosotros. Fuimos nosotros los que elegimos al MAS y le dimos victorias contundentes desde el 2005. S\u00ed, hicieron fraude, se adue\u00f1aron de la justicia y utilizaron la prebenda y la violencia para atornillarse en el poder, pero sin nuestros votos, nuestra pasividad y nuestro miedo, no lo habr\u00edan logrado. \u00bfPor [&hellip;]\" \/>\n<meta property=\"og:url\" content=\"https:\/\/www.eldiario.net\/portal\/2024\/02\/07\/el-pais-se-cae-a-pedazos\/\" \/>\n<meta property=\"og:site_name\" content=\"El Diario - Bolivia\" \/>\n<meta property=\"article:publisher\" content=\"https:\/\/www.facebook.com\/eldiario.bolivia\/\" \/>\n<meta property=\"article:published_time\" content=\"2024-02-07T11:04:59+00:00\" \/>\n<meta property=\"og:image\" content=\"https:\/\/www.eldiario.net\/portal\/wp-content\/uploads\/2023\/07\/Antonio-Saravia.jpg\" \/>\n\t<meta property=\"og:image:width\" content=\"1200\" \/>\n\t<meta property=\"og:image:height\" content=\"628\" \/>\n\t<meta property=\"og:image:type\" content=\"image\/jpeg\" \/>\n<meta name=\"author\" content=\"Jeanette\" \/>\n<meta name=\"twitter:card\" content=\"summary_large_image\" \/>\n<meta name=\"twitter:creator\" content=\"@eldiario_net\" \/>\n<meta name=\"twitter:site\" content=\"@eldiario_net\" \/>\n<meta name=\"twitter:label1\" content=\"Escrito por\" \/>\n\t<meta name=\"twitter:data1\" content=\"Jeanette\" \/>\n\t<meta name=\"twitter:label2\" content=\"Tiempo de lectura\" \/>\n\t<meta name=\"twitter:data2\" content=\"6 minutos\" \/>\n<script type=\"application\/ld+json\" class=\"yoast-schema-graph\">{\"@context\":\"https:\\\/\\\/schema.org\",\"@graph\":[{\"@type\":\"Article\",\"@id\":\"https:\\\/\\\/www.eldiario.net\\\/portal\\\/2024\\\/02\\\/07\\\/el-pais-se-cae-a-pedazos\\\/#article\",\"isPartOf\":{\"@id\":\"https:\\\/\\\/www.eldiario.net\\\/portal\\\/2024\\\/02\\\/07\\\/el-pais-se-cae-a-pedazos\\\/\"},\"author\":{\"name\":\"Jeanette\",\"@id\":\"https:\\\/\\\/www.eldiario.net\\\/portal\\\/#\\\/schema\\\/person\\\/f46445640444750d7d753ccd04ae01b7\"},\"headline\":\"El pa\u00eds se cae a pedazos\",\"datePublished\":\"2024-02-07T11:04:59+00:00\",\"mainEntityOfPage\":{\"@id\":\"https:\\\/\\\/www.eldiario.net\\\/portal\\\/2024\\\/02\\\/07\\\/el-pais-se-cae-a-pedazos\\\/\"},\"wordCount\":1159,\"commentCount\":0,\"publisher\":{\"@id\":\"https:\\\/\\\/www.eldiario.net\\\/portal\\\/#organization\"},\"image\":{\"@id\":\"https:\\\/\\\/www.eldiario.net\\\/portal\\\/2024\\\/02\\\/07\\\/el-pais-se-cae-a-pedazos\\\/#primaryimage\"},\"thumbnailUrl\":\"https:\\\/\\\/www.eldiario.net\\\/portal\\\/wp-content\\\/uploads\\\/2023\\\/07\\\/Antonio-Saravia.jpg\",\"articleSection\":[\"Opini\u00f3n\"],\"inLanguage\":\"es\",\"potentialAction\":[{\"@type\":\"CommentAction\",\"name\":\"Comment\",\"target\":[\"https:\\\/\\\/www.eldiario.net\\\/portal\\\/2024\\\/02\\\/07\\\/el-pais-se-cae-a-pedazos\\\/#respond\"]}]},{\"@type\":\"WebPage\",\"@id\":\"https:\\\/\\\/www.eldiario.net\\\/portal\\\/2024\\\/02\\\/07\\\/el-pais-se-cae-a-pedazos\\\/\",\"url\":\"https:\\\/\\\/www.eldiario.net\\\/portal\\\/2024\\\/02\\\/07\\\/el-pais-se-cae-a-pedazos\\\/\",\"name\":\"El pa\u00eds se cae a pedazos - El Diario - Bolivia\",\"isPartOf\":{\"@id\":\"https:\\\/\\\/www.eldiario.net\\\/portal\\\/#website\"},\"primaryImageOfPage\":{\"@id\":\"https:\\\/\\\/www.eldiario.net\\\/portal\\\/2024\\\/02\\\/07\\\/el-pais-se-cae-a-pedazos\\\/#primaryimage\"},\"image\":{\"@id\":\"https:\\\/\\\/www.eldiario.net\\\/portal\\\/2024\\\/02\\\/07\\\/el-pais-se-cae-a-pedazos\\\/#primaryimage\"},\"thumbnailUrl\":\"https:\\\/\\\/www.eldiario.net\\\/portal\\\/wp-content\\\/uploads\\\/2023\\\/07\\\/Antonio-Saravia.jpg\",\"datePublished\":\"2024-02-07T11:04:59+00:00\",\"breadcrumb\":{\"@id\":\"https:\\\/\\\/www.eldiario.net\\\/portal\\\/2024\\\/02\\\/07\\\/el-pais-se-cae-a-pedazos\\\/#breadcrumb\"},\"inLanguage\":\"es\",\"potentialAction\":[{\"@type\":\"ReadAction\",\"target\":[\"https:\\\/\\\/www.eldiario.net\\\/portal\\\/2024\\\/02\\\/07\\\/el-pais-se-cae-a-pedazos\\\/\"]}]},{\"@type\":\"ImageObject\",\"inLanguage\":\"es\",\"@id\":\"https:\\\/\\\/www.eldiario.net\\\/portal\\\/2024\\\/02\\\/07\\\/el-pais-se-cae-a-pedazos\\\/#primaryimage\",\"url\":\"https:\\\/\\\/www.eldiario.net\\\/portal\\\/wp-content\\\/uploads\\\/2023\\\/07\\\/Antonio-Saravia.jpg\",\"contentUrl\":\"https:\\\/\\\/www.eldiario.net\\\/portal\\\/wp-content\\\/uploads\\\/2023\\\/07\\\/Antonio-Saravia.jpg\",\"width\":1200,\"height\":628},{\"@type\":\"BreadcrumbList\",\"@id\":\"https:\\\/\\\/www.eldiario.net\\\/portal\\\/2024\\\/02\\\/07\\\/el-pais-se-cae-a-pedazos\\\/#breadcrumb\",\"itemListElement\":[{\"@type\":\"ListItem\",\"position\":1,\"name\":\"Portada\",\"item\":\"https:\\\/\\\/www.eldiario.net\\\/portal\\\/\"},{\"@type\":\"ListItem\",\"position\":2,\"name\":\"El pa\u00eds se cae a pedazos\"}]},{\"@type\":\"WebSite\",\"@id\":\"https:\\\/\\\/www.eldiario.net\\\/portal\\\/#website\",\"url\":\"https:\\\/\\\/www.eldiario.net\\\/portal\\\/\",\"name\":\"El Diario - Decano de la prensa nacional\",\"description\":\"El Diario - Decano de la prensa nacional\",\"publisher\":{\"@id\":\"https:\\\/\\\/www.eldiario.net\\\/portal\\\/#organization\"},\"potentialAction\":[{\"@type\":\"SearchAction\",\"target\":{\"@type\":\"EntryPoint\",\"urlTemplate\":\"https:\\\/\\\/www.eldiario.net\\\/portal\\\/?s={search_term_string}\"},\"query-input\":{\"@type\":\"PropertyValueSpecification\",\"valueRequired\":true,\"valueName\":\"search_term_string\"}}],\"inLanguage\":\"es\"},{\"@type\":\"Organization\",\"@id\":\"https:\\\/\\\/www.eldiario.net\\\/portal\\\/#organization\",\"name\":\"El Diario - Decano de la prensa nacional\",\"url\":\"https:\\\/\\\/www.eldiario.net\\\/portal\\\/\",\"logo\":{\"@type\":\"ImageObject\",\"inLanguage\":\"es\",\"@id\":\"https:\\\/\\\/www.eldiario.net\\\/portal\\\/#\\\/schema\\\/logo\\\/image\\\/\",\"url\":\"https:\\\/\\\/www.eldiario.net\\\/portal\\\/wp-content\\\/uploads\\\/2023\\\/07\\\/logo_ED.jpg\",\"contentUrl\":\"https:\\\/\\\/www.eldiario.net\\\/portal\\\/wp-content\\\/uploads\\\/2023\\\/07\\\/logo_ED.jpg\",\"width\":272,\"height\":52,\"caption\":\"El Diario - Decano de la prensa nacional\"},\"image\":{\"@id\":\"https:\\\/\\\/www.eldiario.net\\\/portal\\\/#\\\/schema\\\/logo\\\/image\\\/\"},\"sameAs\":[\"https:\\\/\\\/www.facebook.com\\\/eldiario.bolivia\\\/\",\"https:\\\/\\\/x.com\\\/eldiario_net\"]},{\"@type\":\"Person\",\"@id\":\"https:\\\/\\\/www.eldiario.net\\\/portal\\\/#\\\/schema\\\/person\\\/f46445640444750d7d753ccd04ae01b7\",\"name\":\"Jeanette\",\"image\":{\"@type\":\"ImageObject\",\"inLanguage\":\"es\",\"@id\":\"https:\\\/\\\/secure.gravatar.com\\\/avatar\\\/3ea2118a5f7dad2b7138b1187a6b7ee55f160b9968b66013c3a3ef39dd7e5798?s=96&d=mm&r=g\",\"url\":\"https:\\\/\\\/secure.gravatar.com\\\/avatar\\\/3ea2118a5f7dad2b7138b1187a6b7ee55f160b9968b66013c3a3ef39dd7e5798?s=96&d=mm&r=g\",\"contentUrl\":\"https:\\\/\\\/secure.gravatar.com\\\/avatar\\\/3ea2118a5f7dad2b7138b1187a6b7ee55f160b9968b66013c3a3ef39dd7e5798?s=96&d=mm&r=g\",\"caption\":\"Jeanette\"},\"sameAs\":[\"https:\\\/\\\/www.eldiario.net\\\/portal\"],\"url\":\"https:\\\/\\\/www.eldiario.net\\\/portal\\\/author\\\/jeanette\\\/\"}]}<\/script>\n<!-- \/ Yoast SEO plugin. -->","yoast_head_json":{"title":"El pa\u00eds se cae a pedazos - El Diario - Bolivia","robots":{"index":"index","follow":"follow","max-snippet":"max-snippet:-1","max-image-preview":"max-image-preview:large","max-video-preview":"max-video-preview:-1"},"canonical":"https:\/\/www.eldiario.net\/portal\/2024\/02\/07\/el-pais-se-cae-a-pedazos\/","og_locale":"es_ES","og_type":"article","og_title":"El pa\u00eds se cae a pedazos - El Diario - Bolivia","og_description":"Y la culpa la tenemos nosotros. Fuimos nosotros los que elegimos al MAS y le dimos victorias contundentes desde el 2005. S\u00ed, hicieron fraude, se adue\u00f1aron de la justicia y utilizaron la prebenda y la violencia para atornillarse en el poder, pero sin nuestros votos, nuestra pasividad y nuestro miedo, no lo habr\u00edan logrado. \u00bfPor [&hellip;]","og_url":"https:\/\/www.eldiario.net\/portal\/2024\/02\/07\/el-pais-se-cae-a-pedazos\/","og_site_name":"El Diario - Bolivia","article_publisher":"https:\/\/www.facebook.com\/eldiario.bolivia\/","article_published_time":"2024-02-07T11:04:59+00:00","og_image":[{"width":1200,"height":628,"url":"https:\/\/www.eldiario.net\/portal\/wp-content\/uploads\/2023\/07\/Antonio-Saravia.jpg","type":"image\/jpeg"}],"author":"Jeanette","twitter_card":"summary_large_image","twitter_creator":"@eldiario_net","twitter_site":"@eldiario_net","twitter_misc":{"Escrito por":"Jeanette","Tiempo de lectura":"6 minutos"},"schema":{"@context":"https:\/\/schema.org","@graph":[{"@type":"Article","@id":"https:\/\/www.eldiario.net\/portal\/2024\/02\/07\/el-pais-se-cae-a-pedazos\/#article","isPartOf":{"@id":"https:\/\/www.eldiario.net\/portal\/2024\/02\/07\/el-pais-se-cae-a-pedazos\/"},"author":{"name":"Jeanette","@id":"https:\/\/www.eldiario.net\/portal\/#\/schema\/person\/f46445640444750d7d753ccd04ae01b7"},"headline":"El pa\u00eds se cae a pedazos","datePublished":"2024-02-07T11:04:59+00:00","mainEntityOfPage":{"@id":"https:\/\/www.eldiario.net\/portal\/2024\/02\/07\/el-pais-se-cae-a-pedazos\/"},"wordCount":1159,"commentCount":0,"publisher":{"@id":"https:\/\/www.eldiario.net\/portal\/#organization"},"image":{"@id":"https:\/\/www.eldiario.net\/portal\/2024\/02\/07\/el-pais-se-cae-a-pedazos\/#primaryimage"},"thumbnailUrl":"https:\/\/www.eldiario.net\/portal\/wp-content\/uploads\/2023\/07\/Antonio-Saravia.jpg","articleSection":["Opini\u00f3n"],"inLanguage":"es","potentialAction":[{"@type":"CommentAction","name":"Comment","target":["https:\/\/www.eldiario.net\/portal\/2024\/02\/07\/el-pais-se-cae-a-pedazos\/#respond"]}]},{"@type":"WebPage","@id":"https:\/\/www.eldiario.net\/portal\/2024\/02\/07\/el-pais-se-cae-a-pedazos\/","url":"https:\/\/www.eldiario.net\/portal\/2024\/02\/07\/el-pais-se-cae-a-pedazos\/","name":"El pa\u00eds se cae a pedazos - El Diario - Bolivia","isPartOf":{"@id":"https:\/\/www.eldiario.net\/portal\/#website"},"primaryImageOfPage":{"@id":"https:\/\/www.eldiario.net\/portal\/2024\/02\/07\/el-pais-se-cae-a-pedazos\/#primaryimage"},"image":{"@id":"https:\/\/www.eldiario.net\/portal\/2024\/02\/07\/el-pais-se-cae-a-pedazos\/#primaryimage"},"thumbnailUrl":"https:\/\/www.eldiario.net\/portal\/wp-content\/uploads\/2023\/07\/Antonio-Saravia.jpg","datePublished":"2024-02-07T11:04:59+00:00","breadcrumb":{"@id":"https:\/\/www.eldiario.net\/portal\/2024\/02\/07\/el-pais-se-cae-a-pedazos\/#breadcrumb"},"inLanguage":"es","potentialAction":[{"@type":"ReadAction","target":["https:\/\/www.eldiario.net\/portal\/2024\/02\/07\/el-pais-se-cae-a-pedazos\/"]}]},{"@type":"ImageObject","inLanguage":"es","@id":"https:\/\/www.eldiario.net\/portal\/2024\/02\/07\/el-pais-se-cae-a-pedazos\/#primaryimage","url":"https:\/\/www.eldiario.net\/portal\/wp-content\/uploads\/2023\/07\/Antonio-Saravia.jpg","contentUrl":"https:\/\/www.eldiario.net\/portal\/wp-content\/uploads\/2023\/07\/Antonio-Saravia.jpg","width":1200,"height":628},{"@type":"BreadcrumbList","@id":"https:\/\/www.eldiario.net\/portal\/2024\/02\/07\/el-pais-se-cae-a-pedazos\/#breadcrumb","itemListElement":[{"@type":"ListItem","position":1,"name":"Portada","item":"https:\/\/www.eldiario.net\/portal\/"},{"@type":"ListItem","position":2,"name":"El pa\u00eds se cae a pedazos"}]},{"@type":"WebSite","@id":"https:\/\/www.eldiario.net\/portal\/#website","url":"https:\/\/www.eldiario.net\/portal\/","name":"El Diario - Decano de la prensa nacional","description":"El Diario - Decano de la prensa nacional","publisher":{"@id":"https:\/\/www.eldiario.net\/portal\/#organization"},"potentialAction":[{"@type":"SearchAction","target":{"@type":"EntryPoint","urlTemplate":"https:\/\/www.eldiario.net\/portal\/?s={search_term_string}"},"query-input":{"@type":"PropertyValueSpecification","valueRequired":true,"valueName":"search_term_string"}}],"inLanguage":"es"},{"@type":"Organization","@id":"https:\/\/www.eldiario.net\/portal\/#organization","name":"El Diario - Decano de la prensa nacional","url":"https:\/\/www.eldiario.net\/portal\/","logo":{"@type":"ImageObject","inLanguage":"es","@id":"https:\/\/www.eldiario.net\/portal\/#\/schema\/logo\/image\/","url":"https:\/\/www.eldiario.net\/portal\/wp-content\/uploads\/2023\/07\/logo_ED.jpg","contentUrl":"https:\/\/www.eldiario.net\/portal\/wp-content\/uploads\/2023\/07\/logo_ED.jpg","width":272,"height":52,"caption":"El Diario - Decano de la prensa nacional"},"image":{"@id":"https:\/\/www.eldiario.net\/portal\/#\/schema\/logo\/image\/"},"sameAs":["https:\/\/www.facebook.com\/eldiario.bolivia\/","https:\/\/x.com\/eldiario_net"]},{"@type":"Person","@id":"https:\/\/www.eldiario.net\/portal\/#\/schema\/person\/f46445640444750d7d753ccd04ae01b7","name":"Jeanette","image":{"@type":"ImageObject","inLanguage":"es","@id":"https:\/\/secure.gravatar.com\/avatar\/3ea2118a5f7dad2b7138b1187a6b7ee55f160b9968b66013c3a3ef39dd7e5798?s=96&d=mm&r=g","url":"https:\/\/secure.gravatar.com\/avatar\/3ea2118a5f7dad2b7138b1187a6b7ee55f160b9968b66013c3a3ef39dd7e5798?s=96&d=mm&r=g","contentUrl":"https:\/\/secure.gravatar.com\/avatar\/3ea2118a5f7dad2b7138b1187a6b7ee55f160b9968b66013c3a3ef39dd7e5798?s=96&d=mm&r=g","caption":"Jeanette"},"sameAs":["https:\/\/www.eldiario.net\/portal"],"url":"https:\/\/www.eldiario.net\/portal\/author\/jeanette\/"}]}},"_links":{"self":[{"href":"https:\/\/www.eldiario.net\/portal\/wp-json\/wp\/v2\/posts\/201787","targetHints":{"allow":["GET"]}}],"collection":[{"href":"https:\/\/www.eldiario.net\/portal\/wp-json\/wp\/v2\/posts"}],"about":[{"href":"https:\/\/www.eldiario.net\/portal\/wp-json\/wp\/v2\/types\/post"}],"author":[{"embeddable":true,"href":"https:\/\/www.eldiario.net\/portal\/wp-json\/wp\/v2\/users\/1"}],"replies":[{"embeddable":true,"href":"https:\/\/www.eldiario.net\/portal\/wp-json\/wp\/v2\/comments?post=201787"}],"version-history":[{"count":1,"href":"https:\/\/www.eldiario.net\/portal\/wp-json\/wp\/v2\/posts\/201787\/revisions"}],"predecessor-version":[{"id":201788,"href":"https:\/\/www.eldiario.net\/portal\/wp-json\/wp\/v2\/posts\/201787\/revisions\/201788"}],"wp:featuredmedia":[{"embeddable":true,"href":"https:\/\/www.eldiario.net\/portal\/wp-json\/wp\/v2\/media\/164912"}],"wp:attachment":[{"href":"https:\/\/www.eldiario.net\/portal\/wp-json\/wp\/v2\/media?parent=201787"}],"wp:term":[{"taxonomy":"category","embeddable":true,"href":"https:\/\/www.eldiario.net\/portal\/wp-json\/wp\/v2\/categories?post=201787"},{"taxonomy":"post_tag","embeddable":true,"href":"https:\/\/www.eldiario.net\/portal\/wp-json\/wp\/v2\/tags?post=201787"}],"curies":[{"name":"wp","href":"https:\/\/api.w.org\/{rel}","templated":true}]}}