{"id":201785,"date":"2024-02-07T07:04:26","date_gmt":"2024-02-07T11:04:26","guid":{"rendered":"https:\/\/www.eldiario.net\/portal\/?p=201785"},"modified":"2024-02-07T07:04:26","modified_gmt":"2024-02-07T11:04:26","slug":"bloqueos-y-mas-bloqueos","status":"publish","type":"post","link":"https:\/\/www.eldiario.net\/portal\/2024\/02\/07\/bloqueos-y-mas-bloqueos\/","title":{"rendered":"Bloqueos y m\u00e1s bloqueos"},"content":{"rendered":"<p>En las \u00faltimas semanas los bloqueos en las carreteras de Bolivia siguen produciendo may\u00fasculos da\u00f1os a la econom\u00eda del pa\u00eds y se dice que ya han alcanzado 1.000 millones de d\u00f3lares en p\u00e9rdidas, que son cr\u00edticas en estos momentos, cuando la econom\u00eda est\u00e1 balance\u00e1ndose por la falta de d\u00f3lares en el Banco Central.<br \/>\nEl Gobierno expres\u00f3 que esta medida, que ya dura quince d\u00edas, ha erosionado la confianza de los exportadores y se teme que las relaciones comerciales se vean comprometidas a largo plazo. Se est\u00e1 perjudicando los compromisos asumidos por nuestros exportadores. \u00bfQu\u00e9 exportador en el siguiente semestre o trimestre podr\u00e1 dar garant\u00eda de que va a mandar su producci\u00f3n al importador en otro pa\u00eds? Ya no le van a creer, afirm\u00f3 el portavoz del Gobierno.<br \/>\nLa maleza de los bloqueos tambi\u00e9n est\u00e1 cundiendo en pa\u00edses europeos, aunque sus motivos para los bloqueos son diferentes a los de Bolivia. Hace poco en Francia, B\u00e9lgica, Espa\u00f1a, Portugal Alemania y Italia se hicieron bloqueos de carreteras.<br \/>\nLas preocupaciones de las capitales se hicieron eco en Bruselas, donde se celebraba una cumbre europea, y los agricultores belgas prometieron llevar cientos de tractores para bloquear el barrio europeo. Camiones atascaron el tr\u00e1fico en Par\u00eds, Berl\u00edn, Bruselas o Roma y se han convertido en el s\u00edmbolo del creciente enojo de grupos de agricultores y ganaderos que exigen mejoras para su sector en la Uni\u00f3n Europea y en sus propios pa\u00edses, con el fin de conseguir mejores precios por sus productos y menos burocracia para hacer su trabajo.<br \/>\nLos agricultores europeos, que ya est\u00e1n sufriendo las consecuencias de la crisis clim\u00e1tica, denuncian pol\u00edticas contradictorias, injustas y preocupantes para el futuro.<br \/>\nHan sido bloqueadas carreteras en toda Francia, se ha arrojado esti\u00e9rcol y residuos agr\u00edcolas frente a oficinas p\u00fablicas y se ha esparcido fardos de heno por restaurantes de comida r\u00e1pida.<br \/>\nTodo empez\u00f3 el a\u00f1o pasado, cuando los agricultores empezaron a desatornillar las se\u00f1ales de tr\u00e1fico y a colocarlas al rev\u00e9s. A veces a\u00f1ad\u00edan el lema \u00abon marche sur les t\u00eates\u00bb, que significa \u00abcaminamos sobre nuestras cabezas\u00bb, en referencia a c\u00f3mo su mundo se ha puesto del rev\u00e9s.<br \/>\nEn Rumania y Bulgaria, los pasos fronterizos se han visto atascados por tractores y camiones. En el pasado abril, Polonia vio c\u00f3mo dimit\u00eda su Ministro de Agricultura por causa del conflicto, aunque las nuevas subvenciones han calmado algo la situaci\u00f3n.<br \/>\nSin embargo, muchos siguen preocupados por los impuestos excesivamente altos y las normativas cada vez m\u00e1s estrictas. Mientras los agricultores se tambalean por el impacto de sequ\u00edas, inundaciones e incendios forestales, afirman que las pol\u00edticas ecol\u00f3gicas no hacen m\u00e1s que exprimirlos a\u00fan m\u00e1s. Las protestas aumentan, de cara a las elecciones en el Parlamento Europeo en junio, en las que se considera que la extrema derecha, para quien los agricultores representan un electorado cada vez mayor, est\u00e1 logrando avances.<br \/>\nComo ver\u00e1n, el bloqueo no solamente es un fen\u00f3meno boliviano, sino tambi\u00e9n es muy popular en Europa.<\/p>\n<p>Londres, Inglaterra.<\/p>\n","protected":false},"excerpt":{"rendered":"<p>En las \u00faltimas semanas los bloqueos en las carreteras de Bolivia siguen produciendo may\u00fasculos da\u00f1os a la econom\u00eda del pa\u00eds y se dice que ya han alcanzado 1.000 millones de d\u00f3lares en p\u00e9rdidas, que son cr\u00edticas en estos momentos, cuando la econom\u00eda est\u00e1 balance\u00e1ndose por la falta de d\u00f3lares en el Banco Central. El Gobierno [&hellip;]<\/p>\n","protected":false},"author":1,"featured_media":195330,"comment_status":"open","ping_status":"open","sticky":false,"template":"","format":"standard","meta":{"_acf_changed":false,"footnotes":""},"categories":[9],"tags":[],"class_list":["post-201785","post","type-post","status-publish","format-standard","has-post-thumbnail","category-opinion"],"acf":{"antetitulo":"Cartas desde el Viejo mundo"},"yoast_head":"<!-- This site is optimized with the Yoast SEO plugin v28.3 - https:\/\/yoast.com\/product\/yoast-seo-wordpress\/ -->\n<title>Bloqueos y m\u00e1s bloqueos - El Diario - Bolivia<\/title>\n<meta name=\"robots\" content=\"index, follow, max-snippet:-1, max-image-preview:large, max-video-preview:-1\" \/>\n<link rel=\"canonical\" href=\"https:\/\/www.eldiario.net\/portal\/2024\/02\/07\/bloqueos-y-mas-bloqueos\/\" \/>\n<meta property=\"og:locale\" content=\"es_ES\" \/>\n<meta property=\"og:type\" content=\"article\" \/>\n<meta property=\"og:title\" content=\"Bloqueos y m\u00e1s bloqueos - El Diario - Bolivia\" \/>\n<meta property=\"og:description\" content=\"En las \u00faltimas semanas los bloqueos en las carreteras de Bolivia siguen produciendo may\u00fasculos da\u00f1os a la econom\u00eda del pa\u00eds y se dice que ya han alcanzado 1.000 millones de d\u00f3lares en p\u00e9rdidas, que son cr\u00edticas en estos momentos, cuando la econom\u00eda est\u00e1 balance\u00e1ndose por la falta de d\u00f3lares en el Banco Central. El Gobierno [&hellip;]\" \/>\n<meta property=\"og:url\" content=\"https:\/\/www.eldiario.net\/portal\/2024\/02\/07\/bloqueos-y-mas-bloqueos\/\" \/>\n<meta property=\"og:site_name\" content=\"El Diario - Bolivia\" \/>\n<meta property=\"article:publisher\" content=\"https:\/\/www.facebook.com\/eldiario.bolivia\/\" \/>\n<meta property=\"article:published_time\" content=\"2024-02-07T11:04:26+00:00\" \/>\n<meta property=\"og:image\" content=\"https:\/\/www.eldiario.net\/portal\/wp-content\/uploads\/2023\/12\/Julio-Salas-Benavides.jpg\" \/>\n\t<meta property=\"og:image:width\" content=\"1200\" \/>\n\t<meta property=\"og:image:height\" content=\"628\" \/>\n\t<meta property=\"og:image:type\" content=\"image\/jpeg\" \/>\n<meta name=\"author\" content=\"Jeanette\" \/>\n<meta name=\"twitter:card\" content=\"summary_large_image\" \/>\n<meta name=\"twitter:creator\" content=\"@eldiario_net\" \/>\n<meta name=\"twitter:site\" content=\"@eldiario_net\" \/>\n<meta name=\"twitter:label1\" content=\"Escrito por\" \/>\n\t<meta name=\"twitter:data1\" content=\"Jeanette\" \/>\n\t<meta name=\"twitter:label2\" content=\"Tiempo de lectura\" \/>\n\t<meta name=\"twitter:data2\" content=\"3 minutos\" \/>\n<script type=\"application\/ld+json\" class=\"yoast-schema-graph\">{\"@context\":\"https:\\\/\\\/schema.org\",\"@graph\":[{\"@type\":\"Article\",\"@id\":\"https:\\\/\\\/www.eldiario.net\\\/portal\\\/2024\\\/02\\\/07\\\/bloqueos-y-mas-bloqueos\\\/#article\",\"isPartOf\":{\"@id\":\"https:\\\/\\\/www.eldiario.net\\\/portal\\\/2024\\\/02\\\/07\\\/bloqueos-y-mas-bloqueos\\\/\"},\"author\":{\"name\":\"Jeanette\",\"@id\":\"https:\\\/\\\/www.eldiario.net\\\/portal\\\/#\\\/schema\\\/person\\\/f46445640444750d7d753ccd04ae01b7\"},\"headline\":\"Bloqueos y m\u00e1s bloqueos\",\"datePublished\":\"2024-02-07T11:04:26+00:00\",\"mainEntityOfPage\":{\"@id\":\"https:\\\/\\\/www.eldiario.net\\\/portal\\\/2024\\\/02\\\/07\\\/bloqueos-y-mas-bloqueos\\\/\"},\"wordCount\":547,\"commentCount\":0,\"publisher\":{\"@id\":\"https:\\\/\\\/www.eldiario.net\\\/portal\\\/#organization\"},\"image\":{\"@id\":\"https:\\\/\\\/www.eldiario.net\\\/portal\\\/2024\\\/02\\\/07\\\/bloqueos-y-mas-bloqueos\\\/#primaryimage\"},\"thumbnailUrl\":\"https:\\\/\\\/www.eldiario.net\\\/portal\\\/wp-content\\\/uploads\\\/2023\\\/12\\\/Julio-Salas-Benavides.jpg\",\"articleSection\":[\"Opini\u00f3n\"],\"inLanguage\":\"es\",\"potentialAction\":[{\"@type\":\"CommentAction\",\"name\":\"Comment\",\"target\":[\"https:\\\/\\\/www.eldiario.net\\\/portal\\\/2024\\\/02\\\/07\\\/bloqueos-y-mas-bloqueos\\\/#respond\"]}]},{\"@type\":\"WebPage\",\"@id\":\"https:\\\/\\\/www.eldiario.net\\\/portal\\\/2024\\\/02\\\/07\\\/bloqueos-y-mas-bloqueos\\\/\",\"url\":\"https:\\\/\\\/www.eldiario.net\\\/portal\\\/2024\\\/02\\\/07\\\/bloqueos-y-mas-bloqueos\\\/\",\"name\":\"Bloqueos y m\u00e1s bloqueos - El Diario - Bolivia\",\"isPartOf\":{\"@id\":\"https:\\\/\\\/www.eldiario.net\\\/portal\\\/#website\"},\"primaryImageOfPage\":{\"@id\":\"https:\\\/\\\/www.eldiario.net\\\/portal\\\/2024\\\/02\\\/07\\\/bloqueos-y-mas-bloqueos\\\/#primaryimage\"},\"image\":{\"@id\":\"https:\\\/\\\/www.eldiario.net\\\/portal\\\/2024\\\/02\\\/07\\\/bloqueos-y-mas-bloqueos\\\/#primaryimage\"},\"thumbnailUrl\":\"https:\\\/\\\/www.eldiario.net\\\/portal\\\/wp-content\\\/uploads\\\/2023\\\/12\\\/Julio-Salas-Benavides.jpg\",\"datePublished\":\"2024-02-07T11:04:26+00:00\",\"breadcrumb\":{\"@id\":\"https:\\\/\\\/www.eldiario.net\\\/portal\\\/2024\\\/02\\\/07\\\/bloqueos-y-mas-bloqueos\\\/#breadcrumb\"},\"inLanguage\":\"es\",\"potentialAction\":[{\"@type\":\"ReadAction\",\"target\":[\"https:\\\/\\\/www.eldiario.net\\\/portal\\\/2024\\\/02\\\/07\\\/bloqueos-y-mas-bloqueos\\\/\"]}]},{\"@type\":\"ImageObject\",\"inLanguage\":\"es\",\"@id\":\"https:\\\/\\\/www.eldiario.net\\\/portal\\\/2024\\\/02\\\/07\\\/bloqueos-y-mas-bloqueos\\\/#primaryimage\",\"url\":\"https:\\\/\\\/www.eldiario.net\\\/portal\\\/wp-content\\\/uploads\\\/2023\\\/12\\\/Julio-Salas-Benavides.jpg\",\"contentUrl\":\"https:\\\/\\\/www.eldiario.net\\\/portal\\\/wp-content\\\/uploads\\\/2023\\\/12\\\/Julio-Salas-Benavides.jpg\",\"width\":1200,\"height\":628,\"caption\":\"Julio Salas Benavides\"},{\"@type\":\"BreadcrumbList\",\"@id\":\"https:\\\/\\\/www.eldiario.net\\\/portal\\\/2024\\\/02\\\/07\\\/bloqueos-y-mas-bloqueos\\\/#breadcrumb\",\"itemListElement\":[{\"@type\":\"ListItem\",\"position\":1,\"name\":\"Portada\",\"item\":\"https:\\\/\\\/www.eldiario.net\\\/portal\\\/\"},{\"@type\":\"ListItem\",\"position\":2,\"name\":\"Bloqueos y m\u00e1s bloqueos\"}]},{\"@type\":\"WebSite\",\"@id\":\"https:\\\/\\\/www.eldiario.net\\\/portal\\\/#website\",\"url\":\"https:\\\/\\\/www.eldiario.net\\\/portal\\\/\",\"name\":\"El Diario - Decano de la prensa nacional\",\"description\":\"El Diario - Decano de la prensa nacional\",\"publisher\":{\"@id\":\"https:\\\/\\\/www.eldiario.net\\\/portal\\\/#organization\"},\"potentialAction\":[{\"@type\":\"SearchAction\",\"target\":{\"@type\":\"EntryPoint\",\"urlTemplate\":\"https:\\\/\\\/www.eldiario.net\\\/portal\\\/?s={search_term_string}\"},\"query-input\":{\"@type\":\"PropertyValueSpecification\",\"valueRequired\":true,\"valueName\":\"search_term_string\"}}],\"inLanguage\":\"es\"},{\"@type\":\"Organization\",\"@id\":\"https:\\\/\\\/www.eldiario.net\\\/portal\\\/#organization\",\"name\":\"El Diario - Decano de la prensa nacional\",\"url\":\"https:\\\/\\\/www.eldiario.net\\\/portal\\\/\",\"logo\":{\"@type\":\"ImageObject\",\"inLanguage\":\"es\",\"@id\":\"https:\\\/\\\/www.eldiario.net\\\/portal\\\/#\\\/schema\\\/logo\\\/image\\\/\",\"url\":\"https:\\\/\\\/www.eldiario.net\\\/portal\\\/wp-content\\\/uploads\\\/2023\\\/07\\\/logo_ED.jpg\",\"contentUrl\":\"https:\\\/\\\/www.eldiario.net\\\/portal\\\/wp-content\\\/uploads\\\/2023\\\/07\\\/logo_ED.jpg\",\"width\":272,\"height\":52,\"caption\":\"El Diario - Decano de la prensa nacional\"},\"image\":{\"@id\":\"https:\\\/\\\/www.eldiario.net\\\/portal\\\/#\\\/schema\\\/logo\\\/image\\\/\"},\"sameAs\":[\"https:\\\/\\\/www.facebook.com\\\/eldiario.bolivia\\\/\",\"https:\\\/\\\/x.com\\\/eldiario_net\"]},{\"@type\":\"Person\",\"@id\":\"https:\\\/\\\/www.eldiario.net\\\/portal\\\/#\\\/schema\\\/person\\\/f46445640444750d7d753ccd04ae01b7\",\"name\":\"Jeanette\",\"image\":{\"@type\":\"ImageObject\",\"inLanguage\":\"es\",\"@id\":\"https:\\\/\\\/secure.gravatar.com\\\/avatar\\\/3ea2118a5f7dad2b7138b1187a6b7ee55f160b9968b66013c3a3ef39dd7e5798?s=96&d=mm&r=g\",\"url\":\"https:\\\/\\\/secure.gravatar.com\\\/avatar\\\/3ea2118a5f7dad2b7138b1187a6b7ee55f160b9968b66013c3a3ef39dd7e5798?s=96&d=mm&r=g\",\"contentUrl\":\"https:\\\/\\\/secure.gravatar.com\\\/avatar\\\/3ea2118a5f7dad2b7138b1187a6b7ee55f160b9968b66013c3a3ef39dd7e5798?s=96&d=mm&r=g\",\"caption\":\"Jeanette\"},\"sameAs\":[\"https:\\\/\\\/www.eldiario.net\\\/portal\"],\"url\":\"https:\\\/\\\/www.eldiario.net\\\/portal\\\/author\\\/jeanette\\\/\"}]}<\/script>\n<!-- \/ Yoast SEO plugin. -->","yoast_head_json":{"title":"Bloqueos y m\u00e1s bloqueos - El Diario - Bolivia","robots":{"index":"index","follow":"follow","max-snippet":"max-snippet:-1","max-image-preview":"max-image-preview:large","max-video-preview":"max-video-preview:-1"},"canonical":"https:\/\/www.eldiario.net\/portal\/2024\/02\/07\/bloqueos-y-mas-bloqueos\/","og_locale":"es_ES","og_type":"article","og_title":"Bloqueos y m\u00e1s bloqueos - El Diario - Bolivia","og_description":"En las \u00faltimas semanas los bloqueos en las carreteras de Bolivia siguen produciendo may\u00fasculos da\u00f1os a la econom\u00eda del pa\u00eds y se dice que ya han alcanzado 1.000 millones de d\u00f3lares en p\u00e9rdidas, que son cr\u00edticas en estos momentos, cuando la econom\u00eda est\u00e1 balance\u00e1ndose por la falta de d\u00f3lares en el Banco Central. El Gobierno [&hellip;]","og_url":"https:\/\/www.eldiario.net\/portal\/2024\/02\/07\/bloqueos-y-mas-bloqueos\/","og_site_name":"El Diario - Bolivia","article_publisher":"https:\/\/www.facebook.com\/eldiario.bolivia\/","article_published_time":"2024-02-07T11:04:26+00:00","og_image":[{"width":1200,"height":628,"url":"https:\/\/www.eldiario.net\/portal\/wp-content\/uploads\/2023\/12\/Julio-Salas-Benavides.jpg","type":"image\/jpeg"}],"author":"Jeanette","twitter_card":"summary_large_image","twitter_creator":"@eldiario_net","twitter_site":"@eldiario_net","twitter_misc":{"Escrito por":"Jeanette","Tiempo de lectura":"3 minutos"},"schema":{"@context":"https:\/\/schema.org","@graph":[{"@type":"Article","@id":"https:\/\/www.eldiario.net\/portal\/2024\/02\/07\/bloqueos-y-mas-bloqueos\/#article","isPartOf":{"@id":"https:\/\/www.eldiario.net\/portal\/2024\/02\/07\/bloqueos-y-mas-bloqueos\/"},"author":{"name":"Jeanette","@id":"https:\/\/www.eldiario.net\/portal\/#\/schema\/person\/f46445640444750d7d753ccd04ae01b7"},"headline":"Bloqueos y m\u00e1s bloqueos","datePublished":"2024-02-07T11:04:26+00:00","mainEntityOfPage":{"@id":"https:\/\/www.eldiario.net\/portal\/2024\/02\/07\/bloqueos-y-mas-bloqueos\/"},"wordCount":547,"commentCount":0,"publisher":{"@id":"https:\/\/www.eldiario.net\/portal\/#organization"},"image":{"@id":"https:\/\/www.eldiario.net\/portal\/2024\/02\/07\/bloqueos-y-mas-bloqueos\/#primaryimage"},"thumbnailUrl":"https:\/\/www.eldiario.net\/portal\/wp-content\/uploads\/2023\/12\/Julio-Salas-Benavides.jpg","articleSection":["Opini\u00f3n"],"inLanguage":"es","potentialAction":[{"@type":"CommentAction","name":"Comment","target":["https:\/\/www.eldiario.net\/portal\/2024\/02\/07\/bloqueos-y-mas-bloqueos\/#respond"]}]},{"@type":"WebPage","@id":"https:\/\/www.eldiario.net\/portal\/2024\/02\/07\/bloqueos-y-mas-bloqueos\/","url":"https:\/\/www.eldiario.net\/portal\/2024\/02\/07\/bloqueos-y-mas-bloqueos\/","name":"Bloqueos y m\u00e1s bloqueos - El Diario - Bolivia","isPartOf":{"@id":"https:\/\/www.eldiario.net\/portal\/#website"},"primaryImageOfPage":{"@id":"https:\/\/www.eldiario.net\/portal\/2024\/02\/07\/bloqueos-y-mas-bloqueos\/#primaryimage"},"image":{"@id":"https:\/\/www.eldiario.net\/portal\/2024\/02\/07\/bloqueos-y-mas-bloqueos\/#primaryimage"},"thumbnailUrl":"https:\/\/www.eldiario.net\/portal\/wp-content\/uploads\/2023\/12\/Julio-Salas-Benavides.jpg","datePublished":"2024-02-07T11:04:26+00:00","breadcrumb":{"@id":"https:\/\/www.eldiario.net\/portal\/2024\/02\/07\/bloqueos-y-mas-bloqueos\/#breadcrumb"},"inLanguage":"es","potentialAction":[{"@type":"ReadAction","target":["https:\/\/www.eldiario.net\/portal\/2024\/02\/07\/bloqueos-y-mas-bloqueos\/"]}]},{"@type":"ImageObject","inLanguage":"es","@id":"https:\/\/www.eldiario.net\/portal\/2024\/02\/07\/bloqueos-y-mas-bloqueos\/#primaryimage","url":"https:\/\/www.eldiario.net\/portal\/wp-content\/uploads\/2023\/12\/Julio-Salas-Benavides.jpg","contentUrl":"https:\/\/www.eldiario.net\/portal\/wp-content\/uploads\/2023\/12\/Julio-Salas-Benavides.jpg","width":1200,"height":628,"caption":"Julio Salas Benavides"},{"@type":"BreadcrumbList","@id":"https:\/\/www.eldiario.net\/portal\/2024\/02\/07\/bloqueos-y-mas-bloqueos\/#breadcrumb","itemListElement":[{"@type":"ListItem","position":1,"name":"Portada","item":"https:\/\/www.eldiario.net\/portal\/"},{"@type":"ListItem","position":2,"name":"Bloqueos y m\u00e1s bloqueos"}]},{"@type":"WebSite","@id":"https:\/\/www.eldiario.net\/portal\/#website","url":"https:\/\/www.eldiario.net\/portal\/","name":"El Diario - Decano de la prensa nacional","description":"El Diario - Decano de la prensa nacional","publisher":{"@id":"https:\/\/www.eldiario.net\/portal\/#organization"},"potentialAction":[{"@type":"SearchAction","target":{"@type":"EntryPoint","urlTemplate":"https:\/\/www.eldiario.net\/portal\/?s={search_term_string}"},"query-input":{"@type":"PropertyValueSpecification","valueRequired":true,"valueName":"search_term_string"}}],"inLanguage":"es"},{"@type":"Organization","@id":"https:\/\/www.eldiario.net\/portal\/#organization","name":"El Diario - Decano de la prensa nacional","url":"https:\/\/www.eldiario.net\/portal\/","logo":{"@type":"ImageObject","inLanguage":"es","@id":"https:\/\/www.eldiario.net\/portal\/#\/schema\/logo\/image\/","url":"https:\/\/www.eldiario.net\/portal\/wp-content\/uploads\/2023\/07\/logo_ED.jpg","contentUrl":"https:\/\/www.eldiario.net\/portal\/wp-content\/uploads\/2023\/07\/logo_ED.jpg","width":272,"height":52,"caption":"El Diario - Decano de la prensa nacional"},"image":{"@id":"https:\/\/www.eldiario.net\/portal\/#\/schema\/logo\/image\/"},"sameAs":["https:\/\/www.facebook.com\/eldiario.bolivia\/","https:\/\/x.com\/eldiario_net"]},{"@type":"Person","@id":"https:\/\/www.eldiario.net\/portal\/#\/schema\/person\/f46445640444750d7d753ccd04ae01b7","name":"Jeanette","image":{"@type":"ImageObject","inLanguage":"es","@id":"https:\/\/secure.gravatar.com\/avatar\/3ea2118a5f7dad2b7138b1187a6b7ee55f160b9968b66013c3a3ef39dd7e5798?s=96&d=mm&r=g","url":"https:\/\/secure.gravatar.com\/avatar\/3ea2118a5f7dad2b7138b1187a6b7ee55f160b9968b66013c3a3ef39dd7e5798?s=96&d=mm&r=g","contentUrl":"https:\/\/secure.gravatar.com\/avatar\/3ea2118a5f7dad2b7138b1187a6b7ee55f160b9968b66013c3a3ef39dd7e5798?s=96&d=mm&r=g","caption":"Jeanette"},"sameAs":["https:\/\/www.eldiario.net\/portal"],"url":"https:\/\/www.eldiario.net\/portal\/author\/jeanette\/"}]}},"_links":{"self":[{"href":"https:\/\/www.eldiario.net\/portal\/wp-json\/wp\/v2\/posts\/201785","targetHints":{"allow":["GET"]}}],"collection":[{"href":"https:\/\/www.eldiario.net\/portal\/wp-json\/wp\/v2\/posts"}],"about":[{"href":"https:\/\/www.eldiario.net\/portal\/wp-json\/wp\/v2\/types\/post"}],"author":[{"embeddable":true,"href":"https:\/\/www.eldiario.net\/portal\/wp-json\/wp\/v2\/users\/1"}],"replies":[{"embeddable":true,"href":"https:\/\/www.eldiario.net\/portal\/wp-json\/wp\/v2\/comments?post=201785"}],"version-history":[{"count":1,"href":"https:\/\/www.eldiario.net\/portal\/wp-json\/wp\/v2\/posts\/201785\/revisions"}],"predecessor-version":[{"id":201786,"href":"https:\/\/www.eldiario.net\/portal\/wp-json\/wp\/v2\/posts\/201785\/revisions\/201786"}],"wp:featuredmedia":[{"embeddable":true,"href":"https:\/\/www.eldiario.net\/portal\/wp-json\/wp\/v2\/media\/195330"}],"wp:attachment":[{"href":"https:\/\/www.eldiario.net\/portal\/wp-json\/wp\/v2\/media?parent=201785"}],"wp:term":[{"taxonomy":"category","embeddable":true,"href":"https:\/\/www.eldiario.net\/portal\/wp-json\/wp\/v2\/categories?post=201785"},{"taxonomy":"post_tag","embeddable":true,"href":"https:\/\/www.eldiario.net\/portal\/wp-json\/wp\/v2\/tags?post=201785"}],"curies":[{"name":"wp","href":"https:\/\/api.w.org\/{rel}","templated":true}]}}