{"id":201783,"date":"2024-02-07T07:03:36","date_gmt":"2024-02-07T11:03:36","guid":{"rendered":"https:\/\/www.eldiario.net\/portal\/?p=201783"},"modified":"2024-02-07T07:03:36","modified_gmt":"2024-02-07T11:03:36","slug":"fitch-ratings-rebaja-calificacion-de-bolivia-a-ccc","status":"publish","type":"post","link":"https:\/\/www.eldiario.net\/portal\/2024\/02\/07\/fitch-ratings-rebaja-calificacion-de-bolivia-a-ccc\/","title":{"rendered":"Fitch Ratings rebaja calificaci\u00f3n de Bolivia a \u201cCCC\u201d"},"content":{"rendered":"<p>En su reciente informe de Fitch Ratings, la calificadora de riesgo internacional rebaj\u00f3 la calificaci\u00f3n al pa\u00eds a \u201cCCC\u201d, debido a sus riesgos inminentes de un desequilibrio macroecon\u00f3mico importante, consecuencia de problemas estructurales de tipo fiscal, principalmente, que derivaron en el agotamiento de sus Reservas Internacionales, una deuda p\u00fablica cada vez mayor para solventar sus d\u00e9ficits fiscales de 11 a\u00f1os seguidos, escasez de d\u00f3lares en la econom\u00eda formal, producto de una balanza de pagos insolvente consecuencia tambi\u00e9n de saldos comerciales negativos, de acuerdo al an\u00e1lisis del presidente del Colegio de Economistas de Tarija, Fernando Romero.<br \/>\nLa econom\u00eda decrece, no se observa cambios en su pol\u00edtica econ\u00f3mica, lo que preocupa a la calificadora; si suma los problemas de gobernanza, bloqueos de carreteras, fraccionamiento en el partido de Gobierno y un a\u00f1o con muchas presiones pre electorales, la situaci\u00f3n se complica m\u00e1s, reflexion\u00f3.<br \/>\n\u201cTodo eso explica, de cierta manera, el por qu\u00e9 somos menos confiables como sujetos de cr\u00e9dito y de pago a nivel mundial\u201d, sostuvo.<\/p>\n<p>Oficial<br \/>\nMientras tanto, el Ministerio de Econom\u00eda y Finanzas P\u00fablicas refuta la calificaci\u00f3n de Fitch Ratings porque no considera los resultados positivos de estabilidad, crecimiento y protecci\u00f3n de la econom\u00eda del pueblo.<br \/>\nBolivia ha demostrado el cumplimiento permanente y responsable de su deuda externa. Se ratifica la vigencia del Modelo Econ\u00f3mico Social Comunitario Productivo que prioriza el bienestar y la estabilidad de las familias bolivianas y la econom\u00eda en general, se\u00f1ala una nota de prensa de la entidad ministerial.<br \/>\nEl economista Gonzalo Ch\u00e1vez en reiteradas oportunidades, en sus redes sociales, dijo que su \u201cmodelo econ\u00f3mico\u201d caduc\u00f3 y lament\u00f3 que las autoridades del sector econ\u00f3mico no quieran reconocer el fracaso de su propuesta.<br \/>\nEntretanto, el Ministerio de Econom\u00eda insiste que su modelo establece una inflaci\u00f3n controlada, estabilidad de precios, reducci\u00f3n del desempleo, de la pobreza y la desigualdad, mientras en los pa\u00edses vecinos y del mundo se ha cargado la crisis en las espaldas del pueblo.<br \/>\nCh\u00e1vez le record\u00f3, en sus redes sociales, al Gobierno que la inflaci\u00f3n reprimida tiene un costo de m\u00e1s de 2.000 millones de d\u00f3lares, los subsidios m\u00e1s altos de la regi\u00f3n, y que en el mediano plazo no es sostenible ante la falta de la divisa estadounidense.<br \/>\nApunt\u00f3 que una inflaci\u00f3n baja deber\u00eda ser el reflejo de una alta productividad, que no es el caso de Bolivia; y en cuanto a la tasa baja de desocupaci\u00f3n, esto obedece a una econom\u00eda informal alta, que llega al 80%, pues la mayor\u00eda de los trabajos son de supervivencia y sin cobertura social.<br \/>\nPol\u00edtica fiscal<br \/>\nPor otra parte, el Gobierno Nacional asegura que mantiene una pol\u00edtica fiscal sostenible que seguir\u00e1 impulsando la diversificaci\u00f3n econ\u00f3mica en sectores generadores de ingresos y empleo, para fomentar un crecimiento econ\u00f3mico sostenible e inclusivo. Reafirma, tambi\u00e9n, el compromiso de promover la seguridad alimentaria, energ\u00e9tica, sanitaria y la protecci\u00f3n social, con el fin de elevar la calidad de vida de la poblaci\u00f3n.<br \/>\nLa situaci\u00f3n actual de la econom\u00eda nacional, con bajas reservas, escasez de d\u00f3lares y largas filas de movilidades en las estaciones de servicio, as\u00ed como un incremento de precios en el mercado nacional, de algunos productos, muestran una econom\u00eda en crisis, que el Gobierno no quiere reconocer, y m\u00e1s bien destaca un crecimiento m\u00ednimo.<\/p>\n<p>Crecimiento<br \/>\nEl informe de la calificadora coloca las proyecciones de crecimiento para Bolivia en un rango pesimista, cuando en 2023, ha destacado como la tercera econom\u00eda con mayor crecimiento de la regi\u00f3n. Pese al contexto internacional desfavorable, Bolivia logr\u00f3 un crecimiento positivo, a diferencia de Argentina, Uruguay, Chile y Per\u00fa, que registran cifras negativas en su Producto Interno Bruto (PIB) al tercer trimestre de 2023, se\u00f1ala la nota de prensa de Econom\u00eda.<br \/>\nLos economistas indicaron que la econom\u00eda se va desacelerando, pues despu\u00e9s del rebote estad\u00edstico en 2021 de 6,1%; el 2022 de 5,1% proyectado, s\u00f3lo alcanz\u00f3 3,5%; el 2023 proyect\u00f3 4,8%, pero las cifras internacionales estiman que solo llegue a 2%; y para este 2024, nuevamente el Gobierno baja el porcentaje a 3,71%, pero los organismos internacionales estiman que alcanzar\u00e1 a 1,5% o 1,8%.<\/p>\n<p>Proyectos<br \/>\nPara 2024, el pa\u00eds tambi\u00e9n proyecta un crecimiento positivo de su PIB, estimaci\u00f3n basada en las perspectivas de las nuevas industrias inauguradas y los proyectos en ejecuci\u00f3n, en el marco del Plan de Industrializaci\u00f3n con sustituci\u00f3n de importaciones, como la planta de fertilizantes granulados (NPK), la planta de carbonato de litio, la planta sider\u00fargica del Mut\u00fan, las plantas de Biodi\u00e9sel y di\u00e9sel renovable (FAME 1, FAME 2 y HVO), entre otros proyectos que fomentar\u00e1n la producci\u00f3n en diferentes sectores de la econom\u00eda y no son valorados por Fitch.<br \/>\nAl respecto, el Centro de Estudios para el Desarrollo Laboral y Agrario (Cedla), con relaci\u00f3n a la sustituci\u00f3n de importaciones de combustibles, dijo que la puesta en marcha de los proyectos no disminuir\u00e1 significativamente el gasto, ya que s\u00f3lo llegar\u00eda a 5%, de ahorro.<br \/>\nEconom\u00eda se\u00f1ala que la calificadora no consider\u00f3 el \u201cPlan de Reactivaci\u00f3n Upstream 2021\u20132024\u201d, tampoco la destacada participaci\u00f3n de la industria manufacturera en las exportaciones, as\u00ed como el cumplimiento de la deuda de Bolivia.<br \/>\nPIE DE FOTO<br \/>\n. Foto<\/p>\n<p>&nbsp;<\/p>\n","protected":false},"excerpt":{"rendered":"<p>En su reciente informe de Fitch Ratings, la calificadora de riesgo internacional rebaj\u00f3 la calificaci\u00f3n al pa\u00eds a \u201cCCC\u201d, debido a sus riesgos inminentes de un desequilibrio macroecon\u00f3mico importante, consecuencia de problemas estructurales de tipo fiscal, principalmente, que derivaron en el agotamiento de sus Reservas Internacionales, una deuda p\u00fablica cada vez mayor para solventar sus [&hellip;]<\/p>\n","protected":false},"author":1,"featured_media":201778,"comment_status":"open","ping_status":"open","sticky":false,"template":"","format":"standard","meta":{"_acf_changed":false,"footnotes":""},"categories":[7],"tags":[],"class_list":["post-201783","post","type-post","status-publish","format-standard","has-post-thumbnail","category-economia"],"acf":{"antetitulo":""},"yoast_head":"<!-- This site is optimized with the Yoast SEO plugin v28.3 - https:\/\/yoast.com\/product\/yoast-seo-wordpress\/ -->\n<title>Fitch Ratings rebaja calificaci\u00f3n de Bolivia a \u201cCCC\u201d - El Diario - Bolivia<\/title>\n<meta name=\"robots\" content=\"index, follow, max-snippet:-1, max-image-preview:large, max-video-preview:-1\" \/>\n<link rel=\"canonical\" href=\"https:\/\/www.eldiario.net\/portal\/2024\/02\/07\/fitch-ratings-rebaja-calificacion-de-bolivia-a-ccc\/\" \/>\n<meta property=\"og:locale\" content=\"es_ES\" \/>\n<meta property=\"og:type\" content=\"article\" \/>\n<meta property=\"og:title\" content=\"Fitch Ratings rebaja calificaci\u00f3n de Bolivia a \u201cCCC\u201d - El Diario - Bolivia\" \/>\n<meta property=\"og:description\" content=\"En su reciente informe de Fitch Ratings, la calificadora de riesgo internacional rebaj\u00f3 la calificaci\u00f3n al pa\u00eds a \u201cCCC\u201d, debido a sus riesgos inminentes de un desequilibrio macroecon\u00f3mico importante, consecuencia de problemas estructurales de tipo fiscal, principalmente, que derivaron en el agotamiento de sus Reservas Internacionales, una deuda p\u00fablica cada vez mayor para solventar sus [&hellip;]\" \/>\n<meta property=\"og:url\" content=\"https:\/\/www.eldiario.net\/portal\/2024\/02\/07\/fitch-ratings-rebaja-calificacion-de-bolivia-a-ccc\/\" \/>\n<meta property=\"og:site_name\" content=\"El Diario - Bolivia\" \/>\n<meta property=\"article:publisher\" content=\"https:\/\/www.facebook.com\/eldiario.bolivia\/\" \/>\n<meta property=\"article:published_time\" content=\"2024-02-07T11:03:36+00:00\" \/>\n<meta property=\"og:image\" content=\"https:\/\/www.eldiario.net\/portal\/wp-content\/uploads\/2024\/02\/baja.jpg\" \/>\n\t<meta property=\"og:image:width\" content=\"300\" \/>\n\t<meta property=\"og:image:height\" content=\"168\" \/>\n\t<meta property=\"og:image:type\" content=\"image\/jpeg\" \/>\n<meta name=\"author\" content=\"Jeanette\" \/>\n<meta name=\"twitter:card\" content=\"summary_large_image\" \/>\n<meta name=\"twitter:creator\" content=\"@eldiario_net\" \/>\n<meta name=\"twitter:site\" content=\"@eldiario_net\" \/>\n<meta name=\"twitter:label1\" content=\"Escrito por\" \/>\n\t<meta name=\"twitter:data1\" content=\"Jeanette\" \/>\n\t<meta name=\"twitter:label2\" content=\"Tiempo de lectura\" \/>\n\t<meta name=\"twitter:data2\" content=\"5 minutos\" \/>\n<script type=\"application\/ld+json\" class=\"yoast-schema-graph\">{\"@context\":\"https:\\\/\\\/schema.org\",\"@graph\":[{\"@type\":\"Article\",\"@id\":\"https:\\\/\\\/www.eldiario.net\\\/portal\\\/2024\\\/02\\\/07\\\/fitch-ratings-rebaja-calificacion-de-bolivia-a-ccc\\\/#article\",\"isPartOf\":{\"@id\":\"https:\\\/\\\/www.eldiario.net\\\/portal\\\/2024\\\/02\\\/07\\\/fitch-ratings-rebaja-calificacion-de-bolivia-a-ccc\\\/\"},\"author\":{\"name\":\"Jeanette\",\"@id\":\"https:\\\/\\\/www.eldiario.net\\\/portal\\\/#\\\/schema\\\/person\\\/f46445640444750d7d753ccd04ae01b7\"},\"headline\":\"Fitch Ratings rebaja calificaci\u00f3n de Bolivia a \u201cCCC\u201d\",\"datePublished\":\"2024-02-07T11:03:36+00:00\",\"mainEntityOfPage\":{\"@id\":\"https:\\\/\\\/www.eldiario.net\\\/portal\\\/2024\\\/02\\\/07\\\/fitch-ratings-rebaja-calificacion-de-bolivia-a-ccc\\\/\"},\"wordCount\":915,\"commentCount\":0,\"publisher\":{\"@id\":\"https:\\\/\\\/www.eldiario.net\\\/portal\\\/#organization\"},\"image\":{\"@id\":\"https:\\\/\\\/www.eldiario.net\\\/portal\\\/2024\\\/02\\\/07\\\/fitch-ratings-rebaja-calificacion-de-bolivia-a-ccc\\\/#primaryimage\"},\"thumbnailUrl\":\"https:\\\/\\\/www.eldiario.net\\\/portal\\\/wp-content\\\/uploads\\\/2024\\\/02\\\/baja.jpg\",\"articleSection\":[\"Econom\u00eda\"],\"inLanguage\":\"es\",\"potentialAction\":[{\"@type\":\"CommentAction\",\"name\":\"Comment\",\"target\":[\"https:\\\/\\\/www.eldiario.net\\\/portal\\\/2024\\\/02\\\/07\\\/fitch-ratings-rebaja-calificacion-de-bolivia-a-ccc\\\/#respond\"]}]},{\"@type\":\"WebPage\",\"@id\":\"https:\\\/\\\/www.eldiario.net\\\/portal\\\/2024\\\/02\\\/07\\\/fitch-ratings-rebaja-calificacion-de-bolivia-a-ccc\\\/\",\"url\":\"https:\\\/\\\/www.eldiario.net\\\/portal\\\/2024\\\/02\\\/07\\\/fitch-ratings-rebaja-calificacion-de-bolivia-a-ccc\\\/\",\"name\":\"Fitch Ratings rebaja calificaci\u00f3n de Bolivia a \u201cCCC\u201d - El Diario - Bolivia\",\"isPartOf\":{\"@id\":\"https:\\\/\\\/www.eldiario.net\\\/portal\\\/#website\"},\"primaryImageOfPage\":{\"@id\":\"https:\\\/\\\/www.eldiario.net\\\/portal\\\/2024\\\/02\\\/07\\\/fitch-ratings-rebaja-calificacion-de-bolivia-a-ccc\\\/#primaryimage\"},\"image\":{\"@id\":\"https:\\\/\\\/www.eldiario.net\\\/portal\\\/2024\\\/02\\\/07\\\/fitch-ratings-rebaja-calificacion-de-bolivia-a-ccc\\\/#primaryimage\"},\"thumbnailUrl\":\"https:\\\/\\\/www.eldiario.net\\\/portal\\\/wp-content\\\/uploads\\\/2024\\\/02\\\/baja.jpg\",\"datePublished\":\"2024-02-07T11:03:36+00:00\",\"breadcrumb\":{\"@id\":\"https:\\\/\\\/www.eldiario.net\\\/portal\\\/2024\\\/02\\\/07\\\/fitch-ratings-rebaja-calificacion-de-bolivia-a-ccc\\\/#breadcrumb\"},\"inLanguage\":\"es\",\"potentialAction\":[{\"@type\":\"ReadAction\",\"target\":[\"https:\\\/\\\/www.eldiario.net\\\/portal\\\/2024\\\/02\\\/07\\\/fitch-ratings-rebaja-calificacion-de-bolivia-a-ccc\\\/\"]}]},{\"@type\":\"ImageObject\",\"inLanguage\":\"es\",\"@id\":\"https:\\\/\\\/www.eldiario.net\\\/portal\\\/2024\\\/02\\\/07\\\/fitch-ratings-rebaja-calificacion-de-bolivia-a-ccc\\\/#primaryimage\",\"url\":\"https:\\\/\\\/www.eldiario.net\\\/portal\\\/wp-content\\\/uploads\\\/2024\\\/02\\\/baja.jpg\",\"contentUrl\":\"https:\\\/\\\/www.eldiario.net\\\/portal\\\/wp-content\\\/uploads\\\/2024\\\/02\\\/baja.jpg\",\"width\":300,\"height\":168,\"caption\":\"Calificadora rebaja nota de Bolivia.\"},{\"@type\":\"BreadcrumbList\",\"@id\":\"https:\\\/\\\/www.eldiario.net\\\/portal\\\/2024\\\/02\\\/07\\\/fitch-ratings-rebaja-calificacion-de-bolivia-a-ccc\\\/#breadcrumb\",\"itemListElement\":[{\"@type\":\"ListItem\",\"position\":1,\"name\":\"Portada\",\"item\":\"https:\\\/\\\/www.eldiario.net\\\/portal\\\/\"},{\"@type\":\"ListItem\",\"position\":2,\"name\":\"Fitch Ratings rebaja calificaci\u00f3n de Bolivia a \u201cCCC\u201d\"}]},{\"@type\":\"WebSite\",\"@id\":\"https:\\\/\\\/www.eldiario.net\\\/portal\\\/#website\",\"url\":\"https:\\\/\\\/www.eldiario.net\\\/portal\\\/\",\"name\":\"El Diario - Decano de la prensa nacional\",\"description\":\"El Diario - Decano de la prensa nacional\",\"publisher\":{\"@id\":\"https:\\\/\\\/www.eldiario.net\\\/portal\\\/#organization\"},\"potentialAction\":[{\"@type\":\"SearchAction\",\"target\":{\"@type\":\"EntryPoint\",\"urlTemplate\":\"https:\\\/\\\/www.eldiario.net\\\/portal\\\/?s={search_term_string}\"},\"query-input\":{\"@type\":\"PropertyValueSpecification\",\"valueRequired\":true,\"valueName\":\"search_term_string\"}}],\"inLanguage\":\"es\"},{\"@type\":\"Organization\",\"@id\":\"https:\\\/\\\/www.eldiario.net\\\/portal\\\/#organization\",\"name\":\"El Diario - Decano de la prensa nacional\",\"url\":\"https:\\\/\\\/www.eldiario.net\\\/portal\\\/\",\"logo\":{\"@type\":\"ImageObject\",\"inLanguage\":\"es\",\"@id\":\"https:\\\/\\\/www.eldiario.net\\\/portal\\\/#\\\/schema\\\/logo\\\/image\\\/\",\"url\":\"https:\\\/\\\/www.eldiario.net\\\/portal\\\/wp-content\\\/uploads\\\/2023\\\/07\\\/logo_ED.jpg\",\"contentUrl\":\"https:\\\/\\\/www.eldiario.net\\\/portal\\\/wp-content\\\/uploads\\\/2023\\\/07\\\/logo_ED.jpg\",\"width\":272,\"height\":52,\"caption\":\"El Diario - Decano de la prensa nacional\"},\"image\":{\"@id\":\"https:\\\/\\\/www.eldiario.net\\\/portal\\\/#\\\/schema\\\/logo\\\/image\\\/\"},\"sameAs\":[\"https:\\\/\\\/www.facebook.com\\\/eldiario.bolivia\\\/\",\"https:\\\/\\\/x.com\\\/eldiario_net\"]},{\"@type\":\"Person\",\"@id\":\"https:\\\/\\\/www.eldiario.net\\\/portal\\\/#\\\/schema\\\/person\\\/f46445640444750d7d753ccd04ae01b7\",\"name\":\"Jeanette\",\"image\":{\"@type\":\"ImageObject\",\"inLanguage\":\"es\",\"@id\":\"https:\\\/\\\/secure.gravatar.com\\\/avatar\\\/3ea2118a5f7dad2b7138b1187a6b7ee55f160b9968b66013c3a3ef39dd7e5798?s=96&d=mm&r=g\",\"url\":\"https:\\\/\\\/secure.gravatar.com\\\/avatar\\\/3ea2118a5f7dad2b7138b1187a6b7ee55f160b9968b66013c3a3ef39dd7e5798?s=96&d=mm&r=g\",\"contentUrl\":\"https:\\\/\\\/secure.gravatar.com\\\/avatar\\\/3ea2118a5f7dad2b7138b1187a6b7ee55f160b9968b66013c3a3ef39dd7e5798?s=96&d=mm&r=g\",\"caption\":\"Jeanette\"},\"sameAs\":[\"https:\\\/\\\/www.eldiario.net\\\/portal\"],\"url\":\"https:\\\/\\\/www.eldiario.net\\\/portal\\\/author\\\/jeanette\\\/\"}]}<\/script>\n<!-- \/ Yoast SEO plugin. -->","yoast_head_json":{"title":"Fitch Ratings rebaja calificaci\u00f3n de Bolivia a \u201cCCC\u201d - El Diario - Bolivia","robots":{"index":"index","follow":"follow","max-snippet":"max-snippet:-1","max-image-preview":"max-image-preview:large","max-video-preview":"max-video-preview:-1"},"canonical":"https:\/\/www.eldiario.net\/portal\/2024\/02\/07\/fitch-ratings-rebaja-calificacion-de-bolivia-a-ccc\/","og_locale":"es_ES","og_type":"article","og_title":"Fitch Ratings rebaja calificaci\u00f3n de Bolivia a \u201cCCC\u201d - El Diario - Bolivia","og_description":"En su reciente informe de Fitch Ratings, la calificadora de riesgo internacional rebaj\u00f3 la calificaci\u00f3n al pa\u00eds a \u201cCCC\u201d, debido a sus riesgos inminentes de un desequilibrio macroecon\u00f3mico importante, consecuencia de problemas estructurales de tipo fiscal, principalmente, que derivaron en el agotamiento de sus Reservas Internacionales, una deuda p\u00fablica cada vez mayor para solventar sus [&hellip;]","og_url":"https:\/\/www.eldiario.net\/portal\/2024\/02\/07\/fitch-ratings-rebaja-calificacion-de-bolivia-a-ccc\/","og_site_name":"El Diario - Bolivia","article_publisher":"https:\/\/www.facebook.com\/eldiario.bolivia\/","article_published_time":"2024-02-07T11:03:36+00:00","og_image":[{"width":300,"height":168,"url":"https:\/\/www.eldiario.net\/portal\/wp-content\/uploads\/2024\/02\/baja.jpg","type":"image\/jpeg"}],"author":"Jeanette","twitter_card":"summary_large_image","twitter_creator":"@eldiario_net","twitter_site":"@eldiario_net","twitter_misc":{"Escrito por":"Jeanette","Tiempo de lectura":"5 minutos"},"schema":{"@context":"https:\/\/schema.org","@graph":[{"@type":"Article","@id":"https:\/\/www.eldiario.net\/portal\/2024\/02\/07\/fitch-ratings-rebaja-calificacion-de-bolivia-a-ccc\/#article","isPartOf":{"@id":"https:\/\/www.eldiario.net\/portal\/2024\/02\/07\/fitch-ratings-rebaja-calificacion-de-bolivia-a-ccc\/"},"author":{"name":"Jeanette","@id":"https:\/\/www.eldiario.net\/portal\/#\/schema\/person\/f46445640444750d7d753ccd04ae01b7"},"headline":"Fitch Ratings rebaja calificaci\u00f3n de Bolivia a \u201cCCC\u201d","datePublished":"2024-02-07T11:03:36+00:00","mainEntityOfPage":{"@id":"https:\/\/www.eldiario.net\/portal\/2024\/02\/07\/fitch-ratings-rebaja-calificacion-de-bolivia-a-ccc\/"},"wordCount":915,"commentCount":0,"publisher":{"@id":"https:\/\/www.eldiario.net\/portal\/#organization"},"image":{"@id":"https:\/\/www.eldiario.net\/portal\/2024\/02\/07\/fitch-ratings-rebaja-calificacion-de-bolivia-a-ccc\/#primaryimage"},"thumbnailUrl":"https:\/\/www.eldiario.net\/portal\/wp-content\/uploads\/2024\/02\/baja.jpg","articleSection":["Econom\u00eda"],"inLanguage":"es","potentialAction":[{"@type":"CommentAction","name":"Comment","target":["https:\/\/www.eldiario.net\/portal\/2024\/02\/07\/fitch-ratings-rebaja-calificacion-de-bolivia-a-ccc\/#respond"]}]},{"@type":"WebPage","@id":"https:\/\/www.eldiario.net\/portal\/2024\/02\/07\/fitch-ratings-rebaja-calificacion-de-bolivia-a-ccc\/","url":"https:\/\/www.eldiario.net\/portal\/2024\/02\/07\/fitch-ratings-rebaja-calificacion-de-bolivia-a-ccc\/","name":"Fitch Ratings rebaja calificaci\u00f3n de Bolivia a \u201cCCC\u201d - El Diario - Bolivia","isPartOf":{"@id":"https:\/\/www.eldiario.net\/portal\/#website"},"primaryImageOfPage":{"@id":"https:\/\/www.eldiario.net\/portal\/2024\/02\/07\/fitch-ratings-rebaja-calificacion-de-bolivia-a-ccc\/#primaryimage"},"image":{"@id":"https:\/\/www.eldiario.net\/portal\/2024\/02\/07\/fitch-ratings-rebaja-calificacion-de-bolivia-a-ccc\/#primaryimage"},"thumbnailUrl":"https:\/\/www.eldiario.net\/portal\/wp-content\/uploads\/2024\/02\/baja.jpg","datePublished":"2024-02-07T11:03:36+00:00","breadcrumb":{"@id":"https:\/\/www.eldiario.net\/portal\/2024\/02\/07\/fitch-ratings-rebaja-calificacion-de-bolivia-a-ccc\/#breadcrumb"},"inLanguage":"es","potentialAction":[{"@type":"ReadAction","target":["https:\/\/www.eldiario.net\/portal\/2024\/02\/07\/fitch-ratings-rebaja-calificacion-de-bolivia-a-ccc\/"]}]},{"@type":"ImageObject","inLanguage":"es","@id":"https:\/\/www.eldiario.net\/portal\/2024\/02\/07\/fitch-ratings-rebaja-calificacion-de-bolivia-a-ccc\/#primaryimage","url":"https:\/\/www.eldiario.net\/portal\/wp-content\/uploads\/2024\/02\/baja.jpg","contentUrl":"https:\/\/www.eldiario.net\/portal\/wp-content\/uploads\/2024\/02\/baja.jpg","width":300,"height":168,"caption":"Calificadora rebaja nota de Bolivia."},{"@type":"BreadcrumbList","@id":"https:\/\/www.eldiario.net\/portal\/2024\/02\/07\/fitch-ratings-rebaja-calificacion-de-bolivia-a-ccc\/#breadcrumb","itemListElement":[{"@type":"ListItem","position":1,"name":"Portada","item":"https:\/\/www.eldiario.net\/portal\/"},{"@type":"ListItem","position":2,"name":"Fitch Ratings rebaja calificaci\u00f3n de Bolivia a \u201cCCC\u201d"}]},{"@type":"WebSite","@id":"https:\/\/www.eldiario.net\/portal\/#website","url":"https:\/\/www.eldiario.net\/portal\/","name":"El Diario - Decano de la prensa nacional","description":"El Diario - Decano de la prensa nacional","publisher":{"@id":"https:\/\/www.eldiario.net\/portal\/#organization"},"potentialAction":[{"@type":"SearchAction","target":{"@type":"EntryPoint","urlTemplate":"https:\/\/www.eldiario.net\/portal\/?s={search_term_string}"},"query-input":{"@type":"PropertyValueSpecification","valueRequired":true,"valueName":"search_term_string"}}],"inLanguage":"es"},{"@type":"Organization","@id":"https:\/\/www.eldiario.net\/portal\/#organization","name":"El Diario - Decano de la prensa nacional","url":"https:\/\/www.eldiario.net\/portal\/","logo":{"@type":"ImageObject","inLanguage":"es","@id":"https:\/\/www.eldiario.net\/portal\/#\/schema\/logo\/image\/","url":"https:\/\/www.eldiario.net\/portal\/wp-content\/uploads\/2023\/07\/logo_ED.jpg","contentUrl":"https:\/\/www.eldiario.net\/portal\/wp-content\/uploads\/2023\/07\/logo_ED.jpg","width":272,"height":52,"caption":"El Diario - Decano de la prensa nacional"},"image":{"@id":"https:\/\/www.eldiario.net\/portal\/#\/schema\/logo\/image\/"},"sameAs":["https:\/\/www.facebook.com\/eldiario.bolivia\/","https:\/\/x.com\/eldiario_net"]},{"@type":"Person","@id":"https:\/\/www.eldiario.net\/portal\/#\/schema\/person\/f46445640444750d7d753ccd04ae01b7","name":"Jeanette","image":{"@type":"ImageObject","inLanguage":"es","@id":"https:\/\/secure.gravatar.com\/avatar\/3ea2118a5f7dad2b7138b1187a6b7ee55f160b9968b66013c3a3ef39dd7e5798?s=96&d=mm&r=g","url":"https:\/\/secure.gravatar.com\/avatar\/3ea2118a5f7dad2b7138b1187a6b7ee55f160b9968b66013c3a3ef39dd7e5798?s=96&d=mm&r=g","contentUrl":"https:\/\/secure.gravatar.com\/avatar\/3ea2118a5f7dad2b7138b1187a6b7ee55f160b9968b66013c3a3ef39dd7e5798?s=96&d=mm&r=g","caption":"Jeanette"},"sameAs":["https:\/\/www.eldiario.net\/portal"],"url":"https:\/\/www.eldiario.net\/portal\/author\/jeanette\/"}]}},"_links":{"self":[{"href":"https:\/\/www.eldiario.net\/portal\/wp-json\/wp\/v2\/posts\/201783","targetHints":{"allow":["GET"]}}],"collection":[{"href":"https:\/\/www.eldiario.net\/portal\/wp-json\/wp\/v2\/posts"}],"about":[{"href":"https:\/\/www.eldiario.net\/portal\/wp-json\/wp\/v2\/types\/post"}],"author":[{"embeddable":true,"href":"https:\/\/www.eldiario.net\/portal\/wp-json\/wp\/v2\/users\/1"}],"replies":[{"embeddable":true,"href":"https:\/\/www.eldiario.net\/portal\/wp-json\/wp\/v2\/comments?post=201783"}],"version-history":[{"count":1,"href":"https:\/\/www.eldiario.net\/portal\/wp-json\/wp\/v2\/posts\/201783\/revisions"}],"predecessor-version":[{"id":201784,"href":"https:\/\/www.eldiario.net\/portal\/wp-json\/wp\/v2\/posts\/201783\/revisions\/201784"}],"wp:featuredmedia":[{"embeddable":true,"href":"https:\/\/www.eldiario.net\/portal\/wp-json\/wp\/v2\/media\/201778"}],"wp:attachment":[{"href":"https:\/\/www.eldiario.net\/portal\/wp-json\/wp\/v2\/media?parent=201783"}],"wp:term":[{"taxonomy":"category","embeddable":true,"href":"https:\/\/www.eldiario.net\/portal\/wp-json\/wp\/v2\/categories?post=201783"},{"taxonomy":"post_tag","embeddable":true,"href":"https:\/\/www.eldiario.net\/portal\/wp-json\/wp\/v2\/tags?post=201783"}],"curies":[{"name":"wp","href":"https:\/\/api.w.org\/{rel}","templated":true}]}}